{"id":6644,"date":"2019-03-20T10:15:53","date_gmt":"2019-03-20T09:15:53","guid":{"rendered":"https:\/\/www.welovecycling.com\/sk\/?p=6644"},"modified":"2019-03-26T13:37:31","modified_gmt":"2019-03-26T12:37:31","slug":"10-prekvapujucich-faktov-o-cyklistike-ktore-zistite-az-ked-sa-stanete-profesionalom","status":"publish","type":"post","link":"https:\/\/www.welovecycling.com\/sk\/2019\/03\/20\/10-prekvapujucich-faktov-o-cyklistike-ktore-zistite-az-ked-sa-stanete-profesionalom\/","title":{"rendered":"10 prekvapuj\u00facich faktov o cyklistike, ktor\u00e9 zist\u00edte, a\u017e ke\u010f sa stanete profesion\u00e1lom"},"content":{"rendered":"<p><strong>Ozrejmil n\u00e1m to b\u00fdval\u00fd \u010desk\u00fd profesion\u00e1lny cyklista Michael Moure\u010dek, ktor\u00fd bol \u010dlenom nieko\u013ek\u00fdch talianskych t\u00edmov v dev\u00e4\u0165desiatych rokoch a skon\u010dil vo svojom dom\u00e1com t\u00edme Dukla Praha. Teraz je spolumajite\u013eom \u010deskej zna\u010dky Festka.<\/strong><!--more--><\/p>\n<h2><strong>1. Pravdepodobne sa to nestane<\/strong><\/h2>\n<p>Prv\u00e1 vec, ktor\u00e1 v\u00e1s najviac prekvap\u00ed, je to, \u017ee sa to asi nikdy nestane. <strong>Sp\u00f4sob, ako sa sta\u0165 profesion\u00e1lnym cyklistom nie je v\u00fdsledkom intern\u00e9ho rozhodnutia, ale sk\u00f4r s\u00fa\u010das\u0165ou riaden\u00fdch n\u00e1hod<\/strong>. Va\u0161a t\u00fa\u017eba a v\u00f4\u013ea by mohli ovplyvni\u0165 proces na za\u010diatku, no \u010doskoro by ste boli ohromen\u00ed, ak\u00e9 n\u00e1ro\u010dn\u00e9 to v\u0161etko m\u00f4\u017ee by\u0165. M\u00f4\u017eete by\u0165 neuverite\u013ene dobr\u00fd a vyhr\u00e1va\u0165 miestne preteky, ale posun\u00fa\u0165 sa na skuto\u010dn\u00fa profesion\u00e1lnu \u00farove\u0148 je nam\u00e1hav\u00fd krok, ktor\u00fd by v\u00e1m potvrdil ka\u017ed\u00fd profesion\u00e1l. Je to podobn\u00e9 svetu profesion\u00e1lnej hudby. M\u00f4\u017eete ma\u0165 skvel\u00fa a \u00faspe\u0161n\u00fa kapelu, ktor\u00e1 p\u00f4sob\u00ed skuto\u010dne profesion\u00e1lne, ale st\u00e1le existuje obrovsk\u00e1 a neprekonate\u013en\u00e1 bari\u00e9ra medzi vami a Metallicou.<\/p>\n<figure id=\"attachment_6645\" aria-describedby=\"caption-attachment-6645\" style=\"width: 1800px\" class=\"wp-caption alignnone\"><a href=\"https:\/\/d2p6e6u75xmxt8.cloudfront.net\/4\/2019\/03\/profimedia-0342797202jpg.jpg\"><img loading=\"lazy\" decoding=\"async\" class=\"wp-image-6645 size-full\" src=\"https:\/\/d2p6e6u75xmxt8.cloudfront.net\/4\/2019\/03\/profimedia-0342797202jpg.jpg\" alt=\"\" width=\"1800\" height=\"785\" \/><\/a><figcaption id=\"caption-attachment-6645\" class=\"wp-caption-text\">M\u00f4\u017eete by\u0165 neuverite\u013ene dobr\u00fd a vyhr\u00e1va\u0165 miestne preteky, ale posun\u00fa\u0165 sa na skuto\u010dn\u00fa profesion\u00e1lnu \u00farove\u0148 je nam\u00e1hav\u00fd krok, ktor\u00fd by v\u00e1m potvrdil ka\u017ed\u00fd profesion\u00e1l.\u00a0\u00a9 Profimedia<\/figcaption><\/figure>\n<h2><strong>2. Z\u00fafalo kr\u00e1tka \u017eivotnos\u0165<\/strong><\/h2>\n<p>Hne\u010f, ako sa pripoj\u00edte k profesion\u00e1lnemu t\u00edmu, budete prekvapen\u00ed, ako r\u00fdchlo vybledne va\u0161a kari\u00e9ra. <strong>V priemere sa cyklisti z\u00fa\u010dast\u0148uj\u00fa ve\u013ek\u00fdch pretekov vo veku 25 rokov, ale len m\u00e1lo z nich sa udr\u017e\u00ed na pretekoch po tridsiatke<\/strong>. To nie je spravodliv\u00e9 v porovnan\u00ed s in\u00fdmi profesiami. Napr\u00edklad Rolling Stones u\u017e vo svojom veku nemusia hr\u00e1va\u0165 tak \u010dasto, ale napriek tomu st\u00e1le robia svetov\u00e9 turn\u00e9. Cyklisti ako Erik Zabel, ktor\u00fd vyhral etapy vo svojej \u0161tyridsiatke, s\u00fa zriedkavou v\u00fdnimkou. Cyklistick\u00e1 kari\u00e9ra m\u00f4\u017ee by\u0165 porovn\u00e1van\u00e1 napr\u00edklad s kari\u00e9rou baletn\u00fdch tane\u010dn\u00edkov. Je to \u00fa\u017easn\u00e9, je to skvel\u00e9, ale ke\u010f opona padne na zem, ste hotov\u00ed.<\/p>\n<h2><strong>3. V\u00ed\u0165azstv\u00e1 s\u00fa zriedkav\u00e9<\/strong><\/h2>\n<p>Zatia\u013e, \u010do amat\u00e9ri pozeraj\u00fa na \u0161port len cez v\u00fdsledky, <strong>niektor\u00ed profesion\u00e1li s\u00fa platen\u00ed za in\u00e9 hodnoty<\/strong>. Viacer\u00ed z nich s\u00fa toti\u017e vyh\u013ead\u00e1van\u00ed a dobre platen\u00ed bez toho, aby vyhrali jedin\u00e9 ve\u013ek\u00e9 preteky po\u010das ich kari\u00e9ry. Maj\u00fa zveren\u00e9 \u0161pecifick\u00e9 \u00falohy v r\u00e1mci t\u00edmovej hierarchie, ako je podpora ostatn\u00fdch \u010dlenov t\u00edmu, v snahe z\u00edska\u0165 titul. Prirodzene, nie ka\u017ed\u00fd sa s t\u00fdm dok\u00e1\u017ee vyrovna\u0165, ale vo svete profesion\u00e1lnej cyklistiky sa toto spr\u00e1vanie pova\u017euje za norm\u00e1lne. Profesion\u00e1lov sa \u010dasto p\u00fdtaj\u00fa, \u010di si myslia, \u017ee titul patr\u00ed len t\u00fdm ostatn\u00fdm z t\u00edmu, ale v skuto\u010dnosti je toto s\u00fa\u010das\u0165ou ich pr\u00e1ce, ako kdeko\u013evek inde.<\/p>\n<figure id=\"attachment_6646\" aria-describedby=\"caption-attachment-6646\" style=\"width: 1250px\" class=\"wp-caption alignnone\"><a href=\"https:\/\/d2p6e6u75xmxt8.cloudfront.net\/4\/2019\/03\/profimedia-0342457855.jpg\"><img loading=\"lazy\" decoding=\"async\" class=\"size-full wp-image-6646\" src=\"https:\/\/d2p6e6u75xmxt8.cloudfront.net\/4\/2019\/03\/profimedia-0342457855.jpg\" alt=\"\" width=\"1250\" height=\"833\" \/><\/a><figcaption id=\"caption-attachment-6646\" class=\"wp-caption-text\">Cyklistick\u00e1 kari\u00e9ra m\u00f4\u017ee by\u0165 porovn\u00e1van\u00e1 napr\u00edklad s kari\u00e9rou baletn\u00fdch tane\u010dn\u00edkov. Je to \u00fa\u017easn\u00e9, je to skvel\u00e9, ale ke\u010f opona padne na zem, ste hotov\u00ed. \u00a9 Profimedia, Zuma Press &#8211; News<\/figcaption><\/figure>\n<h2><strong>4. Tr\u00e9ningy skon\u010dili<\/strong><\/h2>\n<p><strong>Profesion\u00e1lna cyklistika je u\u017e len pretekanie<\/strong>. U\u017e skr\u00e1tka nie je viac \u010das na tr\u00e9ningy. Zatia\u013e, \u010do atl\u00e9ti sa z\u00fa\u010dast\u0148uj\u00fa pribli\u017ene piatich v\u00fdznamn\u00fdch podujat\u00ed ro\u010dne, <strong>cyklisti m\u00f4\u017eu ma\u0165 v jednej sez\u00f3ne a\u017e 100 \u0161tartov<\/strong>. Tenisti s\u00fa trochu bli\u017e\u0161ie k tomuto druhu zamestnania, ale ke\u010f sa im nepodar\u00ed posun\u00fa\u0165 v rebr\u00ed\u010dku French Open, jednoducho si zbalia veci a id\u00fa domov. Cyklisti v\u0161ak musia bojova\u0165 v ka\u017edej f\u00e1ze od za\u010diatku do konca, \u010do m\u00f4\u017ee trva\u0165 aj nieko\u013eko t\u00fd\u017ed\u0148ov.<\/p>\n<h2><strong>5. Ste osamel\u00fd<\/strong><\/h2>\n<p>Nec\u00edtite sa doslova osamel\u00fd, preto\u017ee okolo v\u00e1s je ve\u013ea \u013eud\u00ed v ka\u017ed\u00fa hodinu d\u0148a, ale z\u00e1rove\u0148 sa m\u00f4\u017eete c\u00edti\u0165 zni\u010den\u00fd z toho, \u017ee dlho nevid\u00edte svoju rodinu. <strong>Cyklisti nemaj\u00fa \u010das stretn\u00fa\u0165 sa so svojimi bl\u00edzkymi po\u010das podujat\u00ed<\/strong> a preto je zvykom, \u017ee ich partneri ost\u00e1vaj\u00fa doma. Zatia\u013e, \u010do futbalisti m\u00f4\u017eu cestova\u0165 aj cez polovicu plan\u00e9ty, aby odohrali z\u00e1pas v Braz\u00edlii, v\u017edy sa za p\u00e1r dn\u00ed vr\u00e1tia k svojim milovan\u00fdm, teda okrem majstrovstiev sveta, ktor\u00e9 sa konaj\u00fa raz za dva roky. Ve\u013ek\u00e9 cyklistick\u00e9 preteky m\u00f4\u017eu trva\u0165 aj 21 dn\u00ed, \u010do je dos\u0165 dlh\u00e1 doba na vz\u00e1jomn\u00e9 odl\u00fa\u010denie.<\/p>\n<figure id=\"attachment_6647\" aria-describedby=\"caption-attachment-6647\" style=\"width: 1800px\" class=\"wp-caption alignnone\"><a href=\"https:\/\/d2p6e6u75xmxt8.cloudfront.net\/4\/2019\/03\/profimedia-0340369750jpg.jpg\"><img loading=\"lazy\" decoding=\"async\" class=\"size-full wp-image-6647\" src=\"https:\/\/d2p6e6u75xmxt8.cloudfront.net\/4\/2019\/03\/profimedia-0340369750jpg.jpg\" alt=\"\" width=\"1800\" height=\"785\" \/><\/a><figcaption id=\"caption-attachment-6647\" class=\"wp-caption-text\">Ve\u013ek\u00e9 cyklistick\u00e9 preteky m\u00f4\u017eu trva\u0165 aj 21 dn\u00ed, \u010do je dos\u0165 dlh\u00e1 doba na vz\u00e1jomn\u00e9 odl\u00fa\u010denie.\u00a0\u00a9 Profimedia<\/figcaption><\/figure>\n<h2><strong>6. Nedostanete peniaze adekv\u00e1tne vynalo\u017een\u00e9mu \u00fasiliu<\/strong><\/h2>\n<p>Napriek tomu, \u017ee profesion\u00e1lna cyklistika je skvelou sk\u00fasenos\u0165ou, po\u010das desiatok rokov sa narodilo len nieko\u013eko cyklistov, ktor\u00ed vyhrali tak\u00e9 preteky, ako s\u00fa napr\u00edklad Tour de France. \u0160ance s\u00fa tak n\u00edzke, ako keby ste sa chceli sta\u0165 druh\u00fdm Michaelom Jacksonom alebo Madonnou. Dokonca, aj ke\u010f sa v\u00e1m dar\u00ed dobre a dosiahnete sl\u00e1vu cyklistickej hviezdy, <strong>v\u00e1\u0161 plat je porovnate\u013en\u00fd s t\u00fdm, ktor\u00fd maj\u00fa tenisti hraj\u00faci v provin\u010dn\u00fdch turnajoch<\/strong>. Profesion\u00e1lni cyklisti m\u00f4\u017eu by\u0165 talentovan\u00ed a skvel\u00ed ako Madonna, ale st\u00e1le bud\u00fa platen\u00ed len ako opern\u00ed spev\u00e1ci. (Nehovor\u00edme o Bocellim alebo Pavarottim.)<\/p>\n<h2><strong>7. Mus\u00edte sa o seba stara\u0165<\/strong><\/h2>\n<p>Ke\u010f ste profesion\u00e1lny futbalista, ste zo v\u0161etk\u00fdch str\u00e1n obletovan\u00fd a dokonca, ke\u010f sa stanete prebyto\u010dn\u00fdm, v\u00e1\u0161 mana\u017e\u00e9r sa v\u00e1s e\u0161te mus\u00ed zbavi\u0165 za neuverite\u013en\u00fa sumu pe\u0148az\u00ed. Cyklistika nie je tento pr\u00edpad. <strong>Zvy\u010dajne dostanete zmluvu na dva roky a ak nespln\u00edte o\u010dak\u00e1vania, budete vyhoden\u00ed bez finan\u010dnej kompenz\u00e1cie.<\/strong><\/p>\n<figure id=\"attachment_6648\" aria-describedby=\"caption-attachment-6648\" style=\"width: 1375px\" class=\"wp-caption alignnone\"><a href=\"https:\/\/d2p6e6u75xmxt8.cloudfront.net\/4\/2019\/03\/cover1-1.jpg\"><img loading=\"lazy\" decoding=\"async\" class=\"wp-image-6648 size-full\" src=\"https:\/\/d2p6e6u75xmxt8.cloudfront.net\/4\/2019\/03\/cover1-1.jpg\" alt=\"\" width=\"1375\" height=\"600\" \/><\/a><figcaption id=\"caption-attachment-6648\" class=\"wp-caption-text\">\u0160portov\u00fd riadite\u013e cyklistick\u00e9ho t\u00edmu rozhodne a vy ste len vojak, ktor\u00fd sa bude riadi\u0165 jeho rozkazmi.<\/figcaption><\/figure>\n<h2><strong>8. Vy nerob\u00edte rozhodnutia<\/strong><\/h2>\n<p>K\u00fdm tenisov\u00ed hr\u00e1\u010di sa m\u00f4\u017eu rozhodn\u00fa\u0165, na ktor\u00fd turnaj p\u00f4jdu, alebo \u010di spravia zmluvu s Nike alebo Adidas, \u0161portov\u00fd riadite\u013e cyklistick\u00e9ho t\u00edmu rozhodne a vy ste len vojak, ktor\u00fd sa bude riadi\u0165 jeho rozkazmi.<\/p>\n<h2><strong>9. Pr\u00e1zdno, ke\u010f kari\u00e9ra skon\u010d\u00ed<\/strong><\/h2>\n<p><strong>Ke\u010f skon\u010d\u00edte, ste pre svet m\u0155tvy, aj keby ste patrili medzi t\u00fdch najlep\u0161\u00edch.<\/strong> V in\u00fdch \u0161portoch m\u00f4\u017eete z\u00edska\u0165 pr\u00e1cu ml\u00e1de\u017en\u00edckeho tr\u00e9nera, alebo stoli\u010dku v \u0161portovom v\u00fdbore, to v\u0161ak nie je pr\u00edpad cyklistiky. Na druhej strane je be\u017en\u00e9, \u017ee cyklisti robia \u00faspe\u0161n\u00fa kari\u00e9ru v \u00faplne inom druhu podnikania.<\/p>\n<figure id=\"attachment_6649\" aria-describedby=\"caption-attachment-6649\" style=\"width: 1600px\" class=\"wp-caption alignnone\"><a href=\"https:\/\/d2p6e6u75xmxt8.cloudfront.net\/4\/2019\/03\/841285_10200345879717474_295645156_o.jpg\"><img loading=\"lazy\" decoding=\"async\" class=\"size-full wp-image-6649\" src=\"https:\/\/d2p6e6u75xmxt8.cloudfront.net\/4\/2019\/03\/841285_10200345879717474_295645156_o.jpg\" alt=\"\" width=\"1600\" height=\"1195\" \/><\/a><figcaption id=\"caption-attachment-6649\" class=\"wp-caption-text\">Michael Moure\u010dek tvrdo pracuje pre Festka.<\/figcaption><\/figure>\n<h2><strong>10. Len nieko\u013ek\u00ed by \u013eutovali<\/strong><\/h2>\n<p>Po tom v\u0161etkom, \u010do bolo povedan\u00e9, <strong>je len m\u00e1lo t\u00fdch, ktor\u00ed by to \u013eutovali<\/strong>. V\u00e4\u010d\u0161ina b\u00fdval\u00fdch cyklistov by nikdy nemenila. By\u0165 v profesion\u00e1lnej cyklistike je ve\u013ek\u00e1 v\u00fdzva. Pre t\u00fdch, ktor\u00ed to vzdali, to bola n\u00e1dhern\u00e1 s\u00fa\u010das\u0165 \u017eivota. Jeden star\u00fd Talian mi toto povedal po\u010das pretekov, ke\u010f v\u0161ade naokolo spali \u013eudia ved\u013ea stanov popri ceste: <em>\u201eFan\u00fa\u0161ikovia sa nielen usmievaj\u00fa na cyklistov, oni im vzd\u00e1vaj\u00fa \u00factu. A to je rozdiel medzi cyklistikou a ostatn\u00fdmi \u0161portami. Zatia\u013e, \u010do po futbalovom z\u00e1pase je v\u017edy polovica \u013eud\u00ed, ktor\u00ed op\u00fa\u0161\u0165aj\u00fa \u0161tadi\u00f3n s hnevom a slzami, tu je len rados\u0165 z jazdy na bicykli. Bez oh\u013eadu na \u0161t\u00e1tnu pr\u00edslu\u0161nos\u0165 alebo kam patr\u00ed t\u00edm, \u013eudia tlieskaj\u00fa ka\u017ed\u00e9mu. To neuvid\u00edte v \u017eiadnom inom \u0161porte.\u201c<\/em><\/p>\n","protected":false},"excerpt":{"rendered":"<p>Ozrejmil n\u00e1m to b\u00fdval\u00fd \u010desk\u00fd profesion\u00e1lny cyklista Michael Moure\u010dek, ktor\u00fd bol \u010dlenom nieko\u013ek\u00fdch talianskych t\u00edmov v dev\u00e4\u0165desiatych rokoch a skon\u010dil [&hellip;]<\/p>\n","protected":false},"author":38,"featured_media":6651,"comment_status":"open","ping_status":"open","sticky":false,"template":"","format":"standard","meta":{"footnotes":""},"categories":[4,118],"tags":[619,115,597,331,532,888,887,179,885,826,556,889,269,886,623,594,848],"global-categories":[],"class_list":["post-6644","post","type-post","status-publish","format-standard","has-post-thumbnail","hentry","category-cestna-cyklisitika","category-zabava","tag-bicyklovanie","tag-cestna-cyklistika","tag-cyklista","tag-etapove-preteky","tag-jazdenie","tag-peniaze","tag-plat","tag-preteky","tag-profesional","tag-radost","tag-tim","tag-utrpenie","tag-vitaz","tag-vitazstvo","tag-zdravy-zivotny-styl","tag-zivot","tag-zivotny-styl"],"yoast_head":"<!-- This site is optimized with the Yoast SEO Premium plugin v25.3 (Yoast SEO v25.9) - https:\/\/yoast.com\/wordpress\/plugins\/seo\/ -->\n<title>10 prekvapuj\u00facich faktov o cyklistike, ktor\u00e9 zist\u00edte, a\u017e ke\u010f sa stanete profesion\u00e1lom - \u0160koda We Love Cycling Slovensko<\/title>\n<meta name=\"robots\" content=\"index, follow, max-snippet:-1, max-image-preview:large, max-video-preview:-1\" \/>\n<link rel=\"canonical\" href=\"https:\/\/www.welovecycling.com\/sk\/2019\/03\/20\/10-prekvapujucich-faktov-o-cyklistike-ktore-zistite-az-ked-sa-stanete-profesionalom\/\" \/>\n<meta property=\"og:locale\" content=\"sk_SK\" \/>\n<meta property=\"og:type\" content=\"article\" \/>\n<meta property=\"og:title\" content=\"10 prekvapuj\u00facich faktov o cyklistike, ktor\u00e9 zist\u00edte, a\u017e ke\u010f sa stanete profesion\u00e1lom\" \/>\n<meta property=\"og:description\" content=\"Ozrejmil n\u00e1m to b\u00fdval\u00fd \u010desk\u00fd profesion\u00e1lny cyklista Michael Moure\u010dek, ktor\u00fd bol \u010dlenom nieko\u013ek\u00fdch talianskych t\u00edmov v dev\u00e4\u0165desiatych rokoch a skon\u010dil [&hellip;]\" \/>\n<meta property=\"og:url\" content=\"https:\/\/www.welovecycling.com\/sk\/2019\/03\/20\/10-prekvapujucich-faktov-o-cyklistike-ktore-zistite-az-ked-sa-stanete-profesionalom\/\" \/>\n<meta property=\"og:site_name\" content=\"\u0160koda We Love Cycling Slovensko\" \/>\n<meta property=\"article:published_time\" content=\"2019-03-20T09:15:53+00:00\" \/>\n<meta property=\"article:modified_time\" content=\"2019-03-26T12:37:31+00:00\" \/>\n<meta property=\"og:image\" content=\"https:\/\/d2p6e6u75xmxt8.cloudfront.net\/4\/2019\/03\/pelotn-CVR-profimedia-0253849200.webp\" \/>\n\t<meta property=\"og:image:width\" content=\"1366\" \/>\n\t<meta property=\"og:image:height\" content=\"600\" \/>\n\t<meta property=\"og:image:type\" content=\"image\/webp\" \/>\n<meta name=\"author\" content=\"Ondrej Ga\u0161par\" \/>\n<meta name=\"twitter:card\" content=\"summary_large_image\" \/>\n<meta name=\"twitter:label1\" content=\"Written by\" \/>\n\t<meta name=\"twitter:data1\" content=\"Adam Marsal\" \/>\n\t<meta name=\"twitter:label2\" content=\"Est. reading time\" \/>\n\t<meta name=\"twitter:data2\" content=\"8\" \/>\n<script type=\"application\/ld+json\" class=\"yoast-schema-graph\">{\"@context\":\"https:\/\/schema.org\",\"@graph\":[{\"@type\":\"WebPage\",\"@id\":\"https:\/\/www.welovecycling.com\/sk\/2019\/03\/20\/10-prekvapujucich-faktov-o-cyklistike-ktore-zistite-az-ked-sa-stanete-profesionalom\/\",\"url\":\"https:\/\/www.welovecycling.com\/sk\/2019\/03\/20\/10-prekvapujucich-faktov-o-cyklistike-ktore-zistite-az-ked-sa-stanete-profesionalom\/\",\"name\":\"10 prekvapuj\u00facich faktov o cyklistike, ktor\u00e9 zist\u00edte, a\u017e ke\u010f sa stanete profesion\u00e1lom - \u0160koda We Love Cycling Slovensko\",\"isPartOf\":{\"@id\":\"https:\/\/www.welovecycling.com\/sk\/#website\"},\"primaryImageOfPage\":{\"@id\":\"https:\/\/www.welovecycling.com\/sk\/2019\/03\/20\/10-prekvapujucich-faktov-o-cyklistike-ktore-zistite-az-ked-sa-stanete-profesionalom\/#primaryimage\"},\"image\":{\"@id\":\"https:\/\/www.welovecycling.com\/sk\/2019\/03\/20\/10-prekvapujucich-faktov-o-cyklistike-ktore-zistite-az-ked-sa-stanete-profesionalom\/#primaryimage\"},\"thumbnailUrl\":\"https:\/\/d2p6e6u75xmxt8.cloudfront.net\/4\/2019\/03\/pelotn-CVR-profimedia-0253849200.webp\",\"datePublished\":\"2019-03-20T09:15:53+00:00\",\"dateModified\":\"2019-03-26T12:37:31+00:00\",\"author\":{\"@id\":\"https:\/\/www.welovecycling.com\/sk\/#\/schema\/person\/8ee09ba39b7e25b1870160aa5b3a89bc\"},\"breadcrumb\":{\"@id\":\"https:\/\/www.welovecycling.com\/sk\/2019\/03\/20\/10-prekvapujucich-faktov-o-cyklistike-ktore-zistite-az-ked-sa-stanete-profesionalom\/#breadcrumb\"},\"inLanguage\":\"sk-SK\",\"potentialAction\":[{\"@type\":\"ReadAction\",\"target\":[\"https:\/\/www.welovecycling.com\/sk\/2019\/03\/20\/10-prekvapujucich-faktov-o-cyklistike-ktore-zistite-az-ked-sa-stanete-profesionalom\/\"]}]},{\"@type\":\"ImageObject\",\"inLanguage\":\"sk-SK\",\"@id\":\"https:\/\/www.welovecycling.com\/sk\/2019\/03\/20\/10-prekvapujucich-faktov-o-cyklistike-ktore-zistite-az-ked-sa-stanete-profesionalom\/#primaryimage\",\"url\":\"https:\/\/d2p6e6u75xmxt8.cloudfront.net\/4\/2019\/03\/pelotn-CVR-profimedia-0253849200.webp\",\"contentUrl\":\"https:\/\/d2p6e6u75xmxt8.cloudfront.net\/4\/2019\/03\/pelotn-CVR-profimedia-0253849200.webp\",\"width\":1366,\"height\":600},{\"@type\":\"BreadcrumbList\",\"@id\":\"https:\/\/www.welovecycling.com\/sk\/2019\/03\/20\/10-prekvapujucich-faktov-o-cyklistike-ktore-zistite-az-ked-sa-stanete-profesionalom\/#breadcrumb\",\"itemListElement\":[{\"@type\":\"ListItem\",\"position\":1,\"name\":\"Home\",\"item\":\"https:\/\/www.welovecycling.com\/sk\/\"},{\"@type\":\"ListItem\",\"position\":2,\"name\":\"10 prekvapuj\u00facich faktov o cyklistike, ktor\u00e9 zist\u00edte, a\u017e ke\u010f sa stanete profesion\u00e1lom\"}]},{\"@type\":\"WebSite\",\"@id\":\"https:\/\/www.welovecycling.com\/sk\/#website\",\"url\":\"https:\/\/www.welovecycling.com\/sk\/\",\"name\":\"\u0160koda We Love Cycling Slovensko\",\"description\":\"\u0160koda We Love Cycling Slovensko je v\u00e1\u0161 ka\u017edodenn\u00fd zdroj noviniek a in\u0161pir\u00e1cie z sveta cyklistiky\",\"potentialAction\":[{\"@type\":\"SearchAction\",\"target\":{\"@type\":\"EntryPoint\",\"urlTemplate\":\"https:\/\/www.welovecycling.com\/sk\/?s={search_term_string}\"},\"query-input\":{\"@type\":\"PropertyValueSpecification\",\"valueRequired\":true,\"valueName\":\"search_term_string\"}}],\"inLanguage\":\"sk-SK\"},{\"@type\":\"Person\",\"@id\":\"https:\/\/www.welovecycling.com\/sk\/#\/schema\/person\/8ee09ba39b7e25b1870160aa5b3a89bc\",\"name\":\"Ondrej Ga\u0161par\",\"image\":{\"@type\":\"ImageObject\",\"inLanguage\":\"sk-SK\",\"@id\":\"https:\/\/www.welovecycling.com\/sk\/#\/schema\/person\/image\/\",\"url\":\"https:\/\/secure.gravatar.com\/avatar\/6126c9afb87b70da5abbb083ddbb21933da15f18f8ca7cb822aba0fb096a48f6?s=96&d=mm&r=g\",\"contentUrl\":\"https:\/\/secure.gravatar.com\/avatar\/6126c9afb87b70da5abbb083ddbb21933da15f18f8ca7cb822aba0fb096a48f6?s=96&d=mm&r=g\",\"caption\":\"Ondrej Ga\u0161par\"},\"url\":\"https:\/\/www.welovecycling.com\/sk\/author\/ondrejgaspar\/\"}]}<\/script>\n<!-- \/ Yoast SEO Premium plugin. -->","yoast_head_json":{"title":"10 prekvapuj\u00facich faktov o cyklistike, ktor\u00e9 zist\u00edte, a\u017e ke\u010f sa stanete profesion\u00e1lom - \u0160koda We Love Cycling Slovensko","robots":{"index":"index","follow":"follow","max-snippet":"max-snippet:-1","max-image-preview":"max-image-preview:large","max-video-preview":"max-video-preview:-1"},"canonical":"https:\/\/www.welovecycling.com\/sk\/2019\/03\/20\/10-prekvapujucich-faktov-o-cyklistike-ktore-zistite-az-ked-sa-stanete-profesionalom\/","og_locale":"sk_SK","og_type":"article","og_title":"10 prekvapuj\u00facich faktov o cyklistike, ktor\u00e9 zist\u00edte, a\u017e ke\u010f sa stanete profesion\u00e1lom","og_description":"Ozrejmil n\u00e1m to b\u00fdval\u00fd \u010desk\u00fd profesion\u00e1lny cyklista Michael Moure\u010dek, ktor\u00fd bol \u010dlenom nieko\u013ek\u00fdch talianskych t\u00edmov v dev\u00e4\u0165desiatych rokoch a skon\u010dil [&hellip;]","og_url":"https:\/\/www.welovecycling.com\/sk\/2019\/03\/20\/10-prekvapujucich-faktov-o-cyklistike-ktore-zistite-az-ked-sa-stanete-profesionalom\/","og_site_name":"\u0160koda We Love Cycling Slovensko","article_published_time":"2019-03-20T09:15:53+00:00","article_modified_time":"2019-03-26T12:37:31+00:00","og_image":[{"width":1366,"height":600,"url":"https:\/\/d2p6e6u75xmxt8.cloudfront.net\/4\/2019\/03\/pelotn-CVR-profimedia-0253849200.webp","type":"image\/webp"}],"author":"Ondrej Ga\u0161par","twitter_card":"summary_large_image","twitter_misc":{"Written by":"Adam Marsal","Est. reading time":"8"},"schema":{"@context":"https:\/\/schema.org","@graph":[{"@type":"WebPage","@id":"https:\/\/www.welovecycling.com\/sk\/2019\/03\/20\/10-prekvapujucich-faktov-o-cyklistike-ktore-zistite-az-ked-sa-stanete-profesionalom\/","url":"https:\/\/www.welovecycling.com\/sk\/2019\/03\/20\/10-prekvapujucich-faktov-o-cyklistike-ktore-zistite-az-ked-sa-stanete-profesionalom\/","name":"10 prekvapuj\u00facich faktov o cyklistike, ktor\u00e9 zist\u00edte, a\u017e ke\u010f sa stanete profesion\u00e1lom - \u0160koda We Love Cycling Slovensko","isPartOf":{"@id":"https:\/\/www.welovecycling.com\/sk\/#website"},"primaryImageOfPage":{"@id":"https:\/\/www.welovecycling.com\/sk\/2019\/03\/20\/10-prekvapujucich-faktov-o-cyklistike-ktore-zistite-az-ked-sa-stanete-profesionalom\/#primaryimage"},"image":{"@id":"https:\/\/www.welovecycling.com\/sk\/2019\/03\/20\/10-prekvapujucich-faktov-o-cyklistike-ktore-zistite-az-ked-sa-stanete-profesionalom\/#primaryimage"},"thumbnailUrl":"https:\/\/d2p6e6u75xmxt8.cloudfront.net\/4\/2019\/03\/pelotn-CVR-profimedia-0253849200.webp","datePublished":"2019-03-20T09:15:53+00:00","dateModified":"2019-03-26T12:37:31+00:00","author":{"@id":"https:\/\/www.welovecycling.com\/sk\/#\/schema\/person\/8ee09ba39b7e25b1870160aa5b3a89bc"},"breadcrumb":{"@id":"https:\/\/www.welovecycling.com\/sk\/2019\/03\/20\/10-prekvapujucich-faktov-o-cyklistike-ktore-zistite-az-ked-sa-stanete-profesionalom\/#breadcrumb"},"inLanguage":"sk-SK","potentialAction":[{"@type":"ReadAction","target":["https:\/\/www.welovecycling.com\/sk\/2019\/03\/20\/10-prekvapujucich-faktov-o-cyklistike-ktore-zistite-az-ked-sa-stanete-profesionalom\/"]}]},{"@type":"ImageObject","inLanguage":"sk-SK","@id":"https:\/\/www.welovecycling.com\/sk\/2019\/03\/20\/10-prekvapujucich-faktov-o-cyklistike-ktore-zistite-az-ked-sa-stanete-profesionalom\/#primaryimage","url":"https:\/\/d2p6e6u75xmxt8.cloudfront.net\/4\/2019\/03\/pelotn-CVR-profimedia-0253849200.webp","contentUrl":"https:\/\/d2p6e6u75xmxt8.cloudfront.net\/4\/2019\/03\/pelotn-CVR-profimedia-0253849200.webp","width":1366,"height":600},{"@type":"BreadcrumbList","@id":"https:\/\/www.welovecycling.com\/sk\/2019\/03\/20\/10-prekvapujucich-faktov-o-cyklistike-ktore-zistite-az-ked-sa-stanete-profesionalom\/#breadcrumb","itemListElement":[{"@type":"ListItem","position":1,"name":"Home","item":"https:\/\/www.welovecycling.com\/sk\/"},{"@type":"ListItem","position":2,"name":"10 prekvapuj\u00facich faktov o cyklistike, ktor\u00e9 zist\u00edte, a\u017e ke\u010f sa stanete profesion\u00e1lom"}]},{"@type":"WebSite","@id":"https:\/\/www.welovecycling.com\/sk\/#website","url":"https:\/\/www.welovecycling.com\/sk\/","name":"\u0160koda We Love Cycling Slovensko","description":"\u0160koda We Love Cycling Slovensko je v\u00e1\u0161 ka\u017edodenn\u00fd zdroj noviniek a in\u0161pir\u00e1cie z sveta cyklistiky","potentialAction":[{"@type":"SearchAction","target":{"@type":"EntryPoint","urlTemplate":"https:\/\/www.welovecycling.com\/sk\/?s={search_term_string}"},"query-input":{"@type":"PropertyValueSpecification","valueRequired":true,"valueName":"search_term_string"}}],"inLanguage":"sk-SK"},{"@type":"Person","@id":"https:\/\/www.welovecycling.com\/sk\/#\/schema\/person\/8ee09ba39b7e25b1870160aa5b3a89bc","name":"Ondrej Ga\u0161par","image":{"@type":"ImageObject","inLanguage":"sk-SK","@id":"https:\/\/www.welovecycling.com\/sk\/#\/schema\/person\/image\/","url":"https:\/\/secure.gravatar.com\/avatar\/6126c9afb87b70da5abbb083ddbb21933da15f18f8ca7cb822aba0fb096a48f6?s=96&d=mm&r=g","contentUrl":"https:\/\/secure.gravatar.com\/avatar\/6126c9afb87b70da5abbb083ddbb21933da15f18f8ca7cb822aba0fb096a48f6?s=96&d=mm&r=g","caption":"Ondrej Ga\u0161par"},"url":"https:\/\/www.welovecycling.com\/sk\/author\/ondrejgaspar\/"}]}},"_links":{"self":[{"href":"https:\/\/www.welovecycling.com\/sk\/wp-json\/wp\/v2\/posts\/6644","targetHints":{"allow":["GET"]}}],"collection":[{"href":"https:\/\/www.welovecycling.com\/sk\/wp-json\/wp\/v2\/posts"}],"about":[{"href":"https:\/\/www.welovecycling.com\/sk\/wp-json\/wp\/v2\/types\/post"}],"author":[{"embeddable":true,"href":"https:\/\/www.welovecycling.com\/sk\/wp-json\/wp\/v2\/users\/38"}],"replies":[{"embeddable":true,"href":"https:\/\/www.welovecycling.com\/sk\/wp-json\/wp\/v2\/comments?post=6644"}],"version-history":[{"count":2,"href":"https:\/\/www.welovecycling.com\/sk\/wp-json\/wp\/v2\/posts\/6644\/revisions"}],"predecessor-version":[{"id":6655,"href":"https:\/\/www.welovecycling.com\/sk\/wp-json\/wp\/v2\/posts\/6644\/revisions\/6655"}],"wp:featuredmedia":[{"embeddable":true,"href":"https:\/\/www.welovecycling.com\/sk\/wp-json\/wp\/v2\/media\/6651"}],"wp:attachment":[{"href":"https:\/\/www.welovecycling.com\/sk\/wp-json\/wp\/v2\/media?parent=6644"}],"wp:term":[{"taxonomy":"category","embeddable":true,"href":"https:\/\/www.welovecycling.com\/sk\/wp-json\/wp\/v2\/categories?post=6644"},{"taxonomy":"post_tag","embeddable":true,"href":"https:\/\/www.welovecycling.com\/sk\/wp-json\/wp\/v2\/tags?post=6644"},{"taxonomy":"global-categories","embeddable":true,"href":"https:\/\/www.welovecycling.com\/sk\/wp-json\/wp\/v2\/global-categories?post=6644"}],"curies":[{"name":"wp","href":"https:\/\/api.w.org\/{rel}","templated":true}]}}