{"id":6575,"date":"2019-03-14T09:28:01","date_gmt":"2019-03-14T08:28:01","guid":{"rendered":"https:\/\/www.welovecycling.com\/sk\/?p=6575"},"modified":"2019-03-13T11:57:37","modified_gmt":"2019-03-13T10:57:37","slug":"instagram-welovecycling-cyklisti-cyklistom","status":"publish","type":"post","link":"https:\/\/www.welovecycling.com\/sk\/2019\/03\/14\/instagram-welovecycling-cyklisti-cyklistom\/","title":{"rendered":"Instagram WeLoveCycling &#8211; cyklisti cyklistom"},"content":{"rendered":"<p><strong>Instagram sa st\u00e1va \u010doraz popul\u00e1rnej\u0161\u00ed najm\u00e4 v\u010faka svojej jednoduchosti. Je to aplik\u00e1cia, ktor\u00e1 umo\u017e\u0148uje uverej\u0148ova\u0165 \u010di zdie\u013ea\u0165 fotografie a netreba k nim p\u00edsa\u0165 \u017eiadne dlh\u00e9 a zlo\u017eit\u00e9 texty. Sta\u010d\u00ed k tomu ak\u00fdko\u013evek trochu \u0161ikovnej\u0161\u00ed telef\u00f3n s fotoapar\u00e1tom a zauj\u00edmav\u00fd objekt na odfotenie.<\/strong><!--more--><\/p>\n<p>https:\/\/www.instagram.com\/p\/BuqlzlKg2qA\/<\/p>\n<p>To je pr\u00e1ve to, \u010do n\u00e1s na tom bav\u00ed, preto\u017ee <strong>chceme zdie\u013ea\u0165 fotky a momenty, kedy sa c\u00edtime \u0161\u0165astn\u00ed<\/strong>, a to sa v na\u0161om pr\u00edpade deje pr\u00e1ve vtedy, ke\u010f sme na bicykli, vietor n\u00e1m f\u00faka do vlasov a pred nami je \u0161\u00edra krajina. Doslova c\u00edtime slobodu, ako tak let\u00edme do dia\u013eky a pr\u00e1ve toto s\u00fa chv\u00edle, o ktor\u00e9 sa radi podel\u00edme s ostatn\u00fdmi.<\/p>\n<p>https:\/\/www.instagram.com\/p\/BrxiFpAgqif\/<\/p>\n<p>Nie v\u017edy n\u00e1m v\u0161ak povinnosti dovolia sadn\u00fa\u0165 na bicykel a ob\u010das predsa treba z\u00e1js\u0165 pozrie\u0165 aj do pr\u00e1ce. Ale aj tam si n\u00e1jdeme chv\u00edle po\u010das prest\u00e1vky, ke\u010f sa potrebujeme odreagova\u0165. A \u010do si vo svojom \u0161ikovnom mobile n\u00e1jde zaryt\u00fd cyklista? No predsa znovu nie\u010do s tematikou dvoch kolies. Preto sa sna\u017e\u00edme pravidelne prin\u00e1\u0161a\u0165 zauj\u00edmav\u00fd obsah na na\u0161om Instagramovom \u00fa\u010dte <a href=\"https:\/\/www.instagram.com\/welovecycling.sk\/\">WeLoveCycling<\/a>.<\/p>\n<p>https:\/\/www.instagram.com\/p\/BuCC0dZgy2f\/<\/p>\n<p>N\u00e1jdete tam <strong>motiv\u00e1ciu<\/strong> na v\u00edkendov\u00fd v\u00fdlet, ale aj kr\u00e1tky poobedn\u00fd v\u00fdjazd, fotoreport\u00e1\u017e z pretekov \u010di marat\u00f3nu. A viete \u010do je na tom najlep\u0161ie? \u017de \u010dasto si tie tipy d\u00e1vaj\u00fa samotn\u00ed cyklisti &#8211; vy sami. Pokojne n\u00e1m aj ty po\u0161li fotku a pochv\u00e1\u013e sa pred ostatn\u00fdmi! M\u00f4\u017ee\u0161 uk\u00e1za\u0165 svoj bike \u010di v\u00ed\u0165azstv\u00e1, ktor\u00e9 si dosiahol na pretekoch. Alebo sa len jednoducho podeli\u0165 o svoju rados\u0165 z jazdenia. Sta\u010d\u00ed, ak svoje fotky a pr\u00edbehy ozna\u010d\u00ed\u0161 <strong>@welovecycling.sk<\/strong> alebo pou\u017eije\u0161 <strong>#welovecyclingsk<\/strong>.<\/p>\n<p>https:\/\/www.instagram.com\/p\/BsuvsCkAY-R\/<\/p>\n<p>Si fan\u00fa\u0161ikom Petra Sagana a chce\u0161 vedie\u0165, \u010do sa aktu\u00e1lne deje vo svete cyklistiky? Nemus\u00ed\u0161 si kupova\u0165 noviny, <strong>tu sa dozvie\u0161 v\u0161etky zauj\u00edmav\u00e9 udalosti<\/strong>. R\u00e1d s\u00fa\u0165a\u017e\u00ed\u0161? \u010cas od \u010dasu m\u00e1\u0161 mo\u017enos\u0165 <strong>zapoji\u0165 sa do s\u00fa\u0165a\u017ee<\/strong> a vyhra\u0165 \u0161tartovn\u00e9, dobr\u00fa knihu alebo nie\u010do praktick\u00e9 na svoj bicykel.<\/p>\n<p>https:\/\/www.instagram.com\/p\/Btgk7PdgsPl\/<\/p>\n<p>Heslo pre tento rok je jasn\u00e9: <strong>&#8222;Nez\u00e1le\u017e\u00ed na tom, kto si a na \u010dom jazd\u00ed\u0161&#8230; hlavne, \u017ee sa st\u00e1le pos\u00fava\u0161 vpred!&#8220;<\/strong><\/p>\n","protected":false},"excerpt":{"rendered":"<p>Instagram sa st\u00e1va \u010doraz popul\u00e1rnej\u0161\u00ed najm\u00e4 v\u010faka svojej jednoduchosti. Je to aplik\u00e1cia, ktor\u00e1 umo\u017e\u0148uje uverej\u0148ova\u0165 \u010di zdie\u013ea\u0165 fotografie a netreba [&hellip;]<\/p>\n","protected":false},"author":38,"featured_media":6581,"comment_status":"open","ping_status":"open","sticky":false,"template":"","format":"standard","meta":{"footnotes":""},"categories":[118],"tags":[543,619,884,855,856,89,882,580,532,679,767,881,542,72,883,318,880],"global-categories":[],"class_list":["post-6575","post","type-post","status-publish","format-standard","has-post-thumbnail","hentry","category-zabava","tag-aplikacia","tag-bicyklovanie","tag-ceny","tag-fotenie","tag-fotky","tag-fotogaleria","tag-hashtag","tag-instagram","tag-jazdenie","tag-mobil","tag-motivacia","tag-prispevok","tag-skoda","tag-sutaz","tag-uspech","tag-vyjazd","tag-welovecycling"],"yoast_head":"<!-- This site is optimized with the Yoast SEO Premium plugin v25.3 (Yoast SEO v25.9) - https:\/\/yoast.com\/wordpress\/plugins\/seo\/ -->\n<title>Instagram WeLoveCycling - cyklisti cyklistom - \u0160koda We Love Cycling Slovensko<\/title>\n<meta name=\"robots\" content=\"index, follow, max-snippet:-1, max-image-preview:large, max-video-preview:-1\" \/>\n<link rel=\"canonical\" href=\"https:\/\/www.welovecycling.com\/sk\/2019\/03\/14\/instagram-welovecycling-cyklisti-cyklistom\/\" \/>\n<meta property=\"og:locale\" content=\"sk_SK\" \/>\n<meta property=\"og:type\" content=\"article\" \/>\n<meta property=\"og:title\" content=\"Instagram WeLoveCycling - cyklisti cyklistom\" \/>\n<meta property=\"og:description\" content=\"Instagram sa st\u00e1va \u010doraz popul\u00e1rnej\u0161\u00ed najm\u00e4 v\u010faka svojej jednoduchosti. Je to aplik\u00e1cia, ktor\u00e1 umo\u017e\u0148uje uverej\u0148ova\u0165 \u010di zdie\u013ea\u0165 fotografie a netreba [&hellip;]\" \/>\n<meta property=\"og:url\" content=\"https:\/\/www.welovecycling.com\/sk\/2019\/03\/14\/instagram-welovecycling-cyklisti-cyklistom\/\" \/>\n<meta property=\"og:site_name\" content=\"\u0160koda We Love Cycling Slovensko\" \/>\n<meta property=\"article:published_time\" content=\"2019-03-14T08:28:01+00:00\" \/>\n<meta property=\"og:image\" content=\"https:\/\/d2p6e6u75xmxt8.cloudfront.net\/4\/2019\/03\/IMG_20181016_125330.webp\" \/>\n\t<meta property=\"og:image:width\" content=\"1380\" \/>\n\t<meta property=\"og:image:height\" content=\"600\" \/>\n\t<meta property=\"og:image:type\" content=\"image\/webp\" \/>\n<meta name=\"author\" content=\"Ondrej Ga\u0161par\" \/>\n<meta name=\"twitter:card\" content=\"summary_large_image\" \/>\n<meta name=\"twitter:label1\" content=\"Written by\" \/>\n\t<meta name=\"twitter:data1\" content=\"We Love Cycling\" \/>\n\t<meta name=\"twitter:label2\" content=\"Est. reading time\" \/>\n\t<meta name=\"twitter:data2\" content=\"3\" \/>\n<script type=\"application\/ld+json\" class=\"yoast-schema-graph\">{\"@context\":\"https:\/\/schema.org\",\"@graph\":[{\"@type\":\"WebPage\",\"@id\":\"https:\/\/www.welovecycling.com\/sk\/2019\/03\/14\/instagram-welovecycling-cyklisti-cyklistom\/\",\"url\":\"https:\/\/www.welovecycling.com\/sk\/2019\/03\/14\/instagram-welovecycling-cyklisti-cyklistom\/\",\"name\":\"Instagram WeLoveCycling - cyklisti cyklistom - \u0160koda We Love Cycling Slovensko\",\"isPartOf\":{\"@id\":\"https:\/\/www.welovecycling.com\/sk\/#website\"},\"primaryImageOfPage\":{\"@id\":\"https:\/\/www.welovecycling.com\/sk\/2019\/03\/14\/instagram-welovecycling-cyklisti-cyklistom\/#primaryimage\"},\"image\":{\"@id\":\"https:\/\/www.welovecycling.com\/sk\/2019\/03\/14\/instagram-welovecycling-cyklisti-cyklistom\/#primaryimage\"},\"thumbnailUrl\":\"https:\/\/d2p6e6u75xmxt8.cloudfront.net\/4\/2019\/03\/IMG_20181016_125330.webp\",\"datePublished\":\"2019-03-14T08:28:01+00:00\",\"author\":{\"@id\":\"https:\/\/www.welovecycling.com\/sk\/#\/schema\/person\/8ee09ba39b7e25b1870160aa5b3a89bc\"},\"breadcrumb\":{\"@id\":\"https:\/\/www.welovecycling.com\/sk\/2019\/03\/14\/instagram-welovecycling-cyklisti-cyklistom\/#breadcrumb\"},\"inLanguage\":\"sk-SK\",\"potentialAction\":[{\"@type\":\"ReadAction\",\"target\":[\"https:\/\/www.welovecycling.com\/sk\/2019\/03\/14\/instagram-welovecycling-cyklisti-cyklistom\/\"]}]},{\"@type\":\"ImageObject\",\"inLanguage\":\"sk-SK\",\"@id\":\"https:\/\/www.welovecycling.com\/sk\/2019\/03\/14\/instagram-welovecycling-cyklisti-cyklistom\/#primaryimage\",\"url\":\"https:\/\/d2p6e6u75xmxt8.cloudfront.net\/4\/2019\/03\/IMG_20181016_125330.webp\",\"contentUrl\":\"https:\/\/d2p6e6u75xmxt8.cloudfront.net\/4\/2019\/03\/IMG_20181016_125330.webp\",\"width\":1380,\"height\":600},{\"@type\":\"BreadcrumbList\",\"@id\":\"https:\/\/www.welovecycling.com\/sk\/2019\/03\/14\/instagram-welovecycling-cyklisti-cyklistom\/#breadcrumb\",\"itemListElement\":[{\"@type\":\"ListItem\",\"position\":1,\"name\":\"Home\",\"item\":\"https:\/\/www.welovecycling.com\/sk\/\"},{\"@type\":\"ListItem\",\"position\":2,\"name\":\"Instagram WeLoveCycling &#8211; cyklisti cyklistom\"}]},{\"@type\":\"WebSite\",\"@id\":\"https:\/\/www.welovecycling.com\/sk\/#website\",\"url\":\"https:\/\/www.welovecycling.com\/sk\/\",\"name\":\"\u0160koda We Love Cycling Slovensko\",\"description\":\"\u0160koda We Love Cycling Slovensko je v\u00e1\u0161 ka\u017edodenn\u00fd zdroj noviniek a in\u0161pir\u00e1cie z sveta cyklistiky\",\"potentialAction\":[{\"@type\":\"SearchAction\",\"target\":{\"@type\":\"EntryPoint\",\"urlTemplate\":\"https:\/\/www.welovecycling.com\/sk\/?s={search_term_string}\"},\"query-input\":{\"@type\":\"PropertyValueSpecification\",\"valueRequired\":true,\"valueName\":\"search_term_string\"}}],\"inLanguage\":\"sk-SK\"},{\"@type\":\"Person\",\"@id\":\"https:\/\/www.welovecycling.com\/sk\/#\/schema\/person\/8ee09ba39b7e25b1870160aa5b3a89bc\",\"name\":\"Ondrej Ga\u0161par\",\"image\":{\"@type\":\"ImageObject\",\"inLanguage\":\"sk-SK\",\"@id\":\"https:\/\/www.welovecycling.com\/sk\/#\/schema\/person\/image\/\",\"url\":\"https:\/\/secure.gravatar.com\/avatar\/6126c9afb87b70da5abbb083ddbb21933da15f18f8ca7cb822aba0fb096a48f6?s=96&d=mm&r=g\",\"contentUrl\":\"https:\/\/secure.gravatar.com\/avatar\/6126c9afb87b70da5abbb083ddbb21933da15f18f8ca7cb822aba0fb096a48f6?s=96&d=mm&r=g\",\"caption\":\"Ondrej Ga\u0161par\"},\"url\":\"https:\/\/www.welovecycling.com\/sk\/author\/ondrejgaspar\/\"}]}<\/script>\n<!-- \/ Yoast SEO Premium plugin. -->","yoast_head_json":{"title":"Instagram WeLoveCycling - cyklisti cyklistom - \u0160koda We Love Cycling Slovensko","robots":{"index":"index","follow":"follow","max-snippet":"max-snippet:-1","max-image-preview":"max-image-preview:large","max-video-preview":"max-video-preview:-1"},"canonical":"https:\/\/www.welovecycling.com\/sk\/2019\/03\/14\/instagram-welovecycling-cyklisti-cyklistom\/","og_locale":"sk_SK","og_type":"article","og_title":"Instagram WeLoveCycling - cyklisti cyklistom","og_description":"Instagram sa st\u00e1va \u010doraz popul\u00e1rnej\u0161\u00ed najm\u00e4 v\u010faka svojej jednoduchosti. Je to aplik\u00e1cia, ktor\u00e1 umo\u017e\u0148uje uverej\u0148ova\u0165 \u010di zdie\u013ea\u0165 fotografie a netreba [&hellip;]","og_url":"https:\/\/www.welovecycling.com\/sk\/2019\/03\/14\/instagram-welovecycling-cyklisti-cyklistom\/","og_site_name":"\u0160koda We Love Cycling Slovensko","article_published_time":"2019-03-14T08:28:01+00:00","og_image":[{"width":1380,"height":600,"url":"https:\/\/d2p6e6u75xmxt8.cloudfront.net\/4\/2019\/03\/IMG_20181016_125330.webp","type":"image\/webp"}],"author":"Ondrej Ga\u0161par","twitter_card":"summary_large_image","twitter_misc":{"Written by":"We Love Cycling","Est. reading time":"3"},"schema":{"@context":"https:\/\/schema.org","@graph":[{"@type":"WebPage","@id":"https:\/\/www.welovecycling.com\/sk\/2019\/03\/14\/instagram-welovecycling-cyklisti-cyklistom\/","url":"https:\/\/www.welovecycling.com\/sk\/2019\/03\/14\/instagram-welovecycling-cyklisti-cyklistom\/","name":"Instagram WeLoveCycling - cyklisti cyklistom - \u0160koda We Love Cycling Slovensko","isPartOf":{"@id":"https:\/\/www.welovecycling.com\/sk\/#website"},"primaryImageOfPage":{"@id":"https:\/\/www.welovecycling.com\/sk\/2019\/03\/14\/instagram-welovecycling-cyklisti-cyklistom\/#primaryimage"},"image":{"@id":"https:\/\/www.welovecycling.com\/sk\/2019\/03\/14\/instagram-welovecycling-cyklisti-cyklistom\/#primaryimage"},"thumbnailUrl":"https:\/\/d2p6e6u75xmxt8.cloudfront.net\/4\/2019\/03\/IMG_20181016_125330.webp","datePublished":"2019-03-14T08:28:01+00:00","author":{"@id":"https:\/\/www.welovecycling.com\/sk\/#\/schema\/person\/8ee09ba39b7e25b1870160aa5b3a89bc"},"breadcrumb":{"@id":"https:\/\/www.welovecycling.com\/sk\/2019\/03\/14\/instagram-welovecycling-cyklisti-cyklistom\/#breadcrumb"},"inLanguage":"sk-SK","potentialAction":[{"@type":"ReadAction","target":["https:\/\/www.welovecycling.com\/sk\/2019\/03\/14\/instagram-welovecycling-cyklisti-cyklistom\/"]}]},{"@type":"ImageObject","inLanguage":"sk-SK","@id":"https:\/\/www.welovecycling.com\/sk\/2019\/03\/14\/instagram-welovecycling-cyklisti-cyklistom\/#primaryimage","url":"https:\/\/d2p6e6u75xmxt8.cloudfront.net\/4\/2019\/03\/IMG_20181016_125330.webp","contentUrl":"https:\/\/d2p6e6u75xmxt8.cloudfront.net\/4\/2019\/03\/IMG_20181016_125330.webp","width":1380,"height":600},{"@type":"BreadcrumbList","@id":"https:\/\/www.welovecycling.com\/sk\/2019\/03\/14\/instagram-welovecycling-cyklisti-cyklistom\/#breadcrumb","itemListElement":[{"@type":"ListItem","position":1,"name":"Home","item":"https:\/\/www.welovecycling.com\/sk\/"},{"@type":"ListItem","position":2,"name":"Instagram WeLoveCycling &#8211; cyklisti cyklistom"}]},{"@type":"WebSite","@id":"https:\/\/www.welovecycling.com\/sk\/#website","url":"https:\/\/www.welovecycling.com\/sk\/","name":"\u0160koda We Love Cycling Slovensko","description":"\u0160koda We Love Cycling Slovensko je v\u00e1\u0161 ka\u017edodenn\u00fd zdroj noviniek a in\u0161pir\u00e1cie z sveta cyklistiky","potentialAction":[{"@type":"SearchAction","target":{"@type":"EntryPoint","urlTemplate":"https:\/\/www.welovecycling.com\/sk\/?s={search_term_string}"},"query-input":{"@type":"PropertyValueSpecification","valueRequired":true,"valueName":"search_term_string"}}],"inLanguage":"sk-SK"},{"@type":"Person","@id":"https:\/\/www.welovecycling.com\/sk\/#\/schema\/person\/8ee09ba39b7e25b1870160aa5b3a89bc","name":"Ondrej Ga\u0161par","image":{"@type":"ImageObject","inLanguage":"sk-SK","@id":"https:\/\/www.welovecycling.com\/sk\/#\/schema\/person\/image\/","url":"https:\/\/secure.gravatar.com\/avatar\/6126c9afb87b70da5abbb083ddbb21933da15f18f8ca7cb822aba0fb096a48f6?s=96&d=mm&r=g","contentUrl":"https:\/\/secure.gravatar.com\/avatar\/6126c9afb87b70da5abbb083ddbb21933da15f18f8ca7cb822aba0fb096a48f6?s=96&d=mm&r=g","caption":"Ondrej Ga\u0161par"},"url":"https:\/\/www.welovecycling.com\/sk\/author\/ondrejgaspar\/"}]}},"_links":{"self":[{"href":"https:\/\/www.welovecycling.com\/sk\/wp-json\/wp\/v2\/posts\/6575","targetHints":{"allow":["GET"]}}],"collection":[{"href":"https:\/\/www.welovecycling.com\/sk\/wp-json\/wp\/v2\/posts"}],"about":[{"href":"https:\/\/www.welovecycling.com\/sk\/wp-json\/wp\/v2\/types\/post"}],"author":[{"embeddable":true,"href":"https:\/\/www.welovecycling.com\/sk\/wp-json\/wp\/v2\/users\/38"}],"replies":[{"embeddable":true,"href":"https:\/\/www.welovecycling.com\/sk\/wp-json\/wp\/v2\/comments?post=6575"}],"version-history":[{"count":2,"href":"https:\/\/www.welovecycling.com\/sk\/wp-json\/wp\/v2\/posts\/6575\/revisions"}],"predecessor-version":[{"id":6585,"href":"https:\/\/www.welovecycling.com\/sk\/wp-json\/wp\/v2\/posts\/6575\/revisions\/6585"}],"wp:featuredmedia":[{"embeddable":true,"href":"https:\/\/www.welovecycling.com\/sk\/wp-json\/wp\/v2\/media\/6581"}],"wp:attachment":[{"href":"https:\/\/www.welovecycling.com\/sk\/wp-json\/wp\/v2\/media?parent=6575"}],"wp:term":[{"taxonomy":"category","embeddable":true,"href":"https:\/\/www.welovecycling.com\/sk\/wp-json\/wp\/v2\/categories?post=6575"},{"taxonomy":"post_tag","embeddable":true,"href":"https:\/\/www.welovecycling.com\/sk\/wp-json\/wp\/v2\/tags?post=6575"},{"taxonomy":"global-categories","embeddable":true,"href":"https:\/\/www.welovecycling.com\/sk\/wp-json\/wp\/v2\/global-categories?post=6575"}],"curies":[{"name":"wp","href":"https:\/\/api.w.org\/{rel}","templated":true}]}}