{"id":6446,"date":"2019-03-07T11:30:57","date_gmt":"2019-03-07T10:30:57","guid":{"rendered":"https:\/\/www.welovecycling.com\/sk\/?p=6446"},"modified":"2019-03-08T10:12:21","modified_gmt":"2019-03-08T09:12:21","slug":"skoda-bike-open-tour-2019-pripravte-sa-na-novinky","status":"publish","type":"post","link":"https:\/\/www.welovecycling.com\/sk\/2019\/03\/07\/skoda-bike-open-tour-2019-pripravte-sa-na-novinky\/","title":{"rendered":"\u0160koda BIKE OPEN TOUR 2019 &#8211; pripravte sa na novinky"},"content":{"rendered":"<p><strong>Najv\u00e4\u010d\u0161ia s\u00e9ria horsk\u00fdch marat\u00f3nov na Slovensku vstupuje do svojej \u0161iestej sez\u00f3ny. V tomto roku sme si pripravili zauj\u00edmav\u00e9 novinky, a to nielen pre s\u00fa\u0165a\u017eiacich. \u010co v\u0161ak ost\u00e1va, je \u010dist\u00e1 rados\u0165 z pretekania a d\u00f4vod si zas\u00fa\u0165a\u017ei\u0165 s ostatn\u00fdmi bikermi.<\/strong><!--more--><\/p>\n<p>\u0160koda BIKE OPEN TOUR v\u00edta ka\u017ed\u00e9ho jedn\u00e9ho cyklistu, \u010di u\u017e to je \u201ehob\u00edk\u201c, profesion\u00e1l, amat\u00e9r. Tieto kateg\u00f3rie s\u00fa k tomu diferencovan\u00e9 tak, aby pon\u00fakli mo\u017enos\u0165 zapoji\u0165 sa naozaj v\u0161etk\u00fdm pod\u013ea vekov\u00e9ho a v\u00fdkonnostn\u00e9ho levelu.<\/p>\n<p><a href=\"https:\/\/d2p6e6u75xmxt8.cloudfront.net\/4\/2019\/03\/01.jpg\"><img loading=\"lazy\" decoding=\"async\" class=\"alignnone size-full wp-image-6448\" src=\"https:\/\/d2p6e6u75xmxt8.cloudfront.net\/4\/2019\/03\/01.jpg\" alt=\"\" width=\"1200\" height=\"800\" \/><\/a><\/p>\n<h2><strong>Novinky v roku 2019<\/strong><\/h2>\n<p>Ako sme u\u017e spom\u00ednali, roz\u0161\u00edrili sa kateg\u00f3rie a medzi nimi pribudne jedna \u0161peci\u00e1lna &#8211; <strong>\u0160koda Family<\/strong>, ktor\u00e1 je ur\u010den\u00e1 <strong>pre rodinn\u00e9 t\u00edmy s de\u0165mi<\/strong>. Je to skvel\u00e1 pr\u00edle\u017eitos\u0165 motivova\u0165 rodi\u010dov, aby spolu so svojimi ratoles\u0165ami str\u00e1vili v\u00edkend na \u010derstvom vzduchu a nechali ich ochutna\u0165 atmosf\u00e9ru MTB pretekov. Deti bud\u00fa ma\u0165 svoje \u0161tartovn\u00e9 \u010d\u00edsla, na \u0161tarte a po\u010das d\u0148a bud\u00fa pripraven\u00e9 profesion\u00e1lne podmienky a navy\u0161e m\u00f4\u017eu vyhra\u0165 pekn\u00e9 ceny. Pri v\u0161etk\u00fdch \u010dastiach tejto s\u00e9rie nebude ch\u00fdba\u0165 mno\u017estvo sprievodn\u00fdch akci\u00ed, s\u00fa\u0165a\u017e\u00ed a program pre cel\u00e9 rodiny. \u010cak\u00e1 ich kreat\u00edvna a z\u00e1bavn\u00e1 z\u00f3na s mno\u017estvom anim\u00e1torov, nafukovac\u00edch hradov \u010di s detskou cyklo\u0161tafetou.<\/p>\n<div data-rows=\"1\" id='gallery-1' class='gallery-rows-1 gallery galleryid-6446 gallery-columns-2 gallery-size-full'><figure class='gallery-item'>\n\t\t\t<div class='gallery-icon landscape'>\n\t\t\t\t<a href='https:\/\/d2p6e6u75xmxt8.cloudfront.net\/4\/2018\/06\/01-1.webp'><img loading=\"lazy\" decoding=\"async\" width=\"1200\" height=\"800\" src=\"https:\/\/d2p6e6u75xmxt8.cloudfront.net\/4\/2018\/06\/01-1.webp\" class=\"attachment-full size-full\" alt=\"\" srcset=\"https:\/\/d2p6e6u75xmxt8.cloudfront.net\/4\/2018\/06\/01-1.webp 1200w, https:\/\/d2p6e6u75xmxt8.cloudfront.net\/4\/2018\/06\/01-1-300x200.webp 300w, https:\/\/d2p6e6u75xmxt8.cloudfront.net\/4\/2018\/06\/01-1-1024x683.webp 1024w, https:\/\/d2p6e6u75xmxt8.cloudfront.net\/4\/2018\/06\/01-1-768x512.webp 768w, https:\/\/d2p6e6u75xmxt8.cloudfront.net\/4\/2018\/06\/01-1-272x182.webp 272w\" sizes=\"auto, (max-width: 1200px) 100vw, 1200px\" \/><\/a>\n\t\t\t<\/div><\/figure><figure class='gallery-item'>\n\t\t\t<div class='gallery-icon landscape'>\n\t\t\t\t<a href='https:\/\/d2p6e6u75xmxt8.cloudfront.net\/4\/2018\/08\/IMG_0469.webp'><img loading=\"lazy\" decoding=\"async\" width=\"1200\" height=\"800\" src=\"https:\/\/d2p6e6u75xmxt8.cloudfront.net\/4\/2018\/08\/IMG_0469.webp\" class=\"attachment-full size-full\" alt=\"\" srcset=\"https:\/\/d2p6e6u75xmxt8.cloudfront.net\/4\/2018\/08\/IMG_0469.webp 1200w, https:\/\/d2p6e6u75xmxt8.cloudfront.net\/4\/2018\/08\/IMG_0469-300x200.webp 300w, https:\/\/d2p6e6u75xmxt8.cloudfront.net\/4\/2018\/08\/IMG_0469-1024x683.webp 1024w, https:\/\/d2p6e6u75xmxt8.cloudfront.net\/4\/2018\/08\/IMG_0469-768x512.webp 768w, https:\/\/d2p6e6u75xmxt8.cloudfront.net\/4\/2018\/08\/IMG_0469-272x182.webp 272w\" sizes=\"auto, (max-width: 1200px) 100vw, 1200px\" \/><\/a>\n\t\t\t<\/div><\/figure><figure class='gallery-item'>\n\t\t\t<div class='gallery-icon landscape'>\n\t\t\t\t<a href='https:\/\/d2p6e6u75xmxt8.cloudfront.net\/4\/2018\/06\/04-2.webp'><img loading=\"lazy\" decoding=\"async\" width=\"1200\" height=\"800\" src=\"https:\/\/d2p6e6u75xmxt8.cloudfront.net\/4\/2018\/06\/04-2.webp\" class=\"attachment-full size-full\" alt=\"\" srcset=\"https:\/\/d2p6e6u75xmxt8.cloudfront.net\/4\/2018\/06\/04-2.webp 1200w, https:\/\/d2p6e6u75xmxt8.cloudfront.net\/4\/2018\/06\/04-2-300x200.webp 300w, https:\/\/d2p6e6u75xmxt8.cloudfront.net\/4\/2018\/06\/04-2-1024x683.webp 1024w, https:\/\/d2p6e6u75xmxt8.cloudfront.net\/4\/2018\/06\/04-2-768x512.webp 768w, https:\/\/d2p6e6u75xmxt8.cloudfront.net\/4\/2018\/06\/04-2-272x182.webp 272w\" sizes=\"auto, (max-width: 1200px) 100vw, 1200px\" \/><\/a>\n\t\t\t<\/div><\/figure><figure class='gallery-item'>\n\t\t\t<div class='gallery-icon landscape'>\n\t\t\t\t<a href='https:\/\/d2p6e6u75xmxt8.cloudfront.net\/4\/2018\/06\/09.webp'><img loading=\"lazy\" decoding=\"async\" width=\"1200\" height=\"800\" src=\"https:\/\/d2p6e6u75xmxt8.cloudfront.net\/4\/2018\/06\/09.webp\" class=\"attachment-full size-full\" alt=\"\" srcset=\"https:\/\/d2p6e6u75xmxt8.cloudfront.net\/4\/2018\/06\/09.webp 1200w, https:\/\/d2p6e6u75xmxt8.cloudfront.net\/4\/2018\/06\/09-300x200.webp 300w, https:\/\/d2p6e6u75xmxt8.cloudfront.net\/4\/2018\/06\/09-1024x683.webp 1024w, https:\/\/d2p6e6u75xmxt8.cloudfront.net\/4\/2018\/06\/09-768x512.webp 768w, https:\/\/d2p6e6u75xmxt8.cloudfront.net\/4\/2018\/06\/09-272x182.webp 272w\" sizes=\"auto, (max-width: 1200px) 100vw, 1200px\" \/><\/a>\n\t\t\t<\/div><\/figure><figure class='gallery-item'>\n\t\t\t<div class='gallery-icon landscape'>\n\t\t\t\t<a href='https:\/\/d2p6e6u75xmxt8.cloudfront.net\/4\/2018\/08\/IMG_089811.webp'><img loading=\"lazy\" decoding=\"async\" width=\"1200\" height=\"800\" src=\"https:\/\/d2p6e6u75xmxt8.cloudfront.net\/4\/2018\/08\/IMG_089811.webp\" class=\"attachment-full size-full\" alt=\"\" srcset=\"https:\/\/d2p6e6u75xmxt8.cloudfront.net\/4\/2018\/08\/IMG_089811.webp 1200w, https:\/\/d2p6e6u75xmxt8.cloudfront.net\/4\/2018\/08\/IMG_089811-300x200.webp 300w, https:\/\/d2p6e6u75xmxt8.cloudfront.net\/4\/2018\/08\/IMG_089811-1024x683.webp 1024w, https:\/\/d2p6e6u75xmxt8.cloudfront.net\/4\/2018\/08\/IMG_089811-768x512.webp 768w, https:\/\/d2p6e6u75xmxt8.cloudfront.net\/4\/2018\/08\/IMG_089811-272x182.webp 272w\" sizes=\"auto, (max-width: 1200px) 100vw, 1200px\" \/><\/a>\n\t\t\t<\/div><\/figure><figure class='gallery-item'>\n\t\t\t<div class='gallery-icon landscape'>\n\t\t\t\t<a href='https:\/\/d2p6e6u75xmxt8.cloudfront.net\/4\/2018\/06\/07.webp'><img loading=\"lazy\" decoding=\"async\" width=\"1200\" height=\"800\" src=\"https:\/\/d2p6e6u75xmxt8.cloudfront.net\/4\/2018\/06\/07.webp\" class=\"attachment-full size-full\" alt=\"\" srcset=\"https:\/\/d2p6e6u75xmxt8.cloudfront.net\/4\/2018\/06\/07.webp 1200w, https:\/\/d2p6e6u75xmxt8.cloudfront.net\/4\/2018\/06\/07-300x200.webp 300w, https:\/\/d2p6e6u75xmxt8.cloudfront.net\/4\/2018\/06\/07-1024x683.webp 1024w, https:\/\/d2p6e6u75xmxt8.cloudfront.net\/4\/2018\/06\/07-768x512.webp 768w, https:\/\/d2p6e6u75xmxt8.cloudfront.net\/4\/2018\/06\/07-272x182.webp 272w\" sizes=\"auto, (max-width: 1200px) 100vw, 1200px\" \/><\/a>\n\t\t\t<\/div><\/figure><figure class='gallery-item'>\n\t\t\t<div class='gallery-icon landscape'>\n\t\t\t\t<a href='https:\/\/d2p6e6u75xmxt8.cloudfront.net\/4\/2018\/08\/09.JPG.webp'><img loading=\"lazy\" decoding=\"async\" width=\"1200\" height=\"800\" src=\"https:\/\/d2p6e6u75xmxt8.cloudfront.net\/4\/2018\/08\/09.JPG.webp\" class=\"attachment-full size-full\" alt=\"\" srcset=\"https:\/\/d2p6e6u75xmxt8.cloudfront.net\/4\/2018\/08\/09.JPG.webp 1200w, https:\/\/d2p6e6u75xmxt8.cloudfront.net\/4\/2018\/08\/09.JPG-300x200.webp 300w, https:\/\/d2p6e6u75xmxt8.cloudfront.net\/4\/2018\/08\/09.JPG-1024x683.webp 1024w, https:\/\/d2p6e6u75xmxt8.cloudfront.net\/4\/2018\/08\/09.JPG-768x512.webp 768w, https:\/\/d2p6e6u75xmxt8.cloudfront.net\/4\/2018\/08\/09.JPG-272x182.webp 272w\" sizes=\"auto, (max-width: 1200px) 100vw, 1200px\" \/><\/a>\n\t\t\t<\/div><\/figure><figure class='gallery-item'>\n\t\t\t<div class='gallery-icon landscape'>\n\t\t\t\t<a href='https:\/\/d2p6e6u75xmxt8.cloudfront.net\/4\/2018\/07\/10.webp'><img loading=\"lazy\" decoding=\"async\" width=\"1200\" height=\"800\" src=\"https:\/\/d2p6e6u75xmxt8.cloudfront.net\/4\/2018\/07\/10.webp\" class=\"attachment-full size-full\" alt=\"\" srcset=\"https:\/\/d2p6e6u75xmxt8.cloudfront.net\/4\/2018\/07\/10.webp 1200w, https:\/\/d2p6e6u75xmxt8.cloudfront.net\/4\/2018\/07\/10-300x200.webp 300w, https:\/\/d2p6e6u75xmxt8.cloudfront.net\/4\/2018\/07\/10-1024x683.webp 1024w, https:\/\/d2p6e6u75xmxt8.cloudfront.net\/4\/2018\/07\/10-768x512.webp 768w, https:\/\/d2p6e6u75xmxt8.cloudfront.net\/4\/2018\/07\/10-272x182.webp 272w\" sizes=\"auto, (max-width: 1200px) 100vw, 1200px\" \/><\/a>\n\t\t\t<\/div><\/figure>\n\t\t<\/div>\n        \n<p><strong>\u0160koda FABIA COMBI<\/strong> so skvelou v\u00fdbavou je pripraven\u00e1 ako <strong>hlavn\u00e1 v\u00fdhra<\/strong> pre t\u00fdch, ktor\u00ed sa z\u00fa\u010dastnia aspo\u0148 \u0161tyroch pretekov s\u00e9rie. Ak spln\u00edte t\u00fato podmienku, tak sa budete m\u00f4c\u0165 z\u00fa\u010dastni\u0165 \u017erebovania z\u00e1vere\u010dnej tomboly a svoj bike si odveziete domov u\u017e na novom aute. Hlavn\u00e1 cena bude vo v\u00fdbave ako stvorenej na \u010fal\u0161ie cyklistick\u00e9 v\u00fdlety.<\/p>\n<p><a href=\"https:\/\/d2p6e6u75xmxt8.cloudfront.net\/4\/2019\/03\/04.jpg\"><img loading=\"lazy\" decoding=\"async\" class=\"alignnone size-full wp-image-6451\" src=\"https:\/\/d2p6e6u75xmxt8.cloudfront.net\/4\/2019\/03\/04.jpg\" alt=\"\" width=\"1200\" height=\"800\" \/><\/a><\/p>\n<p>Zelen\u00e1 farba je farbou zna\u010dky \u0160koda. Zelen\u00fd pr\u00edstup si organiz\u00e1tori zvolili aj v pr\u00edstupe k pr\u00edrode. Mnoh\u00ed bikeri vyh\u013ead\u00e1vaj\u00fa dlh\u00e9 v\u00fdjazdy na bicykli hlavne kv\u00f4li tomu, \u017ee m\u00f4\u017eu tr\u00e1vi\u0165 svoj vo\u013en\u00fd \u010das mimo mesta. Od tohto roka sa bude pristupova\u0165 k \u017eivotn\u00e9mu prostrediu e\u0161te \u0161etrnej\u0161ie. Na marat\u00f3noch preto <strong>neh\u013eadajte plastov\u00e9 poh\u00e1re, pr\u00edbory, taniere, igelitov\u00e9 ta\u0161ky<\/strong>. Ak u\u017e si niekto nejak\u00fa \u201eumelinu\u201c prinesie so sebou, tak v\u0161ade bud\u00fa k dispoz\u00edcii <strong>recykla\u010dn\u00e9 n\u00e1doby<\/strong>. Toto potvrdzuje aj <strong>Jan Steyrer<\/strong>, ved\u00faci marketingu zo \u0160koda AUTO Slovensko: <em>\u201eSt\u00e1le plat\u00ed, \u017ee na\u0161e preteky pon\u00fakaj\u00fa mo\u017enos\u0165 s\u00fa\u0165a\u017ei\u0165 v kr\u00e1snej slovenskej pr\u00edrode, a preto sme oproti minul\u00fdm rokom e\u0161te spr\u00edsnili krit\u00e9ri\u00e1 na jej ochranu. Budeme \u0161etrn\u00ed k \u017eivotn\u00e9mu prostrediu a rozhodli sme sa, \u017ee plasty nahrad\u00edme ekologickej\u0161\u00edmi materi\u00e1lmi a pribudn\u00fa aj recykla\u010dn\u00e9 n\u00e1doby na odpad.\u201c<\/em><\/p>\n<p><a href=\"https:\/\/d2p6e6u75xmxt8.cloudfront.net\/4\/2019\/03\/05.jpg\"><img loading=\"lazy\" decoding=\"async\" class=\"alignnone size-full wp-image-6454\" src=\"https:\/\/d2p6e6u75xmxt8.cloudfront.net\/4\/2019\/03\/05.jpg\" alt=\"\" width=\"1200\" height=\"800\" \/><\/a><\/p>\n<h2><strong>Kalend\u00e1r podujat\u00ed \u0160BOT 2019<\/strong><\/h2>\n<p>Prv\u00fd a posledn\u00fd marat\u00f3n v programe ostali z minul\u00fdch ro\u010dn\u00edkov s\u00e9rie a pribudli <strong>3 nov\u00e9 podujatia<\/strong> &#8211; vo Vlkohrone, nach\u00e1dzaj\u00facom sa ne\u010faleko Banskej Bystrice, v Levo\u010dsk\u00fdch vrchoch a v okol\u00ed Rajeck\u00fdch Tepl\u00edc. Dokopy sa m\u00f4\u017eete te\u0161i\u0165 na 5 podujat\u00ed pod hlavi\u010dkou \u0160koda BIKE OPEN TOUR. Pozna\u010dte si u\u017e teraz tieto d\u00e1tumy, aby ste ni\u010d nepreme\u0161kali.<\/p>\n<div class=\"embed-controller-wrapper\">\n<div class=\"embed-wrapper\"><iframe title=\"\u0160KODA Sv\u00e4tojursk\u00fd MTB marat\u00f3n - Short Track\" width=\"500\" height=\"281\" data-src=\"https:\/\/www.youtube.com\/embed\/w4kI8lLUKRg?feature=oembed\" frameborder=\"0\" allow=\"accelerometer; autoplay; clipboard-write; encrypted-media; gyroscope; picture-in-picture; web-share\" referrerpolicy=\"strict-origin-when-cross-origin\" allowfullscreen><\/iframe><\/div>\n<\/div>\n<h3><strong>\u0160koda BIKE OPEN TOUR 2019<\/strong><\/h3>\n<p><strong>13. 4. 2019 \u0160koda Sv\u00e4tojursk\u00fd MTB marat\u00f3n<\/strong><br \/>\n\u2013 tradi\u010dn\u00e9 a r\u00fdchle preteky v bl\u00edzkosti hlavn\u00e9ho mesta ako stvoren\u00e9 na pozvo\u013en\u00fd \u0161tart sez\u00f3ny.<br \/>\n<strong>4. 5. 2019 \u0160koda Vlko Hron MTB<\/strong><br \/>\n\u2013 ne\u010faleko Banskej Bystrice sa na v\u00e1s chyst\u00e1 trasa \u201ehore-dole\u201c so z\u00e1zem\u00edm v z\u00e1mockom parku.<br \/>\n<strong>25. 5. 2019 \u0160koda MTB marat\u00f3n Levo\u010dsk\u00e9 vrchy \u2013 Levo\u010da<\/strong><br \/>\n\u2013 Dlh\u00e9 st\u00fapania s v\u00fdh\u013eadom na Tatry a vysokohorsk\u00e1 prir\u00e1\u017eka k tomu :-).<br \/>\n<strong>15. 6. 2019 \u0160koda MTB marat\u00f3n Rajeck\u00e9 Teplice<\/strong><br \/>\n\u2013 V polovici j\u00fana je v ponuke prostredie L\u00fa\u010danskej Malej Fatry s poriadne r\u00fdchlymi zjazdami.<br \/>\n<strong>10. 8. 2019 \u0160koda HORAL MTB marat\u00f3n<\/strong><br \/>\n\u2013 Tvrd\u00fd z\u00e1ver sez\u00f3ny s 132 kilometrami v N\u00edzkych Tatr\u00e1ch a s v\u00fdstupom na Kr\u00e1\u013eovu ho\u013eu.<\/p>\n<p>&nbsp;<\/p>\n<p><a href=\"https:\/\/d2p6e6u75xmxt8.cloudfront.net\/4\/2018\/08\/02-2.jpg\"><img loading=\"lazy\" decoding=\"async\" class=\"alignnone wp-image-4671 size-full\" src=\"https:\/\/d2p6e6u75xmxt8.cloudfront.net\/4\/2018\/08\/02-2.jpg\" alt=\"\" width=\"1200\" height=\"800\" \/><\/a><\/p>\n<h2><strong>\u010cakaj\u00fa aj na teba<\/strong><\/h2>\n<p>Ak sa sna\u017e\u00edte tento rok podnikn\u00fa\u0165 nie\u010do navy\u0161e v r\u00e1mci svojho kon\u00ed\u010dka menom cyklistika, tak sa sk\u00faste z\u00fa\u010dastni\u0165 niektor\u00e9ho, popr\u00edpade aj v\u0161etk\u00fdch podujat\u00ed. \u010cak\u00e1 na v\u00e1s pr\u00edjemn\u00e9 prostredie, slovensk\u00e1 pr\u00edroda a \u013eudia s tou istou \u201ediagn\u00f3zou\u201c, ak\u00fa m\u00e1te vy. Ak ste sk\u00fasen\u00fd pretek\u00e1r a absolvovali ste u\u017e nieko\u013eko cyklomarat\u00f3nov, tak ani vy nemus\u00edte v\u00e1ha\u0165. Tento rok je v ponuke pekn\u00e1 paleta trat\u00ed, na ktor\u00fdch zdol\u00e1te r\u00f4znu porciu kilometrov, st\u00fapan\u00ed a m\u00f4\u017eete si zas\u00faperi\u0165 s ostatn\u00fdmi. \u00dapln\u00fd z\u00e1klad bude vytvori\u0165 \u010do najlep\u0161ie zabezpe\u010denie pre jazdcov, a to napr\u00edklad s oddychovou z\u00f3nou, technick\u00fdm z\u00e1zem\u00edm \u010di st\u00e1nkami s odborn\u00fdm poradenstvom. \u010ci u\u017e ste teda amat\u00e9r alebo m\u00e1te za sebou mno\u017estvo s\u00fa\u0165a\u017en\u00fdch kilometrov, t\u00e1to s\u00e9ria podujat\u00ed v\u00e1s nesklame.<\/p>\n<p><a href=\"https:\/\/d2p6e6u75xmxt8.cloudfront.net\/4\/2019\/03\/07.jpg\"><img loading=\"lazy\" decoding=\"async\" class=\"alignnone size-full wp-image-6455\" src=\"https:\/\/d2p6e6u75xmxt8.cloudfront.net\/4\/2019\/03\/07.jpg\" alt=\"\" width=\"1200\" height=\"800\" \/><\/a><\/p>\n<p>A \u010do n\u00e1m odkazuje <strong>Jan Steyrer<\/strong> zo \u0160koda AUTO Slovensko? <em>\u201eAby ste ur\u010dite pri\u0161li! M\u00e1me trate a kateg\u00f3rie pre v\u0161etk\u00fdch nad\u0161encov cyklistiky a ako bolo u\u017e povedan\u00e9, po novom aj pre rodiny s de\u0165mi.\u201c<\/em> Te\u0161i\u0165 sa taktie\u017e m\u00f4\u017eete na spom\u00ednan\u00fa cenu v podobe auta, skvel\u00fa atmosf\u00e9ru a kopec pozit\u00edvne naladen\u00fdch \u013eud\u00ed. Prid\u00e1te sa?<\/p>\n<figure id=\"attachment_6456\" aria-describedby=\"caption-attachment-6456\" style=\"width: 1200px\" class=\"wp-caption alignnone\"><a href=\"https:\/\/d2p6e6u75xmxt8.cloudfront.net\/4\/2019\/03\/08.JPG.jpg\"><img loading=\"lazy\" decoding=\"async\" class=\"wp-image-6456 size-full\" src=\"https:\/\/d2p6e6u75xmxt8.cloudfront.net\/4\/2019\/03\/08.JPG.jpg\" alt=\"\" width=\"1200\" height=\"800\" \/><\/a><figcaption id=\"caption-attachment-6456\" class=\"wp-caption-text\">U\u017e sa na v\u00e1s te\u0161\u00ed cel\u00fd organiza\u010dn\u00fd t\u00edm a aj jazdci zo \u0160koda AUTO Slovensko<\/figcaption><\/figure>\n<p>S\u00e9ria pretekov <strong>\u0161tartuje 13. apr\u00edla 2019 vo Sv\u00e4tom Jure<\/strong> a v\u0161etky inform\u00e1cie n\u00e1jdete na <a href=\"https:\/\/www.welovecycling.com\/sk\/sbot\/\" target=\"_blank\" rel=\"noopener\">na\u0161ich str\u00e1nkach<\/a>. Na nej postupne n\u00e1jdete okrem inform\u00e1ci\u00ed o pretekoch aj gal\u00e9riu a v\u00fdsledky z jednotliv\u00fdch marat\u00f3nov. Tak, vid\u00edme sa vo Sv\u00e4tom Jure!<\/p>\n","protected":false},"excerpt":{"rendered":"<p>Najv\u00e4\u010d\u0161ia s\u00e9ria horsk\u00fdch marat\u00f3nov na Slovensku vstupuje do svojej \u0161iestej sez\u00f3ny. V tomto roku sme si pripravili zauj\u00edmav\u00e9 novinky, a [&hellip;]<\/p>\n","protected":false},"author":38,"featured_media":6457,"comment_status":"open","ping_status":"open","sticky":false,"template":"","format":"standard","meta":{"footnotes":""},"categories":[3,34,33],"tags":[53,180,178,412,179,542,562,35,77,214,859,860,360,92,858,523],"global-categories":[],"class_list":["post-6446","post","type-post","status-publish","format-standard","has-post-thumbnail","hentry","category-mtb","category-podujatia","category-sbot","tag-deti","tag-horska-cyklistika","tag-maraton","tag-mtb","tag-preteky","tag-skoda","tag-skoda-bicykel","tag-sbot","tag-skoda-dedina","tag-skoda-horal-mtb-maraton","tag-skoda-mtb-maraton-levocske-vrchy","tag-skoda-mtb-maraton-rajecke-teplice","tag-skoda-svatojursky-mtb-maraton","tag-skoda-tim","tag-skoda-vlko-hron","tag-slovensko"],"yoast_head":"<!-- This site is optimized with the Yoast SEO Premium plugin v25.3 (Yoast SEO v25.9) - https:\/\/yoast.com\/wordpress\/plugins\/seo\/ -->\n<title>\u0160koda BIKE OPEN TOUR 2019 - pripravte sa na novinky - \u0160koda We Love Cycling Slovensko<\/title>\n<meta name=\"robots\" content=\"index, follow, max-snippet:-1, max-image-preview:large, max-video-preview:-1\" \/>\n<link rel=\"canonical\" href=\"https:\/\/www.welovecycling.com\/sk\/2019\/03\/07\/skoda-bike-open-tour-2019-pripravte-sa-na-novinky\/\" \/>\n<meta property=\"og:locale\" content=\"sk_SK\" \/>\n<meta property=\"og:type\" content=\"article\" \/>\n<meta property=\"og:title\" content=\"\u0160koda BIKE OPEN TOUR 2019 - pripravte sa na novinky\" \/>\n<meta property=\"og:description\" content=\"Najv\u00e4\u010d\u0161ia s\u00e9ria horsk\u00fdch marat\u00f3nov na Slovensku vstupuje do svojej \u0161iestej sez\u00f3ny. V tomto roku sme si pripravili zauj\u00edmav\u00e9 novinky, a [&hellip;]\" \/>\n<meta property=\"og:url\" content=\"https:\/\/www.welovecycling.com\/sk\/2019\/03\/07\/skoda-bike-open-tour-2019-pripravte-sa-na-novinky\/\" \/>\n<meta property=\"og:site_name\" content=\"\u0160koda We Love Cycling Slovensko\" \/>\n<meta property=\"article:published_time\" content=\"2019-03-07T10:30:57+00:00\" \/>\n<meta property=\"article:modified_time\" content=\"2019-03-08T09:12:21+00:00\" \/>\n<meta property=\"og:image\" content=\"https:\/\/d2p6e6u75xmxt8.cloudfront.net\/4\/2019\/03\/sjur_036.webp\" \/>\n\t<meta property=\"og:image:width\" content=\"1380\" \/>\n\t<meta property=\"og:image:height\" content=\"600\" \/>\n\t<meta property=\"og:image:type\" content=\"image\/webp\" \/>\n<meta name=\"author\" content=\"Ondrej Ga\u0161par\" \/>\n<meta name=\"twitter:card\" content=\"summary_large_image\" \/>\n<meta name=\"twitter:label1\" content=\"Written by\" \/>\n\t<meta name=\"twitter:data1\" content=\"We Love Cycling\" \/>\n\t<meta name=\"twitter:label2\" content=\"Est. reading time\" \/>\n\t<meta name=\"twitter:data2\" content=\"7\" \/>\n<script type=\"application\/ld+json\" class=\"yoast-schema-graph\">{\"@context\":\"https:\/\/schema.org\",\"@graph\":[{\"@type\":\"WebPage\",\"@id\":\"https:\/\/www.welovecycling.com\/sk\/2019\/03\/07\/skoda-bike-open-tour-2019-pripravte-sa-na-novinky\/\",\"url\":\"https:\/\/www.welovecycling.com\/sk\/2019\/03\/07\/skoda-bike-open-tour-2019-pripravte-sa-na-novinky\/\",\"name\":\"\u0160koda BIKE OPEN TOUR 2019 - pripravte sa na novinky - \u0160koda We Love Cycling Slovensko\",\"isPartOf\":{\"@id\":\"https:\/\/www.welovecycling.com\/sk\/#website\"},\"primaryImageOfPage\":{\"@id\":\"https:\/\/www.welovecycling.com\/sk\/2019\/03\/07\/skoda-bike-open-tour-2019-pripravte-sa-na-novinky\/#primaryimage\"},\"image\":{\"@id\":\"https:\/\/www.welovecycling.com\/sk\/2019\/03\/07\/skoda-bike-open-tour-2019-pripravte-sa-na-novinky\/#primaryimage\"},\"thumbnailUrl\":\"https:\/\/d2p6e6u75xmxt8.cloudfront.net\/4\/2019\/03\/sjur_036.webp\",\"datePublished\":\"2019-03-07T10:30:57+00:00\",\"dateModified\":\"2019-03-08T09:12:21+00:00\",\"author\":{\"@id\":\"https:\/\/www.welovecycling.com\/sk\/#\/schema\/person\/8ee09ba39b7e25b1870160aa5b3a89bc\"},\"breadcrumb\":{\"@id\":\"https:\/\/www.welovecycling.com\/sk\/2019\/03\/07\/skoda-bike-open-tour-2019-pripravte-sa-na-novinky\/#breadcrumb\"},\"inLanguage\":\"sk-SK\",\"potentialAction\":[{\"@type\":\"ReadAction\",\"target\":[\"https:\/\/www.welovecycling.com\/sk\/2019\/03\/07\/skoda-bike-open-tour-2019-pripravte-sa-na-novinky\/\"]}]},{\"@type\":\"ImageObject\",\"inLanguage\":\"sk-SK\",\"@id\":\"https:\/\/www.welovecycling.com\/sk\/2019\/03\/07\/skoda-bike-open-tour-2019-pripravte-sa-na-novinky\/#primaryimage\",\"url\":\"https:\/\/d2p6e6u75xmxt8.cloudfront.net\/4\/2019\/03\/sjur_036.webp\",\"contentUrl\":\"https:\/\/d2p6e6u75xmxt8.cloudfront.net\/4\/2019\/03\/sjur_036.webp\",\"width\":1380,\"height\":600},{\"@type\":\"BreadcrumbList\",\"@id\":\"https:\/\/www.welovecycling.com\/sk\/2019\/03\/07\/skoda-bike-open-tour-2019-pripravte-sa-na-novinky\/#breadcrumb\",\"itemListElement\":[{\"@type\":\"ListItem\",\"position\":1,\"name\":\"Home\",\"item\":\"https:\/\/www.welovecycling.com\/sk\/\"},{\"@type\":\"ListItem\",\"position\":2,\"name\":\"\u0160koda BIKE OPEN TOUR 2019 &#8211; pripravte sa na novinky\"}]},{\"@type\":\"WebSite\",\"@id\":\"https:\/\/www.welovecycling.com\/sk\/#website\",\"url\":\"https:\/\/www.welovecycling.com\/sk\/\",\"name\":\"\u0160koda We Love Cycling Slovensko\",\"description\":\"\u0160koda We Love Cycling Slovensko je v\u00e1\u0161 ka\u017edodenn\u00fd zdroj noviniek a in\u0161pir\u00e1cie z sveta cyklistiky\",\"potentialAction\":[{\"@type\":\"SearchAction\",\"target\":{\"@type\":\"EntryPoint\",\"urlTemplate\":\"https:\/\/www.welovecycling.com\/sk\/?s={search_term_string}\"},\"query-input\":{\"@type\":\"PropertyValueSpecification\",\"valueRequired\":true,\"valueName\":\"search_term_string\"}}],\"inLanguage\":\"sk-SK\"},{\"@type\":\"Person\",\"@id\":\"https:\/\/www.welovecycling.com\/sk\/#\/schema\/person\/8ee09ba39b7e25b1870160aa5b3a89bc\",\"name\":\"Ondrej Ga\u0161par\",\"image\":{\"@type\":\"ImageObject\",\"inLanguage\":\"sk-SK\",\"@id\":\"https:\/\/www.welovecycling.com\/sk\/#\/schema\/person\/image\/\",\"url\":\"https:\/\/secure.gravatar.com\/avatar\/6126c9afb87b70da5abbb083ddbb21933da15f18f8ca7cb822aba0fb096a48f6?s=96&d=mm&r=g\",\"contentUrl\":\"https:\/\/secure.gravatar.com\/avatar\/6126c9afb87b70da5abbb083ddbb21933da15f18f8ca7cb822aba0fb096a48f6?s=96&d=mm&r=g\",\"caption\":\"Ondrej Ga\u0161par\"},\"url\":\"https:\/\/www.welovecycling.com\/sk\/author\/ondrejgaspar\/\"}]}<\/script>\n<!-- \/ Yoast SEO Premium plugin. -->","yoast_head_json":{"title":"\u0160koda BIKE OPEN TOUR 2019 - pripravte sa na novinky - \u0160koda We Love Cycling Slovensko","robots":{"index":"index","follow":"follow","max-snippet":"max-snippet:-1","max-image-preview":"max-image-preview:large","max-video-preview":"max-video-preview:-1"},"canonical":"https:\/\/www.welovecycling.com\/sk\/2019\/03\/07\/skoda-bike-open-tour-2019-pripravte-sa-na-novinky\/","og_locale":"sk_SK","og_type":"article","og_title":"\u0160koda BIKE OPEN TOUR 2019 - pripravte sa na novinky","og_description":"Najv\u00e4\u010d\u0161ia s\u00e9ria horsk\u00fdch marat\u00f3nov na Slovensku vstupuje do svojej \u0161iestej sez\u00f3ny. V tomto roku sme si pripravili zauj\u00edmav\u00e9 novinky, a [&hellip;]","og_url":"https:\/\/www.welovecycling.com\/sk\/2019\/03\/07\/skoda-bike-open-tour-2019-pripravte-sa-na-novinky\/","og_site_name":"\u0160koda We Love Cycling Slovensko","article_published_time":"2019-03-07T10:30:57+00:00","article_modified_time":"2019-03-08T09:12:21+00:00","og_image":[{"width":1380,"height":600,"url":"https:\/\/d2p6e6u75xmxt8.cloudfront.net\/4\/2019\/03\/sjur_036.webp","type":"image\/webp"}],"author":"Ondrej Ga\u0161par","twitter_card":"summary_large_image","twitter_misc":{"Written by":"We Love Cycling","Est. reading time":"7"},"schema":{"@context":"https:\/\/schema.org","@graph":[{"@type":"WebPage","@id":"https:\/\/www.welovecycling.com\/sk\/2019\/03\/07\/skoda-bike-open-tour-2019-pripravte-sa-na-novinky\/","url":"https:\/\/www.welovecycling.com\/sk\/2019\/03\/07\/skoda-bike-open-tour-2019-pripravte-sa-na-novinky\/","name":"\u0160koda BIKE OPEN TOUR 2019 - pripravte sa na novinky - \u0160koda We Love Cycling Slovensko","isPartOf":{"@id":"https:\/\/www.welovecycling.com\/sk\/#website"},"primaryImageOfPage":{"@id":"https:\/\/www.welovecycling.com\/sk\/2019\/03\/07\/skoda-bike-open-tour-2019-pripravte-sa-na-novinky\/#primaryimage"},"image":{"@id":"https:\/\/www.welovecycling.com\/sk\/2019\/03\/07\/skoda-bike-open-tour-2019-pripravte-sa-na-novinky\/#primaryimage"},"thumbnailUrl":"https:\/\/d2p6e6u75xmxt8.cloudfront.net\/4\/2019\/03\/sjur_036.webp","datePublished":"2019-03-07T10:30:57+00:00","dateModified":"2019-03-08T09:12:21+00:00","author":{"@id":"https:\/\/www.welovecycling.com\/sk\/#\/schema\/person\/8ee09ba39b7e25b1870160aa5b3a89bc"},"breadcrumb":{"@id":"https:\/\/www.welovecycling.com\/sk\/2019\/03\/07\/skoda-bike-open-tour-2019-pripravte-sa-na-novinky\/#breadcrumb"},"inLanguage":"sk-SK","potentialAction":[{"@type":"ReadAction","target":["https:\/\/www.welovecycling.com\/sk\/2019\/03\/07\/skoda-bike-open-tour-2019-pripravte-sa-na-novinky\/"]}]},{"@type":"ImageObject","inLanguage":"sk-SK","@id":"https:\/\/www.welovecycling.com\/sk\/2019\/03\/07\/skoda-bike-open-tour-2019-pripravte-sa-na-novinky\/#primaryimage","url":"https:\/\/d2p6e6u75xmxt8.cloudfront.net\/4\/2019\/03\/sjur_036.webp","contentUrl":"https:\/\/d2p6e6u75xmxt8.cloudfront.net\/4\/2019\/03\/sjur_036.webp","width":1380,"height":600},{"@type":"BreadcrumbList","@id":"https:\/\/www.welovecycling.com\/sk\/2019\/03\/07\/skoda-bike-open-tour-2019-pripravte-sa-na-novinky\/#breadcrumb","itemListElement":[{"@type":"ListItem","position":1,"name":"Home","item":"https:\/\/www.welovecycling.com\/sk\/"},{"@type":"ListItem","position":2,"name":"\u0160koda BIKE OPEN TOUR 2019 &#8211; pripravte sa na novinky"}]},{"@type":"WebSite","@id":"https:\/\/www.welovecycling.com\/sk\/#website","url":"https:\/\/www.welovecycling.com\/sk\/","name":"\u0160koda We Love Cycling Slovensko","description":"\u0160koda We Love Cycling Slovensko je v\u00e1\u0161 ka\u017edodenn\u00fd zdroj noviniek a in\u0161pir\u00e1cie z sveta cyklistiky","potentialAction":[{"@type":"SearchAction","target":{"@type":"EntryPoint","urlTemplate":"https:\/\/www.welovecycling.com\/sk\/?s={search_term_string}"},"query-input":{"@type":"PropertyValueSpecification","valueRequired":true,"valueName":"search_term_string"}}],"inLanguage":"sk-SK"},{"@type":"Person","@id":"https:\/\/www.welovecycling.com\/sk\/#\/schema\/person\/8ee09ba39b7e25b1870160aa5b3a89bc","name":"Ondrej Ga\u0161par","image":{"@type":"ImageObject","inLanguage":"sk-SK","@id":"https:\/\/www.welovecycling.com\/sk\/#\/schema\/person\/image\/","url":"https:\/\/secure.gravatar.com\/avatar\/6126c9afb87b70da5abbb083ddbb21933da15f18f8ca7cb822aba0fb096a48f6?s=96&d=mm&r=g","contentUrl":"https:\/\/secure.gravatar.com\/avatar\/6126c9afb87b70da5abbb083ddbb21933da15f18f8ca7cb822aba0fb096a48f6?s=96&d=mm&r=g","caption":"Ondrej Ga\u0161par"},"url":"https:\/\/www.welovecycling.com\/sk\/author\/ondrejgaspar\/"}]}},"_links":{"self":[{"href":"https:\/\/www.welovecycling.com\/sk\/wp-json\/wp\/v2\/posts\/6446","targetHints":{"allow":["GET"]}}],"collection":[{"href":"https:\/\/www.welovecycling.com\/sk\/wp-json\/wp\/v2\/posts"}],"about":[{"href":"https:\/\/www.welovecycling.com\/sk\/wp-json\/wp\/v2\/types\/post"}],"author":[{"embeddable":true,"href":"https:\/\/www.welovecycling.com\/sk\/wp-json\/wp\/v2\/users\/38"}],"replies":[{"embeddable":true,"href":"https:\/\/www.welovecycling.com\/sk\/wp-json\/wp\/v2\/comments?post=6446"}],"version-history":[{"count":2,"href":"https:\/\/www.welovecycling.com\/sk\/wp-json\/wp\/v2\/posts\/6446\/revisions"}],"predecessor-version":[{"id":6463,"href":"https:\/\/www.welovecycling.com\/sk\/wp-json\/wp\/v2\/posts\/6446\/revisions\/6463"}],"wp:featuredmedia":[{"embeddable":true,"href":"https:\/\/www.welovecycling.com\/sk\/wp-json\/wp\/v2\/media\/6457"}],"wp:attachment":[{"href":"https:\/\/www.welovecycling.com\/sk\/wp-json\/wp\/v2\/media?parent=6446"}],"wp:term":[{"taxonomy":"category","embeddable":true,"href":"https:\/\/www.welovecycling.com\/sk\/wp-json\/wp\/v2\/categories?post=6446"},{"taxonomy":"post_tag","embeddable":true,"href":"https:\/\/www.welovecycling.com\/sk\/wp-json\/wp\/v2\/tags?post=6446"},{"taxonomy":"global-categories","embeddable":true,"href":"https:\/\/www.welovecycling.com\/sk\/wp-json\/wp\/v2\/global-categories?post=6446"}],"curies":[{"name":"wp","href":"https:\/\/api.w.org\/{rel}","templated":true}]}}