{"id":6443,"date":"2019-04-16T11:06:15","date_gmt":"2019-04-16T09:06:15","guid":{"rendered":"https:\/\/www.welovecycling.com\/sk\/?p=6443"},"modified":"2019-11-21T09:29:45","modified_gmt":"2019-11-21T08:29:45","slug":"rozhovor-marketa-navratilova-vzdycky-jsem-chtela-delat-fotky-ktere-vydrzi-dele-nez-nasledujici-den-v-novinach","status":"publish","type":"post","link":"https:\/\/www.welovecycling.com\/sk\/2019\/04\/16\/rozhovor-marketa-navratilova-vzdycky-jsem-chtela-delat-fotky-ktere-vydrzi-dele-nez-nasledujici-den-v-novinach\/","title":{"rendered":"Rozhovor: Mark\u00e9ta Navr\u00e1tilov\u00e1 &#8211; V\u017edycky jsem cht\u011bla d\u011blat fotky, kter\u00e9 vydr\u017e\u00ed d\u00e9le, ne\u017e n\u00e1sleduj\u00edc\u00ed den v novin\u00e1ch"},"content":{"rendered":"<p><strong>Ako dvadsa\u0165ro\u010dn\u00fa ju otec zobral na Tour de France, kde sa prv\u00fdkr\u00e1t za\u010dala zauj\u00edma\u0165 o cyklistiku a pre svoju z\u00e1bavu tam urobila nieko\u013eko fotiek. Fotky sa zap\u00e1\u010dili anglickej agent\u00fare a o p\u00e1r rokov u\u017e fotila cyklistick\u00e9 preteky na profesion\u00e1lnej \u00farovni. Fot\u00ed u\u017e viac ako 20 rokov, no pod\u013ea jej slov by nikdy nefotila cyklistiku, keby neza\u010dala na Tour. Je to \u0161okuj\u00face, ale aj so samotn\u00fdm foten\u00edm za\u010dala pr\u00e1ve tam, no ako sama hovor\u00ed, atmosf\u00e9ra pretekov je tak v\u00fdnimo\u010dn\u00e1, \u017ee v\u00e1s to pohlt\u00ed, \u010di m\u00e1te k cyklistike vz\u0165ah alebo nie.<\/strong><!--more--><\/p>\n<div data-rows=\"1\" id='gallery-1' class='gallery-rows-1 gallery galleryid-6443 gallery-columns-2 gallery-size-full'><figure class='gallery-item'>\n\t\t\t<div class='gallery-icon landscape'>\n\t\t\t\t<a href='https:\/\/d2p6e6u75xmxt8.cloudfront.net\/4\/2019\/03\/IMG_3070.JPG.webp'><img loading=\"lazy\" decoding=\"async\" width=\"1200\" height=\"800\" src=\"https:\/\/d2p6e6u75xmxt8.cloudfront.net\/4\/2019\/03\/IMG_3070.JPG.webp\" class=\"attachment-full size-full\" alt=\"\" srcset=\"https:\/\/d2p6e6u75xmxt8.cloudfront.net\/4\/2019\/03\/IMG_3070.JPG.webp 1200w, https:\/\/d2p6e6u75xmxt8.cloudfront.net\/4\/2019\/03\/IMG_3070.JPG-300x200.webp 300w, https:\/\/d2p6e6u75xmxt8.cloudfront.net\/4\/2019\/03\/IMG_3070.JPG-1024x683.webp 1024w, https:\/\/d2p6e6u75xmxt8.cloudfront.net\/4\/2019\/03\/IMG_3070.JPG-768x512.webp 768w, https:\/\/d2p6e6u75xmxt8.cloudfront.net\/4\/2019\/03\/IMG_3070.JPG-272x182.webp 272w\" sizes=\"auto, (max-width: 1200px) 100vw, 1200px\" \/><\/a>\n\t\t\t<\/div><\/figure><figure class='gallery-item'>\n\t\t\t<div class='gallery-icon landscape'>\n\t\t\t\t<a href='https:\/\/d2p6e6u75xmxt8.cloudfront.net\/4\/2019\/03\/24172956_1973896065960378_6707197648461850672_o-1.webp'><img loading=\"lazy\" decoding=\"async\" width=\"1200\" height=\"800\" src=\"https:\/\/d2p6e6u75xmxt8.cloudfront.net\/4\/2019\/03\/24172956_1973896065960378_6707197648461850672_o-1.webp\" class=\"attachment-full size-full\" alt=\"\" srcset=\"https:\/\/d2p6e6u75xmxt8.cloudfront.net\/4\/2019\/03\/24172956_1973896065960378_6707197648461850672_o-1.webp 1200w, https:\/\/d2p6e6u75xmxt8.cloudfront.net\/4\/2019\/03\/24172956_1973896065960378_6707197648461850672_o-1-300x200.webp 300w, https:\/\/d2p6e6u75xmxt8.cloudfront.net\/4\/2019\/03\/24172956_1973896065960378_6707197648461850672_o-1-1024x683.webp 1024w, https:\/\/d2p6e6u75xmxt8.cloudfront.net\/4\/2019\/03\/24172956_1973896065960378_6707197648461850672_o-1-768x512.webp 768w, https:\/\/d2p6e6u75xmxt8.cloudfront.net\/4\/2019\/03\/24172956_1973896065960378_6707197648461850672_o-1-272x182.webp 272w\" sizes=\"auto, (max-width: 1200px) 100vw, 1200px\" \/><\/a>\n\t\t\t<\/div><\/figure>\n\t\t<\/div>\n        \n<p><strong>V\u00e1\u0161 pr\u00edbeh je ako z rom\u00e1nu a ur\u010dite v \u0148om zohralo \u00falohu aj \u0161\u0165astie. Ako to vlastne bolo po tom, ako v\u00e1s oslovila agent\u00fara, prv\u00fa Tour ste pre nich fotila zadarmo a a\u017e postupne ste sa dostala na to lukrat\u00edvne miesto fotenia z motorky, na ktor\u00e9 \u010dakaj\u00fa desiatky fotografov aj dnes?<\/strong><br \/>\n<em>Holandsk\u00e1 agentura Cor Vos, kter\u00e1 m\u00e1 ve sv\u011bte velk\u00e9 cyklistiky stabiln\u00ed m\u00edsto a renom\u00e9, mne oslovila a\u017e po n\u011bkolika letech, kdy jsem se v tomto prost\u0159ed\u00ed pohybovala. A ano, bylo to, jak \u0159\u00edkate. \u0160\u00e9f si se mnou sedl na chodn\u00edk a zeptal se mne, zda bych pro n\u011bj chtela pracovat za takov\u00fdch podm\u00ednek. Nev\u00e1hala jsem ani na minutu, v\u011bd\u011bla jsem, \u017ee to je p\u0159\u00edle\u017eitost. Ta se mi poda\u0159ila vyu\u017e\u00edt a postupem \u010dasu jsem z\u00edskala d\u016fv\u011bru a rok od roku jsem v r\u00e1mci Tour m\u011bla st\u00e1le v\u011bt\u0161\u00ed a v\u011bt\u0161\u00ed zodpov\u011bdnost. Skon\u010dilo to tak, \u017ee jsem po mnoho let pot\u00e9 fotila cel\u00fd z\u00e1vod z motorky. Ale Tour nebyl jedin\u00fd z\u00e1vod, kter\u00fd jsem pro agenturu fotila, v r\u00e1mci roku jich bylo mnohem v\u00edce, od ledna a\u017e do podzimu. V dne\u0161n\u00ed dob\u011b m\u00e1me velmi nadstandardn\u00ed pracovn\u00ed vztah, nevid\u00edme se u\u017e \u010dasto, ale zrovna dnes se domlouv\u00e1me na focen\u00ed leto\u0161n\u00ed Tour of Flanders, jednoho z jednodenn\u00edch monument\u016f sou\u010dasn\u00e9 profesion\u00e1ln\u00ed cyklistiky.<\/em><\/p>\n<p><a href=\"https:\/\/d2p6e6u75xmxt8.cloudfront.net\/4\/2019\/03\/PechaKucha-001.JPG.jpg\"><img loading=\"lazy\" decoding=\"async\" class=\"alignnone size-full wp-image-6544\" src=\"https:\/\/d2p6e6u75xmxt8.cloudfront.net\/4\/2019\/03\/PechaKucha-001.JPG.jpg\" alt=\"\" width=\"1200\" height=\"800\" \/><\/a><\/p>\n<p><strong>Hovor\u00ed sa o v\u00e1s, \u017ee v\u00f4bec na bicykli nejazd\u00edte, je to pravda, alebo aspo\u0148 rekrea\u010dne si ob\u010das vyraz\u00edte niekam do pr\u00edrody?<\/strong><br \/>\n<em>Jsem vyslou\u017eil\u00e1 tenistka a je pravda, \u017ee na kole moc nejezd\u00edm. Ani ne proto, \u017ee by mne to nebavilo, ale kv\u016fli tomu, \u017ee na to prost\u011b nem\u00e1m \u010das. Trochu sportuji, ale d\u011bl\u00e1m v\u011bci, kter\u00e9 mi trvaj\u00ed maxim\u00e1ln\u011b hodinu &#8211; cvi\u010d\u00edm, plavu, b\u011bh\u00e1m. A na kole jezd\u00edm jen se sv\u00fdm desetilet\u00fdch synem Timem.<\/em><\/p>\n<div data-rows=\"1\" id='gallery-2' class='gallery-rows-1 gallery galleryid-6443 gallery-columns-2 gallery-size-full'><figure class='gallery-item'>\n\t\t\t<div class='gallery-icon landscape'>\n\t\t\t\t<a href='https:\/\/d2p6e6u75xmxt8.cloudfront.net\/4\/2019\/03\/PechaKucha-020.JPG.webp'><img loading=\"lazy\" decoding=\"async\" width=\"1200\" height=\"800\" src=\"https:\/\/d2p6e6u75xmxt8.cloudfront.net\/4\/2019\/03\/PechaKucha-020.JPG.webp\" class=\"attachment-full size-full\" alt=\"\" srcset=\"https:\/\/d2p6e6u75xmxt8.cloudfront.net\/4\/2019\/03\/PechaKucha-020.JPG.webp 1200w, https:\/\/d2p6e6u75xmxt8.cloudfront.net\/4\/2019\/03\/PechaKucha-020.JPG-300x200.webp 300w, https:\/\/d2p6e6u75xmxt8.cloudfront.net\/4\/2019\/03\/PechaKucha-020.JPG-1024x683.webp 1024w, https:\/\/d2p6e6u75xmxt8.cloudfront.net\/4\/2019\/03\/PechaKucha-020.JPG-768x512.webp 768w, https:\/\/d2p6e6u75xmxt8.cloudfront.net\/4\/2019\/03\/PechaKucha-020.JPG-272x182.webp 272w\" sizes=\"auto, (max-width: 1200px) 100vw, 1200px\" \/><\/a>\n\t\t\t<\/div><\/figure><figure class='gallery-item'>\n\t\t\t<div class='gallery-icon landscape'>\n\t\t\t\t<a href='https:\/\/d2p6e6u75xmxt8.cloudfront.net\/4\/2019\/03\/PechaKucha-002.JPG.webp'><img loading=\"lazy\" decoding=\"async\" width=\"1200\" height=\"800\" src=\"https:\/\/d2p6e6u75xmxt8.cloudfront.net\/4\/2019\/03\/PechaKucha-002.JPG.webp\" class=\"attachment-full size-full\" alt=\"\" aria-describedby=\"gallery-2-6545\" srcset=\"https:\/\/d2p6e6u75xmxt8.cloudfront.net\/4\/2019\/03\/PechaKucha-002.JPG.webp 1200w, https:\/\/d2p6e6u75xmxt8.cloudfront.net\/4\/2019\/03\/PechaKucha-002.JPG-300x200.webp 300w, https:\/\/d2p6e6u75xmxt8.cloudfront.net\/4\/2019\/03\/PechaKucha-002.JPG-1024x683.webp 1024w, https:\/\/d2p6e6u75xmxt8.cloudfront.net\/4\/2019\/03\/PechaKucha-002.JPG-768x512.webp 768w, https:\/\/d2p6e6u75xmxt8.cloudfront.net\/4\/2019\/03\/PechaKucha-002.JPG-272x182.webp 272w\" sizes=\"auto, (max-width: 1200px) 100vw, 1200px\" \/><\/a>\n\t\t\t<\/div>\n\t\t\t\t<figcaption class='wp-caption-text gallery-caption' id='gallery-2-6545'>\n\t\t\t\tEx Cairns Australia, 13.09.98. Crocodile Trophy.\nOverall standinds: 1. Harald Mayer (AUT)\n                            2. Jaap Viergever(HOL)\n                            3.  Thomas Moderbacher (Aut)\nfoto Marketa Navratilova\/Cor Vos\u00a91998\nThe Crocodile Trophy is not only mountainbiking. Sometimes it means waiting&#8230;for 700 cows crossing the road.\n\t\t\t\t<\/figcaption><\/figure>\n\t\t<\/div>\n        \n<p><strong>Fotografi maj\u00fa na motorke dva fotoapar\u00e1ty, pre\u010do je to tak? Ak\u00e9 \u010fal\u0161ie vybavenie pri sebe na motorke m\u00e1te?<\/strong><br \/>\n<em>M\u00e1me dva fotoapar\u00e1ty, proto\u017ee je na ka\u017ed\u00e9m z nich jin\u00fd objektiv &#8211; jeden \u0161irokouhl\u00fd a druh\u00fd s del\u0161\u00ed ohniskovou vzd\u00e1lenost\u00ed. M\u011bnit objektivy na motorce je nejen nepraktick\u00e9, ale nen\u00ed na to ani \u010das. Na motorce nebo ve vest\u011b m\u00e1m ale je\u0161t\u011b dal\u0161\u00ed 2-3 objektivy, v prav\u00e9 bra\u0161n\u011b jsem m\u00edvala oble\u010den\u00ed do de\u0161t\u011b a n\u011bco na pit\u00ed, lev\u00e1 pat\u0159ila \u0159idi\u010di motorky a jeho pot\u0159eb\u00e1m :-).<\/em><\/p>\n<p><a href=\"https:\/\/d2p6e6u75xmxt8.cloudfront.net\/4\/2019\/03\/PechaKucha-010.JPG-1.jpg\"><img loading=\"lazy\" decoding=\"async\" class=\"alignnone size-full wp-image-6566\" src=\"https:\/\/d2p6e6u75xmxt8.cloudfront.net\/4\/2019\/03\/PechaKucha-010.JPG-1.jpg\" alt=\"\" width=\"1200\" height=\"800\" \/><\/a><\/p>\n<p><strong>Ak\u00fd je v\u00e1\u0161 n\u00e1zor na fan\u00fa\u0161ikov, ktor\u00ed \u010dasto vstupuj\u00fa cyklistom do cesty a s\u00fa rok od roka odv\u00e1\u017enej\u0161\u00ed?<\/strong><br \/>\n<em>Fanou\u0161ky obecn\u011b m\u00e1m r\u00e1da, proto\u017ee d\u011blaj\u00ed z\u00e1vodu neopakovatelnou a mimo\u0159\u00e1dnou atmosf\u00e9ru. Nemysl\u00edm si, \u017ee by byli rok od roku odv\u00e1\u017en\u011bj\u0161\u00ed, ale samoz\u0159ejm\u011b se \u010das od \u010dasu najde n\u011bkdo, kdo se chov\u00e1 neuk\u00e1zn\u011bn\u011b. Nikdy jsme \u017e\u00e1dnou kolizi na motorce nem\u011bli, ale p\u00e1rkr\u00e1t moc nechyb\u011blo\u2026 ch\u00e1pu je jako sou\u010d\u00e1st z\u00e1vodu a i my s t\u00edm, \u017ee by se n\u011bco mohlo st\u00e1t mus\u00edme po\u010d\u00edtat.<\/em><\/p>\n<p><a href=\"https:\/\/d2p6e6u75xmxt8.cloudfront.net\/4\/2019\/03\/PechaKucha-011.JPG.jpg\"><img loading=\"lazy\" decoding=\"async\" class=\"alignnone size-full wp-image-6554\" src=\"https:\/\/d2p6e6u75xmxt8.cloudfront.net\/4\/2019\/03\/PechaKucha-011.JPG.jpg\" alt=\"\" width=\"1200\" height=\"800\" \/><\/a><\/p>\n<p><strong>Jazda na motorke, hlavne ako spolujazdec a fotograf je dos\u0165 aj o rovnov\u00e1he. M\u00e1te so \u0161of\u00e9rom nejak\u00e9 dohodnut\u00e9 znamenia?<\/strong><br \/>\n<em>P\u00e1r drobn\u00fdch v\u011bc\u00ed samoz\u0159ejm\u011b ano, ale nic sofistikovaneho to nen\u00ed. \u0158idi\u010d si vybere ucho, do kter\u00e9ho mu \u0159\u00edk\u00e1m, co bych cht\u011bla, kdy\u017e si za j\u00edzdy stoup\u00e1m na motorce, p\u0159idr\u017e\u00ed m\u011b zezadu levou nohu, abych nespadla, pokud pot\u0159ebuje zrychlit a ja jsem zrovna oto\u010den\u00e1 z\u00e1dy ke sm\u011bru j\u00edzdy, d\u00e1 mi v\u011bd\u011bt\u2026 v podstat\u011b jsou to u\u017e automatick\u00e9 v\u011bci. Ja jsem zodpov\u011bdn\u00e1 za fotky, kter\u00e9 p\u0159ivezeme, on za to, aby jsme dojeli v po\u0159\u00e1dku a nic se n\u00e1m nestalo.<\/em><\/p>\n<p><a href=\"https:\/\/d2p6e6u75xmxt8.cloudfront.net\/4\/2019\/03\/PechaKucha-003.JPG.jpg\"><img loading=\"lazy\" decoding=\"async\" class=\"alignnone size-full wp-image-6546\" src=\"https:\/\/d2p6e6u75xmxt8.cloudfront.net\/4\/2019\/03\/PechaKucha-003.JPG.jpg\" alt=\"\" width=\"1200\" height=\"800\" \/><\/a><\/p>\n<p><strong>Po\u010das rokov, ktor\u00e9 fot\u00edte m\u00e1te jedn\u00e9ho vodi\u010da, alebo sa to strieda na ka\u017edej Tour?<\/strong><br \/>\n<em>\u0158idi\u010d\u016f jsem za ta dlouh\u00e1 l\u00e9ta m\u011bla n\u011bkolik. Agentura je naj\u00edm\u00e1 a plat\u00ed v pr\u016fb\u011bhu cel\u00e9 sez\u00f3ny. Tak\u017ee konkr\u00e9tn\u011b na Tour asi \u010dty\u0159i, si mysl\u00edm, pokud po\u010d\u00edt\u00e1m spr\u00e1vn\u011b. S jedn\u00edm jsem pracovat neum\u011bla, v\u0161ichni ostatn\u00ed byli moc fajn.<\/em><\/p>\n<p><a href=\"https:\/\/d2p6e6u75xmxt8.cloudfront.net\/4\/2019\/03\/PechaKucha-012.JPG.jpg\"><img loading=\"lazy\" decoding=\"async\" class=\"alignnone size-full wp-image-6555\" src=\"https:\/\/d2p6e6u75xmxt8.cloudfront.net\/4\/2019\/03\/PechaKucha-012.JPG.jpg\" alt=\"\" width=\"1200\" height=\"800\" \/><\/a><\/p>\n<p><strong>Ak\u00fd je v\u00e1\u0161 vz\u0165ah s vodi\u010dom po\u010das pretekov? Je to priate\u013esk\u00fd vz\u0165ah, kedy si napr\u00edklad ve\u010der vymen\u00edte dojmy, alebo \u010disto profesion\u00e1lny a stretnete sa len r\u00e1no pred etapou?<\/strong><br \/>\n<em>Pracujeme v t\u00fdmu, zpravidla jsme \u010dty\u0159i. My dva a pak dal\u0161\u00ed \u010dlov\u011bk, kter\u00fd mus\u00ed jet autem do c\u00edle, nainstalovat po\u010d\u00edta\u010de, editovat fotky a zpravidla je\u0161t\u011b jeden fotograf. S \u0159idi\u010dem spolu tr\u00e1v\u00edme t\u00e9m\u011b\u0159 ve\u0161ker\u00fd \u010das, mimo toho, kdy sp\u00edme. Sn\u00edd\u00e1me spolu, jedeme na etapu spolu, pracujeme, po etap\u011b se mi v tiskov\u00e9m centru d\u00edv\u00e1 p\u0159es rameno, co jsme vyfotili, ve\u010de\u0159\u00edme spolu, vykl\u00e1d\u00e1me si o tom, co n\u00e1s \u010dek\u00e1 dal\u0161\u00ed den. V\u017edy je lep\u0161\u00ed, pokud spolu vych\u00e1z\u00edte i jako lidi, proto\u017ee sed\u011bt t\u0159i t\u00fddny za z\u00e1dy n\u011bkomu, s k\u00fdm si nem\u00e1te co \u0159\u00edct, by nebylo \u00fapln\u011b komfortn\u00ed. Jin\u00fdmi slovy, trochu navz\u00e1jem v\u00edme, co od sebe o\u010dek\u00e1vat a to, obzvl\u00e1\u0161t\u011b v t\u011b\u017e\u0161\u00edch situac\u00edch, velmi pom\u00e1h\u00e1.<\/em><\/p>\n<div data-rows=\"1\" id='gallery-3' class='gallery-rows-1 gallery galleryid-6443 gallery-columns-2 gallery-size-full'><figure class='gallery-item'>\n\t\t\t<div class='gallery-icon landscape'>\n\t\t\t\t<a href='https:\/\/d2p6e6u75xmxt8.cloudfront.net\/4\/2019\/03\/PechaKucha-004.JPG-1.webp'><img loading=\"lazy\" decoding=\"async\" width=\"1200\" height=\"800\" src=\"https:\/\/d2p6e6u75xmxt8.cloudfront.net\/4\/2019\/03\/PechaKucha-004.JPG-1.webp\" class=\"attachment-full size-full\" alt=\"\" srcset=\"https:\/\/d2p6e6u75xmxt8.cloudfront.net\/4\/2019\/03\/PechaKucha-004.JPG-1.webp 1200w, https:\/\/d2p6e6u75xmxt8.cloudfront.net\/4\/2019\/03\/PechaKucha-004.JPG-1-300x200.webp 300w, https:\/\/d2p6e6u75xmxt8.cloudfront.net\/4\/2019\/03\/PechaKucha-004.JPG-1-1024x683.webp 1024w, https:\/\/d2p6e6u75xmxt8.cloudfront.net\/4\/2019\/03\/PechaKucha-004.JPG-1-768x512.webp 768w, https:\/\/d2p6e6u75xmxt8.cloudfront.net\/4\/2019\/03\/PechaKucha-004.JPG-1-272x182.webp 272w\" sizes=\"auto, (max-width: 1200px) 100vw, 1200px\" \/><\/a>\n\t\t\t<\/div><\/figure><figure class='gallery-item'>\n\t\t\t<div class='gallery-icon landscape'>\n\t\t\t\t<a href='https:\/\/d2p6e6u75xmxt8.cloudfront.net\/4\/2019\/03\/PechaKucha-019.JPG.webp'><img loading=\"lazy\" decoding=\"async\" width=\"1200\" height=\"800\" src=\"https:\/\/d2p6e6u75xmxt8.cloudfront.net\/4\/2019\/03\/PechaKucha-019.JPG.webp\" class=\"attachment-full size-full\" alt=\"\" srcset=\"https:\/\/d2p6e6u75xmxt8.cloudfront.net\/4\/2019\/03\/PechaKucha-019.JPG.webp 1200w, https:\/\/d2p6e6u75xmxt8.cloudfront.net\/4\/2019\/03\/PechaKucha-019.JPG-300x200.webp 300w, https:\/\/d2p6e6u75xmxt8.cloudfront.net\/4\/2019\/03\/PechaKucha-019.JPG-1024x683.webp 1024w, https:\/\/d2p6e6u75xmxt8.cloudfront.net\/4\/2019\/03\/PechaKucha-019.JPG-768x512.webp 768w, https:\/\/d2p6e6u75xmxt8.cloudfront.net\/4\/2019\/03\/PechaKucha-019.JPG-272x182.webp 272w\" sizes=\"auto, (max-width: 1200px) 100vw, 1200px\" \/><\/a>\n\t\t\t<\/div><\/figure>\n\t\t<\/div>\n        \n<p><strong>Po\u010das jednej etapy nafot\u00edte ur\u010dite obrovsk\u00e9 mno\u017estvo fotiek, viete ko\u013eko ich asi tak v priemere za jeden de\u0148 je a ko\u013eko ich re\u00e1lne pou\u017eijete?<\/strong><br \/>\n<em>Nejsem fotograf, kter\u00fd by fotil v\u0161e, co vid\u00ed, sna\u017e\u00edm si trochu vyb\u00edrat je\u0161t\u011b p\u0159ed t\u00edm, ne\u017e zm\u00e1\u010dknu spou\u0161\u0165, ale i tak je to relativn\u011b velk\u00e9 mno\u017estv\u00ed fotek. Samoz\u0159ejm\u011b to z\u00e1le\u017e\u00ed i na charakteru etapy, ale je to v\u011bt\u0161inou okolo 800-1000 z\u00e1b\u011br\u016f. Na Tour rozhoduj\u00ed drobn\u00e9 detaily, tak\u017ee pokud v\u00edte, \u017ee se d\u011bje n\u011bco mimo\u0159\u00e1dn\u00e9ho, to naopak dr\u017e\u00edte ruku na spou\u0161ti neust\u00e1le. Pro aktu\u00e1ln\u00ed agenturn\u00ed pou\u017eit\u00ed vyd\u00e1v\u00e1me okolo 100 fotek denn\u011b, dal\u0161\u00ed posl\u00e9ze pro \u010dasopisy a agenturn\u00ed archiv.<\/em><\/p>\n<p><a href=\"https:\/\/d2p6e6u75xmxt8.cloudfront.net\/4\/2019\/03\/PechaKucha-014.JPG.jpg\"><img loading=\"lazy\" decoding=\"async\" class=\"alignnone size-full wp-image-6556\" src=\"https:\/\/d2p6e6u75xmxt8.cloudfront.net\/4\/2019\/03\/PechaKucha-014.JPG.jpg\" alt=\"\" width=\"1200\" height=\"800\" \/><\/a><\/p>\n<p><strong>\u010co sa stane s fotografiami, ktor\u00e9 nepou\u017eijete? Archivujete ich a ob\u010das sa v\u00e1m, alebo agent\u00fare nie\u010do z nich hod\u00ed v bud\u00facnosti?<\/strong><br \/>\n<em>Ano, na to u\u017e jsem \u010d\u00e1ste\u010dn\u011b odpov\u011bd\u011bla v p\u0159edchoz\u00ed ot\u00e1zce. Obecn\u011b plat\u00ed, \u017ee fotografie z\u00e1vodn\u00edk\u016f z Tour de France jsou ty nejcenn\u011bj\u0161\u00ed. Taky pracujeme pro n\u011bkolik t\u00fdm\u016f, kter\u00e9 od n\u00e1s denne dost\u00e1vaj\u00ed fotky pro pou\u017eit\u00ed na sv\u00fdch soci\u00e1ln\u00edch s\u00edt\u00edch. V\u0161e vyfocen\u00e9 se pr\u016fb\u011b\u017en\u011b ukl\u00e1d\u00e1 na extern\u00ed HD a agentura je po Tour v\u0161echny proch\u00e1z\u00ed a znovu edituje.<\/em><\/p>\n<p><a href=\"https:\/\/d2p6e6u75xmxt8.cloudfront.net\/4\/2019\/03\/PechaKucha-005.JPG.jpg\"><img loading=\"lazy\" decoding=\"async\" class=\"alignnone size-full wp-image-6548\" src=\"https:\/\/d2p6e6u75xmxt8.cloudfront.net\/4\/2019\/03\/PechaKucha-005.JPG.jpg\" alt=\"\" width=\"1200\" height=\"800\" \/><\/a><\/p>\n<p><strong>M\u00e1te mo\u017enos\u0165 vybra\u0165 fotografie, ktor\u00e9 sa n\u00e1sledne pou\u017eij\u00fa, alebo to rob\u00ed niekto z agent\u00fary?<\/strong><br \/>\n<em>Fotografie vyb\u00edr\u00e1m bu\u010f j\u00e1 nebo \u0161\u00e9f, kter\u00fd dlouh\u00e1 l\u00e9ta s n\u00e1mi jezdil jako editor. Ale je to skoro jedno, dobrou fotku pozn\u00e1 on i j\u00e1, ten v\u00fdb\u011br po etape nen\u00ed a\u017e tak slo\u017eit\u00fd &#8211; v\u00edt\u011bz, d\u016fle\u017eit\u00e9 momenty celkov\u011b, d\u016fle\u017eit\u00e9 momenty pro Holandsko, speci\u00e1ln\u00ed po\u017eadavky od novin\u00e1\u0159\u016f, nejak\u00e1 atmosf\u00e9ra, n\u011bjak\u00e1 krajina\u2026<\/em><\/p>\n<div data-rows=\"1\" id='gallery-4' class='gallery-rows-1 gallery galleryid-6443 gallery-columns-2 gallery-size-full'><figure class='gallery-item'>\n\t\t\t<div class='gallery-icon landscape'>\n\t\t\t\t<a href='https:\/\/d2p6e6u75xmxt8.cloudfront.net\/4\/2019\/03\/PechaKucha-015.JPG-1.webp'><img loading=\"lazy\" decoding=\"async\" width=\"1200\" height=\"800\" src=\"https:\/\/d2p6e6u75xmxt8.cloudfront.net\/4\/2019\/03\/PechaKucha-015.JPG-1.webp\" class=\"attachment-full size-full\" alt=\"\" srcset=\"https:\/\/d2p6e6u75xmxt8.cloudfront.net\/4\/2019\/03\/PechaKucha-015.JPG-1.webp 1200w, https:\/\/d2p6e6u75xmxt8.cloudfront.net\/4\/2019\/03\/PechaKucha-015.JPG-1-300x200.webp 300w, https:\/\/d2p6e6u75xmxt8.cloudfront.net\/4\/2019\/03\/PechaKucha-015.JPG-1-1024x683.webp 1024w, https:\/\/d2p6e6u75xmxt8.cloudfront.net\/4\/2019\/03\/PechaKucha-015.JPG-1-768x512.webp 768w, https:\/\/d2p6e6u75xmxt8.cloudfront.net\/4\/2019\/03\/PechaKucha-015.JPG-1-272x182.webp 272w\" sizes=\"auto, (max-width: 1200px) 100vw, 1200px\" \/><\/a>\n\t\t\t<\/div><\/figure><figure class='gallery-item'>\n\t\t\t<div class='gallery-icon landscape'>\n\t\t\t\t<a href='https:\/\/d2p6e6u75xmxt8.cloudfront.net\/4\/2019\/03\/PechaKucha-006.JPG.webp'><img loading=\"lazy\" decoding=\"async\" width=\"1200\" height=\"800\" src=\"https:\/\/d2p6e6u75xmxt8.cloudfront.net\/4\/2019\/03\/PechaKucha-006.JPG.webp\" class=\"attachment-full size-full\" alt=\"\" srcset=\"https:\/\/d2p6e6u75xmxt8.cloudfront.net\/4\/2019\/03\/PechaKucha-006.JPG.webp 1200w, https:\/\/d2p6e6u75xmxt8.cloudfront.net\/4\/2019\/03\/PechaKucha-006.JPG-300x200.webp 300w, https:\/\/d2p6e6u75xmxt8.cloudfront.net\/4\/2019\/03\/PechaKucha-006.JPG-1024x683.webp 1024w, https:\/\/d2p6e6u75xmxt8.cloudfront.net\/4\/2019\/03\/PechaKucha-006.JPG-768x512.webp 768w, https:\/\/d2p6e6u75xmxt8.cloudfront.net\/4\/2019\/03\/PechaKucha-006.JPG-272x182.webp 272w\" sizes=\"auto, (max-width: 1200px) 100vw, 1200px\" \/><\/a>\n\t\t\t<\/div><\/figure>\n\t\t<\/div>\n        \n<p><strong>Za\u017eila ste e\u0161te \u010dasy, ke\u010f sa fotilo na filmy. Dnes sa u\u017e fotky daj\u00fa posiela\u0165 priamo z fotoapar\u00e1tu do agent\u00fary aj s gps s\u00faradnicami, kde bola fotka uroben\u00e1. Ak\u00fd je v\u00e1\u0161 poh\u013ead na technologick\u00fd pokrok, ktor\u00fd m\u00e1me dnes?<\/strong><br \/>\n<em>Ano, za\u010d\u00ednala jsem, kdy\u017e se fotilo na diapozitivy a negativy. Ka\u017ed\u00fd den jsme je po etap\u011b pos\u00edlali letecky do Rotterdamu, kde se n\u00e1sledne skenovaly. Taky pamatuji, \u017ee jsme negativy vyvol\u00e1vali sami, su\u0161ili, skenovali a pot\u00e9 pos\u00edlali. A dnes to jde p\u0159\u00edmo z fo\u0165\u00e1ku do agentury. Obecn\u011b plat\u00ed, \u017ee d\u0159\u00edve bylo jednodu\u0161\u0161\u00ed pracovat, proto\u017ee byla men\u0161\u00ed konkurence, a slo\u017eit\u011bj\u0161\u00ed fotky pos\u00edlat, dnes je to naopak. Technologick\u00fd pokrok ne\u0159e\u0161\u00edm, beru to jako sou\u010d\u00e1st pr\u00e1ce, nelp\u00edm na tom \u010di onom, dobr\u00e1 fotka je jen jedna a je \u00faplne jedno, \u010d\u00edm byla vyfocena a jak posl\u00e1na. Samoz\u0159ejm\u011b ale, na Tour de France, stejn\u011b tak jako t\u0159eba na olympi\u00e1d\u011b pot\u0159ebujete to nejlep\u0161\u00ed dostupn\u00e9 vybaven\u00ed, aby jste byli v agentu\u0159e schopni v konkurenci obst\u00e1t.<\/em><\/p>\n<p><a href=\"https:\/\/d2p6e6u75xmxt8.cloudfront.net\/4\/2019\/03\/PechaKucha-018.JPG.jpg\"><img loading=\"lazy\" decoding=\"async\" class=\"alignnone size-full wp-image-6563\" src=\"https:\/\/d2p6e6u75xmxt8.cloudfront.net\/4\/2019\/03\/PechaKucha-018.JPG.jpg\" alt=\"\" width=\"1200\" height=\"800\" \/><\/a><\/p>\n<p><strong>Ktor\u00e1 etapa je najviac fotogenick\u00e1, ktor\u00fa m\u00e1te ako fotografka najrad\u0161ej?<\/strong><br \/>\n<em>Nejfotogeni\u010dt\u011bj\u0161\u00ed a nejsiln\u011bj\u0161\u00ed jsou hory, to je bez debaty. Nejen \u017ee jsou kr\u00e1sn\u00e9 sami o sob\u011b, ale je na nich i spousta div\u00e1k\u016f, atmosf\u00e9ra je mimo\u0159\u00e1dn\u00e1 a v\u011bt\u0161inu se tam rozhoduje i to, kdo Tour vyhraje.<\/em><\/p>\n<p><a href=\"https:\/\/d2p6e6u75xmxt8.cloudfront.net\/4\/2019\/03\/PechaKucha-016.JPG.jpg\"><img loading=\"lazy\" decoding=\"async\" class=\"alignnone size-full wp-image-6558\" src=\"https:\/\/d2p6e6u75xmxt8.cloudfront.net\/4\/2019\/03\/PechaKucha-016.JPG.jpg\" alt=\"\" width=\"1200\" height=\"800\" \/><\/a><\/p>\n<p><strong>Tvrd\u00edte, \u017ee Peter Sagan je najv\u00fdraznej\u0161ia osobnos\u0165 cyklistiky v s\u00fa\u010dasnej dobe a osobne ste za\u017eila \u010dasy najv\u00e4\u010d\u0161ej sl\u00e1vy Lance Armstronga a mnoho in\u00fdch hviezd. V \u010dom vid\u00edte Petrovu jedine\u010dnos\u0165 z v\u00e1\u0161ho poh\u013eadu?<\/strong><br \/>\n<em>Tady budu velmi stru\u010dn\u00e1. Jeden, ne-li nejlep\u0161\u00ed cyklista sou\u010dasnosti a mimo\u0159\u00e1dn\u00e1 osobnost. N\u011bkdo, kdo um\u00ed a je\u0161t\u011b u toho um\u00ed i pobavit lidi okolo, n\u011bkdo, na kom je vid\u011bt, jak moc m\u00e1 cyklistiku r\u00e1d a jak se j\u00ed on s\u00e1m o sob\u011b bav\u00ed.<\/em><\/p>\n<div data-rows=\"1\" id='gallery-5' class='gallery-rows-1 gallery galleryid-6443 gallery-columns-2 gallery-size-full'><figure class='gallery-item'>\n\t\t\t<div class='gallery-icon landscape'>\n\t\t\t\t<a href='https:\/\/d2p6e6u75xmxt8.cloudfront.net\/4\/2019\/03\/PechaKucha-007.JPG-1.webp'><img loading=\"lazy\" decoding=\"async\" width=\"1200\" height=\"800\" src=\"https:\/\/d2p6e6u75xmxt8.cloudfront.net\/4\/2019\/03\/PechaKucha-007.JPG-1.webp\" class=\"attachment-full size-full\" alt=\"\" srcset=\"https:\/\/d2p6e6u75xmxt8.cloudfront.net\/4\/2019\/03\/PechaKucha-007.JPG-1.webp 1200w, https:\/\/d2p6e6u75xmxt8.cloudfront.net\/4\/2019\/03\/PechaKucha-007.JPG-1-300x200.webp 300w, https:\/\/d2p6e6u75xmxt8.cloudfront.net\/4\/2019\/03\/PechaKucha-007.JPG-1-1024x683.webp 1024w, https:\/\/d2p6e6u75xmxt8.cloudfront.net\/4\/2019\/03\/PechaKucha-007.JPG-1-768x512.webp 768w, https:\/\/d2p6e6u75xmxt8.cloudfront.net\/4\/2019\/03\/PechaKucha-007.JPG-1-272x182.webp 272w\" sizes=\"auto, (max-width: 1200px) 100vw, 1200px\" \/><\/a>\n\t\t\t<\/div><\/figure><figure class='gallery-item'>\n\t\t\t<div class='gallery-icon landscape'>\n\t\t\t\t<a href='https:\/\/d2p6e6u75xmxt8.cloudfront.net\/4\/2019\/03\/PechaKucha-017.JPG-1.webp'><img loading=\"lazy\" decoding=\"async\" width=\"1200\" height=\"800\" src=\"https:\/\/d2p6e6u75xmxt8.cloudfront.net\/4\/2019\/03\/PechaKucha-017.JPG-1.webp\" class=\"attachment-full size-full\" alt=\"\" srcset=\"https:\/\/d2p6e6u75xmxt8.cloudfront.net\/4\/2019\/03\/PechaKucha-017.JPG-1.webp 1200w, https:\/\/d2p6e6u75xmxt8.cloudfront.net\/4\/2019\/03\/PechaKucha-017.JPG-1-300x200.webp 300w, https:\/\/d2p6e6u75xmxt8.cloudfront.net\/4\/2019\/03\/PechaKucha-017.JPG-1-1024x683.webp 1024w, https:\/\/d2p6e6u75xmxt8.cloudfront.net\/4\/2019\/03\/PechaKucha-017.JPG-1-768x512.webp 768w, https:\/\/d2p6e6u75xmxt8.cloudfront.net\/4\/2019\/03\/PechaKucha-017.JPG-1-272x182.webp 272w\" sizes=\"auto, (max-width: 1200px) 100vw, 1200px\" \/><\/a>\n\t\t\t<\/div><\/figure>\n\t\t<\/div>\n        \n<p><strong>Ako sa dok\u00e1\u017eete odl\u00ed\u0161i\u0165 od ostatn\u00fdch fotografov, je to uhlom poh\u013eadu, alebo citom pre detail? Zohr\u00e1va v tom svoju \u00falohu aj to, \u017ee ste vy\u0161tudovala dizajn?<\/strong><br \/>\n<em>Na tohle skoro neum\u00edm odpov\u011bd\u011bt :-). D\u011bl\u00e1m, co je mi vlastn\u00ed a nev\u00edm, pro\u010d to tak je. Mo\u017en\u00e1 proto, \u017ee nejezd\u00edm na kole, \u017ee se na to d\u00edv\u00e1m trochu \u201cz povzd\u00e1l\u00ed\u201d, mo\u017en\u00e1 proto, \u017ee jsem studovala d\u011bjiny um\u011bn\u00ed, nebo proto, \u017ee jsem potkala ty spr\u00e1vn\u00e9 lidi, kte\u0159\u00ed mn\u011b to \u201cnau\u010dili\u201d, opravdu nev\u00edm. V\u017edycky jsem cht\u011bla d\u011blat fotky, kter\u00e9 vydr\u017e\u00ed d\u00e9le, ne\u017e n\u00e1sleduj\u00edc\u00ed den v novin\u00e1ch &#8211; fotky, kter\u00e9 budou alespo\u0148 trochu nad\u010dasov\u00e9 a budou v sob\u011b m\u00edt alespo\u0148 \u0161petku neopakovateln\u00e9ho.<\/em><\/p>\n<p><a href=\"https:\/\/d2p6e6u75xmxt8.cloudfront.net\/4\/2019\/03\/PechaKucha-008.JPG.jpg\"><img loading=\"lazy\" decoding=\"async\" class=\"size-full wp-image-6551\" src=\"https:\/\/d2p6e6u75xmxt8.cloudfront.net\/4\/2019\/03\/PechaKucha-008.JPG.jpg\" alt=\"\" width=\"1200\" height=\"800\" \/><\/a><\/p>\n<p><strong>Vo svojom vo\u013enom \u010dase fot\u00edte aj nie\u010do in\u00e9, pr\u00edrodu alebo rodinu alebo ste rada, \u017ee foti\u0165 nemus\u00edte a odreagujete sa inak?<\/strong><br \/>\n<em>S focen\u00edm cyklistiky pomalu kon\u010d\u00edm, proto\u017ee je to nejen velmi \u010dasov\u011b n\u00e1ro\u010dn\u00e9, ale hlavne spojen\u00e9 s cestov\u00e1n\u00edm a u\u017e nechci a vlastn\u011b ani nemohu neust\u00e1le n\u011bkam odj\u00ed\u017ed\u011bt. M\u00e1m desetilet\u00e9ho kluka, bydl\u00edme v pra\u017esk\u00e9 Tr\u00f3ji a sem i chod\u00ed do \u0161koly. \u017div\u00ed mne focen\u00ed, kter\u00e9 je \u010d\u00e1ste\u010dn\u011b spojeno se sportem, ale fot\u00edm tak\u00e9 spoustu jin\u00fdch v\u011bc\u00ed. Sna\u017e\u00edm se d\u011blat pr\u00e1ci, kter\u00e1 mne bav\u00ed s lidmi, pro kter\u00e9 chci pracovat.<\/em><\/p>\n<p><a href=\"https:\/\/d2p6e6u75xmxt8.cloudfront.net\/4\/2019\/03\/PechaKucha-009.JPG.jpg\"><img loading=\"lazy\" decoding=\"async\" class=\"size-full wp-image-6552\" src=\"https:\/\/d2p6e6u75xmxt8.cloudfront.net\/4\/2019\/03\/PechaKucha-009.JPG.jpg\" alt=\"\" width=\"1200\" height=\"800\" \/><\/a><\/p>\n<p><strong>V minulosti ste fotila aj historick\u00e9 kostoly, spolupracovala s pivovarom Bernard. \u010co fot\u00edte v s\u00fa\u010dasnosti a ak\u00e9 m\u00e1te pl\u00e1ny do bud\u00facna?<\/strong><br \/>\n<em>Spolupr\u00e1ce s Bernardem st\u00e1le trv\u00e1, v t\u011bchto dnech dokon\u010dujeme knihu pro Pra\u017eskou Botanickou zahradu &#8211; rok jsem fotila jejich vinici a v kv\u011btnu by m\u011bla vyj\u00edt obrazov\u00e1 publikace, ale \u017e\u00e1dn\u00e9 velk\u00e9 osobn\u00ed fotografick\u00e9 pl\u00e1ny do budoucna nem\u00e1m. P\u0159\u00e1la bych si, aby mne focen\u00ed, resp. pr\u00e1ce st\u00e1le bavila, aby byl Tim spokojen\u00fd a vyrostl z n\u011bj fajn kluk a aby byli v\u0161ichni moji bl\u00edzc\u00ed zdrav\u00ed.<\/em><\/p>\n","protected":false},"excerpt":{"rendered":"<p>Ako dvadsa\u0165ro\u010dn\u00fa ju otec zobral na Tour de France, kde sa prv\u00fdkr\u00e1t za\u010dala zauj\u00edma\u0165 o cyklistiku a pre svoju z\u00e1bavu [&hellip;]<\/p>\n","protected":false},"author":38,"featured_media":6543,"comment_status":"open","ping_status":"open","sticky":false,"template":"","format":"standard","meta":{"footnotes":""},"categories":[4],"tags":[540,115,855,620,306,854,857,501,20,810],"global-categories":[],"class_list":["post-6443","post","type-post","status-publish","format-standard","has-post-thumbnail","hentry","category-cestna-cyklisitika","tag-ceska-republika","tag-cestna-cyklistika","tag-fotenie","tag-fotograf","tag-francuzsko","tag-marketa-navratilova","tag-praca","tag-rozhovor","tag-tour-de-france","tag-tour-de-france-2019"],"yoast_head":"<!-- This site is optimized with the Yoast SEO Premium plugin v25.3 (Yoast SEO v25.9) - https:\/\/yoast.com\/wordpress\/plugins\/seo\/ -->\n<title>Rozhovor: Mark\u00e9ta Navr\u00e1tilov\u00e1 - V\u017edycky jsem cht\u011bla d\u011blat fotky, kter\u00e9 vydr\u017e\u00ed d\u00e9le, ne\u017e n\u00e1sleduj\u00edc\u00ed den v novin\u00e1ch - \u0160koda We Love Cycling Slovensko<\/title>\n<meta name=\"robots\" content=\"index, follow, max-snippet:-1, max-image-preview:large, max-video-preview:-1\" \/>\n<link rel=\"canonical\" href=\"https:\/\/www.welovecycling.com\/sk\/2019\/04\/16\/rozhovor-marketa-navratilova-vzdycky-jsem-chtela-delat-fotky-ktere-vydrzi-dele-nez-nasledujici-den-v-novinach\/\" \/>\n<meta property=\"og:locale\" content=\"sk_SK\" \/>\n<meta property=\"og:type\" content=\"article\" \/>\n<meta property=\"og:title\" content=\"Rozhovor: Mark\u00e9ta Navr\u00e1tilov\u00e1 - V\u017edycky jsem cht\u011bla d\u011blat fotky, kter\u00e9 vydr\u017e\u00ed d\u00e9le, ne\u017e n\u00e1sleduj\u00edc\u00ed den v novin\u00e1ch\" \/>\n<meta property=\"og:description\" content=\"Ako dvadsa\u0165ro\u010dn\u00fa ju otec zobral na Tour de France, kde sa prv\u00fdkr\u00e1t za\u010dala zauj\u00edma\u0165 o cyklistiku a pre svoju z\u00e1bavu [&hellip;]\" \/>\n<meta property=\"og:url\" content=\"https:\/\/www.welovecycling.com\/sk\/2019\/04\/16\/rozhovor-marketa-navratilova-vzdycky-jsem-chtela-delat-fotky-ktere-vydrzi-dele-nez-nasledujici-den-v-novinach\/\" \/>\n<meta property=\"og:site_name\" content=\"\u0160koda We Love Cycling Slovensko\" \/>\n<meta property=\"article:published_time\" content=\"2019-04-16T09:06:15+00:00\" \/>\n<meta property=\"article:modified_time\" content=\"2019-11-21T08:29:45+00:00\" \/>\n<meta property=\"og:image\" content=\"https:\/\/d2p6e6u75xmxt8.cloudfront.net\/4\/2019\/03\/PechaKucha-013.JPG.webp\" \/>\n\t<meta property=\"og:image:width\" content=\"1380\" \/>\n\t<meta property=\"og:image:height\" content=\"600\" \/>\n\t<meta property=\"og:image:type\" content=\"image\/webp\" \/>\n<meta name=\"author\" content=\"Ondrej Ga\u0161par\" \/>\n<meta name=\"twitter:card\" content=\"summary_large_image\" \/>\n<meta name=\"twitter:label1\" content=\"Written by\" \/>\n\t<meta name=\"twitter:data1\" content=\"We Love Cycling\" \/>\n\t<meta name=\"twitter:label2\" content=\"Est. reading time\" \/>\n\t<meta name=\"twitter:data2\" content=\"10\" \/>\n<script type=\"application\/ld+json\" class=\"yoast-schema-graph\">{\"@context\":\"https:\/\/schema.org\",\"@graph\":[{\"@type\":\"WebPage\",\"@id\":\"https:\/\/www.welovecycling.com\/sk\/2019\/04\/16\/rozhovor-marketa-navratilova-vzdycky-jsem-chtela-delat-fotky-ktere-vydrzi-dele-nez-nasledujici-den-v-novinach\/\",\"url\":\"https:\/\/www.welovecycling.com\/sk\/2019\/04\/16\/rozhovor-marketa-navratilova-vzdycky-jsem-chtela-delat-fotky-ktere-vydrzi-dele-nez-nasledujici-den-v-novinach\/\",\"name\":\"Rozhovor: Mark\u00e9ta Navr\u00e1tilov\u00e1 - V\u017edycky jsem cht\u011bla d\u011blat fotky, kter\u00e9 vydr\u017e\u00ed d\u00e9le, ne\u017e n\u00e1sleduj\u00edc\u00ed den v novin\u00e1ch - \u0160koda We Love Cycling Slovensko\",\"isPartOf\":{\"@id\":\"https:\/\/www.welovecycling.com\/sk\/#website\"},\"primaryImageOfPage\":{\"@id\":\"https:\/\/www.welovecycling.com\/sk\/2019\/04\/16\/rozhovor-marketa-navratilova-vzdycky-jsem-chtela-delat-fotky-ktere-vydrzi-dele-nez-nasledujici-den-v-novinach\/#primaryimage\"},\"image\":{\"@id\":\"https:\/\/www.welovecycling.com\/sk\/2019\/04\/16\/rozhovor-marketa-navratilova-vzdycky-jsem-chtela-delat-fotky-ktere-vydrzi-dele-nez-nasledujici-den-v-novinach\/#primaryimage\"},\"thumbnailUrl\":\"https:\/\/d2p6e6u75xmxt8.cloudfront.net\/4\/2019\/03\/PechaKucha-013.JPG.webp\",\"datePublished\":\"2019-04-16T09:06:15+00:00\",\"dateModified\":\"2019-11-21T08:29:45+00:00\",\"author\":{\"@id\":\"https:\/\/www.welovecycling.com\/sk\/#\/schema\/person\/8ee09ba39b7e25b1870160aa5b3a89bc\"},\"breadcrumb\":{\"@id\":\"https:\/\/www.welovecycling.com\/sk\/2019\/04\/16\/rozhovor-marketa-navratilova-vzdycky-jsem-chtela-delat-fotky-ktere-vydrzi-dele-nez-nasledujici-den-v-novinach\/#breadcrumb\"},\"inLanguage\":\"sk-SK\",\"potentialAction\":[{\"@type\":\"ReadAction\",\"target\":[\"https:\/\/www.welovecycling.com\/sk\/2019\/04\/16\/rozhovor-marketa-navratilova-vzdycky-jsem-chtela-delat-fotky-ktere-vydrzi-dele-nez-nasledujici-den-v-novinach\/\"]}]},{\"@type\":\"ImageObject\",\"inLanguage\":\"sk-SK\",\"@id\":\"https:\/\/www.welovecycling.com\/sk\/2019\/04\/16\/rozhovor-marketa-navratilova-vzdycky-jsem-chtela-delat-fotky-ktere-vydrzi-dele-nez-nasledujici-den-v-novinach\/#primaryimage\",\"url\":\"https:\/\/d2p6e6u75xmxt8.cloudfront.net\/4\/2019\/03\/PechaKucha-013.JPG.webp\",\"contentUrl\":\"https:\/\/d2p6e6u75xmxt8.cloudfront.net\/4\/2019\/03\/PechaKucha-013.JPG.webp\",\"width\":1380,\"height\":600},{\"@type\":\"BreadcrumbList\",\"@id\":\"https:\/\/www.welovecycling.com\/sk\/2019\/04\/16\/rozhovor-marketa-navratilova-vzdycky-jsem-chtela-delat-fotky-ktere-vydrzi-dele-nez-nasledujici-den-v-novinach\/#breadcrumb\",\"itemListElement\":[{\"@type\":\"ListItem\",\"position\":1,\"name\":\"Home\",\"item\":\"https:\/\/www.welovecycling.com\/sk\/\"},{\"@type\":\"ListItem\",\"position\":2,\"name\":\"Rozhovor: Mark\u00e9ta Navr\u00e1tilov\u00e1 &#8211; V\u017edycky jsem cht\u011bla d\u011blat fotky, kter\u00e9 vydr\u017e\u00ed d\u00e9le, ne\u017e n\u00e1sleduj\u00edc\u00ed den v novin\u00e1ch\"}]},{\"@type\":\"WebSite\",\"@id\":\"https:\/\/www.welovecycling.com\/sk\/#website\",\"url\":\"https:\/\/www.welovecycling.com\/sk\/\",\"name\":\"\u0160koda We Love Cycling Slovensko\",\"description\":\"\u0160koda We Love Cycling Slovensko je v\u00e1\u0161 ka\u017edodenn\u00fd zdroj noviniek a in\u0161pir\u00e1cie z sveta cyklistiky\",\"potentialAction\":[{\"@type\":\"SearchAction\",\"target\":{\"@type\":\"EntryPoint\",\"urlTemplate\":\"https:\/\/www.welovecycling.com\/sk\/?s={search_term_string}\"},\"query-input\":{\"@type\":\"PropertyValueSpecification\",\"valueRequired\":true,\"valueName\":\"search_term_string\"}}],\"inLanguage\":\"sk-SK\"},{\"@type\":\"Person\",\"@id\":\"https:\/\/www.welovecycling.com\/sk\/#\/schema\/person\/8ee09ba39b7e25b1870160aa5b3a89bc\",\"name\":\"Ondrej Ga\u0161par\",\"image\":{\"@type\":\"ImageObject\",\"inLanguage\":\"sk-SK\",\"@id\":\"https:\/\/www.welovecycling.com\/sk\/#\/schema\/person\/image\/\",\"url\":\"https:\/\/secure.gravatar.com\/avatar\/6126c9afb87b70da5abbb083ddbb21933da15f18f8ca7cb822aba0fb096a48f6?s=96&d=mm&r=g\",\"contentUrl\":\"https:\/\/secure.gravatar.com\/avatar\/6126c9afb87b70da5abbb083ddbb21933da15f18f8ca7cb822aba0fb096a48f6?s=96&d=mm&r=g\",\"caption\":\"Ondrej Ga\u0161par\"},\"url\":\"https:\/\/www.welovecycling.com\/sk\/author\/ondrejgaspar\/\"}]}<\/script>\n<!-- \/ Yoast SEO Premium plugin. -->","yoast_head_json":{"title":"Rozhovor: Mark\u00e9ta Navr\u00e1tilov\u00e1 - V\u017edycky jsem cht\u011bla d\u011blat fotky, kter\u00e9 vydr\u017e\u00ed d\u00e9le, ne\u017e n\u00e1sleduj\u00edc\u00ed den v novin\u00e1ch - \u0160koda We Love Cycling Slovensko","robots":{"index":"index","follow":"follow","max-snippet":"max-snippet:-1","max-image-preview":"max-image-preview:large","max-video-preview":"max-video-preview:-1"},"canonical":"https:\/\/www.welovecycling.com\/sk\/2019\/04\/16\/rozhovor-marketa-navratilova-vzdycky-jsem-chtela-delat-fotky-ktere-vydrzi-dele-nez-nasledujici-den-v-novinach\/","og_locale":"sk_SK","og_type":"article","og_title":"Rozhovor: Mark\u00e9ta Navr\u00e1tilov\u00e1 - V\u017edycky jsem cht\u011bla d\u011blat fotky, kter\u00e9 vydr\u017e\u00ed d\u00e9le, ne\u017e n\u00e1sleduj\u00edc\u00ed den v novin\u00e1ch","og_description":"Ako dvadsa\u0165ro\u010dn\u00fa ju otec zobral na Tour de France, kde sa prv\u00fdkr\u00e1t za\u010dala zauj\u00edma\u0165 o cyklistiku a pre svoju z\u00e1bavu [&hellip;]","og_url":"https:\/\/www.welovecycling.com\/sk\/2019\/04\/16\/rozhovor-marketa-navratilova-vzdycky-jsem-chtela-delat-fotky-ktere-vydrzi-dele-nez-nasledujici-den-v-novinach\/","og_site_name":"\u0160koda We Love Cycling Slovensko","article_published_time":"2019-04-16T09:06:15+00:00","article_modified_time":"2019-11-21T08:29:45+00:00","og_image":[{"width":1380,"height":600,"url":"https:\/\/d2p6e6u75xmxt8.cloudfront.net\/4\/2019\/03\/PechaKucha-013.JPG.webp","type":"image\/webp"}],"author":"Ondrej Ga\u0161par","twitter_card":"summary_large_image","twitter_misc":{"Written by":"We Love Cycling","Est. reading time":"10"},"schema":{"@context":"https:\/\/schema.org","@graph":[{"@type":"WebPage","@id":"https:\/\/www.welovecycling.com\/sk\/2019\/04\/16\/rozhovor-marketa-navratilova-vzdycky-jsem-chtela-delat-fotky-ktere-vydrzi-dele-nez-nasledujici-den-v-novinach\/","url":"https:\/\/www.welovecycling.com\/sk\/2019\/04\/16\/rozhovor-marketa-navratilova-vzdycky-jsem-chtela-delat-fotky-ktere-vydrzi-dele-nez-nasledujici-den-v-novinach\/","name":"Rozhovor: Mark\u00e9ta Navr\u00e1tilov\u00e1 - V\u017edycky jsem cht\u011bla d\u011blat fotky, kter\u00e9 vydr\u017e\u00ed d\u00e9le, ne\u017e n\u00e1sleduj\u00edc\u00ed den v novin\u00e1ch - \u0160koda We Love Cycling Slovensko","isPartOf":{"@id":"https:\/\/www.welovecycling.com\/sk\/#website"},"primaryImageOfPage":{"@id":"https:\/\/www.welovecycling.com\/sk\/2019\/04\/16\/rozhovor-marketa-navratilova-vzdycky-jsem-chtela-delat-fotky-ktere-vydrzi-dele-nez-nasledujici-den-v-novinach\/#primaryimage"},"image":{"@id":"https:\/\/www.welovecycling.com\/sk\/2019\/04\/16\/rozhovor-marketa-navratilova-vzdycky-jsem-chtela-delat-fotky-ktere-vydrzi-dele-nez-nasledujici-den-v-novinach\/#primaryimage"},"thumbnailUrl":"https:\/\/d2p6e6u75xmxt8.cloudfront.net\/4\/2019\/03\/PechaKucha-013.JPG.webp","datePublished":"2019-04-16T09:06:15+00:00","dateModified":"2019-11-21T08:29:45+00:00","author":{"@id":"https:\/\/www.welovecycling.com\/sk\/#\/schema\/person\/8ee09ba39b7e25b1870160aa5b3a89bc"},"breadcrumb":{"@id":"https:\/\/www.welovecycling.com\/sk\/2019\/04\/16\/rozhovor-marketa-navratilova-vzdycky-jsem-chtela-delat-fotky-ktere-vydrzi-dele-nez-nasledujici-den-v-novinach\/#breadcrumb"},"inLanguage":"sk-SK","potentialAction":[{"@type":"ReadAction","target":["https:\/\/www.welovecycling.com\/sk\/2019\/04\/16\/rozhovor-marketa-navratilova-vzdycky-jsem-chtela-delat-fotky-ktere-vydrzi-dele-nez-nasledujici-den-v-novinach\/"]}]},{"@type":"ImageObject","inLanguage":"sk-SK","@id":"https:\/\/www.welovecycling.com\/sk\/2019\/04\/16\/rozhovor-marketa-navratilova-vzdycky-jsem-chtela-delat-fotky-ktere-vydrzi-dele-nez-nasledujici-den-v-novinach\/#primaryimage","url":"https:\/\/d2p6e6u75xmxt8.cloudfront.net\/4\/2019\/03\/PechaKucha-013.JPG.webp","contentUrl":"https:\/\/d2p6e6u75xmxt8.cloudfront.net\/4\/2019\/03\/PechaKucha-013.JPG.webp","width":1380,"height":600},{"@type":"BreadcrumbList","@id":"https:\/\/www.welovecycling.com\/sk\/2019\/04\/16\/rozhovor-marketa-navratilova-vzdycky-jsem-chtela-delat-fotky-ktere-vydrzi-dele-nez-nasledujici-den-v-novinach\/#breadcrumb","itemListElement":[{"@type":"ListItem","position":1,"name":"Home","item":"https:\/\/www.welovecycling.com\/sk\/"},{"@type":"ListItem","position":2,"name":"Rozhovor: Mark\u00e9ta Navr\u00e1tilov\u00e1 &#8211; V\u017edycky jsem cht\u011bla d\u011blat fotky, kter\u00e9 vydr\u017e\u00ed d\u00e9le, ne\u017e n\u00e1sleduj\u00edc\u00ed den v novin\u00e1ch"}]},{"@type":"WebSite","@id":"https:\/\/www.welovecycling.com\/sk\/#website","url":"https:\/\/www.welovecycling.com\/sk\/","name":"\u0160koda We Love Cycling Slovensko","description":"\u0160koda We Love Cycling Slovensko je v\u00e1\u0161 ka\u017edodenn\u00fd zdroj noviniek a in\u0161pir\u00e1cie z sveta cyklistiky","potentialAction":[{"@type":"SearchAction","target":{"@type":"EntryPoint","urlTemplate":"https:\/\/www.welovecycling.com\/sk\/?s={search_term_string}"},"query-input":{"@type":"PropertyValueSpecification","valueRequired":true,"valueName":"search_term_string"}}],"inLanguage":"sk-SK"},{"@type":"Person","@id":"https:\/\/www.welovecycling.com\/sk\/#\/schema\/person\/8ee09ba39b7e25b1870160aa5b3a89bc","name":"Ondrej Ga\u0161par","image":{"@type":"ImageObject","inLanguage":"sk-SK","@id":"https:\/\/www.welovecycling.com\/sk\/#\/schema\/person\/image\/","url":"https:\/\/secure.gravatar.com\/avatar\/6126c9afb87b70da5abbb083ddbb21933da15f18f8ca7cb822aba0fb096a48f6?s=96&d=mm&r=g","contentUrl":"https:\/\/secure.gravatar.com\/avatar\/6126c9afb87b70da5abbb083ddbb21933da15f18f8ca7cb822aba0fb096a48f6?s=96&d=mm&r=g","caption":"Ondrej Ga\u0161par"},"url":"https:\/\/www.welovecycling.com\/sk\/author\/ondrejgaspar\/"}]}},"_links":{"self":[{"href":"https:\/\/www.welovecycling.com\/sk\/wp-json\/wp\/v2\/posts\/6443","targetHints":{"allow":["GET"]}}],"collection":[{"href":"https:\/\/www.welovecycling.com\/sk\/wp-json\/wp\/v2\/posts"}],"about":[{"href":"https:\/\/www.welovecycling.com\/sk\/wp-json\/wp\/v2\/types\/post"}],"author":[{"embeddable":true,"href":"https:\/\/www.welovecycling.com\/sk\/wp-json\/wp\/v2\/users\/38"}],"replies":[{"embeddable":true,"href":"https:\/\/www.welovecycling.com\/sk\/wp-json\/wp\/v2\/comments?post=6443"}],"version-history":[{"count":2,"href":"https:\/\/www.welovecycling.com\/sk\/wp-json\/wp\/v2\/posts\/6443\/revisions"}],"predecessor-version":[{"id":6718,"href":"https:\/\/www.welovecycling.com\/sk\/wp-json\/wp\/v2\/posts\/6443\/revisions\/6718"}],"wp:featuredmedia":[{"embeddable":true,"href":"https:\/\/www.welovecycling.com\/sk\/wp-json\/wp\/v2\/media\/6543"}],"wp:attachment":[{"href":"https:\/\/www.welovecycling.com\/sk\/wp-json\/wp\/v2\/media?parent=6443"}],"wp:term":[{"taxonomy":"category","embeddable":true,"href":"https:\/\/www.welovecycling.com\/sk\/wp-json\/wp\/v2\/categories?post=6443"},{"taxonomy":"post_tag","embeddable":true,"href":"https:\/\/www.welovecycling.com\/sk\/wp-json\/wp\/v2\/tags?post=6443"},{"taxonomy":"global-categories","embeddable":true,"href":"https:\/\/www.welovecycling.com\/sk\/wp-json\/wp\/v2\/global-categories?post=6443"}],"curies":[{"name":"wp","href":"https:\/\/api.w.org\/{rel}","templated":true}]}}