{"id":6389,"date":"2019-03-04T09:19:11","date_gmt":"2019-03-04T08:19:11","guid":{"rendered":"https:\/\/www.welovecycling.com\/sk\/?p=6389"},"modified":"2019-03-13T14:39:12","modified_gmt":"2019-03-13T13:39:12","slug":"cyklisticka-destinacia-stredomorska-sicilia","status":"publish","type":"post","link":"https:\/\/www.welovecycling.com\/sk\/2019\/03\/04\/cyklisticka-destinacia-stredomorska-sicilia\/","title":{"rendered":"Cyklistick\u00e1 destin\u00e1cia &#8211; stredomorsk\u00e1 Sic\u00edlia"},"content":{"rendered":"<p><strong>Pri vysloven\u00ed slova Sic\u00edlia mnoh\u00fdm z\u00a0n\u00e1s pr\u00edde na um sc\u00e9na z\u00a0Krstn\u00e9ho otca, v\u00a0ktorej sa Michael Corleone prech\u00e1dza pr\u00e1ve v\u00a0Corleone a\u00a0pri\u013eahl\u00fdch oblastiach. Teplo, \u010dlenit\u00e1 krajina, pokoj a\u00a0dobr\u00e9 jedlo. Je to dostato\u010dn\u00fd d\u00f4vod, pre\u010do sa tam vybra\u0165 aj na bicykli?<\/strong><!--more--><\/p>\n<p>Od nato\u010denia tohto filmu ubehlo takmer 50 rokov, preto sa nemus\u00edte ob\u00e1va\u0165 neexistuj\u00facich ciest \u010di hotelov. S\u00fa\u010dasn\u00e1 Sic\u00edlia pon\u00faka v\u0161etko to, \u010do si ka\u017ed\u00fd Eur\u00f3pan predstavuje pod pojmom dovolenkov\u00e1 destin\u00e1cia. Nach\u00e1dza sa na juhoz\u00e1padnom c\u00edpe Talianska. Svojou ve\u013ekos\u0165ou je pova\u017eovan\u00e1 za <strong>najv\u00e4\u010d\u0161\u00ed stredomorsk\u00fd ostrov<\/strong>. Spolu s\u00a0polohou na \u00farovni severn\u00fdch brehov Afriky \u010di ju\u017en\u00e9ho Gr\u00e9cka, m\u00f4\u017eeme o\u00a0nej usudzova\u0165, \u017ee prekypuje bohatou hist\u00f3riou, za\u010d\u00ednaj\u00facou u\u017e v\u00a0antick\u00fdch obdobiach na\u0161ej civiliz\u00e1cie.<\/p>\n<div data-rows=\"1\" id='gallery-1' class='gallery-rows-1 gallery galleryid-6389 gallery-columns-2 gallery-size-full'><figure class='gallery-item'>\n\t\t\t<div class='gallery-icon landscape'>\n\t\t\t\t<a href='https:\/\/d2p6e6u75xmxt8.cloudfront.net\/4\/2019\/02\/01-2.webp'><img loading=\"lazy\" decoding=\"async\" width=\"1200\" height=\"800\" src=\"https:\/\/d2p6e6u75xmxt8.cloudfront.net\/4\/2019\/02\/01-2.webp\" class=\"attachment-full size-full\" alt=\"\" srcset=\"https:\/\/d2p6e6u75xmxt8.cloudfront.net\/4\/2019\/02\/01-2.webp 1200w, https:\/\/d2p6e6u75xmxt8.cloudfront.net\/4\/2019\/02\/01-2-300x200.webp 300w, https:\/\/d2p6e6u75xmxt8.cloudfront.net\/4\/2019\/02\/01-2-1024x683.webp 1024w, https:\/\/d2p6e6u75xmxt8.cloudfront.net\/4\/2019\/02\/01-2-768x512.webp 768w, https:\/\/d2p6e6u75xmxt8.cloudfront.net\/4\/2019\/02\/01-2-272x182.webp 272w\" sizes=\"auto, (max-width: 1200px) 100vw, 1200px\" \/><\/a>\n\t\t\t<\/div><\/figure><figure class='gallery-item'>\n\t\t\t<div class='gallery-icon landscape'>\n\t\t\t\t<a href='https:\/\/d2p6e6u75xmxt8.cloudfront.net\/4\/2019\/02\/sicily-2492257_1920.webp'><img loading=\"lazy\" decoding=\"async\" width=\"1200\" height=\"800\" src=\"https:\/\/d2p6e6u75xmxt8.cloudfront.net\/4\/2019\/02\/sicily-2492257_1920.webp\" class=\"attachment-full size-full\" alt=\"\" srcset=\"https:\/\/d2p6e6u75xmxt8.cloudfront.net\/4\/2019\/02\/sicily-2492257_1920.webp 1200w, https:\/\/d2p6e6u75xmxt8.cloudfront.net\/4\/2019\/02\/sicily-2492257_1920-300x200.webp 300w, https:\/\/d2p6e6u75xmxt8.cloudfront.net\/4\/2019\/02\/sicily-2492257_1920-1024x683.webp 1024w, https:\/\/d2p6e6u75xmxt8.cloudfront.net\/4\/2019\/02\/sicily-2492257_1920-768x512.webp 768w, https:\/\/d2p6e6u75xmxt8.cloudfront.net\/4\/2019\/02\/sicily-2492257_1920-272x182.webp 272w\" sizes=\"auto, (max-width: 1200px) 100vw, 1200px\" \/><\/a>\n\t\t\t<\/div><\/figure>\n\t\t<\/div>\n        \n<p>U\u017e v\u00a08. storo\u010d\u00ed pred na\u0161\u00edm letopo\u010dtom ob\u00fdvali tento majest\u00e1tny ostrov n\u00e1rody Feni\u010danov a\u00a0Gr\u00e9kov. Nesk\u00f4r sa stal s\u00fa\u010das\u0165ou R\u00edmskej \u010di Byzantskej r\u00ed\u0161e. Aj v\u010faka t\u00fdmto skuto\u010dnostiam nemus\u00edte tr\u00e1vi\u0165 \u010das na bicykli \u010di v\u00a0hoteli. <strong>Po\u010detn\u00e9 historick\u00e9 pamiatky<\/strong> s\u00fa znamenit\u00fdm zdrojom ako pre cyklistick\u00e9 trasy, tak aj v\u00fdlety.<\/p>\n<p>Ak by sme to vyjadrili v\u00a0\u010d\u00edslach, najvzdialenej\u0161\u00ed bod vn\u00fatrozemia sa nach\u00e1dza len nie\u010do vy\u0161e 60 kilometrov od brehov so Stredozemn\u00fdm morom. Preto, ak by ste si chceli odd\u00fdchnu\u0165 a\u00a0da\u0165 si de\u0148 vo\u013ena, niet lep\u0161ej vo\u013eby, ako sa pr\u00edjemne ochladi\u0165 v\u00a0mori. S\u00edce sa v\u00a0jarn\u00fdch mesiacoch stretnete s\u00a0teplotami vody na \u00farovni 17\u00b0C (apr\u00edl), av\u0161ak u\u017e v\u00a0m\u00e1ji m\u00f4\u017eete o\u010dak\u00e1va\u0165 pr\u00edjemn\u00fdch 20\u00b0C (oblas\u0165 Ponente). Nezanedbate\u013en\u00fdm aspektom je aj <strong>po\u010det hod\u00edn denn\u00e9ho svetla &#8211; 13<\/strong>, po\u010das ktor\u00fdch stihnete aj ultramarat\u00f3nske v\u00fdjazdy. Preh\u00e1nky nie s\u00fa taktie\u017e nijak vysok\u00e9, v\u00a0priemere okolo 50 mm.<\/p>\n<div data-rows=\"1\" id='gallery-2' class='gallery-rows-1 gallery galleryid-6389 gallery-columns-2 gallery-size-full'><figure class='gallery-item'>\n\t\t\t<div class='gallery-icon landscape'>\n\t\t\t\t<a href='https:\/\/d2p6e6u75xmxt8.cloudfront.net\/4\/2019\/02\/italy-3116211_1920.webp'><img loading=\"lazy\" decoding=\"async\" width=\"1200\" height=\"800\" src=\"https:\/\/d2p6e6u75xmxt8.cloudfront.net\/4\/2019\/02\/italy-3116211_1920.webp\" class=\"attachment-full size-full\" alt=\"\" srcset=\"https:\/\/d2p6e6u75xmxt8.cloudfront.net\/4\/2019\/02\/italy-3116211_1920.webp 1200w, https:\/\/d2p6e6u75xmxt8.cloudfront.net\/4\/2019\/02\/italy-3116211_1920-300x200.webp 300w, https:\/\/d2p6e6u75xmxt8.cloudfront.net\/4\/2019\/02\/italy-3116211_1920-1024x683.webp 1024w, https:\/\/d2p6e6u75xmxt8.cloudfront.net\/4\/2019\/02\/italy-3116211_1920-768x512.webp 768w, https:\/\/d2p6e6u75xmxt8.cloudfront.net\/4\/2019\/02\/italy-3116211_1920-272x182.webp 272w\" sizes=\"auto, (max-width: 1200px) 100vw, 1200px\" \/><\/a>\n\t\t\t<\/div><\/figure><figure class='gallery-item'>\n\t\t\t<div class='gallery-icon landscape'>\n\t\t\t\t<a href='https:\/\/d2p6e6u75xmxt8.cloudfront.net\/4\/2019\/02\/houses-3663367_1920.webp'><img loading=\"lazy\" decoding=\"async\" width=\"1200\" height=\"800\" src=\"https:\/\/d2p6e6u75xmxt8.cloudfront.net\/4\/2019\/02\/houses-3663367_1920.webp\" class=\"attachment-full size-full\" alt=\"\" srcset=\"https:\/\/d2p6e6u75xmxt8.cloudfront.net\/4\/2019\/02\/houses-3663367_1920.webp 1200w, https:\/\/d2p6e6u75xmxt8.cloudfront.net\/4\/2019\/02\/houses-3663367_1920-300x200.webp 300w, https:\/\/d2p6e6u75xmxt8.cloudfront.net\/4\/2019\/02\/houses-3663367_1920-1024x683.webp 1024w, https:\/\/d2p6e6u75xmxt8.cloudfront.net\/4\/2019\/02\/houses-3663367_1920-768x512.webp 768w, https:\/\/d2p6e6u75xmxt8.cloudfront.net\/4\/2019\/02\/houses-3663367_1920-272x182.webp 272w\" sizes=\"auto, (max-width: 1200px) 100vw, 1200px\" \/><\/a>\n\t\t\t<\/div><\/figure>\n\t\t<\/div>\n        \n<p>Ak vezmeme do ruky mapu Sic\u00edlie, zist\u00edme, \u017ee v\u00a0nej prevl\u00e1da <strong>\u010dlenit\u00fd ter\u00e9n<\/strong>. Rovinatej\u0161ie \u00faseky n\u00e1jdete na z\u00e1padnom a\u00a0ju\u017enom pobre\u017e\u00ed, ostatn\u00fdm \u010dastiam dominuje st\u00fapav\u00fd charakter krajiny. Stav fyzickej pripravenosti si over\u00edte najm\u00e4 na severe ostrova, ktor\u00fdm sa tiahne pohorie Apen\u00edn e\u0161te z\u00a0kontinent\u00e1lneho Talianska. \u010cere\u0161ni\u010dkou na torte je samozrejme Etna. Povestn\u00e1 sopka, ktor\u00e9 je akt\u00edvna do dne\u0161n\u00fdch dn\u00ed, l\u00e1ka davy cyklistov aj pe\u0161\u00edch turistov.<\/p>\n<p>Medzi klasick\u00e9 v\u00fdchodisk\u00e1 pri za\u010d\u00ednan\u00ed v\u00fdjazdov, patria centr\u00e1 Sic\u00edlie, ak\u00fdm je hlavn\u00e9 mesto na severe krajiny &#8211; Palermo, Trapani na z\u00e1pade krajiny, \u010di v\u00fdchodn\u00e9 Syrak\u00fazy alebo Catania v\u00a0bl\u00edzkosti Etny. Viacer\u00e9 <a href=\"https:\/\/www.komoot.com\/guide\/1831\/road-cycling-routes-in-sicily\" target=\"_blank&quot;\">webov\u00e9 str\u00e1nky<\/a> pon\u00fakaj\u00fa zauj\u00edmav\u00e9 tipy a\u00a0trasy, ako si naplni\u0165 itiner\u00e1r na nieko\u013eko t\u00fd\u017ed\u0148ov.<\/p>\n<p><a href=\"https:\/\/d2p6e6u75xmxt8.cloudfront.net\/4\/2019\/02\/02-1.jpg\"><img loading=\"lazy\" decoding=\"async\" class=\"alignnone size-full wp-image-6393\" src=\"https:\/\/d2p6e6u75xmxt8.cloudfront.net\/4\/2019\/02\/02-1.jpg\" alt=\"\" width=\"1200\" height=\"800\" \/><\/a><\/p>\n<h2><strong>Etna<\/strong><\/h2>\n<p>Na horu, ktorej vrchol je <strong>vo v\u00fd\u0161ke 3 329 m n.m.<\/strong>, chodia tr\u00e9nova\u0165 aj profi cyklisti, ak\u00fdm je ja Chriss Froome \u010di Bradley WIggins, ktor\u00fd pri pr\u00edprave na Tour de France v\u00a0jej okol\u00ed str\u00e1vil nieko\u013eko t\u00fd\u017ed\u0148ov. Pri \u0161tarte v\u00a0Linguaglossa mus\u00edte o\u010dak\u00e1va\u0165, \u017ee nasleduj\u00face hodiny str\u00e1vite v\u00a0o\u010dak\u00e1van\u00ed, \u017ee uvid\u00edte koniec st\u00fapania. D\u013a\u017eka 18 km je zn\u00e1soben\u00e1 priemern\u00fdm sklonom 6,1% s maximom na 11% a\u00a0prev\u00fd\u0161en\u00ed 1 097 metrov. V\u00a0na\u0161ich kon\u010din\u00e1ch je to zhruba obdoba st\u00fapania na Kr\u00e1\u013eov\u00fa ho\u013eu.<\/p>\n<lite-youtube videoid=I1tPq4Z8jKs params=\"enablejsapi=1\" style=\"background-image: url('https:\/\/i.ytimg.com\/vi_webp\/I1tPq4Z8jKs\/maxresdefault.webp');\"><\/lite-youtube>\n<p>Doprava na miesto \u201e\u010dinu\u201c nie je nijak drah\u00e1. Za spiato\u010dn\u00fa <strong>letenku koncom marca s\u00a0dvojt\u00fd\u017ed\u0148ov\u00fdm pobytom zaplat\u00edte nie\u010do okolo 100 \u20ac + n\u00e1klady za prevoz bicykla<\/strong>. Doprava v\u00a0r\u00e1mci ostrova nie je komplikovan\u00e1, ke\u010f\u017ee, ako sme spom\u00ednali, ide o\u00a0ostrov, ktor\u00e9ho diameter sa pohybuje maxim\u00e1lne do 150 kilometrov.<\/p>\n<p>Zapo\u017ei\u010danie bicykla nie je ni\u010d\u00edm v\u00fdnimo\u010dn\u00fdm. Sic\u00edl\u010dania si s\u00fa vedom\u00ed ich l\u00e1kavej polohy, a\u00a0preto nie je probl\u00e9m n\u00e1js\u0165 v\u00a0ka\u017edom v\u00e4\u010d\u0161om meste nejak\u00fa po\u017ei\u010dov\u0148u. <strong>Ceny za zapo\u017ei\u010danie sa pohybuj\u00fa okolo 30 \u20ac za de\u0148<\/strong> pri strednej triede cestn\u00fdch bicyklov, cez <strong>20 \u20ac za horsk\u00fd bicykel<\/strong>, alebo <strong>35 \u20ac za horsk\u00fd elektrobicykel<\/strong>.<\/p>\n<p>Zaplati\u0165 si m\u00f4\u017eete aj cel\u00fd pobyt spolu s\u00a0dopravou a\u00a0taktie\u017e zapo\u017ei\u010dan\u00edm bicykla. Ak v\u00e1m nevad\u00ed, \u017ee sa budete musie\u0165 riadi\u0165 pod\u013ea ist\u00e9ho harmonogramu, \u010di pob\u00fdva\u0165 na jednom mieste, z\u00edskate istotu, \u017ee v\u0161etky potrebn\u00e9 veci za v\u00e1s vybav\u00ed cestovn\u00e1 kancel\u00e1ria. Dovolenka tak\u00fdmto \u0161t\u00fdlom m\u00f4\u017ee vyjs\u0165 na vy\u0161e 700 \u20ac, v\u00a0z\u00e1vislosti od po\u010dtu dn\u00ed a\u00a0zvolen\u00e9ho ubytovania.<\/p>\n<div data-rows=\"1\" id='gallery-3' class='gallery-rows-1 gallery galleryid-6389 gallery-columns-2 gallery-size-full'><figure class='gallery-item'>\n\t\t\t<div class='gallery-icon landscape'>\n\t\t\t\t<a href='https:\/\/d2p6e6u75xmxt8.cloudfront.net\/4\/2019\/02\/etna-2979915_1920.webp'><img loading=\"lazy\" decoding=\"async\" width=\"1200\" height=\"800\" src=\"https:\/\/d2p6e6u75xmxt8.cloudfront.net\/4\/2019\/02\/etna-2979915_1920.webp\" class=\"attachment-full size-full\" alt=\"\" srcset=\"https:\/\/d2p6e6u75xmxt8.cloudfront.net\/4\/2019\/02\/etna-2979915_1920.webp 1200w, https:\/\/d2p6e6u75xmxt8.cloudfront.net\/4\/2019\/02\/etna-2979915_1920-300x200.webp 300w, https:\/\/d2p6e6u75xmxt8.cloudfront.net\/4\/2019\/02\/etna-2979915_1920-1024x683.webp 1024w, https:\/\/d2p6e6u75xmxt8.cloudfront.net\/4\/2019\/02\/etna-2979915_1920-768x512.webp 768w, https:\/\/d2p6e6u75xmxt8.cloudfront.net\/4\/2019\/02\/etna-2979915_1920-272x182.webp 272w\" sizes=\"auto, (max-width: 1200px) 100vw, 1200px\" \/><\/a>\n\t\t\t<\/div><\/figure><figure class='gallery-item'>\n\t\t\t<div class='gallery-icon landscape'>\n\t\t\t\t<a href='https:\/\/d2p6e6u75xmxt8.cloudfront.net\/4\/2019\/02\/italy-1587278_1920.webp'><img loading=\"lazy\" decoding=\"async\" width=\"1200\" height=\"800\" src=\"https:\/\/d2p6e6u75xmxt8.cloudfront.net\/4\/2019\/02\/italy-1587278_1920.webp\" class=\"attachment-full size-full\" alt=\"\" srcset=\"https:\/\/d2p6e6u75xmxt8.cloudfront.net\/4\/2019\/02\/italy-1587278_1920.webp 1200w, https:\/\/d2p6e6u75xmxt8.cloudfront.net\/4\/2019\/02\/italy-1587278_1920-300x200.webp 300w, https:\/\/d2p6e6u75xmxt8.cloudfront.net\/4\/2019\/02\/italy-1587278_1920-1024x683.webp 1024w, https:\/\/d2p6e6u75xmxt8.cloudfront.net\/4\/2019\/02\/italy-1587278_1920-768x512.webp 768w, https:\/\/d2p6e6u75xmxt8.cloudfront.net\/4\/2019\/02\/italy-1587278_1920-272x182.webp 272w\" sizes=\"auto, (max-width: 1200px) 100vw, 1200px\" \/><\/a>\n\t\t\t<\/div><\/figure>\n\t\t<\/div>\n        \n<p>(zdroje fotiek: rentalbikeitaly.com, wsimag.com, tenutasanmichele.it, Pixabay)<\/p>\n","protected":false},"excerpt":{"rendered":"<p>Pri vysloven\u00ed slova Sic\u00edlia mnoh\u00fdm z\u00a0n\u00e1s pr\u00edde na um sc\u00e9na z\u00a0Krstn\u00e9ho otca, v\u00a0ktorej sa Michael Corleone prech\u00e1dza pr\u00e1ve v\u00a0Corleone a\u00a0pri\u013eahl\u00fdch [&hellip;]<\/p>\n","protected":false},"author":38,"featured_media":6398,"comment_status":"open","ping_status":"open","sticky":false,"template":"","format":"standard","meta":{"footnotes":""},"categories":[4,191],"tags":[275,115,487,546,261,691,533,180,567,773,532,412,851,850,852,419,741,55,508],"global-categories":[],"class_list":["post-6389","post","type-post","status-publish","format-standard","has-post-thumbnail","hentry","category-cestna-cyklisitika","category-odporucame","tag-cesta","tag-cestna-cyklistika","tag-cestny-bicykel","tag-cyklistika","tag-ebike","tag-elektrobicykel","tag-europa","tag-horska-cyklistika","tag-horucava","tag-hory","tag-jazdenie","tag-mtb","tag-ostrov","tag-sicilia","tag-sopka","tag-taliansko","tag-tip-na-vylet","tag-trening","tag-vylet"],"yoast_head":"<!-- This site is optimized with the Yoast SEO Premium plugin v25.3 (Yoast SEO v25.9) - https:\/\/yoast.com\/wordpress\/plugins\/seo\/ -->\n<title>Cyklistick\u00e1 destin\u00e1cia - stredomorsk\u00e1 Sic\u00edlia - \u0160koda We Love Cycling Slovensko<\/title>\n<meta name=\"robots\" content=\"index, follow, max-snippet:-1, max-image-preview:large, max-video-preview:-1\" \/>\n<link rel=\"canonical\" href=\"https:\/\/www.welovecycling.com\/sk\/2019\/03\/04\/cyklisticka-destinacia-stredomorska-sicilia\/\" \/>\n<meta property=\"og:locale\" content=\"sk_SK\" \/>\n<meta property=\"og:type\" content=\"article\" \/>\n<meta property=\"og:title\" content=\"Cyklistick\u00e1 destin\u00e1cia - stredomorsk\u00e1 Sic\u00edlia\" \/>\n<meta property=\"og:description\" content=\"Pri vysloven\u00ed slova Sic\u00edlia mnoh\u00fdm z\u00a0n\u00e1s pr\u00edde na um sc\u00e9na z\u00a0Krstn\u00e9ho otca, v\u00a0ktorej sa Michael Corleone prech\u00e1dza pr\u00e1ve v\u00a0Corleone a\u00a0pri\u013eahl\u00fdch [&hellip;]\" \/>\n<meta property=\"og:url\" content=\"https:\/\/www.welovecycling.com\/sk\/2019\/03\/04\/cyklisticka-destinacia-stredomorska-sicilia\/\" \/>\n<meta property=\"og:site_name\" content=\"\u0160koda We Love Cycling Slovensko\" \/>\n<meta property=\"article:published_time\" content=\"2019-03-04T08:19:11+00:00\" \/>\n<meta property=\"article:modified_time\" content=\"2019-03-13T13:39:12+00:00\" \/>\n<meta property=\"og:image\" content=\"https:\/\/d2p6e6u75xmxt8.cloudfront.net\/4\/2019\/02\/00.JPG.webp\" \/>\n\t<meta property=\"og:image:width\" content=\"1380\" \/>\n\t<meta property=\"og:image:height\" content=\"600\" \/>\n\t<meta property=\"og:image:type\" content=\"image\/webp\" \/>\n<meta name=\"author\" content=\"Ondrej Ga\u0161par\" \/>\n<meta name=\"twitter:card\" content=\"summary_large_image\" \/>\n<meta name=\"twitter:label1\" content=\"Written by\" \/>\n\t<meta name=\"twitter:data1\" content=\"We Love Cycling\" \/>\n\t<meta name=\"twitter:label2\" content=\"Est. reading time\" \/>\n\t<meta name=\"twitter:data2\" content=\"5\" \/>\n<script type=\"application\/ld+json\" class=\"yoast-schema-graph\">{\"@context\":\"https:\/\/schema.org\",\"@graph\":[{\"@type\":\"WebPage\",\"@id\":\"https:\/\/www.welovecycling.com\/sk\/2019\/03\/04\/cyklisticka-destinacia-stredomorska-sicilia\/\",\"url\":\"https:\/\/www.welovecycling.com\/sk\/2019\/03\/04\/cyklisticka-destinacia-stredomorska-sicilia\/\",\"name\":\"Cyklistick\u00e1 destin\u00e1cia - stredomorsk\u00e1 Sic\u00edlia - \u0160koda We Love Cycling Slovensko\",\"isPartOf\":{\"@id\":\"https:\/\/www.welovecycling.com\/sk\/#website\"},\"primaryImageOfPage\":{\"@id\":\"https:\/\/www.welovecycling.com\/sk\/2019\/03\/04\/cyklisticka-destinacia-stredomorska-sicilia\/#primaryimage\"},\"image\":{\"@id\":\"https:\/\/www.welovecycling.com\/sk\/2019\/03\/04\/cyklisticka-destinacia-stredomorska-sicilia\/#primaryimage\"},\"thumbnailUrl\":\"https:\/\/d2p6e6u75xmxt8.cloudfront.net\/4\/2019\/02\/00.JPG.webp\",\"datePublished\":\"2019-03-04T08:19:11+00:00\",\"dateModified\":\"2019-03-13T13:39:12+00:00\",\"author\":{\"@id\":\"https:\/\/www.welovecycling.com\/sk\/#\/schema\/person\/8ee09ba39b7e25b1870160aa5b3a89bc\"},\"breadcrumb\":{\"@id\":\"https:\/\/www.welovecycling.com\/sk\/2019\/03\/04\/cyklisticka-destinacia-stredomorska-sicilia\/#breadcrumb\"},\"inLanguage\":\"sk-SK\",\"potentialAction\":[{\"@type\":\"ReadAction\",\"target\":[\"https:\/\/www.welovecycling.com\/sk\/2019\/03\/04\/cyklisticka-destinacia-stredomorska-sicilia\/\"]}]},{\"@type\":\"ImageObject\",\"inLanguage\":\"sk-SK\",\"@id\":\"https:\/\/www.welovecycling.com\/sk\/2019\/03\/04\/cyklisticka-destinacia-stredomorska-sicilia\/#primaryimage\",\"url\":\"https:\/\/d2p6e6u75xmxt8.cloudfront.net\/4\/2019\/02\/00.JPG.webp\",\"contentUrl\":\"https:\/\/d2p6e6u75xmxt8.cloudfront.net\/4\/2019\/02\/00.JPG.webp\",\"width\":1380,\"height\":600},{\"@type\":\"BreadcrumbList\",\"@id\":\"https:\/\/www.welovecycling.com\/sk\/2019\/03\/04\/cyklisticka-destinacia-stredomorska-sicilia\/#breadcrumb\",\"itemListElement\":[{\"@type\":\"ListItem\",\"position\":1,\"name\":\"Home\",\"item\":\"https:\/\/www.welovecycling.com\/sk\/\"},{\"@type\":\"ListItem\",\"position\":2,\"name\":\"Cyklistick\u00e1 destin\u00e1cia &#8211; stredomorsk\u00e1 Sic\u00edlia\"}]},{\"@type\":\"WebSite\",\"@id\":\"https:\/\/www.welovecycling.com\/sk\/#website\",\"url\":\"https:\/\/www.welovecycling.com\/sk\/\",\"name\":\"\u0160koda We Love Cycling Slovensko\",\"description\":\"\u0160koda We Love Cycling Slovensko je v\u00e1\u0161 ka\u017edodenn\u00fd zdroj noviniek a in\u0161pir\u00e1cie z sveta cyklistiky\",\"potentialAction\":[{\"@type\":\"SearchAction\",\"target\":{\"@type\":\"EntryPoint\",\"urlTemplate\":\"https:\/\/www.welovecycling.com\/sk\/?s={search_term_string}\"},\"query-input\":{\"@type\":\"PropertyValueSpecification\",\"valueRequired\":true,\"valueName\":\"search_term_string\"}}],\"inLanguage\":\"sk-SK\"},{\"@type\":\"Person\",\"@id\":\"https:\/\/www.welovecycling.com\/sk\/#\/schema\/person\/8ee09ba39b7e25b1870160aa5b3a89bc\",\"name\":\"Ondrej Ga\u0161par\",\"image\":{\"@type\":\"ImageObject\",\"inLanguage\":\"sk-SK\",\"@id\":\"https:\/\/www.welovecycling.com\/sk\/#\/schema\/person\/image\/\",\"url\":\"https:\/\/secure.gravatar.com\/avatar\/6126c9afb87b70da5abbb083ddbb21933da15f18f8ca7cb822aba0fb096a48f6?s=96&d=mm&r=g\",\"contentUrl\":\"https:\/\/secure.gravatar.com\/avatar\/6126c9afb87b70da5abbb083ddbb21933da15f18f8ca7cb822aba0fb096a48f6?s=96&d=mm&r=g\",\"caption\":\"Ondrej Ga\u0161par\"},\"url\":\"https:\/\/www.welovecycling.com\/sk\/author\/ondrejgaspar\/\"}]}<\/script>\n<!-- \/ Yoast SEO Premium plugin. -->","yoast_head_json":{"title":"Cyklistick\u00e1 destin\u00e1cia - stredomorsk\u00e1 Sic\u00edlia - \u0160koda We Love Cycling Slovensko","robots":{"index":"index","follow":"follow","max-snippet":"max-snippet:-1","max-image-preview":"max-image-preview:large","max-video-preview":"max-video-preview:-1"},"canonical":"https:\/\/www.welovecycling.com\/sk\/2019\/03\/04\/cyklisticka-destinacia-stredomorska-sicilia\/","og_locale":"sk_SK","og_type":"article","og_title":"Cyklistick\u00e1 destin\u00e1cia - stredomorsk\u00e1 Sic\u00edlia","og_description":"Pri vysloven\u00ed slova Sic\u00edlia mnoh\u00fdm z\u00a0n\u00e1s pr\u00edde na um sc\u00e9na z\u00a0Krstn\u00e9ho otca, v\u00a0ktorej sa Michael Corleone prech\u00e1dza pr\u00e1ve v\u00a0Corleone a\u00a0pri\u013eahl\u00fdch [&hellip;]","og_url":"https:\/\/www.welovecycling.com\/sk\/2019\/03\/04\/cyklisticka-destinacia-stredomorska-sicilia\/","og_site_name":"\u0160koda We Love Cycling Slovensko","article_published_time":"2019-03-04T08:19:11+00:00","article_modified_time":"2019-03-13T13:39:12+00:00","og_image":[{"width":1380,"height":600,"url":"https:\/\/d2p6e6u75xmxt8.cloudfront.net\/4\/2019\/02\/00.JPG.webp","type":"image\/webp"}],"author":"Ondrej Ga\u0161par","twitter_card":"summary_large_image","twitter_misc":{"Written by":"We Love Cycling","Est. reading time":"5"},"schema":{"@context":"https:\/\/schema.org","@graph":[{"@type":"WebPage","@id":"https:\/\/www.welovecycling.com\/sk\/2019\/03\/04\/cyklisticka-destinacia-stredomorska-sicilia\/","url":"https:\/\/www.welovecycling.com\/sk\/2019\/03\/04\/cyklisticka-destinacia-stredomorska-sicilia\/","name":"Cyklistick\u00e1 destin\u00e1cia - stredomorsk\u00e1 Sic\u00edlia - \u0160koda We Love Cycling Slovensko","isPartOf":{"@id":"https:\/\/www.welovecycling.com\/sk\/#website"},"primaryImageOfPage":{"@id":"https:\/\/www.welovecycling.com\/sk\/2019\/03\/04\/cyklisticka-destinacia-stredomorska-sicilia\/#primaryimage"},"image":{"@id":"https:\/\/www.welovecycling.com\/sk\/2019\/03\/04\/cyklisticka-destinacia-stredomorska-sicilia\/#primaryimage"},"thumbnailUrl":"https:\/\/d2p6e6u75xmxt8.cloudfront.net\/4\/2019\/02\/00.JPG.webp","datePublished":"2019-03-04T08:19:11+00:00","dateModified":"2019-03-13T13:39:12+00:00","author":{"@id":"https:\/\/www.welovecycling.com\/sk\/#\/schema\/person\/8ee09ba39b7e25b1870160aa5b3a89bc"},"breadcrumb":{"@id":"https:\/\/www.welovecycling.com\/sk\/2019\/03\/04\/cyklisticka-destinacia-stredomorska-sicilia\/#breadcrumb"},"inLanguage":"sk-SK","potentialAction":[{"@type":"ReadAction","target":["https:\/\/www.welovecycling.com\/sk\/2019\/03\/04\/cyklisticka-destinacia-stredomorska-sicilia\/"]}]},{"@type":"ImageObject","inLanguage":"sk-SK","@id":"https:\/\/www.welovecycling.com\/sk\/2019\/03\/04\/cyklisticka-destinacia-stredomorska-sicilia\/#primaryimage","url":"https:\/\/d2p6e6u75xmxt8.cloudfront.net\/4\/2019\/02\/00.JPG.webp","contentUrl":"https:\/\/d2p6e6u75xmxt8.cloudfront.net\/4\/2019\/02\/00.JPG.webp","width":1380,"height":600},{"@type":"BreadcrumbList","@id":"https:\/\/www.welovecycling.com\/sk\/2019\/03\/04\/cyklisticka-destinacia-stredomorska-sicilia\/#breadcrumb","itemListElement":[{"@type":"ListItem","position":1,"name":"Home","item":"https:\/\/www.welovecycling.com\/sk\/"},{"@type":"ListItem","position":2,"name":"Cyklistick\u00e1 destin\u00e1cia &#8211; stredomorsk\u00e1 Sic\u00edlia"}]},{"@type":"WebSite","@id":"https:\/\/www.welovecycling.com\/sk\/#website","url":"https:\/\/www.welovecycling.com\/sk\/","name":"\u0160koda We Love Cycling Slovensko","description":"\u0160koda We Love Cycling Slovensko je v\u00e1\u0161 ka\u017edodenn\u00fd zdroj noviniek a in\u0161pir\u00e1cie z sveta cyklistiky","potentialAction":[{"@type":"SearchAction","target":{"@type":"EntryPoint","urlTemplate":"https:\/\/www.welovecycling.com\/sk\/?s={search_term_string}"},"query-input":{"@type":"PropertyValueSpecification","valueRequired":true,"valueName":"search_term_string"}}],"inLanguage":"sk-SK"},{"@type":"Person","@id":"https:\/\/www.welovecycling.com\/sk\/#\/schema\/person\/8ee09ba39b7e25b1870160aa5b3a89bc","name":"Ondrej Ga\u0161par","image":{"@type":"ImageObject","inLanguage":"sk-SK","@id":"https:\/\/www.welovecycling.com\/sk\/#\/schema\/person\/image\/","url":"https:\/\/secure.gravatar.com\/avatar\/6126c9afb87b70da5abbb083ddbb21933da15f18f8ca7cb822aba0fb096a48f6?s=96&d=mm&r=g","contentUrl":"https:\/\/secure.gravatar.com\/avatar\/6126c9afb87b70da5abbb083ddbb21933da15f18f8ca7cb822aba0fb096a48f6?s=96&d=mm&r=g","caption":"Ondrej Ga\u0161par"},"url":"https:\/\/www.welovecycling.com\/sk\/author\/ondrejgaspar\/"}]}},"_links":{"self":[{"href":"https:\/\/www.welovecycling.com\/sk\/wp-json\/wp\/v2\/posts\/6389","targetHints":{"allow":["GET"]}}],"collection":[{"href":"https:\/\/www.welovecycling.com\/sk\/wp-json\/wp\/v2\/posts"}],"about":[{"href":"https:\/\/www.welovecycling.com\/sk\/wp-json\/wp\/v2\/types\/post"}],"author":[{"embeddable":true,"href":"https:\/\/www.welovecycling.com\/sk\/wp-json\/wp\/v2\/users\/38"}],"replies":[{"embeddable":true,"href":"https:\/\/www.welovecycling.com\/sk\/wp-json\/wp\/v2\/comments?post=6389"}],"version-history":[{"count":2,"href":"https:\/\/www.welovecycling.com\/sk\/wp-json\/wp\/v2\/posts\/6389\/revisions"}],"predecessor-version":[{"id":6467,"href":"https:\/\/www.welovecycling.com\/sk\/wp-json\/wp\/v2\/posts\/6389\/revisions\/6467"}],"wp:featuredmedia":[{"embeddable":true,"href":"https:\/\/www.welovecycling.com\/sk\/wp-json\/wp\/v2\/media\/6398"}],"wp:attachment":[{"href":"https:\/\/www.welovecycling.com\/sk\/wp-json\/wp\/v2\/media?parent=6389"}],"wp:term":[{"taxonomy":"category","embeddable":true,"href":"https:\/\/www.welovecycling.com\/sk\/wp-json\/wp\/v2\/categories?post=6389"},{"taxonomy":"post_tag","embeddable":true,"href":"https:\/\/www.welovecycling.com\/sk\/wp-json\/wp\/v2\/tags?post=6389"},{"taxonomy":"global-categories","embeddable":true,"href":"https:\/\/www.welovecycling.com\/sk\/wp-json\/wp\/v2\/global-categories?post=6389"}],"curies":[{"name":"wp","href":"https:\/\/api.w.org\/{rel}","templated":true}]}}