{"id":6371,"date":"2019-02-27T08:00:43","date_gmt":"2019-02-27T07:00:43","guid":{"rendered":"https:\/\/www.welovecycling.com\/sk\/?p=6371"},"modified":"2019-07-04T16:27:32","modified_gmt":"2019-07-04T14:27:32","slug":"mesacna-desiatka-februar-pripravy-cas","status":"publish","type":"post","link":"https:\/\/www.welovecycling.com\/sk\/2019\/02\/27\/mesacna-desiatka-februar-pripravy-cas\/","title":{"rendered":"Mesa\u010dn\u00e1 desiatka &#8211; febru\u00e1r, pr\u00edpravy \u010das"},"content":{"rendered":"<p><strong>Ani v\u00a0porad\u00ed druh\u00fd mesiac nezanevrel na cyklistick\u00fd svet a\u00a0priniesol n\u00e1m, fan\u00fa\u0161ikom dvojkolesov\u00e9ho \u0161portu, viacero nov\u00fdch inform\u00e1cii a\u00a0aktual\u00edt. Od zverejnenia \u010dasti pl\u00e1novanej trate Tour de France v\u00a0roku 2021, cez klasifik\u00e1ciu podujat\u00ed, a\u017e po nev\u0161edn\u00e9 momenty. V\u0161etko to poukazuje na to, \u017ee cyklistika nie je len telesnou aktivitou, ale \u017eivotn\u00fdm \u0161t\u00fdlom.<\/strong><!--more--><\/p>\n<h2><strong>Tour de France v\u00a0roku 2021 pozn\u00e1 miesto \u0161tartu<\/strong><\/h2>\n<p>Organiz\u00e1tori TdF, na \u010dele s\u00a0riadite\u013eom Christianom Prudhommeom, zvolili <strong>D\u00e1nsko<\/strong> za t\u00fa krajinu, v\u00a0ktorej sa odohraj\u00fa \u00favodn\u00e9 etapy. Konkr\u00e9tne ide o\u00a0prol\u00f3g, teda \u010dasovku na 13 km, v\u00a0samom srdci krajiny, v\u00a0Kodani. Na druh\u00fd de\u0148 sa bude pokra\u010dova\u0165 u\u017e regul\u00e1rnou etapou na 190 km. Posledn\u00e1, tretia, zav\u00edta do mesta S\u00f8nderborg, v\u00a0ktorom sa pod\u013ea v\u0161etk\u00e9ho rozhodne na cie\u013eovej p\u00e1ske.<\/p>\n<lite-youtube videoid=wfDMrHtw6is params=\"enablejsapi=1\" style=\"background-image: url('https:\/\/i.ytimg.com\/vi_webp\/wfDMrHtw6is\/maxresdefault.webp');\"><\/lite-youtube>\n<h2><strong>Za\u010diatok sez\u00f3ny u\u017e tradi\u010dne na Sunshine Cup na Cypre<\/strong><\/h2>\n<p>Hviezdy horskej cyklistiky e\u0161te len \u010dak\u00e1 ostr\u00fd n\u00e1stup do sez\u00f3ny v\u00a0podobe svetov\u00e9ho poh\u00e1ra. Av\u0161ak, ani to im nebr\u00e1ni z\u00fa\u010dast\u0148ova\u0165 sa \u201emen\u0161\u00edch\u201c, ale ur\u010dite nie menej d\u00f4le\u017eit\u00fdch podujat\u00ed. Tak\u00fdm s\u00fa aj etapov\u00e9 preteky na Cypre. Tu sa stretli men\u00e1 ako <strong>Kulhav\u00fd, Cink, \u0160karnitzl<\/strong> \u010di mlad\u00edk <strong>Vastl<\/strong>. Pr\u00edjemn\u00e9 slne\u010dn\u00e9 po\u010dasie m\u00f4\u017eeme len ticho z\u00e1vidie\u0165. Zatia\u013e.<\/p>\n<p><a href=\"https:\/\/d2p6e6u75xmxt8.cloudfront.net\/4\/2019\/02\/01-1.jpg\"><img loading=\"lazy\" decoding=\"async\" class=\"alignnone size-full wp-image-6379\" src=\"https:\/\/d2p6e6u75xmxt8.cloudfront.net\/4\/2019\/02\/01-1.jpg\" alt=\"\" width=\"1200\" height=\"800\" \/><\/a><\/p>\n<h2><strong>Quintana v\u00ed\u0165azne po\u010das Tour Colombia<\/strong><\/h2>\n<p>Minuloro\u010dn\u00e1 sez\u00f3na kl\u00e1dla ot\u00e1zniky, ak sa hovorilo o\u00a0forme Naira Quintanu. Jeho predstavenie na Tour de France ukazovalo, akoby miesto Quintanu z\u00a0rokov minul\u00fdch, nast\u00fapil niekto in\u00fd. Ale \u00favodn\u00e9 preteky v\u00a0Kolumbii uk\u00e1zali, \u017ee v\u00a0tomto roku asi netreba z\u00fafa\u0165. <strong>V\u00ed\u0165azstvo v\u00a06. etape<\/strong> pred krajanmi Lopezom, Bernalom \u010di Uranom a\u00a0Henaom, hovoria o\u00a0svetl\u00fdch zajtraj\u0161koch.<\/p>\n<p>https:\/\/www.youtube.com\/watch?v=55laxi1R4s4<\/p>\n<h2><strong>Pom\u00f4\u017ete \u013eu\u010fom v n\u00fadzi k\u00fapou dresu majstra sveta<\/strong><\/h2>\n<p>Charitat\u00edvny prvok je \u00fazko spojen\u00fd so \u0161portom. \u010ci u\u017e ide o\u00a0futbal, hokej alebo dokonca aj cyklistiku, empatia a\u00a0tolerancia je badate\u013en\u00e1 medzi \u0161portovcami, ale aj mimo ihr\u00edsk a\u00a0\u0161tadi\u00f3nov. D\u00f4kazom toho je aj <strong>dra\u017eba dresov pretek\u00e1rov ako Kreuziger, Cink, Kulhav\u00fd<\/strong>. Nech\u00fdba ani majster sveta, <strong>Peter Sagan<\/strong> a\u00a0jeho majstrovsk\u00fd dres. M\u00f4\u017ee by\u0165 aj v\u00e1\u0161.<\/p>\n<p><a href=\"https:\/\/d2p6e6u75xmxt8.cloudfront.net\/4\/2019\/02\/02.png\"><img loading=\"lazy\" decoding=\"async\" class=\"alignnone size-full wp-image-6380\" src=\"https:\/\/d2p6e6u75xmxt8.cloudfront.net\/4\/2019\/02\/02.png\" alt=\"\" width=\"1200\" height=\"800\" \/><\/a><\/p>\n<h2><strong>Enduro World Series s\u00fa\u010das\u0165ou kalend\u00e1ra UCI<\/strong><\/h2>\n<p>Sn\u00e1\u010f najr\u00fdchlej\u0161ie rozv\u00edjaj\u00faci sa \u0161port, ktor\u00fd sa te\u0161\u00ed zo z\u00e1ujmu a\u00a0priazne v\u00a0celosvetovom mer\u00edtku, sa st\u00e1va od tohto roku <strong>s\u00fa\u010das\u0165ou ofici\u00e1lnych podujat\u00ed svetovej organiz\u00e1cie UCI<\/strong>. Enduro a\u00a0jeho nezastavite\u013en\u00fdch pretek\u00e1rov si budete m\u00f4c\u0165 pozrie\u0165 vo \u0160vaj\u010diarsku, Taliansku, Franc\u00fazsku, ale aj USA \u010di Novom Z\u00e9lande a\u00a0v\u00a0Tasm\u00e1nii.<\/p>\n<lite-youtube videoid=LxDLkifzGjU params=\"enablejsapi=1\" style=\"background-image: url('https:\/\/i.ytimg.com\/vi_webp\/LxDLkifzGjU\/maxresdefault.webp');\"><\/lite-youtube>\n<h2><strong>Okolo Om\u00e1nu v\u00a0ruk\u00e1ch Lutsenka<\/strong><\/h2>\n<p>Etapov\u00e9 preteky, zn\u00e1me svoj\u00edm exotick\u00fdm n\u00e1dychom Orientu a\u00a0skor\u00fdm term\u00ednom konania, uzatvorili kapitolu s\u00a0n\u00e1zvom 2019. <strong>Celkov\u00fdm v\u00ed\u0165azom sa stal Kazach, A. Lutsenko<\/strong>, ktor\u00fd o\u00a0cel\u00fdch 44 sek\u00fand dominoval pred Pozzovivom a\u00a0Herradom. Prip\u00edsal si tak u\u017e druh\u00fd triumf na tomto podujat\u00ed po minuloro\u010dnom v\u00ed\u0165azstve. Nadvia\u017ee na trad\u00edciu, ktor\u00fa zapo\u010dal Sagan s\u00a0majstrovsk\u00fdm dresmi?<\/p>\n<p><a href=\"https:\/\/d2p6e6u75xmxt8.cloudfront.net\/4\/2019\/02\/03-1.jpg\"><img loading=\"lazy\" decoding=\"async\" class=\"alignnone size-full wp-image-6381\" src=\"https:\/\/d2p6e6u75xmxt8.cloudfront.net\/4\/2019\/02\/03-1.jpg\" alt=\"\" width=\"1200\" height=\"800\" \/><\/a><\/p>\n<h2><strong>Neporazite\u013en\u00fd Mathieu Van Der Poel majstrom sveta v\u00a0cyklokrose<\/strong><\/h2>\n<p>U\u017e nieko\u013ekokr\u00e1t sme v\u00e1m priniesli spr\u00e1vy o\u00a0fam\u00f3znej sez\u00f3ne e\u0161te len 24-ro\u010dn\u00e9ho mlad\u00edka z\u00a0Holandska. Z\u00e1ver sez\u00f3ny, samozrejme tej cyklokrosovej, patril majstrovstv\u00e1m sveta. Ovl\u00e1dol ich nikto in\u00fd ako Van Der Poel s\u00f3lovou jazdou, ke\u010f sa u\u017e v\u00a03. kole (z 12) odp\u00fatal od po\u010detnej\u0161ej skupinky a\u00a0<strong>pri\u0161iel si po zlato<\/strong>. Minuloro\u010dn\u00e9mu majstrovi, Van Aertsovi, ostalo \u201elen\u201c striebro.<\/p>\n<p><a href=\"https:\/\/d2p6e6u75xmxt8.cloudfront.net\/4\/2019\/02\/04.jpg\"><img loading=\"lazy\" decoding=\"async\" class=\"alignnone size-full wp-image-6382\" src=\"https:\/\/d2p6e6u75xmxt8.cloudfront.net\/4\/2019\/02\/04.jpg\" alt=\"\" width=\"1200\" height=\"800\" \/><\/a><\/p>\n<h2><strong>Pripravte sa na klasiky!<\/strong><\/h2>\n<p>U\u017e 2. marca sa kon\u00e1 prv\u00e1 klasika tohto roka &#8211; <strong>Omloop Het Nieuwsblad<\/strong>. 200 km dlh\u00e1 tra\u0165 prever\u00ed fyzick\u00fa pripravenos\u0165 pretek\u00e1rov, medzi ktor\u00fdch patria hviezdy ako Trentin, Van Aert, Lampaert \u010di Gilbert, \u0160tybar a\u00a0Van Avermaet. \u017dia\u013e, Peter Sagan sa na tomto podujat\u00ed nepredvedie. Namiesto neho nast\u00fapi jeho brat Juraj.<\/p>\n<lite-youtube videoid=6DG9m1QALVM params=\"enablejsapi=1\" style=\"background-image: url('https:\/\/i.ytimg.com\/vi_webp\/6DG9m1QALVM\/maxresdefault.webp');\"><\/lite-youtube>\n<h2><strong>Red Bull Valparaiso Cerro Abajo \u2013 nev\u0161edn\u00fd zjazd<\/strong><\/h2>\n<p>V\u010faka <strong>Filipovi Polcovi<\/strong>, zjazd\u00e1rovi, ktor\u00fd sa vo svete presl\u00e1vil najm\u00e4 pri podujatiach v\u00a0mest\u00e1ch Latinskej Ameriky, kde jazdec mus\u00ed zvl\u00e1dnu\u0165 desiatky schodov, bl\u00edzkos\u0165 budov, st\u013apov \u010di \u013eud\u00ed, s\u00fa n\u00e1m tak\u00e9to akcie bli\u017e\u0161ie. Obdobn\u00fdmi pretekmi bol zjazd vo Valparaiso, ktor\u00fd, ako v\u00e1m pribl\u00ed\u017ei samotn\u00e9 video, nebol zadarmo!<\/p>\n<lite-youtube videoid=wjwZYJLUfeM params=\"enablejsapi=1\" style=\"background-image: url('https:\/\/i.ytimg.com\/vi_webp\/wjwZYJLUfeM\/maxresdefault.webp');\"><\/lite-youtube>\n<h2><strong>Slopestyle ly\u017eovanie, av\u0161ak na bicykli<\/strong><\/h2>\n<p>\u010casto sme svedkami extr\u00e9mnych po\u010dinov, medzi ktor\u00e9 patr\u00ed aj spom\u00ednan\u00fd mestsk\u00fd zjazd. Niekedy sa v\u0161ak jednotliv\u00e9 \u0161porty prepoja navz\u00e1jom, z\u00a0\u010doho vznikne zauj\u00edmav\u00fd a\u00a0nev\u0161edn\u00fd mix, z\u00a0ktor\u00e9ho n\u00e1m ost\u00e1va \u201erozum st\u00e1\u0165\u201c. <strong>Fabio Wibmer<\/strong> predv\u00e1dza, pre\u010do ho mnoh\u00ed ozna\u010duj\u00fa za <strong>jeden z\u00a0najv\u00e4\u010d\u0161\u00edch talentov technick\u00e9ho jazdenia v\u00a0horskej cyklistike<\/strong>.<\/p>\n<lite-youtube videoid=kj-Ft5fGGME params=\"enablejsapi=1\" style=\"background-image: url('https:\/\/i.ytimg.com\/vi_webp\/kj-Ft5fGGME\/maxresdefault.webp');\"><\/lite-youtube>\n<p>A\u00a0sme na konci. Okrem t\u00fdchto udalost\u00ed a\u00a0inform\u00e1cii sa toho vo febru\u00e1ri udialo omnoho viac. Av\u0161ak nie v\u0161etko sa d\u00e1 vtesna\u0165 do desiatich bodov. Bud\u00faci mesiac bude pln\u00fd akcie, najm\u00e4 z\u00a0oblasti cestnej cyklistiky. Nezah\u00e1\u013eate preto ani vy a\u00a0prevetrajte svoje stroje v\u00a0jarnom po\u010das\u00ed.<\/p>\n","protected":false},"excerpt":{"rendered":"<p>Ani v\u00a0porad\u00ed druh\u00fd mesiac nezanevrel na cyklistick\u00fd svet a\u00a0priniesol n\u00e1m, fan\u00fa\u0161ikom dvojkolesov\u00e9ho \u0161portu, viacero nov\u00fdch inform\u00e1cii a\u00a0aktual\u00edt. Od zverejnenia \u010dasti [&hellip;]<\/p>\n","protected":false},"author":38,"featured_media":6383,"comment_status":"open","ping_status":"open","sticky":false,"template":"","format":"standard","meta":{"footnotes":""},"categories":[191],"tags":[115,582,705,180,418,158,482,704,116,46,302,483,849,20,355,172],"global-categories":[],"class_list":["post-6371","post","type-post","status-publish","format-standard","has-post-thumbnail","hentry","category-odporucame","tag-cestna-cyklistika","tag-cyklokros","tag-enduro-world-series","tag-horska-cyklistika","tag-jarne-klasiky","tag-juraj-sagan","tag-majstrovsky-dres","tag-mathieu-van-der-poel","tag-nairo-quintana","tag-peter-sagan","tag-red-bull","tag-roman-kreuziger","tag-slopestyle","tag-tour-de-france","tag-uci","tag-zjazd"],"yoast_head":"<!-- This site is optimized with the Yoast SEO Premium plugin v25.3 (Yoast SEO v25.9) - https:\/\/yoast.com\/wordpress\/plugins\/seo\/ -->\n<title>Mesa\u010dn\u00e1 desiatka - febru\u00e1r, pr\u00edpravy \u010das - \u0160koda We Love Cycling Slovensko<\/title>\n<meta name=\"robots\" content=\"index, follow, max-snippet:-1, max-image-preview:large, max-video-preview:-1\" \/>\n<link rel=\"canonical\" href=\"https:\/\/www.welovecycling.com\/sk\/2019\/02\/27\/mesacna-desiatka-februar-pripravy-cas\/\" \/>\n<meta property=\"og:locale\" content=\"sk_SK\" \/>\n<meta property=\"og:type\" content=\"article\" \/>\n<meta property=\"og:title\" content=\"Mesa\u010dn\u00e1 desiatka - febru\u00e1r, pr\u00edpravy \u010das\" \/>\n<meta property=\"og:description\" content=\"Ani v\u00a0porad\u00ed druh\u00fd mesiac nezanevrel na cyklistick\u00fd svet a\u00a0priniesol n\u00e1m, fan\u00fa\u0161ikom dvojkolesov\u00e9ho \u0161portu, viacero nov\u00fdch inform\u00e1cii a\u00a0aktual\u00edt. Od zverejnenia \u010dasti [&hellip;]\" \/>\n<meta property=\"og:url\" content=\"https:\/\/www.welovecycling.com\/sk\/2019\/02\/27\/mesacna-desiatka-februar-pripravy-cas\/\" \/>\n<meta property=\"og:site_name\" content=\"\u0160koda We Love Cycling Slovensko\" \/>\n<meta property=\"article:published_time\" content=\"2019-02-27T07:00:43+00:00\" \/>\n<meta property=\"article:modified_time\" content=\"2019-07-04T14:27:32+00:00\" \/>\n<meta property=\"og:image\" content=\"https:\/\/d2p6e6u75xmxt8.cloudfront.net\/4\/2019\/02\/00.webp\" \/>\n\t<meta property=\"og:image:width\" content=\"1380\" \/>\n\t<meta property=\"og:image:height\" content=\"600\" \/>\n\t<meta property=\"og:image:type\" content=\"image\/webp\" \/>\n<meta name=\"author\" content=\"Ondrej Ga\u0161par\" \/>\n<meta name=\"twitter:card\" content=\"summary_large_image\" \/>\n<meta name=\"twitter:label1\" content=\"Written by\" \/>\n\t<meta name=\"twitter:data1\" content=\"We Love Cycling\" \/>\n\t<meta name=\"twitter:label2\" content=\"Est. reading time\" \/>\n\t<meta name=\"twitter:data2\" content=\"6\" \/>\n<script type=\"application\/ld+json\" class=\"yoast-schema-graph\">{\"@context\":\"https:\/\/schema.org\",\"@graph\":[{\"@type\":\"WebPage\",\"@id\":\"https:\/\/www.welovecycling.com\/sk\/2019\/02\/27\/mesacna-desiatka-februar-pripravy-cas\/\",\"url\":\"https:\/\/www.welovecycling.com\/sk\/2019\/02\/27\/mesacna-desiatka-februar-pripravy-cas\/\",\"name\":\"Mesa\u010dn\u00e1 desiatka - febru\u00e1r, pr\u00edpravy \u010das - \u0160koda We Love Cycling Slovensko\",\"isPartOf\":{\"@id\":\"https:\/\/www.welovecycling.com\/sk\/#website\"},\"primaryImageOfPage\":{\"@id\":\"https:\/\/www.welovecycling.com\/sk\/2019\/02\/27\/mesacna-desiatka-februar-pripravy-cas\/#primaryimage\"},\"image\":{\"@id\":\"https:\/\/www.welovecycling.com\/sk\/2019\/02\/27\/mesacna-desiatka-februar-pripravy-cas\/#primaryimage\"},\"thumbnailUrl\":\"https:\/\/d2p6e6u75xmxt8.cloudfront.net\/4\/2019\/02\/00.webp\",\"datePublished\":\"2019-02-27T07:00:43+00:00\",\"dateModified\":\"2019-07-04T14:27:32+00:00\",\"author\":{\"@id\":\"https:\/\/www.welovecycling.com\/sk\/#\/schema\/person\/8ee09ba39b7e25b1870160aa5b3a89bc\"},\"breadcrumb\":{\"@id\":\"https:\/\/www.welovecycling.com\/sk\/2019\/02\/27\/mesacna-desiatka-februar-pripravy-cas\/#breadcrumb\"},\"inLanguage\":\"sk-SK\",\"potentialAction\":[{\"@type\":\"ReadAction\",\"target\":[\"https:\/\/www.welovecycling.com\/sk\/2019\/02\/27\/mesacna-desiatka-februar-pripravy-cas\/\"]}]},{\"@type\":\"ImageObject\",\"inLanguage\":\"sk-SK\",\"@id\":\"https:\/\/www.welovecycling.com\/sk\/2019\/02\/27\/mesacna-desiatka-februar-pripravy-cas\/#primaryimage\",\"url\":\"https:\/\/d2p6e6u75xmxt8.cloudfront.net\/4\/2019\/02\/00.webp\",\"contentUrl\":\"https:\/\/d2p6e6u75xmxt8.cloudfront.net\/4\/2019\/02\/00.webp\",\"width\":1380,\"height\":600},{\"@type\":\"BreadcrumbList\",\"@id\":\"https:\/\/www.welovecycling.com\/sk\/2019\/02\/27\/mesacna-desiatka-februar-pripravy-cas\/#breadcrumb\",\"itemListElement\":[{\"@type\":\"ListItem\",\"position\":1,\"name\":\"Home\",\"item\":\"https:\/\/www.welovecycling.com\/sk\/\"},{\"@type\":\"ListItem\",\"position\":2,\"name\":\"Mesa\u010dn\u00e1 desiatka &#8211; febru\u00e1r, pr\u00edpravy \u010das\"}]},{\"@type\":\"WebSite\",\"@id\":\"https:\/\/www.welovecycling.com\/sk\/#website\",\"url\":\"https:\/\/www.welovecycling.com\/sk\/\",\"name\":\"\u0160koda We Love Cycling Slovensko\",\"description\":\"\u0160koda We Love Cycling Slovensko je v\u00e1\u0161 ka\u017edodenn\u00fd zdroj noviniek a in\u0161pir\u00e1cie z sveta cyklistiky\",\"potentialAction\":[{\"@type\":\"SearchAction\",\"target\":{\"@type\":\"EntryPoint\",\"urlTemplate\":\"https:\/\/www.welovecycling.com\/sk\/?s={search_term_string}\"},\"query-input\":{\"@type\":\"PropertyValueSpecification\",\"valueRequired\":true,\"valueName\":\"search_term_string\"}}],\"inLanguage\":\"sk-SK\"},{\"@type\":\"Person\",\"@id\":\"https:\/\/www.welovecycling.com\/sk\/#\/schema\/person\/8ee09ba39b7e25b1870160aa5b3a89bc\",\"name\":\"Ondrej Ga\u0161par\",\"image\":{\"@type\":\"ImageObject\",\"inLanguage\":\"sk-SK\",\"@id\":\"https:\/\/www.welovecycling.com\/sk\/#\/schema\/person\/image\/\",\"url\":\"https:\/\/secure.gravatar.com\/avatar\/6126c9afb87b70da5abbb083ddbb21933da15f18f8ca7cb822aba0fb096a48f6?s=96&d=mm&r=g\",\"contentUrl\":\"https:\/\/secure.gravatar.com\/avatar\/6126c9afb87b70da5abbb083ddbb21933da15f18f8ca7cb822aba0fb096a48f6?s=96&d=mm&r=g\",\"caption\":\"Ondrej Ga\u0161par\"},\"url\":\"https:\/\/www.welovecycling.com\/sk\/author\/ondrejgaspar\/\"}]}<\/script>\n<!-- \/ Yoast SEO Premium plugin. -->","yoast_head_json":{"title":"Mesa\u010dn\u00e1 desiatka - febru\u00e1r, pr\u00edpravy \u010das - \u0160koda We Love Cycling Slovensko","robots":{"index":"index","follow":"follow","max-snippet":"max-snippet:-1","max-image-preview":"max-image-preview:large","max-video-preview":"max-video-preview:-1"},"canonical":"https:\/\/www.welovecycling.com\/sk\/2019\/02\/27\/mesacna-desiatka-februar-pripravy-cas\/","og_locale":"sk_SK","og_type":"article","og_title":"Mesa\u010dn\u00e1 desiatka - febru\u00e1r, pr\u00edpravy \u010das","og_description":"Ani v\u00a0porad\u00ed druh\u00fd mesiac nezanevrel na cyklistick\u00fd svet a\u00a0priniesol n\u00e1m, fan\u00fa\u0161ikom dvojkolesov\u00e9ho \u0161portu, viacero nov\u00fdch inform\u00e1cii a\u00a0aktual\u00edt. Od zverejnenia \u010dasti [&hellip;]","og_url":"https:\/\/www.welovecycling.com\/sk\/2019\/02\/27\/mesacna-desiatka-februar-pripravy-cas\/","og_site_name":"\u0160koda We Love Cycling Slovensko","article_published_time":"2019-02-27T07:00:43+00:00","article_modified_time":"2019-07-04T14:27:32+00:00","og_image":[{"width":1380,"height":600,"url":"https:\/\/d2p6e6u75xmxt8.cloudfront.net\/4\/2019\/02\/00.webp","type":"image\/webp"}],"author":"Ondrej Ga\u0161par","twitter_card":"summary_large_image","twitter_misc":{"Written by":"We Love Cycling","Est. reading time":"6"},"schema":{"@context":"https:\/\/schema.org","@graph":[{"@type":"WebPage","@id":"https:\/\/www.welovecycling.com\/sk\/2019\/02\/27\/mesacna-desiatka-februar-pripravy-cas\/","url":"https:\/\/www.welovecycling.com\/sk\/2019\/02\/27\/mesacna-desiatka-februar-pripravy-cas\/","name":"Mesa\u010dn\u00e1 desiatka - febru\u00e1r, pr\u00edpravy \u010das - \u0160koda We Love Cycling Slovensko","isPartOf":{"@id":"https:\/\/www.welovecycling.com\/sk\/#website"},"primaryImageOfPage":{"@id":"https:\/\/www.welovecycling.com\/sk\/2019\/02\/27\/mesacna-desiatka-februar-pripravy-cas\/#primaryimage"},"image":{"@id":"https:\/\/www.welovecycling.com\/sk\/2019\/02\/27\/mesacna-desiatka-februar-pripravy-cas\/#primaryimage"},"thumbnailUrl":"https:\/\/d2p6e6u75xmxt8.cloudfront.net\/4\/2019\/02\/00.webp","datePublished":"2019-02-27T07:00:43+00:00","dateModified":"2019-07-04T14:27:32+00:00","author":{"@id":"https:\/\/www.welovecycling.com\/sk\/#\/schema\/person\/8ee09ba39b7e25b1870160aa5b3a89bc"},"breadcrumb":{"@id":"https:\/\/www.welovecycling.com\/sk\/2019\/02\/27\/mesacna-desiatka-februar-pripravy-cas\/#breadcrumb"},"inLanguage":"sk-SK","potentialAction":[{"@type":"ReadAction","target":["https:\/\/www.welovecycling.com\/sk\/2019\/02\/27\/mesacna-desiatka-februar-pripravy-cas\/"]}]},{"@type":"ImageObject","inLanguage":"sk-SK","@id":"https:\/\/www.welovecycling.com\/sk\/2019\/02\/27\/mesacna-desiatka-februar-pripravy-cas\/#primaryimage","url":"https:\/\/d2p6e6u75xmxt8.cloudfront.net\/4\/2019\/02\/00.webp","contentUrl":"https:\/\/d2p6e6u75xmxt8.cloudfront.net\/4\/2019\/02\/00.webp","width":1380,"height":600},{"@type":"BreadcrumbList","@id":"https:\/\/www.welovecycling.com\/sk\/2019\/02\/27\/mesacna-desiatka-februar-pripravy-cas\/#breadcrumb","itemListElement":[{"@type":"ListItem","position":1,"name":"Home","item":"https:\/\/www.welovecycling.com\/sk\/"},{"@type":"ListItem","position":2,"name":"Mesa\u010dn\u00e1 desiatka &#8211; febru\u00e1r, pr\u00edpravy \u010das"}]},{"@type":"WebSite","@id":"https:\/\/www.welovecycling.com\/sk\/#website","url":"https:\/\/www.welovecycling.com\/sk\/","name":"\u0160koda We Love Cycling Slovensko","description":"\u0160koda We Love Cycling Slovensko je v\u00e1\u0161 ka\u017edodenn\u00fd zdroj noviniek a in\u0161pir\u00e1cie z sveta cyklistiky","potentialAction":[{"@type":"SearchAction","target":{"@type":"EntryPoint","urlTemplate":"https:\/\/www.welovecycling.com\/sk\/?s={search_term_string}"},"query-input":{"@type":"PropertyValueSpecification","valueRequired":true,"valueName":"search_term_string"}}],"inLanguage":"sk-SK"},{"@type":"Person","@id":"https:\/\/www.welovecycling.com\/sk\/#\/schema\/person\/8ee09ba39b7e25b1870160aa5b3a89bc","name":"Ondrej Ga\u0161par","image":{"@type":"ImageObject","inLanguage":"sk-SK","@id":"https:\/\/www.welovecycling.com\/sk\/#\/schema\/person\/image\/","url":"https:\/\/secure.gravatar.com\/avatar\/6126c9afb87b70da5abbb083ddbb21933da15f18f8ca7cb822aba0fb096a48f6?s=96&d=mm&r=g","contentUrl":"https:\/\/secure.gravatar.com\/avatar\/6126c9afb87b70da5abbb083ddbb21933da15f18f8ca7cb822aba0fb096a48f6?s=96&d=mm&r=g","caption":"Ondrej Ga\u0161par"},"url":"https:\/\/www.welovecycling.com\/sk\/author\/ondrejgaspar\/"}]}},"_links":{"self":[{"href":"https:\/\/www.welovecycling.com\/sk\/wp-json\/wp\/v2\/posts\/6371","targetHints":{"allow":["GET"]}}],"collection":[{"href":"https:\/\/www.welovecycling.com\/sk\/wp-json\/wp\/v2\/posts"}],"about":[{"href":"https:\/\/www.welovecycling.com\/sk\/wp-json\/wp\/v2\/types\/post"}],"author":[{"embeddable":true,"href":"https:\/\/www.welovecycling.com\/sk\/wp-json\/wp\/v2\/users\/38"}],"replies":[{"embeddable":true,"href":"https:\/\/www.welovecycling.com\/sk\/wp-json\/wp\/v2\/comments?post=6371"}],"version-history":[{"count":2,"href":"https:\/\/www.welovecycling.com\/sk\/wp-json\/wp\/v2\/posts\/6371\/revisions"}],"predecessor-version":[{"id":6413,"href":"https:\/\/www.welovecycling.com\/sk\/wp-json\/wp\/v2\/posts\/6371\/revisions\/6413"}],"wp:featuredmedia":[{"embeddable":true,"href":"https:\/\/www.welovecycling.com\/sk\/wp-json\/wp\/v2\/media\/6383"}],"wp:attachment":[{"href":"https:\/\/www.welovecycling.com\/sk\/wp-json\/wp\/v2\/media?parent=6371"}],"wp:term":[{"taxonomy":"category","embeddable":true,"href":"https:\/\/www.welovecycling.com\/sk\/wp-json\/wp\/v2\/categories?post=6371"},{"taxonomy":"post_tag","embeddable":true,"href":"https:\/\/www.welovecycling.com\/sk\/wp-json\/wp\/v2\/tags?post=6371"},{"taxonomy":"global-categories","embeddable":true,"href":"https:\/\/www.welovecycling.com\/sk\/wp-json\/wp\/v2\/global-categories?post=6371"}],"curies":[{"name":"wp","href":"https:\/\/api.w.org\/{rel}","templated":true}]}}