{"id":6337,"date":"2020-03-18T09:15:46","date_gmt":"2020-03-18T08:15:46","guid":{"rendered":"https:\/\/www.welovecycling.com\/sk\/?p=6337"},"modified":"2023-04-24T12:29:30","modified_gmt":"2023-04-24T10:29:30","slug":"fixie-cyklisticky-fenomen-ci-zivotny-styl","status":"publish","type":"post","link":"https:\/\/www.welovecycling.com\/sk\/2020\/03\/18\/fixie-cyklisticky-fenomen-ci-zivotny-styl\/","title":{"rendered":"Fixie &#8211; cyklistick\u00fd fenom\u00e9n \u010di \u017eivotn\u00fd \u0161t\u00fdl?"},"content":{"rendered":"<p><strong>Po\u010duli ste u\u017e o\u00a0fixed bike, fixed-gear alebo jednoducho fixie? Ur\u010dite \u00e1no a\u00a0mnoh\u00ed ste to svojho \u010dasu aj sk\u00fasili. Je to u\u017e p\u00e1r rokov, \u010do pri\u0161li aj na Slovensku do m\u00f3dy a\u00a0pre t\u00fdch, ktor\u00ed st\u00e1le nevedia o\u00a0\u010do ide, s\u00fa to bicykle len s\u00a0jedn\u00fdm pevn\u00fdm prevodom (bez volnobehu), v\u010faka \u010domu mus\u00edte st\u00e1le \u0161liapa\u0165 do ped\u00e1lov, aj ke\u010f idete dolu kopcom.<\/strong><!--more--><\/p>\n<p><img loading=\"lazy\" decoding=\"async\" class=\"alignnone size-full wp-image-9417\" src=\"https:\/\/d2p6e6u75xmxt8.cloudfront.net\/4\/2019\/02\/Fixie_01.jpg\" alt=\"\" width=\"1200\" height=\"800\" \/><\/p>\n<p>Bicykle spopularizovali messengeri vo ve\u013ek\u00fdch svetov\u00fdch metropol\u00e1ch a\u00a0ve\u013emi r\u00fdchlo sa z\u00a0jazdenia na &#8222;fixk\u00e1ch&#8220; stal <strong>fenom\u00e9n a\u00a0\u017eivotn\u00fd \u0161t\u00fdl<\/strong>. Nie ka\u017ed\u00fd si toti\u017e tr\u00fafne <strong>jazdi\u0165 bez b\u0155zd<\/strong>, a\u00a0tak sa t\u00fdch nieko\u013eko nad\u0161encov sp\u00e1jalo a\u00a0\u010dasto jazdili mestom v\u00a0skupink\u00e1ch. Za\u017eili sa aj r\u00fddzo slovensk\u00e9 v\u00fdrazy ako <strong>furt(o)\u0161\u013eap<\/strong> \u010di <strong>jednokole\u010dko<\/strong>.<\/p>\n<p><img loading=\"lazy\" decoding=\"async\" class=\"alignnone size-full wp-image-9418\" src=\"https:\/\/d2p6e6u75xmxt8.cloudfront.net\/4\/2019\/02\/Fixie_02_pexels.jpg\" alt=\"\" width=\"1200\" height=\"800\" \/><\/p>\n<p>Jednoduch\u00fd a\u00a0\u010dist\u00fd dizajn t\u00fdchto bicyklov zaujme u\u017e na prv\u00fd poh\u013ead aj v\u010faka tomu, \u017ee ho <strong>nekazia \u017eiadne lank\u00e1 od b\u0155zd a\u00a0prehadzova\u010diek<\/strong>. V\u00a0komunit\u00e1ch fan\u00fa\u0161ikov sa predbiehaj\u00fa, kto pr\u00edde s\u00a0origin\u00e1lnej\u0161\u00edm n\u00e1padom, ako by\u0165 na bicykli vidite\u013enej\u0161\u00ed a\u00a0ako sa odl\u00ed\u0161i\u0165 od ostatn\u00fdch. Dizajnu a\u00a0n\u00e1padom sa neklad\u00fa \u017eiadne medze.<\/p>\n<p><img loading=\"lazy\" decoding=\"async\" class=\"alignnone size-full wp-image-9419\" src=\"https:\/\/d2p6e6u75xmxt8.cloudfront.net\/4\/2019\/02\/Fixie_03_pixabay.jpg\" alt=\"\" width=\"1200\" height=\"800\" \/><\/p>\n<p>Moment\u00e1lne je trendom medzi mlad\u00fdmi \u013eu\u010fmi minimalizmus a\u00a0je ve\u013ek\u00fd predpoklad, \u017ee sa <strong>fixie znovu vr\u00e1tia na sc\u00e9nu v\u00a0plnej sile<\/strong>, preto\u017ee odkazuj\u00fa na \u00fapln\u00e9 za\u010diatky v\u00fdvoja cyklistiky. A m\u00e1me e\u0161te jednu zauj\u00edmavos\u0165; vraj s\u00fa skvelou vo\u013ebou pre jazdu do mesta aj z\u00a0toho d\u00f4vodu, \u017ee sa nemus\u00edte b\u00e1\u0165 kr\u00e1de\u017ee. M\u00e1loktor\u00fd zlodej toti\u017e ovl\u00e1da jazdu na bicykli bez vo\u013enobehu a b\u0155zd, tak\u017ee v\u00a0tom lep\u0161om pr\u00edpade ho v\u00e1\u0161 &#8222;t\u00e1to\u0161&#8220; zhod\u00ed hne\u010f za najbli\u017e\u0161\u00edm rohom.<\/p>\n<div class=\"embed-controller-wrapper\">\n<div class=\"embed-wrapper\"><iframe title=\"Ostre ko\u0142o \/ fixed gear\" data-src=\"https:\/\/player.vimeo.com\/video\/14866383?dnt=1&amp;app_id=122963\" width=\"500\" height=\"281\" frameborder=\"0\" allow=\"autoplay; fullscreen; picture-in-picture; clipboard-write\"><\/iframe><\/div>\n<\/div>\n<p>Fixie s\u00fa e\u0161te st\u00e1le ob\u013e\u00faben\u00e9 medzi hipstermi a\u00a0skr\u00e1tka\u00a0medzi t\u00fdmi, ktor\u00ed sa <strong>chc\u00fa nie\u010d\u00edm odl\u00ed\u0161i\u0165 od ostatn\u00fdch<\/strong>. V\u0161etko v\u0161ak treba robi\u0165 s\u00a0mierou a\u00a0ani pri \u0161porte netreba zab\u00fada\u0165, \u017ee cyklistika je hlavne o\u00a0radosti z\u00a0pohybu a\u00a0stret\u00e1van\u00ed sa s\u00a0priate\u013emi, ktor\u00ed maj\u00fa rovnak\u00fa v\u00e1\u0161e\u0148 ako vy. Ak v\u0161ak vo svojom okol\u00ed pozn\u00e1te niekoho, kto sa nad ostatn\u00fdch vyvy\u0161uje, \u010di u\u017e svojimi zdanliv\u00fdmi znalos\u0165ami alebo \u00faspechmi, \u010dasto m\u00f4\u017ee by\u0165 ozna\u010den\u00fd ako snob. A o\u00a0snobizme v\u00a0cyklistke si m\u00f4\u017eete pre\u010d\u00edta\u0165 na str\u00e1nkach WeLoveCycling.<\/p>\n<div class=\"shortcode-ys-post-pinup\"><article class=\"loop-simple post-6270 post type-post status-publish format-standard has-post-thumbnail hentry category-zabava tag-bicykel tag-celoodpruzeny-bicykel tag-cestna-cyklistika tag-cestny-bicykel tag-chvalenkar tag-horska-cyklistika tag-karbon tag-mestsky-bicykel tag-mtb tag-snob tag-snobizmus\" data-postid=\"6270\" role=\"article\" data-post-id=\"6270\" data-word-count=\"345\" data-headline-length=\"20\" data-category=\"Z\u00e1bava\" data-author=\"Christopher Ashley\" data-published=\"2019-02-22T10:30:32+01:00\" data-published-day=\"Friday\">\n    <div class=\"entry-thumbnail article-thumbnail\" content=\"https:\/\/d2p6e6u75xmxt8.cloudfront.net\/4\/2019\/02\/rapha1-150x150.webp\"><a href=\"https:\/\/www.welovecycling.com\/sk\/2019\/02\/22\/snobizmus-na-bicykli\/\" class=\"image-holder\" target=\"_self\"><img decoding=\"async\" loading=\"lazy\" class=\"\" src=\"https:\/\/d2p6e6u75xmxt8.cloudfront.net\/4\/2019\/02\/rapha1-1024x447.webp\" srcset=\"https:\/\/d2p6e6u75xmxt8.cloudfront.net\/4\/2019\/02\/rapha1.webp 1375w, https:\/\/d2p6e6u75xmxt8.cloudfront.net\/4\/2019\/02\/rapha1-300x131.webp 300w, https:\/\/d2p6e6u75xmxt8.cloudfront.net\/4\/2019\/02\/rapha1-1024x447.webp 1024w, https:\/\/d2p6e6u75xmxt8.cloudfront.net\/4\/2019\/02\/rapha1-768x335.webp 768w\" width=\"1024\" height=\"447\" sizes=\"auto, (min-width: 1200px) 458px, (min-width: 768px) 38vw, 100vw\" alt=\"snobizmus-na-bicykli\"\/><\/a><\/div>    <div class=\"entry-meta\">\n        <a class=\"label label-secondary post-category\" href=\"https:\/\/www.welovecycling.com\/sk\/category\/zabava\/\" title=\"Z\u00e1bava\">Z\u00e1bava<\/a>\n    <\/div>\n    <div class=\"entry-details\">\n        <a href=\"https:\/\/www.welovecycling.com\/sk\/2019\/02\/22\/snobizmus-na-bicykli\/\" class='entry-title-wrapper'>\n            <h3 class=\"entry-title\"><span>Snobizmus na bicykli<\/span><\/h3>\n        <\/a>\n    <\/div>\n    <\/article>\n<\/div>\n<p>Ver\u00edme, \u017ee vy sa v\u00a0t\u00fdch charakteristik\u00e1ch snobov nen\u00e1jdete a\u00a0ak n\u00e1hodou \u00e1no, treba sa r\u00fdchlo nad sebou zamyslie\u0165 :-).<\/p>\n<p>(zdroj fotografi\u00ed: pixibay.com, pexels.com)<\/p>\n","protected":false},"excerpt":{"rendered":"<p>Po\u010duli ste u\u017e o\u00a0fixed bike, fixed-gear alebo jednoducho fixie? Ur\u010dite \u00e1no a\u00a0mnoh\u00ed ste to svojho \u010dasu aj sk\u00fasili. Je to [&hellip;]<\/p>\n","protected":false},"author":38,"featured_media":9416,"comment_status":"open","ping_status":"open","sticky":false,"template":"","format":"standard","meta":{"footnotes":""},"categories":[604,118],"tags":[559,619,184,847,843,532,844,596,845,777,828,827,846,848],"global-categories":[],"class_list":["post-6337","post","type-post","status-publish","format-standard","has-post-thumbnail","hentry","category-urban-cyklistika","category-zabava","tag-bicykel","tag-bicyklovanie","tag-dizajn","tag-fenomem","tag-fixie","tag-jazdenie","tag-jednokolecko","tag-mestsky-bicykel","tag-minimalizmus","tag-slovenske-cesty","tag-snob","tag-snobizmus","tag-styl","tag-zivotny-styl"],"yoast_head":"<!-- This site is optimized with the Yoast SEO Premium plugin v25.3 (Yoast SEO v25.9) - https:\/\/yoast.com\/wordpress\/plugins\/seo\/ -->\n<title>Fixie - cyklistick\u00fd fenom\u00e9n \u010di \u017eivotn\u00fd \u0161t\u00fdl?<\/title>\n<meta name=\"description\" content=\"Po\u010duli ste u\u017e o\u00a0fixed bike, fixed-gear alebo jednoducho fixie? Ur\u010dite \u00e1no a\u00a0mnoh\u00ed ste to svojho \u010dasu aj sk\u00fasili.\" \/>\n<meta name=\"robots\" content=\"index, follow, max-snippet:-1, max-image-preview:large, max-video-preview:-1\" \/>\n<link rel=\"canonical\" href=\"https:\/\/www.welovecycling.com\/sk\/2020\/03\/18\/fixie-cyklisticky-fenomen-ci-zivotny-styl\/\" \/>\n<meta property=\"og:locale\" content=\"sk_SK\" \/>\n<meta property=\"og:type\" content=\"article\" \/>\n<meta property=\"og:title\" content=\"Fixie - cyklistick\u00fd fenom\u00e9n \u010di \u017eivotn\u00fd \u0161t\u00fdl?\" \/>\n<meta property=\"og:description\" content=\"Po\u010duli ste u\u017e o\u00a0fixed bike, fixed-gear alebo jednoducho fixie? Ur\u010dite \u00e1no a\u00a0mnoh\u00ed ste to svojho \u010dasu aj sk\u00fasili.\" \/>\n<meta property=\"og:url\" content=\"https:\/\/www.welovecycling.com\/sk\/2020\/03\/18\/fixie-cyklisticky-fenomen-ci-zivotny-styl\/\" \/>\n<meta property=\"og:site_name\" content=\"\u0160koda We Love Cycling Slovensko\" \/>\n<meta property=\"article:published_time\" content=\"2020-03-18T08:15:46+00:00\" \/>\n<meta property=\"article:modified_time\" content=\"2023-04-24T10:29:30+00:00\" \/>\n<meta property=\"og:image\" content=\"https:\/\/d2p6e6u75xmxt8.cloudfront.net\/4\/2019\/02\/Fixie_00.webp\" \/>\n\t<meta property=\"og:image:width\" content=\"1380\" \/>\n\t<meta property=\"og:image:height\" content=\"600\" \/>\n\t<meta property=\"og:image:type\" content=\"image\/webp\" \/>\n<meta name=\"author\" content=\"Ondrej Ga\u0161par\" \/>\n<meta name=\"twitter:card\" content=\"summary_large_image\" \/>\n<meta name=\"twitter:label1\" content=\"Written by\" \/>\n\t<meta name=\"twitter:data1\" content=\"Christopher Ashley\" \/>\n\t<meta name=\"twitter:label2\" content=\"Est. reading time\" \/>\n\t<meta name=\"twitter:data2\" content=\"4\" \/>\n<script type=\"application\/ld+json\" class=\"yoast-schema-graph\">{\"@context\":\"https:\/\/schema.org\",\"@graph\":[{\"@type\":\"WebPage\",\"@id\":\"https:\/\/www.welovecycling.com\/sk\/2020\/03\/18\/fixie-cyklisticky-fenomen-ci-zivotny-styl\/\",\"url\":\"https:\/\/www.welovecycling.com\/sk\/2020\/03\/18\/fixie-cyklisticky-fenomen-ci-zivotny-styl\/\",\"name\":\"Fixie - cyklistick\u00fd fenom\u00e9n \u010di \u017eivotn\u00fd \u0161t\u00fdl?\",\"isPartOf\":{\"@id\":\"https:\/\/www.welovecycling.com\/sk\/#website\"},\"primaryImageOfPage\":{\"@id\":\"https:\/\/www.welovecycling.com\/sk\/2020\/03\/18\/fixie-cyklisticky-fenomen-ci-zivotny-styl\/#primaryimage\"},\"image\":{\"@id\":\"https:\/\/www.welovecycling.com\/sk\/2020\/03\/18\/fixie-cyklisticky-fenomen-ci-zivotny-styl\/#primaryimage\"},\"thumbnailUrl\":\"https:\/\/d2p6e6u75xmxt8.cloudfront.net\/4\/2019\/02\/Fixie_00.webp\",\"datePublished\":\"2020-03-18T08:15:46+00:00\",\"dateModified\":\"2023-04-24T10:29:30+00:00\",\"author\":{\"@id\":\"https:\/\/www.welovecycling.com\/sk\/#\/schema\/person\/8ee09ba39b7e25b1870160aa5b3a89bc\"},\"description\":\"Po\u010duli ste u\u017e o\u00a0fixed bike, fixed-gear alebo jednoducho fixie? Ur\u010dite \u00e1no a\u00a0mnoh\u00ed ste to svojho \u010dasu aj sk\u00fasili.\",\"breadcrumb\":{\"@id\":\"https:\/\/www.welovecycling.com\/sk\/2020\/03\/18\/fixie-cyklisticky-fenomen-ci-zivotny-styl\/#breadcrumb\"},\"inLanguage\":\"sk-SK\",\"potentialAction\":[{\"@type\":\"ReadAction\",\"target\":[\"https:\/\/www.welovecycling.com\/sk\/2020\/03\/18\/fixie-cyklisticky-fenomen-ci-zivotny-styl\/\"]}]},{\"@type\":\"ImageObject\",\"inLanguage\":\"sk-SK\",\"@id\":\"https:\/\/www.welovecycling.com\/sk\/2020\/03\/18\/fixie-cyklisticky-fenomen-ci-zivotny-styl\/#primaryimage\",\"url\":\"https:\/\/d2p6e6u75xmxt8.cloudfront.net\/4\/2019\/02\/Fixie_00.webp\",\"contentUrl\":\"https:\/\/d2p6e6u75xmxt8.cloudfront.net\/4\/2019\/02\/Fixie_00.webp\",\"width\":1380,\"height\":600},{\"@type\":\"BreadcrumbList\",\"@id\":\"https:\/\/www.welovecycling.com\/sk\/2020\/03\/18\/fixie-cyklisticky-fenomen-ci-zivotny-styl\/#breadcrumb\",\"itemListElement\":[{\"@type\":\"ListItem\",\"position\":1,\"name\":\"Home\",\"item\":\"https:\/\/www.welovecycling.com\/sk\/\"},{\"@type\":\"ListItem\",\"position\":2,\"name\":\"Fixie &#8211; cyklistick\u00fd fenom\u00e9n \u010di \u017eivotn\u00fd \u0161t\u00fdl?\"}]},{\"@type\":\"WebSite\",\"@id\":\"https:\/\/www.welovecycling.com\/sk\/#website\",\"url\":\"https:\/\/www.welovecycling.com\/sk\/\",\"name\":\"\u0160koda We Love Cycling Slovensko\",\"description\":\"\u0160koda We Love Cycling Slovensko je v\u00e1\u0161 ka\u017edodenn\u00fd zdroj noviniek a in\u0161pir\u00e1cie z sveta cyklistiky\",\"potentialAction\":[{\"@type\":\"SearchAction\",\"target\":{\"@type\":\"EntryPoint\",\"urlTemplate\":\"https:\/\/www.welovecycling.com\/sk\/?s={search_term_string}\"},\"query-input\":{\"@type\":\"PropertyValueSpecification\",\"valueRequired\":true,\"valueName\":\"search_term_string\"}}],\"inLanguage\":\"sk-SK\"},{\"@type\":\"Person\",\"@id\":\"https:\/\/www.welovecycling.com\/sk\/#\/schema\/person\/8ee09ba39b7e25b1870160aa5b3a89bc\",\"name\":\"Ondrej Ga\u0161par\",\"image\":{\"@type\":\"ImageObject\",\"inLanguage\":\"sk-SK\",\"@id\":\"https:\/\/www.welovecycling.com\/sk\/#\/schema\/person\/image\/\",\"url\":\"https:\/\/secure.gravatar.com\/avatar\/6126c9afb87b70da5abbb083ddbb21933da15f18f8ca7cb822aba0fb096a48f6?s=96&d=mm&r=g\",\"contentUrl\":\"https:\/\/secure.gravatar.com\/avatar\/6126c9afb87b70da5abbb083ddbb21933da15f18f8ca7cb822aba0fb096a48f6?s=96&d=mm&r=g\",\"caption\":\"Ondrej Ga\u0161par\"},\"url\":\"https:\/\/www.welovecycling.com\/sk\/author\/ondrejgaspar\/\"}]}<\/script>\n<!-- \/ Yoast SEO Premium plugin. -->","yoast_head_json":{"title":"Fixie - cyklistick\u00fd fenom\u00e9n \u010di \u017eivotn\u00fd \u0161t\u00fdl?","description":"Po\u010duli ste u\u017e o\u00a0fixed bike, fixed-gear alebo jednoducho fixie? Ur\u010dite \u00e1no a\u00a0mnoh\u00ed ste to svojho \u010dasu aj sk\u00fasili.","robots":{"index":"index","follow":"follow","max-snippet":"max-snippet:-1","max-image-preview":"max-image-preview:large","max-video-preview":"max-video-preview:-1"},"canonical":"https:\/\/www.welovecycling.com\/sk\/2020\/03\/18\/fixie-cyklisticky-fenomen-ci-zivotny-styl\/","og_locale":"sk_SK","og_type":"article","og_title":"Fixie - cyklistick\u00fd fenom\u00e9n \u010di \u017eivotn\u00fd \u0161t\u00fdl?","og_description":"Po\u010duli ste u\u017e o\u00a0fixed bike, fixed-gear alebo jednoducho fixie? Ur\u010dite \u00e1no a\u00a0mnoh\u00ed ste to svojho \u010dasu aj sk\u00fasili.","og_url":"https:\/\/www.welovecycling.com\/sk\/2020\/03\/18\/fixie-cyklisticky-fenomen-ci-zivotny-styl\/","og_site_name":"\u0160koda We Love Cycling Slovensko","article_published_time":"2020-03-18T08:15:46+00:00","article_modified_time":"2023-04-24T10:29:30+00:00","og_image":[{"width":1380,"height":600,"url":"https:\/\/d2p6e6u75xmxt8.cloudfront.net\/4\/2019\/02\/Fixie_00.webp","type":"image\/webp"}],"author":"Ondrej Ga\u0161par","twitter_card":"summary_large_image","twitter_misc":{"Written by":"Christopher Ashley","Est. reading time":"4"},"schema":{"@context":"https:\/\/schema.org","@graph":[{"@type":"WebPage","@id":"https:\/\/www.welovecycling.com\/sk\/2020\/03\/18\/fixie-cyklisticky-fenomen-ci-zivotny-styl\/","url":"https:\/\/www.welovecycling.com\/sk\/2020\/03\/18\/fixie-cyklisticky-fenomen-ci-zivotny-styl\/","name":"Fixie - cyklistick\u00fd fenom\u00e9n \u010di \u017eivotn\u00fd \u0161t\u00fdl?","isPartOf":{"@id":"https:\/\/www.welovecycling.com\/sk\/#website"},"primaryImageOfPage":{"@id":"https:\/\/www.welovecycling.com\/sk\/2020\/03\/18\/fixie-cyklisticky-fenomen-ci-zivotny-styl\/#primaryimage"},"image":{"@id":"https:\/\/www.welovecycling.com\/sk\/2020\/03\/18\/fixie-cyklisticky-fenomen-ci-zivotny-styl\/#primaryimage"},"thumbnailUrl":"https:\/\/d2p6e6u75xmxt8.cloudfront.net\/4\/2019\/02\/Fixie_00.webp","datePublished":"2020-03-18T08:15:46+00:00","dateModified":"2023-04-24T10:29:30+00:00","author":{"@id":"https:\/\/www.welovecycling.com\/sk\/#\/schema\/person\/8ee09ba39b7e25b1870160aa5b3a89bc"},"description":"Po\u010duli ste u\u017e o\u00a0fixed bike, fixed-gear alebo jednoducho fixie? Ur\u010dite \u00e1no a\u00a0mnoh\u00ed ste to svojho \u010dasu aj sk\u00fasili.","breadcrumb":{"@id":"https:\/\/www.welovecycling.com\/sk\/2020\/03\/18\/fixie-cyklisticky-fenomen-ci-zivotny-styl\/#breadcrumb"},"inLanguage":"sk-SK","potentialAction":[{"@type":"ReadAction","target":["https:\/\/www.welovecycling.com\/sk\/2020\/03\/18\/fixie-cyklisticky-fenomen-ci-zivotny-styl\/"]}]},{"@type":"ImageObject","inLanguage":"sk-SK","@id":"https:\/\/www.welovecycling.com\/sk\/2020\/03\/18\/fixie-cyklisticky-fenomen-ci-zivotny-styl\/#primaryimage","url":"https:\/\/d2p6e6u75xmxt8.cloudfront.net\/4\/2019\/02\/Fixie_00.webp","contentUrl":"https:\/\/d2p6e6u75xmxt8.cloudfront.net\/4\/2019\/02\/Fixie_00.webp","width":1380,"height":600},{"@type":"BreadcrumbList","@id":"https:\/\/www.welovecycling.com\/sk\/2020\/03\/18\/fixie-cyklisticky-fenomen-ci-zivotny-styl\/#breadcrumb","itemListElement":[{"@type":"ListItem","position":1,"name":"Home","item":"https:\/\/www.welovecycling.com\/sk\/"},{"@type":"ListItem","position":2,"name":"Fixie &#8211; cyklistick\u00fd fenom\u00e9n \u010di \u017eivotn\u00fd \u0161t\u00fdl?"}]},{"@type":"WebSite","@id":"https:\/\/www.welovecycling.com\/sk\/#website","url":"https:\/\/www.welovecycling.com\/sk\/","name":"\u0160koda We Love Cycling Slovensko","description":"\u0160koda We Love Cycling Slovensko je v\u00e1\u0161 ka\u017edodenn\u00fd zdroj noviniek a in\u0161pir\u00e1cie z sveta cyklistiky","potentialAction":[{"@type":"SearchAction","target":{"@type":"EntryPoint","urlTemplate":"https:\/\/www.welovecycling.com\/sk\/?s={search_term_string}"},"query-input":{"@type":"PropertyValueSpecification","valueRequired":true,"valueName":"search_term_string"}}],"inLanguage":"sk-SK"},{"@type":"Person","@id":"https:\/\/www.welovecycling.com\/sk\/#\/schema\/person\/8ee09ba39b7e25b1870160aa5b3a89bc","name":"Ondrej Ga\u0161par","image":{"@type":"ImageObject","inLanguage":"sk-SK","@id":"https:\/\/www.welovecycling.com\/sk\/#\/schema\/person\/image\/","url":"https:\/\/secure.gravatar.com\/avatar\/6126c9afb87b70da5abbb083ddbb21933da15f18f8ca7cb822aba0fb096a48f6?s=96&d=mm&r=g","contentUrl":"https:\/\/secure.gravatar.com\/avatar\/6126c9afb87b70da5abbb083ddbb21933da15f18f8ca7cb822aba0fb096a48f6?s=96&d=mm&r=g","caption":"Ondrej Ga\u0161par"},"url":"https:\/\/www.welovecycling.com\/sk\/author\/ondrejgaspar\/"}]}},"_links":{"self":[{"href":"https:\/\/www.welovecycling.com\/sk\/wp-json\/wp\/v2\/posts\/6337","targetHints":{"allow":["GET"]}}],"collection":[{"href":"https:\/\/www.welovecycling.com\/sk\/wp-json\/wp\/v2\/posts"}],"about":[{"href":"https:\/\/www.welovecycling.com\/sk\/wp-json\/wp\/v2\/types\/post"}],"author":[{"embeddable":true,"href":"https:\/\/www.welovecycling.com\/sk\/wp-json\/wp\/v2\/users\/38"}],"replies":[{"embeddable":true,"href":"https:\/\/www.welovecycling.com\/sk\/wp-json\/wp\/v2\/comments?post=6337"}],"version-history":[{"count":2,"href":"https:\/\/www.welovecycling.com\/sk\/wp-json\/wp\/v2\/posts\/6337\/revisions"}],"predecessor-version":[{"id":17233,"href":"https:\/\/www.welovecycling.com\/sk\/wp-json\/wp\/v2\/posts\/6337\/revisions\/17233"}],"wp:featuredmedia":[{"embeddable":true,"href":"https:\/\/www.welovecycling.com\/sk\/wp-json\/wp\/v2\/media\/9416"}],"wp:attachment":[{"href":"https:\/\/www.welovecycling.com\/sk\/wp-json\/wp\/v2\/media?parent=6337"}],"wp:term":[{"taxonomy":"category","embeddable":true,"href":"https:\/\/www.welovecycling.com\/sk\/wp-json\/wp\/v2\/categories?post=6337"},{"taxonomy":"post_tag","embeddable":true,"href":"https:\/\/www.welovecycling.com\/sk\/wp-json\/wp\/v2\/tags?post=6337"},{"taxonomy":"global-categories","embeddable":true,"href":"https:\/\/www.welovecycling.com\/sk\/wp-json\/wp\/v2\/global-categories?post=6337"}],"curies":[{"name":"wp","href":"https:\/\/api.w.org\/{rel}","templated":true}]}}