{"id":6323,"date":"2019-03-06T09:03:46","date_gmt":"2019-03-06T08:03:46","guid":{"rendered":"https:\/\/www.welovecycling.com\/sk\/?p=6323"},"modified":"2019-03-06T14:40:45","modified_gmt":"2019-03-06T13:40:45","slug":"17-podozrivych-veci-ktore-robia-len-cyklisti","status":"publish","type":"post","link":"https:\/\/www.welovecycling.com\/sk\/2019\/03\/06\/17-podozrivych-veci-ktore-robia-len-cyklisti\/","title":{"rendered":"17 podozriv\u00fdch vec\u00ed, ktor\u00e9 robia len cyklisti"},"content":{"rendered":"<p><strong>Str\u00e1vi\u0165 hodiny na bicykli m\u00f4\u017ee vies\u0165 k nezvratn\u00fdm zmen\u00e1m v \u013eudskom mozgu. V\u0161\u00edmajte si tieto pr\u00edznaky a sledujte svojich priate\u013eov, \u010di nie s\u00fa z\u00e1visl\u00ed na cyklistike.<\/strong><!--more--><\/p>\n<p>1\/<br \/>\nPolovicu svojich najlep\u0161\u00edch \u017eivotn\u00fdch spomienok maj\u00fa na STRAVE.<\/p>\n<p>2\/<br \/>\nPoznaj\u00fa v\u0161etky v\u00fdmole vo svojom meste.<\/p>\n<p>3\/<br \/>\nNikdy nepou\u017e\u00edvaj\u00fa v\u00fd\u0165ah &#8211; bez oh\u013eadu na po\u010det poschod\u00ed.<\/p>\n<p>4\/<br \/>\nIch srdcov\u00e1 frekvencia sa pohybuje okolo 50 bpm, no st\u00e1le vyzeraj\u00fa celkom \u017eivo.<\/p>\n<p>5\/<br \/>\nPodkrovie a pivnicu pova\u017euj\u00fa za \u00falo\u017en\u00fd priestor pre bicykle.<\/p>\n<p>6\/<br \/>\nSvoje cyklistick\u00e9 z\u00e1\u017eitky neopisuj\u00fa pomocou slov, ale vo wattoch.<\/p>\n<p>https:\/\/www.instagram.com\/p\/BZgbsucAveZ\/<\/p>\n<p>7\/<br \/>\nDo bicykla investovali pokojne aj dvojn\u00e1sobok ceny v\u00e1\u0161ho auta.<\/p>\n<p>8\/<br \/>\nPo n\u00e1vrate z pr\u00e1ce si daj\u00fa tak\u00fdch 50 \u2013 60 km na bicykli, aby &#8222;vyto\u010dili&#8220; nohy.<\/p>\n<p>9\/<br \/>\nDenne vypij\u00fa aj desa\u0165 \u0161\u00e1lok ristretta. Srdcovo-cievny syst\u00e9m maj\u00fa st\u00e1le v pohode.<\/p>\n<p>10\/<br \/>\nCel\u00e9 hodiny rozpr\u00e1vaj\u00fa o tit\u00e1ne, uhl\u00edkov\u00fdch vl\u00e1knach, re\u0165aziach a v\u00fd\u0161ke sedadiel. Posluch\u00e1\u010di v\u0161ak stratili ni\u0165 u\u017e v polovici predn\u00e1\u0161ky.<\/p>\n<p>11\/<br \/>\nPri k\u00fape nov\u00e9ho auta v\u017edy odhaduj\u00fa, ako dlho bude trva\u0165, k\u00fdm dostan\u00fa bicykel do kufra.<\/p>\n<p>12\/<br \/>\nSkuto\u010dne vedia, \u010do sa deje po\u010das Tour de France.<\/p>\n<p>https:\/\/www.instagram.com\/p\/BWhp3YJAo89\/<\/p>\n<p>13\/<br \/>\nCel\u00e9 hodiny dok\u00e1\u017eu pozera\u0165 na svojich kamar\u00e1tov v obtiahnut\u00fdch cyklistick\u00fdch nohaviciach.<\/p>\n<p>14\/<br \/>\nNa Vianoce, narodeniny alebo na Valent\u00edna dost\u00e1vaj\u00fa v\u00fdhradne dar\u010deky, ktor\u00e9 sa nejako t\u00fdkaj\u00fa bicykla.<\/p>\n<p>15\/<br \/>\nV\u017edy presne vedia, ko\u013eko kal\u00f3ri\u00ed obsahuj\u00fa r\u00f4zne druhy potrav\u00edn.<\/p>\n<p>16\/<br \/>\nV\u017edy (aj na pive) sedia tak, aby mali minim\u00e1lny odpor vzduchu.<\/p>\n<p>17\/<br \/>\nIch priemern\u00e1 telesn\u00e1 hmotnos\u0165 nepresahuje 50 kilogramov &#8211; vr\u00e1tane bicykla.<\/p>\n","protected":false},"excerpt":{"rendered":"<p>Str\u00e1vi\u0165 hodiny na bicykli m\u00f4\u017ee vies\u0165 k nezvratn\u00fdm zmen\u00e1m v \u013eudskom mozgu. V\u0161\u00edmajte si tieto pr\u00edznaky a sledujte svojich priate\u013eov, [&hellip;]<\/p>\n","protected":false},"author":38,"featured_media":6326,"comment_status":"open","ping_status":"open","sticky":false,"template":"","format":"standard","meta":{"footnotes":""},"categories":[118],"tags":[619,115,597,546,43,345,180,532,603,596,762,813,163,55,318,842,183,814],"global-categories":[],"class_list":["post-6323","post","type-post","status-publish","format-standard","has-post-thumbnail","hentry","category-zabava","tag-bicyklovanie","tag-cestna-cyklistika","tag-cyklista","tag-cyklistika","tag-cyklo-jedlo","tag-darceky","tag-horska-cyklistika","tag-jazdenie","tag-jedalnicek","tag-mestsky-bicykel","tag-relax","tag-sport","tag-strava","tag-trening","tag-vyjazd","tag-watt","tag-zabava","tag-zaluba"],"yoast_head":"<!-- This site is optimized with the Yoast SEO Premium plugin v25.3 (Yoast SEO v25.9) - https:\/\/yoast.com\/wordpress\/plugins\/seo\/ -->\n<title>17 podozriv\u00fdch vec\u00ed, ktor\u00e9 robia len cyklisti - \u0160koda We Love Cycling Slovensko<\/title>\n<meta name=\"robots\" content=\"index, follow, max-snippet:-1, max-image-preview:large, max-video-preview:-1\" \/>\n<link rel=\"canonical\" href=\"https:\/\/www.welovecycling.com\/sk\/2019\/03\/06\/17-podozrivych-veci-ktore-robia-len-cyklisti\/\" \/>\n<meta property=\"og:locale\" content=\"sk_SK\" \/>\n<meta property=\"og:type\" content=\"article\" \/>\n<meta property=\"og:title\" content=\"17 podozriv\u00fdch vec\u00ed, ktor\u00e9 robia len cyklisti\" \/>\n<meta property=\"og:description\" content=\"Str\u00e1vi\u0165 hodiny na bicykli m\u00f4\u017ee vies\u0165 k nezvratn\u00fdm zmen\u00e1m v \u013eudskom mozgu. V\u0161\u00edmajte si tieto pr\u00edznaky a sledujte svojich priate\u013eov, [&hellip;]\" \/>\n<meta property=\"og:url\" content=\"https:\/\/www.welovecycling.com\/sk\/2019\/03\/06\/17-podozrivych-veci-ktore-robia-len-cyklisti\/\" \/>\n<meta property=\"og:site_name\" content=\"\u0160koda We Love Cycling Slovensko\" \/>\n<meta property=\"article:published_time\" content=\"2019-03-06T08:03:46+00:00\" \/>\n<meta property=\"article:modified_time\" content=\"2019-03-06T13:40:45+00:00\" \/>\n<meta property=\"og:image\" content=\"https:\/\/d2p6e6u75xmxt8.cloudfront.net\/4\/2019\/02\/Cyclist-Sleep-CVR.webp\" \/>\n\t<meta property=\"og:image:width\" content=\"1366\" \/>\n\t<meta property=\"og:image:height\" content=\"600\" \/>\n\t<meta property=\"og:image:type\" content=\"image\/webp\" \/>\n<meta name=\"author\" content=\"Ondrej Ga\u0161par\" \/>\n<meta name=\"twitter:card\" content=\"summary_large_image\" \/>\n<meta name=\"twitter:label1\" content=\"Written by\" \/>\n\t<meta name=\"twitter:data1\" content=\"Adam Marsal\" \/>\n\t<meta name=\"twitter:label2\" content=\"Est. reading time\" \/>\n\t<meta name=\"twitter:data2\" content=\"2\" \/>\n<script type=\"application\/ld+json\" class=\"yoast-schema-graph\">{\"@context\":\"https:\/\/schema.org\",\"@graph\":[{\"@type\":\"WebPage\",\"@id\":\"https:\/\/www.welovecycling.com\/sk\/2019\/03\/06\/17-podozrivych-veci-ktore-robia-len-cyklisti\/\",\"url\":\"https:\/\/www.welovecycling.com\/sk\/2019\/03\/06\/17-podozrivych-veci-ktore-robia-len-cyklisti\/\",\"name\":\"17 podozriv\u00fdch vec\u00ed, ktor\u00e9 robia len cyklisti - \u0160koda We Love Cycling Slovensko\",\"isPartOf\":{\"@id\":\"https:\/\/www.welovecycling.com\/sk\/#website\"},\"primaryImageOfPage\":{\"@id\":\"https:\/\/www.welovecycling.com\/sk\/2019\/03\/06\/17-podozrivych-veci-ktore-robia-len-cyklisti\/#primaryimage\"},\"image\":{\"@id\":\"https:\/\/www.welovecycling.com\/sk\/2019\/03\/06\/17-podozrivych-veci-ktore-robia-len-cyklisti\/#primaryimage\"},\"thumbnailUrl\":\"https:\/\/d2p6e6u75xmxt8.cloudfront.net\/4\/2019\/02\/Cyclist-Sleep-CVR.webp\",\"datePublished\":\"2019-03-06T08:03:46+00:00\",\"dateModified\":\"2019-03-06T13:40:45+00:00\",\"author\":{\"@id\":\"https:\/\/www.welovecycling.com\/sk\/#\/schema\/person\/8ee09ba39b7e25b1870160aa5b3a89bc\"},\"breadcrumb\":{\"@id\":\"https:\/\/www.welovecycling.com\/sk\/2019\/03\/06\/17-podozrivych-veci-ktore-robia-len-cyklisti\/#breadcrumb\"},\"inLanguage\":\"sk-SK\",\"potentialAction\":[{\"@type\":\"ReadAction\",\"target\":[\"https:\/\/www.welovecycling.com\/sk\/2019\/03\/06\/17-podozrivych-veci-ktore-robia-len-cyklisti\/\"]}]},{\"@type\":\"ImageObject\",\"inLanguage\":\"sk-SK\",\"@id\":\"https:\/\/www.welovecycling.com\/sk\/2019\/03\/06\/17-podozrivych-veci-ktore-robia-len-cyklisti\/#primaryimage\",\"url\":\"https:\/\/d2p6e6u75xmxt8.cloudfront.net\/4\/2019\/02\/Cyclist-Sleep-CVR.webp\",\"contentUrl\":\"https:\/\/d2p6e6u75xmxt8.cloudfront.net\/4\/2019\/02\/Cyclist-Sleep-CVR.webp\",\"width\":1366,\"height\":600},{\"@type\":\"BreadcrumbList\",\"@id\":\"https:\/\/www.welovecycling.com\/sk\/2019\/03\/06\/17-podozrivych-veci-ktore-robia-len-cyklisti\/#breadcrumb\",\"itemListElement\":[{\"@type\":\"ListItem\",\"position\":1,\"name\":\"Home\",\"item\":\"https:\/\/www.welovecycling.com\/sk\/\"},{\"@type\":\"ListItem\",\"position\":2,\"name\":\"17 podozriv\u00fdch vec\u00ed, ktor\u00e9 robia len cyklisti\"}]},{\"@type\":\"WebSite\",\"@id\":\"https:\/\/www.welovecycling.com\/sk\/#website\",\"url\":\"https:\/\/www.welovecycling.com\/sk\/\",\"name\":\"\u0160koda We Love Cycling Slovensko\",\"description\":\"\u0160koda We Love Cycling Slovensko je v\u00e1\u0161 ka\u017edodenn\u00fd zdroj noviniek a in\u0161pir\u00e1cie z sveta cyklistiky\",\"potentialAction\":[{\"@type\":\"SearchAction\",\"target\":{\"@type\":\"EntryPoint\",\"urlTemplate\":\"https:\/\/www.welovecycling.com\/sk\/?s={search_term_string}\"},\"query-input\":{\"@type\":\"PropertyValueSpecification\",\"valueRequired\":true,\"valueName\":\"search_term_string\"}}],\"inLanguage\":\"sk-SK\"},{\"@type\":\"Person\",\"@id\":\"https:\/\/www.welovecycling.com\/sk\/#\/schema\/person\/8ee09ba39b7e25b1870160aa5b3a89bc\",\"name\":\"Ondrej Ga\u0161par\",\"image\":{\"@type\":\"ImageObject\",\"inLanguage\":\"sk-SK\",\"@id\":\"https:\/\/www.welovecycling.com\/sk\/#\/schema\/person\/image\/\",\"url\":\"https:\/\/secure.gravatar.com\/avatar\/6126c9afb87b70da5abbb083ddbb21933da15f18f8ca7cb822aba0fb096a48f6?s=96&d=mm&r=g\",\"contentUrl\":\"https:\/\/secure.gravatar.com\/avatar\/6126c9afb87b70da5abbb083ddbb21933da15f18f8ca7cb822aba0fb096a48f6?s=96&d=mm&r=g\",\"caption\":\"Ondrej Ga\u0161par\"},\"url\":\"https:\/\/www.welovecycling.com\/sk\/author\/ondrejgaspar\/\"}]}<\/script>\n<!-- \/ Yoast SEO Premium plugin. -->","yoast_head_json":{"title":"17 podozriv\u00fdch vec\u00ed, ktor\u00e9 robia len cyklisti - \u0160koda We Love Cycling Slovensko","robots":{"index":"index","follow":"follow","max-snippet":"max-snippet:-1","max-image-preview":"max-image-preview:large","max-video-preview":"max-video-preview:-1"},"canonical":"https:\/\/www.welovecycling.com\/sk\/2019\/03\/06\/17-podozrivych-veci-ktore-robia-len-cyklisti\/","og_locale":"sk_SK","og_type":"article","og_title":"17 podozriv\u00fdch vec\u00ed, ktor\u00e9 robia len cyklisti","og_description":"Str\u00e1vi\u0165 hodiny na bicykli m\u00f4\u017ee vies\u0165 k nezvratn\u00fdm zmen\u00e1m v \u013eudskom mozgu. V\u0161\u00edmajte si tieto pr\u00edznaky a sledujte svojich priate\u013eov, [&hellip;]","og_url":"https:\/\/www.welovecycling.com\/sk\/2019\/03\/06\/17-podozrivych-veci-ktore-robia-len-cyklisti\/","og_site_name":"\u0160koda We Love Cycling Slovensko","article_published_time":"2019-03-06T08:03:46+00:00","article_modified_time":"2019-03-06T13:40:45+00:00","og_image":[{"width":1366,"height":600,"url":"https:\/\/d2p6e6u75xmxt8.cloudfront.net\/4\/2019\/02\/Cyclist-Sleep-CVR.webp","type":"image\/webp"}],"author":"Ondrej Ga\u0161par","twitter_card":"summary_large_image","twitter_misc":{"Written by":"Adam Marsal","Est. reading time":"2"},"schema":{"@context":"https:\/\/schema.org","@graph":[{"@type":"WebPage","@id":"https:\/\/www.welovecycling.com\/sk\/2019\/03\/06\/17-podozrivych-veci-ktore-robia-len-cyklisti\/","url":"https:\/\/www.welovecycling.com\/sk\/2019\/03\/06\/17-podozrivych-veci-ktore-robia-len-cyklisti\/","name":"17 podozriv\u00fdch vec\u00ed, ktor\u00e9 robia len cyklisti - \u0160koda We Love Cycling Slovensko","isPartOf":{"@id":"https:\/\/www.welovecycling.com\/sk\/#website"},"primaryImageOfPage":{"@id":"https:\/\/www.welovecycling.com\/sk\/2019\/03\/06\/17-podozrivych-veci-ktore-robia-len-cyklisti\/#primaryimage"},"image":{"@id":"https:\/\/www.welovecycling.com\/sk\/2019\/03\/06\/17-podozrivych-veci-ktore-robia-len-cyklisti\/#primaryimage"},"thumbnailUrl":"https:\/\/d2p6e6u75xmxt8.cloudfront.net\/4\/2019\/02\/Cyclist-Sleep-CVR.webp","datePublished":"2019-03-06T08:03:46+00:00","dateModified":"2019-03-06T13:40:45+00:00","author":{"@id":"https:\/\/www.welovecycling.com\/sk\/#\/schema\/person\/8ee09ba39b7e25b1870160aa5b3a89bc"},"breadcrumb":{"@id":"https:\/\/www.welovecycling.com\/sk\/2019\/03\/06\/17-podozrivych-veci-ktore-robia-len-cyklisti\/#breadcrumb"},"inLanguage":"sk-SK","potentialAction":[{"@type":"ReadAction","target":["https:\/\/www.welovecycling.com\/sk\/2019\/03\/06\/17-podozrivych-veci-ktore-robia-len-cyklisti\/"]}]},{"@type":"ImageObject","inLanguage":"sk-SK","@id":"https:\/\/www.welovecycling.com\/sk\/2019\/03\/06\/17-podozrivych-veci-ktore-robia-len-cyklisti\/#primaryimage","url":"https:\/\/d2p6e6u75xmxt8.cloudfront.net\/4\/2019\/02\/Cyclist-Sleep-CVR.webp","contentUrl":"https:\/\/d2p6e6u75xmxt8.cloudfront.net\/4\/2019\/02\/Cyclist-Sleep-CVR.webp","width":1366,"height":600},{"@type":"BreadcrumbList","@id":"https:\/\/www.welovecycling.com\/sk\/2019\/03\/06\/17-podozrivych-veci-ktore-robia-len-cyklisti\/#breadcrumb","itemListElement":[{"@type":"ListItem","position":1,"name":"Home","item":"https:\/\/www.welovecycling.com\/sk\/"},{"@type":"ListItem","position":2,"name":"17 podozriv\u00fdch vec\u00ed, ktor\u00e9 robia len cyklisti"}]},{"@type":"WebSite","@id":"https:\/\/www.welovecycling.com\/sk\/#website","url":"https:\/\/www.welovecycling.com\/sk\/","name":"\u0160koda We Love Cycling Slovensko","description":"\u0160koda We Love Cycling Slovensko je v\u00e1\u0161 ka\u017edodenn\u00fd zdroj noviniek a in\u0161pir\u00e1cie z sveta cyklistiky","potentialAction":[{"@type":"SearchAction","target":{"@type":"EntryPoint","urlTemplate":"https:\/\/www.welovecycling.com\/sk\/?s={search_term_string}"},"query-input":{"@type":"PropertyValueSpecification","valueRequired":true,"valueName":"search_term_string"}}],"inLanguage":"sk-SK"},{"@type":"Person","@id":"https:\/\/www.welovecycling.com\/sk\/#\/schema\/person\/8ee09ba39b7e25b1870160aa5b3a89bc","name":"Ondrej Ga\u0161par","image":{"@type":"ImageObject","inLanguage":"sk-SK","@id":"https:\/\/www.welovecycling.com\/sk\/#\/schema\/person\/image\/","url":"https:\/\/secure.gravatar.com\/avatar\/6126c9afb87b70da5abbb083ddbb21933da15f18f8ca7cb822aba0fb096a48f6?s=96&d=mm&r=g","contentUrl":"https:\/\/secure.gravatar.com\/avatar\/6126c9afb87b70da5abbb083ddbb21933da15f18f8ca7cb822aba0fb096a48f6?s=96&d=mm&r=g","caption":"Ondrej Ga\u0161par"},"url":"https:\/\/www.welovecycling.com\/sk\/author\/ondrejgaspar\/"}]}},"_links":{"self":[{"href":"https:\/\/www.welovecycling.com\/sk\/wp-json\/wp\/v2\/posts\/6323","targetHints":{"allow":["GET"]}}],"collection":[{"href":"https:\/\/www.welovecycling.com\/sk\/wp-json\/wp\/v2\/posts"}],"about":[{"href":"https:\/\/www.welovecycling.com\/sk\/wp-json\/wp\/v2\/types\/post"}],"author":[{"embeddable":true,"href":"https:\/\/www.welovecycling.com\/sk\/wp-json\/wp\/v2\/users\/38"}],"replies":[{"embeddable":true,"href":"https:\/\/www.welovecycling.com\/sk\/wp-json\/wp\/v2\/comments?post=6323"}],"version-history":[{"count":2,"href":"https:\/\/www.welovecycling.com\/sk\/wp-json\/wp\/v2\/posts\/6323\/revisions"}],"predecessor-version":[{"id":6465,"href":"https:\/\/www.welovecycling.com\/sk\/wp-json\/wp\/v2\/posts\/6323\/revisions\/6465"}],"wp:featuredmedia":[{"embeddable":true,"href":"https:\/\/www.welovecycling.com\/sk\/wp-json\/wp\/v2\/media\/6326"}],"wp:attachment":[{"href":"https:\/\/www.welovecycling.com\/sk\/wp-json\/wp\/v2\/media?parent=6323"}],"wp:term":[{"taxonomy":"category","embeddable":true,"href":"https:\/\/www.welovecycling.com\/sk\/wp-json\/wp\/v2\/categories?post=6323"},{"taxonomy":"post_tag","embeddable":true,"href":"https:\/\/www.welovecycling.com\/sk\/wp-json\/wp\/v2\/tags?post=6323"},{"taxonomy":"global-categories","embeddable":true,"href":"https:\/\/www.welovecycling.com\/sk\/wp-json\/wp\/v2\/global-categories?post=6323"}],"curies":[{"name":"wp","href":"https:\/\/api.w.org\/{rel}","templated":true}]}}