{"id":629,"date":"2017-05-10T10:26:20","date_gmt":"2017-05-10T08:26:20","guid":{"rendered":"https:\/\/www.welovecycling.com\/sk\/?p=629"},"modified":"2017-05-18T12:03:01","modified_gmt":"2017-05-18T10:03:01","slug":"15-historickych-fotiek-giro-ditalia-ktore-vam-vyrazia-dych","status":"publish","type":"post","link":"https:\/\/www.welovecycling.com\/sk\/2017\/05\/10\/15-historickych-fotiek-giro-ditalia-ktore-vam-vyrazia-dych\/","title":{"rendered":"15 historick\u00fdch fotiek z Giro d\u2018Italia, ktor\u00e9 v\u00e1m vyrazia dych"},"content":{"rendered":"<p><strong><span id=\"result_box\" class=\"\" lang=\"sk\" tabindex=\"-1\">Jazdci u\u017e nieko\u013eko dn\u00ed bojuj\u00fa na apeninskej &#8222;\u010di\u017eme&#8220; s n\u00e1ro\u010dn\u00fdmi etapami Gira, tak\u017ee je ten spr\u00e1vny \u010das pozrie\u0165 sa tomuto Grand Tour poriadne na &#8222;z\u00fabok&#8220;. <\/span><\/strong><\/p>\n<p><strong><span id=\"result_box\" class=\"\" lang=\"sk\" tabindex=\"-1\">V r\u00e1mci na\u0161ej s\u00e9rie retro \u010dl\u00e1nkov sa pozrieme do <span class=\"\">Talianska a na jedine\u010dn\u00e9 Giro.<\/span> <span class=\"\">Po\u010das uplynul\u00fdch 99 ro\u010dn\u00edkov n\u00e1m Giro prinieslo skuto\u010dne bohat\u00fa paletu pam\u00e4tn\u00fdch okamihov: \u010di u\u017e heroick\u00fd v\u00fdstup a kolaps Charlyho Gaula po studenej a vy\u010derp\u00e1vaj\u00facej Dolomitskej etape v roku 1956 alebo Vittoria Adorniho a jeho z\u00e1\u013eubu v \u0161paget\u00e1ch. <\/span>M\u00f4\u017eeme v\u00e1m zaru\u010di\u0165, \u017ee na nasleduj\u00facu <span class=\"\">fotogal\u00e9riu len tak skoro nezabudnete!<\/span><\/span><\/strong><br \/>\n<!--more--><\/p>\n<figure id=\"attachment_143400\" aria-describedby=\"caption-attachment-143400\" style=\"width: 1010px\" class=\"wp-caption alignnone\"><img loading=\"lazy\" decoding=\"async\" class=\"size-full wp-image-630\" src=\"https:\/\/d2p6e6u75xmxt8.cloudfront.net\/4\/2017\/05\/The-Stelvio-Pass-in-1975.jpeg\" alt=\"The Stelvio Pass in 1975.\" width=\"1010\" height=\"833\" \/><figcaption id=\"caption-attachment-143400\" class=\"wp-caption-text\">Horsk\u00fd priesmyk Stelvio v roku 1975.<\/figcaption><\/figure>\n<figure id=\"attachment_143399\" aria-describedby=\"caption-attachment-143399\" style=\"width: 1010px\" class=\"wp-caption alignnone\"><img loading=\"lazy\" decoding=\"async\" class=\"size-full wp-image-632\" src=\"https:\/\/d2p6e6u75xmxt8.cloudfront.net\/4\/2017\/05\/The-1921-Giro-winner-Giovanni-Brunero.-It-was-the-first-of-his-three-Giro-victories-the-others-came-in-1922-and-1926..jpeg\" alt=\"The 1921 Giro winner Giovanni Brunero. It was the first of his three Giro-victories the others came in 1922 and 1926.\" width=\"1010\" height=\"668\" \/><figcaption id=\"caption-attachment-143399\" class=\"wp-caption-text\">Vi\u0165az Gira 1921; Giovanni Brunero. Spolu m\u00e1 na \u00fa\u010dte tri tituly: \u010fal\u0161ie v rokoch 1922 a 1926.<\/figcaption><\/figure>\n<figure id=\"attachment_143397\" aria-describedby=\"caption-attachment-143397\" style=\"width: 1010px\" class=\"wp-caption alignnone\"><img loading=\"lazy\" decoding=\"async\" class=\"size-full wp-image-634\" src=\"https:\/\/d2p6e6u75xmxt8.cloudfront.net\/4\/2017\/05\/Riders-eating-spaghetti-during-a-stage-in-1966.jpeg\" alt=\"Riders eating spaghetti during a stage in 1966.\" width=\"1010\" height=\"739\" \/><figcaption id=\"caption-attachment-143397\" class=\"wp-caption-text\">Jazdci si u\u017e\u00edvaj\u00fa \u0161pagety po\u010das etapy v 1966.<\/figcaption><\/figure>\n<figure id=\"attachment_143398\" aria-describedby=\"caption-attachment-143398\" style=\"width: 1010px\" class=\"wp-caption alignnone\"><img loading=\"lazy\" decoding=\"async\" class=\"size-full wp-image-636\" src=\"https:\/\/d2p6e6u75xmxt8.cloudfront.net\/4\/2017\/05\/Rossignoli-takes-the-sprint-stage-in-Naples-during-the-inaugural-race.jpeg\" alt=\"Rossignoli takes the sprint stage in Naples during the inaugural race.\" width=\"1010\" height=\"606\" \/><figcaption id=\"caption-attachment-143398\" class=\"wp-caption-text\">Rossignoli v\u00ed\u0165az\u00ed na \u0161print\u00e9rskej etape v Neapoli.<\/figcaption><\/figure>\n<figure id=\"attachment_143396\" aria-describedby=\"caption-attachment-143396\" style=\"width: 460px\" class=\"wp-caption alignnone\"><img loading=\"lazy\" decoding=\"async\" class=\"size-full wp-image-638\" src=\"https:\/\/d2p6e6u75xmxt8.cloudfront.net\/2\/2016\/10\/Italian-Fiorenzo-Magni-is-ch-eered-on-around-Milan\u2019s-Viggorelli-Velodrome-after-winning-the-38th-Giro-1955.jpeg\" alt=\"Italian Fiorenzo Magni is cheered on around Milan\u2019s Viggorelli Velodrome after winning the 38th Giro 1955.\" width=\"460\" height=\"413\" \/><figcaption id=\"caption-attachment-143396\" class=\"wp-caption-text\">Dom\u00e1ceho jazdca Fiorenza Magniho povzbudzuj\u00fa na mil\u00e1nskom Viggorelli Velodrome po\u010das Gira v roku 1955.<\/figcaption><\/figure>\n<figure id=\"attachment_143395\" aria-describedby=\"caption-attachment-143395\" style=\"width: 1010px\" class=\"wp-caption alignnone\"><img loading=\"lazy\" decoding=\"async\" class=\"size-full wp-image-640\" src=\"https:\/\/d2p6e6u75xmxt8.cloudfront.net\/4\/2017\/05\/Giro-in-1965.jpeg\" alt=\"Giro in 1965.\" width=\"1010\" height=\"657\" \/><figcaption id=\"caption-attachment-143395\" class=\"wp-caption-text\">Giro v 1965. Brrrr!<\/figcaption><\/figure>\n<figure id=\"attachment_143394\" aria-describedby=\"caption-attachment-143394\" style=\"width: 1010px\" class=\"wp-caption alignnone\"><img loading=\"lazy\" decoding=\"async\" class=\"size-full wp-image-642\" src=\"https:\/\/d2p6e6u75xmxt8.cloudfront.net\/4\/2017\/05\/Gino-Bartali-tackles-a-mountain-stage-1940.jpeg\" alt=\"Gino Bartali tackles a mountain stage 1940.\" width=\"1010\" height=\"698\" \/><figcaption id=\"caption-attachment-143394\" class=\"wp-caption-text\">Gino Bartali bojuje na horskej etape v 1940.<\/figcaption><\/figure>\n<figure id=\"attachment_143393\" aria-describedby=\"caption-attachment-143393\" style=\"width: 1010px\" class=\"wp-caption alignnone\"><img loading=\"lazy\" decoding=\"async\" class=\"size-full wp-image-644\" src=\"https:\/\/d2p6e6u75xmxt8.cloudfront.net\/4\/2017\/05\/Francesco-Moser-celebrating-his-1984-Giro-win-in-the-Verona-Arena.jpeg\" alt=\"Francesco Moser celebrating his 1984 Giro win in the Verona Arena.\" width=\"1010\" height=\"675\" \/><figcaption id=\"caption-attachment-143393\" class=\"wp-caption-text\">Francesco Moser oslavuje v amfite\u00e1tri vo Verone svoj triumf na Gire 1984.<\/figcaption><\/figure>\n<figure id=\"attachment_143392\" aria-describedby=\"caption-attachment-143392\" style=\"width: 1010px\" class=\"wp-caption alignnone\"><img loading=\"lazy\" decoding=\"async\" class=\"size-full wp-image-646\" src=\"https:\/\/d2p6e6u75xmxt8.cloudfront.net\/4\/2017\/05\/Fiorenzo-Magni-wins-a-stage-1955.jpeg\" alt=\"Fiorenzo Magni wins a stage 1955.\" width=\"1010\" height=\"694\" \/><figcaption id=\"caption-attachment-143392\" class=\"wp-caption-text\">Fiorenzo Magni v\u00ed\u0165az\u00ed na etape v 1955.<\/figcaption><\/figure>\n<figure id=\"attachment_143391\" aria-describedby=\"caption-attachment-143391\" style=\"width: 1010px\" class=\"wp-caption alignnone\"><img loading=\"lazy\" decoding=\"async\" class=\"size-full wp-image-648\" src=\"https:\/\/d2p6e6u75xmxt8.cloudfront.net\/4\/2017\/05\/Federico-Martin-1956.jpeg\" alt=\"Federico Martin 1956.\" width=\"1010\" height=\"707\" \/><figcaption id=\"caption-attachment-143391\" class=\"wp-caption-text\">Federico Martin v roku 1956.<\/figcaption><\/figure>\n<figure id=\"attachment_143389\" aria-describedby=\"caption-attachment-143389\" style=\"width: 1010px\" class=\"wp-caption alignnone\"><img loading=\"lazy\" decoding=\"async\" class=\"size-full wp-image-650\" src=\"https:\/\/d2p6e6u75xmxt8.cloudfront.net\/4\/2017\/05\/Daily-ration-of-Felice-Gimondi.jpeg\" alt=\"Daily ration of Felice Gimondi.\" width=\"1010\" height=\"684\" \/><figcaption id=\"caption-attachment-143389\" class=\"wp-caption-text\">Denn\u00e1 d\u00e1vka talianskych dobr\u00f4t pre Feliceho Gimondiho.<\/figcaption><\/figure>\n<figure id=\"attachment_143390\" aria-describedby=\"caption-attachment-143390\" style=\"width: 1010px\" class=\"wp-caption alignnone\"><img loading=\"lazy\" decoding=\"async\" class=\"size-full wp-image-652\" src=\"https:\/\/d2p6e6u75xmxt8.cloudfront.net\/4\/2017\/05\/Fausto-Coppi-Il-Campionissimo-1951.jpeg\" alt=\"Fausto Coppi Il Campionissimo 1951.\" width=\"1010\" height=\"1043\" \/><figcaption id=\"caption-attachment-143390\" class=\"wp-caption-text\">Fausto &#8222;\u0160ampi\u00f3n&#8220; Coppi v roku 1951.<\/figcaption><\/figure>\n<figure id=\"attachment_143388\" aria-describedby=\"caption-attachment-143388\" style=\"width: 1010px\" class=\"wp-caption alignnone\"><img loading=\"lazy\" decoding=\"async\" class=\"size-full wp-image-654\" src=\"https:\/\/d2p6e6u75xmxt8.cloudfront.net\/4\/2017\/05\/Charly-Gaul-collapsed-after-winning-the-Dolomites-stage-in-1956.-Rain-wind-and-heavy-snow-forced-half-the-riders-to-abandon-the-rstage.-Gaul-eventually-went-on-to-win-the-whole-Tour..jpeg\" alt=\"Charly Gaul collapsed after winning the Dolomites stage in 1956. Rain, wind and heavy snow forced half of the riders to abandon the stage. Gaul eventually went on to win the whole Tour.\" width=\"1010\" height=\"1415\" \/><figcaption id=\"caption-attachment-143388\" class=\"wp-caption-text\">Charly Gaul skolaboval v cieli Dolomitskej etapy v 1956. Kv\u00f4li da\u017e\u010fu, vetru a siln\u00e9mu sne\u017eeniu takmer polovica jazdcov odst\u00fapila. Gaulov hrdinsk\u00fd boj s ne\u010dasom mu nakoniec vysl\u00fa\u017eil triumf celej Tour.<\/figcaption><\/figure>\n<figure id=\"attachment_143386\" aria-describedby=\"caption-attachment-143386\" style=\"width: 1010px\" class=\"wp-caption alignnone\"><img loading=\"lazy\" decoding=\"async\" class=\"size-full wp-image-656\" src=\"https:\/\/d2p6e6u75xmxt8.cloudfront.net\/2\/2016\/10\/Alfonsina-Morini-at-her-cycling-shop-on-Via-Varesina-in-Milan.-Morini-is-the-only-woman-to-have-competed-in-the-Giro-d\u2019Italia-she-took-part-in-the-1924-race.jpeg\" alt=\"Alfonsina Morini at her cycling shop on Via Varesina in Milan. Morini is the only woman to have competed in the Giro d\u2019Italia, she took part in the 1924 race.\" width=\"1010\" height=\"1007\" \/><figcaption id=\"caption-attachment-143386\" class=\"wp-caption-text\">Alfonsina Morini pred svoj\u00edm cyklo obchodom na Via Varesina v Mil\u00e1ne. Moriniov\u00e1 je jedin\u00e1 \u017eena v hist\u00f3rii, ktor\u00e1 pretekala na Giro d\u2019Italia, konkr\u00e9tne na pretekoch v roku 1924.<\/figcaption><\/figure>\n<figure id=\"attachment_143387\" aria-describedby=\"caption-attachment-143387\" style=\"width: 1010px\" class=\"wp-caption alignnone\"><img loading=\"lazy\" decoding=\"async\" class=\"size-full wp-image-658\" src=\"https:\/\/d2p6e6u75xmxt8.cloudfront.net\/4\/2017\/05\/Capo-Rizzuto-on-the-Ionian-coast-in-Calabria-1961.jpeg\" alt=\"Capo Rizzuto on the Ionian coast in Calabria 1961.\" width=\"1010\" height=\"769\" \/><figcaption id=\"caption-attachment-143387\" class=\"wp-caption-text\">Capo Rizzuto na I\u00f3nskom pobre\u017e\u00ed v Kal\u00e1brii v 1961.<\/figcaption><\/figure>\n<p>&nbsp;<\/p>\n","protected":false},"excerpt":{"rendered":"<p>Jazdci u\u017e nieko\u013eko dn\u00ed bojuj\u00fa na apeninskej &#8222;\u010di\u017eme&#8220; s n\u00e1ro\u010dn\u00fdmi etapami Gira, tak\u017ee je ten spr\u00e1vny \u010das pozrie\u0165 sa tomuto [&hellip;]<\/p>\n","protected":false},"author":38,"featured_media":660,"comment_status":"open","ping_status":"open","sticky":false,"template":"","format":"standard","meta":{"footnotes":""},"categories":[4,64],"tags":[78,86,84,85,81,83,82,80,65,79],"global-categories":[],"class_list":["post-629","post","type-post","status-publish","format-standard","has-post-thumbnail","hentry","category-cestna-cyklisitika","category-giro-ditalia","tag-charly-gaul","tag-fausto-coppi","tag-federico-martin","tag-felice-gimondi","tag-fiorenzo-magni","tag-francesco-moser","tag-gino-bartali","tag-giovanni-brunero","tag-giro-d-italia","tag-vittorio-adorni"],"yoast_head":"<!-- This site is optimized with the Yoast SEO Premium plugin v25.3 (Yoast SEO v25.9) - https:\/\/yoast.com\/wordpress\/plugins\/seo\/ -->\n<title>15 historick\u00fdch fotiek z Giro d\u2018Italia, ktor\u00e9 v\u00e1m vyrazia dych - \u0160koda We Love Cycling Slovensko<\/title>\n<meta name=\"robots\" content=\"index, follow, max-snippet:-1, max-image-preview:large, max-video-preview:-1\" \/>\n<link rel=\"canonical\" href=\"https:\/\/www.welovecycling.com\/sk\/2017\/05\/10\/15-historickych-fotiek-giro-ditalia-ktore-vam-vyrazia-dych\/\" \/>\n<meta property=\"og:locale\" content=\"sk_SK\" \/>\n<meta property=\"og:type\" content=\"article\" \/>\n<meta property=\"og:title\" content=\"15 historick\u00fdch fotiek z Giro d\u2018Italia, ktor\u00e9 v\u00e1m vyrazia dych\" \/>\n<meta property=\"og:description\" content=\"Jazdci u\u017e nieko\u013eko dn\u00ed bojuj\u00fa na apeninskej &#8222;\u010di\u017eme&#8220; s n\u00e1ro\u010dn\u00fdmi etapami Gira, tak\u017ee je ten spr\u00e1vny \u010das pozrie\u0165 sa tomuto [&hellip;]\" \/>\n<meta property=\"og:url\" content=\"https:\/\/www.welovecycling.com\/sk\/2017\/05\/10\/15-historickych-fotiek-giro-ditalia-ktore-vam-vyrazia-dych\/\" \/>\n<meta property=\"og:site_name\" content=\"\u0160koda We Love Cycling Slovensko\" \/>\n<meta property=\"article:published_time\" content=\"2017-05-10T08:26:20+00:00\" \/>\n<meta property=\"article:modified_time\" content=\"2017-05-18T10:03:01+00:00\" \/>\n<meta property=\"og:image\" content=\"https:\/\/d2p6e6u75xmxt8.cloudfront.net\/4\/2017\/05\/cov.webp\" \/>\n\t<meta property=\"og:image:width\" content=\"1375\" \/>\n\t<meta property=\"og:image:height\" content=\"600\" \/>\n\t<meta property=\"og:image:type\" content=\"image\/webp\" \/>\n<meta name=\"author\" content=\"Ondrej Ga\u0161par\" \/>\n<meta name=\"twitter:card\" content=\"summary_large_image\" \/>\n<meta name=\"twitter:label1\" content=\"Written by\" \/>\n\t<meta name=\"twitter:data1\" content=\"Monica Buck\" \/>\n\t<meta name=\"twitter:label2\" content=\"Est. reading time\" \/>\n\t<meta name=\"twitter:data2\" content=\"2 minutes\" \/>\n<script type=\"application\/ld+json\" class=\"yoast-schema-graph\">{\"@context\":\"https:\/\/schema.org\",\"@graph\":[{\"@type\":\"WebPage\",\"@id\":\"https:\/\/www.welovecycling.com\/sk\/2017\/05\/10\/15-historickych-fotiek-giro-ditalia-ktore-vam-vyrazia-dych\/\",\"url\":\"https:\/\/www.welovecycling.com\/sk\/2017\/05\/10\/15-historickych-fotiek-giro-ditalia-ktore-vam-vyrazia-dych\/\",\"name\":\"15 historick\u00fdch fotiek z Giro d\u2018Italia, ktor\u00e9 v\u00e1m vyrazia dych - \u0160koda We Love Cycling Slovensko\",\"isPartOf\":{\"@id\":\"https:\/\/www.welovecycling.com\/sk\/#website\"},\"primaryImageOfPage\":{\"@id\":\"https:\/\/www.welovecycling.com\/sk\/2017\/05\/10\/15-historickych-fotiek-giro-ditalia-ktore-vam-vyrazia-dych\/#primaryimage\"},\"image\":{\"@id\":\"https:\/\/www.welovecycling.com\/sk\/2017\/05\/10\/15-historickych-fotiek-giro-ditalia-ktore-vam-vyrazia-dych\/#primaryimage\"},\"thumbnailUrl\":\"https:\/\/d2p6e6u75xmxt8.cloudfront.net\/4\/2017\/05\/cov.webp\",\"datePublished\":\"2017-05-10T08:26:20+00:00\",\"dateModified\":\"2017-05-18T10:03:01+00:00\",\"author\":{\"@id\":\"https:\/\/www.welovecycling.com\/sk\/#\/schema\/person\/8ee09ba39b7e25b1870160aa5b3a89bc\"},\"breadcrumb\":{\"@id\":\"https:\/\/www.welovecycling.com\/sk\/2017\/05\/10\/15-historickych-fotiek-giro-ditalia-ktore-vam-vyrazia-dych\/#breadcrumb\"},\"inLanguage\":\"sk-SK\",\"potentialAction\":[{\"@type\":\"ReadAction\",\"target\":[\"https:\/\/www.welovecycling.com\/sk\/2017\/05\/10\/15-historickych-fotiek-giro-ditalia-ktore-vam-vyrazia-dych\/\"]}]},{\"@type\":\"ImageObject\",\"inLanguage\":\"sk-SK\",\"@id\":\"https:\/\/www.welovecycling.com\/sk\/2017\/05\/10\/15-historickych-fotiek-giro-ditalia-ktore-vam-vyrazia-dych\/#primaryimage\",\"url\":\"https:\/\/d2p6e6u75xmxt8.cloudfront.net\/4\/2017\/05\/cov.webp\",\"contentUrl\":\"https:\/\/d2p6e6u75xmxt8.cloudfront.net\/4\/2017\/05\/cov.webp\",\"width\":1375,\"height\":600},{\"@type\":\"BreadcrumbList\",\"@id\":\"https:\/\/www.welovecycling.com\/sk\/2017\/05\/10\/15-historickych-fotiek-giro-ditalia-ktore-vam-vyrazia-dych\/#breadcrumb\",\"itemListElement\":[{\"@type\":\"ListItem\",\"position\":1,\"name\":\"Home\",\"item\":\"https:\/\/www.welovecycling.com\/sk\/\"},{\"@type\":\"ListItem\",\"position\":2,\"name\":\"15 historick\u00fdch fotiek z Giro d\u2018Italia, ktor\u00e9 v\u00e1m vyrazia dych\"}]},{\"@type\":\"WebSite\",\"@id\":\"https:\/\/www.welovecycling.com\/sk\/#website\",\"url\":\"https:\/\/www.welovecycling.com\/sk\/\",\"name\":\"\u0160koda We Love Cycling Slovensko\",\"description\":\"\u0160koda We Love Cycling Slovensko je v\u00e1\u0161 ka\u017edodenn\u00fd zdroj noviniek a in\u0161pir\u00e1cie z sveta cyklistiky\",\"potentialAction\":[{\"@type\":\"SearchAction\",\"target\":{\"@type\":\"EntryPoint\",\"urlTemplate\":\"https:\/\/www.welovecycling.com\/sk\/?s={search_term_string}\"},\"query-input\":{\"@type\":\"PropertyValueSpecification\",\"valueRequired\":true,\"valueName\":\"search_term_string\"}}],\"inLanguage\":\"sk-SK\"},{\"@type\":\"Person\",\"@id\":\"https:\/\/www.welovecycling.com\/sk\/#\/schema\/person\/8ee09ba39b7e25b1870160aa5b3a89bc\",\"name\":\"Ondrej Ga\u0161par\",\"image\":{\"@type\":\"ImageObject\",\"inLanguage\":\"sk-SK\",\"@id\":\"https:\/\/www.welovecycling.com\/sk\/#\/schema\/person\/image\/\",\"url\":\"https:\/\/secure.gravatar.com\/avatar\/6126c9afb87b70da5abbb083ddbb21933da15f18f8ca7cb822aba0fb096a48f6?s=96&d=mm&r=g\",\"contentUrl\":\"https:\/\/secure.gravatar.com\/avatar\/6126c9afb87b70da5abbb083ddbb21933da15f18f8ca7cb822aba0fb096a48f6?s=96&d=mm&r=g\",\"caption\":\"Ondrej Ga\u0161par\"},\"url\":\"https:\/\/www.welovecycling.com\/sk\/author\/ondrejgaspar\/\"}]}<\/script>\n<!-- \/ Yoast SEO Premium plugin. -->","yoast_head_json":{"title":"15 historick\u00fdch fotiek z Giro d\u2018Italia, ktor\u00e9 v\u00e1m vyrazia dych - \u0160koda We Love Cycling Slovensko","robots":{"index":"index","follow":"follow","max-snippet":"max-snippet:-1","max-image-preview":"max-image-preview:large","max-video-preview":"max-video-preview:-1"},"canonical":"https:\/\/www.welovecycling.com\/sk\/2017\/05\/10\/15-historickych-fotiek-giro-ditalia-ktore-vam-vyrazia-dych\/","og_locale":"sk_SK","og_type":"article","og_title":"15 historick\u00fdch fotiek z Giro d\u2018Italia, ktor\u00e9 v\u00e1m vyrazia dych","og_description":"Jazdci u\u017e nieko\u013eko dn\u00ed bojuj\u00fa na apeninskej &#8222;\u010di\u017eme&#8220; s n\u00e1ro\u010dn\u00fdmi etapami Gira, tak\u017ee je ten spr\u00e1vny \u010das pozrie\u0165 sa tomuto [&hellip;]","og_url":"https:\/\/www.welovecycling.com\/sk\/2017\/05\/10\/15-historickych-fotiek-giro-ditalia-ktore-vam-vyrazia-dych\/","og_site_name":"\u0160koda We Love Cycling Slovensko","article_published_time":"2017-05-10T08:26:20+00:00","article_modified_time":"2017-05-18T10:03:01+00:00","og_image":[{"width":1375,"height":600,"url":"https:\/\/d2p6e6u75xmxt8.cloudfront.net\/4\/2017\/05\/cov.webp","type":"image\/webp"}],"author":"Ondrej Ga\u0161par","twitter_card":"summary_large_image","twitter_misc":{"Written by":"Monica Buck","Est. reading time":"2 minutes"},"schema":{"@context":"https:\/\/schema.org","@graph":[{"@type":"WebPage","@id":"https:\/\/www.welovecycling.com\/sk\/2017\/05\/10\/15-historickych-fotiek-giro-ditalia-ktore-vam-vyrazia-dych\/","url":"https:\/\/www.welovecycling.com\/sk\/2017\/05\/10\/15-historickych-fotiek-giro-ditalia-ktore-vam-vyrazia-dych\/","name":"15 historick\u00fdch fotiek z Giro d\u2018Italia, ktor\u00e9 v\u00e1m vyrazia dych - \u0160koda We Love Cycling Slovensko","isPartOf":{"@id":"https:\/\/www.welovecycling.com\/sk\/#website"},"primaryImageOfPage":{"@id":"https:\/\/www.welovecycling.com\/sk\/2017\/05\/10\/15-historickych-fotiek-giro-ditalia-ktore-vam-vyrazia-dych\/#primaryimage"},"image":{"@id":"https:\/\/www.welovecycling.com\/sk\/2017\/05\/10\/15-historickych-fotiek-giro-ditalia-ktore-vam-vyrazia-dych\/#primaryimage"},"thumbnailUrl":"https:\/\/d2p6e6u75xmxt8.cloudfront.net\/4\/2017\/05\/cov.webp","datePublished":"2017-05-10T08:26:20+00:00","dateModified":"2017-05-18T10:03:01+00:00","author":{"@id":"https:\/\/www.welovecycling.com\/sk\/#\/schema\/person\/8ee09ba39b7e25b1870160aa5b3a89bc"},"breadcrumb":{"@id":"https:\/\/www.welovecycling.com\/sk\/2017\/05\/10\/15-historickych-fotiek-giro-ditalia-ktore-vam-vyrazia-dych\/#breadcrumb"},"inLanguage":"sk-SK","potentialAction":[{"@type":"ReadAction","target":["https:\/\/www.welovecycling.com\/sk\/2017\/05\/10\/15-historickych-fotiek-giro-ditalia-ktore-vam-vyrazia-dych\/"]}]},{"@type":"ImageObject","inLanguage":"sk-SK","@id":"https:\/\/www.welovecycling.com\/sk\/2017\/05\/10\/15-historickych-fotiek-giro-ditalia-ktore-vam-vyrazia-dych\/#primaryimage","url":"https:\/\/d2p6e6u75xmxt8.cloudfront.net\/4\/2017\/05\/cov.webp","contentUrl":"https:\/\/d2p6e6u75xmxt8.cloudfront.net\/4\/2017\/05\/cov.webp","width":1375,"height":600},{"@type":"BreadcrumbList","@id":"https:\/\/www.welovecycling.com\/sk\/2017\/05\/10\/15-historickych-fotiek-giro-ditalia-ktore-vam-vyrazia-dych\/#breadcrumb","itemListElement":[{"@type":"ListItem","position":1,"name":"Home","item":"https:\/\/www.welovecycling.com\/sk\/"},{"@type":"ListItem","position":2,"name":"15 historick\u00fdch fotiek z Giro d\u2018Italia, ktor\u00e9 v\u00e1m vyrazia dych"}]},{"@type":"WebSite","@id":"https:\/\/www.welovecycling.com\/sk\/#website","url":"https:\/\/www.welovecycling.com\/sk\/","name":"\u0160koda We Love Cycling Slovensko","description":"\u0160koda We Love Cycling Slovensko je v\u00e1\u0161 ka\u017edodenn\u00fd zdroj noviniek a in\u0161pir\u00e1cie z sveta cyklistiky","potentialAction":[{"@type":"SearchAction","target":{"@type":"EntryPoint","urlTemplate":"https:\/\/www.welovecycling.com\/sk\/?s={search_term_string}"},"query-input":{"@type":"PropertyValueSpecification","valueRequired":true,"valueName":"search_term_string"}}],"inLanguage":"sk-SK"},{"@type":"Person","@id":"https:\/\/www.welovecycling.com\/sk\/#\/schema\/person\/8ee09ba39b7e25b1870160aa5b3a89bc","name":"Ondrej Ga\u0161par","image":{"@type":"ImageObject","inLanguage":"sk-SK","@id":"https:\/\/www.welovecycling.com\/sk\/#\/schema\/person\/image\/","url":"https:\/\/secure.gravatar.com\/avatar\/6126c9afb87b70da5abbb083ddbb21933da15f18f8ca7cb822aba0fb096a48f6?s=96&d=mm&r=g","contentUrl":"https:\/\/secure.gravatar.com\/avatar\/6126c9afb87b70da5abbb083ddbb21933da15f18f8ca7cb822aba0fb096a48f6?s=96&d=mm&r=g","caption":"Ondrej Ga\u0161par"},"url":"https:\/\/www.welovecycling.com\/sk\/author\/ondrejgaspar\/"}]}},"_links":{"self":[{"href":"https:\/\/www.welovecycling.com\/sk\/wp-json\/wp\/v2\/posts\/629","targetHints":{"allow":["GET"]}}],"collection":[{"href":"https:\/\/www.welovecycling.com\/sk\/wp-json\/wp\/v2\/posts"}],"about":[{"href":"https:\/\/www.welovecycling.com\/sk\/wp-json\/wp\/v2\/types\/post"}],"author":[{"embeddable":true,"href":"https:\/\/www.welovecycling.com\/sk\/wp-json\/wp\/v2\/users\/38"}],"replies":[{"embeddable":true,"href":"https:\/\/www.welovecycling.com\/sk\/wp-json\/wp\/v2\/comments?post=629"}],"version-history":[{"count":2,"href":"https:\/\/www.welovecycling.com\/sk\/wp-json\/wp\/v2\/posts\/629\/revisions"}],"predecessor-version":[{"id":669,"href":"https:\/\/www.welovecycling.com\/sk\/wp-json\/wp\/v2\/posts\/629\/revisions\/669"}],"wp:featuredmedia":[{"embeddable":true,"href":"https:\/\/www.welovecycling.com\/sk\/wp-json\/wp\/v2\/media\/660"}],"wp:attachment":[{"href":"https:\/\/www.welovecycling.com\/sk\/wp-json\/wp\/v2\/media?parent=629"}],"wp:term":[{"taxonomy":"category","embeddable":true,"href":"https:\/\/www.welovecycling.com\/sk\/wp-json\/wp\/v2\/categories?post=629"},{"taxonomy":"post_tag","embeddable":true,"href":"https:\/\/www.welovecycling.com\/sk\/wp-json\/wp\/v2\/tags?post=629"},{"taxonomy":"global-categories","embeddable":true,"href":"https:\/\/www.welovecycling.com\/sk\/wp-json\/wp\/v2\/global-categories?post=629"}],"curies":[{"name":"wp","href":"https:\/\/api.w.org\/{rel}","templated":true}]}}