{"id":6279,"date":"2019-03-22T11:00:19","date_gmt":"2019-03-22T10:00:19","guid":{"rendered":"https:\/\/www.welovecycling.com\/sk\/?p=6279"},"modified":"2023-04-19T11:55:43","modified_gmt":"2023-04-19T09:55:43","slug":"tip-na-vylet-turzov-a-palfyho-trail-pri-novej-rozhladni","status":"publish","type":"post","link":"https:\/\/www.welovecycling.com\/sk\/2019\/03\/22\/tip-na-vylet-turzov-a-palfyho-trail-pri-novej-rozhladni\/","title":{"rendered":"Tip na v\u00fdlet: Turzov a P\u00e1lfyho trail pri\u00a0novej rozh\u013eadni"},"content":{"rendered":"<p><strong>Ak zav\u00edtate do Prievidze alebo k\u00fape\u013en\u00fdch Bojn\u00edc, ktor\u00e9 s\u00fa zn\u00e1me predov\u0161etk\u00fdm svoj\u00edm z\u00e1mkom, mo\u017eno v\u00e1s prekvap\u00ed obrovsk\u00e1 kon\u0161trukcia, ktor\u00e1 sa objavila na ne\u010falekom kopci hne\u010f ved\u013ea dominanty z\u00e1mku. Je to nov\u00e1 rozh\u013ead\u0148a, ktor\u00fa postavili k\u00fapele Bojnice a\u00a0od jej otvorenia je jednou z najnav\u0161tevovanej\u0161\u00edch atrakci\u00ed v\u00a0okol\u00ed. Niet sa \u010domu divi\u0165, ve\u010f rozh\u013ead\u0148a\u00a0na prv\u00fd poh\u013ead pripom\u00edna sk\u00f4r horsk\u00fa dr\u00e1hu \u010di tobogan.<\/strong><!--more--><\/p>\n<p><a href=\"https:\/\/d2p6e6u75xmxt8.cloudfront.net\/4\/2019\/02\/01.JPG.jpg\"><img loading=\"lazy\" decoding=\"async\" class=\"alignnone size-full wp-image-6281\" src=\"https:\/\/d2p6e6u75xmxt8.cloudfront.net\/4\/2019\/02\/01.JPG.jpg\" alt=\"\" width=\"1200\" height=\"800\" \/><\/a><\/p>\n<p>Ako spr\u00e1vni bikeri sa tam v\u0161ak nevyberieme autom, ale pekne kr\u00e1sne si to vy\u0161liapeme rovno pod rozh\u013ead\u0148u. Je jedno odkia\u013e z\u00a0mesta vyr\u00e1\u017eate, d\u00f4le\u017eit\u00e9 je dosta\u0165 sa na <em>&#8222;bojnick\u00fa cestu&#8220;<\/em>, to je tak\u00e1 na\u0161a miestna magistr\u00e1la. Aby som si to spestril, smerujem rovno cez centrum Bojn\u00edc priamo popod z\u00e1mok.<\/p>\n<p><a href=\"https:\/\/d2p6e6u75xmxt8.cloudfront.net\/4\/2019\/02\/02.JPG.jpg\"><img loading=\"lazy\" decoding=\"async\" class=\"alignnone size-full wp-image-6282\" src=\"https:\/\/d2p6e6u75xmxt8.cloudfront.net\/4\/2019\/02\/02.JPG.jpg\" alt=\"\" width=\"1200\" height=\"800\" \/><\/a><\/p>\n<p>Tu sa u\u017e v\u0161ak <strong>za\u010d\u00edna st\u00fapanie<\/strong>, ktor\u00e9 m\u00e1 v\u00a0ob\u013eube v\u00e4\u010d\u0161ina cyklistov z\u00a0okolia, preto\u017ee pre za\u010diato\u010dn\u00edka je to tak\u00e1 v\u00fdzva, \u010di to vy\u0161liape a\u017e navrch, a\u00a0t\u00ed sk\u00fasenej\u0161\u00ed si tu zlep\u0161uj\u00fa \u010dasovky. Nie je to nejak\u00e1 ve\u013ek\u00e1 vzdialenos\u0165, <strong>necel\u00e9 3 km<\/strong>, ale miestami maj\u00fa v\u00a0z\u00e1krut\u00e1ch probl\u00e9my aj aut\u00e1, aby to vytiahli na jednotke.<\/p>\n<p><a href=\"https:\/\/d2p6e6u75xmxt8.cloudfront.net\/4\/2019\/02\/03.JPG.jpg\"><img loading=\"lazy\" decoding=\"async\" class=\"alignnone size-full wp-image-6283\" src=\"https:\/\/d2p6e6u75xmxt8.cloudfront.net\/4\/2019\/02\/03.JPG.jpg\" alt=\"\" width=\"1200\" height=\"800\" \/><\/a><\/p>\n<p><strong>Cie\u013e tejto vrch\u00e1rskej etapy je pri autokempingu<\/strong> a\u00a0pr\u00e1ve tam nach\u00e1dzam r\u00e1zcestie so zna\u010den\u00fdmi turistick\u00fdmi, ale aj cyklistick\u00fdmi chodn\u00edkmi. D\u00e1m sa <strong>smerom na Turzov trail<\/strong> a\u00a0o chv\u00ed\u013eu prich\u00e1dzam k\u00a0rozh\u013eadni. Je zauj\u00edmav\u00e9 sledova\u0165, ako r\u00fdchlo jedna rozh\u013ead\u0148a pritiahne nielen turistov, ale aj predajcov so st\u00e1nkami, tak\u017ee si uprostred les\u00edka m\u00f4\u017eete zak\u00fapi\u0165 magnetky, ply\u0161ov\u00e9 hra\u010dky a\u00a0podobn\u00e9 \u201cu\u017eito\u010dn\u00e9\u201d veci :-).<\/p>\n<p><a href=\"https:\/\/d2p6e6u75xmxt8.cloudfront.net\/4\/2019\/02\/04.JPG.jpg\"><img loading=\"lazy\" decoding=\"async\" class=\"alignnone size-full wp-image-6284\" src=\"https:\/\/d2p6e6u75xmxt8.cloudfront.net\/4\/2019\/02\/04.JPG.jpg\" alt=\"\" width=\"1200\" height=\"800\" \/><\/a><\/p>\n<p><strong>Rozh\u013ead\u0148a je kolos\u00e1lna<\/strong> nielen z\u00a0dia\u013eky, ale aj z\u00a0bl\u00edzka a\u00a0ke\u010f\u017ee bola postaven\u00e1 len ned\u00e1vno, v\u00a0jej okol\u00ed sa e\u0161te upravuje ter\u00e9n a\u00a0ver\u00edm, \u017ee pribudn\u00fa aj stojany na bicykle, preto\u017ee v\u00a0tejto chv\u00edli je mo\u017en\u00e9 si ich zamkn\u00fa\u0165 len niekde o\u00a0strom, pok\u00fdm sa pokoch\u00e1te v\u00fdh\u013eadom.<\/p>\n<p><a href=\"https:\/\/d2p6e6u75xmxt8.cloudfront.net\/4\/2019\/02\/05.JPG.jpg\"><img loading=\"lazy\" decoding=\"async\" class=\"alignnone size-full wp-image-6285\" src=\"https:\/\/d2p6e6u75xmxt8.cloudfront.net\/4\/2019\/02\/05.JPG.jpg\" alt=\"\" width=\"1200\" height=\"800\" \/><\/a><\/p>\n<p>Len k\u00fasok od rozh\u013eadne, cestou spa\u0165, neprehliadnete <strong>Turzov flow trail<\/strong>, \u010do je skvel\u00e1 tra\u0165 pre bikerov a\u00a0ak nie\u010do podobn\u00e9 sk\u00fa\u0161ate prv\u00fdkr\u00e1t, cho\u010fte opatrne. \u010co sa m\u0148a t\u00fdka, neodolal som a\u00a0tie\u017e som si jazdu vychutnal, aj ke\u010f a\u017e na konci trailu som si uvedomil, \u017ee som si zabudol odomkn\u00fa\u0165 pru\u017eenie.<\/p>\n<p><a href=\"https:\/\/d2p6e6u75xmxt8.cloudfront.net\/4\/2019\/02\/06.JPG.jpg\"><img loading=\"lazy\" decoding=\"async\" class=\"alignnone size-full wp-image-6286\" src=\"https:\/\/d2p6e6u75xmxt8.cloudfront.net\/4\/2019\/02\/06.JPG.jpg\" alt=\"\" width=\"1200\" height=\"800\" \/><\/a><\/p>\n<p>Od Turzovho trailu som <strong>zi\u0161iel lesnou cesti\u010dkou ved\u013ea kalv\u00e1rie<\/strong>, predsa sa nebudem hne\u010f vraca\u0165 domov, a\u00a0tak som si ten kopec v\u00a0r\u00e1mci tr\u00e9ningu dal e\u0161te raz. Pri autokempingu som tentokr\u00e1t zvolil smer na <strong>P\u00e1lfyho trail<\/strong>. Od toho Turzovho je <strong>ove\u013ea dlh\u0161\u00ed a &#8222;pr\u00edrodnej\u0161\u00ed&#8220;<\/strong>, tak\u017ee \u010dakajte korene a\u00a0kamene. Sledujte zna\u010denie ved\u013ea trailu, u\u0161etr\u00edte si pr\u00edpadn\u00e9 nepr\u00edjemnosti, preto\u017ee jeden skok zna\u010den\u00fd smrtkou je skuto\u010dne len pre sk\u00fasen\u00fdch jumperov.<\/p>\n<div data-rows=\"1\" id='gallery-1' class='gallery-rows-1 gallery galleryid-6279 gallery-columns-2 gallery-size-full'><figure class='gallery-item'>\n\t\t\t<div class='gallery-icon landscape'>\n\t\t\t\t<a href='https:\/\/d2p6e6u75xmxt8.cloudfront.net\/4\/2019\/02\/07.JPG.webp'><img loading=\"lazy\" decoding=\"async\" width=\"1200\" height=\"800\" src=\"https:\/\/d2p6e6u75xmxt8.cloudfront.net\/4\/2019\/02\/07.JPG.webp\" class=\"attachment-full size-full\" alt=\"\" srcset=\"https:\/\/d2p6e6u75xmxt8.cloudfront.net\/4\/2019\/02\/07.JPG.webp 1200w, https:\/\/d2p6e6u75xmxt8.cloudfront.net\/4\/2019\/02\/07.JPG-300x200.webp 300w, https:\/\/d2p6e6u75xmxt8.cloudfront.net\/4\/2019\/02\/07.JPG-1024x683.webp 1024w, https:\/\/d2p6e6u75xmxt8.cloudfront.net\/4\/2019\/02\/07.JPG-768x512.webp 768w, https:\/\/d2p6e6u75xmxt8.cloudfront.net\/4\/2019\/02\/07.JPG-272x182.webp 272w\" sizes=\"auto, (max-width: 1200px) 100vw, 1200px\" \/><\/a>\n\t\t\t<\/div><\/figure><figure class='gallery-item'>\n\t\t\t<div class='gallery-icon landscape'>\n\t\t\t\t<a href='https:\/\/d2p6e6u75xmxt8.cloudfront.net\/4\/2019\/02\/08.JPG.webp'><img loading=\"lazy\" decoding=\"async\" width=\"1200\" height=\"800\" src=\"https:\/\/d2p6e6u75xmxt8.cloudfront.net\/4\/2019\/02\/08.JPG.webp\" class=\"attachment-full size-full\" alt=\"\" srcset=\"https:\/\/d2p6e6u75xmxt8.cloudfront.net\/4\/2019\/02\/08.JPG.webp 1200w, https:\/\/d2p6e6u75xmxt8.cloudfront.net\/4\/2019\/02\/08.JPG-300x200.webp 300w, https:\/\/d2p6e6u75xmxt8.cloudfront.net\/4\/2019\/02\/08.JPG-1024x683.webp 1024w, https:\/\/d2p6e6u75xmxt8.cloudfront.net\/4\/2019\/02\/08.JPG-768x512.webp 768w, https:\/\/d2p6e6u75xmxt8.cloudfront.net\/4\/2019\/02\/08.JPG-272x182.webp 272w\" sizes=\"auto, (max-width: 1200px) 100vw, 1200px\" \/><\/a>\n\t\t\t<\/div><\/figure>\n\t\t<\/div>\n        \n<p>Trasa v z\u00e1vere ide ved\u013ea m\u00faru bojnickej ZOO. Na konci trailu sa mi otvoril <strong>v\u00fdh\u013ead na Bojnick\u00fd z\u00e1mok<\/strong> z\u00a0tej najviac fotenej strany. Nu\u017e, je pravda, \u017ee J\u00e1n P\u00e1lfy si vedel vybra\u0165 miesto a\u00a0t\u00fdch 22 rokov, ktor\u00e9 kedysi venoval prestavbe z\u00e1mku, st\u00e1lo za to.<\/p>\n<div data-rows=\"1\" id='gallery-2' class='gallery-rows-1 gallery galleryid-6279 gallery-columns-2 gallery-size-full'><figure class='gallery-item'>\n\t\t\t<div class='gallery-icon landscape'>\n\t\t\t\t<a href='https:\/\/d2p6e6u75xmxt8.cloudfront.net\/4\/2019\/02\/09.JPG.webp'><img loading=\"lazy\" decoding=\"async\" width=\"1200\" height=\"800\" src=\"https:\/\/d2p6e6u75xmxt8.cloudfront.net\/4\/2019\/02\/09.JPG.webp\" class=\"attachment-full size-full\" alt=\"\" srcset=\"https:\/\/d2p6e6u75xmxt8.cloudfront.net\/4\/2019\/02\/09.JPG.webp 1200w, https:\/\/d2p6e6u75xmxt8.cloudfront.net\/4\/2019\/02\/09.JPG-300x200.webp 300w, https:\/\/d2p6e6u75xmxt8.cloudfront.net\/4\/2019\/02\/09.JPG-1024x683.webp 1024w, https:\/\/d2p6e6u75xmxt8.cloudfront.net\/4\/2019\/02\/09.JPG-768x512.webp 768w, https:\/\/d2p6e6u75xmxt8.cloudfront.net\/4\/2019\/02\/09.JPG-272x182.webp 272w\" sizes=\"auto, (max-width: 1200px) 100vw, 1200px\" \/><\/a>\n\t\t\t<\/div><\/figure><figure class='gallery-item'>\n\t\t\t<div class='gallery-icon landscape'>\n\t\t\t\t<a href='https:\/\/d2p6e6u75xmxt8.cloudfront.net\/4\/2019\/02\/10.JPG.webp'><img loading=\"lazy\" decoding=\"async\" width=\"1200\" height=\"800\" src=\"https:\/\/d2p6e6u75xmxt8.cloudfront.net\/4\/2019\/02\/10.JPG.webp\" class=\"attachment-full size-full\" alt=\"\" srcset=\"https:\/\/d2p6e6u75xmxt8.cloudfront.net\/4\/2019\/02\/10.JPG.webp 1200w, https:\/\/d2p6e6u75xmxt8.cloudfront.net\/4\/2019\/02\/10.JPG-300x200.webp 300w, https:\/\/d2p6e6u75xmxt8.cloudfront.net\/4\/2019\/02\/10.JPG-1024x683.webp 1024w, https:\/\/d2p6e6u75xmxt8.cloudfront.net\/4\/2019\/02\/10.JPG-768x512.webp 768w, https:\/\/d2p6e6u75xmxt8.cloudfront.net\/4\/2019\/02\/10.JPG-272x182.webp 272w\" sizes=\"auto, (max-width: 1200px) 100vw, 1200px\" \/><\/a>\n\t\t\t<\/div><\/figure>\n\t\t<\/div>\n        \n","protected":false},"excerpt":{"rendered":"<p>Ak zav\u00edtate do Prievidze alebo k\u00fape\u013en\u00fdch Bojn\u00edc, ktor\u00e9 s\u00fa zn\u00e1me predov\u0161etk\u00fdm svoj\u00edm z\u00e1mkom, mo\u017eno v\u00e1s prekvap\u00ed obrovsk\u00e1 kon\u0161trukcia, ktor\u00e1 sa [&hellip;]<\/p>\n","protected":false},"author":38,"featured_media":6280,"comment_status":"open","ping_status":"open","sticky":false,"template":"","format":"standard","meta":{"footnotes":""},"categories":[3,191],"tags":[619,830,180,532,412,832,459,239,523,741,237,833,834,318,508,831],"global-categories":[],"class_list":["post-6279","post","type-post","status-publish","format-standard","has-post-thumbnail","hentry","category-mtb","category-odporucame","tag-bicyklovanie","tag-bojnice","tag-horska-cyklistika","tag-jazdenie","tag-mtb","tag-palfiho-trail","tag-rozhladna","tag-singletrail","tag-slovensko","tag-tip-na-vylet","tag-trail","tag-turzov-trail","tag-vyhlad","tag-vyjazd","tag-vylet","tag-zamok"],"yoast_head":"<!-- This site is optimized with the Yoast SEO Premium plugin v25.3 (Yoast SEO v25.9) - https:\/\/yoast.com\/wordpress\/plugins\/seo\/ -->\n<title>Tip na v\u00fdlet: Turzov a P\u00e1lfyho trail pri\u00a0novej rozh\u013eadni<\/title>\n<meta name=\"description\" content=\"Nov\u00e1 rozh\u013ead\u0148a, ktor\u00fa postavili k\u00fapele Bojnice je od otvorenia jednou z najnav\u0161tevovanej\u0161\u00edch atrakci\u00ed v\u00a0okol\u00ed. Niet sa \u010domu divi\u0165.\" \/>\n<meta name=\"robots\" content=\"index, follow, max-snippet:-1, max-image-preview:large, max-video-preview:-1\" \/>\n<link rel=\"canonical\" href=\"https:\/\/www.welovecycling.com\/sk\/2019\/03\/22\/tip-na-vylet-turzov-a-palfyho-trail-pri-novej-rozhladni\/\" \/>\n<meta property=\"og:locale\" content=\"sk_SK\" \/>\n<meta property=\"og:type\" content=\"article\" \/>\n<meta property=\"og:title\" content=\"Tip na v\u00fdlet: Turzov a P\u00e1lfyho trail pri\u00a0novej rozh\u013eadni\" \/>\n<meta property=\"og:description\" content=\"Nov\u00e1 rozh\u013ead\u0148a, ktor\u00fa postavili k\u00fapele Bojnice je od otvorenia jednou z najnav\u0161tevovanej\u0161\u00edch atrakci\u00ed v\u00a0okol\u00ed. Niet sa \u010domu divi\u0165.\" \/>\n<meta property=\"og:url\" content=\"https:\/\/www.welovecycling.com\/sk\/2019\/03\/22\/tip-na-vylet-turzov-a-palfyho-trail-pri-novej-rozhladni\/\" \/>\n<meta property=\"og:site_name\" content=\"\u0160koda We Love Cycling Slovensko\" \/>\n<meta property=\"article:published_time\" content=\"2019-03-22T10:00:19+00:00\" \/>\n<meta property=\"article:modified_time\" content=\"2023-04-19T09:55:43+00:00\" \/>\n<meta property=\"og:image\" content=\"https:\/\/d2p6e6u75xmxt8.cloudfront.net\/4\/2019\/02\/titulka.JPG.webp\" \/>\n\t<meta property=\"og:image:width\" content=\"1380\" \/>\n\t<meta property=\"og:image:height\" content=\"600\" \/>\n\t<meta property=\"og:image:type\" content=\"image\/webp\" \/>\n<meta name=\"author\" content=\"Ondrej Ga\u0161par\" \/>\n<meta name=\"twitter:card\" content=\"summary_large_image\" \/>\n<meta name=\"twitter:label1\" content=\"Written by\" \/>\n\t<meta name=\"twitter:data1\" content=\"Radovan Vr\u0161ka\" \/>\n\t<meta name=\"twitter:label2\" content=\"Est. reading time\" \/>\n\t<meta name=\"twitter:data2\" content=\"4\" \/>\n<script type=\"application\/ld+json\" class=\"yoast-schema-graph\">{\"@context\":\"https:\/\/schema.org\",\"@graph\":[{\"@type\":\"WebPage\",\"@id\":\"https:\/\/www.welovecycling.com\/sk\/2019\/03\/22\/tip-na-vylet-turzov-a-palfyho-trail-pri-novej-rozhladni\/\",\"url\":\"https:\/\/www.welovecycling.com\/sk\/2019\/03\/22\/tip-na-vylet-turzov-a-palfyho-trail-pri-novej-rozhladni\/\",\"name\":\"Tip na v\u00fdlet: Turzov a P\u00e1lfyho trail pri\u00a0novej rozh\u013eadni\",\"isPartOf\":{\"@id\":\"https:\/\/www.welovecycling.com\/sk\/#website\"},\"primaryImageOfPage\":{\"@id\":\"https:\/\/www.welovecycling.com\/sk\/2019\/03\/22\/tip-na-vylet-turzov-a-palfyho-trail-pri-novej-rozhladni\/#primaryimage\"},\"image\":{\"@id\":\"https:\/\/www.welovecycling.com\/sk\/2019\/03\/22\/tip-na-vylet-turzov-a-palfyho-trail-pri-novej-rozhladni\/#primaryimage\"},\"thumbnailUrl\":\"https:\/\/d2p6e6u75xmxt8.cloudfront.net\/4\/2019\/02\/titulka.JPG.webp\",\"datePublished\":\"2019-03-22T10:00:19+00:00\",\"dateModified\":\"2023-04-19T09:55:43+00:00\",\"author\":{\"@id\":\"https:\/\/www.welovecycling.com\/sk\/#\/schema\/person\/8ee09ba39b7e25b1870160aa5b3a89bc\"},\"description\":\"Nov\u00e1 rozh\u013ead\u0148a, ktor\u00fa postavili k\u00fapele Bojnice je od otvorenia jednou z najnav\u0161tevovanej\u0161\u00edch atrakci\u00ed v\u00a0okol\u00ed. Niet sa \u010domu divi\u0165.\",\"breadcrumb\":{\"@id\":\"https:\/\/www.welovecycling.com\/sk\/2019\/03\/22\/tip-na-vylet-turzov-a-palfyho-trail-pri-novej-rozhladni\/#breadcrumb\"},\"inLanguage\":\"sk-SK\",\"potentialAction\":[{\"@type\":\"ReadAction\",\"target\":[\"https:\/\/www.welovecycling.com\/sk\/2019\/03\/22\/tip-na-vylet-turzov-a-palfyho-trail-pri-novej-rozhladni\/\"]}]},{\"@type\":\"ImageObject\",\"inLanguage\":\"sk-SK\",\"@id\":\"https:\/\/www.welovecycling.com\/sk\/2019\/03\/22\/tip-na-vylet-turzov-a-palfyho-trail-pri-novej-rozhladni\/#primaryimage\",\"url\":\"https:\/\/d2p6e6u75xmxt8.cloudfront.net\/4\/2019\/02\/titulka.JPG.webp\",\"contentUrl\":\"https:\/\/d2p6e6u75xmxt8.cloudfront.net\/4\/2019\/02\/titulka.JPG.webp\",\"width\":1380,\"height\":600},{\"@type\":\"BreadcrumbList\",\"@id\":\"https:\/\/www.welovecycling.com\/sk\/2019\/03\/22\/tip-na-vylet-turzov-a-palfyho-trail-pri-novej-rozhladni\/#breadcrumb\",\"itemListElement\":[{\"@type\":\"ListItem\",\"position\":1,\"name\":\"Home\",\"item\":\"https:\/\/www.welovecycling.com\/sk\/\"},{\"@type\":\"ListItem\",\"position\":2,\"name\":\"Tip na v\u00fdlet: Turzov a P\u00e1lfyho trail pri\u00a0novej rozh\u013eadni\"}]},{\"@type\":\"WebSite\",\"@id\":\"https:\/\/www.welovecycling.com\/sk\/#website\",\"url\":\"https:\/\/www.welovecycling.com\/sk\/\",\"name\":\"\u0160koda We Love Cycling Slovensko\",\"description\":\"\u0160koda We Love Cycling Slovensko je v\u00e1\u0161 ka\u017edodenn\u00fd zdroj noviniek a in\u0161pir\u00e1cie z sveta cyklistiky\",\"potentialAction\":[{\"@type\":\"SearchAction\",\"target\":{\"@type\":\"EntryPoint\",\"urlTemplate\":\"https:\/\/www.welovecycling.com\/sk\/?s={search_term_string}\"},\"query-input\":{\"@type\":\"PropertyValueSpecification\",\"valueRequired\":true,\"valueName\":\"search_term_string\"}}],\"inLanguage\":\"sk-SK\"},{\"@type\":\"Person\",\"@id\":\"https:\/\/www.welovecycling.com\/sk\/#\/schema\/person\/8ee09ba39b7e25b1870160aa5b3a89bc\",\"name\":\"Ondrej Ga\u0161par\",\"image\":{\"@type\":\"ImageObject\",\"inLanguage\":\"sk-SK\",\"@id\":\"https:\/\/www.welovecycling.com\/sk\/#\/schema\/person\/image\/\",\"url\":\"https:\/\/secure.gravatar.com\/avatar\/6126c9afb87b70da5abbb083ddbb21933da15f18f8ca7cb822aba0fb096a48f6?s=96&d=mm&r=g\",\"contentUrl\":\"https:\/\/secure.gravatar.com\/avatar\/6126c9afb87b70da5abbb083ddbb21933da15f18f8ca7cb822aba0fb096a48f6?s=96&d=mm&r=g\",\"caption\":\"Ondrej Ga\u0161par\"},\"url\":\"https:\/\/www.welovecycling.com\/sk\/author\/ondrejgaspar\/\"}]}<\/script>\n<!-- \/ Yoast SEO Premium plugin. -->","yoast_head_json":{"title":"Tip na v\u00fdlet: Turzov a P\u00e1lfyho trail pri\u00a0novej rozh\u013eadni","description":"Nov\u00e1 rozh\u013ead\u0148a, ktor\u00fa postavili k\u00fapele Bojnice je od otvorenia jednou z najnav\u0161tevovanej\u0161\u00edch atrakci\u00ed v\u00a0okol\u00ed. Niet sa \u010domu divi\u0165.","robots":{"index":"index","follow":"follow","max-snippet":"max-snippet:-1","max-image-preview":"max-image-preview:large","max-video-preview":"max-video-preview:-1"},"canonical":"https:\/\/www.welovecycling.com\/sk\/2019\/03\/22\/tip-na-vylet-turzov-a-palfyho-trail-pri-novej-rozhladni\/","og_locale":"sk_SK","og_type":"article","og_title":"Tip na v\u00fdlet: Turzov a P\u00e1lfyho trail pri\u00a0novej rozh\u013eadni","og_description":"Nov\u00e1 rozh\u013ead\u0148a, ktor\u00fa postavili k\u00fapele Bojnice je od otvorenia jednou z najnav\u0161tevovanej\u0161\u00edch atrakci\u00ed v\u00a0okol\u00ed. Niet sa \u010domu divi\u0165.","og_url":"https:\/\/www.welovecycling.com\/sk\/2019\/03\/22\/tip-na-vylet-turzov-a-palfyho-trail-pri-novej-rozhladni\/","og_site_name":"\u0160koda We Love Cycling Slovensko","article_published_time":"2019-03-22T10:00:19+00:00","article_modified_time":"2023-04-19T09:55:43+00:00","og_image":[{"width":1380,"height":600,"url":"https:\/\/d2p6e6u75xmxt8.cloudfront.net\/4\/2019\/02\/titulka.JPG.webp","type":"image\/webp"}],"author":"Ondrej Ga\u0161par","twitter_card":"summary_large_image","twitter_misc":{"Written by":"Radovan Vr\u0161ka","Est. reading time":"4"},"schema":{"@context":"https:\/\/schema.org","@graph":[{"@type":"WebPage","@id":"https:\/\/www.welovecycling.com\/sk\/2019\/03\/22\/tip-na-vylet-turzov-a-palfyho-trail-pri-novej-rozhladni\/","url":"https:\/\/www.welovecycling.com\/sk\/2019\/03\/22\/tip-na-vylet-turzov-a-palfyho-trail-pri-novej-rozhladni\/","name":"Tip na v\u00fdlet: Turzov a P\u00e1lfyho trail pri\u00a0novej rozh\u013eadni","isPartOf":{"@id":"https:\/\/www.welovecycling.com\/sk\/#website"},"primaryImageOfPage":{"@id":"https:\/\/www.welovecycling.com\/sk\/2019\/03\/22\/tip-na-vylet-turzov-a-palfyho-trail-pri-novej-rozhladni\/#primaryimage"},"image":{"@id":"https:\/\/www.welovecycling.com\/sk\/2019\/03\/22\/tip-na-vylet-turzov-a-palfyho-trail-pri-novej-rozhladni\/#primaryimage"},"thumbnailUrl":"https:\/\/d2p6e6u75xmxt8.cloudfront.net\/4\/2019\/02\/titulka.JPG.webp","datePublished":"2019-03-22T10:00:19+00:00","dateModified":"2023-04-19T09:55:43+00:00","author":{"@id":"https:\/\/www.welovecycling.com\/sk\/#\/schema\/person\/8ee09ba39b7e25b1870160aa5b3a89bc"},"description":"Nov\u00e1 rozh\u013ead\u0148a, ktor\u00fa postavili k\u00fapele Bojnice je od otvorenia jednou z najnav\u0161tevovanej\u0161\u00edch atrakci\u00ed v\u00a0okol\u00ed. Niet sa \u010domu divi\u0165.","breadcrumb":{"@id":"https:\/\/www.welovecycling.com\/sk\/2019\/03\/22\/tip-na-vylet-turzov-a-palfyho-trail-pri-novej-rozhladni\/#breadcrumb"},"inLanguage":"sk-SK","potentialAction":[{"@type":"ReadAction","target":["https:\/\/www.welovecycling.com\/sk\/2019\/03\/22\/tip-na-vylet-turzov-a-palfyho-trail-pri-novej-rozhladni\/"]}]},{"@type":"ImageObject","inLanguage":"sk-SK","@id":"https:\/\/www.welovecycling.com\/sk\/2019\/03\/22\/tip-na-vylet-turzov-a-palfyho-trail-pri-novej-rozhladni\/#primaryimage","url":"https:\/\/d2p6e6u75xmxt8.cloudfront.net\/4\/2019\/02\/titulka.JPG.webp","contentUrl":"https:\/\/d2p6e6u75xmxt8.cloudfront.net\/4\/2019\/02\/titulka.JPG.webp","width":1380,"height":600},{"@type":"BreadcrumbList","@id":"https:\/\/www.welovecycling.com\/sk\/2019\/03\/22\/tip-na-vylet-turzov-a-palfyho-trail-pri-novej-rozhladni\/#breadcrumb","itemListElement":[{"@type":"ListItem","position":1,"name":"Home","item":"https:\/\/www.welovecycling.com\/sk\/"},{"@type":"ListItem","position":2,"name":"Tip na v\u00fdlet: Turzov a P\u00e1lfyho trail pri\u00a0novej rozh\u013eadni"}]},{"@type":"WebSite","@id":"https:\/\/www.welovecycling.com\/sk\/#website","url":"https:\/\/www.welovecycling.com\/sk\/","name":"\u0160koda We Love Cycling Slovensko","description":"\u0160koda We Love Cycling Slovensko je v\u00e1\u0161 ka\u017edodenn\u00fd zdroj noviniek a in\u0161pir\u00e1cie z sveta cyklistiky","potentialAction":[{"@type":"SearchAction","target":{"@type":"EntryPoint","urlTemplate":"https:\/\/www.welovecycling.com\/sk\/?s={search_term_string}"},"query-input":{"@type":"PropertyValueSpecification","valueRequired":true,"valueName":"search_term_string"}}],"inLanguage":"sk-SK"},{"@type":"Person","@id":"https:\/\/www.welovecycling.com\/sk\/#\/schema\/person\/8ee09ba39b7e25b1870160aa5b3a89bc","name":"Ondrej Ga\u0161par","image":{"@type":"ImageObject","inLanguage":"sk-SK","@id":"https:\/\/www.welovecycling.com\/sk\/#\/schema\/person\/image\/","url":"https:\/\/secure.gravatar.com\/avatar\/6126c9afb87b70da5abbb083ddbb21933da15f18f8ca7cb822aba0fb096a48f6?s=96&d=mm&r=g","contentUrl":"https:\/\/secure.gravatar.com\/avatar\/6126c9afb87b70da5abbb083ddbb21933da15f18f8ca7cb822aba0fb096a48f6?s=96&d=mm&r=g","caption":"Ondrej Ga\u0161par"},"url":"https:\/\/www.welovecycling.com\/sk\/author\/ondrejgaspar\/"}]}},"_links":{"self":[{"href":"https:\/\/www.welovecycling.com\/sk\/wp-json\/wp\/v2\/posts\/6279","targetHints":{"allow":["GET"]}}],"collection":[{"href":"https:\/\/www.welovecycling.com\/sk\/wp-json\/wp\/v2\/posts"}],"about":[{"href":"https:\/\/www.welovecycling.com\/sk\/wp-json\/wp\/v2\/types\/post"}],"author":[{"embeddable":true,"href":"https:\/\/www.welovecycling.com\/sk\/wp-json\/wp\/v2\/users\/38"}],"replies":[{"embeddable":true,"href":"https:\/\/www.welovecycling.com\/sk\/wp-json\/wp\/v2\/comments?post=6279"}],"version-history":[{"count":2,"href":"https:\/\/www.welovecycling.com\/sk\/wp-json\/wp\/v2\/posts\/6279\/revisions"}],"predecessor-version":[{"id":17182,"href":"https:\/\/www.welovecycling.com\/sk\/wp-json\/wp\/v2\/posts\/6279\/revisions\/17182"}],"wp:featuredmedia":[{"embeddable":true,"href":"https:\/\/www.welovecycling.com\/sk\/wp-json\/wp\/v2\/media\/6280"}],"wp:attachment":[{"href":"https:\/\/www.welovecycling.com\/sk\/wp-json\/wp\/v2\/media?parent=6279"}],"wp:term":[{"taxonomy":"category","embeddable":true,"href":"https:\/\/www.welovecycling.com\/sk\/wp-json\/wp\/v2\/categories?post=6279"},{"taxonomy":"post_tag","embeddable":true,"href":"https:\/\/www.welovecycling.com\/sk\/wp-json\/wp\/v2\/tags?post=6279"},{"taxonomy":"global-categories","embeddable":true,"href":"https:\/\/www.welovecycling.com\/sk\/wp-json\/wp\/v2\/global-categories?post=6279"}],"curies":[{"name":"wp","href":"https:\/\/api.w.org\/{rel}","templated":true}]}}