{"id":6270,"date":"2019-02-22T10:30:32","date_gmt":"2019-02-22T09:30:32","guid":{"rendered":"https:\/\/www.welovecycling.com\/sk\/?p=6270"},"modified":"2019-02-21T13:07:49","modified_gmt":"2019-02-21T12:07:49","slug":"snobizmus-na-bicykli","status":"publish","type":"post","link":"https:\/\/www.welovecycling.com\/sk\/2019\/02\/22\/snobizmus-na-bicykli\/","title":{"rendered":"Snobizmus na bicykli"},"content":{"rendered":"<p><strong>Po\u010duli ste u\u017e ozna\u010denie snob na bicykli? To s\u00fa tak\u00e9 typy cyklistov, ktor\u00ed nejazdia pre \u010dist\u00fa rados\u0165, pre zdravie, \u010di preto, aby sa stretli s kamar\u00e1tmi a urobili nie\u010do pre seba. Snobi s\u00fa cyklisti, ktor\u00ed s\u00edce jazdia s kamar\u00e1tmi, ale len preto, aby sa mohli pred nimi pochv\u00e1li\u0165 svojimi teoretick\u00fdmi znalos\u0165ami technick\u00fdch term\u00ednov, technikou jazdy a kopou otravn\u00fdch re\u010d\u00ed a otrepan\u00fdch fr\u00e1z, ktor\u00e9 pochytili na svojich jazd\u00e1ch. Ke\u010f tento probl\u00e9m za\u010dnete viac sk\u00fama\u0165, budete prekvapen\u00ed, ko\u013eko tak\u00fdchto cyklistov n\u00e1jdete. A \u010do je zauj\u00edmav\u00e9, n\u00e1jdete ich v ka\u017edej oblasti, \u010di u\u017e je to cestn\u00e1, horsk\u00e1 alebo mestsk\u00e1 cyklistika.<\/strong><!--more--><\/p>\n<h2><strong>Cestn\u00e1 cyklistika<\/strong><\/h2>\n<p>Snobi <strong>obliekaj\u00fa dresy ve\u013ek\u00fdch hviezd cyklistiky<\/strong> a po\u010das jedn\u00e9ho v\u00fdjazdu m\u00e1te pocit, \u017ee ste stretli polovicu pelot\u00f3nu z Tour de France. \u010co sa t\u00fdka bicyklov, zd\u00e1 sa, \u017ee nemaj\u00fa probl\u00e9m zadov\u00e1\u017ei\u0165 si karb\u00f3nov\u00e9 skvosty svetov\u00fdch zna\u010diek. Je im jedno, \u017ee na tom bicykli ro\u010dne najazdia len p\u00e1r kilometrov po\u010das nede\u013en\u00fdch popoludn\u00ed. D\u00f4le\u017eit\u00e9 v\u0161ak je, aby v byte mal svoje v\u00fdznamn\u00e9 miesto, najlep\u0161ie zavesen\u00fd v ob\u00fdva\u010dke nad seda\u010dkou.<\/p>\n<p>https:\/\/www.youtube.com\/watch?v=GMCkuqL9IcM&#038;feature=youtu.be<\/p>\n<h2><strong>Horsk\u00e1 cyklistika<\/strong><\/h2>\n<p>V tomto pr\u00edpade ich oble\u010denie nie je a\u017e tak\u00e9 v\u00fdrazn\u00e9, ale <strong>s\u00fa schopn\u00ed s freeridovou integr\u00e1lou na hlave \u010di pod pazuchou, \u00eds\u0165 aj na k\u00e1vu do shopping centra<\/strong>. Ve\u010f predsa mus\u00ed by\u0165 v\u0161etk\u00fdm jasn\u00e9, \u017ee oni s\u00fa drsn\u00ed chlapci, ktor\u00ed zjazdia ka\u017ed\u00fd kopec v okol\u00ed. Ich bicykle s\u00fa plne odpru\u017een\u00e9 a vidite\u013ene polepen\u00e9 samolepkami r\u00f4znych energetick\u00fdch n\u00e1pojov. D\u00f4le\u017eitej\u0161ie je predsa zapadn\u00fa\u0165 do komunity, ako vedie\u0165 poriadne jazdi\u0165&#8230;<\/p>\n<lite-youtube videoid=FWce703mW6g params=\"enablejsapi=1\" style=\"background-image: url('https:\/\/i.ytimg.com\/vi_webp\/FWce703mW6g\/maxresdefault.webp');\"><\/lite-youtube>\n<h2><strong>Mestsk\u00e1 cyklistika<\/strong><\/h2>\n<p>Tieto cyklo typy v\u0161ade a v\u0161etk\u00fdch upozor\u0148uj\u00fa, ak\u00e9 nebezpe\u010dn\u00e9 je ich jazdenie uprostred d\u017eungle mesta. \u010co sa t\u00fdka oble\u010denia, je to tak\u00e1 kombin\u00e1cia predch\u00e1dzaj\u00facich dvoch \u2013 jazdia v priliehav\u00fdch dresoch, v ktor\u00fdch kr\u00e1sne vynikn\u00fa ich plno\u0161t\u00edhle tvary. Nerob\u00ed im probl\u00e9m fakt, \u017ee t\u00edmy, ktor\u00e9 maj\u00fa na chrbte, s\u00fa \u00faspe\u0161n\u00e9 v cestnej cyklistike, zatia\u013e \u010do oni <strong>jazdia do pr\u00e1ce na celoodpru\u017eenom horskom bicykli<\/strong>.<\/p>\n<lite-youtube videoid=N294ROLXeKo params=\"enablejsapi=1\" style=\"background-image: url('https:\/\/i.ytimg.com\/vi_webp\/N294ROLXeKo\/maxresdefault.webp');\"><\/lite-youtube>\n<p>Ak v\u00e1m e\u0161te st\u00e1le nie je celkom jasn\u00e9, ako prem\u00fd\u0161\u013eaj\u00fa snobi na bicykloch, m\u00f4\u017eete si na str\u00e1nke <a target=\"_blank\"href=\"http:\/\/www.velominati.com\/the-rules\/\">The Velominati<\/a> pre\u010d\u00edta\u0165 95 pravidiel, z ktor\u00fdch pre zauj\u00edmavos\u0165 zop\u00e1r vyber\u00e1me:<\/p>\n<ul>\n<li><strong>Vyhr\u0148te si ruk\u00e1vy alebo kra\u0165asy<\/strong>, aby kolegovia v pr\u00e1ci videli va\u0161e <strong>neop\u00e1len\u00e9 miesta<\/strong>, ktor\u00e9 v\u00e1m po\u010das dlh\u00fdch v\u00fdjazdov zakr\u00fdval cyklistick\u00fd dres.<\/li>\n<li>Ak <strong>jazd\u00ed\u0161 z\u00e1sadne v zlom po\u010das\u00ed<\/strong>, si skuto\u010dn\u00fd frajer \u2013 jazda po\u010das slne\u010dn\u00fdch dn\u00ed je len pre sle\u010dinky.<\/li>\n<li>Na prvom mieste nie je rodina. <strong>Na prvom mieste je bike<\/strong>.<\/li>\n<li><strong>Skuto\u010dn\u00e9 mno\u017estvo bicyklov, ktor\u00e9 mus\u00ed cyklista vlastni\u0165<\/strong>, sa d\u00e1 vypo\u010d\u00edta\u0165 vzorcom n+1, kde n je po\u010det bicyklov, ktor\u00e9 v tejto chv\u00edli u\u017e vlastn\u00ed.<\/li>\n<li>Oble\u010dte si <strong>majstrovsk\u00fd dres<\/strong>.<\/li>\n<li>Bicykel na streche v\u00e1\u0161ho auta mus\u00ed ma\u0165 <strong>vy\u0161\u0161iu hodnotu ako auto<\/strong>.<\/li>\n<li>Oble\u010dte si <strong>pestrofarebn\u00e9 pono\u017eky<\/strong> \u2013 biela a \u010dierna u\u017e vy\u0161li z m\u00f3dy.<\/li>\n<li><strong>Na hodinov\u00fd v\u00fdjazd si neberte f\u013ea\u0161u s vodou<\/strong> \u2013 zbyto\u010dne kaz\u00ed bicykel.<\/li>\n<\/ul>\n<lite-youtube videoid=o_ajdmsiOGI params=\"enablejsapi=1\" style=\"background-image: url('https:\/\/i.ytimg.com\/vi_webp\/o_ajdmsiOGI\/maxresdefault.webp');\"><\/lite-youtube>\n","protected":false},"excerpt":{"rendered":"<p>Po\u010duli ste u\u017e ozna\u010denie snob na bicykli? To s\u00fa tak\u00e9 typy cyklistov, ktor\u00ed nejazdia pre \u010dist\u00fa rados\u0165, pre zdravie, \u010di [&hellip;]<\/p>\n","protected":false},"author":38,"featured_media":6275,"comment_status":"open","ping_status":"open","sticky":false,"template":"","format":"standard","meta":{"footnotes":""},"categories":[118],"tags":[559,287,115,487,829,180,632,596,412,828,827],"global-categories":[],"class_list":["post-6270","post","type-post","status-publish","format-standard","has-post-thumbnail","hentry","category-zabava","tag-bicykel","tag-celoodpruzeny-bicykel","tag-cestna-cyklistika","tag-cestny-bicykel","tag-chvalenkar","tag-horska-cyklistika","tag-karbon","tag-mestsky-bicykel","tag-mtb","tag-snob","tag-snobizmus"],"yoast_head":"<!-- This site is optimized with the Yoast SEO Premium plugin v25.3 (Yoast SEO v25.9) - https:\/\/yoast.com\/wordpress\/plugins\/seo\/ -->\n<title>Snobizmus na bicykli - \u0160koda We Love Cycling Slovensko<\/title>\n<meta name=\"robots\" content=\"index, follow, max-snippet:-1, max-image-preview:large, max-video-preview:-1\" \/>\n<link rel=\"canonical\" href=\"https:\/\/www.welovecycling.com\/sk\/2019\/02\/22\/snobizmus-na-bicykli\/\" \/>\n<meta property=\"og:locale\" content=\"sk_SK\" \/>\n<meta property=\"og:type\" content=\"article\" \/>\n<meta property=\"og:title\" content=\"Snobizmus na bicykli\" \/>\n<meta property=\"og:description\" content=\"Po\u010duli ste u\u017e ozna\u010denie snob na bicykli? To s\u00fa tak\u00e9 typy cyklistov, ktor\u00ed nejazdia pre \u010dist\u00fa rados\u0165, pre zdravie, \u010di [&hellip;]\" \/>\n<meta property=\"og:url\" content=\"https:\/\/www.welovecycling.com\/sk\/2019\/02\/22\/snobizmus-na-bicykli\/\" \/>\n<meta property=\"og:site_name\" content=\"\u0160koda We Love Cycling Slovensko\" \/>\n<meta property=\"article:published_time\" content=\"2019-02-22T09:30:32+00:00\" \/>\n<meta property=\"og:image\" content=\"https:\/\/d2p6e6u75xmxt8.cloudfront.net\/4\/2019\/02\/rapha1.webp\" \/>\n\t<meta property=\"og:image:width\" content=\"1375\" \/>\n\t<meta property=\"og:image:height\" content=\"600\" \/>\n\t<meta property=\"og:image:type\" content=\"image\/webp\" \/>\n<meta name=\"author\" content=\"Ondrej Ga\u0161par\" \/>\n<meta name=\"twitter:card\" content=\"summary_large_image\" \/>\n<meta name=\"twitter:label1\" content=\"Written by\" \/>\n\t<meta name=\"twitter:data1\" content=\"Christopher Ashley\" \/>\n\t<meta name=\"twitter:label2\" content=\"Est. reading time\" \/>\n\t<meta name=\"twitter:data2\" content=\"4\" \/>\n<script type=\"application\/ld+json\" class=\"yoast-schema-graph\">{\"@context\":\"https:\/\/schema.org\",\"@graph\":[{\"@type\":\"WebPage\",\"@id\":\"https:\/\/www.welovecycling.com\/sk\/2019\/02\/22\/snobizmus-na-bicykli\/\",\"url\":\"https:\/\/www.welovecycling.com\/sk\/2019\/02\/22\/snobizmus-na-bicykli\/\",\"name\":\"Snobizmus na bicykli - \u0160koda We Love Cycling Slovensko\",\"isPartOf\":{\"@id\":\"https:\/\/www.welovecycling.com\/sk\/#website\"},\"primaryImageOfPage\":{\"@id\":\"https:\/\/www.welovecycling.com\/sk\/2019\/02\/22\/snobizmus-na-bicykli\/#primaryimage\"},\"image\":{\"@id\":\"https:\/\/www.welovecycling.com\/sk\/2019\/02\/22\/snobizmus-na-bicykli\/#primaryimage\"},\"thumbnailUrl\":\"https:\/\/d2p6e6u75xmxt8.cloudfront.net\/4\/2019\/02\/rapha1.webp\",\"datePublished\":\"2019-02-22T09:30:32+00:00\",\"author\":{\"@id\":\"https:\/\/www.welovecycling.com\/sk\/#\/schema\/person\/8ee09ba39b7e25b1870160aa5b3a89bc\"},\"breadcrumb\":{\"@id\":\"https:\/\/www.welovecycling.com\/sk\/2019\/02\/22\/snobizmus-na-bicykli\/#breadcrumb\"},\"inLanguage\":\"sk-SK\",\"potentialAction\":[{\"@type\":\"ReadAction\",\"target\":[\"https:\/\/www.welovecycling.com\/sk\/2019\/02\/22\/snobizmus-na-bicykli\/\"]}]},{\"@type\":\"ImageObject\",\"inLanguage\":\"sk-SK\",\"@id\":\"https:\/\/www.welovecycling.com\/sk\/2019\/02\/22\/snobizmus-na-bicykli\/#primaryimage\",\"url\":\"https:\/\/d2p6e6u75xmxt8.cloudfront.net\/4\/2019\/02\/rapha1.webp\",\"contentUrl\":\"https:\/\/d2p6e6u75xmxt8.cloudfront.net\/4\/2019\/02\/rapha1.webp\",\"width\":1375,\"height\":600},{\"@type\":\"BreadcrumbList\",\"@id\":\"https:\/\/www.welovecycling.com\/sk\/2019\/02\/22\/snobizmus-na-bicykli\/#breadcrumb\",\"itemListElement\":[{\"@type\":\"ListItem\",\"position\":1,\"name\":\"Home\",\"item\":\"https:\/\/www.welovecycling.com\/sk\/\"},{\"@type\":\"ListItem\",\"position\":2,\"name\":\"Snobizmus na bicykli\"}]},{\"@type\":\"WebSite\",\"@id\":\"https:\/\/www.welovecycling.com\/sk\/#website\",\"url\":\"https:\/\/www.welovecycling.com\/sk\/\",\"name\":\"\u0160koda We Love Cycling Slovensko\",\"description\":\"\u0160koda We Love Cycling Slovensko je v\u00e1\u0161 ka\u017edodenn\u00fd zdroj noviniek a in\u0161pir\u00e1cie z sveta cyklistiky\",\"potentialAction\":[{\"@type\":\"SearchAction\",\"target\":{\"@type\":\"EntryPoint\",\"urlTemplate\":\"https:\/\/www.welovecycling.com\/sk\/?s={search_term_string}\"},\"query-input\":{\"@type\":\"PropertyValueSpecification\",\"valueRequired\":true,\"valueName\":\"search_term_string\"}}],\"inLanguage\":\"sk-SK\"},{\"@type\":\"Person\",\"@id\":\"https:\/\/www.welovecycling.com\/sk\/#\/schema\/person\/8ee09ba39b7e25b1870160aa5b3a89bc\",\"name\":\"Ondrej Ga\u0161par\",\"image\":{\"@type\":\"ImageObject\",\"inLanguage\":\"sk-SK\",\"@id\":\"https:\/\/www.welovecycling.com\/sk\/#\/schema\/person\/image\/\",\"url\":\"https:\/\/secure.gravatar.com\/avatar\/6126c9afb87b70da5abbb083ddbb21933da15f18f8ca7cb822aba0fb096a48f6?s=96&d=mm&r=g\",\"contentUrl\":\"https:\/\/secure.gravatar.com\/avatar\/6126c9afb87b70da5abbb083ddbb21933da15f18f8ca7cb822aba0fb096a48f6?s=96&d=mm&r=g\",\"caption\":\"Ondrej Ga\u0161par\"},\"url\":\"https:\/\/www.welovecycling.com\/sk\/author\/ondrejgaspar\/\"}]}<\/script>\n<!-- \/ Yoast SEO Premium plugin. -->","yoast_head_json":{"title":"Snobizmus na bicykli - \u0160koda We Love Cycling Slovensko","robots":{"index":"index","follow":"follow","max-snippet":"max-snippet:-1","max-image-preview":"max-image-preview:large","max-video-preview":"max-video-preview:-1"},"canonical":"https:\/\/www.welovecycling.com\/sk\/2019\/02\/22\/snobizmus-na-bicykli\/","og_locale":"sk_SK","og_type":"article","og_title":"Snobizmus na bicykli","og_description":"Po\u010duli ste u\u017e ozna\u010denie snob na bicykli? To s\u00fa tak\u00e9 typy cyklistov, ktor\u00ed nejazdia pre \u010dist\u00fa rados\u0165, pre zdravie, \u010di [&hellip;]","og_url":"https:\/\/www.welovecycling.com\/sk\/2019\/02\/22\/snobizmus-na-bicykli\/","og_site_name":"\u0160koda We Love Cycling Slovensko","article_published_time":"2019-02-22T09:30:32+00:00","og_image":[{"width":1375,"height":600,"url":"https:\/\/d2p6e6u75xmxt8.cloudfront.net\/4\/2019\/02\/rapha1.webp","type":"image\/webp"}],"author":"Ondrej Ga\u0161par","twitter_card":"summary_large_image","twitter_misc":{"Written by":"Christopher Ashley","Est. reading time":"4"},"schema":{"@context":"https:\/\/schema.org","@graph":[{"@type":"WebPage","@id":"https:\/\/www.welovecycling.com\/sk\/2019\/02\/22\/snobizmus-na-bicykli\/","url":"https:\/\/www.welovecycling.com\/sk\/2019\/02\/22\/snobizmus-na-bicykli\/","name":"Snobizmus na bicykli - \u0160koda We Love Cycling Slovensko","isPartOf":{"@id":"https:\/\/www.welovecycling.com\/sk\/#website"},"primaryImageOfPage":{"@id":"https:\/\/www.welovecycling.com\/sk\/2019\/02\/22\/snobizmus-na-bicykli\/#primaryimage"},"image":{"@id":"https:\/\/www.welovecycling.com\/sk\/2019\/02\/22\/snobizmus-na-bicykli\/#primaryimage"},"thumbnailUrl":"https:\/\/d2p6e6u75xmxt8.cloudfront.net\/4\/2019\/02\/rapha1.webp","datePublished":"2019-02-22T09:30:32+00:00","author":{"@id":"https:\/\/www.welovecycling.com\/sk\/#\/schema\/person\/8ee09ba39b7e25b1870160aa5b3a89bc"},"breadcrumb":{"@id":"https:\/\/www.welovecycling.com\/sk\/2019\/02\/22\/snobizmus-na-bicykli\/#breadcrumb"},"inLanguage":"sk-SK","potentialAction":[{"@type":"ReadAction","target":["https:\/\/www.welovecycling.com\/sk\/2019\/02\/22\/snobizmus-na-bicykli\/"]}]},{"@type":"ImageObject","inLanguage":"sk-SK","@id":"https:\/\/www.welovecycling.com\/sk\/2019\/02\/22\/snobizmus-na-bicykli\/#primaryimage","url":"https:\/\/d2p6e6u75xmxt8.cloudfront.net\/4\/2019\/02\/rapha1.webp","contentUrl":"https:\/\/d2p6e6u75xmxt8.cloudfront.net\/4\/2019\/02\/rapha1.webp","width":1375,"height":600},{"@type":"BreadcrumbList","@id":"https:\/\/www.welovecycling.com\/sk\/2019\/02\/22\/snobizmus-na-bicykli\/#breadcrumb","itemListElement":[{"@type":"ListItem","position":1,"name":"Home","item":"https:\/\/www.welovecycling.com\/sk\/"},{"@type":"ListItem","position":2,"name":"Snobizmus na bicykli"}]},{"@type":"WebSite","@id":"https:\/\/www.welovecycling.com\/sk\/#website","url":"https:\/\/www.welovecycling.com\/sk\/","name":"\u0160koda We Love Cycling Slovensko","description":"\u0160koda We Love Cycling Slovensko je v\u00e1\u0161 ka\u017edodenn\u00fd zdroj noviniek a in\u0161pir\u00e1cie z sveta cyklistiky","potentialAction":[{"@type":"SearchAction","target":{"@type":"EntryPoint","urlTemplate":"https:\/\/www.welovecycling.com\/sk\/?s={search_term_string}"},"query-input":{"@type":"PropertyValueSpecification","valueRequired":true,"valueName":"search_term_string"}}],"inLanguage":"sk-SK"},{"@type":"Person","@id":"https:\/\/www.welovecycling.com\/sk\/#\/schema\/person\/8ee09ba39b7e25b1870160aa5b3a89bc","name":"Ondrej Ga\u0161par","image":{"@type":"ImageObject","inLanguage":"sk-SK","@id":"https:\/\/www.welovecycling.com\/sk\/#\/schema\/person\/image\/","url":"https:\/\/secure.gravatar.com\/avatar\/6126c9afb87b70da5abbb083ddbb21933da15f18f8ca7cb822aba0fb096a48f6?s=96&d=mm&r=g","contentUrl":"https:\/\/secure.gravatar.com\/avatar\/6126c9afb87b70da5abbb083ddbb21933da15f18f8ca7cb822aba0fb096a48f6?s=96&d=mm&r=g","caption":"Ondrej Ga\u0161par"},"url":"https:\/\/www.welovecycling.com\/sk\/author\/ondrejgaspar\/"}]}},"_links":{"self":[{"href":"https:\/\/www.welovecycling.com\/sk\/wp-json\/wp\/v2\/posts\/6270","targetHints":{"allow":["GET"]}}],"collection":[{"href":"https:\/\/www.welovecycling.com\/sk\/wp-json\/wp\/v2\/posts"}],"about":[{"href":"https:\/\/www.welovecycling.com\/sk\/wp-json\/wp\/v2\/types\/post"}],"author":[{"embeddable":true,"href":"https:\/\/www.welovecycling.com\/sk\/wp-json\/wp\/v2\/users\/38"}],"replies":[{"embeddable":true,"href":"https:\/\/www.welovecycling.com\/sk\/wp-json\/wp\/v2\/comments?post=6270"}],"version-history":[{"count":2,"href":"https:\/\/www.welovecycling.com\/sk\/wp-json\/wp\/v2\/posts\/6270\/revisions"}],"predecessor-version":[{"id":6278,"href":"https:\/\/www.welovecycling.com\/sk\/wp-json\/wp\/v2\/posts\/6270\/revisions\/6278"}],"wp:featuredmedia":[{"embeddable":true,"href":"https:\/\/www.welovecycling.com\/sk\/wp-json\/wp\/v2\/media\/6275"}],"wp:attachment":[{"href":"https:\/\/www.welovecycling.com\/sk\/wp-json\/wp\/v2\/media?parent=6270"}],"wp:term":[{"taxonomy":"category","embeddable":true,"href":"https:\/\/www.welovecycling.com\/sk\/wp-json\/wp\/v2\/categories?post=6270"},{"taxonomy":"post_tag","embeddable":true,"href":"https:\/\/www.welovecycling.com\/sk\/wp-json\/wp\/v2\/tags?post=6270"},{"taxonomy":"global-categories","embeddable":true,"href":"https:\/\/www.welovecycling.com\/sk\/wp-json\/wp\/v2\/global-categories?post=6270"}],"curies":[{"name":"wp","href":"https:\/\/api.w.org\/{rel}","templated":true}]}}