{"id":6261,"date":"2019-03-01T11:00:01","date_gmt":"2019-03-01T10:00:01","guid":{"rendered":"https:\/\/www.welovecycling.com\/sk\/?p=6261"},"modified":"2019-03-01T16:31:41","modified_gmt":"2019-03-01T15:31:41","slug":"stres-manazment-ako-prijemne-bojovat-so-stresom","status":"publish","type":"post","link":"https:\/\/www.welovecycling.com\/sk\/2019\/03\/01\/stres-manazment-ako-prijemne-bojovat-so-stresom\/","title":{"rendered":"Stres mana\u017ement &#8211; ako pr\u00edjemne bojova\u0165 so stresom"},"content":{"rendered":"<p><strong>Stres za\u017e\u00edva ka\u017ed\u00fd, v \u017eivote je to tak. Rozdiel je v tom, do akej miery sme vo\u010di stresu odoln\u00ed a ako sa dok\u00e1\u017eeme \u201ezotavi\u0165\u201c zo stresov\u00fdch situ\u00e1ci\u00ed. Jedna z vec\u00ed, ktor\u00e1 n\u00e1m pom\u00f4\u017ee vybudova\u0165 si t\u00fato odolnos\u0165, je rados\u0165. N\u00e1jdite rozdiel medzi rados\u0165ou a len nejak\u00fdm rozpt\u00fdlen\u00edm a potom m\u00f4\u017eete n\u00e1js\u0165 rados\u0165 vo svojom \u017eivote.<\/strong><br \/>\n<!--more--><\/p>\n<h2><strong>Rados\u0165 a rozpt\u00fdlenie nie s\u00fa toto\u017en\u00e9<\/strong><\/h2>\n<p>Telev\u00edzne rel\u00e1cie a filmy, tie sl\u00fa\u017eia na na\u0161e rozpt\u00fdlenie. Veci, ktor\u00e9 s\u00fa naozaj pr\u00edjemn\u00e9, pri ktor\u00fdch zap\u00e1jame v\u0161etky na\u0161e zmysly, n\u00e1m pom\u00f4\u017eu sa c\u00edti\u0165 naozaj lep\u0161ie. Tu je nieko\u013eko pr\u00edkladov skuto\u010dne pr\u00edjemn\u00fdch aktiv\u00edt.<\/p>\n<figure id=\"attachment_6263\" aria-describedby=\"caption-attachment-6263\" style=\"width: 1280px\" class=\"wp-caption alignnone\"><a href=\"https:\/\/d2p6e6u75xmxt8.cloudfront.net\/4\/2019\/02\/Dog-Nature-Woods-pexels-photo-1254140.jpeg\"><img loading=\"lazy\" decoding=\"async\" class=\"wp-image-6263 size-full\" src=\"https:\/\/d2p6e6u75xmxt8.cloudfront.net\/4\/2019\/02\/Dog-Nature-Woods-pexels-photo-1254140.jpeg\" alt=\"\" width=\"1280\" height=\"853\" \/><\/a><figcaption id=\"caption-attachment-6263\" class=\"wp-caption-text\">Dokonca aj maznanie sa s va\u0161\u00edm mil\u00e1\u010dikom v\u00e1m pom\u00f4\u017ee.<\/figcaption><\/figure>\n<h2><strong>Dotyk<\/strong><\/h2>\n<p>Pravdepodobne <strong>jedna z najuniverz\u00e1lnej\u0161\u00edch a najjednoduch\u0161\u00edch pr\u00edjemn\u00fdch vec\u00ed<\/strong>, je dotyk. Kto sa nec\u00edti uvo\u013enene po dobrej mas\u00e1\u017ei alebo radov\u00e1nkach v posteli? Ale aj objatie m\u00f4\u017ee sp\u00f4sobi\u0165 ve\u013ek\u00fd rozdiel. Do tejto kateg\u00f3rie zahr\u0148ujeme aj dom\u00e1cich mil\u00e1\u010dikov. V\u00e4\u010d\u0161ina majite\u013eov psov a ma\u010diek ur\u010dite potvrd\u00ed, \u017ee neexistuje ni\u010d lep\u0161ie.<\/p>\n<h2><strong>Hudba<\/strong><\/h2>\n<p>\u010ci u\u017e hudbu po\u010d\u00favate alebo ju rovno tvor\u00edte. Sk\u00faste sa nau\u010di\u0165 hra\u0165 na nejak\u00fd hudobn\u00fd n\u00e1stroj, spievajte si v sprche, doprajte si \u010das na po\u010d\u00favanie va\u0161ich ob\u013e\u00faben\u00fdch interpretov a venujte im pln\u00fa pozornos\u0165.<\/p>\n<p>https:\/\/youtu.be\/ANfAkSKpnAo<\/p>\n<h2><strong>Smiech<\/strong><\/h2>\n<p>V\u0161etci vieme, \u017ee smiech je <strong>ve\u013emi siln\u00e1 antistresov\u00e1 pom\u00f4cka<\/strong>. Kom\u00e9dia alebo z\u00e1bavn\u00fd film s priate\u013emi \u010di partnerom m\u00f4\u017ee by\u0165 to prav\u00e9. Existuj\u00fa d\u00f4kazy, \u017ee dokonca sp\u00f4sobuj\u00fa pozit\u00edvne fyziologick\u00e9 reakcie vo va\u0161om tele.<\/p>\n<h2><strong>\u010cas str\u00e1ven\u00fd vonku<\/strong><\/h2>\n<p>Toto je ve\u013emi siln\u00fd n\u00e1stroj v t\u00fdchto d\u0148och, ke\u010f tr\u00e1vime v\u00e4\u010d\u0161inu \u010dasu v siv\u00fdch, hektick\u00fdch a zasmraden\u00fdch mest\u00e1ch. Pok\u00faste sa str\u00e1vi\u0165 <strong>ka\u017ed\u00fd t\u00fd\u017ede\u0148 nieko\u013eko hod\u00edn v pr\u00edrode<\/strong>, aby ste sa obklopili r\u00f4znymi farbami, ar\u00f3mami a \u010derstv\u00fdm vzduchom.<\/p>\n<figure id=\"attachment_6264\" aria-describedby=\"caption-attachment-6264\" style=\"width: 1280px\" class=\"wp-caption alignnone\"><a href=\"https:\/\/d2p6e6u75xmxt8.cloudfront.net\/4\/2019\/02\/woods-nature-pexels-photo-345522.jpeg\"><img loading=\"lazy\" decoding=\"async\" class=\"wp-image-6264 size-full\" src=\"https:\/\/d2p6e6u75xmxt8.cloudfront.net\/4\/2019\/02\/woods-nature-pexels-photo-345522.jpeg\" alt=\"\" width=\"1280\" height=\"851\" \/><\/a><figcaption id=\"caption-attachment-6264\" class=\"wp-caption-text\">Jednoduch\u00e1 prech\u00e1dzka v lese m\u00f4\u017ee robi\u0165 z\u00e1zraky.<\/figcaption><\/figure>\n<h2><strong>Sauna a chlad<\/strong><\/h2>\n<p>\u010eal\u0161ou vecou, ktor\u00e1 v\u00e1s istotne zbav\u00ed stresu, je sauna. Zvl\u00e1\u0161\u0165 <strong>v kombin\u00e1cii s otu\u017eovan\u00edm sl\u00fa\u017ei ako reset pre cel\u00e9 telo a va\u0161u hlavu<\/strong>. Ak chcete ma\u0165 pln\u00fd prospech zo sauny, tak ju nav\u0161t\u00edvte trikr\u00e1t do t\u00fd\u017ed\u0148a. Ale ka\u017ed\u00e1 n\u00e1v\u0161teva stoj\u00ed za to, aj v pr\u00edpade, \u017ee nie ste pravideln\u00fd n\u00e1v\u0161tevn\u00edk.<\/p>\n<div class=\"shortcode-ys-post-pinup\"><article class=\"loop-simple post-5345 post type-post status-publish format-standard has-post-thumbnail hentry category-zdravie-trening tag-cestna-cyklistika tag-cvicenie tag-cyklistika tag-horska-cyklistika tag-pot tag-potenie tag-sauna tag-saunovanie tag-svaly tag-trening tag-vytrvalost tag-zdravie tag-zdravy-zivotny-styl\" data-postid=\"5345\" role=\"article\" data-post-id=\"5345\" data-word-count=\"431\" data-headline-length=\"52\" data-category=\"Zdravie a tr\u00e9ning\" data-author=\"Ji\u0159\u00ed Kalo\u010d\" data-published=\"2018-11-07T13:45:17+01:00\" data-published-day=\"Wednesday\">\n    <div class=\"entry-thumbnail article-thumbnail\" content=\"https:\/\/d2p6e6u75xmxt8.cloudfront.net\/4\/2018\/11\/SAUNA-COVER-profimedia-0323345890-1-150x150.webp\"><a href=\"https:\/\/www.welovecycling.com\/sk\/2018\/11\/07\/preco-by-mali-chodit-cyklisti-do-sauny-pravidelne\/\" class=\"image-holder\" target=\"_self\"><img decoding=\"async\" loading=\"lazy\" class=\"\" src=\"https:\/\/d2p6e6u75xmxt8.cloudfront.net\/4\/2018\/11\/SAUNA-COVER-profimedia-0323345890-1-1024x450.webp\" srcset=\"https:\/\/d2p6e6u75xmxt8.cloudfront.net\/4\/2018\/11\/SAUNA-COVER-profimedia-0323345890-1.webp 1366w, https:\/\/d2p6e6u75xmxt8.cloudfront.net\/4\/2018\/11\/SAUNA-COVER-profimedia-0323345890-1-300x132.webp 300w, https:\/\/d2p6e6u75xmxt8.cloudfront.net\/4\/2018\/11\/SAUNA-COVER-profimedia-0323345890-1-1024x450.webp 1024w, https:\/\/d2p6e6u75xmxt8.cloudfront.net\/4\/2018\/11\/SAUNA-COVER-profimedia-0323345890-1-768x337.webp 768w\" width=\"1024\" height=\"450\" sizes=\"auto, (min-width: 1200px) 456px, (min-width: 768px) 38vw, 100vw\" alt=\"preco-by-mali-chodit-cyklisti-do-sauny-pravidelne\"\/><\/a><\/div>    <div class=\"entry-meta\">\n        <a class=\"label label-secondary post-category\" href=\"https:\/\/www.welovecycling.com\/sk\/category\/zdravie-trening\/\" title=\"Zdravie a tr\u00e9ning\">Zdravie a tr\u00e9ning<\/a>\n    <\/div>\n    <div class=\"entry-details\">\n        <a href=\"https:\/\/www.welovecycling.com\/sk\/2018\/11\/07\/preco-by-mali-chodit-cyklisti-do-sauny-pravidelne\/\" class='entry-title-wrapper'>\n            <h3 class=\"entry-title\"><span>Pre\u010do by mali chodi\u0165 cyklisti do sauny pravidelne?<\/span><\/h3>\n        <\/a>\n    <\/div>\n    <\/article>\n<\/div>\n<p>V\u0161etci vieme, \u017ee tieto veci s\u00fa d\u00f4le\u017eit\u00e9 a m\u00f4\u017eu n\u00e1m pom\u00f4c\u0165. Napriek tomu ich \u0161krt\u00e1me ako prv\u00e9, ke\u010f nem\u00e1me \u010das. Ned\u00e1vame im to\u013eko d\u00f4le\u017eitosti ako tabletk\u00e1m a n\u00e1v\u0161teve lek\u00e1rov. Sk\u00fasme tento experiment po\u010das jedn\u00e9ho t\u00fd\u017ed\u0148a. Urobme nie\u010do pr\u00edjemn\u00e9 ka\u017ed\u00fd de\u0148 a potom pozorujme, ako sa c\u00edtime. M\u00f4\u017ee to prinies\u0165 ve\u013ea dobr\u00e9ho do n\u00e1\u0161ho \u017eivota.<\/p>\n","protected":false},"excerpt":{"rendered":"<p>Stres za\u017e\u00edva ka\u017ed\u00fd, v \u017eivote je to tak. Rozdiel je v tom, do akej miery sme vo\u010di stresu odoln\u00ed a [&hellip;]<\/p>\n","protected":false},"author":38,"featured_media":6266,"comment_status":"open","ping_status":"open","sticky":false,"template":"","format":"standard","meta":{"footnotes":""},"categories":[2],"tags":[787,803,767,763,786,826,762,650,651,416,784,785,161,623,656,657],"global-categories":[],"class_list":["post-6261","post","type-post","status-publish","format-standard","has-post-thumbnail","hentry","category-zdravie-trening","tag-imunita","tag-meditacia","tag-motivacia","tag-oddych","tag-odpocinok","tag-radost","tag-relax","tag-sauna","tag-saunovanie","tag-strecing","tag-stres","tag-vyvarovat-sa-stresu","tag-zdravie","tag-zdravy-zivotny-styl","tag-zviera","tag-zvierata"],"yoast_head":"<!-- This site is optimized with the Yoast SEO Premium plugin v25.3 (Yoast SEO v25.9) - https:\/\/yoast.com\/wordpress\/plugins\/seo\/ -->\n<title>Stres mana\u017ement - ako pr\u00edjemne bojova\u0165 so stresom - \u0160koda We Love Cycling Slovensko<\/title>\n<meta name=\"robots\" content=\"index, follow, max-snippet:-1, max-image-preview:large, max-video-preview:-1\" \/>\n<link rel=\"canonical\" href=\"https:\/\/www.welovecycling.com\/sk\/2019\/03\/01\/stres-manazment-ako-prijemne-bojovat-so-stresom\/\" \/>\n<meta property=\"og:locale\" content=\"sk_SK\" \/>\n<meta property=\"og:type\" content=\"article\" \/>\n<meta property=\"og:title\" content=\"Stres mana\u017ement - ako pr\u00edjemne bojova\u0165 so stresom\" \/>\n<meta property=\"og:description\" content=\"Stres za\u017e\u00edva ka\u017ed\u00fd, v \u017eivote je to tak. Rozdiel je v tom, do akej miery sme vo\u010di stresu odoln\u00ed a [&hellip;]\" \/>\n<meta property=\"og:url\" content=\"https:\/\/www.welovecycling.com\/sk\/2019\/03\/01\/stres-manazment-ako-prijemne-bojovat-so-stresom\/\" \/>\n<meta property=\"og:site_name\" content=\"\u0160koda We Love Cycling Slovensko\" \/>\n<meta property=\"article:published_time\" content=\"2019-03-01T10:00:01+00:00\" \/>\n<meta property=\"article:modified_time\" content=\"2019-03-01T15:31:41+00:00\" \/>\n<meta property=\"og:image\" content=\"https:\/\/d2p6e6u75xmxt8.cloudfront.net\/4\/2019\/02\/fog-forest-mountain-world-clouds-158672.webp\" \/>\n\t<meta property=\"og:image:width\" content=\"1366\" \/>\n\t<meta property=\"og:image:height\" content=\"600\" \/>\n\t<meta property=\"og:image:type\" content=\"image\/webp\" \/>\n<meta name=\"author\" content=\"Ondrej Ga\u0161par\" \/>\n<meta name=\"twitter:card\" content=\"summary_large_image\" \/>\n<meta name=\"twitter:label1\" content=\"Written by\" \/>\n\t<meta name=\"twitter:data1\" content=\"Ji\u0159\u00ed Kalo\u010d\" \/>\n\t<meta name=\"twitter:label2\" content=\"Est. reading time\" \/>\n\t<meta name=\"twitter:data2\" content=\"6\" \/>\n<script type=\"application\/ld+json\" class=\"yoast-schema-graph\">{\"@context\":\"https:\/\/schema.org\",\"@graph\":[{\"@type\":\"WebPage\",\"@id\":\"https:\/\/www.welovecycling.com\/sk\/2019\/03\/01\/stres-manazment-ako-prijemne-bojovat-so-stresom\/\",\"url\":\"https:\/\/www.welovecycling.com\/sk\/2019\/03\/01\/stres-manazment-ako-prijemne-bojovat-so-stresom\/\",\"name\":\"Stres mana\u017ement - ako pr\u00edjemne bojova\u0165 so stresom - \u0160koda We Love Cycling Slovensko\",\"isPartOf\":{\"@id\":\"https:\/\/www.welovecycling.com\/sk\/#website\"},\"primaryImageOfPage\":{\"@id\":\"https:\/\/www.welovecycling.com\/sk\/2019\/03\/01\/stres-manazment-ako-prijemne-bojovat-so-stresom\/#primaryimage\"},\"image\":{\"@id\":\"https:\/\/www.welovecycling.com\/sk\/2019\/03\/01\/stres-manazment-ako-prijemne-bojovat-so-stresom\/#primaryimage\"},\"thumbnailUrl\":\"https:\/\/d2p6e6u75xmxt8.cloudfront.net\/4\/2019\/02\/fog-forest-mountain-world-clouds-158672.webp\",\"datePublished\":\"2019-03-01T10:00:01+00:00\",\"dateModified\":\"2019-03-01T15:31:41+00:00\",\"author\":{\"@id\":\"https:\/\/www.welovecycling.com\/sk\/#\/schema\/person\/8ee09ba39b7e25b1870160aa5b3a89bc\"},\"breadcrumb\":{\"@id\":\"https:\/\/www.welovecycling.com\/sk\/2019\/03\/01\/stres-manazment-ako-prijemne-bojovat-so-stresom\/#breadcrumb\"},\"inLanguage\":\"sk-SK\",\"potentialAction\":[{\"@type\":\"ReadAction\",\"target\":[\"https:\/\/www.welovecycling.com\/sk\/2019\/03\/01\/stres-manazment-ako-prijemne-bojovat-so-stresom\/\"]}]},{\"@type\":\"ImageObject\",\"inLanguage\":\"sk-SK\",\"@id\":\"https:\/\/www.welovecycling.com\/sk\/2019\/03\/01\/stres-manazment-ako-prijemne-bojovat-so-stresom\/#primaryimage\",\"url\":\"https:\/\/d2p6e6u75xmxt8.cloudfront.net\/4\/2019\/02\/fog-forest-mountain-world-clouds-158672.webp\",\"contentUrl\":\"https:\/\/d2p6e6u75xmxt8.cloudfront.net\/4\/2019\/02\/fog-forest-mountain-world-clouds-158672.webp\",\"width\":1366,\"height\":600},{\"@type\":\"BreadcrumbList\",\"@id\":\"https:\/\/www.welovecycling.com\/sk\/2019\/03\/01\/stres-manazment-ako-prijemne-bojovat-so-stresom\/#breadcrumb\",\"itemListElement\":[{\"@type\":\"ListItem\",\"position\":1,\"name\":\"Home\",\"item\":\"https:\/\/www.welovecycling.com\/sk\/\"},{\"@type\":\"ListItem\",\"position\":2,\"name\":\"Stres mana\u017ement &#8211; ako pr\u00edjemne bojova\u0165 so stresom\"}]},{\"@type\":\"WebSite\",\"@id\":\"https:\/\/www.welovecycling.com\/sk\/#website\",\"url\":\"https:\/\/www.welovecycling.com\/sk\/\",\"name\":\"\u0160koda We Love Cycling Slovensko\",\"description\":\"\u0160koda We Love Cycling Slovensko je v\u00e1\u0161 ka\u017edodenn\u00fd zdroj noviniek a in\u0161pir\u00e1cie z sveta cyklistiky\",\"potentialAction\":[{\"@type\":\"SearchAction\",\"target\":{\"@type\":\"EntryPoint\",\"urlTemplate\":\"https:\/\/www.welovecycling.com\/sk\/?s={search_term_string}\"},\"query-input\":{\"@type\":\"PropertyValueSpecification\",\"valueRequired\":true,\"valueName\":\"search_term_string\"}}],\"inLanguage\":\"sk-SK\"},{\"@type\":\"Person\",\"@id\":\"https:\/\/www.welovecycling.com\/sk\/#\/schema\/person\/8ee09ba39b7e25b1870160aa5b3a89bc\",\"name\":\"Ondrej Ga\u0161par\",\"image\":{\"@type\":\"ImageObject\",\"inLanguage\":\"sk-SK\",\"@id\":\"https:\/\/www.welovecycling.com\/sk\/#\/schema\/person\/image\/\",\"url\":\"https:\/\/secure.gravatar.com\/avatar\/6126c9afb87b70da5abbb083ddbb21933da15f18f8ca7cb822aba0fb096a48f6?s=96&d=mm&r=g\",\"contentUrl\":\"https:\/\/secure.gravatar.com\/avatar\/6126c9afb87b70da5abbb083ddbb21933da15f18f8ca7cb822aba0fb096a48f6?s=96&d=mm&r=g\",\"caption\":\"Ondrej Ga\u0161par\"},\"url\":\"https:\/\/www.welovecycling.com\/sk\/author\/ondrejgaspar\/\"}]}<\/script>\n<!-- \/ Yoast SEO Premium plugin. -->","yoast_head_json":{"title":"Stres mana\u017ement - ako pr\u00edjemne bojova\u0165 so stresom - \u0160koda We Love Cycling Slovensko","robots":{"index":"index","follow":"follow","max-snippet":"max-snippet:-1","max-image-preview":"max-image-preview:large","max-video-preview":"max-video-preview:-1"},"canonical":"https:\/\/www.welovecycling.com\/sk\/2019\/03\/01\/stres-manazment-ako-prijemne-bojovat-so-stresom\/","og_locale":"sk_SK","og_type":"article","og_title":"Stres mana\u017ement - ako pr\u00edjemne bojova\u0165 so stresom","og_description":"Stres za\u017e\u00edva ka\u017ed\u00fd, v \u017eivote je to tak. Rozdiel je v tom, do akej miery sme vo\u010di stresu odoln\u00ed a [&hellip;]","og_url":"https:\/\/www.welovecycling.com\/sk\/2019\/03\/01\/stres-manazment-ako-prijemne-bojovat-so-stresom\/","og_site_name":"\u0160koda We Love Cycling Slovensko","article_published_time":"2019-03-01T10:00:01+00:00","article_modified_time":"2019-03-01T15:31:41+00:00","og_image":[{"width":1366,"height":600,"url":"https:\/\/d2p6e6u75xmxt8.cloudfront.net\/4\/2019\/02\/fog-forest-mountain-world-clouds-158672.webp","type":"image\/webp"}],"author":"Ondrej Ga\u0161par","twitter_card":"summary_large_image","twitter_misc":{"Written by":"Ji\u0159\u00ed Kalo\u010d","Est. reading time":"6"},"schema":{"@context":"https:\/\/schema.org","@graph":[{"@type":"WebPage","@id":"https:\/\/www.welovecycling.com\/sk\/2019\/03\/01\/stres-manazment-ako-prijemne-bojovat-so-stresom\/","url":"https:\/\/www.welovecycling.com\/sk\/2019\/03\/01\/stres-manazment-ako-prijemne-bojovat-so-stresom\/","name":"Stres mana\u017ement - ako pr\u00edjemne bojova\u0165 so stresom - \u0160koda We Love Cycling Slovensko","isPartOf":{"@id":"https:\/\/www.welovecycling.com\/sk\/#website"},"primaryImageOfPage":{"@id":"https:\/\/www.welovecycling.com\/sk\/2019\/03\/01\/stres-manazment-ako-prijemne-bojovat-so-stresom\/#primaryimage"},"image":{"@id":"https:\/\/www.welovecycling.com\/sk\/2019\/03\/01\/stres-manazment-ako-prijemne-bojovat-so-stresom\/#primaryimage"},"thumbnailUrl":"https:\/\/d2p6e6u75xmxt8.cloudfront.net\/4\/2019\/02\/fog-forest-mountain-world-clouds-158672.webp","datePublished":"2019-03-01T10:00:01+00:00","dateModified":"2019-03-01T15:31:41+00:00","author":{"@id":"https:\/\/www.welovecycling.com\/sk\/#\/schema\/person\/8ee09ba39b7e25b1870160aa5b3a89bc"},"breadcrumb":{"@id":"https:\/\/www.welovecycling.com\/sk\/2019\/03\/01\/stres-manazment-ako-prijemne-bojovat-so-stresom\/#breadcrumb"},"inLanguage":"sk-SK","potentialAction":[{"@type":"ReadAction","target":["https:\/\/www.welovecycling.com\/sk\/2019\/03\/01\/stres-manazment-ako-prijemne-bojovat-so-stresom\/"]}]},{"@type":"ImageObject","inLanguage":"sk-SK","@id":"https:\/\/www.welovecycling.com\/sk\/2019\/03\/01\/stres-manazment-ako-prijemne-bojovat-so-stresom\/#primaryimage","url":"https:\/\/d2p6e6u75xmxt8.cloudfront.net\/4\/2019\/02\/fog-forest-mountain-world-clouds-158672.webp","contentUrl":"https:\/\/d2p6e6u75xmxt8.cloudfront.net\/4\/2019\/02\/fog-forest-mountain-world-clouds-158672.webp","width":1366,"height":600},{"@type":"BreadcrumbList","@id":"https:\/\/www.welovecycling.com\/sk\/2019\/03\/01\/stres-manazment-ako-prijemne-bojovat-so-stresom\/#breadcrumb","itemListElement":[{"@type":"ListItem","position":1,"name":"Home","item":"https:\/\/www.welovecycling.com\/sk\/"},{"@type":"ListItem","position":2,"name":"Stres mana\u017ement &#8211; ako pr\u00edjemne bojova\u0165 so stresom"}]},{"@type":"WebSite","@id":"https:\/\/www.welovecycling.com\/sk\/#website","url":"https:\/\/www.welovecycling.com\/sk\/","name":"\u0160koda We Love Cycling Slovensko","description":"\u0160koda We Love Cycling Slovensko je v\u00e1\u0161 ka\u017edodenn\u00fd zdroj noviniek a in\u0161pir\u00e1cie z sveta cyklistiky","potentialAction":[{"@type":"SearchAction","target":{"@type":"EntryPoint","urlTemplate":"https:\/\/www.welovecycling.com\/sk\/?s={search_term_string}"},"query-input":{"@type":"PropertyValueSpecification","valueRequired":true,"valueName":"search_term_string"}}],"inLanguage":"sk-SK"},{"@type":"Person","@id":"https:\/\/www.welovecycling.com\/sk\/#\/schema\/person\/8ee09ba39b7e25b1870160aa5b3a89bc","name":"Ondrej Ga\u0161par","image":{"@type":"ImageObject","inLanguage":"sk-SK","@id":"https:\/\/www.welovecycling.com\/sk\/#\/schema\/person\/image\/","url":"https:\/\/secure.gravatar.com\/avatar\/6126c9afb87b70da5abbb083ddbb21933da15f18f8ca7cb822aba0fb096a48f6?s=96&d=mm&r=g","contentUrl":"https:\/\/secure.gravatar.com\/avatar\/6126c9afb87b70da5abbb083ddbb21933da15f18f8ca7cb822aba0fb096a48f6?s=96&d=mm&r=g","caption":"Ondrej Ga\u0161par"},"url":"https:\/\/www.welovecycling.com\/sk\/author\/ondrejgaspar\/"}]}},"_links":{"self":[{"href":"https:\/\/www.welovecycling.com\/sk\/wp-json\/wp\/v2\/posts\/6261","targetHints":{"allow":["GET"]}}],"collection":[{"href":"https:\/\/www.welovecycling.com\/sk\/wp-json\/wp\/v2\/posts"}],"about":[{"href":"https:\/\/www.welovecycling.com\/sk\/wp-json\/wp\/v2\/types\/post"}],"author":[{"embeddable":true,"href":"https:\/\/www.welovecycling.com\/sk\/wp-json\/wp\/v2\/users\/38"}],"replies":[{"embeddable":true,"href":"https:\/\/www.welovecycling.com\/sk\/wp-json\/wp\/v2\/comments?post=6261"}],"version-history":[{"count":2,"href":"https:\/\/www.welovecycling.com\/sk\/wp-json\/wp\/v2\/posts\/6261\/revisions"}],"predecessor-version":[{"id":6415,"href":"https:\/\/www.welovecycling.com\/sk\/wp-json\/wp\/v2\/posts\/6261\/revisions\/6415"}],"wp:featuredmedia":[{"embeddable":true,"href":"https:\/\/www.welovecycling.com\/sk\/wp-json\/wp\/v2\/media\/6266"}],"wp:attachment":[{"href":"https:\/\/www.welovecycling.com\/sk\/wp-json\/wp\/v2\/media?parent=6261"}],"wp:term":[{"taxonomy":"category","embeddable":true,"href":"https:\/\/www.welovecycling.com\/sk\/wp-json\/wp\/v2\/categories?post=6261"},{"taxonomy":"post_tag","embeddable":true,"href":"https:\/\/www.welovecycling.com\/sk\/wp-json\/wp\/v2\/tags?post=6261"},{"taxonomy":"global-categories","embeddable":true,"href":"https:\/\/www.welovecycling.com\/sk\/wp-json\/wp\/v2\/global-categories?post=6261"}],"curies":[{"name":"wp","href":"https:\/\/api.w.org\/{rel}","templated":true}]}}