{"id":626,"date":"2017-05-26T16:00:45","date_gmt":"2017-05-26T14:00:45","guid":{"rendered":"https:\/\/www.welovecycling.com\/sk\/?p=626"},"modified":"2018-03-03T01:17:39","modified_gmt":"2018-03-03T00:17:39","slug":"3-juna-nic-neplanujte-puchove-dohnanoch-pretekame","status":"publish","type":"post","link":"https:\/\/www.welovecycling.com\/sk\/2017\/05\/26\/3-juna-nic-neplanujte-puchove-dohnanoch-pretekame\/","title":{"rendered":"POZV\u00c1NKA: 3. j\u00fana si ni\u010d nepl\u00e1nujte, v&nbsp;P\u00fachove &#8211; Doh\u0148anoch pretek\u00e1me"},"content":{"rendered":"<p><strong>U\u017e o nieko\u013eko dn\u00ed \u0161tartuje druh\u00fd marat\u00f3n na\u0161ej cyklo s\u00e9rie \u0160koda BIKE OPEN TOUR 2017.\u00a0 Boli by sme ve\u013emi radi, ak by ste n\u00e1s pri\u0161li podpori\u0165 na biku alebo len tak pe\u0161i s rodinou.<\/strong><\/p>\n<p><!--more--><\/p>\n<p>Nechceme to samozrejme zadarmo \ud83d\ude42 Pre ka\u017ed\u00e9ho sme si pripravili nie\u010do, tak\u017ee ur\u010dite pre\u017eijete pr\u00edjemn\u00fa sobotu: \u010di u\u017e na bicykli, alebo aj bez neho.<\/p>\n<h2><strong>Pre cyklistov:<\/strong><\/h2>\n<p>Vhodn\u00e1 trasa pre ka\u017ed\u00e9ho:<\/p>\n<ul>\n<li>16 kilometrov, prev\u00fd\u0161enie 359 metrov<\/li>\n<li>40 kilometrov, prev\u00fd\u0161enie 1 192 metrov<\/li>\n<li>55 kilometrov, prev\u00fd\u0161enie 1 662 metrov<\/li>\n<\/ul>\n<p>Viac inform\u00e1ci\u00ed a propoz\u00edcie n\u00e1jdete na <a href=\"http:\/\/www.ckdohnany.sk\/maraton\/sk\/propozicie\" target=\"_blank\" rel=\"noopener noreferrer\">str\u00e1nke marat\u00f3nu<\/a>. Nezabudnite sa zaregistrova\u0165.<\/p>\n<p>Po pretekoch si m\u00f4\u017eete da\u0165 poriadnu sprchu, osprchova\u0165 aj bike a po\u010das \u010dakania ho bezpe\u010dne ulo\u017ei\u0165 v na\u0161ej str\u00e1\u017eenej \u00faschovni.<\/p>\n<p>V\u0161etci jazdci sa m\u00f4\u017eu te\u0161i\u0165 na bohat\u00fa tombolu.<\/p>\n<h2><strong>Pre necyklistov:<\/strong><\/h2>\n<p>Zabav\u00ed v\u00e1s Tomaggio, zataj\u00edte dych pri vyst\u00fapen\u00ed skokana a akrobata Janka Ko\u010di\u0161a a ve\u010der pre v\u00e1s m\u00e1me koncert a diskot\u00e9ku.<\/p>\n<p>Pre najmen\u0161\u00edch sme pripravili:<\/p>\n<ul>\n<li>tvoriv\u00e9 dielne pre \u0161ikovn\u00fdch majstrov<\/li>\n<li>ma\u013eovanie na tv\u00e1r<\/li>\n<li>dopravn\u00e9 ihrisko<\/li>\n<li>sk\u00e1kac\u00ed hrad<\/li>\n<\/ul>\n<h2><strong>Gastro:<\/strong><\/h2>\n<p>Pre jazdcov s\u00fa pripraven\u00e9 ob\u010derstvova\u010dky popri trati a v\u00fddatn\u00e9 jedlo v cieli.<\/p>\n<p>V\u00ed\u0165azka MasterChef Slovensko a foodbloggerka Martina Gr\u0148ov\u00e1 v\u00e1m navar\u00ed zdrav\u00e9 \u0161peciality, ktor\u00e9 by mal ur\u010dite ochutna\u0165 ka\u017ed\u00fd biker. Ak sa v\u00e1m jej recepty p\u00e1\u010dia\/chutia, ur\u010dite nav\u0161t\u00edvte jej blog <a href=\"http:\/\/foodlover.sk\/?utm_source=welovecycling&amp;utm_medium=clanok&amp;utm_campaign=sbot-2017&amp;utm_content=pozvanka-dohnany\" target=\"_blank\" rel=\"noopener noreferrer\">FoodLover.sk<\/a>.<\/p>\n<div class=\"shortcode-ys-post-pinup\"><article class=\"loop-simple post-918 post type-post status-publish format-standard has-post-thumbnail hentry category-zdravie-trening tag-cyklo-jedlo tag-gazpacho tag-martina-grnova tag-omar-allibhoy tag-podujatia tag-sbot\" data-postid=\"918\" role=\"article\" data-post-id=\"918\" data-word-count=\"206\" data-headline-length=\"27\" data-category=\"Zdravie a tr\u00e9ning\" data-author=\"FoodLover.sk\" data-published=\"2017-05-24T17:15:47+02:00\" data-published-day=\"Wednesday\">\n    <div class=\"entry-thumbnail article-thumbnail\" content=\"https:\/\/d2p6e6u75xmxt8.cloudfront.net\/4\/2017\/05\/gazpacho2-150x150.webp\"><a href=\"https:\/\/www.welovecycling.com\/sk\/2017\/05\/24\/foodlover-sk-cyklistov-gazpacho\/\" class=\"image-holder\" target=\"_self\"><img decoding=\"async\" loading=\"lazy\" class=\"\" src=\"https:\/\/d2p6e6u75xmxt8.cloudfront.net\/4\/2017\/05\/gazpacho2-1024x447.webp\" srcset=\"https:\/\/d2p6e6u75xmxt8.cloudfront.net\/4\/2017\/05\/gazpacho2.webp 1375w, https:\/\/d2p6e6u75xmxt8.cloudfront.net\/4\/2017\/05\/gazpacho2-300x131.webp 300w, https:\/\/d2p6e6u75xmxt8.cloudfront.net\/4\/2017\/05\/gazpacho2-1024x447.webp 1024w, https:\/\/d2p6e6u75xmxt8.cloudfront.net\/4\/2017\/05\/gazpacho2-768x335.webp 768w\" width=\"1024\" height=\"447\" sizes=\"auto, (min-width: 1200px) 458px, (min-width: 768px) 38vw, 100vw\" alt=\"foodlover-sk-cyklistov-gazpacho\"\/><\/a><\/div>    <div class=\"entry-meta\">\n        <a class=\"label label-secondary post-category\" href=\"https:\/\/www.welovecycling.com\/sk\/category\/zdravie-trening\/\" title=\"Zdravie a tr\u00e9ning\">Zdravie a tr\u00e9ning<\/a>\n    <\/div>\n    <div class=\"entry-details\">\n        <a href=\"https:\/\/www.welovecycling.com\/sk\/2017\/05\/24\/foodlover-sk-cyklistov-gazpacho\/\" class='entry-title-wrapper'>\n            <h3 class=\"entry-title\"><span>FoodLover.sk menu: Gazpacho<\/span><\/h3>\n        <\/a>\n    <\/div>\n    <\/article>\n<\/div>\n<p><img loading=\"lazy\" decoding=\"async\" class=\"alignnone size-full wp-image-914\" src=\"https:\/\/d2p6e6u75xmxt8.cloudfront.net\/4\/2017\/05\/foodlover-clanok.jpg\" alt=\"\" width=\"1600\" height=\"1000\" \/><\/p>\n<p>&nbsp;<\/p>\n<p>Te\u0161\u00ed sa na v\u00e1s cel\u00fd organiza\u010dn\u00fd t\u00edm a bikeri zo \u0160koda AUTO Slovensko!<\/p>\n<p><img loading=\"lazy\" decoding=\"async\" class=\"alignnone wp-image-912 size-full\" src=\"https:\/\/d2p6e6u75xmxt8.cloudfront.net\/4\/2017\/05\/tim-skoda-welovecycling.jpg\" alt=\"\" width=\"1600\" height=\"1000\" \/><\/p>\n<p>Nezabudnite sa <a href=\"http:\/\/www.ckdohnany.sk\/maraton\/\" target=\"_blank\" rel=\"noopener noreferrer\">registrova\u0165 tu<\/a>.<\/p>\n","protected":false},"excerpt":{"rendered":"<p>U\u017e o nieko\u013eko dn\u00ed \u0161tartuje druh\u00fd marat\u00f3n na\u0161ej cyklo s\u00e9rie \u0160koda BIKE OPEN TOUR 2017.\u00a0 Boli by sme ve\u013emi radi, [&hellip;]<\/p>\n","protected":false},"author":38,"featured_media":905,"comment_status":"open","ping_status":"open","sticky":false,"template":"","format":"video","meta":{"footnotes":""},"categories":[3,34,33],"tags":[90,180,93,37,91,35,77,92],"global-categories":[],"class_list":["post-626","post","type-post","status-publish","format-video","has-post-thumbnail","hentry","category-mtb","category-podujatia","category-sbot","tag-dohnany-puchov","tag-horska-cyklistika","tag-martina-grnova","tag-podujatia","tag-pozvanka","tag-sbot","tag-skoda-dedina","tag-skoda-tim","post_format-post-format-video"],"yoast_head":"<!-- This site is optimized with the Yoast SEO Premium plugin v25.3 (Yoast SEO v25.9) - https:\/\/yoast.com\/wordpress\/plugins\/seo\/ -->\n<title>POZV\u00c1NKA: 3. j\u00fana si ni\u010d nepl\u00e1nujte, v&nbsp;P\u00fachove - Doh\u0148anoch pretek\u00e1me - \u0160koda We Love Cycling Slovensko<\/title>\n<meta name=\"robots\" content=\"index, follow, max-snippet:-1, max-image-preview:large, max-video-preview:-1\" \/>\n<link rel=\"canonical\" href=\"https:\/\/www.welovecycling.com\/sk\/2017\/05\/26\/3-juna-nic-neplanujte-puchove-dohnanoch-pretekame\/\" \/>\n<meta property=\"og:locale\" content=\"sk_SK\" \/>\n<meta property=\"og:type\" content=\"article\" \/>\n<meta property=\"og:title\" content=\"POZV\u00c1NKA: 3. j\u00fana si ni\u010d nepl\u00e1nujte, v&nbsp;P\u00fachove - Doh\u0148anoch pretek\u00e1me\" \/>\n<meta property=\"og:description\" content=\"U\u017e o nieko\u013eko dn\u00ed \u0161tartuje druh\u00fd marat\u00f3n na\u0161ej cyklo s\u00e9rie \u0160koda BIKE OPEN TOUR 2017.\u00a0 Boli by sme ve\u013emi radi, [&hellip;]\" \/>\n<meta property=\"og:url\" content=\"https:\/\/www.welovecycling.com\/sk\/2017\/05\/26\/3-juna-nic-neplanujte-puchove-dohnanoch-pretekame\/\" \/>\n<meta property=\"og:site_name\" content=\"\u0160koda We Love Cycling Slovensko\" \/>\n<meta property=\"article:published_time\" content=\"2017-05-26T14:00:45+00:00\" \/>\n<meta property=\"article:modified_time\" content=\"2018-03-03T00:17:39+00:00\" \/>\n<meta property=\"og:image\" content=\"https:\/\/d2p6e6u75xmxt8.cloudfront.net\/4\/2017\/05\/pozvanka-dohnany.webp\" \/>\n\t<meta property=\"og:image:width\" content=\"1375\" \/>\n\t<meta property=\"og:image:height\" content=\"600\" \/>\n\t<meta property=\"og:image:type\" content=\"image\/webp\" \/>\n<meta name=\"author\" content=\"Ondrej Ga\u0161par\" \/>\n<meta name=\"twitter:card\" content=\"summary_large_image\" \/>\n<meta name=\"twitter:label1\" content=\"Written by\" \/>\n\t<meta name=\"twitter:data1\" content=\"FoodLover.sk\" \/>\n\t<meta name=\"twitter:label2\" content=\"Est. reading time\" \/>\n\t<meta name=\"twitter:data2\" content=\"1 minute\" \/>\n<script type=\"application\/ld+json\" class=\"yoast-schema-graph\">{\"@context\":\"https:\/\/schema.org\",\"@graph\":[{\"@type\":\"WebPage\",\"@id\":\"https:\/\/www.welovecycling.com\/sk\/2017\/05\/26\/3-juna-nic-neplanujte-puchove-dohnanoch-pretekame\/\",\"url\":\"https:\/\/www.welovecycling.com\/sk\/2017\/05\/26\/3-juna-nic-neplanujte-puchove-dohnanoch-pretekame\/\",\"name\":\"POZV\u00c1NKA: 3. j\u00fana si ni\u010d nepl\u00e1nujte, v&nbsp;P\u00fachove - Doh\u0148anoch pretek\u00e1me - \u0160koda We Love Cycling Slovensko\",\"isPartOf\":{\"@id\":\"https:\/\/www.welovecycling.com\/sk\/#website\"},\"primaryImageOfPage\":{\"@id\":\"https:\/\/www.welovecycling.com\/sk\/2017\/05\/26\/3-juna-nic-neplanujte-puchove-dohnanoch-pretekame\/#primaryimage\"},\"image\":{\"@id\":\"https:\/\/www.welovecycling.com\/sk\/2017\/05\/26\/3-juna-nic-neplanujte-puchove-dohnanoch-pretekame\/#primaryimage\"},\"thumbnailUrl\":\"https:\/\/d2p6e6u75xmxt8.cloudfront.net\/4\/2017\/05\/pozvanka-dohnany.webp\",\"datePublished\":\"2017-05-26T14:00:45+00:00\",\"dateModified\":\"2018-03-03T00:17:39+00:00\",\"author\":{\"@id\":\"https:\/\/www.welovecycling.com\/sk\/#\/schema\/person\/8ee09ba39b7e25b1870160aa5b3a89bc\"},\"breadcrumb\":{\"@id\":\"https:\/\/www.welovecycling.com\/sk\/2017\/05\/26\/3-juna-nic-neplanujte-puchove-dohnanoch-pretekame\/#breadcrumb\"},\"inLanguage\":\"sk-SK\",\"potentialAction\":[{\"@type\":\"ReadAction\",\"target\":[\"https:\/\/www.welovecycling.com\/sk\/2017\/05\/26\/3-juna-nic-neplanujte-puchove-dohnanoch-pretekame\/\"]}]},{\"@type\":\"ImageObject\",\"inLanguage\":\"sk-SK\",\"@id\":\"https:\/\/www.welovecycling.com\/sk\/2017\/05\/26\/3-juna-nic-neplanujte-puchove-dohnanoch-pretekame\/#primaryimage\",\"url\":\"https:\/\/d2p6e6u75xmxt8.cloudfront.net\/4\/2017\/05\/pozvanka-dohnany.webp\",\"contentUrl\":\"https:\/\/d2p6e6u75xmxt8.cloudfront.net\/4\/2017\/05\/pozvanka-dohnany.webp\",\"width\":1375,\"height\":600},{\"@type\":\"BreadcrumbList\",\"@id\":\"https:\/\/www.welovecycling.com\/sk\/2017\/05\/26\/3-juna-nic-neplanujte-puchove-dohnanoch-pretekame\/#breadcrumb\",\"itemListElement\":[{\"@type\":\"ListItem\",\"position\":1,\"name\":\"Home\",\"item\":\"https:\/\/www.welovecycling.com\/sk\/\"},{\"@type\":\"ListItem\",\"position\":2,\"name\":\"POZV\u00c1NKA: 3. j\u00fana si ni\u010d nepl\u00e1nujte, v&nbsp;P\u00fachove &#8211; Doh\u0148anoch pretek\u00e1me\"}]},{\"@type\":\"WebSite\",\"@id\":\"https:\/\/www.welovecycling.com\/sk\/#website\",\"url\":\"https:\/\/www.welovecycling.com\/sk\/\",\"name\":\"\u0160koda We Love Cycling Slovensko\",\"description\":\"\u0160koda We Love Cycling Slovensko je v\u00e1\u0161 ka\u017edodenn\u00fd zdroj noviniek a in\u0161pir\u00e1cie z sveta cyklistiky\",\"potentialAction\":[{\"@type\":\"SearchAction\",\"target\":{\"@type\":\"EntryPoint\",\"urlTemplate\":\"https:\/\/www.welovecycling.com\/sk\/?s={search_term_string}\"},\"query-input\":{\"@type\":\"PropertyValueSpecification\",\"valueRequired\":true,\"valueName\":\"search_term_string\"}}],\"inLanguage\":\"sk-SK\"},{\"@type\":\"Person\",\"@id\":\"https:\/\/www.welovecycling.com\/sk\/#\/schema\/person\/8ee09ba39b7e25b1870160aa5b3a89bc\",\"name\":\"Ondrej Ga\u0161par\",\"image\":{\"@type\":\"ImageObject\",\"inLanguage\":\"sk-SK\",\"@id\":\"https:\/\/www.welovecycling.com\/sk\/#\/schema\/person\/image\/\",\"url\":\"https:\/\/secure.gravatar.com\/avatar\/6126c9afb87b70da5abbb083ddbb21933da15f18f8ca7cb822aba0fb096a48f6?s=96&d=mm&r=g\",\"contentUrl\":\"https:\/\/secure.gravatar.com\/avatar\/6126c9afb87b70da5abbb083ddbb21933da15f18f8ca7cb822aba0fb096a48f6?s=96&d=mm&r=g\",\"caption\":\"Ondrej Ga\u0161par\"},\"url\":\"https:\/\/www.welovecycling.com\/sk\/author\/ondrejgaspar\/\"}]}<\/script>\n<!-- \/ Yoast SEO Premium plugin. -->","yoast_head_json":{"title":"POZV\u00c1NKA: 3. j\u00fana si ni\u010d nepl\u00e1nujte, v&nbsp;P\u00fachove - Doh\u0148anoch pretek\u00e1me - \u0160koda We Love Cycling Slovensko","robots":{"index":"index","follow":"follow","max-snippet":"max-snippet:-1","max-image-preview":"max-image-preview:large","max-video-preview":"max-video-preview:-1"},"canonical":"https:\/\/www.welovecycling.com\/sk\/2017\/05\/26\/3-juna-nic-neplanujte-puchove-dohnanoch-pretekame\/","og_locale":"sk_SK","og_type":"article","og_title":"POZV\u00c1NKA: 3. j\u00fana si ni\u010d nepl\u00e1nujte, v&nbsp;P\u00fachove - Doh\u0148anoch pretek\u00e1me","og_description":"U\u017e o nieko\u013eko dn\u00ed \u0161tartuje druh\u00fd marat\u00f3n na\u0161ej cyklo s\u00e9rie \u0160koda BIKE OPEN TOUR 2017.\u00a0 Boli by sme ve\u013emi radi, [&hellip;]","og_url":"https:\/\/www.welovecycling.com\/sk\/2017\/05\/26\/3-juna-nic-neplanujte-puchove-dohnanoch-pretekame\/","og_site_name":"\u0160koda We Love Cycling Slovensko","article_published_time":"2017-05-26T14:00:45+00:00","article_modified_time":"2018-03-03T00:17:39+00:00","og_image":[{"width":1375,"height":600,"url":"https:\/\/d2p6e6u75xmxt8.cloudfront.net\/4\/2017\/05\/pozvanka-dohnany.webp","type":"image\/webp"}],"author":"Ondrej Ga\u0161par","twitter_card":"summary_large_image","twitter_misc":{"Written by":"FoodLover.sk","Est. reading time":"1 minute"},"schema":{"@context":"https:\/\/schema.org","@graph":[{"@type":"WebPage","@id":"https:\/\/www.welovecycling.com\/sk\/2017\/05\/26\/3-juna-nic-neplanujte-puchove-dohnanoch-pretekame\/","url":"https:\/\/www.welovecycling.com\/sk\/2017\/05\/26\/3-juna-nic-neplanujte-puchove-dohnanoch-pretekame\/","name":"POZV\u00c1NKA: 3. j\u00fana si ni\u010d nepl\u00e1nujte, v&nbsp;P\u00fachove - Doh\u0148anoch pretek\u00e1me - \u0160koda We Love Cycling Slovensko","isPartOf":{"@id":"https:\/\/www.welovecycling.com\/sk\/#website"},"primaryImageOfPage":{"@id":"https:\/\/www.welovecycling.com\/sk\/2017\/05\/26\/3-juna-nic-neplanujte-puchove-dohnanoch-pretekame\/#primaryimage"},"image":{"@id":"https:\/\/www.welovecycling.com\/sk\/2017\/05\/26\/3-juna-nic-neplanujte-puchove-dohnanoch-pretekame\/#primaryimage"},"thumbnailUrl":"https:\/\/d2p6e6u75xmxt8.cloudfront.net\/4\/2017\/05\/pozvanka-dohnany.webp","datePublished":"2017-05-26T14:00:45+00:00","dateModified":"2018-03-03T00:17:39+00:00","author":{"@id":"https:\/\/www.welovecycling.com\/sk\/#\/schema\/person\/8ee09ba39b7e25b1870160aa5b3a89bc"},"breadcrumb":{"@id":"https:\/\/www.welovecycling.com\/sk\/2017\/05\/26\/3-juna-nic-neplanujte-puchove-dohnanoch-pretekame\/#breadcrumb"},"inLanguage":"sk-SK","potentialAction":[{"@type":"ReadAction","target":["https:\/\/www.welovecycling.com\/sk\/2017\/05\/26\/3-juna-nic-neplanujte-puchove-dohnanoch-pretekame\/"]}]},{"@type":"ImageObject","inLanguage":"sk-SK","@id":"https:\/\/www.welovecycling.com\/sk\/2017\/05\/26\/3-juna-nic-neplanujte-puchove-dohnanoch-pretekame\/#primaryimage","url":"https:\/\/d2p6e6u75xmxt8.cloudfront.net\/4\/2017\/05\/pozvanka-dohnany.webp","contentUrl":"https:\/\/d2p6e6u75xmxt8.cloudfront.net\/4\/2017\/05\/pozvanka-dohnany.webp","width":1375,"height":600},{"@type":"BreadcrumbList","@id":"https:\/\/www.welovecycling.com\/sk\/2017\/05\/26\/3-juna-nic-neplanujte-puchove-dohnanoch-pretekame\/#breadcrumb","itemListElement":[{"@type":"ListItem","position":1,"name":"Home","item":"https:\/\/www.welovecycling.com\/sk\/"},{"@type":"ListItem","position":2,"name":"POZV\u00c1NKA: 3. j\u00fana si ni\u010d nepl\u00e1nujte, v&nbsp;P\u00fachove &#8211; Doh\u0148anoch pretek\u00e1me"}]},{"@type":"WebSite","@id":"https:\/\/www.welovecycling.com\/sk\/#website","url":"https:\/\/www.welovecycling.com\/sk\/","name":"\u0160koda We Love Cycling Slovensko","description":"\u0160koda We Love Cycling Slovensko je v\u00e1\u0161 ka\u017edodenn\u00fd zdroj noviniek a in\u0161pir\u00e1cie z sveta cyklistiky","potentialAction":[{"@type":"SearchAction","target":{"@type":"EntryPoint","urlTemplate":"https:\/\/www.welovecycling.com\/sk\/?s={search_term_string}"},"query-input":{"@type":"PropertyValueSpecification","valueRequired":true,"valueName":"search_term_string"}}],"inLanguage":"sk-SK"},{"@type":"Person","@id":"https:\/\/www.welovecycling.com\/sk\/#\/schema\/person\/8ee09ba39b7e25b1870160aa5b3a89bc","name":"Ondrej Ga\u0161par","image":{"@type":"ImageObject","inLanguage":"sk-SK","@id":"https:\/\/www.welovecycling.com\/sk\/#\/schema\/person\/image\/","url":"https:\/\/secure.gravatar.com\/avatar\/6126c9afb87b70da5abbb083ddbb21933da15f18f8ca7cb822aba0fb096a48f6?s=96&d=mm&r=g","contentUrl":"https:\/\/secure.gravatar.com\/avatar\/6126c9afb87b70da5abbb083ddbb21933da15f18f8ca7cb822aba0fb096a48f6?s=96&d=mm&r=g","caption":"Ondrej Ga\u0161par"},"url":"https:\/\/www.welovecycling.com\/sk\/author\/ondrejgaspar\/"}]}},"_links":{"self":[{"href":"https:\/\/www.welovecycling.com\/sk\/wp-json\/wp\/v2\/posts\/626","targetHints":{"allow":["GET"]}}],"collection":[{"href":"https:\/\/www.welovecycling.com\/sk\/wp-json\/wp\/v2\/posts"}],"about":[{"href":"https:\/\/www.welovecycling.com\/sk\/wp-json\/wp\/v2\/types\/post"}],"author":[{"embeddable":true,"href":"https:\/\/www.welovecycling.com\/sk\/wp-json\/wp\/v2\/users\/38"}],"replies":[{"embeddable":true,"href":"https:\/\/www.welovecycling.com\/sk\/wp-json\/wp\/v2\/comments?post=626"}],"version-history":[{"count":2,"href":"https:\/\/www.welovecycling.com\/sk\/wp-json\/wp\/v2\/posts\/626\/revisions"}],"predecessor-version":[{"id":3187,"href":"https:\/\/www.welovecycling.com\/sk\/wp-json\/wp\/v2\/posts\/626\/revisions\/3187"}],"wp:featuredmedia":[{"embeddable":true,"href":"https:\/\/www.welovecycling.com\/sk\/wp-json\/wp\/v2\/media\/905"}],"wp:attachment":[{"href":"https:\/\/www.welovecycling.com\/sk\/wp-json\/wp\/v2\/media?parent=626"}],"wp:term":[{"taxonomy":"category","embeddable":true,"href":"https:\/\/www.welovecycling.com\/sk\/wp-json\/wp\/v2\/categories?post=626"},{"taxonomy":"post_tag","embeddable":true,"href":"https:\/\/www.welovecycling.com\/sk\/wp-json\/wp\/v2\/tags?post=626"},{"taxonomy":"global-categories","embeddable":true,"href":"https:\/\/www.welovecycling.com\/sk\/wp-json\/wp\/v2\/global-categories?post=626"}],"curies":[{"name":"wp","href":"https:\/\/api.w.org\/{rel}","templated":true}]}}