{"id":6254,"date":"2019-02-25T10:30:00","date_gmt":"2019-02-25T09:30:00","guid":{"rendered":"https:\/\/www.welovecycling.com\/sk\/?p=6254"},"modified":"2019-02-14T15:01:59","modified_gmt":"2019-02-14T14:01:59","slug":"so-sluchadlami-ci-bez-nich","status":"publish","type":"post","link":"https:\/\/www.welovecycling.com\/sk\/2019\/02\/25\/so-sluchadlami-ci-bez-nich\/","title":{"rendered":"So sl\u00fachadlami \u010di bez nich?"},"content":{"rendered":"<p><strong>Pri poh\u013eade na profi cyklistov \u010dasto spozorujeme skuto\u010dnos\u0165, \u017ee s\u00fa neust\u00e1le v spojen\u00ed so svojimi kolegami \u010di t\u00edmom prostredn\u00edctvom r\u00e1diovej komunik\u00e1cie. Mali by sme sa im teda prisp\u00f4sobi\u0165? Pozrime sa na d\u00f4vody, z ktor\u00fdch jedny odpor\u00fa\u010daj\u00fa ich pou\u017e\u00edvanie, zatia\u013e \u010do druh\u00e9 ich odsudzuj\u00fa.<\/strong><!--more--><\/p>\n<h2><strong>Zvuk je s\u00fa\u010das\u0165 cyklistick\u00e9ho z\u00e1\u017eitku<\/strong><\/h2>\n<p>Je letn\u00e9 r\u00e1no, 6:00, a vy sa ponor\u00edte do ticha lesa, aby ste si u\u017eili nebesk\u00fd pokoj. Zvuk v\u00e1\u0161ho d\u00fdchania prech\u00e1dza do organickej harm\u00f3nie s jemn\u00fdm zvukom \u010derstvo namazanej re\u0165aze. Chv\u00ed\u013ekov\u00e9 naru\u0161enie prich\u00e1dza len v momente preradenia. V tejto chv\u00edli si u\u017e\u00edvate rann\u00fa jazdu.<\/p>\n<lite-youtube videoid=6kQGpDSD_94 params=\"enablejsapi=1\" style=\"background-image: url('https:\/\/i.ytimg.com\/vi_webp\/6kQGpDSD_94\/maxresdefault.webp');\"><\/lite-youtube>\n<p>Je diskutabiln\u00e9, \u010di by video p\u00f4sobilo pr\u00edjemnej\u0161ie, ak by v pozad\u00ed nehral klav\u00edr \u2013 av\u0161ak tvorcovia maj\u00fa v nie\u010dom pravdu. <strong>Cyklistika znie o\u010daruj\u00faco<\/strong>, a preto stoj\u00ed za to zapo\u010d\u00fava\u0165 sa do harmonick\u00e9ho s\u00fazvuku rytmov po\u010das jazdy, ktor\u00e9 prestupuj\u00fa celou va\u0161ou bytos\u0165ou. V tomto pr\u00edpade s\u00fa sl\u00fachadl\u00e1 zbyto\u010dn\u00e9.<\/p>\n<h2><strong>Po\u010d\u00favanie zvy\u0161uje bezpe\u010dnos\u0165<\/strong><\/h2>\n<p>In\u00fdm d\u00f4vodom pre ponechanie sl\u00fachadiel doma je bezpe\u010dnostn\u00fd prvok. Ak jazd\u00edte mestskou d\u017eung\u013eou, <strong>ka\u017ed\u00fd prich\u00e1dzaj\u00faci zvuk m\u00f4\u017ee znamena\u0165 upozornenie na bl\u00ed\u017eiace sa nebezpe\u010denstvo<\/strong>. U\u017e nie ste sami medzi stovkami stromov, tu v\u00e1s obklopuj\u00fa pohybuj\u00face sa objekty \u2013 \u013eudia \u010di vozidl\u00e1 \u2013 a hudba v sl\u00fachadl\u00e1ch ich prekr\u00fdva. Preto by mal by\u0165 pud sebaz\u00e1chovy v\u017edy pr\u00edtomn\u00fd. Pre\u010do riskova\u0165 svoje, ale aj zdravie ostatn\u00fdch?<\/p>\n<p>https:\/\/www.youtube.com\/watch?v=j4A-w5HkrZA<\/p>\n<p>Argument Pearl Izumi sa zaklad\u00e1 na te\u00f3rii, \u017ee <strong>s\u00fastredenie sa na hudbu predl\u017euje reak\u010dn\u00fd \u010das, ako aj zni\u017euje pozornos\u0165 pri sledovan\u00ed prich\u00e1dzaj\u00facich \u00e1ut<\/strong>. To plat\u00ed s\u00fa\u010dasne pre jazdcov na bicykloch, ale taktie\u017e aj pre vodi\u010dov motorov\u00fdch vozidiel.<\/p>\n<h2><strong>By\u0165 st\u00e1le v kontakte<\/strong><\/h2>\n<p>Osobne nedok\u00e1\u017eem bicyklova\u0165 a v rovnakom \u010dase po\u010d\u00fava\u0165 hudbu \u2013 rytmus skladby ma \u010dasto podnecuje k \u0161liapaniu paralelne s pesni\u010dkou. Akceptujem, \u017ee niekto in\u00fd s t\u00fdm nemus\u00ed ma\u0165 probl\u00e9m, ale ja s\u00e1m sa pri nej nedok\u00e1\u017eem s\u00fastredi\u0165. To mi v\u0161ak nezabra\u0148uje neust\u00e1le so sebou nosi\u0165 sl\u00fachadl\u00e1. Ak mi zavol\u00e1 man\u017eelka, je jednoduch\u0161ie prija\u0165 hovor a komunikova\u0165 s \u0148ou prostredn\u00edctvom handsfree Bluetooth zariadenia.<\/p>\n<lite-youtube videoid=dmZ7wTciFj0 params=\"enablejsapi=1\" style=\"background-image: url('https:\/\/i.ytimg.com\/vi_webp\/dmZ7wTciFj0\/maxresdefault.webp');\"><\/lite-youtube>\n<p>Prij\u00edmam fakt, \u017ee vyu\u017e\u00edvanie sl\u00fachadiel m\u00f4\u017ee zni\u017eova\u0165 m\u00f4j reak\u010dn\u00fd \u010das. Preto sa sna\u017e\u00edm venova\u0165 viac pozornosti dianiu okolo m\u0148a. Zv\u00e1\u017ete aj t\u00fato mo\u017enos\u0165, mo\u017eno pochop\u00edte, pre\u010do to rob\u00edm takto.<\/p>\n<h2><strong>Jazdenie m\u00f4\u017ee ohrozi\u0165 v\u00e1\u0161 sluch<\/strong><\/h2>\n<p><strong>So zvy\u0161ovan\u00edm r\u00fdchlosti pohybu narast\u00e1 aj odpor vetra, ktor\u00fd je spojen\u00fd s rast\u00facou hlu\u010dnos\u0165ou<\/strong>. U\u017e pri 25 km\/h na v\u00e1s p\u00f4sob\u00ed pr\u00fadenie vzduchu s hlasitos\u0165ou 85 decibelov. Ak sa k tomu prid\u00e1 protivietor, tieto hodnoty neust\u00e1le narastaj\u00fa. Aby ste si to vedeli \u017eivo predstavi\u0165, tak\u00fdto hluk sa vyrovn\u00e1 spusten\u00e9mu mix\u00e9ru \u010di kilometer vzdialen\u00e9mu prist\u00e1vaj\u00facemu Boeingu 737.<\/p>\n<p>https:\/\/www.youtube.com\/watch?v=1XUovxiTpVA<\/p>\n<p>To je v\u0161ak len \u010das\u0165 probl\u00e9mu \u2013 tak\u00fdto hluk budete musie\u0165 strpie\u0165 po\u010das dlh\u0161ieho \u010dasov\u00e9ho \u00faseku \u2013 nejazd\u00edte predsa len na 5 min\u00fat, \u017ee? <strong>Po\u010das dlh\u0161ieho s\u00favisl\u00e9ho p\u00f4sobenia narast\u00e1 aj riziko straty sluchu<\/strong>. Napr\u00edklad jazdci po\u010das Tour de France za\u017e\u00edvaj\u00fa v zjazdoch \u010dasto aj hlu\u010dnos\u0165 na \u00farovni 120 decibelov (90 km\/h).<\/p>\n<p>Tak\u017ee, \u010di sa u\u017e rozhodnete pre pou\u017e\u00edvanie sl\u00fachadiel, alebo ich rad\u0161ej nech\u00e1te doma na ve\u010dern\u00e9 chv\u00edle, bu\u010fte opatrn\u00ed a nezabudnite d\u00e1va\u0165 pozor na svoje zdravie.<\/p>\n","protected":false},"excerpt":{"rendered":"<p>Pri poh\u013eade na profi cyklistov \u010dasto spozorujeme skuto\u010dnos\u0165, \u017ee s\u00fa neust\u00e1le v spojen\u00ed so svojimi kolegami \u010di t\u00edmom prostredn\u00edctvom r\u00e1diovej [&hellip;]<\/p>\n","protected":false},"author":38,"featured_media":6259,"comment_status":"open","ping_status":"open","sticky":false,"template":"","format":"standard","meta":{"footnotes":""},"categories":[2],"tags":[619,275,115,180,822,532,824,412,823,762,777,55,318,161,825],"global-categories":[],"class_list":["post-6254","post","type-post","status-publish","format-standard","has-post-thumbnail","hentry","category-zdravie-trening","tag-bicyklovanie","tag-cesta","tag-cestna-cyklistika","tag-horska-cyklistika","tag-hudba","tag-jazdenie","tag-les","tag-mtb","tag-pocuvanie","tag-relax","tag-slovenske-cesty","tag-trening","tag-vyjazd","tag-zdravie","tag-zvuk"],"yoast_head":"<!-- This site is optimized with the Yoast SEO Premium plugin v25.3 (Yoast SEO v25.9) - https:\/\/yoast.com\/wordpress\/plugins\/seo\/ -->\n<title>So sl\u00fachadlami \u010di bez nich? - \u0160koda We Love Cycling Slovensko<\/title>\n<meta name=\"robots\" content=\"index, follow, max-snippet:-1, max-image-preview:large, max-video-preview:-1\" \/>\n<link rel=\"canonical\" href=\"https:\/\/www.welovecycling.com\/sk\/2019\/02\/25\/so-sluchadlami-ci-bez-nich\/\" \/>\n<meta property=\"og:locale\" content=\"sk_SK\" \/>\n<meta property=\"og:type\" content=\"article\" \/>\n<meta property=\"og:title\" content=\"So sl\u00fachadlami \u010di bez nich?\" \/>\n<meta property=\"og:description\" content=\"Pri poh\u013eade na profi cyklistov \u010dasto spozorujeme skuto\u010dnos\u0165, \u017ee s\u00fa neust\u00e1le v spojen\u00ed so svojimi kolegami \u010di t\u00edmom prostredn\u00edctvom r\u00e1diovej [&hellip;]\" \/>\n<meta property=\"og:url\" content=\"https:\/\/www.welovecycling.com\/sk\/2019\/02\/25\/so-sluchadlami-ci-bez-nich\/\" \/>\n<meta property=\"og:site_name\" content=\"\u0160koda We Love Cycling Slovensko\" \/>\n<meta property=\"article:published_time\" content=\"2019-02-25T09:30:00+00:00\" \/>\n<meta property=\"og:image\" content=\"https:\/\/d2p6e6u75xmxt8.cloudfront.net\/4\/2019\/02\/Headphones-profimedia-03163753951.webp\" \/>\n\t<meta property=\"og:image:width\" content=\"1366\" \/>\n\t<meta property=\"og:image:height\" content=\"600\" \/>\n\t<meta property=\"og:image:type\" content=\"image\/webp\" \/>\n<meta name=\"author\" content=\"Ondrej Ga\u0161par\" \/>\n<meta name=\"twitter:card\" content=\"summary_large_image\" \/>\n<meta name=\"twitter:label1\" content=\"Written by\" \/>\n\t<meta name=\"twitter:data1\" content=\"Christopher Ashley\" \/>\n\t<meta name=\"twitter:label2\" content=\"Est. reading time\" \/>\n\t<meta name=\"twitter:data2\" content=\"4\" \/>\n<script type=\"application\/ld+json\" class=\"yoast-schema-graph\">{\"@context\":\"https:\/\/schema.org\",\"@graph\":[{\"@type\":\"WebPage\",\"@id\":\"https:\/\/www.welovecycling.com\/sk\/2019\/02\/25\/so-sluchadlami-ci-bez-nich\/\",\"url\":\"https:\/\/www.welovecycling.com\/sk\/2019\/02\/25\/so-sluchadlami-ci-bez-nich\/\",\"name\":\"So sl\u00fachadlami \u010di bez nich? - \u0160koda We Love Cycling Slovensko\",\"isPartOf\":{\"@id\":\"https:\/\/www.welovecycling.com\/sk\/#website\"},\"primaryImageOfPage\":{\"@id\":\"https:\/\/www.welovecycling.com\/sk\/2019\/02\/25\/so-sluchadlami-ci-bez-nich\/#primaryimage\"},\"image\":{\"@id\":\"https:\/\/www.welovecycling.com\/sk\/2019\/02\/25\/so-sluchadlami-ci-bez-nich\/#primaryimage\"},\"thumbnailUrl\":\"https:\/\/d2p6e6u75xmxt8.cloudfront.net\/4\/2019\/02\/Headphones-profimedia-03163753951.webp\",\"datePublished\":\"2019-02-25T09:30:00+00:00\",\"author\":{\"@id\":\"https:\/\/www.welovecycling.com\/sk\/#\/schema\/person\/8ee09ba39b7e25b1870160aa5b3a89bc\"},\"breadcrumb\":{\"@id\":\"https:\/\/www.welovecycling.com\/sk\/2019\/02\/25\/so-sluchadlami-ci-bez-nich\/#breadcrumb\"},\"inLanguage\":\"sk-SK\",\"potentialAction\":[{\"@type\":\"ReadAction\",\"target\":[\"https:\/\/www.welovecycling.com\/sk\/2019\/02\/25\/so-sluchadlami-ci-bez-nich\/\"]}]},{\"@type\":\"ImageObject\",\"inLanguage\":\"sk-SK\",\"@id\":\"https:\/\/www.welovecycling.com\/sk\/2019\/02\/25\/so-sluchadlami-ci-bez-nich\/#primaryimage\",\"url\":\"https:\/\/d2p6e6u75xmxt8.cloudfront.net\/4\/2019\/02\/Headphones-profimedia-03163753951.webp\",\"contentUrl\":\"https:\/\/d2p6e6u75xmxt8.cloudfront.net\/4\/2019\/02\/Headphones-profimedia-03163753951.webp\",\"width\":1366,\"height\":600},{\"@type\":\"BreadcrumbList\",\"@id\":\"https:\/\/www.welovecycling.com\/sk\/2019\/02\/25\/so-sluchadlami-ci-bez-nich\/#breadcrumb\",\"itemListElement\":[{\"@type\":\"ListItem\",\"position\":1,\"name\":\"Home\",\"item\":\"https:\/\/www.welovecycling.com\/sk\/\"},{\"@type\":\"ListItem\",\"position\":2,\"name\":\"So sl\u00fachadlami \u010di bez nich?\"}]},{\"@type\":\"WebSite\",\"@id\":\"https:\/\/www.welovecycling.com\/sk\/#website\",\"url\":\"https:\/\/www.welovecycling.com\/sk\/\",\"name\":\"\u0160koda We Love Cycling Slovensko\",\"description\":\"\u0160koda We Love Cycling Slovensko je v\u00e1\u0161 ka\u017edodenn\u00fd zdroj noviniek a in\u0161pir\u00e1cie z sveta cyklistiky\",\"potentialAction\":[{\"@type\":\"SearchAction\",\"target\":{\"@type\":\"EntryPoint\",\"urlTemplate\":\"https:\/\/www.welovecycling.com\/sk\/?s={search_term_string}\"},\"query-input\":{\"@type\":\"PropertyValueSpecification\",\"valueRequired\":true,\"valueName\":\"search_term_string\"}}],\"inLanguage\":\"sk-SK\"},{\"@type\":\"Person\",\"@id\":\"https:\/\/www.welovecycling.com\/sk\/#\/schema\/person\/8ee09ba39b7e25b1870160aa5b3a89bc\",\"name\":\"Ondrej Ga\u0161par\",\"image\":{\"@type\":\"ImageObject\",\"inLanguage\":\"sk-SK\",\"@id\":\"https:\/\/www.welovecycling.com\/sk\/#\/schema\/person\/image\/\",\"url\":\"https:\/\/secure.gravatar.com\/avatar\/6126c9afb87b70da5abbb083ddbb21933da15f18f8ca7cb822aba0fb096a48f6?s=96&d=mm&r=g\",\"contentUrl\":\"https:\/\/secure.gravatar.com\/avatar\/6126c9afb87b70da5abbb083ddbb21933da15f18f8ca7cb822aba0fb096a48f6?s=96&d=mm&r=g\",\"caption\":\"Ondrej Ga\u0161par\"},\"url\":\"https:\/\/www.welovecycling.com\/sk\/author\/ondrejgaspar\/\"}]}<\/script>\n<!-- \/ Yoast SEO Premium plugin. -->","yoast_head_json":{"title":"So sl\u00fachadlami \u010di bez nich? - \u0160koda We Love Cycling Slovensko","robots":{"index":"index","follow":"follow","max-snippet":"max-snippet:-1","max-image-preview":"max-image-preview:large","max-video-preview":"max-video-preview:-1"},"canonical":"https:\/\/www.welovecycling.com\/sk\/2019\/02\/25\/so-sluchadlami-ci-bez-nich\/","og_locale":"sk_SK","og_type":"article","og_title":"So sl\u00fachadlami \u010di bez nich?","og_description":"Pri poh\u013eade na profi cyklistov \u010dasto spozorujeme skuto\u010dnos\u0165, \u017ee s\u00fa neust\u00e1le v spojen\u00ed so svojimi kolegami \u010di t\u00edmom prostredn\u00edctvom r\u00e1diovej [&hellip;]","og_url":"https:\/\/www.welovecycling.com\/sk\/2019\/02\/25\/so-sluchadlami-ci-bez-nich\/","og_site_name":"\u0160koda We Love Cycling Slovensko","article_published_time":"2019-02-25T09:30:00+00:00","og_image":[{"width":1366,"height":600,"url":"https:\/\/d2p6e6u75xmxt8.cloudfront.net\/4\/2019\/02\/Headphones-profimedia-03163753951.webp","type":"image\/webp"}],"author":"Ondrej Ga\u0161par","twitter_card":"summary_large_image","twitter_misc":{"Written by":"Christopher Ashley","Est. reading time":"4"},"schema":{"@context":"https:\/\/schema.org","@graph":[{"@type":"WebPage","@id":"https:\/\/www.welovecycling.com\/sk\/2019\/02\/25\/so-sluchadlami-ci-bez-nich\/","url":"https:\/\/www.welovecycling.com\/sk\/2019\/02\/25\/so-sluchadlami-ci-bez-nich\/","name":"So sl\u00fachadlami \u010di bez nich? - \u0160koda We Love Cycling Slovensko","isPartOf":{"@id":"https:\/\/www.welovecycling.com\/sk\/#website"},"primaryImageOfPage":{"@id":"https:\/\/www.welovecycling.com\/sk\/2019\/02\/25\/so-sluchadlami-ci-bez-nich\/#primaryimage"},"image":{"@id":"https:\/\/www.welovecycling.com\/sk\/2019\/02\/25\/so-sluchadlami-ci-bez-nich\/#primaryimage"},"thumbnailUrl":"https:\/\/d2p6e6u75xmxt8.cloudfront.net\/4\/2019\/02\/Headphones-profimedia-03163753951.webp","datePublished":"2019-02-25T09:30:00+00:00","author":{"@id":"https:\/\/www.welovecycling.com\/sk\/#\/schema\/person\/8ee09ba39b7e25b1870160aa5b3a89bc"},"breadcrumb":{"@id":"https:\/\/www.welovecycling.com\/sk\/2019\/02\/25\/so-sluchadlami-ci-bez-nich\/#breadcrumb"},"inLanguage":"sk-SK","potentialAction":[{"@type":"ReadAction","target":["https:\/\/www.welovecycling.com\/sk\/2019\/02\/25\/so-sluchadlami-ci-bez-nich\/"]}]},{"@type":"ImageObject","inLanguage":"sk-SK","@id":"https:\/\/www.welovecycling.com\/sk\/2019\/02\/25\/so-sluchadlami-ci-bez-nich\/#primaryimage","url":"https:\/\/d2p6e6u75xmxt8.cloudfront.net\/4\/2019\/02\/Headphones-profimedia-03163753951.webp","contentUrl":"https:\/\/d2p6e6u75xmxt8.cloudfront.net\/4\/2019\/02\/Headphones-profimedia-03163753951.webp","width":1366,"height":600},{"@type":"BreadcrumbList","@id":"https:\/\/www.welovecycling.com\/sk\/2019\/02\/25\/so-sluchadlami-ci-bez-nich\/#breadcrumb","itemListElement":[{"@type":"ListItem","position":1,"name":"Home","item":"https:\/\/www.welovecycling.com\/sk\/"},{"@type":"ListItem","position":2,"name":"So sl\u00fachadlami \u010di bez nich?"}]},{"@type":"WebSite","@id":"https:\/\/www.welovecycling.com\/sk\/#website","url":"https:\/\/www.welovecycling.com\/sk\/","name":"\u0160koda We Love Cycling Slovensko","description":"\u0160koda We Love Cycling Slovensko je v\u00e1\u0161 ka\u017edodenn\u00fd zdroj noviniek a in\u0161pir\u00e1cie z sveta cyklistiky","potentialAction":[{"@type":"SearchAction","target":{"@type":"EntryPoint","urlTemplate":"https:\/\/www.welovecycling.com\/sk\/?s={search_term_string}"},"query-input":{"@type":"PropertyValueSpecification","valueRequired":true,"valueName":"search_term_string"}}],"inLanguage":"sk-SK"},{"@type":"Person","@id":"https:\/\/www.welovecycling.com\/sk\/#\/schema\/person\/8ee09ba39b7e25b1870160aa5b3a89bc","name":"Ondrej Ga\u0161par","image":{"@type":"ImageObject","inLanguage":"sk-SK","@id":"https:\/\/www.welovecycling.com\/sk\/#\/schema\/person\/image\/","url":"https:\/\/secure.gravatar.com\/avatar\/6126c9afb87b70da5abbb083ddbb21933da15f18f8ca7cb822aba0fb096a48f6?s=96&d=mm&r=g","contentUrl":"https:\/\/secure.gravatar.com\/avatar\/6126c9afb87b70da5abbb083ddbb21933da15f18f8ca7cb822aba0fb096a48f6?s=96&d=mm&r=g","caption":"Ondrej Ga\u0161par"},"url":"https:\/\/www.welovecycling.com\/sk\/author\/ondrejgaspar\/"}]}},"_links":{"self":[{"href":"https:\/\/www.welovecycling.com\/sk\/wp-json\/wp\/v2\/posts\/6254","targetHints":{"allow":["GET"]}}],"collection":[{"href":"https:\/\/www.welovecycling.com\/sk\/wp-json\/wp\/v2\/posts"}],"about":[{"href":"https:\/\/www.welovecycling.com\/sk\/wp-json\/wp\/v2\/types\/post"}],"author":[{"embeddable":true,"href":"https:\/\/www.welovecycling.com\/sk\/wp-json\/wp\/v2\/users\/38"}],"replies":[{"embeddable":true,"href":"https:\/\/www.welovecycling.com\/sk\/wp-json\/wp\/v2\/comments?post=6254"}],"version-history":[{"count":1,"href":"https:\/\/www.welovecycling.com\/sk\/wp-json\/wp\/v2\/posts\/6254\/revisions"}],"predecessor-version":[{"id":6260,"href":"https:\/\/www.welovecycling.com\/sk\/wp-json\/wp\/v2\/posts\/6254\/revisions\/6260"}],"wp:featuredmedia":[{"embeddable":true,"href":"https:\/\/www.welovecycling.com\/sk\/wp-json\/wp\/v2\/media\/6259"}],"wp:attachment":[{"href":"https:\/\/www.welovecycling.com\/sk\/wp-json\/wp\/v2\/media?parent=6254"}],"wp:term":[{"taxonomy":"category","embeddable":true,"href":"https:\/\/www.welovecycling.com\/sk\/wp-json\/wp\/v2\/categories?post=6254"},{"taxonomy":"post_tag","embeddable":true,"href":"https:\/\/www.welovecycling.com\/sk\/wp-json\/wp\/v2\/tags?post=6254"},{"taxonomy":"global-categories","embeddable":true,"href":"https:\/\/www.welovecycling.com\/sk\/wp-json\/wp\/v2\/global-categories?post=6254"}],"curies":[{"name":"wp","href":"https:\/\/api.w.org\/{rel}","templated":true}]}}