{"id":6241,"date":"2019-03-18T10:27:48","date_gmt":"2019-03-18T09:27:48","guid":{"rendered":"https:\/\/www.welovecycling.com\/sk\/?p=6241"},"modified":"2019-03-11T18:04:57","modified_gmt":"2019-03-11T17:04:57","slug":"bikesharing-na-slovensku","status":"publish","type":"post","link":"https:\/\/www.welovecycling.com\/sk\/2019\/03\/18\/bikesharing-na-slovensku\/","title":{"rendered":"Ako sa dar\u00ed bike-sharingu v slovensk\u00fdch mest\u00e1ch?"},"content":{"rendered":"<p><strong>Viete o\u00a0tom, \u017ee nemus\u00edte v\u00f4bec vlastni\u0165 bicykel a\u00a0napriek tomu sa m\u00f4\u017eete denne bicyklova\u0165? Je pravda, \u017ee to by bol trochu extr\u00e9m, ale my\u0161lienka zdie\u013ean\u00fdch bicyklov, <\/strong><strong>alebo ak chcete bike-sharingu, z\u00edskava st\u00e1le viac fan\u00fa\u0161ikov aj na Slovensku.<\/strong><\/p>\n<p><!--more--><\/p>\n<p>Samozrejme, je to hlavne o\u00a0tom, aby sme zbyto\u010dne nejazdili autami aj tam, kde sa d\u00e1 \u00eds\u0165 sp\u00f4sobom \u0161etrnej\u0161\u00edm k\u00a0pr\u00edrode. Len\u017ee jazdi\u0165 na svojom bicykli je v\u00a0mnoh\u00fdch pr\u00edpadoch komplikovan\u00e9, preto\u017ee n\u00e1m br\u00e1nia mnoh\u00e9 prek\u00e1\u017eky. Napr\u00edklad si v\u00a0pr\u00e1ci nem\u00e1me kde bicykel zaparkova\u0165 a\u00a0ak sa tam aj p\u00e1r bicyklov odlo\u017ei\u0165 d\u00e1, mohol by nasta\u0165 probl\u00e9m, keby polovica zamestnancov pri\u0161la na bicykloch. Ko\u013ekokr\u00e1t by ste na men\u0161\u00ed n\u00e1kup prebehli len tak na bicykli, ale boj\u00edte sa, \u017ee domov by ste u\u017e i\u0161li pe\u0161o? A\u00a0na tieto, ale aj mnoh\u00e9 in\u00e9 pr\u00edpady, je ako stvoren\u00fd pr\u00e1ve bike-sharing. Pozrime sa teraz, ako to vyrie\u0161ili v\u00a0niektor\u00fdch mest\u00e1ch na Slovensku.<\/p>\n<p><a href=\"https:\/\/d2p6e6u75xmxt8.cloudfront.net\/4\/2018\/08\/02.jpeg\"><img loading=\"lazy\" decoding=\"async\" class=\"alignnone wp-image-4543 size-full\" src=\"https:\/\/d2p6e6u75xmxt8.cloudfront.net\/4\/2018\/08\/02.jpeg\" alt=\"\" width=\"1200\" height=\"800\" \/><\/a><\/p>\n<h2><strong>Prievidza &#8211; Zelen\u00fd bicykel<\/strong><\/h2>\n<p>Prievidza bola kedysi hlavne ban\u00edcke mesto, a dnes je to modern\u00e9 mesto obklopen\u00e9 kr\u00e1snou pr\u00edrodou, ktor\u00e1 doslova l\u00e1ka obyvate\u013eov sadn\u00fa\u0165 na bicykel a\u00a0vyrazi\u0165 na cyklo v\u00fdlet. Na tak\u00fd v\u00fdlet s\u00edce Zelen\u00fd bicykel prim\u00e1rne ur\u010den\u00fd nie je, ale ur\u010dite dopom\u00e1ha k\u00a0tomu, aby samotn\u00e9 mesto malo st\u00e1le dos\u0165 zelene, stromov a\u00a0kvetov. Bike-sharing tu <strong>funguje u\u017e od leta 2016<\/strong> a\u00a0v\u00a0za\u010diatkoch prev\u00e1dzkovate\u013e usilovne h\u013eadal dostupn\u00e9 rie\u0161enia, ale uk\u00e1zalo sa, \u017ee zahrani\u010dn\u00e9 syst\u00e9my boli pr\u00edli\u0161 drah\u00e9, tak pri\u0161li so svojim vlastn\u00fdm n\u00e1padom a\u00a0ako \u010das uk\u00e1zal, bol dobr\u00fd, preto\u017ee \u00faspe\u0161ne funguje u\u017e nieko\u013eko rokov. Minul\u00fd rok sa zapojili aj do kampane \u2013 <strong>Na bicykli do obchodu<\/strong>.<\/p>\n<div data-rows=\"1\" id='gallery-1' class='gallery-rows-1 gallery galleryid-6241 gallery-columns-2 gallery-size-full'><figure class='gallery-item'>\n\t\t\t<div class='gallery-icon landscape'>\n\t\t\t\t<a href='https:\/\/d2p6e6u75xmxt8.cloudfront.net\/4\/2019\/02\/42784029_1034021256776715_515554538338385920_o.webp'><img loading=\"lazy\" decoding=\"async\" width=\"1200\" height=\"800\" src=\"https:\/\/d2p6e6u75xmxt8.cloudfront.net\/4\/2019\/02\/42784029_1034021256776715_515554538338385920_o.webp\" class=\"attachment-full size-full\" alt=\"\" srcset=\"https:\/\/d2p6e6u75xmxt8.cloudfront.net\/4\/2019\/02\/42784029_1034021256776715_515554538338385920_o.webp 1200w, https:\/\/d2p6e6u75xmxt8.cloudfront.net\/4\/2019\/02\/42784029_1034021256776715_515554538338385920_o-300x200.webp 300w, https:\/\/d2p6e6u75xmxt8.cloudfront.net\/4\/2019\/02\/42784029_1034021256776715_515554538338385920_o-1024x683.webp 1024w, https:\/\/d2p6e6u75xmxt8.cloudfront.net\/4\/2019\/02\/42784029_1034021256776715_515554538338385920_o-768x512.webp 768w, https:\/\/d2p6e6u75xmxt8.cloudfront.net\/4\/2019\/02\/42784029_1034021256776715_515554538338385920_o-272x182.webp 272w\" sizes=\"auto, (max-width: 1200px) 100vw, 1200px\" \/><\/a>\n\t\t\t<\/div><\/figure><figure class='gallery-item'>\n\t\t\t<div class='gallery-icon landscape'>\n\t\t\t\t<a href='https:\/\/d2p6e6u75xmxt8.cloudfront.net\/4\/2019\/02\/42788076_1034021193443388_3119975612316385280_o.webp'><img loading=\"lazy\" decoding=\"async\" width=\"1200\" height=\"800\" src=\"https:\/\/d2p6e6u75xmxt8.cloudfront.net\/4\/2019\/02\/42788076_1034021193443388_3119975612316385280_o.webp\" class=\"attachment-full size-full\" alt=\"\" srcset=\"https:\/\/d2p6e6u75xmxt8.cloudfront.net\/4\/2019\/02\/42788076_1034021193443388_3119975612316385280_o.webp 1200w, https:\/\/d2p6e6u75xmxt8.cloudfront.net\/4\/2019\/02\/42788076_1034021193443388_3119975612316385280_o-300x200.webp 300w, https:\/\/d2p6e6u75xmxt8.cloudfront.net\/4\/2019\/02\/42788076_1034021193443388_3119975612316385280_o-1024x683.webp 1024w, https:\/\/d2p6e6u75xmxt8.cloudfront.net\/4\/2019\/02\/42788076_1034021193443388_3119975612316385280_o-768x512.webp 768w, https:\/\/d2p6e6u75xmxt8.cloudfront.net\/4\/2019\/02\/42788076_1034021193443388_3119975612316385280_o-272x182.webp 272w\" sizes=\"auto, (max-width: 1200px) 100vw, 1200px\" \/><\/a>\n\t\t\t<\/div><\/figure>\n\t\t<\/div>\n        \n<p>&nbsp;<\/p>\n<h2><strong>Nitra &#8211; arriva.bike<\/strong><\/h2>\n<p>O\u00a0bike sharingu v\u00a0Nitre sme u\u017e p\u00edsali, ale zauj\u00edmavos\u0165ou je, \u017ee prev\u00e1dzkovate\u013e sa sna\u017e\u00ed dosta\u0165 bicykle aj do \u010fal\u0161\u00edch miest ako Trnava \u010di Bansk\u00e1 Bystrica, \u010do by nemusel by\u0165 probl\u00e9m, preto\u017ee cel\u00fd postup by mohol by\u0165 rovnak\u00fd ako Nitre, ke\u010f za\u010d\u00ednali na stanici, ako doplnok k\u00a0autobusovej doprave, ktorej sa spolo\u010dnos\u0165 Arriva prim\u00e1rne venuje.<\/p>\n<div data-rows=\"1\" id='gallery-2' class='gallery-rows-1 gallery galleryid-6241 gallery-columns-2 gallery-size-full'><figure class='gallery-item'>\n\t\t\t<div class='gallery-icon landscape'>\n\t\t\t\t<a href='https:\/\/d2p6e6u75xmxt8.cloudfront.net\/4\/2019\/02\/arrivabike_nitra2-1030x687-1.webp'><img loading=\"lazy\" decoding=\"async\" width=\"1200\" height=\"800\" src=\"https:\/\/d2p6e6u75xmxt8.cloudfront.net\/4\/2019\/02\/arrivabike_nitra2-1030x687-1.webp\" class=\"attachment-full size-full\" alt=\"\" srcset=\"https:\/\/d2p6e6u75xmxt8.cloudfront.net\/4\/2019\/02\/arrivabike_nitra2-1030x687-1.webp 1200w, https:\/\/d2p6e6u75xmxt8.cloudfront.net\/4\/2019\/02\/arrivabike_nitra2-1030x687-1-300x200.webp 300w, https:\/\/d2p6e6u75xmxt8.cloudfront.net\/4\/2019\/02\/arrivabike_nitra2-1030x687-1-1024x683.webp 1024w, https:\/\/d2p6e6u75xmxt8.cloudfront.net\/4\/2019\/02\/arrivabike_nitra2-1030x687-1-768x512.webp 768w, https:\/\/d2p6e6u75xmxt8.cloudfront.net\/4\/2019\/02\/arrivabike_nitra2-1030x687-1-272x182.webp 272w\" sizes=\"auto, (max-width: 1200px) 100vw, 1200px\" \/><\/a>\n\t\t\t<\/div><\/figure><figure class='gallery-item'>\n\t\t\t<div class='gallery-icon landscape'>\n\t\t\t\t<a href='https:\/\/d2p6e6u75xmxt8.cloudfront.net\/4\/2019\/02\/bike2-1030x687.webp'><img loading=\"lazy\" decoding=\"async\" width=\"1200\" height=\"800\" src=\"https:\/\/d2p6e6u75xmxt8.cloudfront.net\/4\/2019\/02\/bike2-1030x687.webp\" class=\"attachment-full size-full\" alt=\"\" srcset=\"https:\/\/d2p6e6u75xmxt8.cloudfront.net\/4\/2019\/02\/bike2-1030x687.webp 1200w, https:\/\/d2p6e6u75xmxt8.cloudfront.net\/4\/2019\/02\/bike2-1030x687-300x200.webp 300w, https:\/\/d2p6e6u75xmxt8.cloudfront.net\/4\/2019\/02\/bike2-1030x687-1024x683.webp 1024w, https:\/\/d2p6e6u75xmxt8.cloudfront.net\/4\/2019\/02\/bike2-1030x687-768x512.webp 768w, https:\/\/d2p6e6u75xmxt8.cloudfront.net\/4\/2019\/02\/bike2-1030x687-272x182.webp 272w\" sizes=\"auto, (max-width: 1200px) 100vw, 1200px\" \/><\/a>\n\t\t\t<\/div><\/figure>\n\t\t<\/div>\n        \n<div class=\"shortcode-ys-post-pinup\"><article class=\"loop-simple post-5980 post type-post status-publish format-standard has-post-thumbnail hentry category-urban-cyklistika tag-arriva-bike tag-bicyklovanie tag-bikesharing tag-cestna-cyklistika tag-cestny-bicykel tag-city tag-mesto tag-mestsky-bicykel tag-nitra tag-slovensko tag-urban\" data-postid=\"5980\" role=\"article\" data-post-id=\"5980\" data-word-count=\"284\" data-headline-length=\"47\" data-category=\"Urban cyklistika\" data-author=\"We Love Cycling\" data-published=\"2019-01-21T09:30:31+01:00\" data-published-day=\"Monday\">\n    <div class=\"entry-thumbnail article-thumbnail\" content=\"https:\/\/d2p6e6u75xmxt8.cloudfront.net\/4\/2019\/01\/titulka-3-150x150.webp\"><a href=\"https:\/\/www.welovecycling.com\/sk\/2019\/01\/21\/dalsia-uspesna-sezona-arriva-bike-v-nitre\/\" class=\"image-holder\" target=\"_self\"><img decoding=\"async\" loading=\"lazy\" class=\"\" src=\"https:\/\/d2p6e6u75xmxt8.cloudfront.net\/4\/2019\/01\/titulka-3-1024x445.webp\" srcset=\"https:\/\/d2p6e6u75xmxt8.cloudfront.net\/4\/2019\/01\/titulka-3.webp 1380w, https:\/\/d2p6e6u75xmxt8.cloudfront.net\/4\/2019\/01\/titulka-3-300x130.webp 300w, https:\/\/d2p6e6u75xmxt8.cloudfront.net\/4\/2019\/01\/titulka-3-1024x445.webp 1024w, https:\/\/d2p6e6u75xmxt8.cloudfront.net\/4\/2019\/01\/titulka-3-768x334.webp 768w\" width=\"1024\" height=\"445\" sizes=\"auto, (min-width: 1200px) 460px, (min-width: 768px) 38vw, 100vw\" alt=\"dalsia-uspesna-sezona-arriva-bike-v-nitre\"\/><\/a><\/div>    <div class=\"entry-meta\">\n        <a class=\"label label-secondary post-category\" href=\"https:\/\/www.welovecycling.com\/sk\/category\/urban-cyklistika\/\" title=\"Urban cyklistika\">Urban cyklistika<\/a>\n    <\/div>\n    <div class=\"entry-details\">\n        <a href=\"https:\/\/www.welovecycling.com\/sk\/2019\/01\/21\/dalsia-uspesna-sezona-arriva-bike-v-nitre\/\" class='entry-title-wrapper'>\n            <h3 class=\"entry-title\"><span>\u010eal\u0161ia \u00faspe\u0161n\u00e1 sez\u00f3na arriva.bike v Nitre<\/span><\/h3>\n        <\/a>\n    <\/div>\n    <\/article>\n<\/div>\n<h2><strong>Bratislava &#8211; Slovnaft BAjk<\/strong><\/h2>\n<p>Ke\u010f\u017ee sa jedn\u00e1 o\u00a0dopravu v\u00a0na\u0161om hlavnom meste, je ich slogan ve\u013emi trefn\u00fd \u2013 <em>&#8222;Cestujte po Bratislave bez starost\u00ed s\u00a0parkovan\u00edm a\u00a0bez tr\u010dania v\u00a0z\u00e1pche&#8220;<\/em>. To s\u00fa presne dva hlavn\u00e9 dopravn\u00e9 probl\u00e9my, ktor\u00e9 \u010di u\u017e pri n\u00e1v\u0161teve Bratislavy, alebo po\u010das akt\u00edvneho \u017eivota v\u00a0nej, m\u00e1te. A\u00a0skuto\u010dne, bike-sharing je skvel\u00fdm rie\u0161en\u00edm. V\u00a0s\u00fa\u010dasnej dobe je prev\u00e1dzke 88 dokovac\u00edch stan\u00edc, dokonca aj v\u00a0okrajov\u00fdch \u010dastiach mesta. Bicykle s\u00fa po\u010das sez\u00f3ny naplno vyu\u017e\u00edvan\u00e9 a\u00a0neraz sa stane, \u017ee niektor\u00e9 stanice s\u00fa doslova pr\u00e1zdne.<\/p>\n<div data-rows=\"1\" id='gallery-3' class='gallery-rows-1 gallery galleryid-5980 gallery-columns-2 gallery-size-full'><figure class='gallery-item'>\n\t\t\t<div class='gallery-icon landscape'>\n\t\t\t\t<a href='https:\/\/d2p6e6u75xmxt8.cloudfront.net\/4\/2019\/02\/41210515_2351863561520591_5663460806990233600_o.webp'><img loading=\"lazy\" decoding=\"async\" width=\"1200\" height=\"800\" src=\"https:\/\/d2p6e6u75xmxt8.cloudfront.net\/4\/2019\/02\/41210515_2351863561520591_5663460806990233600_o.webp\" class=\"attachment-full size-full\" alt=\"\" srcset=\"https:\/\/d2p6e6u75xmxt8.cloudfront.net\/4\/2019\/02\/41210515_2351863561520591_5663460806990233600_o.webp 1200w, https:\/\/d2p6e6u75xmxt8.cloudfront.net\/4\/2019\/02\/41210515_2351863561520591_5663460806990233600_o-300x200.webp 300w, https:\/\/d2p6e6u75xmxt8.cloudfront.net\/4\/2019\/02\/41210515_2351863561520591_5663460806990233600_o-1024x683.webp 1024w, https:\/\/d2p6e6u75xmxt8.cloudfront.net\/4\/2019\/02\/41210515_2351863561520591_5663460806990233600_o-768x512.webp 768w, https:\/\/d2p6e6u75xmxt8.cloudfront.net\/4\/2019\/02\/41210515_2351863561520591_5663460806990233600_o-272x182.webp 272w\" sizes=\"auto, (max-width: 1200px) 100vw, 1200px\" \/><\/a>\n\t\t\t<\/div><\/figure><figure class='gallery-item'>\n\t\t\t<div class='gallery-icon landscape'>\n\t\t\t\t<a href='https:\/\/d2p6e6u75xmxt8.cloudfront.net\/4\/2019\/02\/41239157_2351863111520636_1001821355382931456_o.webp'><img loading=\"lazy\" decoding=\"async\" width=\"1200\" height=\"800\" src=\"https:\/\/d2p6e6u75xmxt8.cloudfront.net\/4\/2019\/02\/41239157_2351863111520636_1001821355382931456_o.webp\" class=\"attachment-full size-full\" alt=\"\" srcset=\"https:\/\/d2p6e6u75xmxt8.cloudfront.net\/4\/2019\/02\/41239157_2351863111520636_1001821355382931456_o.webp 1200w, https:\/\/d2p6e6u75xmxt8.cloudfront.net\/4\/2019\/02\/41239157_2351863111520636_1001821355382931456_o-300x200.webp 300w, https:\/\/d2p6e6u75xmxt8.cloudfront.net\/4\/2019\/02\/41239157_2351863111520636_1001821355382931456_o-1024x683.webp 1024w, https:\/\/d2p6e6u75xmxt8.cloudfront.net\/4\/2019\/02\/41239157_2351863111520636_1001821355382931456_o-768x512.webp 768w, https:\/\/d2p6e6u75xmxt8.cloudfront.net\/4\/2019\/02\/41239157_2351863111520636_1001821355382931456_o-272x182.webp 272w\" sizes=\"auto, (max-width: 1200px) 100vw, 1200px\" \/><\/a>\n\t\t\t<\/div><\/figure>\n\t\t<\/div>\n        \n<div class=\"shortcode-ys-post-pinup\"><article class=\"loop-simple post-5352 post type-post status-publish format-standard has-post-thumbnail hentry category-urban-cyklistika tag-bicyklovanie tag-bikesharing tag-bratislava tag-cesta tag-mesto tag-mestsky-bicykel tag-slovensko tag-slovnaft tag-slovnaft-bajk tag-urban\" data-postid=\"5352\" role=\"article\" data-post-id=\"5352\" data-word-count=\"365\" data-headline-length=\"39\" data-category=\"Urban cyklistika\" data-author=\"We Love Cycling\" data-published=\"2018-11-08T10:50:07+01:00\" data-published-day=\"Thursday\">\n    <div class=\"entry-thumbnail article-thumbnail\" content=\"https:\/\/d2p6e6u75xmxt8.cloudfront.net\/4\/2018\/11\/00-150x150.webp\"><a href=\"https:\/\/www.welovecycling.com\/sk\/2018\/11\/08\/ako-to-vyzera-so-slovnaft-bajkom-dnes\/\" class=\"image-holder\" target=\"_self\"><img decoding=\"async\" loading=\"lazy\" class=\"\" src=\"https:\/\/d2p6e6u75xmxt8.cloudfront.net\/4\/2018\/11\/00-1024x445.webp\" srcset=\"https:\/\/d2p6e6u75xmxt8.cloudfront.net\/4\/2018\/11\/00.webp 1380w, https:\/\/d2p6e6u75xmxt8.cloudfront.net\/4\/2018\/11\/00-300x130.webp 300w, https:\/\/d2p6e6u75xmxt8.cloudfront.net\/4\/2018\/11\/00-1024x445.webp 1024w, https:\/\/d2p6e6u75xmxt8.cloudfront.net\/4\/2018\/11\/00-768x334.webp 768w\" width=\"1024\" height=\"445\" sizes=\"auto, (min-width: 1200px) 460px, (min-width: 768px) 38vw, 100vw\" alt=\"ako-to-vyzera-so-slovnaft-bajkom-dnes\"\/><\/a><\/div>    <div class=\"entry-meta\">\n        <a class=\"label label-secondary post-category\" href=\"https:\/\/www.welovecycling.com\/sk\/category\/urban-cyklistika\/\" title=\"Urban cyklistika\">Urban cyklistika<\/a>\n    <\/div>\n    <div class=\"entry-details\">\n        <a href=\"https:\/\/www.welovecycling.com\/sk\/2018\/11\/08\/ako-to-vyzera-so-slovnaft-bajkom-dnes\/\" class='entry-title-wrapper'>\n            <h3 class=\"entry-title\"><span>Ako to vyzer\u00e1 so Slovnaft BAjkom dnes?<\/span><\/h3>\n        <\/a>\n    <\/div>\n    <\/article>\n<\/div>\n<h2><strong>Trnava \u2013 Arboria bike<\/strong><\/h2>\n<p>V\u00a0auguste minul\u00e9ho roku za\u010dali v\u00a0Trnave registrova\u0165 prv\u00fdch z\u00e1ujemcov o\u00a0testovanie syst\u00e9mu zdie\u013ean\u00fdch bicyklov. O\u00a0mesiac nesk\u00f4r dali do pou\u017e\u00edvania 40 bicyklov na dvadsiatich stanovi\u0161tiach. V\u00a0tomto pr\u00edpade sa v\u0161ak jednalo o\u00a0elektrobicykle, \u010do by mohli oceni\u0165 aj star\u0161\u00ed obyvatelia mesta, napr\u00edklad pri n\u00e1kupoch. Uvid\u00edme, ako mesto vyhodnot\u00ed <strong>sk\u00fa\u0161obn\u00fa prev\u00e1dzku<\/strong> a\u00a0\u010di sa tento rok mesta m\u00f4\u017eu te\u0161i\u0165 na nov\u00fa slu\u017ebu. Ka\u017edop\u00e1dne im dr\u017e\u00edme palce.<\/p>\n<div id='gallery-4' class='gallery galleryid-5352 gallery-columns-2 gallery-size-full'><figure class='gallery-item'>\n\t\t\t<div class='gallery-icon landscape'>\n\t\t\t\t<a href='https:\/\/d2p6e6u75xmxt8.cloudfront.net\/4\/2019\/02\/41259153_10155779328133441_7190608636073213952_o.webp'><img loading=\"lazy\" decoding=\"async\" width=\"1200\" height=\"800\" src=\"https:\/\/d2p6e6u75xmxt8.cloudfront.net\/4\/2019\/02\/41259153_10155779328133441_7190608636073213952_o.webp\" class=\"attachment-full size-full\" alt=\"\" srcset=\"https:\/\/d2p6e6u75xmxt8.cloudfront.net\/4\/2019\/02\/41259153_10155779328133441_7190608636073213952_o.webp 1200w, https:\/\/d2p6e6u75xmxt8.cloudfront.net\/4\/2019\/02\/41259153_10155779328133441_7190608636073213952_o-300x200.webp 300w, https:\/\/d2p6e6u75xmxt8.cloudfront.net\/4\/2019\/02\/41259153_10155779328133441_7190608636073213952_o-1024x683.webp 1024w, https:\/\/d2p6e6u75xmxt8.cloudfront.net\/4\/2019\/02\/41259153_10155779328133441_7190608636073213952_o-768x512.webp 768w, https:\/\/d2p6e6u75xmxt8.cloudfront.net\/4\/2019\/02\/41259153_10155779328133441_7190608636073213952_o-272x182.webp 272w\" sizes=\"auto, (max-width: 1200px) 100vw, 1200px\" \/><\/a>\n\t\t\t<\/div><\/figure><figure class='gallery-item'>\n\t\t\t<div class='gallery-icon landscape'>\n\t\t\t\t<a href='https:\/\/d2p6e6u75xmxt8.cloudfront.net\/4\/2019\/02\/43222150_10155838296388441_4667138062013169664_o.webp'><img loading=\"lazy\" decoding=\"async\" width=\"1200\" height=\"800\" src=\"https:\/\/d2p6e6u75xmxt8.cloudfront.net\/4\/2019\/02\/43222150_10155838296388441_4667138062013169664_o.webp\" class=\"attachment-full size-full\" alt=\"\" srcset=\"https:\/\/d2p6e6u75xmxt8.cloudfront.net\/4\/2019\/02\/43222150_10155838296388441_4667138062013169664_o.webp 1200w, https:\/\/d2p6e6u75xmxt8.cloudfront.net\/4\/2019\/02\/43222150_10155838296388441_4667138062013169664_o-300x200.webp 300w, https:\/\/d2p6e6u75xmxt8.cloudfront.net\/4\/2019\/02\/43222150_10155838296388441_4667138062013169664_o-1024x683.webp 1024w, https:\/\/d2p6e6u75xmxt8.cloudfront.net\/4\/2019\/02\/43222150_10155838296388441_4667138062013169664_o-768x512.webp 768w, https:\/\/d2p6e6u75xmxt8.cloudfront.net\/4\/2019\/02\/43222150_10155838296388441_4667138062013169664_o-272x182.webp 272w\" sizes=\"auto, (max-width: 1200px) 100vw, 1200px\" \/><\/a>\n\t\t\t<\/div><\/figure>\n\t\t<\/div>\n\n<p>&nbsp;<\/p>\n<h2><strong>\u017dilina &#8211; BikeKIA<\/strong><\/h2>\n<p>Po\u010det cyklistov ka\u017edoro\u010dne st\u00fapa, a to aj v\u010faka popularite Petra Sagana, rod\u00e1ka pr\u00e1ve zo \u017diliny. Jar sa v tomto meste bude nies\u0165 v znamen\u00ed bicyklov, preto\u017ee spolo\u010dnos\u0165 KIA sp\u00fa\u0161\u0165a <strong>prv\u00fd bike-sharing v meste<\/strong>. Pripraven\u00fdch bude 120 bicyklov na dvadsiatich v\u00fdpo\u017ei\u010dn\u00fdch miestach. Nad\u00e1cia KIA Motors vznikla v roku 2013 a odvtedy u\u017e pote\u0161ila cyklonad\u0161encov v\u00fdstavbou cyklotr\u00e1s, cyklo-pr\u00edstre\u0161kov, ale aj pumptrackovou dr\u00e1hou na Vodnom diele. V spolupr\u00e1ci s mestom chystaj\u00fa spolu so spusten\u00edm sez\u00f3ny aj atrakt\u00edvnu ponuku a <strong>po\u017ei\u010danie bicykla na jednu hodinu bude zadarmo<\/strong>.<\/p>\n<div data-rows=\"1\" id='gallery-5' class='gallery-rows-1 gallery galleryid-5352 gallery-columns-2 gallery-size-full'><figure class='gallery-item'>\n\t\t\t<div class='gallery-icon landscape'>\n\t\t\t\t<a href='https:\/\/d2p6e6u75xmxt8.cloudfront.net\/4\/2019\/02\/DSC0672-1030x688.webp'><img loading=\"lazy\" decoding=\"async\" width=\"1200\" height=\"800\" src=\"https:\/\/d2p6e6u75xmxt8.cloudfront.net\/4\/2019\/02\/DSC0672-1030x688.webp\" class=\"attachment-full size-full\" alt=\"\" srcset=\"https:\/\/d2p6e6u75xmxt8.cloudfront.net\/4\/2019\/02\/DSC0672-1030x688.webp 1200w, https:\/\/d2p6e6u75xmxt8.cloudfront.net\/4\/2019\/02\/DSC0672-1030x688-300x200.webp 300w, https:\/\/d2p6e6u75xmxt8.cloudfront.net\/4\/2019\/02\/DSC0672-1030x688-1024x683.webp 1024w, https:\/\/d2p6e6u75xmxt8.cloudfront.net\/4\/2019\/02\/DSC0672-1030x688-768x512.webp 768w, https:\/\/d2p6e6u75xmxt8.cloudfront.net\/4\/2019\/02\/DSC0672-1030x688-272x182.webp 272w\" sizes=\"auto, (max-width: 1200px) 100vw, 1200px\" \/><\/a>\n\t\t\t<\/div><\/figure><figure class='gallery-item'>\n\t\t\t<div class='gallery-icon landscape'>\n\t\t\t\t<a href='https:\/\/d2p6e6u75xmxt8.cloudfront.net\/4\/2019\/02\/zilina_2-1.webp'><img loading=\"lazy\" decoding=\"async\" width=\"1200\" height=\"800\" src=\"https:\/\/d2p6e6u75xmxt8.cloudfront.net\/4\/2019\/02\/zilina_2-1.webp\" class=\"attachment-full size-full\" alt=\"\" srcset=\"https:\/\/d2p6e6u75xmxt8.cloudfront.net\/4\/2019\/02\/zilina_2-1.webp 1200w, https:\/\/d2p6e6u75xmxt8.cloudfront.net\/4\/2019\/02\/zilina_2-1-300x200.webp 300w, https:\/\/d2p6e6u75xmxt8.cloudfront.net\/4\/2019\/02\/zilina_2-1-1024x683.webp 1024w, https:\/\/d2p6e6u75xmxt8.cloudfront.net\/4\/2019\/02\/zilina_2-1-768x512.webp 768w, https:\/\/d2p6e6u75xmxt8.cloudfront.net\/4\/2019\/02\/zilina_2-1-272x182.webp 272w\" sizes=\"auto, (max-width: 1200px) 100vw, 1200px\" \/><\/a>\n\t\t\t<\/div><\/figure>\n\t\t<\/div>\n        \n<p>&nbsp;<\/p>\n<h2><strong>Ko\u0161ice &#8211; nie v\u017edy sa to podar\u00ed<\/strong><\/h2>\n<p>Ko\u0161ice u\u017e maj\u00fa za sebou <strong>nieko\u013eko ne\u00faspe\u0161n\u00fdch pokusov o bike-sharing v meste<\/strong>. O jeden z nich sa pok\u00fa\u0161ala spolo\u010dnos\u0165 Antik, ktor\u00e1 sa zaober\u00e1 okrem in\u00e9ho aj predajom skladac\u00edch e-bikov. Druh\u00fdm pokusom bol projekt \u017eelezn\u00edc, ktor\u00fd v s\u00fa\u010dasnej dobe \u010dak\u00e1 na podporu z fondov. Z\u00e1ujemcov o slu\u017ebu zdie\u013ean\u00fdch bicyklov je v\u0161ak zd\u00e1 sa viac a obyvatelia mesta si bud\u00fa musie\u0165 po\u010dka\u0165, ako sa situ\u00e1cia vyvinie. Ost\u00e1va len d\u00fafa\u0165, \u017ee s novou sez\u00f3nou u\u017e nebud\u00fa musie\u0165 po meste jazdi\u0165 len na vlastn\u00fdch bicykloch.<\/p>\n<div class=\"shortcode-ys-post-pinup\"><article class=\"loop-simple post-6487 post type-post status-publish format-standard has-post-thumbnail hentry category-urban-cyklistika tag-arboria-bike tag-arriva-bike tag-bezpecnost tag-bikekia tag-bikesharing tag-cesta tag-cestna-cyklistika tag-cestny-bicykel tag-francuzsko tag-mesto tag-mestsky-bicykel tag-mobilita tag-reklama tag-slovensko tag-slovnaft-bajk tag-zeleny-bicykel\" data-postid=\"6487\" role=\"article\" data-post-id=\"6487\" data-word-count=\"817\" data-headline-length=\"40\" data-category=\"Urban cyklistika\" data-author=\"Siegfried Mortkowitz\" data-published=\"2019-03-12T09:45:58+01:00\" data-published-day=\"Tuesday\">\n    <div class=\"entry-thumbnail article-thumbnail\" content=\"https:\/\/d2p6e6u75xmxt8.cloudfront.net\/4\/2019\/03\/Velib-Bikesharing-Paris-profimedia-0012654168-150x150.webp\"><a href=\"https:\/\/www.welovecycling.com\/sk\/2019\/03\/12\/je-bike-sharing-financne-udrzatelny\/\" class=\"image-holder\" target=\"_self\"><img decoding=\"async\" loading=\"lazy\" class=\"\" src=\"https:\/\/d2p6e6u75xmxt8.cloudfront.net\/4\/2019\/03\/Velib-Bikesharing-Paris-profimedia-0012654168-1024x450.webp\" srcset=\"https:\/\/d2p6e6u75xmxt8.cloudfront.net\/4\/2019\/03\/Velib-Bikesharing-Paris-profimedia-0012654168.webp 1366w, https:\/\/d2p6e6u75xmxt8.cloudfront.net\/4\/2019\/03\/Velib-Bikesharing-Paris-profimedia-0012654168-300x132.webp 300w, https:\/\/d2p6e6u75xmxt8.cloudfront.net\/4\/2019\/03\/Velib-Bikesharing-Paris-profimedia-0012654168-1024x450.webp 1024w, https:\/\/d2p6e6u75xmxt8.cloudfront.net\/4\/2019\/03\/Velib-Bikesharing-Paris-profimedia-0012654168-768x337.webp 768w\" width=\"1024\" height=\"450\" sizes=\"auto, (min-width: 1200px) 456px, (min-width: 768px) 38vw, 100vw\" alt=\"je-bike-sharing-financne-udrzatelny\"\/><\/a><\/div>    <div class=\"entry-meta\">\n        <a class=\"label label-secondary post-category\" href=\"https:\/\/www.welovecycling.com\/sk\/category\/urban-cyklistika\/\" title=\"Urban cyklistika\">Urban cyklistika<\/a>\n    <\/div>\n    <div class=\"entry-details\">\n        <a href=\"https:\/\/www.welovecycling.com\/sk\/2019\/03\/12\/je-bike-sharing-financne-udrzatelny\/\" class='entry-title-wrapper'>\n            <h3 class=\"entry-title\"><span>Je bike-sharing finan\u010dne udr\u017eate\u013en\u00fd?<\/span><\/h3>\n        <\/a>\n    <\/div>\n    <\/article>\n<\/div>\n<h2><strong>Na z\u00e1ver<\/strong><\/h2>\n<p>Pre\u010do pou\u017e\u00edva\u0165 bike-sharing? \u010ci u\u017e je to pre z\u00e1bavu, pre svoje zdravie, alebo aby sme mali \u010distej\u0161\u00ed vzduch, menej hluku a\u00a0pokojnej\u0161ie centr\u00e1 miest. V\u00a0ka\u017edom pr\u00edpade ost\u00e1va d\u00fafa\u0165, \u017ee bicykle sa stan\u00fa v\u00a0mest\u00e1ch \u010doraz ob\u013e\u00fabenej\u0161ie, a\u00a0\u017ee raz to aj u\u00a0n\u00e1s bude vyzera\u0165 ako v svetov\u00fdch metropol\u00e1ch, ktor\u00e9 s\u00fa pln\u00e9 cyklistov. Bicykel je plnohodnotnou alternat\u00edvou a\u00a0dopravn\u00fdm prostriedkom, ktor\u00fd si ur\u010dite mnoho \u013eud\u00ed ob\u013e\u00fabi a\u00a0nebude pre nich len spomienkou na detstvo.<\/p>\n","protected":false},"excerpt":{"rendered":"<p>Viete o\u00a0tom, \u017ee nemus\u00edte v\u00f4bec vlastni\u0165 bicykel a\u00a0napriek tomu sa m\u00f4\u017eete denne bicyklova\u0165? Je pravda, \u017ee to by bol trochu [&hellip;]<\/p>\n","protected":false},"author":38,"featured_media":6363,"comment_status":"open","ping_status":"open","sticky":false,"template":"","format":"standard","meta":{"footnotes":""},"categories":[604],"tags":[818,771,817,524,521,275,115,261,691,525,596,770,523,527,820,614,183,819,821],"global-categories":[],"class_list":["post-6241","post","type-post","status-publish","format-standard","has-post-thumbnail","hentry","category-urban-cyklistika","tag-arboria-bike","tag-arriva-bike","tag-bikekia","tag-bikesharing","tag-bratislava","tag-cesta","tag-cestna-cyklistika","tag-ebike","tag-elektrobicykel","tag-mesto","tag-mestsky-bicykel","tag-nitra","tag-slovensko","tag-slovnaft-bajk","tag-trnava","tag-urban","tag-zabava","tag-zeleny-bicykel","tag-zilina"],"yoast_head":"<!-- This site is optimized with the Yoast SEO Premium plugin v25.3 (Yoast SEO v25.9) - https:\/\/yoast.com\/wordpress\/plugins\/seo\/ -->\n<title>Ako sa dar\u00ed bike-sharingu v slovensk\u00fdch mest\u00e1ch? - \u0160koda We Love Cycling Slovensko<\/title>\n<meta name=\"robots\" content=\"index, follow, max-snippet:-1, max-image-preview:large, max-video-preview:-1\" \/>\n<link rel=\"canonical\" href=\"https:\/\/www.welovecycling.com\/sk\/2019\/03\/18\/bikesharing-na-slovensku\/\" \/>\n<meta property=\"og:locale\" content=\"sk_SK\" \/>\n<meta property=\"og:type\" content=\"article\" \/>\n<meta property=\"og:title\" content=\"Ako sa dar\u00ed bike-sharingu v slovensk\u00fdch mest\u00e1ch?\" \/>\n<meta property=\"og:description\" content=\"Viete o\u00a0tom, \u017ee nemus\u00edte v\u00f4bec vlastni\u0165 bicykel a\u00a0napriek tomu sa m\u00f4\u017eete denne bicyklova\u0165? Je pravda, \u017ee to by bol trochu [&hellip;]\" \/>\n<meta property=\"og:url\" content=\"https:\/\/www.welovecycling.com\/sk\/2019\/03\/18\/bikesharing-na-slovensku\/\" \/>\n<meta property=\"og:site_name\" content=\"\u0160koda We Love Cycling Slovensko\" \/>\n<meta property=\"article:published_time\" content=\"2019-03-18T09:27:48+00:00\" \/>\n<meta property=\"og:image\" content=\"https:\/\/d2p6e6u75xmxt8.cloudfront.net\/4\/2019\/02\/44161773_1044312629080911_8996582520787042304_o-1.webp\" \/>\n\t<meta property=\"og:image:width\" content=\"1380\" \/>\n\t<meta property=\"og:image:height\" content=\"600\" \/>\n\t<meta property=\"og:image:type\" content=\"image\/webp\" \/>\n<meta name=\"author\" content=\"Ondrej Ga\u0161par\" \/>\n<meta name=\"twitter:card\" content=\"summary_large_image\" \/>\n<meta name=\"twitter:label1\" content=\"Written by\" \/>\n\t<meta name=\"twitter:data1\" content=\"Siegfried Mortkowitz\" \/>\n\t<meta name=\"twitter:label2\" content=\"Est. reading time\" \/>\n\t<meta name=\"twitter:data2\" content=\"8\" \/>\n<script type=\"application\/ld+json\" class=\"yoast-schema-graph\">{\"@context\":\"https:\/\/schema.org\",\"@graph\":[{\"@type\":\"WebPage\",\"@id\":\"https:\/\/www.welovecycling.com\/sk\/2019\/03\/18\/bikesharing-na-slovensku\/\",\"url\":\"https:\/\/www.welovecycling.com\/sk\/2019\/03\/18\/bikesharing-na-slovensku\/\",\"name\":\"Ako sa dar\u00ed bike-sharingu v slovensk\u00fdch mest\u00e1ch? - \u0160koda We Love Cycling Slovensko\",\"isPartOf\":{\"@id\":\"https:\/\/www.welovecycling.com\/sk\/#website\"},\"primaryImageOfPage\":{\"@id\":\"https:\/\/www.welovecycling.com\/sk\/2019\/03\/18\/bikesharing-na-slovensku\/#primaryimage\"},\"image\":{\"@id\":\"https:\/\/www.welovecycling.com\/sk\/2019\/03\/18\/bikesharing-na-slovensku\/#primaryimage\"},\"thumbnailUrl\":\"https:\/\/d2p6e6u75xmxt8.cloudfront.net\/4\/2019\/02\/44161773_1044312629080911_8996582520787042304_o-1.webp\",\"datePublished\":\"2019-03-18T09:27:48+00:00\",\"author\":{\"@id\":\"https:\/\/www.welovecycling.com\/sk\/#\/schema\/person\/8ee09ba39b7e25b1870160aa5b3a89bc\"},\"breadcrumb\":{\"@id\":\"https:\/\/www.welovecycling.com\/sk\/2019\/03\/18\/bikesharing-na-slovensku\/#breadcrumb\"},\"inLanguage\":\"sk-SK\",\"potentialAction\":[{\"@type\":\"ReadAction\",\"target\":[\"https:\/\/www.welovecycling.com\/sk\/2019\/03\/18\/bikesharing-na-slovensku\/\"]}]},{\"@type\":\"ImageObject\",\"inLanguage\":\"sk-SK\",\"@id\":\"https:\/\/www.welovecycling.com\/sk\/2019\/03\/18\/bikesharing-na-slovensku\/#primaryimage\",\"url\":\"https:\/\/d2p6e6u75xmxt8.cloudfront.net\/4\/2019\/02\/44161773_1044312629080911_8996582520787042304_o-1.webp\",\"contentUrl\":\"https:\/\/d2p6e6u75xmxt8.cloudfront.net\/4\/2019\/02\/44161773_1044312629080911_8996582520787042304_o-1.webp\",\"width\":1380,\"height\":600},{\"@type\":\"BreadcrumbList\",\"@id\":\"https:\/\/www.welovecycling.com\/sk\/2019\/03\/18\/bikesharing-na-slovensku\/#breadcrumb\",\"itemListElement\":[{\"@type\":\"ListItem\",\"position\":1,\"name\":\"Home\",\"item\":\"https:\/\/www.welovecycling.com\/sk\/\"},{\"@type\":\"ListItem\",\"position\":2,\"name\":\"Ako sa dar\u00ed bike-sharingu v slovensk\u00fdch mest\u00e1ch?\"}]},{\"@type\":\"WebSite\",\"@id\":\"https:\/\/www.welovecycling.com\/sk\/#website\",\"url\":\"https:\/\/www.welovecycling.com\/sk\/\",\"name\":\"\u0160koda We Love Cycling Slovensko\",\"description\":\"\u0160koda We Love Cycling Slovensko je v\u00e1\u0161 ka\u017edodenn\u00fd zdroj noviniek a in\u0161pir\u00e1cie z sveta cyklistiky\",\"potentialAction\":[{\"@type\":\"SearchAction\",\"target\":{\"@type\":\"EntryPoint\",\"urlTemplate\":\"https:\/\/www.welovecycling.com\/sk\/?s={search_term_string}\"},\"query-input\":{\"@type\":\"PropertyValueSpecification\",\"valueRequired\":true,\"valueName\":\"search_term_string\"}}],\"inLanguage\":\"sk-SK\"},{\"@type\":\"Person\",\"@id\":\"https:\/\/www.welovecycling.com\/sk\/#\/schema\/person\/8ee09ba39b7e25b1870160aa5b3a89bc\",\"name\":\"Ondrej Ga\u0161par\",\"image\":{\"@type\":\"ImageObject\",\"inLanguage\":\"sk-SK\",\"@id\":\"https:\/\/www.welovecycling.com\/sk\/#\/schema\/person\/image\/\",\"url\":\"https:\/\/secure.gravatar.com\/avatar\/6126c9afb87b70da5abbb083ddbb21933da15f18f8ca7cb822aba0fb096a48f6?s=96&d=mm&r=g\",\"contentUrl\":\"https:\/\/secure.gravatar.com\/avatar\/6126c9afb87b70da5abbb083ddbb21933da15f18f8ca7cb822aba0fb096a48f6?s=96&d=mm&r=g\",\"caption\":\"Ondrej Ga\u0161par\"},\"url\":\"https:\/\/www.welovecycling.com\/sk\/author\/ondrejgaspar\/\"}]}<\/script>\n<!-- \/ Yoast SEO Premium plugin. -->","yoast_head_json":{"title":"Ako sa dar\u00ed bike-sharingu v slovensk\u00fdch mest\u00e1ch? - \u0160koda We Love Cycling Slovensko","robots":{"index":"index","follow":"follow","max-snippet":"max-snippet:-1","max-image-preview":"max-image-preview:large","max-video-preview":"max-video-preview:-1"},"canonical":"https:\/\/www.welovecycling.com\/sk\/2019\/03\/18\/bikesharing-na-slovensku\/","og_locale":"sk_SK","og_type":"article","og_title":"Ako sa dar\u00ed bike-sharingu v slovensk\u00fdch mest\u00e1ch?","og_description":"Viete o\u00a0tom, \u017ee nemus\u00edte v\u00f4bec vlastni\u0165 bicykel a\u00a0napriek tomu sa m\u00f4\u017eete denne bicyklova\u0165? Je pravda, \u017ee to by bol trochu [&hellip;]","og_url":"https:\/\/www.welovecycling.com\/sk\/2019\/03\/18\/bikesharing-na-slovensku\/","og_site_name":"\u0160koda We Love Cycling Slovensko","article_published_time":"2019-03-18T09:27:48+00:00","og_image":[{"width":1380,"height":600,"url":"https:\/\/d2p6e6u75xmxt8.cloudfront.net\/4\/2019\/02\/44161773_1044312629080911_8996582520787042304_o-1.webp","type":"image\/webp"}],"author":"Ondrej Ga\u0161par","twitter_card":"summary_large_image","twitter_misc":{"Written by":"Siegfried Mortkowitz","Est. reading time":"8"},"schema":{"@context":"https:\/\/schema.org","@graph":[{"@type":"WebPage","@id":"https:\/\/www.welovecycling.com\/sk\/2019\/03\/18\/bikesharing-na-slovensku\/","url":"https:\/\/www.welovecycling.com\/sk\/2019\/03\/18\/bikesharing-na-slovensku\/","name":"Ako sa dar\u00ed bike-sharingu v slovensk\u00fdch mest\u00e1ch? - \u0160koda We Love Cycling Slovensko","isPartOf":{"@id":"https:\/\/www.welovecycling.com\/sk\/#website"},"primaryImageOfPage":{"@id":"https:\/\/www.welovecycling.com\/sk\/2019\/03\/18\/bikesharing-na-slovensku\/#primaryimage"},"image":{"@id":"https:\/\/www.welovecycling.com\/sk\/2019\/03\/18\/bikesharing-na-slovensku\/#primaryimage"},"thumbnailUrl":"https:\/\/d2p6e6u75xmxt8.cloudfront.net\/4\/2019\/02\/44161773_1044312629080911_8996582520787042304_o-1.webp","datePublished":"2019-03-18T09:27:48+00:00","author":{"@id":"https:\/\/www.welovecycling.com\/sk\/#\/schema\/person\/8ee09ba39b7e25b1870160aa5b3a89bc"},"breadcrumb":{"@id":"https:\/\/www.welovecycling.com\/sk\/2019\/03\/18\/bikesharing-na-slovensku\/#breadcrumb"},"inLanguage":"sk-SK","potentialAction":[{"@type":"ReadAction","target":["https:\/\/www.welovecycling.com\/sk\/2019\/03\/18\/bikesharing-na-slovensku\/"]}]},{"@type":"ImageObject","inLanguage":"sk-SK","@id":"https:\/\/www.welovecycling.com\/sk\/2019\/03\/18\/bikesharing-na-slovensku\/#primaryimage","url":"https:\/\/d2p6e6u75xmxt8.cloudfront.net\/4\/2019\/02\/44161773_1044312629080911_8996582520787042304_o-1.webp","contentUrl":"https:\/\/d2p6e6u75xmxt8.cloudfront.net\/4\/2019\/02\/44161773_1044312629080911_8996582520787042304_o-1.webp","width":1380,"height":600},{"@type":"BreadcrumbList","@id":"https:\/\/www.welovecycling.com\/sk\/2019\/03\/18\/bikesharing-na-slovensku\/#breadcrumb","itemListElement":[{"@type":"ListItem","position":1,"name":"Home","item":"https:\/\/www.welovecycling.com\/sk\/"},{"@type":"ListItem","position":2,"name":"Ako sa dar\u00ed bike-sharingu v slovensk\u00fdch mest\u00e1ch?"}]},{"@type":"WebSite","@id":"https:\/\/www.welovecycling.com\/sk\/#website","url":"https:\/\/www.welovecycling.com\/sk\/","name":"\u0160koda We Love Cycling Slovensko","description":"\u0160koda We Love Cycling Slovensko je v\u00e1\u0161 ka\u017edodenn\u00fd zdroj noviniek a in\u0161pir\u00e1cie z sveta cyklistiky","potentialAction":[{"@type":"SearchAction","target":{"@type":"EntryPoint","urlTemplate":"https:\/\/www.welovecycling.com\/sk\/?s={search_term_string}"},"query-input":{"@type":"PropertyValueSpecification","valueRequired":true,"valueName":"search_term_string"}}],"inLanguage":"sk-SK"},{"@type":"Person","@id":"https:\/\/www.welovecycling.com\/sk\/#\/schema\/person\/8ee09ba39b7e25b1870160aa5b3a89bc","name":"Ondrej Ga\u0161par","image":{"@type":"ImageObject","inLanguage":"sk-SK","@id":"https:\/\/www.welovecycling.com\/sk\/#\/schema\/person\/image\/","url":"https:\/\/secure.gravatar.com\/avatar\/6126c9afb87b70da5abbb083ddbb21933da15f18f8ca7cb822aba0fb096a48f6?s=96&d=mm&r=g","contentUrl":"https:\/\/secure.gravatar.com\/avatar\/6126c9afb87b70da5abbb083ddbb21933da15f18f8ca7cb822aba0fb096a48f6?s=96&d=mm&r=g","caption":"Ondrej Ga\u0161par"},"url":"https:\/\/www.welovecycling.com\/sk\/author\/ondrejgaspar\/"}]}},"_links":{"self":[{"href":"https:\/\/www.welovecycling.com\/sk\/wp-json\/wp\/v2\/posts\/6241","targetHints":{"allow":["GET"]}}],"collection":[{"href":"https:\/\/www.welovecycling.com\/sk\/wp-json\/wp\/v2\/posts"}],"about":[{"href":"https:\/\/www.welovecycling.com\/sk\/wp-json\/wp\/v2\/types\/post"}],"author":[{"embeddable":true,"href":"https:\/\/www.welovecycling.com\/sk\/wp-json\/wp\/v2\/users\/38"}],"replies":[{"embeddable":true,"href":"https:\/\/www.welovecycling.com\/sk\/wp-json\/wp\/v2\/comments?post=6241"}],"version-history":[{"count":2,"href":"https:\/\/www.welovecycling.com\/sk\/wp-json\/wp\/v2\/posts\/6241\/revisions"}],"predecessor-version":[{"id":6494,"href":"https:\/\/www.welovecycling.com\/sk\/wp-json\/wp\/v2\/posts\/6241\/revisions\/6494"}],"wp:featuredmedia":[{"embeddable":true,"href":"https:\/\/www.welovecycling.com\/sk\/wp-json\/wp\/v2\/media\/6363"}],"wp:attachment":[{"href":"https:\/\/www.welovecycling.com\/sk\/wp-json\/wp\/v2\/media?parent=6241"}],"wp:term":[{"taxonomy":"category","embeddable":true,"href":"https:\/\/www.welovecycling.com\/sk\/wp-json\/wp\/v2\/categories?post=6241"},{"taxonomy":"post_tag","embeddable":true,"href":"https:\/\/www.welovecycling.com\/sk\/wp-json\/wp\/v2\/tags?post=6241"},{"taxonomy":"global-categories","embeddable":true,"href":"https:\/\/www.welovecycling.com\/sk\/wp-json\/wp\/v2\/global-categories?post=6241"}],"curies":[{"name":"wp","href":"https:\/\/api.w.org\/{rel}","templated":true}]}}