{"id":6220,"date":"2019-02-15T11:00:17","date_gmt":"2019-02-15T10:00:17","guid":{"rendered":"https:\/\/www.welovecycling.com\/sk\/?p=6220"},"modified":"2019-02-14T15:04:59","modified_gmt":"2019-02-14T14:04:59","slug":"5-cyklo-trendov-pre-rok-2019","status":"publish","type":"post","link":"https:\/\/www.welovecycling.com\/sk\/2019\/02\/15\/5-cyklo-trendov-pre-rok-2019\/","title":{"rendered":"5 cyklo trendov pre rok 2019"},"content":{"rendered":"<p><strong>Ke\u010f si uvedom\u00edte, ak\u00fdm v\u00fdvojom pln\u00fdm inov\u00e1ci\u00ed prech\u00e1dza v s\u00fa\u010dasnosti trh s bicyklami, tak je najvy\u0161\u0161\u00ed \u010das, pozrie\u0165 sa na niektor\u00e9 trendy, ktor\u00e9 n\u00e1s zaujali a ver\u00edme, \u017ee si ich zamilujete tie\u017e.<\/strong><!--more--><\/p>\n<h2><strong>Jeden bike vl\u00e1dne v\u0161etk\u00fdm<\/strong><\/h2>\n<p>Niektor\u00ed moji zn\u00e1mi v poslednej dobe v\u00e1\u017ene prehodnocovali, kde vlastne jazdia na bicykli a \u010do v\u0161etko na \u0148om robia. Je to d\u00f4sledok takej tej klasickej ot\u00e1zky, <strong>ko\u013eko bicyklov vlastne v skuto\u010dnosti potrebujete<\/strong>.<\/p>\n<lite-youtube videoid=YBYZQUa9SNk params=\"enablejsapi=1\" style=\"background-image: url('https:\/\/i.ytimg.com\/vi_webp\/YBYZQUa9SNk\/maxresdefault.webp');\"><\/lite-youtube>\n<p>V\u00fdrobcovia bicyklov maj\u00fa jasno v tom, ako vyrobi\u0165 bicykel vhodn\u00fd pre viacero \u00fa\u010delov. Ako m\u00f4\u017eete vidie\u0165 vo videu, <strong>Trek Checkpoint<\/strong> je pred\u00e1van\u00fd ako gravel bike, na ktorom <strong>zvl\u00e1dnete st\u00fapania rovnako ako trialy<\/strong> naprie\u010d krajinou. Ak si v roku 2019 pl\u00e1nujete k\u00fapi\u0165 nov\u00fd bicykel, uistite sa, \u017ee zvl\u00e1dne v\u0161etko, \u010do od neho po\u017eadujete. Koniec koncov, m\u00f4\u017eete so sebou vzia\u0165 len jeden bicykel.<\/p>\n<h2><strong>DIY telemetria<\/strong><\/h2>\n<p>Stane sa rok 2019 t\u00fdm prelomov\u00fdm, kedy bude <strong>telemetria dostupn\u00e1 pre \u0161irok\u00fa verejnos\u0165<\/strong>? Ak ste spokojn\u00ed so svoj\u00edm bicyklom, ale ver\u00edte, \u017ee m\u00f4\u017eete dosiahnu\u0165 lep\u0161ie v\u00fdsledky s jeho d\u00f4kladn\u00fdm vyladen\u00edm, telemetria m\u00f4\u017ee by\u0165 t\u00fdm prav\u00fdm technick\u00fdm rie\u0161en\u00edm, ktor\u00e9 h\u013ead\u00e1te. Za t\u00fato mo\u017enos\u0165 patr\u00ed v\u010faka spolo\u010dnosti BYB, ktor\u00e1 n\u00e1m ju predstavila v\u010faka str\u00e1nke Kickstarter.<\/p>\n<p>https:\/\/www.youtube.com\/watch?v=h9ZjI5P2kyY&#038;t=72s<\/p>\n<p>Telemetria nie je lacn\u00e1 technol\u00f3gia, bez oh\u013eadu na cenu v\u00e1\u0161ho bicykla, ale v\u010faka nej <strong>z\u00edskate d\u00f4le\u017eit\u00e9 \u00fadaje o jazde<\/strong>, ktor\u00e9 ste predt\u00fdm nebrali do \u00favahy. Nakoniec budete ma\u0165 dokonale nastaven\u00fd a vyladen\u00fd bicykel, a to u\u017e za tie peniaze stoj\u00ed.<\/p>\n<h2><strong>Bike-sharing na elektrobicykloch<\/strong><\/h2>\n<p>\u010eal\u0161\u00edm logick\u00fdm krokom v oblasti bike-sharingu je ponuka elektrobicyklov a spolo\u010dnos\u0165 Uber prekro\u010dila Atlantik a priniesla slu\u017ebu <strong>Jump do Eur\u00f3py<\/strong>. Elektrobicykle sa m\u00f4\u017eu sta\u0165 popul\u00e1rnymi nielen pre turistov, ale pre v\u0161etk\u00fdch, ktor\u00ed nechc\u00fa zosadn\u00fa\u0165 z bicykla spoten\u00ed.<\/p>\n<div class=\"embed-controller-wrapper\">\n<div class=\"embed-wrapper\"><iframe title=\"Chargin\u2019 at San Francisco Hills with electric Jump Bikes\" width=\"500\" height=\"281\" data-src=\"https:\/\/www.youtube.com\/embed\/_KwJD2XzP4Q?feature=oembed\" frameborder=\"0\" allow=\"accelerometer; autoplay; clipboard-write; encrypted-media; gyroscope; picture-in-picture; web-share\" referrerpolicy=\"strict-origin-when-cross-origin\" allowfullscreen><\/iframe><\/div>\n<\/div>\n<p>Vyzer\u00e1 to tak, \u017ee slu\u017ebu spustia v Berl\u00edne a nesk\u00f4r aj v ostatn\u00fdch mest\u00e1ch \u2013 a je navrhnut\u00e1 tak, aby pomohla zmierni\u0165 zlo\u017eit\u00fa dopravn\u00fa situ\u00e1ciu, \u010do z\u00e1rove\u0148 pom\u00f4\u017ee taxislu\u017ebe Uber. Mus\u00edme pochv\u00e1li\u0165 Daru Khosrowshahi, nov\u00fa gener\u00e1lnu riadite\u013eku spolo\u010dnosti Uber, \u017ee sa aj tak\u00fdmto sp\u00f4sobom zauj\u00edma o <strong>modern\u00e9 rie\u0161enie zlo\u017eitej situ\u00e1cie v mest\u00e1ch<\/strong>.<\/p>\n<div class=\"shortcode-ys-post-pinup\"><article class=\"loop-simple post-5716 post type-post status-publish format-standard has-post-thumbnail hentry category-bezpecnost category-urban-cyklistika tag-bicyklovanie tag-bikesharing tag-bratislava tag-cestna-cyklistika tag-cestny-bicykel tag-city tag-mesto tag-mestsky-bicykel tag-slovnaft tag-slovnaft-bajk tag-urban\" data-postid=\"5716\" role=\"article\" data-post-id=\"5716\" data-word-count=\"813\" data-headline-length=\"68\" data-category=\"Bezpe\u010dnos\u0165\" data-author=\"Adam Marsal\" data-published=\"2019-01-03T11:57:41+01:00\" data-published-day=\"Thursday\">\n    <div class=\"entry-thumbnail article-thumbnail\" content=\"https:\/\/d2p6e6u75xmxt8.cloudfront.net\/4\/2018\/12\/Ofo-Bike-Sharing-0362887308-150x150.webp\"><a href=\"https:\/\/www.welovecycling.com\/sk\/2019\/01\/03\/fenomen-bike-sharing-je-to-najnebezpecnejsi-sposob-cyklistiky\/\" class=\"image-holder\" target=\"_self\"><img decoding=\"async\" loading=\"lazy\" class=\"\" src=\"https:\/\/d2p6e6u75xmxt8.cloudfront.net\/4\/2018\/12\/Ofo-Bike-Sharing-0362887308-1024x450.webp\" srcset=\"https:\/\/d2p6e6u75xmxt8.cloudfront.net\/4\/2018\/12\/Ofo-Bike-Sharing-0362887308.webp 1366w, https:\/\/d2p6e6u75xmxt8.cloudfront.net\/4\/2018\/12\/Ofo-Bike-Sharing-0362887308-300x132.webp 300w, https:\/\/d2p6e6u75xmxt8.cloudfront.net\/4\/2018\/12\/Ofo-Bike-Sharing-0362887308-1024x450.webp 1024w, https:\/\/d2p6e6u75xmxt8.cloudfront.net\/4\/2018\/12\/Ofo-Bike-Sharing-0362887308-768x337.webp 768w\" width=\"1024\" height=\"450\" sizes=\"auto, (min-width: 1200px) 456px, (min-width: 768px) 38vw, 100vw\" alt=\"fenomen-bike-sharing-je-to-najnebezpecnejsi-sposob-cyklistiky\"\/><\/a><\/div>    <div class=\"entry-meta\">\n        <a class=\"label label-secondary post-category\" href=\"https:\/\/www.welovecycling.com\/sk\/category\/bezpecnost\/\" title=\"Bezpe\u010dnos\u0165\">Bezpe\u010dnos\u0165<\/a>\n    <\/div>\n    <div class=\"entry-details\">\n        <a href=\"https:\/\/www.welovecycling.com\/sk\/2019\/01\/03\/fenomen-bike-sharing-je-to-najnebezpecnejsi-sposob-cyklistiky\/\" class='entry-title-wrapper'>\n            <h3 class=\"entry-title\"><span>Fenom\u00e9n bike-sharing: Je to najnebezpe\u010dnej\u0161\u00ed sp\u00f4sob cyklistiky?<\/span><\/h3>\n        <\/a>\n    <\/div>\n    <\/article>\n<\/div>\n<h2><strong>Neochotn\u00e9 prij\u00edmanie elektrobicyklov<\/strong><\/h2>\n<p>Treba uzna\u0165, \u017ee e\u0161te v ned\u00e1vnej minulosti skuto\u010dne nevyzerali elektrobicykle ve\u013emi l\u00e1kavo. Ma\u0165 na r\u00e1me uchyten\u00fa bat\u00e9riu ve\u013ekosti bowlingovej gule, skuto\u010dne nevyzeralo dobre. Pozrime sa v\u0161ak, ako sexi vyzeraj\u00fa s\u00fa\u010dasn\u00e9 modern\u00e9 elektrobicykle.<\/p>\n<lite-youtube videoid=uX2T7rFaJmM params=\"enablejsapi=1\" style=\"background-image: url('https:\/\/i.ytimg.com\/vi_webp\/uX2T7rFaJmM\/maxresdefault.webp');\"><\/lite-youtube>\n<p>V\u00e4\u010d\u0161ina z n\u00e1s jazd\u00ed nielen pre z\u00e1bavu, ale aj pre to, \u017ee sa chce h\u00fdba\u0165 a \u0161portova\u0165 a elektrobicykle maj\u00fa medzi \u013eu\u010fmi ak\u00fasi auru pohodlnosti a lenivosti. Pre\u010do nebicyklova\u0165 klasicky? Zlep\u0161\u00edte sa a budete fit za p\u00e1r mesiacov tvrd\u00fdch tr\u00e9ningov. Mo\u017eno \u017ee rok 2019 bude rokom, kedy prestaneme posudzova\u0165 t\u00fdch, ktor\u00ed jazdia na elektrobicykloch.<\/p>\n<h2><strong>Bu\u010fte smart \u2013 integrujte elektroniku<\/strong><\/h2>\n<p>Pri k\u00fape nov\u00e9ho bicykla v roku 2019 by ste mali <strong>zva\u017eova\u0165 v\u0161etko od integrovan\u00fdch mera\u010dov v\u00fdkonu<\/strong>, ako m\u00f4\u017eete vidie\u0165 na tomto kr\u00e1snom Giant Defy Advanced Pro 0, <strong>po teleskopick\u00fa sedlovku<\/strong>, \u010di <strong>vn\u00fatrom veden\u00e9 lank\u00e1<\/strong>, at\u010f&#8230;<\/p>\n<lite-youtube videoid=k4z4SnHDCpo params=\"enablejsapi=1\" style=\"background-image: url('https:\/\/i.ytimg.com\/vi_webp\/k4z4SnHDCpo\/maxresdefault.webp');\"><\/lite-youtube>\n","protected":false},"excerpt":{"rendered":"<p>Ke\u010f si uvedom\u00edte, ak\u00fdm v\u00fdvojom pln\u00fdm inov\u00e1ci\u00ed prech\u00e1dza v s\u00fa\u010dasnosti trh s bicyklami, tak je najvy\u0161\u0161\u00ed \u010das, pozrie\u0165 sa na [&hellip;]<\/p>\n","protected":false},"author":38,"featured_media":6226,"comment_status":"open","ping_status":"open","sticky":false,"template":"","format":"standard","meta":{"footnotes":""},"categories":[191],"tags":[558,619,524,261,691,533,259,775,532,627,257,815,816,237],"global-categories":[],"class_list":["post-6220","post","type-post","status-publish","format-standard","has-post-thumbnail","hentry","category-odporucame","tag-558","tag-bicyklovanie","tag-bikesharing","tag-ebike","tag-elektrobicykel","tag-europa","tag-gravel","tag-gravel-bicykel","tag-jazdenie","tag-mobilita","tag-novinky","tag-svet","tag-telemetria","tag-trail"],"yoast_head":"<!-- This site is optimized with the Yoast SEO Premium plugin v25.3 (Yoast SEO v25.9) - https:\/\/yoast.com\/wordpress\/plugins\/seo\/ -->\n<title>5 cyklo trendov pre rok 2019 - \u0160koda We Love Cycling Slovensko<\/title>\n<meta name=\"robots\" content=\"index, follow, max-snippet:-1, max-image-preview:large, max-video-preview:-1\" \/>\n<link rel=\"canonical\" href=\"https:\/\/www.welovecycling.com\/sk\/2019\/02\/15\/5-cyklo-trendov-pre-rok-2019\/\" \/>\n<meta property=\"og:locale\" content=\"sk_SK\" \/>\n<meta property=\"og:type\" content=\"article\" \/>\n<meta property=\"og:title\" content=\"5 cyklo trendov pre rok 2019\" \/>\n<meta property=\"og:description\" content=\"Ke\u010f si uvedom\u00edte, ak\u00fdm v\u00fdvojom pln\u00fdm inov\u00e1ci\u00ed prech\u00e1dza v s\u00fa\u010dasnosti trh s bicyklami, tak je najvy\u0161\u0161\u00ed \u010das, pozrie\u0165 sa na [&hellip;]\" \/>\n<meta property=\"og:url\" content=\"https:\/\/www.welovecycling.com\/sk\/2019\/02\/15\/5-cyklo-trendov-pre-rok-2019\/\" \/>\n<meta property=\"og:site_name\" content=\"\u0160koda We Love Cycling Slovensko\" \/>\n<meta property=\"article:published_time\" content=\"2019-02-15T10:00:17+00:00\" \/>\n<meta property=\"og:image\" content=\"https:\/\/d2p6e6u75xmxt8.cloudfront.net\/4\/2019\/02\/BYB-Telemetry-CVR.webp\" \/>\n\t<meta property=\"og:image:width\" content=\"1366\" \/>\n\t<meta property=\"og:image:height\" content=\"600\" \/>\n\t<meta property=\"og:image:type\" content=\"image\/webp\" \/>\n<meta name=\"author\" content=\"Ondrej Ga\u0161par\" \/>\n<meta name=\"twitter:card\" content=\"summary_large_image\" \/>\n<meta name=\"twitter:label1\" content=\"Written by\" \/>\n\t<meta name=\"twitter:data1\" content=\"Adam Marsal\" \/>\n\t<meta name=\"twitter:label2\" content=\"Est. reading time\" \/>\n\t<meta name=\"twitter:data2\" content=\"9\" \/>\n<script type=\"application\/ld+json\" class=\"yoast-schema-graph\">{\"@context\":\"https:\/\/schema.org\",\"@graph\":[{\"@type\":\"WebPage\",\"@id\":\"https:\/\/www.welovecycling.com\/sk\/2019\/02\/15\/5-cyklo-trendov-pre-rok-2019\/\",\"url\":\"https:\/\/www.welovecycling.com\/sk\/2019\/02\/15\/5-cyklo-trendov-pre-rok-2019\/\",\"name\":\"5 cyklo trendov pre rok 2019 - \u0160koda We Love Cycling Slovensko\",\"isPartOf\":{\"@id\":\"https:\/\/www.welovecycling.com\/sk\/#website\"},\"primaryImageOfPage\":{\"@id\":\"https:\/\/www.welovecycling.com\/sk\/2019\/02\/15\/5-cyklo-trendov-pre-rok-2019\/#primaryimage\"},\"image\":{\"@id\":\"https:\/\/www.welovecycling.com\/sk\/2019\/02\/15\/5-cyklo-trendov-pre-rok-2019\/#primaryimage\"},\"thumbnailUrl\":\"https:\/\/d2p6e6u75xmxt8.cloudfront.net\/4\/2019\/02\/BYB-Telemetry-CVR.webp\",\"datePublished\":\"2019-02-15T10:00:17+00:00\",\"author\":{\"@id\":\"https:\/\/www.welovecycling.com\/sk\/#\/schema\/person\/8ee09ba39b7e25b1870160aa5b3a89bc\"},\"breadcrumb\":{\"@id\":\"https:\/\/www.welovecycling.com\/sk\/2019\/02\/15\/5-cyklo-trendov-pre-rok-2019\/#breadcrumb\"},\"inLanguage\":\"sk-SK\",\"potentialAction\":[{\"@type\":\"ReadAction\",\"target\":[\"https:\/\/www.welovecycling.com\/sk\/2019\/02\/15\/5-cyklo-trendov-pre-rok-2019\/\"]}]},{\"@type\":\"ImageObject\",\"inLanguage\":\"sk-SK\",\"@id\":\"https:\/\/www.welovecycling.com\/sk\/2019\/02\/15\/5-cyklo-trendov-pre-rok-2019\/#primaryimage\",\"url\":\"https:\/\/d2p6e6u75xmxt8.cloudfront.net\/4\/2019\/02\/BYB-Telemetry-CVR.webp\",\"contentUrl\":\"https:\/\/d2p6e6u75xmxt8.cloudfront.net\/4\/2019\/02\/BYB-Telemetry-CVR.webp\",\"width\":1366,\"height\":600},{\"@type\":\"BreadcrumbList\",\"@id\":\"https:\/\/www.welovecycling.com\/sk\/2019\/02\/15\/5-cyklo-trendov-pre-rok-2019\/#breadcrumb\",\"itemListElement\":[{\"@type\":\"ListItem\",\"position\":1,\"name\":\"Home\",\"item\":\"https:\/\/www.welovecycling.com\/sk\/\"},{\"@type\":\"ListItem\",\"position\":2,\"name\":\"5 cyklo trendov pre rok 2019\"}]},{\"@type\":\"WebSite\",\"@id\":\"https:\/\/www.welovecycling.com\/sk\/#website\",\"url\":\"https:\/\/www.welovecycling.com\/sk\/\",\"name\":\"\u0160koda We Love Cycling Slovensko\",\"description\":\"\u0160koda We Love Cycling Slovensko je v\u00e1\u0161 ka\u017edodenn\u00fd zdroj noviniek a in\u0161pir\u00e1cie z sveta cyklistiky\",\"potentialAction\":[{\"@type\":\"SearchAction\",\"target\":{\"@type\":\"EntryPoint\",\"urlTemplate\":\"https:\/\/www.welovecycling.com\/sk\/?s={search_term_string}\"},\"query-input\":{\"@type\":\"PropertyValueSpecification\",\"valueRequired\":true,\"valueName\":\"search_term_string\"}}],\"inLanguage\":\"sk-SK\"},{\"@type\":\"Person\",\"@id\":\"https:\/\/www.welovecycling.com\/sk\/#\/schema\/person\/8ee09ba39b7e25b1870160aa5b3a89bc\",\"name\":\"Ondrej Ga\u0161par\",\"image\":{\"@type\":\"ImageObject\",\"inLanguage\":\"sk-SK\",\"@id\":\"https:\/\/www.welovecycling.com\/sk\/#\/schema\/person\/image\/\",\"url\":\"https:\/\/secure.gravatar.com\/avatar\/6126c9afb87b70da5abbb083ddbb21933da15f18f8ca7cb822aba0fb096a48f6?s=96&d=mm&r=g\",\"contentUrl\":\"https:\/\/secure.gravatar.com\/avatar\/6126c9afb87b70da5abbb083ddbb21933da15f18f8ca7cb822aba0fb096a48f6?s=96&d=mm&r=g\",\"caption\":\"Ondrej Ga\u0161par\"},\"url\":\"https:\/\/www.welovecycling.com\/sk\/author\/ondrejgaspar\/\"}]}<\/script>\n<!-- \/ Yoast SEO Premium plugin. -->","yoast_head_json":{"title":"5 cyklo trendov pre rok 2019 - \u0160koda We Love Cycling Slovensko","robots":{"index":"index","follow":"follow","max-snippet":"max-snippet:-1","max-image-preview":"max-image-preview:large","max-video-preview":"max-video-preview:-1"},"canonical":"https:\/\/www.welovecycling.com\/sk\/2019\/02\/15\/5-cyklo-trendov-pre-rok-2019\/","og_locale":"sk_SK","og_type":"article","og_title":"5 cyklo trendov pre rok 2019","og_description":"Ke\u010f si uvedom\u00edte, ak\u00fdm v\u00fdvojom pln\u00fdm inov\u00e1ci\u00ed prech\u00e1dza v s\u00fa\u010dasnosti trh s bicyklami, tak je najvy\u0161\u0161\u00ed \u010das, pozrie\u0165 sa na [&hellip;]","og_url":"https:\/\/www.welovecycling.com\/sk\/2019\/02\/15\/5-cyklo-trendov-pre-rok-2019\/","og_site_name":"\u0160koda We Love Cycling Slovensko","article_published_time":"2019-02-15T10:00:17+00:00","og_image":[{"width":1366,"height":600,"url":"https:\/\/d2p6e6u75xmxt8.cloudfront.net\/4\/2019\/02\/BYB-Telemetry-CVR.webp","type":"image\/webp"}],"author":"Ondrej Ga\u0161par","twitter_card":"summary_large_image","twitter_misc":{"Written by":"Adam Marsal","Est. reading time":"9"},"schema":{"@context":"https:\/\/schema.org","@graph":[{"@type":"WebPage","@id":"https:\/\/www.welovecycling.com\/sk\/2019\/02\/15\/5-cyklo-trendov-pre-rok-2019\/","url":"https:\/\/www.welovecycling.com\/sk\/2019\/02\/15\/5-cyklo-trendov-pre-rok-2019\/","name":"5 cyklo trendov pre rok 2019 - \u0160koda We Love Cycling Slovensko","isPartOf":{"@id":"https:\/\/www.welovecycling.com\/sk\/#website"},"primaryImageOfPage":{"@id":"https:\/\/www.welovecycling.com\/sk\/2019\/02\/15\/5-cyklo-trendov-pre-rok-2019\/#primaryimage"},"image":{"@id":"https:\/\/www.welovecycling.com\/sk\/2019\/02\/15\/5-cyklo-trendov-pre-rok-2019\/#primaryimage"},"thumbnailUrl":"https:\/\/d2p6e6u75xmxt8.cloudfront.net\/4\/2019\/02\/BYB-Telemetry-CVR.webp","datePublished":"2019-02-15T10:00:17+00:00","author":{"@id":"https:\/\/www.welovecycling.com\/sk\/#\/schema\/person\/8ee09ba39b7e25b1870160aa5b3a89bc"},"breadcrumb":{"@id":"https:\/\/www.welovecycling.com\/sk\/2019\/02\/15\/5-cyklo-trendov-pre-rok-2019\/#breadcrumb"},"inLanguage":"sk-SK","potentialAction":[{"@type":"ReadAction","target":["https:\/\/www.welovecycling.com\/sk\/2019\/02\/15\/5-cyklo-trendov-pre-rok-2019\/"]}]},{"@type":"ImageObject","inLanguage":"sk-SK","@id":"https:\/\/www.welovecycling.com\/sk\/2019\/02\/15\/5-cyklo-trendov-pre-rok-2019\/#primaryimage","url":"https:\/\/d2p6e6u75xmxt8.cloudfront.net\/4\/2019\/02\/BYB-Telemetry-CVR.webp","contentUrl":"https:\/\/d2p6e6u75xmxt8.cloudfront.net\/4\/2019\/02\/BYB-Telemetry-CVR.webp","width":1366,"height":600},{"@type":"BreadcrumbList","@id":"https:\/\/www.welovecycling.com\/sk\/2019\/02\/15\/5-cyklo-trendov-pre-rok-2019\/#breadcrumb","itemListElement":[{"@type":"ListItem","position":1,"name":"Home","item":"https:\/\/www.welovecycling.com\/sk\/"},{"@type":"ListItem","position":2,"name":"5 cyklo trendov pre rok 2019"}]},{"@type":"WebSite","@id":"https:\/\/www.welovecycling.com\/sk\/#website","url":"https:\/\/www.welovecycling.com\/sk\/","name":"\u0160koda We Love Cycling Slovensko","description":"\u0160koda We Love Cycling Slovensko je v\u00e1\u0161 ka\u017edodenn\u00fd zdroj noviniek a in\u0161pir\u00e1cie z sveta cyklistiky","potentialAction":[{"@type":"SearchAction","target":{"@type":"EntryPoint","urlTemplate":"https:\/\/www.welovecycling.com\/sk\/?s={search_term_string}"},"query-input":{"@type":"PropertyValueSpecification","valueRequired":true,"valueName":"search_term_string"}}],"inLanguage":"sk-SK"},{"@type":"Person","@id":"https:\/\/www.welovecycling.com\/sk\/#\/schema\/person\/8ee09ba39b7e25b1870160aa5b3a89bc","name":"Ondrej Ga\u0161par","image":{"@type":"ImageObject","inLanguage":"sk-SK","@id":"https:\/\/www.welovecycling.com\/sk\/#\/schema\/person\/image\/","url":"https:\/\/secure.gravatar.com\/avatar\/6126c9afb87b70da5abbb083ddbb21933da15f18f8ca7cb822aba0fb096a48f6?s=96&d=mm&r=g","contentUrl":"https:\/\/secure.gravatar.com\/avatar\/6126c9afb87b70da5abbb083ddbb21933da15f18f8ca7cb822aba0fb096a48f6?s=96&d=mm&r=g","caption":"Ondrej Ga\u0161par"},"url":"https:\/\/www.welovecycling.com\/sk\/author\/ondrejgaspar\/"}]}},"_links":{"self":[{"href":"https:\/\/www.welovecycling.com\/sk\/wp-json\/wp\/v2\/posts\/6220","targetHints":{"allow":["GET"]}}],"collection":[{"href":"https:\/\/www.welovecycling.com\/sk\/wp-json\/wp\/v2\/posts"}],"about":[{"href":"https:\/\/www.welovecycling.com\/sk\/wp-json\/wp\/v2\/types\/post"}],"author":[{"embeddable":true,"href":"https:\/\/www.welovecycling.com\/sk\/wp-json\/wp\/v2\/users\/38"}],"replies":[{"embeddable":true,"href":"https:\/\/www.welovecycling.com\/sk\/wp-json\/wp\/v2\/comments?post=6220"}],"version-history":[{"count":2,"href":"https:\/\/www.welovecycling.com\/sk\/wp-json\/wp\/v2\/posts\/6220\/revisions"}],"predecessor-version":[{"id":6229,"href":"https:\/\/www.welovecycling.com\/sk\/wp-json\/wp\/v2\/posts\/6220\/revisions\/6229"}],"wp:featuredmedia":[{"embeddable":true,"href":"https:\/\/www.welovecycling.com\/sk\/wp-json\/wp\/v2\/media\/6226"}],"wp:attachment":[{"href":"https:\/\/www.welovecycling.com\/sk\/wp-json\/wp\/v2\/media?parent=6220"}],"wp:term":[{"taxonomy":"category","embeddable":true,"href":"https:\/\/www.welovecycling.com\/sk\/wp-json\/wp\/v2\/categories?post=6220"},{"taxonomy":"post_tag","embeddable":true,"href":"https:\/\/www.welovecycling.com\/sk\/wp-json\/wp\/v2\/tags?post=6220"},{"taxonomy":"global-categories","embeddable":true,"href":"https:\/\/www.welovecycling.com\/sk\/wp-json\/wp\/v2\/global-categories?post=6220"}],"curies":[{"name":"wp","href":"https:\/\/api.w.org\/{rel}","templated":true}]}}