{"id":6201,"date":"2019-02-07T10:27:19","date_gmt":"2019-02-07T09:27:19","guid":{"rendered":"https:\/\/www.welovecycling.com\/sk\/?p=6201"},"modified":"2019-02-07T10:27:19","modified_gmt":"2019-02-07T09:27:19","slug":"julovy-termin-zenskej-tour-de-france-je-neuskutocnitelny-vravi-christian-prudhomme","status":"publish","type":"post","link":"https:\/\/www.welovecycling.com\/sk\/2019\/02\/07\/julovy-termin-zenskej-tour-de-france-je-neuskutocnitelny-vravi-christian-prudhomme\/","title":{"rendered":"J\u00falov\u00fd term\u00edn \u017eenskej Tour de France je neuskuto\u010dnite\u013en\u00fd, vrav\u00ed Christian Prudhomme"},"content":{"rendered":"<p><strong>ASO organizuje v j\u00fali jednodenn\u00e9 preteky s n\u00e1zvom La Course, ktor\u00e9 s\u00fa ur\u010den\u00e9 profi pretek\u00e1rkam. Av\u0161ak, slov\u00e1 riadite\u013ea Tour de France nazna\u010duj\u00fa, \u017ee ekvivalent trojt\u00fd\u017ed\u0148ovej Grand Tour sa v \u017eenskom preveden\u00ed tak skoro neuskuto\u010dn\u00ed. Hlavn\u00fdm d\u00f4vodom s\u00fa \u0165a\u017ekosti so z\u00edskavan\u00edm povolen\u00ed.<br \/>\n<\/strong><br \/>\n<!--more--><\/p>\n<p><em>\u201eNeviem, ako by som zorganizoval tak\u00e9to podujatie v j\u00fali,\u201c<\/em> <strong>Prudhomme<\/strong> povedal telev\u00edznej stanici Eurosport. <em>\u201eNikdy by sme nez\u00edskali potrebn\u00e9 povolenia, zatia\u013e \u010do by v rovnakom \u010dase prebiehala klasick\u00e1 Tour. Je to jednoducho nemo\u017en\u00e9. \u017densk\u00e1 Tour de France je v j\u00fali neuskuto\u010dnite\u013en\u00e1.\u201c<\/em><\/p>\n<figure id=\"attachment_6203\" aria-describedby=\"caption-attachment-6203\" style=\"width: 2048px\" class=\"wp-caption alignnone\"><a href=\"https:\/\/d2p6e6u75xmxt8.cloudfront.net\/4\/2019\/02\/Anemiek-Van_Vleuten-La-Course.jpg\"><img loading=\"lazy\" decoding=\"async\" class=\"size-full wp-image-6203\" src=\"https:\/\/d2p6e6u75xmxt8.cloudfront.net\/4\/2019\/02\/Anemiek-Van_Vleuten-La-Course.jpg\" alt=\"\" width=\"2048\" height=\"1511\" \/><\/a><figcaption id=\"caption-attachment-6203\" class=\"wp-caption-text\"><em>\u201eSom naozaj py\u0161n\u00e1. Bola to v\u00fdborn\u00e1 vizitka pre d\u00e1msku cyklistiku.\u201c<\/em> Uviedla Van Vleutenov\u00e1 po pretekoch La Course v roku 2018.<\/figcaption><\/figure>\n<p><em>\u201eOrganizujeme ve\u013ek\u00e9 mno\u017estvo \u017eensk\u00fdch pretekov a chceme, aby sa \u017eensk\u00e1 cyklistika na\u010falej rozv\u00edjala, av\u0161ak d\u00e1mska Tour v j\u00fali je jednozna\u010dn\u00e9 \u201enie\u201c. Jednoducho ju nie je mo\u017en\u00e9 uskuto\u010dni\u0165 paralelne s mu\u017eskou Tour.\u201c<\/em><\/p>\n<p>Alternat\u00edva pre \u017eeny, La Course, vznikla v roku 2014, ktor\u00e1 sa nesk\u00f4r uskuto\u010d\u0148ovala v podobe dvojetapov\u00fdch pretekov. Od roku 2018 sa op\u00e4tovne zmenila na jednodenn\u00fa z\u00e1le\u017eitos\u0165. Prezident UCI, David Lappartient, ned\u00e1vno uviedol, \u017ee ASO v s\u00fa\u010dasnosti pracuje na t\u00fd\u017ed\u0148ovej Tour pre \u017eeny. Rovnako <strong>existuj\u00fa pl\u00e1ny pre vytvorenie d\u00e1mskej verzie Par\u00ed\u017e-Roubaix<\/strong>. Verejnos\u0165 si v\u0161ak \u017eiada viac. Skoro <strong>100 000 \u013eud\u00ed podp\u00edsalo pet\u00edciu za uskuto\u010dnenie d\u00e1mskej Tour de France<\/strong>.<\/p>\n<p>https:\/\/www.facebook.com\/LaCoursebyLeTour\/videos\/1685586928220918<\/p>\n<p><strong>UCI sa sna\u017e\u00ed presadi\u0165 zv\u00fd\u0161enie profesion\u00e1lnosti v \u017eenskej cyklistike<\/strong>. S t\u00fdm s\u00favis\u00ed aj bl\u00edzke ohl\u00e1senie minim\u00e1lnej mzdy pretek\u00e1rok. Naviac sa m\u00e1 vytvori\u0165 obdobn\u00e1 \u0161trukt\u00fara, ak\u00fa m\u00f4\u017eeme n\u00e1js\u0165 v mu\u017eskom syst\u00e9me. Bude to ale dostato\u010dn\u00fdm zados\u0165u\u010dinen\u00edm pre fan\u00fa\u0161ikov?<\/p>\n<p>\u010co si mysl\u00edte vy o situ\u00e1cii v \u017eenskej cyklistike?<\/p>\n","protected":false},"excerpt":{"rendered":"<p>ASO organizuje v j\u00fali jednodenn\u00e9 preteky s n\u00e1zvom La Course, ktor\u00e9 s\u00fa ur\u010den\u00e9 profi pretek\u00e1rkam. Av\u0161ak, slov\u00e1 riadite\u013ea Tour de [&hellip;]<\/p>\n","protected":false},"author":38,"featured_media":6205,"comment_status":"open","ping_status":"open","sticky":false,"template":"","format":"standard","meta":{"footnotes":""},"categories":[4],"tags":[558,275,115,487,306,812,811,566,20,810,659,475],"global-categories":[],"class_list":["post-6201","post","type-post","status-publish","format-standard","has-post-thumbnail","hentry","category-cestna-cyklisitika","tag-558","tag-cesta","tag-cestna-cyklistika","tag-cestny-bicykel","tag-francuzsko","tag-jul","tag-la-course","tag-leto","tag-tour-de-france","tag-tour-de-france-2019","tag-zenska-cyklistika","tag-zeny"],"yoast_head":"<!-- This site is optimized with the Yoast SEO Premium plugin v25.3 (Yoast SEO v25.9) - https:\/\/yoast.com\/wordpress\/plugins\/seo\/ -->\n<title>J\u00falov\u00fd term\u00edn \u017eenskej Tour de France je neuskuto\u010dnite\u013en\u00fd, vrav\u00ed Christian Prudhomme - \u0160koda We Love Cycling Slovensko<\/title>\n<meta name=\"robots\" content=\"index, follow, max-snippet:-1, max-image-preview:large, max-video-preview:-1\" \/>\n<link rel=\"canonical\" href=\"https:\/\/www.welovecycling.com\/sk\/2019\/02\/07\/julovy-termin-zenskej-tour-de-france-je-neuskutocnitelny-vravi-christian-prudhomme\/\" \/>\n<meta property=\"og:locale\" content=\"sk_SK\" \/>\n<meta property=\"og:type\" content=\"article\" \/>\n<meta property=\"og:title\" content=\"J\u00falov\u00fd term\u00edn \u017eenskej Tour de France je neuskuto\u010dnite\u013en\u00fd, vrav\u00ed Christian Prudhomme\" \/>\n<meta property=\"og:description\" content=\"ASO organizuje v j\u00fali jednodenn\u00e9 preteky s n\u00e1zvom La Course, ktor\u00e9 s\u00fa ur\u010den\u00e9 profi pretek\u00e1rkam. Av\u0161ak, slov\u00e1 riadite\u013ea Tour de [&hellip;]\" \/>\n<meta property=\"og:url\" content=\"https:\/\/www.welovecycling.com\/sk\/2019\/02\/07\/julovy-termin-zenskej-tour-de-france-je-neuskutocnitelny-vravi-christian-prudhomme\/\" \/>\n<meta property=\"og:site_name\" content=\"\u0160koda We Love Cycling Slovensko\" \/>\n<meta property=\"article:published_time\" content=\"2019-02-07T09:27:19+00:00\" \/>\n<meta property=\"og:image\" content=\"https:\/\/d2p6e6u75xmxt8.cloudfront.net\/4\/2019\/02\/christian-prudhomme-profimedia-0406053483.webp\" \/>\n\t<meta property=\"og:image:width\" content=\"1366\" \/>\n\t<meta property=\"og:image:height\" content=\"600\" \/>\n\t<meta property=\"og:image:type\" content=\"image\/webp\" \/>\n<meta name=\"author\" content=\"Ondrej Ga\u0161par\" \/>\n<meta name=\"twitter:card\" content=\"summary_large_image\" \/>\n<meta name=\"twitter:label1\" content=\"Written by\" \/>\n\t<meta name=\"twitter:data1\" content=\"Monica Buck\" \/>\n\t<meta name=\"twitter:label2\" content=\"Est. reading time\" \/>\n\t<meta name=\"twitter:data2\" content=\"3\" \/>\n<script type=\"application\/ld+json\" class=\"yoast-schema-graph\">{\"@context\":\"https:\/\/schema.org\",\"@graph\":[{\"@type\":\"WebPage\",\"@id\":\"https:\/\/www.welovecycling.com\/sk\/2019\/02\/07\/julovy-termin-zenskej-tour-de-france-je-neuskutocnitelny-vravi-christian-prudhomme\/\",\"url\":\"https:\/\/www.welovecycling.com\/sk\/2019\/02\/07\/julovy-termin-zenskej-tour-de-france-je-neuskutocnitelny-vravi-christian-prudhomme\/\",\"name\":\"J\u00falov\u00fd term\u00edn \u017eenskej Tour de France je neuskuto\u010dnite\u013en\u00fd, vrav\u00ed Christian Prudhomme - \u0160koda We Love Cycling Slovensko\",\"isPartOf\":{\"@id\":\"https:\/\/www.welovecycling.com\/sk\/#website\"},\"primaryImageOfPage\":{\"@id\":\"https:\/\/www.welovecycling.com\/sk\/2019\/02\/07\/julovy-termin-zenskej-tour-de-france-je-neuskutocnitelny-vravi-christian-prudhomme\/#primaryimage\"},\"image\":{\"@id\":\"https:\/\/www.welovecycling.com\/sk\/2019\/02\/07\/julovy-termin-zenskej-tour-de-france-je-neuskutocnitelny-vravi-christian-prudhomme\/#primaryimage\"},\"thumbnailUrl\":\"https:\/\/d2p6e6u75xmxt8.cloudfront.net\/4\/2019\/02\/christian-prudhomme-profimedia-0406053483.webp\",\"datePublished\":\"2019-02-07T09:27:19+00:00\",\"author\":{\"@id\":\"https:\/\/www.welovecycling.com\/sk\/#\/schema\/person\/8ee09ba39b7e25b1870160aa5b3a89bc\"},\"breadcrumb\":{\"@id\":\"https:\/\/www.welovecycling.com\/sk\/2019\/02\/07\/julovy-termin-zenskej-tour-de-france-je-neuskutocnitelny-vravi-christian-prudhomme\/#breadcrumb\"},\"inLanguage\":\"sk-SK\",\"potentialAction\":[{\"@type\":\"ReadAction\",\"target\":[\"https:\/\/www.welovecycling.com\/sk\/2019\/02\/07\/julovy-termin-zenskej-tour-de-france-je-neuskutocnitelny-vravi-christian-prudhomme\/\"]}]},{\"@type\":\"ImageObject\",\"inLanguage\":\"sk-SK\",\"@id\":\"https:\/\/www.welovecycling.com\/sk\/2019\/02\/07\/julovy-termin-zenskej-tour-de-france-je-neuskutocnitelny-vravi-christian-prudhomme\/#primaryimage\",\"url\":\"https:\/\/d2p6e6u75xmxt8.cloudfront.net\/4\/2019\/02\/christian-prudhomme-profimedia-0406053483.webp\",\"contentUrl\":\"https:\/\/d2p6e6u75xmxt8.cloudfront.net\/4\/2019\/02\/christian-prudhomme-profimedia-0406053483.webp\",\"width\":1366,\"height\":600},{\"@type\":\"BreadcrumbList\",\"@id\":\"https:\/\/www.welovecycling.com\/sk\/2019\/02\/07\/julovy-termin-zenskej-tour-de-france-je-neuskutocnitelny-vravi-christian-prudhomme\/#breadcrumb\",\"itemListElement\":[{\"@type\":\"ListItem\",\"position\":1,\"name\":\"Home\",\"item\":\"https:\/\/www.welovecycling.com\/sk\/\"},{\"@type\":\"ListItem\",\"position\":2,\"name\":\"J\u00falov\u00fd term\u00edn \u017eenskej Tour de France je neuskuto\u010dnite\u013en\u00fd, vrav\u00ed Christian Prudhomme\"}]},{\"@type\":\"WebSite\",\"@id\":\"https:\/\/www.welovecycling.com\/sk\/#website\",\"url\":\"https:\/\/www.welovecycling.com\/sk\/\",\"name\":\"\u0160koda We Love Cycling Slovensko\",\"description\":\"\u0160koda We Love Cycling Slovensko je v\u00e1\u0161 ka\u017edodenn\u00fd zdroj noviniek a in\u0161pir\u00e1cie z sveta cyklistiky\",\"potentialAction\":[{\"@type\":\"SearchAction\",\"target\":{\"@type\":\"EntryPoint\",\"urlTemplate\":\"https:\/\/www.welovecycling.com\/sk\/?s={search_term_string}\"},\"query-input\":{\"@type\":\"PropertyValueSpecification\",\"valueRequired\":true,\"valueName\":\"search_term_string\"}}],\"inLanguage\":\"sk-SK\"},{\"@type\":\"Person\",\"@id\":\"https:\/\/www.welovecycling.com\/sk\/#\/schema\/person\/8ee09ba39b7e25b1870160aa5b3a89bc\",\"name\":\"Ondrej Ga\u0161par\",\"image\":{\"@type\":\"ImageObject\",\"inLanguage\":\"sk-SK\",\"@id\":\"https:\/\/www.welovecycling.com\/sk\/#\/schema\/person\/image\/\",\"url\":\"https:\/\/secure.gravatar.com\/avatar\/6126c9afb87b70da5abbb083ddbb21933da15f18f8ca7cb822aba0fb096a48f6?s=96&d=mm&r=g\",\"contentUrl\":\"https:\/\/secure.gravatar.com\/avatar\/6126c9afb87b70da5abbb083ddbb21933da15f18f8ca7cb822aba0fb096a48f6?s=96&d=mm&r=g\",\"caption\":\"Ondrej Ga\u0161par\"},\"url\":\"https:\/\/www.welovecycling.com\/sk\/author\/ondrejgaspar\/\"}]}<\/script>\n<!-- \/ Yoast SEO Premium plugin. -->","yoast_head_json":{"title":"J\u00falov\u00fd term\u00edn \u017eenskej Tour de France je neuskuto\u010dnite\u013en\u00fd, vrav\u00ed Christian Prudhomme - \u0160koda We Love Cycling Slovensko","robots":{"index":"index","follow":"follow","max-snippet":"max-snippet:-1","max-image-preview":"max-image-preview:large","max-video-preview":"max-video-preview:-1"},"canonical":"https:\/\/www.welovecycling.com\/sk\/2019\/02\/07\/julovy-termin-zenskej-tour-de-france-je-neuskutocnitelny-vravi-christian-prudhomme\/","og_locale":"sk_SK","og_type":"article","og_title":"J\u00falov\u00fd term\u00edn \u017eenskej Tour de France je neuskuto\u010dnite\u013en\u00fd, vrav\u00ed Christian Prudhomme","og_description":"ASO organizuje v j\u00fali jednodenn\u00e9 preteky s n\u00e1zvom La Course, ktor\u00e9 s\u00fa ur\u010den\u00e9 profi pretek\u00e1rkam. Av\u0161ak, slov\u00e1 riadite\u013ea Tour de [&hellip;]","og_url":"https:\/\/www.welovecycling.com\/sk\/2019\/02\/07\/julovy-termin-zenskej-tour-de-france-je-neuskutocnitelny-vravi-christian-prudhomme\/","og_site_name":"\u0160koda We Love Cycling Slovensko","article_published_time":"2019-02-07T09:27:19+00:00","og_image":[{"width":1366,"height":600,"url":"https:\/\/d2p6e6u75xmxt8.cloudfront.net\/4\/2019\/02\/christian-prudhomme-profimedia-0406053483.webp","type":"image\/webp"}],"author":"Ondrej Ga\u0161par","twitter_card":"summary_large_image","twitter_misc":{"Written by":"Monica Buck","Est. reading time":"3"},"schema":{"@context":"https:\/\/schema.org","@graph":[{"@type":"WebPage","@id":"https:\/\/www.welovecycling.com\/sk\/2019\/02\/07\/julovy-termin-zenskej-tour-de-france-je-neuskutocnitelny-vravi-christian-prudhomme\/","url":"https:\/\/www.welovecycling.com\/sk\/2019\/02\/07\/julovy-termin-zenskej-tour-de-france-je-neuskutocnitelny-vravi-christian-prudhomme\/","name":"J\u00falov\u00fd term\u00edn \u017eenskej Tour de France je neuskuto\u010dnite\u013en\u00fd, vrav\u00ed Christian Prudhomme - \u0160koda We Love Cycling Slovensko","isPartOf":{"@id":"https:\/\/www.welovecycling.com\/sk\/#website"},"primaryImageOfPage":{"@id":"https:\/\/www.welovecycling.com\/sk\/2019\/02\/07\/julovy-termin-zenskej-tour-de-france-je-neuskutocnitelny-vravi-christian-prudhomme\/#primaryimage"},"image":{"@id":"https:\/\/www.welovecycling.com\/sk\/2019\/02\/07\/julovy-termin-zenskej-tour-de-france-je-neuskutocnitelny-vravi-christian-prudhomme\/#primaryimage"},"thumbnailUrl":"https:\/\/d2p6e6u75xmxt8.cloudfront.net\/4\/2019\/02\/christian-prudhomme-profimedia-0406053483.webp","datePublished":"2019-02-07T09:27:19+00:00","author":{"@id":"https:\/\/www.welovecycling.com\/sk\/#\/schema\/person\/8ee09ba39b7e25b1870160aa5b3a89bc"},"breadcrumb":{"@id":"https:\/\/www.welovecycling.com\/sk\/2019\/02\/07\/julovy-termin-zenskej-tour-de-france-je-neuskutocnitelny-vravi-christian-prudhomme\/#breadcrumb"},"inLanguage":"sk-SK","potentialAction":[{"@type":"ReadAction","target":["https:\/\/www.welovecycling.com\/sk\/2019\/02\/07\/julovy-termin-zenskej-tour-de-france-je-neuskutocnitelny-vravi-christian-prudhomme\/"]}]},{"@type":"ImageObject","inLanguage":"sk-SK","@id":"https:\/\/www.welovecycling.com\/sk\/2019\/02\/07\/julovy-termin-zenskej-tour-de-france-je-neuskutocnitelny-vravi-christian-prudhomme\/#primaryimage","url":"https:\/\/d2p6e6u75xmxt8.cloudfront.net\/4\/2019\/02\/christian-prudhomme-profimedia-0406053483.webp","contentUrl":"https:\/\/d2p6e6u75xmxt8.cloudfront.net\/4\/2019\/02\/christian-prudhomme-profimedia-0406053483.webp","width":1366,"height":600},{"@type":"BreadcrumbList","@id":"https:\/\/www.welovecycling.com\/sk\/2019\/02\/07\/julovy-termin-zenskej-tour-de-france-je-neuskutocnitelny-vravi-christian-prudhomme\/#breadcrumb","itemListElement":[{"@type":"ListItem","position":1,"name":"Home","item":"https:\/\/www.welovecycling.com\/sk\/"},{"@type":"ListItem","position":2,"name":"J\u00falov\u00fd term\u00edn \u017eenskej Tour de France je neuskuto\u010dnite\u013en\u00fd, vrav\u00ed Christian Prudhomme"}]},{"@type":"WebSite","@id":"https:\/\/www.welovecycling.com\/sk\/#website","url":"https:\/\/www.welovecycling.com\/sk\/","name":"\u0160koda We Love Cycling Slovensko","description":"\u0160koda We Love Cycling Slovensko je v\u00e1\u0161 ka\u017edodenn\u00fd zdroj noviniek a in\u0161pir\u00e1cie z sveta cyklistiky","potentialAction":[{"@type":"SearchAction","target":{"@type":"EntryPoint","urlTemplate":"https:\/\/www.welovecycling.com\/sk\/?s={search_term_string}"},"query-input":{"@type":"PropertyValueSpecification","valueRequired":true,"valueName":"search_term_string"}}],"inLanguage":"sk-SK"},{"@type":"Person","@id":"https:\/\/www.welovecycling.com\/sk\/#\/schema\/person\/8ee09ba39b7e25b1870160aa5b3a89bc","name":"Ondrej Ga\u0161par","image":{"@type":"ImageObject","inLanguage":"sk-SK","@id":"https:\/\/www.welovecycling.com\/sk\/#\/schema\/person\/image\/","url":"https:\/\/secure.gravatar.com\/avatar\/6126c9afb87b70da5abbb083ddbb21933da15f18f8ca7cb822aba0fb096a48f6?s=96&d=mm&r=g","contentUrl":"https:\/\/secure.gravatar.com\/avatar\/6126c9afb87b70da5abbb083ddbb21933da15f18f8ca7cb822aba0fb096a48f6?s=96&d=mm&r=g","caption":"Ondrej Ga\u0161par"},"url":"https:\/\/www.welovecycling.com\/sk\/author\/ondrejgaspar\/"}]}},"_links":{"self":[{"href":"https:\/\/www.welovecycling.com\/sk\/wp-json\/wp\/v2\/posts\/6201","targetHints":{"allow":["GET"]}}],"collection":[{"href":"https:\/\/www.welovecycling.com\/sk\/wp-json\/wp\/v2\/posts"}],"about":[{"href":"https:\/\/www.welovecycling.com\/sk\/wp-json\/wp\/v2\/types\/post"}],"author":[{"embeddable":true,"href":"https:\/\/www.welovecycling.com\/sk\/wp-json\/wp\/v2\/users\/38"}],"replies":[{"embeddable":true,"href":"https:\/\/www.welovecycling.com\/sk\/wp-json\/wp\/v2\/comments?post=6201"}],"version-history":[{"count":2,"href":"https:\/\/www.welovecycling.com\/sk\/wp-json\/wp\/v2\/posts\/6201\/revisions"}],"predecessor-version":[{"id":6209,"href":"https:\/\/www.welovecycling.com\/sk\/wp-json\/wp\/v2\/posts\/6201\/revisions\/6209"}],"wp:featuredmedia":[{"embeddable":true,"href":"https:\/\/www.welovecycling.com\/sk\/wp-json\/wp\/v2\/media\/6205"}],"wp:attachment":[{"href":"https:\/\/www.welovecycling.com\/sk\/wp-json\/wp\/v2\/media?parent=6201"}],"wp:term":[{"taxonomy":"category","embeddable":true,"href":"https:\/\/www.welovecycling.com\/sk\/wp-json\/wp\/v2\/categories?post=6201"},{"taxonomy":"post_tag","embeddable":true,"href":"https:\/\/www.welovecycling.com\/sk\/wp-json\/wp\/v2\/tags?post=6201"},{"taxonomy":"global-categories","embeddable":true,"href":"https:\/\/www.welovecycling.com\/sk\/wp-json\/wp\/v2\/global-categories?post=6201"}],"curies":[{"name":"wp","href":"https:\/\/api.w.org\/{rel}","templated":true}]}}