{"id":6154,"date":"2019-01-31T10:59:49","date_gmt":"2019-01-31T09:59:49","guid":{"rendered":"https:\/\/www.welovecycling.com\/sk\/?p=6154"},"modified":"2019-01-29T17:35:16","modified_gmt":"2019-01-29T16:35:16","slug":"mesacna-desiatka-v-novom-roku-po-starom","status":"publish","type":"post","link":"https:\/\/www.welovecycling.com\/sk\/2019\/01\/31\/mesacna-desiatka-v-novom-roku-po-starom\/","title":{"rendered":"Mesa\u010dn\u00e1 desiatka \u2013 v\u00a0novom roku po starom"},"content":{"rendered":"<p><strong>Nov\u00fd rok prin\u00e1\u0161a obnoven\u00fd kolobeh \u010dasu. V\u00a0tom sa zhoduj\u00fa ako cyklisti, be\u017eci, tak aj \u201eoby\u010dajn\u00ed\u201c \u013eudia. Vo svete dvoch kolies sa sez\u00f3na pomaly rozbieha, teda, aby sme boli presnej\u0161\u00ed, je u\u017e v\u00a0plnom pr\u00fade. Pozrime sa teda, \u010do sa v\u00a0janu\u00e1ri udialo.<\/strong><!--more--> <\/p>\n<h2><strong>Sagan vst\u00fapil do sez\u00f3ny pozit\u00edvne<\/strong><\/h2>\n<p>Slovensk\u00e1 jednotka v\u00a0tomto roku <strong>dlho ne\u010dakala na svoje prv\u00e9 v\u00ed\u0165azstvo<\/strong>. Konkr\u00e9tne na etapov\u00fdch pretekoch <strong>Santos Tour Down Under<\/strong> v\u00a0\u010falekej Austr\u00e1lii, si u\u017e v\u00a03. etape Peter odniesol povestn\u00fd vavr\u00edn. V\u00a0mierne zvlnenej etape dominoval pred S\u00e1nchezom a\u00a0Impey. Aktu\u00e1lne sa vo\u00a0svetov\u00fdch tabu\u013ek\u00e1ch pohybuje na 4. prie\u010dke.\n<lite-youtube videoid=sMCKubRAyq4 params=\"enablejsapi=1\" style=\"background-image: url('https:\/\/i.ytimg.com\/vi_webp\/sMCKubRAyq4\/maxresdefault.webp');\"><\/lite-youtube>\n<h2><strong>U\u00a0n\u00e1s zima, na Kan\u00e1rskych ostrovoch rados\u0165<\/strong><\/h2>\n<p>Aj ke\u010f pri poh\u013eade z\u00a0okna sa n\u00e1m v\u00a0s\u00fa\u010dasnosti ani nesn\u00edva o\u00a0jazde v\u00a0kr\u00e1tkom ruk\u00e1ve, predsa len je aj toto obdobie jazdecky pr\u00edvetiv\u00e9. Ak kr\u00fatite hlavou na znak nes\u00fahlasu, pripom\u00edname, \u017ee tak\u00e9to prejavy zimy nepanuj\u00fa v\u0161ade. Uk\u00e1\u017ekou toho je aj ju\u017en\u00e1 \u010das\u0165 Eur\u00f3py, v\u00a0ktorej by ste mohli v\u00a0s\u00fa\u010dasnosti stretn\u00fa\u0165 nejedn\u00e9ho prof\u00edka, napr\u00edklad aj <strong>Romana Kreuzigera<\/strong>.<\/p>\n<p>https:\/\/www.instagram.com\/p\/BtGaTI5n8ul\/?fbclid=IwAR21hGkq2MtT-sooYv879eJpdreYx7IDxtsgE3CufdRejDVl78HWcwMYckQ <\/p>\n<h2><strong>Wyn Masters si u\u017e\u00edva cyklokros po svojom<\/strong><\/h2>\n<p>Popredn\u00fd jazdec svetovej s\u00e9rie v\u00a0endure (EWS) \u010di svetov\u00e9ho poh\u00e1ra v\u00a0zjazde, sa mimo sez\u00f3ny zameriava aj na, vzh\u013eadom na jeho dom\u00e1ce discipl\u00edny, nev\u0161edn\u00e9 aktivity. Takou bola aj \u00fa\u010das\u0165 na <strong>Superprestige<\/strong> v\u00a0belgickom Zonhovene. Ako to dopadne, ak sa na technicky n\u00e1ro\u010dn\u00fa tra\u0165 postav\u00ed tento Novoz\u00e9lan\u010fan?\n<lite-youtube videoid=YbFP3-H4VYs params=\"enablejsapi=1\" style=\"background-image: url('https:\/\/i.ytimg.com\/vi_webp\/YbFP3-H4VYs\/maxresdefault.webp');\"><\/lite-youtube>\n<h2><strong>Mathieu Van der Poel s\u00a0\u010dist\u00fdm \u0161t\u00edtom<\/strong><\/h2>\n<p>Obdobn\u00fa spr\u00e1vu sme u\u017e v\u00a0minulosti priniesli, av\u0161ak pokra\u010duj\u00faci trend holandsk\u00e9ho cyklistu je hodn\u00fd opakovania. Po tom, \u010do na konci decembra \u00faradoval vo\u00a0svetovom rebr\u00ed\u010dku <strong>na prvom mieste s\u00a05 v\u00ed\u0165azstvami z\u00a05 podujat\u00ed<\/strong>, nepustil nikoho do vedenia ani po mesa\u010dnej pauze. V\u00a0Hoogerheide nedal \u0161ancu T. Aertsovi, ani \u00faraduj\u00facemu majstrovi sveta, W. Van Aertovi. U\u017e 2. febru\u00e1ra ich \u010dakaj\u00fa majstrovstv\u00e1 sveta v\u00a0D\u00e1nsku.<\/p>\n<p><a href=\"https:\/\/d2p6e6u75xmxt8.cloudfront.net\/4\/2019\/01\/01-8.jpg\"><img loading=\"lazy\" decoding=\"async\" src=\"https:\/\/d2p6e6u75xmxt8.cloudfront.net\/4\/2019\/01\/01-8.jpg\" alt=\"\" width=\"1200\" height=\"800\" class=\"alignnone size-full wp-image-6161\" \/><\/a><\/p>\n<h2><strong>\u0160kola jazdenia z\u00e1krutou so Zdenkom \u0160tybarom<\/strong><\/h2>\n<p>Klasick\u00fd princ\u00edp spr\u00e1vneho prech\u00e1dzania z\u00e1krutou spo\u010d\u00edva <strong>v\u00a0odhadnut\u00ed spr\u00e1vnej pr\u00edjazdovej r\u00fdchlosti, brzden\u00edm pred vstupom do nej a\u00a0plynul\u00fdm prechodom od vonkaj\u0161ieho cez vn\u00fatorn\u00fd a\u00a0op\u00e4tovne k\u00a0vonkaj\u0161iemu okraju vozovky<\/strong>. Profesion\u00e1li v\u0161ak maj\u00fa svoje skryt\u00e9 techniky. Ve\u010f, povedzte sami, tr\u00fafli by ste si na tak\u00fdto k\u00fasok?\n<lite-youtube videoid=T5HyfPtBZcQ params=\"enablejsapi=1\" style=\"background-image: url('https:\/\/i.ytimg.com\/vi_webp\/T5HyfPtBZcQ\/maxresdefault.webp');\"><\/lite-youtube>\n<h2><strong>S\u00farodenci Athertonovci vo vlastnom t\u00edme s\u00a0vlastn\u00fdmi bicyklami<\/strong><\/h2>\n<p><strong>Rachel, Dan a\u00a0Gee<\/strong>. Tri men\u00e1, ktor\u00fdm svet zjazdovej cyklistiky v\u010fa\u010d\u00ed za ve\u013ek\u00fa \u010das\u0165 jej v\u00fdvoja. Ich doteraj\u0161ie dlhoro\u010dn\u00e9 spojenie s\u00a0Trek Factory Racing sa od nov\u00e9ho roka men\u00ed. Ich odchod bol sp\u00e1jan\u00fd s\u00a0kon\u0161pira\u010dn\u00fdmi te\u00f3riami, kde sa nakoniec usadia. Prekvapen\u00edm bolo ned\u00e1vne vyhl\u00e1senie, v\u00a0ktorom uviedli, \u017ee okrem vlastn\u00e9ho t\u00edmu je ich pl\u00e1nom aj produkcia bicyklov, nes\u00facich zna\u010dku <strong>Atherton Bikes<\/strong>.<\/p>\n<p><a href=\"https:\/\/d2p6e6u75xmxt8.cloudfront.net\/4\/2019\/01\/02-6.jpg\"><img loading=\"lazy\" decoding=\"async\" src=\"https:\/\/d2p6e6u75xmxt8.cloudfront.net\/4\/2019\/01\/02-6.jpg\" alt=\"\" width=\"1200\" height=\"800\" class=\"alignnone size-full wp-image-6162\" \/><\/a><\/p>\n<h2><strong>Svetov\u00fd poh\u00e1r v\u00a0dr\u00e1hovej cyklistike pozn\u00e1 v\u00ed\u0165azov<\/strong><\/h2>\n<p>Po\u010das uplynul\u00e9ho t\u00fd\u017ed\u0148a sme mohli by\u0165 svedkami u\u017e 4. kola svetov\u00e9ho poh\u00e1ra v\u00a0dr\u00e1hovej cyklistike. Ten sa konal v\u00a0\u010d\u00ednskom Hong Kong-u. A\u017e trom jazdcom sa podarilo ukoristi\u0165 viac ako jednu zlat\u00fa medailu. Dom\u00e1ca <strong>Lee Wai Sze<\/strong> to zvl\u00e1dla <strong>v\u00a0\u017eenskom keirine a indivud\u00e1lnom \u0161printe<\/strong>, zatia\u013e \u010do tak\u00fd <strong>Thomas Clarke<\/strong> z\u00a0Austr\u00e1lie okrem individu\u00e1lneho \u0161printu z\u00edskal <strong>zlato aj v\u00a0t\u00edmovom \u0161printe<\/strong>.<\/p>\n<p><a href=\"https:\/\/d2p6e6u75xmxt8.cloudfront.net\/4\/2019\/01\/03-7.jpg\"><img loading=\"lazy\" decoding=\"async\" src=\"https:\/\/d2p6e6u75xmxt8.cloudfront.net\/4\/2019\/01\/03-7.jpg\" alt=\"\" width=\"1200\" height=\"800\" class=\"alignnone size-full wp-image-6163\" \/><\/a><\/p>\n<h2><strong>Etapov\u00e9 preteky San Juan v\u00a0plnom pr\u00fade<\/strong><\/h2>\n<p>Koniec janu\u00e1ra sa stal term\u00ednom \u0161tartu argent\u00ednskeho podujatia &#8211; <strong>Vuelta a\u00a0San Juan International<\/strong>. Jej u\u017e 37. ro\u010dn\u00edk poctilo viacero ve\u013ek\u00fdch mien, medzi ktor\u00fdmi nech\u00fdbal ani Peter Sagan. V\u00a0prv\u00fdch dvoch zvlnen\u00fdch etap\u00e1ch sa darilo najm\u00e4 Gaviriovi a\u00a0n\u00e1sledne Alaphilippovi, ktor\u00fd v\u00a0druhej etape zdolal v\u00a0cie\u013eovej rovinke Consonniho a\u00a0Sagana.<\/p>\n<figure id=\"attachment_6164\" aria-describedby=\"caption-attachment-6164\" style=\"width: 1200px\" class=\"wp-caption alignnone\"><a href=\"https:\/\/d2p6e6u75xmxt8.cloudfront.net\/4\/2019\/01\/04-8.jpg\"><img loading=\"lazy\" decoding=\"async\" src=\"https:\/\/d2p6e6u75xmxt8.cloudfront.net\/4\/2019\/01\/04-8.jpg\" alt=\"\" width=\"1200\" height=\"800\" class=\"size-full wp-image-6164\" \/><\/a><figcaption id=\"caption-attachment-6164\" class=\"wp-caption-text\">BettiniPhoto\u00a92019<\/figcaption><\/figure>\n<h2><strong>Giro d Italia pozn\u00e1 \u0161\u0165astlivcov z\u00a0radov pro-kontinent\u00e1lnych t\u00edmov<\/strong><\/h2>\n<p>Ako ka\u017edoro\u010dne, s\u00fa\u010das\u0165ou trojice najv\u00e4\u010d\u0161\u00edch trojt\u00fd\u017ed\u0148ov\u00fdch etapov\u00fdch pretekov s\u00fa aj prokontinent\u00e1lne t\u00edmy. 18 t\u00edmov World Tour doplnia 4 t\u00edmy, ktor\u00e9 si vyber\u00e1 samotn\u00fd organiz\u00e1tor. V\u00a0roku 2019 tak uvid\u00edme na \u0161tarte najm\u00e4 talianske zoskupenia, ak\u00fdmi s\u00fa <strong>Nippo-Vini Fantini<\/strong>, <strong>Bardiani CSF<\/strong>, <strong>Androni-Sidermec<\/strong>, ako aj <strong>Israel Cycling Academy<\/strong>. Ich hlavn\u00fdm cie\u013eom je zisk etapov\u00e9ho v\u00ed\u0165azstva, \u010di mo\u017eno aj jedn\u00e9ho z\u00a0cenn\u00fdch dresov.<\/p>\n<p><a href=\"https:\/\/d2p6e6u75xmxt8.cloudfront.net\/4\/2019\/01\/95.jpg\"><img loading=\"lazy\" decoding=\"async\" src=\"https:\/\/d2p6e6u75xmxt8.cloudfront.net\/4\/2019\/01\/95.jpg\" alt=\"\" width=\"1200\" height=\"800\" class=\"alignnone size-full wp-image-6165\" \/><\/a><\/p>\n<h2><strong>Zabavte sa pri sledovan\u00ed 50to01<\/strong><\/h2>\n<p>Ako u\u017e bolo spomenut\u00e9, zimou cyklistika nekon\u010d\u00ed alebo ako sa hovor\u00ed, neexistuj\u00fa zl\u00e9 podmienky, len nepripraven\u00fd jazdec. Toto pravidlo plat\u00ed aj v\u00a0pr\u00edpade nad\u0161encov z\u00a050to01, medzi ktor\u00fdch patr\u00ed aj <strong>Josh \u201eRatboy\u201c Bryceland<\/strong>. Pozrite sa, ako sa jazdia strm\u00e9 z\u00e1kruty v\u00a0blatistom ter\u00e9ne.\n<lite-youtube videoid=9IOLxAl269g params=\"enablejsapi=1\" style=\"background-image: url('https:\/\/i.ytimg.com\/vi_webp\/9IOLxAl269g\/maxresdefault.webp');\"><\/lite-youtube>\n<p>Aj janu\u00e1r bol pestr\u00fd, \u010do sa t\u00fdka cyklistick\u00fdch spr\u00e1v. D\u00fafajme, \u017ee vo febru\u00e1ri sa pote\u0161\u00edme v\u00ed\u0165azstvami aj so slovensk\u00fdmi vlajkami. \u0160portu zdar a\u00a0cyklistike obzvl\u00e1\u0161\u0165.<\/p>\n<p><strong>Viac \u010dl\u00e1nkov s rovnakou tematikou:<\/strong><\/p>\n<ul>\n<li><a href=\"https:\/\/www.welovecycling.com\/sk\/2018\/10\/30\/mesacna-desiatka-co-sa-pocas-oktobra-udialo-v-cyklistickom-svete\/\">Mesa\u010dn\u00e1 desiatka \u2013 \u010do sa po\u010das okt\u00f3bra udialo v cyklistickom svete?<\/a><\/li>\n<li><a href=\"https:\/\/www.welovecycling.com\/sk\/2018\/11\/30\/mesacna-desiatka-co-sa-udialo-v-cyklistickom-svete-pocas-novembra\/\">Mesa\u010dn\u00e1 desiatka \u2013 \u010do sa udialo v cyklistickom svete po\u010das novembra?<\/a><\/li>\n<li><a href=\"https:\/\/www.welovecycling.com\/sk\/2018\/12\/30\/mesacna-desiatka-vianocny-spravodajca\/\">Mesa\u010dn\u00e1 desiatka \u2013 viano\u010dn\u00fd spravodajca<\/a><\/li>\n<\/ul>\n","protected":false},"excerpt":{"rendered":"<p>Nov\u00fd rok prin\u00e1\u0161a obnoven\u00fd kolobeh \u010dasu. V\u00a0tom sa zhoduj\u00fa ako cyklisti, be\u017eci, tak aj \u201eoby\u010dajn\u00ed\u201c \u013eudia. Vo svete dvoch kolies [&hellip;]<\/p>\n","protected":false},"author":38,"featured_media":6166,"comment_status":"open","ping_status":"open","sticky":false,"template":"","format":"standard","meta":{"footnotes":""},"categories":[4],"tags":[809,808,275,115,805,745,331,65,807,806,704,46,179,72,556,106,317],"global-categories":[],"class_list":["post-6154","post","type-post","status-publish","format-standard","has-post-thumbnail","hentry","category-cestna-cyklisitika","tag-athertonovci","tag-australia","tag-cesta","tag-cestna-cyklistika","tag-cina","tag-drahova-cyklistika","tag-etapove-preteky","tag-giro-d-italia","tag-januar","tag-japonsko","tag-mathieu-van-der-poel","tag-peter-sagan","tag-preteky","tag-sutaz","tag-tim","tag-uci-worldtour","tag-zima"],"yoast_head":"<!-- This site is optimized with the Yoast SEO Premium plugin v25.3 (Yoast SEO v25.9) - https:\/\/yoast.com\/wordpress\/plugins\/seo\/ -->\n<title>Mesa\u010dn\u00e1 desiatka \u2013 v\u00a0novom roku po starom - \u0160koda We Love Cycling Slovensko<\/title>\n<meta name=\"robots\" content=\"index, follow, max-snippet:-1, max-image-preview:large, max-video-preview:-1\" \/>\n<link rel=\"canonical\" href=\"https:\/\/www.welovecycling.com\/sk\/2019\/01\/31\/mesacna-desiatka-v-novom-roku-po-starom\/\" \/>\n<meta property=\"og:locale\" content=\"sk_SK\" \/>\n<meta property=\"og:type\" content=\"article\" \/>\n<meta property=\"og:title\" content=\"Mesa\u010dn\u00e1 desiatka \u2013 v\u00a0novom roku po starom\" \/>\n<meta property=\"og:description\" content=\"Nov\u00fd rok prin\u00e1\u0161a obnoven\u00fd kolobeh \u010dasu. V\u00a0tom sa zhoduj\u00fa ako cyklisti, be\u017eci, tak aj \u201eoby\u010dajn\u00ed\u201c \u013eudia. Vo svete dvoch kolies [&hellip;]\" \/>\n<meta property=\"og:url\" content=\"https:\/\/www.welovecycling.com\/sk\/2019\/01\/31\/mesacna-desiatka-v-novom-roku-po-starom\/\" \/>\n<meta property=\"og:site_name\" content=\"\u0160koda We Love Cycling Slovensko\" \/>\n<meta property=\"article:published_time\" content=\"2019-01-31T09:59:49+00:00\" \/>\n<meta property=\"og:image\" content=\"https:\/\/d2p6e6u75xmxt8.cloudfront.net\/4\/2019\/01\/00-6.webp\" \/>\n\t<meta property=\"og:image:width\" content=\"1380\" \/>\n\t<meta property=\"og:image:height\" content=\"600\" \/>\n\t<meta property=\"og:image:type\" content=\"image\/webp\" \/>\n<meta name=\"author\" content=\"Ondrej Ga\u0161par\" \/>\n<meta name=\"twitter:card\" content=\"summary_large_image\" \/>\n<meta name=\"twitter:label1\" content=\"Written by\" \/>\n\t<meta name=\"twitter:data1\" content=\"We Love Cycling\" \/>\n\t<meta name=\"twitter:label2\" content=\"Est. reading time\" \/>\n\t<meta name=\"twitter:data2\" content=\"7\" \/>\n<script type=\"application\/ld+json\" class=\"yoast-schema-graph\">{\"@context\":\"https:\/\/schema.org\",\"@graph\":[{\"@type\":\"WebPage\",\"@id\":\"https:\/\/www.welovecycling.com\/sk\/2019\/01\/31\/mesacna-desiatka-v-novom-roku-po-starom\/\",\"url\":\"https:\/\/www.welovecycling.com\/sk\/2019\/01\/31\/mesacna-desiatka-v-novom-roku-po-starom\/\",\"name\":\"Mesa\u010dn\u00e1 desiatka \u2013 v\u00a0novom roku po starom - \u0160koda We Love Cycling Slovensko\",\"isPartOf\":{\"@id\":\"https:\/\/www.welovecycling.com\/sk\/#website\"},\"primaryImageOfPage\":{\"@id\":\"https:\/\/www.welovecycling.com\/sk\/2019\/01\/31\/mesacna-desiatka-v-novom-roku-po-starom\/#primaryimage\"},\"image\":{\"@id\":\"https:\/\/www.welovecycling.com\/sk\/2019\/01\/31\/mesacna-desiatka-v-novom-roku-po-starom\/#primaryimage\"},\"thumbnailUrl\":\"https:\/\/d2p6e6u75xmxt8.cloudfront.net\/4\/2019\/01\/00-6.webp\",\"datePublished\":\"2019-01-31T09:59:49+00:00\",\"author\":{\"@id\":\"https:\/\/www.welovecycling.com\/sk\/#\/schema\/person\/8ee09ba39b7e25b1870160aa5b3a89bc\"},\"breadcrumb\":{\"@id\":\"https:\/\/www.welovecycling.com\/sk\/2019\/01\/31\/mesacna-desiatka-v-novom-roku-po-starom\/#breadcrumb\"},\"inLanguage\":\"sk-SK\",\"potentialAction\":[{\"@type\":\"ReadAction\",\"target\":[\"https:\/\/www.welovecycling.com\/sk\/2019\/01\/31\/mesacna-desiatka-v-novom-roku-po-starom\/\"]}]},{\"@type\":\"ImageObject\",\"inLanguage\":\"sk-SK\",\"@id\":\"https:\/\/www.welovecycling.com\/sk\/2019\/01\/31\/mesacna-desiatka-v-novom-roku-po-starom\/#primaryimage\",\"url\":\"https:\/\/d2p6e6u75xmxt8.cloudfront.net\/4\/2019\/01\/00-6.webp\",\"contentUrl\":\"https:\/\/d2p6e6u75xmxt8.cloudfront.net\/4\/2019\/01\/00-6.webp\",\"width\":1380,\"height\":600},{\"@type\":\"BreadcrumbList\",\"@id\":\"https:\/\/www.welovecycling.com\/sk\/2019\/01\/31\/mesacna-desiatka-v-novom-roku-po-starom\/#breadcrumb\",\"itemListElement\":[{\"@type\":\"ListItem\",\"position\":1,\"name\":\"Home\",\"item\":\"https:\/\/www.welovecycling.com\/sk\/\"},{\"@type\":\"ListItem\",\"position\":2,\"name\":\"Mesa\u010dn\u00e1 desiatka \u2013 v\u00a0novom roku po starom\"}]},{\"@type\":\"WebSite\",\"@id\":\"https:\/\/www.welovecycling.com\/sk\/#website\",\"url\":\"https:\/\/www.welovecycling.com\/sk\/\",\"name\":\"\u0160koda We Love Cycling Slovensko\",\"description\":\"\u0160koda We Love Cycling Slovensko je v\u00e1\u0161 ka\u017edodenn\u00fd zdroj noviniek a in\u0161pir\u00e1cie z sveta cyklistiky\",\"potentialAction\":[{\"@type\":\"SearchAction\",\"target\":{\"@type\":\"EntryPoint\",\"urlTemplate\":\"https:\/\/www.welovecycling.com\/sk\/?s={search_term_string}\"},\"query-input\":{\"@type\":\"PropertyValueSpecification\",\"valueRequired\":true,\"valueName\":\"search_term_string\"}}],\"inLanguage\":\"sk-SK\"},{\"@type\":\"Person\",\"@id\":\"https:\/\/www.welovecycling.com\/sk\/#\/schema\/person\/8ee09ba39b7e25b1870160aa5b3a89bc\",\"name\":\"Ondrej Ga\u0161par\",\"image\":{\"@type\":\"ImageObject\",\"inLanguage\":\"sk-SK\",\"@id\":\"https:\/\/www.welovecycling.com\/sk\/#\/schema\/person\/image\/\",\"url\":\"https:\/\/secure.gravatar.com\/avatar\/6126c9afb87b70da5abbb083ddbb21933da15f18f8ca7cb822aba0fb096a48f6?s=96&d=mm&r=g\",\"contentUrl\":\"https:\/\/secure.gravatar.com\/avatar\/6126c9afb87b70da5abbb083ddbb21933da15f18f8ca7cb822aba0fb096a48f6?s=96&d=mm&r=g\",\"caption\":\"Ondrej Ga\u0161par\"},\"url\":\"https:\/\/www.welovecycling.com\/sk\/author\/ondrejgaspar\/\"}]}<\/script>\n<!-- \/ Yoast SEO Premium plugin. -->","yoast_head_json":{"title":"Mesa\u010dn\u00e1 desiatka \u2013 v\u00a0novom roku po starom - \u0160koda We Love Cycling Slovensko","robots":{"index":"index","follow":"follow","max-snippet":"max-snippet:-1","max-image-preview":"max-image-preview:large","max-video-preview":"max-video-preview:-1"},"canonical":"https:\/\/www.welovecycling.com\/sk\/2019\/01\/31\/mesacna-desiatka-v-novom-roku-po-starom\/","og_locale":"sk_SK","og_type":"article","og_title":"Mesa\u010dn\u00e1 desiatka \u2013 v\u00a0novom roku po starom","og_description":"Nov\u00fd rok prin\u00e1\u0161a obnoven\u00fd kolobeh \u010dasu. V\u00a0tom sa zhoduj\u00fa ako cyklisti, be\u017eci, tak aj \u201eoby\u010dajn\u00ed\u201c \u013eudia. Vo svete dvoch kolies [&hellip;]","og_url":"https:\/\/www.welovecycling.com\/sk\/2019\/01\/31\/mesacna-desiatka-v-novom-roku-po-starom\/","og_site_name":"\u0160koda We Love Cycling Slovensko","article_published_time":"2019-01-31T09:59:49+00:00","og_image":[{"width":1380,"height":600,"url":"https:\/\/d2p6e6u75xmxt8.cloudfront.net\/4\/2019\/01\/00-6.webp","type":"image\/webp"}],"author":"Ondrej Ga\u0161par","twitter_card":"summary_large_image","twitter_misc":{"Written by":"We Love Cycling","Est. reading time":"7"},"schema":{"@context":"https:\/\/schema.org","@graph":[{"@type":"WebPage","@id":"https:\/\/www.welovecycling.com\/sk\/2019\/01\/31\/mesacna-desiatka-v-novom-roku-po-starom\/","url":"https:\/\/www.welovecycling.com\/sk\/2019\/01\/31\/mesacna-desiatka-v-novom-roku-po-starom\/","name":"Mesa\u010dn\u00e1 desiatka \u2013 v\u00a0novom roku po starom - \u0160koda We Love Cycling Slovensko","isPartOf":{"@id":"https:\/\/www.welovecycling.com\/sk\/#website"},"primaryImageOfPage":{"@id":"https:\/\/www.welovecycling.com\/sk\/2019\/01\/31\/mesacna-desiatka-v-novom-roku-po-starom\/#primaryimage"},"image":{"@id":"https:\/\/www.welovecycling.com\/sk\/2019\/01\/31\/mesacna-desiatka-v-novom-roku-po-starom\/#primaryimage"},"thumbnailUrl":"https:\/\/d2p6e6u75xmxt8.cloudfront.net\/4\/2019\/01\/00-6.webp","datePublished":"2019-01-31T09:59:49+00:00","author":{"@id":"https:\/\/www.welovecycling.com\/sk\/#\/schema\/person\/8ee09ba39b7e25b1870160aa5b3a89bc"},"breadcrumb":{"@id":"https:\/\/www.welovecycling.com\/sk\/2019\/01\/31\/mesacna-desiatka-v-novom-roku-po-starom\/#breadcrumb"},"inLanguage":"sk-SK","potentialAction":[{"@type":"ReadAction","target":["https:\/\/www.welovecycling.com\/sk\/2019\/01\/31\/mesacna-desiatka-v-novom-roku-po-starom\/"]}]},{"@type":"ImageObject","inLanguage":"sk-SK","@id":"https:\/\/www.welovecycling.com\/sk\/2019\/01\/31\/mesacna-desiatka-v-novom-roku-po-starom\/#primaryimage","url":"https:\/\/d2p6e6u75xmxt8.cloudfront.net\/4\/2019\/01\/00-6.webp","contentUrl":"https:\/\/d2p6e6u75xmxt8.cloudfront.net\/4\/2019\/01\/00-6.webp","width":1380,"height":600},{"@type":"BreadcrumbList","@id":"https:\/\/www.welovecycling.com\/sk\/2019\/01\/31\/mesacna-desiatka-v-novom-roku-po-starom\/#breadcrumb","itemListElement":[{"@type":"ListItem","position":1,"name":"Home","item":"https:\/\/www.welovecycling.com\/sk\/"},{"@type":"ListItem","position":2,"name":"Mesa\u010dn\u00e1 desiatka \u2013 v\u00a0novom roku po starom"}]},{"@type":"WebSite","@id":"https:\/\/www.welovecycling.com\/sk\/#website","url":"https:\/\/www.welovecycling.com\/sk\/","name":"\u0160koda We Love Cycling Slovensko","description":"\u0160koda We Love Cycling Slovensko je v\u00e1\u0161 ka\u017edodenn\u00fd zdroj noviniek a in\u0161pir\u00e1cie z sveta cyklistiky","potentialAction":[{"@type":"SearchAction","target":{"@type":"EntryPoint","urlTemplate":"https:\/\/www.welovecycling.com\/sk\/?s={search_term_string}"},"query-input":{"@type":"PropertyValueSpecification","valueRequired":true,"valueName":"search_term_string"}}],"inLanguage":"sk-SK"},{"@type":"Person","@id":"https:\/\/www.welovecycling.com\/sk\/#\/schema\/person\/8ee09ba39b7e25b1870160aa5b3a89bc","name":"Ondrej Ga\u0161par","image":{"@type":"ImageObject","inLanguage":"sk-SK","@id":"https:\/\/www.welovecycling.com\/sk\/#\/schema\/person\/image\/","url":"https:\/\/secure.gravatar.com\/avatar\/6126c9afb87b70da5abbb083ddbb21933da15f18f8ca7cb822aba0fb096a48f6?s=96&d=mm&r=g","contentUrl":"https:\/\/secure.gravatar.com\/avatar\/6126c9afb87b70da5abbb083ddbb21933da15f18f8ca7cb822aba0fb096a48f6?s=96&d=mm&r=g","caption":"Ondrej Ga\u0161par"},"url":"https:\/\/www.welovecycling.com\/sk\/author\/ondrejgaspar\/"}]}},"_links":{"self":[{"href":"https:\/\/www.welovecycling.com\/sk\/wp-json\/wp\/v2\/posts\/6154","targetHints":{"allow":["GET"]}}],"collection":[{"href":"https:\/\/www.welovecycling.com\/sk\/wp-json\/wp\/v2\/posts"}],"about":[{"href":"https:\/\/www.welovecycling.com\/sk\/wp-json\/wp\/v2\/types\/post"}],"author":[{"embeddable":true,"href":"https:\/\/www.welovecycling.com\/sk\/wp-json\/wp\/v2\/users\/38"}],"replies":[{"embeddable":true,"href":"https:\/\/www.welovecycling.com\/sk\/wp-json\/wp\/v2\/comments?post=6154"}],"version-history":[{"count":2,"href":"https:\/\/www.welovecycling.com\/sk\/wp-json\/wp\/v2\/posts\/6154\/revisions"}],"predecessor-version":[{"id":6169,"href":"https:\/\/www.welovecycling.com\/sk\/wp-json\/wp\/v2\/posts\/6154\/revisions\/6169"}],"wp:featuredmedia":[{"embeddable":true,"href":"https:\/\/www.welovecycling.com\/sk\/wp-json\/wp\/v2\/media\/6166"}],"wp:attachment":[{"href":"https:\/\/www.welovecycling.com\/sk\/wp-json\/wp\/v2\/media?parent=6154"}],"wp:term":[{"taxonomy":"category","embeddable":true,"href":"https:\/\/www.welovecycling.com\/sk\/wp-json\/wp\/v2\/categories?post=6154"},{"taxonomy":"post_tag","embeddable":true,"href":"https:\/\/www.welovecycling.com\/sk\/wp-json\/wp\/v2\/tags?post=6154"},{"taxonomy":"global-categories","embeddable":true,"href":"https:\/\/www.welovecycling.com\/sk\/wp-json\/wp\/v2\/global-categories?post=6154"}],"curies":[{"name":"wp","href":"https:\/\/api.w.org\/{rel}","templated":true}]}}