{"id":6113,"date":"2019-02-01T10:15:54","date_gmt":"2019-02-01T09:15:54","guid":{"rendered":"https:\/\/www.welovecycling.com\/sk\/?p=6113"},"modified":"2019-01-30T10:43:38","modified_gmt":"2019-01-30T09:43:38","slug":"kde-uvidime-peta-sagana-v-sezone-2019","status":"publish","type":"post","link":"https:\/\/www.welovecycling.com\/sk\/2019\/02\/01\/kde-uvidime-peta-sagana-v-sezone-2019\/","title":{"rendered":"Kde uvid\u00edme Pe\u0165a Sagana v sez\u00f3ne 2019?"},"content":{"rendered":"<p><strong>Prv\u00fd mesiac roku 2019 n\u00e1m pomaly ale isto uplynul a slovensk\u00fd r\u00fdchlik u\u017e m\u00e1 za sebou svoje prv\u00e9 etapov\u00e9 preteky \u2013 Santos Tour Down Under v Austr\u00e1lii. \u00davodn\u00fd vstup do sez\u00f3ny ur\u010dite nebol sklaman\u00edm pre neho a ani pre jeho fan\u00fa\u0161ikov. \u010co v\u0161ak \u010dak\u00e1 Sagana po\u010das tohtoro\u010dnej sez\u00f3ny?<\/strong><!--more--><\/p>\n<p>Decembrov\u00fd program BORA-hansgrohe patril najm\u00e4 pr\u00edprave na vtedy sa bl\u00ed\u017eiaci rok 2019. S\u00fa\u010das\u0165ou toho bol aj tr\u00e9ningov\u00fd kemp na Malorke, \u010di oddych v podobe ly\u017eovania. Tieto momenty s\u00fa u\u017e natrvalo za nami a naopak, pred nami sa za\u010d\u00edna odkr\u00fdva\u0165 op\u00e4tovne nov\u00fd pr\u00edbeh, teraz u\u017e 10. roku Saganovho pobytu medzi elitn\u00fdmi jazdcami.<\/p>\n<p><iframe loading=\"lazy\" width=\"560\" height=\"315\" src=\"https:\/\/www.youtube-nocookie.com\/embed\/y7yjaL5FdAc\" frameborder=\"0\" allow=\"accelerometer; autoplay; encrypted-media; gyroscope; picture-in-picture\" allowfullscreen><\/iframe><\/p>\n<p>Janu\u00e1r sa niesol v znamen\u00ed u\u017e spom\u00ednan\u00fdch etapov\u00fdch pretekov <strong>Santos Tour Down Under<\/strong> v Austr\u00e1lii, na ktor\u00fdch sa Slov\u00e1k objavil u\u017e po piatykr\u00e1t. Tohtoro\u010dn\u00e1 \u00fa\u010das\u0165 mu priniesla aj prv\u00e9 v\u00ed\u0165azstvo v podobe 3. etapy, ktor\u00e1 viedla z Lobethal do Uraidla. V nej zdolal u\u017e ostrie\u013ean\u00e9ho \u201eveter\u00e1na\u201c Sancheza \u010di Impeyho. Bl\u00edzko k zopakovaniu tohto \u00faspechu mal aj v etape \u010d\u00edslo p\u00e4\u0165, kde nesta\u010dil len na Philipsena.<\/p>\n<p>\u010eal\u0161ou v porad\u00ed bola <strong>Vuelta a San Juan internacional<\/strong>, ktorej u\u017e 37. ro\u010dn\u00edk sa kon\u00e1\/l v term\u00edne 27. janu\u00e1ra a\u017e 3. febru\u00e1ra. T\u00fd\u017edenn\u00e9 etapov\u00e9 preteky priniesli z ka\u017ed\u00e9ho \u010dosi. \u0160ancu ukoristi\u0165 v\u00ed\u0165azstvo mal najm\u00e4 v druhej etape, ke\u010f nesta\u010dil len na Consonniho a prv\u00e9ho Alaphilippa. Pr\u00edvetivou bude aj 6. etapa, ktorej profil obsahuje len jedin\u00e9 st\u00fapanie s hodnotami 4,4 km a 2,3%, ktor\u00e9 m\u00f4\u017eu dopom\u00f4c\u0165 Saganovi zbavi\u0165 sa konkurencie. Samozrejme, sta\u0165 sa m\u00f4\u017ee \u010doko\u013evek a prekvapi\u0165 m\u00f4\u017ee aj v poslednej, siedmej etape, ktor\u00e1 sa odohr\u00e1 v meste San Juan, kde je pripraven\u00fdch 8 jemne zvlnen\u00fdch okruhov.<\/p>\n<figure id=\"attachment_6119\" aria-describedby=\"caption-attachment-6119\" style=\"width: 1200px\" class=\"wp-caption alignnone\"><a href=\"https:\/\/d2p6e6u75xmxt8.cloudfront.net\/4\/2019\/01\/01-1-1.jpg\"><img loading=\"lazy\" decoding=\"async\" src=\"https:\/\/d2p6e6u75xmxt8.cloudfront.net\/4\/2019\/01\/01-1-1.jpg\" alt=\"\" width=\"1200\" height=\"800\" class=\"size-full wp-image-6119\" \/><\/a><figcaption id=\"caption-attachment-6119\" class=\"wp-caption-text\">Etapa \u010d. 7 v podobe \u00f4smich okruhov.<\/figcaption><\/figure>\n<p>N\u00e1sledne bude Sagana \u010daka\u0165 oddych v trvan\u00ed vy\u0161e jedn\u00e9ho mesiaca. Prirodzene, nem\u00f4\u017eeme o\u010dak\u00e1va\u0165, \u017ee si Peter vylo\u017e\u00ed nohy a zaves\u00ed bicykel na stenu. Pred n\u00edm je s\u00e9ria jarn\u00fdch chu\u0165oviek<\/a>, po\u010d\u00ednaj\u00fac zn\u00e1mym t\u00fd\u017edenn\u00fdm etap\u00e1kom <strong>Tirreno-Adriatico<\/strong> v Taliansku. Od 13. do 19. marca sa bude sna\u017ei\u0165 o zisk jednej z 5 et\u00e1p s hromadn\u00fdm \u0161tartom, ktor\u00fdch profil pripom\u00edna \u010depe\u013e motorovej p\u00edly. Ne\u013eahk\u00fd t\u00fd\u017ede\u0148 priprav\u00ed Petra na skuto\u010dn\u00e9 drahokamy jari.<\/p>\n<p><iframe loading=\"lazy\" width=\"560\" height=\"315\" src=\"https:\/\/www.youtube-nocookie.com\/embed\/Ab4Lz-IAl9g\" frameborder=\"0\" allow=\"accelerometer; autoplay; encrypted-media; gyroscope; picture-in-picture\" allowfullscreen><\/iframe><\/p>\n<p>23. marca sa postav\u00ed na \u0161tart <strong>Mil\u00e1no &#8211; San Remo<\/strong>, kde potvrd\u00ed svoju celkov\u00fa 8. \u00fa\u010das\u0165 na t\u00fdchto pretekoch. V roku 2013 tu skon\u010dil tesne druh\u00fd, o dva roky nato zasa \u0161tvrt\u00fd. V roku 2017 si zopakoval umiestnenie spred 4 rokov. 294 kilometrov dlh\u00e1 tra\u0165 dok\u00e1\u017ee prekvapi\u0165 nielen svoj\u00edm, na prv\u00fd poh\u013ead rovinat\u00fdm profilom, ale aj vrtochmi po\u010dasia.<\/p>\n<p>Pred apr\u00edlov\u00fdmi monumentmi si dopraje e\u0161te dvojicu jednor\u00e1zoviek. Najprv 29. marca <strong>E3 BinckBank Classic<\/strong> po 8-kr\u00e1t a n\u00e1sledne o dva dni nato, 31. marca, <strong>Gent-Wevelgem<\/strong> na fl\u00e1mskych poliach. Obidve klasiky s\u00fa Petrovi u\u017e viac ne\u017e zn\u00e1me. Na prvej z menovan\u00fdch dok\u00e1zal vyhra\u0165 v roku 2014, na tej druhej v 2013, 2016 a 2018.<\/p>\n<p>Jedin\u00fdm monumentom (jedna z piatich najv\u00fdznamnej\u0161\u00edch klas\u00edk), ktor\u00e9ho sa Sagan v tomto roku <strong>nez\u00fa\u010dastn\u00ed<\/strong>, je <strong>Giro di Lombardia<\/strong>. Po Mil\u00e1no \u2013 San Remo pr\u00edde na rad klasika s v\u0161ehovoriacim n\u00e1zvom, <strong>Ronde van Vlaanderen \u2013 Tour des Flandres<\/strong>. Viac-menej rovinat\u00e1, 265 km dlh\u00e1 klasika uk\u00e1\u017ee, pre\u010do je jej rozhoduj\u00facim \u00fasekom posledn\u00e1 trojica st\u00fapan\u00ed \u2013 Kruisberg, Oude Kwaremont a Paterberg, odkia\u013e vedie rovina a\u017e do cie\u013ea. Pr\u00e1ve na nej uk\u00e1zal Sagan svoju silu, ke\u010f v poslednom st\u00fapan\u00ed odtrhol Cancellaru a Van Marckea v roku 2016.<\/p>\n<p>O t\u00fd\u017ede\u0148 nato, 14. apr\u00edla, sa budeme te\u0161i\u0165 na mo\u017enos\u0165 Sagana zopakova\u0165 si debutov\u00e9 v\u00ed\u0165azstvo z minul\u00e9ho roku na <strong>Par\u00ed\u017e &#8211; Roubaix<\/strong> s povestn\u00fdmi sektormi, vydl\u00e1\u017eden\u00fdmi t\u00fdmi najpovestnej\u0161\u00edmi kockami, in\u00fdmi slovami, pav\u00e9. Jeho s\u00fapermi bud\u00fa u\u017e tradi\u010dne Van Avermaet, Philippe Gilbert \u010di Zden\u011bk \u0160tybar.<\/p>\n<p><iframe loading=\"lazy\" width=\"560\" height=\"315\" src=\"https:\/\/www.youtube-nocookie.com\/embed\/NsSv0bVzXDY\" frameborder=\"0\" allow=\"accelerometer; autoplay; encrypted-media; gyroscope; picture-in-picture\" allowfullscreen><\/iframe><\/p>\n<p>21. apr\u00edla to bude zasa <strong>Amstel Gold Race<\/strong>, ktor\u00fd preru\u0161\u00ed s\u00e9riu u\u017e spom\u00ednan\u00fdch monumentov. Tieto jednor\u00e1zov\u00e9 preteky nemali e\u0161te pre Petra pr\u00edchu\u0165 v\u00ed\u0165azstva. V roku 2012 si pri\u0161iel po 3. miesto, a v roku 2018 to bola \u201ezemiakov\u00e1\u201c poz\u00edcia.<\/p>\n<p>Poslednou zast\u00e1vkou a bodkou za klasik\u00e1rskou sez\u00f3nou bude <strong>Liege \u2013 Bastogne \u2013 Liege<\/strong>, ktor\u00e1 bude aj debutovou pre Sagana. S nap\u00e4t\u00edm budeme teda o\u010dak\u00e1va\u0165, ako dopadne tento prv\u00fd pokus na belgickej p\u00f4de.<\/p>\n<div class=\"shortcode-ys-post-pinup\"><article class=\"loop-simple post-3328 post type-post status-publish format-standard has-post-thumbnail hentry category-cestna-cyklisitika category-legendy category-grand-tour tag-amstel-gold-race tag-belgicko tag-cestna-cyklistika tag-e3-harelbeke tag-francuzsko tag-gent-wevelgem tag-jar tag-jarne-klasiky tag-kocky tag-liege-bastogne-liege tag-milano-san-remo tag-okolo-flamska tag-pariz-roubaix tag-pave tag-peter-sagan tag-preteky tag-strade-bianche tag-taliansko tag-tirreno-adriatico\" data-postid=\"3328\" role=\"article\" data-post-id=\"3328\" data-word-count=\"758\" data-headline-length=\"94\" data-category=\"Cestn\u00e1 cyklistika\" data-author=\"We Love Cycling\" data-published=\"2018-04-18T21:33:27+02:00\" data-published-day=\"Wednesday\">\n    <div class=\"entry-thumbnail article-thumbnail\" content=\"https:\/\/d2p6e6u75xmxt8.cloudfront.net\/4\/2018\/04\/02-1-150x150.webp\"><a href=\"https:\/\/www.welovecycling.com\/sk\/2018\/04\/18\/klasikarska-jar-petra-sagana\/\" class=\"image-holder\" target=\"_self\"><img decoding=\"async\" loading=\"lazy\" class=\"\" src=\"https:\/\/d2p6e6u75xmxt8.cloudfront.net\/4\/2018\/04\/02-1-1024x447.webp\" srcset=\"https:\/\/d2p6e6u75xmxt8.cloudfront.net\/4\/2018\/04\/02-1.webp 1375w, https:\/\/d2p6e6u75xmxt8.cloudfront.net\/4\/2018\/04\/02-1-300x131.webp 300w, https:\/\/d2p6e6u75xmxt8.cloudfront.net\/4\/2018\/04\/02-1-1024x447.webp 1024w, https:\/\/d2p6e6u75xmxt8.cloudfront.net\/4\/2018\/04\/02-1-768x335.webp 768w\" width=\"1024\" height=\"447\" sizes=\"auto, (min-width: 1200px) 458px, (min-width: 768px) 38vw, 100vw\" alt=\"klasikarska-jar-petra-sagana\"\/><\/a><\/div>    <div class=\"entry-meta\">\n        <a class=\"label label-secondary post-category\" href=\"https:\/\/www.welovecycling.com\/sk\/category\/cestna-cyklisitika\/\" title=\"Cestn\u00e1 cyklistika\">Cestn\u00e1 cyklistika<\/a>\n    <\/div>\n    <div class=\"entry-details\">\n        <a href=\"https:\/\/www.welovecycling.com\/sk\/2018\/04\/18\/klasikarska-jar-petra-sagana\/\" class='entry-title-wrapper'>\n            <h3 class=\"entry-title\"><span>\u201eKlasik\u00e1rska\u201c jar Petra Sagana \u2013 \u0161otolina, kocky, s\u00faboje a druh\u00fd v\u00ed\u0165azn\u00fd monument<\/span><\/h3>\n        <\/a>\n    <\/div>\n    <\/article>\n<\/div>\n<p>Nabra\u0165 sily a odd\u00fdchnu\u0165 si bude mottom dvoch t\u00fd\u017ed\u0148ov, deliacich posledn\u00fa klasiku od u\u017e tretieho t\u00fd\u017edenn\u00e9ho etap\u00e1ku v sez\u00f3ne 2019, ktor\u00fdm bude u\u017e po jubilejn\u00fd 10-kr\u00e1t, <strong>Amgen Tour of California<\/strong>. Uvid\u00edme, \u010di v rozmedz\u00ed 12. a\u017e 18. m\u00e1ja prid\u00e1 na svoje konto, na ktorom sa u\u017e teraz tkvie 16 etapov\u00fdch v\u00ed\u0165azstiev, 11 druh\u00fdch miest a 6 tret\u00edch, \u010fal\u0161ie, nemenej cenn\u00e9 prv\u00e9 prie\u010dky. Mo\u017eno sa pritraf\u00ed aj celkov\u00e9 v\u00ed\u0165azstvo, ako tomu bolo v roku 2015.<\/p>\n<p><iframe loading=\"lazy\" width=\"560\" height=\"315\" src=\"https:\/\/www.youtube-nocookie.com\/embed\/plwT0X2YK4s\" frameborder=\"0\" allow=\"accelerometer; autoplay; encrypted-media; gyroscope; picture-in-picture\" allowfullscreen><\/iframe><\/p>\n<p>Po n\u00e1vrate do domoviny, in\u00fdmi slovami, do Eur\u00f3py, bude na\u0148ho v j\u00fani \u010daka\u0165 <strong>Tour de Suisse<\/strong>. Hornat\u00e9 etapov\u00e9 preteky maj\u00fa nie\u010do spolo\u010dn\u00e9 s americkou Amgen Tour of California; okrem identickej, desiatej \u00fa\u010dasti na nej, bude Peter bojova\u0165 aj o svoje 17. v\u00ed\u0165azstvo na obidvoch z nich.<\/p>\n<p>Na koniec n\u00e1\u0161ho harmonogramu sa dostala kr\u00e1ska z Franc\u00fazska, vy\u0161e storo\u010dn\u00e1 <a href=\"https:\/\/www.welovecycling.com\/sk\/2018\/07\/09\/sagan-po-prvych-dvoch-etapach-v-zltom-drese\/\">Tour de France<\/a>. 6 ziskov zelen\u00e9ho dresu, 11 etapov\u00fdch v\u00ed\u0165azstiev \u010di 21 druh\u00fdch miest, hovoria sn\u00e1\u010f za v\u0161etko. Peter je na tomto podujat\u00ed ako doma. 21 et\u00e1p pon\u00fakne viacero vhodn\u00fdch pr\u00edle\u017eitost\u00ed pre zmocnenie sa tak bodovacej s\u00fa\u0165a\u017ee o zelen\u00fd dres, ako aj zisku v\u00ed\u0165azstva v etape.<\/p>\n<p><iframe loading=\"lazy\" width=\"560\" height=\"315\" src=\"https:\/\/www.youtube-nocookie.com\/embed\/k3EVGxAf91o\" frameborder=\"0\" allow=\"accelerometer; autoplay; encrypted-media; gyroscope; picture-in-picture\" allowfullscreen><\/iframe><\/p>\n<p>Sez\u00f3na sa e\u0161te len pomaly rozbieha. Jej klenoty \u010dakaj\u00fa nielen na Sagana, ale aj na n\u00e1s, na jeho fan\u00fa\u0161ikov. Te\u0161\u00edme sa preto spolu s vami na to, ako sa slovensk\u00e9mu r\u00fdchlikovi bude v jej priebehu dari\u0165.<\/p>\n","protected":false},"excerpt":{"rendered":"<p>Prv\u00fd mesiac roku 2019 n\u00e1m pomaly ale isto uplynul a slovensk\u00fd r\u00fdchlik u\u017e m\u00e1 za sebou svoje prv\u00e9 etapov\u00e9 preteky [&hellip;]<\/p>\n","protected":false},"author":38,"featured_media":6114,"comment_status":"open","ping_status":"open","sticky":false,"template":"","format":"standard","meta":{"footnotes":""},"categories":[4],"tags":[558,160,275,115,800,331,789,428,46,179,256,523,20,269],"global-categories":[],"class_list":["post-6113","post","type-post","status-publish","format-standard","has-post-thumbnail","hentry","category-cestna-cyklisitika","tag-558","tag-bora-hansgrohe","tag-cesta","tag-cestna-cyklistika","tag-elita","tag-etapove-preteky","tag-kalendar","tag-pariz-roubaix","tag-peter-sagan","tag-preteky","tag-sezona","tag-slovensko","tag-tour-de-france","tag-vitaz"],"yoast_head":"<!-- This site is optimized with the Yoast SEO Premium plugin v25.3 (Yoast SEO v25.9) - https:\/\/yoast.com\/wordpress\/plugins\/seo\/ -->\n<title>Kde uvid\u00edme Pe\u0165a Sagana v sez\u00f3ne 2019? - \u0160koda We Love Cycling Slovensko<\/title>\n<meta name=\"robots\" content=\"index, follow, max-snippet:-1, max-image-preview:large, max-video-preview:-1\" \/>\n<link rel=\"canonical\" href=\"https:\/\/www.welovecycling.com\/sk\/2019\/02\/01\/kde-uvidime-peta-sagana-v-sezone-2019\/\" \/>\n<meta property=\"og:locale\" content=\"sk_SK\" \/>\n<meta property=\"og:type\" content=\"article\" \/>\n<meta property=\"og:title\" content=\"Kde uvid\u00edme Pe\u0165a Sagana v sez\u00f3ne 2019?\" \/>\n<meta property=\"og:description\" content=\"Prv\u00fd mesiac roku 2019 n\u00e1m pomaly ale isto uplynul a slovensk\u00fd r\u00fdchlik u\u017e m\u00e1 za sebou svoje prv\u00e9 etapov\u00e9 preteky [&hellip;]\" \/>\n<meta property=\"og:url\" content=\"https:\/\/www.welovecycling.com\/sk\/2019\/02\/01\/kde-uvidime-peta-sagana-v-sezone-2019\/\" \/>\n<meta property=\"og:site_name\" content=\"\u0160koda We Love Cycling Slovensko\" \/>\n<meta property=\"article:published_time\" content=\"2019-02-01T09:15:54+00:00\" \/>\n<meta property=\"og:image\" content=\"https:\/\/d2p6e6u75xmxt8.cloudfront.net\/4\/2019\/01\/00-5.webp\" \/>\n\t<meta property=\"og:image:width\" content=\"1380\" \/>\n\t<meta property=\"og:image:height\" content=\"600\" \/>\n\t<meta property=\"og:image:type\" content=\"image\/webp\" \/>\n<meta name=\"author\" content=\"Ondrej Ga\u0161par\" \/>\n<meta name=\"twitter:card\" content=\"summary_large_image\" \/>\n<meta name=\"twitter:label1\" content=\"Written by\" \/>\n\t<meta name=\"twitter:data1\" content=\"We Love Cycling\" \/>\n\t<meta name=\"twitter:label2\" content=\"Est. reading time\" \/>\n\t<meta name=\"twitter:data2\" content=\"5 minutes\" \/>\n<script type=\"application\/ld+json\" class=\"yoast-schema-graph\">{\"@context\":\"https:\/\/schema.org\",\"@graph\":[{\"@type\":\"WebPage\",\"@id\":\"https:\/\/www.welovecycling.com\/sk\/2019\/02\/01\/kde-uvidime-peta-sagana-v-sezone-2019\/\",\"url\":\"https:\/\/www.welovecycling.com\/sk\/2019\/02\/01\/kde-uvidime-peta-sagana-v-sezone-2019\/\",\"name\":\"Kde uvid\u00edme Pe\u0165a Sagana v sez\u00f3ne 2019? - \u0160koda We Love Cycling Slovensko\",\"isPartOf\":{\"@id\":\"https:\/\/www.welovecycling.com\/sk\/#website\"},\"primaryImageOfPage\":{\"@id\":\"https:\/\/www.welovecycling.com\/sk\/2019\/02\/01\/kde-uvidime-peta-sagana-v-sezone-2019\/#primaryimage\"},\"image\":{\"@id\":\"https:\/\/www.welovecycling.com\/sk\/2019\/02\/01\/kde-uvidime-peta-sagana-v-sezone-2019\/#primaryimage\"},\"thumbnailUrl\":\"https:\/\/d2p6e6u75xmxt8.cloudfront.net\/4\/2019\/01\/00-5.webp\",\"datePublished\":\"2019-02-01T09:15:54+00:00\",\"author\":{\"@id\":\"https:\/\/www.welovecycling.com\/sk\/#\/schema\/person\/8ee09ba39b7e25b1870160aa5b3a89bc\"},\"breadcrumb\":{\"@id\":\"https:\/\/www.welovecycling.com\/sk\/2019\/02\/01\/kde-uvidime-peta-sagana-v-sezone-2019\/#breadcrumb\"},\"inLanguage\":\"sk-SK\",\"potentialAction\":[{\"@type\":\"ReadAction\",\"target\":[\"https:\/\/www.welovecycling.com\/sk\/2019\/02\/01\/kde-uvidime-peta-sagana-v-sezone-2019\/\"]}]},{\"@type\":\"ImageObject\",\"inLanguage\":\"sk-SK\",\"@id\":\"https:\/\/www.welovecycling.com\/sk\/2019\/02\/01\/kde-uvidime-peta-sagana-v-sezone-2019\/#primaryimage\",\"url\":\"https:\/\/d2p6e6u75xmxt8.cloudfront.net\/4\/2019\/01\/00-5.webp\",\"contentUrl\":\"https:\/\/d2p6e6u75xmxt8.cloudfront.net\/4\/2019\/01\/00-5.webp\",\"width\":1380,\"height\":600},{\"@type\":\"BreadcrumbList\",\"@id\":\"https:\/\/www.welovecycling.com\/sk\/2019\/02\/01\/kde-uvidime-peta-sagana-v-sezone-2019\/#breadcrumb\",\"itemListElement\":[{\"@type\":\"ListItem\",\"position\":1,\"name\":\"Home\",\"item\":\"https:\/\/www.welovecycling.com\/sk\/\"},{\"@type\":\"ListItem\",\"position\":2,\"name\":\"Kde uvid\u00edme Pe\u0165a Sagana v sez\u00f3ne 2019?\"}]},{\"@type\":\"WebSite\",\"@id\":\"https:\/\/www.welovecycling.com\/sk\/#website\",\"url\":\"https:\/\/www.welovecycling.com\/sk\/\",\"name\":\"\u0160koda We Love Cycling Slovensko\",\"description\":\"\u0160koda We Love Cycling Slovensko je v\u00e1\u0161 ka\u017edodenn\u00fd zdroj noviniek a in\u0161pir\u00e1cie z sveta cyklistiky\",\"potentialAction\":[{\"@type\":\"SearchAction\",\"target\":{\"@type\":\"EntryPoint\",\"urlTemplate\":\"https:\/\/www.welovecycling.com\/sk\/?s={search_term_string}\"},\"query-input\":{\"@type\":\"PropertyValueSpecification\",\"valueRequired\":true,\"valueName\":\"search_term_string\"}}],\"inLanguage\":\"sk-SK\"},{\"@type\":\"Person\",\"@id\":\"https:\/\/www.welovecycling.com\/sk\/#\/schema\/person\/8ee09ba39b7e25b1870160aa5b3a89bc\",\"name\":\"Ondrej Ga\u0161par\",\"image\":{\"@type\":\"ImageObject\",\"inLanguage\":\"sk-SK\",\"@id\":\"https:\/\/www.welovecycling.com\/sk\/#\/schema\/person\/image\/\",\"url\":\"https:\/\/secure.gravatar.com\/avatar\/6126c9afb87b70da5abbb083ddbb21933da15f18f8ca7cb822aba0fb096a48f6?s=96&d=mm&r=g\",\"contentUrl\":\"https:\/\/secure.gravatar.com\/avatar\/6126c9afb87b70da5abbb083ddbb21933da15f18f8ca7cb822aba0fb096a48f6?s=96&d=mm&r=g\",\"caption\":\"Ondrej Ga\u0161par\"},\"url\":\"https:\/\/www.welovecycling.com\/sk\/author\/ondrejgaspar\/\"}]}<\/script>\n<!-- \/ Yoast SEO Premium plugin. -->","yoast_head_json":{"title":"Kde uvid\u00edme Pe\u0165a Sagana v sez\u00f3ne 2019? - \u0160koda We Love Cycling Slovensko","robots":{"index":"index","follow":"follow","max-snippet":"max-snippet:-1","max-image-preview":"max-image-preview:large","max-video-preview":"max-video-preview:-1"},"canonical":"https:\/\/www.welovecycling.com\/sk\/2019\/02\/01\/kde-uvidime-peta-sagana-v-sezone-2019\/","og_locale":"sk_SK","og_type":"article","og_title":"Kde uvid\u00edme Pe\u0165a Sagana v sez\u00f3ne 2019?","og_description":"Prv\u00fd mesiac roku 2019 n\u00e1m pomaly ale isto uplynul a slovensk\u00fd r\u00fdchlik u\u017e m\u00e1 za sebou svoje prv\u00e9 etapov\u00e9 preteky [&hellip;]","og_url":"https:\/\/www.welovecycling.com\/sk\/2019\/02\/01\/kde-uvidime-peta-sagana-v-sezone-2019\/","og_site_name":"\u0160koda We Love Cycling Slovensko","article_published_time":"2019-02-01T09:15:54+00:00","og_image":[{"width":1380,"height":600,"url":"https:\/\/d2p6e6u75xmxt8.cloudfront.net\/4\/2019\/01\/00-5.webp","type":"image\/webp"}],"author":"Ondrej Ga\u0161par","twitter_card":"summary_large_image","twitter_misc":{"Written by":"We Love Cycling","Est. reading time":"5 minutes"},"schema":{"@context":"https:\/\/schema.org","@graph":[{"@type":"WebPage","@id":"https:\/\/www.welovecycling.com\/sk\/2019\/02\/01\/kde-uvidime-peta-sagana-v-sezone-2019\/","url":"https:\/\/www.welovecycling.com\/sk\/2019\/02\/01\/kde-uvidime-peta-sagana-v-sezone-2019\/","name":"Kde uvid\u00edme Pe\u0165a Sagana v sez\u00f3ne 2019? - \u0160koda We Love Cycling Slovensko","isPartOf":{"@id":"https:\/\/www.welovecycling.com\/sk\/#website"},"primaryImageOfPage":{"@id":"https:\/\/www.welovecycling.com\/sk\/2019\/02\/01\/kde-uvidime-peta-sagana-v-sezone-2019\/#primaryimage"},"image":{"@id":"https:\/\/www.welovecycling.com\/sk\/2019\/02\/01\/kde-uvidime-peta-sagana-v-sezone-2019\/#primaryimage"},"thumbnailUrl":"https:\/\/d2p6e6u75xmxt8.cloudfront.net\/4\/2019\/01\/00-5.webp","datePublished":"2019-02-01T09:15:54+00:00","author":{"@id":"https:\/\/www.welovecycling.com\/sk\/#\/schema\/person\/8ee09ba39b7e25b1870160aa5b3a89bc"},"breadcrumb":{"@id":"https:\/\/www.welovecycling.com\/sk\/2019\/02\/01\/kde-uvidime-peta-sagana-v-sezone-2019\/#breadcrumb"},"inLanguage":"sk-SK","potentialAction":[{"@type":"ReadAction","target":["https:\/\/www.welovecycling.com\/sk\/2019\/02\/01\/kde-uvidime-peta-sagana-v-sezone-2019\/"]}]},{"@type":"ImageObject","inLanguage":"sk-SK","@id":"https:\/\/www.welovecycling.com\/sk\/2019\/02\/01\/kde-uvidime-peta-sagana-v-sezone-2019\/#primaryimage","url":"https:\/\/d2p6e6u75xmxt8.cloudfront.net\/4\/2019\/01\/00-5.webp","contentUrl":"https:\/\/d2p6e6u75xmxt8.cloudfront.net\/4\/2019\/01\/00-5.webp","width":1380,"height":600},{"@type":"BreadcrumbList","@id":"https:\/\/www.welovecycling.com\/sk\/2019\/02\/01\/kde-uvidime-peta-sagana-v-sezone-2019\/#breadcrumb","itemListElement":[{"@type":"ListItem","position":1,"name":"Home","item":"https:\/\/www.welovecycling.com\/sk\/"},{"@type":"ListItem","position":2,"name":"Kde uvid\u00edme Pe\u0165a Sagana v sez\u00f3ne 2019?"}]},{"@type":"WebSite","@id":"https:\/\/www.welovecycling.com\/sk\/#website","url":"https:\/\/www.welovecycling.com\/sk\/","name":"\u0160koda We Love Cycling Slovensko","description":"\u0160koda We Love Cycling Slovensko je v\u00e1\u0161 ka\u017edodenn\u00fd zdroj noviniek a in\u0161pir\u00e1cie z sveta cyklistiky","potentialAction":[{"@type":"SearchAction","target":{"@type":"EntryPoint","urlTemplate":"https:\/\/www.welovecycling.com\/sk\/?s={search_term_string}"},"query-input":{"@type":"PropertyValueSpecification","valueRequired":true,"valueName":"search_term_string"}}],"inLanguage":"sk-SK"},{"@type":"Person","@id":"https:\/\/www.welovecycling.com\/sk\/#\/schema\/person\/8ee09ba39b7e25b1870160aa5b3a89bc","name":"Ondrej Ga\u0161par","image":{"@type":"ImageObject","inLanguage":"sk-SK","@id":"https:\/\/www.welovecycling.com\/sk\/#\/schema\/person\/image\/","url":"https:\/\/secure.gravatar.com\/avatar\/6126c9afb87b70da5abbb083ddbb21933da15f18f8ca7cb822aba0fb096a48f6?s=96&d=mm&r=g","contentUrl":"https:\/\/secure.gravatar.com\/avatar\/6126c9afb87b70da5abbb083ddbb21933da15f18f8ca7cb822aba0fb096a48f6?s=96&d=mm&r=g","caption":"Ondrej Ga\u0161par"},"url":"https:\/\/www.welovecycling.com\/sk\/author\/ondrejgaspar\/"}]}},"_links":{"self":[{"href":"https:\/\/www.welovecycling.com\/sk\/wp-json\/wp\/v2\/posts\/6113","targetHints":{"allow":["GET"]}}],"collection":[{"href":"https:\/\/www.welovecycling.com\/sk\/wp-json\/wp\/v2\/posts"}],"about":[{"href":"https:\/\/www.welovecycling.com\/sk\/wp-json\/wp\/v2\/types\/post"}],"author":[{"embeddable":true,"href":"https:\/\/www.welovecycling.com\/sk\/wp-json\/wp\/v2\/users\/38"}],"replies":[{"embeddable":true,"href":"https:\/\/www.welovecycling.com\/sk\/wp-json\/wp\/v2\/comments?post=6113"}],"version-history":[{"count":2,"href":"https:\/\/www.welovecycling.com\/sk\/wp-json\/wp\/v2\/posts\/6113\/revisions"}],"predecessor-version":[{"id":6174,"href":"https:\/\/www.welovecycling.com\/sk\/wp-json\/wp\/v2\/posts\/6113\/revisions\/6174"}],"wp:featuredmedia":[{"embeddable":true,"href":"https:\/\/www.welovecycling.com\/sk\/wp-json\/wp\/v2\/media\/6114"}],"wp:attachment":[{"href":"https:\/\/www.welovecycling.com\/sk\/wp-json\/wp\/v2\/media?parent=6113"}],"wp:term":[{"taxonomy":"category","embeddable":true,"href":"https:\/\/www.welovecycling.com\/sk\/wp-json\/wp\/v2\/categories?post=6113"},{"taxonomy":"post_tag","embeddable":true,"href":"https:\/\/www.welovecycling.com\/sk\/wp-json\/wp\/v2\/tags?post=6113"},{"taxonomy":"global-categories","embeddable":true,"href":"https:\/\/www.welovecycling.com\/sk\/wp-json\/wp\/v2\/global-categories?post=6113"}],"curies":[{"name":"wp","href":"https:\/\/api.w.org\/{rel}","templated":true}]}}