{"id":611,"date":"2017-05-15T20:45:44","date_gmt":"2017-05-15T18:45:44","guid":{"rendered":"https:\/\/www.welovecycling.com\/sk\/?p=611"},"modified":"2017-12-18T13:13:01","modified_gmt":"2017-12-18T12:13:01","slug":"stan-sa-na-chvilu-profikom-na-letape-du-tour","status":"publish","type":"post","link":"https:\/\/www.welovecycling.com\/sk\/2017\/05\/15\/stan-sa-na-chvilu-profikom-na-letape-du-tour\/","title":{"rendered":"Sta\u0148 sa na chv\u00ed\u013eu prof\u00edkom na L\u2019\u00c9tape du Tour"},"content":{"rendered":"<div id=\"pl-611\"  class=\"panel-layout\" ><div id=\"pg-611-0\"  class=\"panel-grid panel-no-style\" ><div id=\"pgc-611-0-0\"  class=\"panel-grid-cell\" ><div id=\"panel-611-0-0-0\" class=\"so-panel widget widget_sow-editor panel-first-child\" data-index=\"0\" ><div\n\t\t\t\n\t\t\tclass=\"so-widget-sow-editor so-widget-sow-editor-base\"\n\t\t\t\n\t\t>\n<div class=\"siteorigin-widget-tinymce textwidget\">\n\t<p><strong>L\u2019\u00c9tape du Tour je podujatie, ktor\u00e9 tis\u00edckam amat\u00e9rskych cyklistov umo\u017en\u00ed za\u017ei\u0165 atmosf\u00e9ru Tour de France na vlastnej ko\u017ei. Trasa v podstate presne kop\u00edruje 18. etapu tohtoro\u010dnej \u201estarej d\u00e1my\u201c a nech\u00fdbaj\u00fa na nej ani uzavret\u00e9 cesty, podporn\u00e9 vozidl\u00e1, bufety a zbern\u00e9 vozidl\u00e1 pre t\u00fdch, ktor\u00ed c\u00edtia, \u017ee u\u017e to \u010falej nep\u00f4jde. Mimochodom, na podujat\u00ed sa m\u00f4\u017eete z\u00fa\u010dastni\u0165 aj vy spolu s nami \u2013 sta\u010d\u00ed sa len <a href=\"\/sk\/letape-du-tour-2017\/\" target=\"_blank\" rel=\"noopener noreferrer\">zapoji\u0165 do s\u00fa\u0165a\u017ee<\/a>, v ktorej m\u00e1te \u0161ancu vyhra\u0165 jedno zo siedmych \u00fa\u010dastn\u00edckych miest.<\/strong><\/p>\n<h2><strong>Tour de France na vlastnej ko\u017ei<\/strong><\/h2>\n<p>L\u2019\u00c9tape du Tour sa po prv\u00fd kr\u00e1t konalo v roku 1993 a jeho p\u00f4vodnou my\u0161lienkou bolo sprostredkova\u0165 pocity, ktor\u00e9 za\u017e\u00edvaj\u00fa jazdci pri horsk\u00fdch etap\u00e1ch Tour de France \u2013 vr\u00e1tane tvrdej driny. Tento koncept sa udr\u017eal a\u017e do s\u00fa\u010dasnosti, s \u00fa\u010das\u0165ou 15 000 jazdcov v roku 2016. Pri takomto po\u010dte je jasn\u00e9, \u017ee pelot\u00f3n sa nadel\u00ed na skupiny pod\u013ea v\u00fdkonnosti, tak\u017ee sa nemus\u00edte b\u00e1\u0165, \u017ee by ste niekde zostali sami. Posledn\u00e9mu to trv\u00e1 okolo 10 hod\u00edn, no v\u017edy sa n\u00e1jdu aj tak\u00ed, ktor\u00ed trasu nedokon\u010dia. V\u00fd\u0161kov\u00e9 metre nie s\u00fa nikdy zadarmo.<\/p>\n<p>\u00a0<\/p>\n<h2><strong>Kde a kedy?<\/strong><\/h2>\n<p>Tento rok sa v\u0161etko odohr\u00e1 16. j\u00fala. Spom\u00ednan\u00e1 tohtoro\u010dn\u00e1 18. etapa 104. ro\u010dn\u00edka Tour de France bude st\u00e1\u0165 naozaj za to. Na 178 km dlhej trati na cyklistov \u010dakaj\u00fa dve nam\u00e1hav\u00e9 st\u00fapania, najsk\u00f4r Col de Vars (2109 m), a potom z\u00e1vere\u010dn\u00fd Izoard, ktor\u00fd v d\u013a\u017eke 10 km pon\u00fakne priemer st\u00fapania 9 % \u2013 a to u\u017e je horsk\u00fd dojazd ako sa patr\u00ed. Ur\u010dite sa oplat\u00ed si ako mal\u00fa uk\u00e1\u017eku pozrie\u0165 nasleduj\u00face video:<\/p>\n<lite-youtube videoid=EJ78UPfYbYA params=\"enablejsapi=1\" style=\"background-image: url('https:\/\/i.ytimg.com\/vi_webp\/EJ78UPfYbYA\/maxresdefault.webp');\"><\/lite-youtube>\n<h2><strong>Pre koho?<\/strong><\/h2>\n<p>Podujatie je ur\u010den\u00e9 pre v\u0161etk\u00fdch, ktor\u00ed nev\u00e1haj\u00fa a naber\u00fa odvahu, ke\u010f\u017ee dopyt st\u00e1le rastie. Za roky svojho fungovania sa L\u2019\u00c9tape du Tour stalo cie\u013eom mnoh\u00fdch ambici\u00f3znych cyklistov z cel\u00e9ho sveta, nehovoriac o tom, \u017ee mo\u017enos\u0165 z\u00fa\u010dastni\u0165 sa \u201eskuto\u010dnej\u201c etapy tvor\u00ed maxim\u00e1lnu pridan\u00fa hodnotu. Od svojho vstupu na post gener\u00e1lneho sponzora pred 13. rokmi sa \u0160koda sna\u017e\u00ed podporova\u0165 a motivova\u0165 \u013eud\u00ed k \u00fa\u010dasti. Za posledn\u00e9 2 roky umo\u017enila spolu s We Love Cycling vysla\u0165 10. amat\u00e9rskych cyklistov, aby si na L\u2019\u00c9tape du Tour splnili svoj sen.<\/p>\n<p>Tento rok m\u00e1te op\u00e4\u0165 mo\u017enos\u0165 by\u0165 medzi t\u00fdmi, ktor\u00ed sa postavia na \u0161tart skuto\u010dnej etapy a zdolaj\u00fa n\u00e1ro\u010dn\u00e9 st\u00fapania na juhu Franc\u00fazska. Zapojte sa do s\u00fa\u0165a\u017ee a vyhrajte miesto v t\u00edme \u0160koda We Love Cycling.<\/p>\n<p>E\u0161te st\u00e1le m\u00e1te chu\u0165 zdola\u0165 tohtoro\u010dn\u00fa L\u2019\u00c9tape? <strong><a href=\"\/sk\/letape-du-tour-2017\/\" target=\"_blank\" rel=\"noopener noreferrer\">Prihl\u00e1ste sa!<\/a><\/strong><\/p>\n<\/div>\n<\/div><\/div><div id=\"panel-611-0-0-1\" class=\"so-panel widget widget_ys-post-pinup panel-last-child\" data-index=\"1\" ><div\n\t\t\t\n\t\t\tclass=\"so-widget-ys-post-pinup so-widget-ys-post-pinup-base\"\n\t\t\t\n\t\t><\/div><\/div><\/div><\/div><\/div>","protected":false},"excerpt":{"rendered":"<p>L\u2019\u00c9tape du Tour je podujatie, ktor\u00e9 tis\u00edckam amat\u00e9rskych cyklistov umo\u017en\u00ed za\u017ei\u0165 atmosf\u00e9ru Tour de France na vlastnej ko\u017ei. Trasa v [&hellip;]<\/p>\n","protected":false},"author":38,"featured_media":612,"comment_status":"open","ping_status":"open","sticky":false,"template":"","format":"standard","meta":{"footnotes":""},"categories":[4],"tags":[115,71,72,20],"global-categories":[],"class_list":["post-611","post","type-post","status-publish","format-standard","has-post-thumbnail","hentry","category-cestna-cyklisitika","tag-cestna-cyklistika","tag-letape-du-tour","tag-sutaz","tag-tour-de-france"],"yoast_head":"<!-- This site is optimized with the Yoast SEO Premium plugin v25.3 (Yoast SEO v25.9) - https:\/\/yoast.com\/wordpress\/plugins\/seo\/ -->\n<title>Sta\u0148 sa na chv\u00ed\u013eu prof\u00edkom na L\u2019\u00c9tape du Tour - \u0160koda We Love Cycling Slovensko<\/title>\n<meta name=\"robots\" content=\"index, follow, max-snippet:-1, max-image-preview:large, max-video-preview:-1\" \/>\n<link rel=\"canonical\" href=\"https:\/\/www.welovecycling.com\/sk\/2017\/05\/15\/stan-sa-na-chvilu-profikom-na-letape-du-tour\/\" \/>\n<meta property=\"og:locale\" content=\"sk_SK\" \/>\n<meta property=\"og:type\" content=\"article\" \/>\n<meta property=\"og:title\" content=\"Sta\u0148 sa na chv\u00ed\u013eu prof\u00edkom na L\u2019\u00c9tape du Tour\" \/>\n<meta property=\"og:description\" content=\"L\u2019\u00c9tape du Tour je podujatie, ktor\u00e9 tis\u00edckam amat\u00e9rskych cyklistov umo\u017en\u00ed za\u017ei\u0165 atmosf\u00e9ru Tour de France na vlastnej ko\u017ei. Trasa v [&hellip;]\" \/>\n<meta property=\"og:url\" content=\"https:\/\/www.welovecycling.com\/sk\/2017\/05\/15\/stan-sa-na-chvilu-profikom-na-letape-du-tour\/\" \/>\n<meta property=\"og:site_name\" content=\"\u0160koda We Love Cycling Slovensko\" \/>\n<meta property=\"article:published_time\" content=\"2017-05-15T18:45:44+00:00\" \/>\n<meta property=\"article:modified_time\" content=\"2017-12-18T12:13:01+00:00\" \/>\n<meta property=\"og:image\" content=\"https:\/\/d2p6e6u75xmxt8.cloudfront.net\/4\/2017\/05\/48754848_4484848.webp\" \/>\n\t<meta property=\"og:image:width\" content=\"1375\" \/>\n\t<meta property=\"og:image:height\" content=\"600\" \/>\n\t<meta property=\"og:image:type\" content=\"image\/webp\" \/>\n<meta name=\"author\" content=\"Ondrej Ga\u0161par\" \/>\n<meta name=\"twitter:card\" content=\"summary_large_image\" \/>\n<meta name=\"twitter:label1\" content=\"Written by\" \/>\n\t<meta name=\"twitter:data1\" content=\"We Love Cycling\" \/>\n\t<meta name=\"twitter:label2\" content=\"Est. reading time\" \/>\n\t<meta name=\"twitter:data2\" content=\"2 minutes\" \/>\n<script type=\"application\/ld+json\" class=\"yoast-schema-graph\">{\"@context\":\"https:\/\/schema.org\",\"@graph\":[{\"@type\":\"WebPage\",\"@id\":\"https:\/\/www.welovecycling.com\/sk\/2017\/05\/15\/stan-sa-na-chvilu-profikom-na-letape-du-tour\/\",\"url\":\"https:\/\/www.welovecycling.com\/sk\/2017\/05\/15\/stan-sa-na-chvilu-profikom-na-letape-du-tour\/\",\"name\":\"Sta\u0148 sa na chv\u00ed\u013eu prof\u00edkom na L\u2019\u00c9tape du Tour - \u0160koda We Love Cycling Slovensko\",\"isPartOf\":{\"@id\":\"https:\/\/www.welovecycling.com\/sk\/#website\"},\"primaryImageOfPage\":{\"@id\":\"https:\/\/www.welovecycling.com\/sk\/2017\/05\/15\/stan-sa-na-chvilu-profikom-na-letape-du-tour\/#primaryimage\"},\"image\":{\"@id\":\"https:\/\/www.welovecycling.com\/sk\/2017\/05\/15\/stan-sa-na-chvilu-profikom-na-letape-du-tour\/#primaryimage\"},\"thumbnailUrl\":\"https:\/\/d2p6e6u75xmxt8.cloudfront.net\/4\/2017\/05\/48754848_4484848.webp\",\"datePublished\":\"2017-05-15T18:45:44+00:00\",\"dateModified\":\"2017-12-18T12:13:01+00:00\",\"author\":{\"@id\":\"https:\/\/www.welovecycling.com\/sk\/#\/schema\/person\/8ee09ba39b7e25b1870160aa5b3a89bc\"},\"breadcrumb\":{\"@id\":\"https:\/\/www.welovecycling.com\/sk\/2017\/05\/15\/stan-sa-na-chvilu-profikom-na-letape-du-tour\/#breadcrumb\"},\"inLanguage\":\"sk-SK\",\"potentialAction\":[{\"@type\":\"ReadAction\",\"target\":[\"https:\/\/www.welovecycling.com\/sk\/2017\/05\/15\/stan-sa-na-chvilu-profikom-na-letape-du-tour\/\"]}]},{\"@type\":\"ImageObject\",\"inLanguage\":\"sk-SK\",\"@id\":\"https:\/\/www.welovecycling.com\/sk\/2017\/05\/15\/stan-sa-na-chvilu-profikom-na-letape-du-tour\/#primaryimage\",\"url\":\"https:\/\/d2p6e6u75xmxt8.cloudfront.net\/4\/2017\/05\/48754848_4484848.webp\",\"contentUrl\":\"https:\/\/d2p6e6u75xmxt8.cloudfront.net\/4\/2017\/05\/48754848_4484848.webp\",\"width\":1375,\"height\":600},{\"@type\":\"BreadcrumbList\",\"@id\":\"https:\/\/www.welovecycling.com\/sk\/2017\/05\/15\/stan-sa-na-chvilu-profikom-na-letape-du-tour\/#breadcrumb\",\"itemListElement\":[{\"@type\":\"ListItem\",\"position\":1,\"name\":\"Home\",\"item\":\"https:\/\/www.welovecycling.com\/sk\/\"},{\"@type\":\"ListItem\",\"position\":2,\"name\":\"Sta\u0148 sa na chv\u00ed\u013eu prof\u00edkom na L\u2019\u00c9tape du Tour\"}]},{\"@type\":\"WebSite\",\"@id\":\"https:\/\/www.welovecycling.com\/sk\/#website\",\"url\":\"https:\/\/www.welovecycling.com\/sk\/\",\"name\":\"\u0160koda We Love Cycling Slovensko\",\"description\":\"\u0160koda We Love Cycling Slovensko je v\u00e1\u0161 ka\u017edodenn\u00fd zdroj noviniek a in\u0161pir\u00e1cie z sveta cyklistiky\",\"potentialAction\":[{\"@type\":\"SearchAction\",\"target\":{\"@type\":\"EntryPoint\",\"urlTemplate\":\"https:\/\/www.welovecycling.com\/sk\/?s={search_term_string}\"},\"query-input\":{\"@type\":\"PropertyValueSpecification\",\"valueRequired\":true,\"valueName\":\"search_term_string\"}}],\"inLanguage\":\"sk-SK\"},{\"@type\":\"Person\",\"@id\":\"https:\/\/www.welovecycling.com\/sk\/#\/schema\/person\/8ee09ba39b7e25b1870160aa5b3a89bc\",\"name\":\"Ondrej Ga\u0161par\",\"image\":{\"@type\":\"ImageObject\",\"inLanguage\":\"sk-SK\",\"@id\":\"https:\/\/www.welovecycling.com\/sk\/#\/schema\/person\/image\/\",\"url\":\"https:\/\/secure.gravatar.com\/avatar\/6126c9afb87b70da5abbb083ddbb21933da15f18f8ca7cb822aba0fb096a48f6?s=96&d=mm&r=g\",\"contentUrl\":\"https:\/\/secure.gravatar.com\/avatar\/6126c9afb87b70da5abbb083ddbb21933da15f18f8ca7cb822aba0fb096a48f6?s=96&d=mm&r=g\",\"caption\":\"Ondrej Ga\u0161par\"},\"url\":\"https:\/\/www.welovecycling.com\/sk\/author\/ondrejgaspar\/\"}]}<\/script>\n<!-- \/ Yoast SEO Premium plugin. -->","yoast_head_json":{"title":"Sta\u0148 sa na chv\u00ed\u013eu prof\u00edkom na L\u2019\u00c9tape du Tour - \u0160koda We Love Cycling Slovensko","robots":{"index":"index","follow":"follow","max-snippet":"max-snippet:-1","max-image-preview":"max-image-preview:large","max-video-preview":"max-video-preview:-1"},"canonical":"https:\/\/www.welovecycling.com\/sk\/2017\/05\/15\/stan-sa-na-chvilu-profikom-na-letape-du-tour\/","og_locale":"sk_SK","og_type":"article","og_title":"Sta\u0148 sa na chv\u00ed\u013eu prof\u00edkom na L\u2019\u00c9tape du Tour","og_description":"L\u2019\u00c9tape du Tour je podujatie, ktor\u00e9 tis\u00edckam amat\u00e9rskych cyklistov umo\u017en\u00ed za\u017ei\u0165 atmosf\u00e9ru Tour de France na vlastnej ko\u017ei. Trasa v [&hellip;]","og_url":"https:\/\/www.welovecycling.com\/sk\/2017\/05\/15\/stan-sa-na-chvilu-profikom-na-letape-du-tour\/","og_site_name":"\u0160koda We Love Cycling Slovensko","article_published_time":"2017-05-15T18:45:44+00:00","article_modified_time":"2017-12-18T12:13:01+00:00","og_image":[{"width":1375,"height":600,"url":"https:\/\/d2p6e6u75xmxt8.cloudfront.net\/4\/2017\/05\/48754848_4484848.webp","type":"image\/webp"}],"author":"Ondrej Ga\u0161par","twitter_card":"summary_large_image","twitter_misc":{"Written by":"We Love Cycling","Est. reading time":"2 minutes"},"schema":{"@context":"https:\/\/schema.org","@graph":[{"@type":"WebPage","@id":"https:\/\/www.welovecycling.com\/sk\/2017\/05\/15\/stan-sa-na-chvilu-profikom-na-letape-du-tour\/","url":"https:\/\/www.welovecycling.com\/sk\/2017\/05\/15\/stan-sa-na-chvilu-profikom-na-letape-du-tour\/","name":"Sta\u0148 sa na chv\u00ed\u013eu prof\u00edkom na L\u2019\u00c9tape du Tour - \u0160koda We Love Cycling Slovensko","isPartOf":{"@id":"https:\/\/www.welovecycling.com\/sk\/#website"},"primaryImageOfPage":{"@id":"https:\/\/www.welovecycling.com\/sk\/2017\/05\/15\/stan-sa-na-chvilu-profikom-na-letape-du-tour\/#primaryimage"},"image":{"@id":"https:\/\/www.welovecycling.com\/sk\/2017\/05\/15\/stan-sa-na-chvilu-profikom-na-letape-du-tour\/#primaryimage"},"thumbnailUrl":"https:\/\/d2p6e6u75xmxt8.cloudfront.net\/4\/2017\/05\/48754848_4484848.webp","datePublished":"2017-05-15T18:45:44+00:00","dateModified":"2017-12-18T12:13:01+00:00","author":{"@id":"https:\/\/www.welovecycling.com\/sk\/#\/schema\/person\/8ee09ba39b7e25b1870160aa5b3a89bc"},"breadcrumb":{"@id":"https:\/\/www.welovecycling.com\/sk\/2017\/05\/15\/stan-sa-na-chvilu-profikom-na-letape-du-tour\/#breadcrumb"},"inLanguage":"sk-SK","potentialAction":[{"@type":"ReadAction","target":["https:\/\/www.welovecycling.com\/sk\/2017\/05\/15\/stan-sa-na-chvilu-profikom-na-letape-du-tour\/"]}]},{"@type":"ImageObject","inLanguage":"sk-SK","@id":"https:\/\/www.welovecycling.com\/sk\/2017\/05\/15\/stan-sa-na-chvilu-profikom-na-letape-du-tour\/#primaryimage","url":"https:\/\/d2p6e6u75xmxt8.cloudfront.net\/4\/2017\/05\/48754848_4484848.webp","contentUrl":"https:\/\/d2p6e6u75xmxt8.cloudfront.net\/4\/2017\/05\/48754848_4484848.webp","width":1375,"height":600},{"@type":"BreadcrumbList","@id":"https:\/\/www.welovecycling.com\/sk\/2017\/05\/15\/stan-sa-na-chvilu-profikom-na-letape-du-tour\/#breadcrumb","itemListElement":[{"@type":"ListItem","position":1,"name":"Home","item":"https:\/\/www.welovecycling.com\/sk\/"},{"@type":"ListItem","position":2,"name":"Sta\u0148 sa na chv\u00ed\u013eu prof\u00edkom na L\u2019\u00c9tape du Tour"}]},{"@type":"WebSite","@id":"https:\/\/www.welovecycling.com\/sk\/#website","url":"https:\/\/www.welovecycling.com\/sk\/","name":"\u0160koda We Love Cycling Slovensko","description":"\u0160koda We Love Cycling Slovensko je v\u00e1\u0161 ka\u017edodenn\u00fd zdroj noviniek a in\u0161pir\u00e1cie z sveta cyklistiky","potentialAction":[{"@type":"SearchAction","target":{"@type":"EntryPoint","urlTemplate":"https:\/\/www.welovecycling.com\/sk\/?s={search_term_string}"},"query-input":{"@type":"PropertyValueSpecification","valueRequired":true,"valueName":"search_term_string"}}],"inLanguage":"sk-SK"},{"@type":"Person","@id":"https:\/\/www.welovecycling.com\/sk\/#\/schema\/person\/8ee09ba39b7e25b1870160aa5b3a89bc","name":"Ondrej Ga\u0161par","image":{"@type":"ImageObject","inLanguage":"sk-SK","@id":"https:\/\/www.welovecycling.com\/sk\/#\/schema\/person\/image\/","url":"https:\/\/secure.gravatar.com\/avatar\/6126c9afb87b70da5abbb083ddbb21933da15f18f8ca7cb822aba0fb096a48f6?s=96&d=mm&r=g","contentUrl":"https:\/\/secure.gravatar.com\/avatar\/6126c9afb87b70da5abbb083ddbb21933da15f18f8ca7cb822aba0fb096a48f6?s=96&d=mm&r=g","caption":"Ondrej Ga\u0161par"},"url":"https:\/\/www.welovecycling.com\/sk\/author\/ondrejgaspar\/"}]}},"_links":{"self":[{"href":"https:\/\/www.welovecycling.com\/sk\/wp-json\/wp\/v2\/posts\/611","targetHints":{"allow":["GET"]}}],"collection":[{"href":"https:\/\/www.welovecycling.com\/sk\/wp-json\/wp\/v2\/posts"}],"about":[{"href":"https:\/\/www.welovecycling.com\/sk\/wp-json\/wp\/v2\/types\/post"}],"author":[{"embeddable":true,"href":"https:\/\/www.welovecycling.com\/sk\/wp-json\/wp\/v2\/users\/38"}],"replies":[{"embeddable":true,"href":"https:\/\/www.welovecycling.com\/sk\/wp-json\/wp\/v2\/comments?post=611"}],"version-history":[{"count":2,"href":"https:\/\/www.welovecycling.com\/sk\/wp-json\/wp\/v2\/posts\/611\/revisions"}],"predecessor-version":[{"id":618,"href":"https:\/\/www.welovecycling.com\/sk\/wp-json\/wp\/v2\/posts\/611\/revisions\/618"}],"wp:featuredmedia":[{"embeddable":true,"href":"https:\/\/www.welovecycling.com\/sk\/wp-json\/wp\/v2\/media\/612"}],"wp:attachment":[{"href":"https:\/\/www.welovecycling.com\/sk\/wp-json\/wp\/v2\/media?parent=611"}],"wp:term":[{"taxonomy":"category","embeddable":true,"href":"https:\/\/www.welovecycling.com\/sk\/wp-json\/wp\/v2\/categories?post=611"},{"taxonomy":"post_tag","embeddable":true,"href":"https:\/\/www.welovecycling.com\/sk\/wp-json\/wp\/v2\/tags?post=611"},{"taxonomy":"global-categories","embeddable":true,"href":"https:\/\/www.welovecycling.com\/sk\/wp-json\/wp\/v2\/global-categories?post=611"}],"curies":[{"name":"wp","href":"https:\/\/api.w.org\/{rel}","templated":true}]}}