{"id":608,"date":"2017-05-03T20:34:43","date_gmt":"2017-05-03T18:34:43","guid":{"rendered":"https:\/\/www.welovecycling.com\/sk\/?p=608"},"modified":"2017-05-16T20:45:01","modified_gmt":"2017-05-16T18:45:01","slug":"sutaz-o-najlepsieho-zjazdara-na-gire-sa-nestretla-s-pozitivnou-odozvou","status":"publish","type":"post","link":"https:\/\/www.welovecycling.com\/sk\/2017\/05\/03\/sutaz-o-najlepsieho-zjazdara-na-gire-sa-nestretla-s-pozitivnou-odozvou\/","title":{"rendered":"S\u00fa\u0165a\u017e o najlep\u0161ieho zjazd\u00e1ra na Gire sa nestretla s pozit\u00edvnou odozvou"},"content":{"rendered":"<p><strong>Dnes nie je ni\u010d neobvykl\u00e9 na tom, \u017ee sa predbieha nielen v kopci, ale aj cestou nadol. Jazdci dne\u0161nej doby \u010dastokr\u00e1t predv\u00e1dzaj\u00fa \u00fa\u017easne vyrovnan\u00e9 v\u00fdkony a musia tak bojova\u0165 o ka\u017ed\u00fa sekundu a vyu\u017e\u00edva\u0165 moment prekvapenia.<\/strong><\/p>\n<p><a href=\"https:\/\/twitter.com\/WoutPoels\/status\/859087546478993409\">https:\/\/twitter.com\/WoutPoels\/status\/859087546478993409<\/a><\/p>\n<p>By\u0165 dobr\u00fdm zjazd\u00e1rom je \u010doraz d\u00f4le\u017eitej\u0161ie, ak chc\u00fa pretek\u00e1ri pom\u00fd\u0161\u013ea\u0165 na tie najvy\u0161\u0161ie prie\u010dky. Pr\u00e1ve tento aspekt chceli vyu\u017ei\u0165 organiz\u00e1tori Giro D&#8217;Italia prostedn\u00edctvom novej formy virtu\u00e1lnej s\u00fa\u0165a\u017ee. Na trase malo by\u0165 vyp\u00edsan\u00fdch 10 segmentov v r\u00e1mci s\u00fa\u0165a\u017ee o najlep\u0161\u00ed zjazd, tzv. \u201edescending competition\u201c. Medzi nimi napr\u00edklad aj povestn\u00fd zjazd zo Stelvia. Najr\u00fdchlej\u0161\u00ed jazdec na danom segmente by bol odmenen\u00fd sumou 500 eur a bodmi do celkov\u00e9ho hodnotenia. V r\u00e1mci neho by bolo potom najlep\u0161\u00ed v celkovom porad\u00ed tejto novej bodovacej s\u00fata\u017ee \u201czjazd\u00e1rov\u201d mohol z\u00edska\u0165 5000 eur. Len\u017ee t\u00e1to my\u0161lienka sa v\u00f4bec nep\u00e1\u010dila profesion\u00e1lnym jazdcom, ktor\u00ed maj\u00fa e\u0161te st\u00e1le v pam\u00e4ti ne\u0161\u0165astn\u00fa smr\u0165 Woutera Weylandta. Wouter toti\u017e zahynul pr\u00e1ve po\u010das zjazdu na Gire, ke\u010f sa sna\u017eil z\u00edska\u0165 sekundy na pelot\u00f3n.<\/p>\n<div class=\"embed-controller-wrapper\">\n<blockquote class=\"twitter-tweet\" data-width=\"500\" data-dnt=\"true\">\n<p lang=\"en\" dir=\"ltr\"><a href=\"https:\/\/twitter.com\/giroditalia?ref_src=twsrc%5Etfw\">@giroditalia<\/a> Its not that long ago that we lost our friend and college Wouter Weylandt  in a descent crash.Should this happen again?! NO!!!<\/p>\n<p>&mdash; Marcus Burghardt (@MBurghardt83) <a href=\"https:\/\/twitter.com\/MBurghardt83\/status\/859126073753292800?ref_src=twsrc%5Etfw\">May 1, 2017<\/a><\/p><\/blockquote>\n<p><script async data-src=\"https:\/\/platform.twitter.com\/widgets.js\" charset=\"utf-8\"><\/script><\/div>\n<p>Celkovo s\u00fa preteky v s\u00fa\u010dasnosti poriadne \u201cna hrane\u201c a t\u00e1to s\u00fa\u0165a\u017e by len priliala olej do oh\u0148a, a tak sa nakoniec organiz\u00e1tori rozhodli cel\u00fa my\u0161lienku zavrhn\u00fa\u0165.<\/p>\n<div class=\"embed-controller-wrapper\">\n<blockquote class=\"twitter-tweet\" data-width=\"500\" data-dnt=\"true\">\n<p lang=\"en\" dir=\"ltr\">.<a href=\"https:\/\/twitter.com\/giroditalia?ref_src=twsrc%5Etfw\">@giroditalia<\/a> seriously?! If this true you should be ashamed.. aren&#39;t there already enough crashes? Clearly you only care about sensation.. <a href=\"https:\/\/t.co\/uWnIyhSil7\">https:\/\/t.co\/uWnIyhSil7<\/a><\/p>\n<p>&mdash; Jasper Stuyven (@Jasperstuyven) <a href=\"https:\/\/twitter.com\/Jasperstuyven\/status\/859084129840898048?ref_src=twsrc%5Etfw\">May 1, 2017<\/a><\/p><\/blockquote>\n<p><script async data-src=\"https:\/\/platform.twitter.com\/widgets.js\" charset=\"utf-8\"><\/script><\/div>\n","protected":false},"excerpt":{"rendered":"<p>Dnes nie je ni\u010d neobvykl\u00e9 na tom, \u017ee sa predbieha nielen v kopci, ale aj cestou nadol. Jazdci dne\u0161nej doby [&hellip;]<\/p>\n","protected":false},"author":38,"featured_media":609,"comment_status":"open","ping_status":"open","sticky":false,"template":"","format":"standard","meta":{"footnotes":""},"categories":[47,4,63],"tags":[65,67,69,66,70,68],"global-categories":[],"class_list":["post-608","post","type-post","status-publish","format-standard","has-post-thumbnail","hentry","category-adrenalin","category-cestna-cyklisitika","category-grand-tour","tag-giro-d-italia","tag-jasper-stuyven","tag-marcus-burghardt","tag-najlepsi-zjazdar","tag-wout-poels","tag-wouter-weylandt"],"yoast_head":"<!-- This site is optimized with the Yoast SEO Premium plugin v25.3 (Yoast SEO v25.9) - https:\/\/yoast.com\/wordpress\/plugins\/seo\/ -->\n<title>S\u00fa\u0165a\u017e o najlep\u0161ieho zjazd\u00e1ra na Gire sa nestretla s pozit\u00edvnou odozvou - \u0160koda We Love Cycling Slovensko<\/title>\n<meta name=\"robots\" content=\"index, follow, max-snippet:-1, max-image-preview:large, max-video-preview:-1\" \/>\n<link rel=\"canonical\" href=\"https:\/\/www.welovecycling.com\/sk\/2017\/05\/03\/sutaz-o-najlepsieho-zjazdara-na-gire-sa-nestretla-s-pozitivnou-odozvou\/\" \/>\n<meta property=\"og:locale\" content=\"sk_SK\" \/>\n<meta property=\"og:type\" content=\"article\" \/>\n<meta property=\"og:title\" content=\"S\u00fa\u0165a\u017e o najlep\u0161ieho zjazd\u00e1ra na Gire sa nestretla s pozit\u00edvnou odozvou\" \/>\n<meta property=\"og:description\" content=\"Dnes nie je ni\u010d neobvykl\u00e9 na tom, \u017ee sa predbieha nielen v kopci, ale aj cestou nadol. Jazdci dne\u0161nej doby [&hellip;]\" \/>\n<meta property=\"og:url\" content=\"https:\/\/www.welovecycling.com\/sk\/2017\/05\/03\/sutaz-o-najlepsieho-zjazdara-na-gire-sa-nestretla-s-pozitivnou-odozvou\/\" \/>\n<meta property=\"og:site_name\" content=\"\u0160koda We Love Cycling Slovensko\" \/>\n<meta property=\"article:published_time\" content=\"2017-05-03T18:34:43+00:00\" \/>\n<meta property=\"article:modified_time\" content=\"2017-05-16T18:45:01+00:00\" \/>\n<meta property=\"og:image\" content=\"https:\/\/d2p6e6u75xmxt8.cloudfront.net\/4\/2017\/05\/giro-descending.webp\" \/>\n\t<meta property=\"og:image:width\" content=\"1375\" \/>\n\t<meta property=\"og:image:height\" content=\"600\" \/>\n\t<meta property=\"og:image:type\" content=\"image\/webp\" \/>\n<meta name=\"author\" content=\"Ondrej Ga\u0161par\" \/>\n<meta name=\"twitter:card\" content=\"summary_large_image\" \/>\n<meta name=\"twitter:label1\" content=\"Written by\" \/>\n\t<meta name=\"twitter:data1\" content=\"We Love Cycling\" \/>\n\t<meta name=\"twitter:label2\" content=\"Est. reading time\" \/>\n\t<meta name=\"twitter:data2\" content=\"1 minute\" \/>\n<script type=\"application\/ld+json\" class=\"yoast-schema-graph\">{\"@context\":\"https:\/\/schema.org\",\"@graph\":[{\"@type\":\"WebPage\",\"@id\":\"https:\/\/www.welovecycling.com\/sk\/2017\/05\/03\/sutaz-o-najlepsieho-zjazdara-na-gire-sa-nestretla-s-pozitivnou-odozvou\/\",\"url\":\"https:\/\/www.welovecycling.com\/sk\/2017\/05\/03\/sutaz-o-najlepsieho-zjazdara-na-gire-sa-nestretla-s-pozitivnou-odozvou\/\",\"name\":\"S\u00fa\u0165a\u017e o najlep\u0161ieho zjazd\u00e1ra na Gire sa nestretla s pozit\u00edvnou odozvou - \u0160koda We Love Cycling Slovensko\",\"isPartOf\":{\"@id\":\"https:\/\/www.welovecycling.com\/sk\/#website\"},\"primaryImageOfPage\":{\"@id\":\"https:\/\/www.welovecycling.com\/sk\/2017\/05\/03\/sutaz-o-najlepsieho-zjazdara-na-gire-sa-nestretla-s-pozitivnou-odozvou\/#primaryimage\"},\"image\":{\"@id\":\"https:\/\/www.welovecycling.com\/sk\/2017\/05\/03\/sutaz-o-najlepsieho-zjazdara-na-gire-sa-nestretla-s-pozitivnou-odozvou\/#primaryimage\"},\"thumbnailUrl\":\"https:\/\/d2p6e6u75xmxt8.cloudfront.net\/4\/2017\/05\/giro-descending.webp\",\"datePublished\":\"2017-05-03T18:34:43+00:00\",\"dateModified\":\"2017-05-16T18:45:01+00:00\",\"author\":{\"@id\":\"https:\/\/www.welovecycling.com\/sk\/#\/schema\/person\/8ee09ba39b7e25b1870160aa5b3a89bc\"},\"breadcrumb\":{\"@id\":\"https:\/\/www.welovecycling.com\/sk\/2017\/05\/03\/sutaz-o-najlepsieho-zjazdara-na-gire-sa-nestretla-s-pozitivnou-odozvou\/#breadcrumb\"},\"inLanguage\":\"sk-SK\",\"potentialAction\":[{\"@type\":\"ReadAction\",\"target\":[\"https:\/\/www.welovecycling.com\/sk\/2017\/05\/03\/sutaz-o-najlepsieho-zjazdara-na-gire-sa-nestretla-s-pozitivnou-odozvou\/\"]}]},{\"@type\":\"ImageObject\",\"inLanguage\":\"sk-SK\",\"@id\":\"https:\/\/www.welovecycling.com\/sk\/2017\/05\/03\/sutaz-o-najlepsieho-zjazdara-na-gire-sa-nestretla-s-pozitivnou-odozvou\/#primaryimage\",\"url\":\"https:\/\/d2p6e6u75xmxt8.cloudfront.net\/4\/2017\/05\/giro-descending.webp\",\"contentUrl\":\"https:\/\/d2p6e6u75xmxt8.cloudfront.net\/4\/2017\/05\/giro-descending.webp\",\"width\":1375,\"height\":600},{\"@type\":\"BreadcrumbList\",\"@id\":\"https:\/\/www.welovecycling.com\/sk\/2017\/05\/03\/sutaz-o-najlepsieho-zjazdara-na-gire-sa-nestretla-s-pozitivnou-odozvou\/#breadcrumb\",\"itemListElement\":[{\"@type\":\"ListItem\",\"position\":1,\"name\":\"Home\",\"item\":\"https:\/\/www.welovecycling.com\/sk\/\"},{\"@type\":\"ListItem\",\"position\":2,\"name\":\"S\u00fa\u0165a\u017e o najlep\u0161ieho zjazd\u00e1ra na Gire sa nestretla s pozit\u00edvnou odozvou\"}]},{\"@type\":\"WebSite\",\"@id\":\"https:\/\/www.welovecycling.com\/sk\/#website\",\"url\":\"https:\/\/www.welovecycling.com\/sk\/\",\"name\":\"\u0160koda We Love Cycling Slovensko\",\"description\":\"\u0160koda We Love Cycling Slovensko je v\u00e1\u0161 ka\u017edodenn\u00fd zdroj noviniek a in\u0161pir\u00e1cie z sveta cyklistiky\",\"potentialAction\":[{\"@type\":\"SearchAction\",\"target\":{\"@type\":\"EntryPoint\",\"urlTemplate\":\"https:\/\/www.welovecycling.com\/sk\/?s={search_term_string}\"},\"query-input\":{\"@type\":\"PropertyValueSpecification\",\"valueRequired\":true,\"valueName\":\"search_term_string\"}}],\"inLanguage\":\"sk-SK\"},{\"@type\":\"Person\",\"@id\":\"https:\/\/www.welovecycling.com\/sk\/#\/schema\/person\/8ee09ba39b7e25b1870160aa5b3a89bc\",\"name\":\"Ondrej Ga\u0161par\",\"image\":{\"@type\":\"ImageObject\",\"inLanguage\":\"sk-SK\",\"@id\":\"https:\/\/www.welovecycling.com\/sk\/#\/schema\/person\/image\/\",\"url\":\"https:\/\/secure.gravatar.com\/avatar\/6126c9afb87b70da5abbb083ddbb21933da15f18f8ca7cb822aba0fb096a48f6?s=96&d=mm&r=g\",\"contentUrl\":\"https:\/\/secure.gravatar.com\/avatar\/6126c9afb87b70da5abbb083ddbb21933da15f18f8ca7cb822aba0fb096a48f6?s=96&d=mm&r=g\",\"caption\":\"Ondrej Ga\u0161par\"},\"url\":\"https:\/\/www.welovecycling.com\/sk\/author\/ondrejgaspar\/\"}]}<\/script>\n<!-- \/ Yoast SEO Premium plugin. -->","yoast_head_json":{"title":"S\u00fa\u0165a\u017e o najlep\u0161ieho zjazd\u00e1ra na Gire sa nestretla s pozit\u00edvnou odozvou - \u0160koda We Love Cycling Slovensko","robots":{"index":"index","follow":"follow","max-snippet":"max-snippet:-1","max-image-preview":"max-image-preview:large","max-video-preview":"max-video-preview:-1"},"canonical":"https:\/\/www.welovecycling.com\/sk\/2017\/05\/03\/sutaz-o-najlepsieho-zjazdara-na-gire-sa-nestretla-s-pozitivnou-odozvou\/","og_locale":"sk_SK","og_type":"article","og_title":"S\u00fa\u0165a\u017e o najlep\u0161ieho zjazd\u00e1ra na Gire sa nestretla s pozit\u00edvnou odozvou","og_description":"Dnes nie je ni\u010d neobvykl\u00e9 na tom, \u017ee sa predbieha nielen v kopci, ale aj cestou nadol. Jazdci dne\u0161nej doby [&hellip;]","og_url":"https:\/\/www.welovecycling.com\/sk\/2017\/05\/03\/sutaz-o-najlepsieho-zjazdara-na-gire-sa-nestretla-s-pozitivnou-odozvou\/","og_site_name":"\u0160koda We Love Cycling Slovensko","article_published_time":"2017-05-03T18:34:43+00:00","article_modified_time":"2017-05-16T18:45:01+00:00","og_image":[{"width":1375,"height":600,"url":"https:\/\/d2p6e6u75xmxt8.cloudfront.net\/4\/2017\/05\/giro-descending.webp","type":"image\/webp"}],"author":"Ondrej Ga\u0161par","twitter_card":"summary_large_image","twitter_misc":{"Written by":"We Love Cycling","Est. reading time":"1 minute"},"schema":{"@context":"https:\/\/schema.org","@graph":[{"@type":"WebPage","@id":"https:\/\/www.welovecycling.com\/sk\/2017\/05\/03\/sutaz-o-najlepsieho-zjazdara-na-gire-sa-nestretla-s-pozitivnou-odozvou\/","url":"https:\/\/www.welovecycling.com\/sk\/2017\/05\/03\/sutaz-o-najlepsieho-zjazdara-na-gire-sa-nestretla-s-pozitivnou-odozvou\/","name":"S\u00fa\u0165a\u017e o najlep\u0161ieho zjazd\u00e1ra na Gire sa nestretla s pozit\u00edvnou odozvou - \u0160koda We Love Cycling Slovensko","isPartOf":{"@id":"https:\/\/www.welovecycling.com\/sk\/#website"},"primaryImageOfPage":{"@id":"https:\/\/www.welovecycling.com\/sk\/2017\/05\/03\/sutaz-o-najlepsieho-zjazdara-na-gire-sa-nestretla-s-pozitivnou-odozvou\/#primaryimage"},"image":{"@id":"https:\/\/www.welovecycling.com\/sk\/2017\/05\/03\/sutaz-o-najlepsieho-zjazdara-na-gire-sa-nestretla-s-pozitivnou-odozvou\/#primaryimage"},"thumbnailUrl":"https:\/\/d2p6e6u75xmxt8.cloudfront.net\/4\/2017\/05\/giro-descending.webp","datePublished":"2017-05-03T18:34:43+00:00","dateModified":"2017-05-16T18:45:01+00:00","author":{"@id":"https:\/\/www.welovecycling.com\/sk\/#\/schema\/person\/8ee09ba39b7e25b1870160aa5b3a89bc"},"breadcrumb":{"@id":"https:\/\/www.welovecycling.com\/sk\/2017\/05\/03\/sutaz-o-najlepsieho-zjazdara-na-gire-sa-nestretla-s-pozitivnou-odozvou\/#breadcrumb"},"inLanguage":"sk-SK","potentialAction":[{"@type":"ReadAction","target":["https:\/\/www.welovecycling.com\/sk\/2017\/05\/03\/sutaz-o-najlepsieho-zjazdara-na-gire-sa-nestretla-s-pozitivnou-odozvou\/"]}]},{"@type":"ImageObject","inLanguage":"sk-SK","@id":"https:\/\/www.welovecycling.com\/sk\/2017\/05\/03\/sutaz-o-najlepsieho-zjazdara-na-gire-sa-nestretla-s-pozitivnou-odozvou\/#primaryimage","url":"https:\/\/d2p6e6u75xmxt8.cloudfront.net\/4\/2017\/05\/giro-descending.webp","contentUrl":"https:\/\/d2p6e6u75xmxt8.cloudfront.net\/4\/2017\/05\/giro-descending.webp","width":1375,"height":600},{"@type":"BreadcrumbList","@id":"https:\/\/www.welovecycling.com\/sk\/2017\/05\/03\/sutaz-o-najlepsieho-zjazdara-na-gire-sa-nestretla-s-pozitivnou-odozvou\/#breadcrumb","itemListElement":[{"@type":"ListItem","position":1,"name":"Home","item":"https:\/\/www.welovecycling.com\/sk\/"},{"@type":"ListItem","position":2,"name":"S\u00fa\u0165a\u017e o najlep\u0161ieho zjazd\u00e1ra na Gire sa nestretla s pozit\u00edvnou odozvou"}]},{"@type":"WebSite","@id":"https:\/\/www.welovecycling.com\/sk\/#website","url":"https:\/\/www.welovecycling.com\/sk\/","name":"\u0160koda We Love Cycling Slovensko","description":"\u0160koda We Love Cycling Slovensko je v\u00e1\u0161 ka\u017edodenn\u00fd zdroj noviniek a in\u0161pir\u00e1cie z sveta cyklistiky","potentialAction":[{"@type":"SearchAction","target":{"@type":"EntryPoint","urlTemplate":"https:\/\/www.welovecycling.com\/sk\/?s={search_term_string}"},"query-input":{"@type":"PropertyValueSpecification","valueRequired":true,"valueName":"search_term_string"}}],"inLanguage":"sk-SK"},{"@type":"Person","@id":"https:\/\/www.welovecycling.com\/sk\/#\/schema\/person\/8ee09ba39b7e25b1870160aa5b3a89bc","name":"Ondrej Ga\u0161par","image":{"@type":"ImageObject","inLanguage":"sk-SK","@id":"https:\/\/www.welovecycling.com\/sk\/#\/schema\/person\/image\/","url":"https:\/\/secure.gravatar.com\/avatar\/6126c9afb87b70da5abbb083ddbb21933da15f18f8ca7cb822aba0fb096a48f6?s=96&d=mm&r=g","contentUrl":"https:\/\/secure.gravatar.com\/avatar\/6126c9afb87b70da5abbb083ddbb21933da15f18f8ca7cb822aba0fb096a48f6?s=96&d=mm&r=g","caption":"Ondrej Ga\u0161par"},"url":"https:\/\/www.welovecycling.com\/sk\/author\/ondrejgaspar\/"}]}},"_links":{"self":[{"href":"https:\/\/www.welovecycling.com\/sk\/wp-json\/wp\/v2\/posts\/608","targetHints":{"allow":["GET"]}}],"collection":[{"href":"https:\/\/www.welovecycling.com\/sk\/wp-json\/wp\/v2\/posts"}],"about":[{"href":"https:\/\/www.welovecycling.com\/sk\/wp-json\/wp\/v2\/types\/post"}],"author":[{"embeddable":true,"href":"https:\/\/www.welovecycling.com\/sk\/wp-json\/wp\/v2\/users\/38"}],"replies":[{"embeddable":true,"href":"https:\/\/www.welovecycling.com\/sk\/wp-json\/wp\/v2\/comments?post=608"}],"version-history":[{"count":1,"href":"https:\/\/www.welovecycling.com\/sk\/wp-json\/wp\/v2\/posts\/608\/revisions"}],"predecessor-version":[{"id":610,"href":"https:\/\/www.welovecycling.com\/sk\/wp-json\/wp\/v2\/posts\/608\/revisions\/610"}],"wp:featuredmedia":[{"embeddable":true,"href":"https:\/\/www.welovecycling.com\/sk\/wp-json\/wp\/v2\/media\/609"}],"wp:attachment":[{"href":"https:\/\/www.welovecycling.com\/sk\/wp-json\/wp\/v2\/media?parent=608"}],"wp:term":[{"taxonomy":"category","embeddable":true,"href":"https:\/\/www.welovecycling.com\/sk\/wp-json\/wp\/v2\/categories?post=608"},{"taxonomy":"post_tag","embeddable":true,"href":"https:\/\/www.welovecycling.com\/sk\/wp-json\/wp\/v2\/tags?post=608"},{"taxonomy":"global-categories","embeddable":true,"href":"https:\/\/www.welovecycling.com\/sk\/wp-json\/wp\/v2\/global-categories?post=608"}],"curies":[{"name":"wp","href":"https:\/\/api.w.org\/{rel}","templated":true}]}}