{"id":6032,"date":"2019-01-27T12:00:54","date_gmt":"2019-01-27T11:00:54","guid":{"rendered":"https:\/\/www.welovecycling.com\/sk\/?p=6032"},"modified":"2019-01-15T16:44:52","modified_gmt":"2019-01-15T15:44:52","slug":"spat-ku-korenom-bmx-v-nigerii","status":"publish","type":"post","link":"https:\/\/www.welovecycling.com\/sk\/2019\/01\/27\/spat-ku-korenom-bmx-v-nigerii\/","title":{"rendered":"Sp\u00e4\u0165 ku kore\u0148om BMX v Nig\u00e9rii"},"content":{"rendered":"<p><strong>Vedeli ste, \u017ee v Lagose, v jednom z najv\u00e4\u010d\u0161\u00edch miest Afriky, holduj\u00fa mlad\u00ed Nig\u00e9rij\u010dania BMX jazdeniu po uliciach? V\u0161etko to tam za\u010dalo asi pred \u0161iestimi rokmi, ke\u010f miestny baz\u00e1r dostal z\u00e1sielku star\u00fdch BMX bicyklov. Nieko\u013eko det\u00ed z okolia to zaujalo ako zauj\u00edmav\u00e1 novinka, ale netu\u0161ili, na ak\u00fd \u00fa\u010del s\u00fa tieto bicykle prim\u00e1rne ur\u010den\u00e9. H\u013eadali na internete vide\u00e1 a s \u00fa\u017easom zistili, \u010do v\u0161etko sa s tak\u00fdm bicyklom vlastne d\u00e1 robi\u0165. A to bol ten historick\u00fd moment, v ktorom sa za\u010d\u00ednaj\u00fa p\u00edsa\u0165 dejiny BMX v z\u00e1padnej Afrike.<\/strong><!--more--><\/p>\n<p><a href=\"https:\/\/d2p6e6u75xmxt8.cloudfront.net\/4\/2019\/01\/01-5.jpg\"><img loading=\"lazy\" decoding=\"async\" src=\"https:\/\/d2p6e6u75xmxt8.cloudfront.net\/4\/2019\/01\/01-5.jpg\" alt=\"\" width=\"1200\" height=\"800\" class=\"alignnone size-full wp-image-6034\" \/><\/a><\/p>\n<p>Na za\u010diatok si treba uvedomi\u0165, \u017ee tie jazden\u00e9 bicykle boli <strong>vyroben\u00e9 niekedy v 80-tych rokoch<\/strong> minul\u00e9ho storo\u010dia, a tak ich treba \u010dasto opravova\u0165. O nejakom tuningu nem\u00f4\u017ee by\u0165 ani re\u010d, preto\u017ee n\u00e1hradn\u00e9 diely nemaj\u00fa \u0161ancu z\u00edska\u0165 a objedna\u0165 si ich cez internet. A tak improvizuj\u00fa a pou\u017e\u00edvaj\u00fa to, \u010do n\u00e1jdu na ulici.<\/p>\n<p><a href=\"https:\/\/d2p6e6u75xmxt8.cloudfront.net\/4\/2019\/01\/02-4.jpg\"><img loading=\"lazy\" decoding=\"async\" src=\"https:\/\/d2p6e6u75xmxt8.cloudfront.net\/4\/2019\/01\/02-4.jpg\" alt=\"\" width=\"1200\" height=\"800\" class=\"alignnone size-full wp-image-6035\" \/><\/a><\/p>\n<p>Samozrejme, \u017ee v Nig\u00e9rii neboli \u017eiadne skateparky, a tak <strong>na svoje jazdenie vyu\u017e\u00edvaj\u00fa star\u00e9 polorozpadnut\u00e9 budovy, rampy maj\u00fa vyskladan\u00e9 z kusov pou\u017eit\u00e9ho bet\u00f3nu<\/strong>, pr\u00edpadne prekon\u00e1vaj\u00fa prek\u00e1\u017eky v podobne vrakov \u00e1ut.<\/p>\n<p><a href=\"https:\/\/d2p6e6u75xmxt8.cloudfront.net\/4\/2019\/01\/03-5.jpg\"><img loading=\"lazy\" decoding=\"async\" src=\"https:\/\/d2p6e6u75xmxt8.cloudfront.net\/4\/2019\/01\/03-5.jpg\" alt=\"\" width=\"1200\" height=\"800\" class=\"alignnone size-full wp-image-6036\" \/><\/a><\/p>\n<p>Zauj\u00edmavos\u0165ou je, \u017ee chalani z najchudobnej\u0161\u00edch oblast\u00ed a slumov, sa dok\u00e1\u017eu v\u010faka svojej zru\u010dnosti na BMX prepracova\u0165 na vy\u0161\u0161iu \u017eivotn\u00fa \u00farove\u0148 a s\u00fa prij\u00edman\u00ed aj na \u00farovni strednej triedy, \u010do im prin\u00e1\u0161a ur\u010dit\u00e9 v\u00fdhody. Znovu sa potvrdzuje to, \u017ee <strong>\u0161port nie je len v\u00e1\u0161e\u0148, ale aj \u017eivotn\u00fd \u0161t\u00fdl a ovplyv\u0148uje cel\u00fd v\u00e1\u0161 \u017eivot<\/strong>, va\u0161e vz\u0165ahy a n\u00e1h\u013ead na svet okolo v\u00e1s.<\/p>\n<p><a href=\"https:\/\/d2p6e6u75xmxt8.cloudfront.net\/4\/2019\/01\/04-6.jpg\"><img loading=\"lazy\" decoding=\"async\" src=\"https:\/\/d2p6e6u75xmxt8.cloudfront.net\/4\/2019\/01\/04-6.jpg\" alt=\"\" width=\"1200\" height=\"800\" class=\"alignnone size-full wp-image-6037\" \/><\/a><\/p>\n<p>Vo svete BMX sa striedaj\u00fa m\u00f3dne vlny, menia sa jazdn\u00e9 \u0161t\u00fdly, ale ak by jazdci chceli nahliadnu\u0165 sp\u00e4\u0165 ku svojim kore\u0148om, bolo by pre nich ur\u010dite pr\u00ednosom pozrie\u0165 sa, ako sa jazd\u00ed v s\u00fa\u010dasnosti v Lagose. Je tam vidie\u0165 nefal\u0161ovan\u00fa rados\u0165 z jazdy a chudoba celej oblasti n\u00fati nad\u0161encov improvizova\u0165 a sk\u00fa\u0161a\u0165 popri trikoch z YouTube aj nov\u00e9 veci. Mo\u017eno pr\u00e1ve v Nig\u00e9rii vznikne nov\u00fd \u0161t\u00fdl jazdenia, alebo aspo\u0148 p\u00e1r nov\u00fdch trikov, ktor\u00e9 prevezm\u00fa jazdci z cel\u00e9ho sveta.<\/p>\n<p><a href=\"https:\/\/d2p6e6u75xmxt8.cloudfront.net\/4\/2019\/01\/05-5.jpg\"><img loading=\"lazy\" decoding=\"async\" src=\"https:\/\/d2p6e6u75xmxt8.cloudfront.net\/4\/2019\/01\/05-5.jpg\" alt=\"\" width=\"1200\" height=\"800\" class=\"alignnone size-full wp-image-6038\" \/><\/a><\/p>\n<p>(zdroj fotiek: Tyrone Bradley\/Red Bull Content Pool)<\/p>\n","protected":false},"excerpt":{"rendered":"<p>Vedeli ste, \u017ee v Lagose, v jednom z najv\u00e4\u010d\u0161\u00edch miest Afriky, holduj\u00fa mlad\u00ed Nig\u00e9rij\u010dania BMX jazdeniu po uliciach? V\u0161etko to [&hellip;]<\/p>\n","protected":false},"author":38,"featured_media":6039,"comment_status":"open","ping_status":"open","sticky":false,"template":"","format":"standard","meta":{"footnotes":""},"categories":[118],"tags":[779,62,626,780,53,532,722,778,781,55,644,183],"global-categories":[],"class_list":["post-6032","post","type-post","status-publish","format-standard","has-post-thumbnail","hentry","category-zabava","tag-afrika","tag-bezpecnost","tag-bmx","tag-bmx-bicykel","tag-deti","tag-jazdenie","tag-nebezpecenstvo","tag-nigeria","tag-skok","tag-trening","tag-trik","tag-zabava"],"yoast_head":"<!-- This site is optimized with the Yoast SEO Premium plugin v25.3 (Yoast SEO v25.9) - https:\/\/yoast.com\/wordpress\/plugins\/seo\/ -->\n<title>Sp\u00e4\u0165 ku kore\u0148om BMX v Nig\u00e9rii - \u0160koda We Love Cycling Slovensko<\/title>\n<meta name=\"robots\" content=\"index, follow, max-snippet:-1, max-image-preview:large, max-video-preview:-1\" \/>\n<link rel=\"canonical\" href=\"https:\/\/www.welovecycling.com\/sk\/2019\/01\/27\/spat-ku-korenom-bmx-v-nigerii\/\" \/>\n<meta property=\"og:locale\" content=\"sk_SK\" \/>\n<meta property=\"og:type\" content=\"article\" \/>\n<meta property=\"og:title\" content=\"Sp\u00e4\u0165 ku kore\u0148om BMX v Nig\u00e9rii\" \/>\n<meta property=\"og:description\" content=\"Vedeli ste, \u017ee v Lagose, v jednom z najv\u00e4\u010d\u0161\u00edch miest Afriky, holduj\u00fa mlad\u00ed Nig\u00e9rij\u010dania BMX jazdeniu po uliciach? V\u0161etko to [&hellip;]\" \/>\n<meta property=\"og:url\" content=\"https:\/\/www.welovecycling.com\/sk\/2019\/01\/27\/spat-ku-korenom-bmx-v-nigerii\/\" \/>\n<meta property=\"og:site_name\" content=\"\u0160koda We Love Cycling Slovensko\" \/>\n<meta property=\"article:published_time\" content=\"2019-01-27T11:00:54+00:00\" \/>\n<meta property=\"og:image\" content=\"https:\/\/d2p6e6u75xmxt8.cloudfront.net\/4\/2019\/01\/titulka-4.webp\" \/>\n\t<meta property=\"og:image:width\" content=\"1380\" \/>\n\t<meta property=\"og:image:height\" content=\"600\" \/>\n\t<meta property=\"og:image:type\" content=\"image\/webp\" \/>\n<meta name=\"author\" content=\"Ondrej Ga\u0161par\" \/>\n<meta name=\"twitter:card\" content=\"summary_large_image\" \/>\n<meta name=\"twitter:label1\" content=\"Written by\" \/>\n\t<meta name=\"twitter:data1\" content=\"We Love Cycling\" \/>\n\t<meta name=\"twitter:label2\" content=\"Est. reading time\" \/>\n\t<meta name=\"twitter:data2\" content=\"3\" \/>\n<script type=\"application\/ld+json\" class=\"yoast-schema-graph\">{\"@context\":\"https:\/\/schema.org\",\"@graph\":[{\"@type\":\"WebPage\",\"@id\":\"https:\/\/www.welovecycling.com\/sk\/2019\/01\/27\/spat-ku-korenom-bmx-v-nigerii\/\",\"url\":\"https:\/\/www.welovecycling.com\/sk\/2019\/01\/27\/spat-ku-korenom-bmx-v-nigerii\/\",\"name\":\"Sp\u00e4\u0165 ku kore\u0148om BMX v Nig\u00e9rii - \u0160koda We Love Cycling Slovensko\",\"isPartOf\":{\"@id\":\"https:\/\/www.welovecycling.com\/sk\/#website\"},\"primaryImageOfPage\":{\"@id\":\"https:\/\/www.welovecycling.com\/sk\/2019\/01\/27\/spat-ku-korenom-bmx-v-nigerii\/#primaryimage\"},\"image\":{\"@id\":\"https:\/\/www.welovecycling.com\/sk\/2019\/01\/27\/spat-ku-korenom-bmx-v-nigerii\/#primaryimage\"},\"thumbnailUrl\":\"https:\/\/d2p6e6u75xmxt8.cloudfront.net\/4\/2019\/01\/titulka-4.webp\",\"datePublished\":\"2019-01-27T11:00:54+00:00\",\"author\":{\"@id\":\"https:\/\/www.welovecycling.com\/sk\/#\/schema\/person\/8ee09ba39b7e25b1870160aa5b3a89bc\"},\"breadcrumb\":{\"@id\":\"https:\/\/www.welovecycling.com\/sk\/2019\/01\/27\/spat-ku-korenom-bmx-v-nigerii\/#breadcrumb\"},\"inLanguage\":\"sk-SK\",\"potentialAction\":[{\"@type\":\"ReadAction\",\"target\":[\"https:\/\/www.welovecycling.com\/sk\/2019\/01\/27\/spat-ku-korenom-bmx-v-nigerii\/\"]}]},{\"@type\":\"ImageObject\",\"inLanguage\":\"sk-SK\",\"@id\":\"https:\/\/www.welovecycling.com\/sk\/2019\/01\/27\/spat-ku-korenom-bmx-v-nigerii\/#primaryimage\",\"url\":\"https:\/\/d2p6e6u75xmxt8.cloudfront.net\/4\/2019\/01\/titulka-4.webp\",\"contentUrl\":\"https:\/\/d2p6e6u75xmxt8.cloudfront.net\/4\/2019\/01\/titulka-4.webp\",\"width\":1380,\"height\":600},{\"@type\":\"BreadcrumbList\",\"@id\":\"https:\/\/www.welovecycling.com\/sk\/2019\/01\/27\/spat-ku-korenom-bmx-v-nigerii\/#breadcrumb\",\"itemListElement\":[{\"@type\":\"ListItem\",\"position\":1,\"name\":\"Home\",\"item\":\"https:\/\/www.welovecycling.com\/sk\/\"},{\"@type\":\"ListItem\",\"position\":2,\"name\":\"Sp\u00e4\u0165 ku kore\u0148om BMX v Nig\u00e9rii\"}]},{\"@type\":\"WebSite\",\"@id\":\"https:\/\/www.welovecycling.com\/sk\/#website\",\"url\":\"https:\/\/www.welovecycling.com\/sk\/\",\"name\":\"\u0160koda We Love Cycling Slovensko\",\"description\":\"\u0160koda We Love Cycling Slovensko je v\u00e1\u0161 ka\u017edodenn\u00fd zdroj noviniek a in\u0161pir\u00e1cie z sveta cyklistiky\",\"potentialAction\":[{\"@type\":\"SearchAction\",\"target\":{\"@type\":\"EntryPoint\",\"urlTemplate\":\"https:\/\/www.welovecycling.com\/sk\/?s={search_term_string}\"},\"query-input\":{\"@type\":\"PropertyValueSpecification\",\"valueRequired\":true,\"valueName\":\"search_term_string\"}}],\"inLanguage\":\"sk-SK\"},{\"@type\":\"Person\",\"@id\":\"https:\/\/www.welovecycling.com\/sk\/#\/schema\/person\/8ee09ba39b7e25b1870160aa5b3a89bc\",\"name\":\"Ondrej Ga\u0161par\",\"image\":{\"@type\":\"ImageObject\",\"inLanguage\":\"sk-SK\",\"@id\":\"https:\/\/www.welovecycling.com\/sk\/#\/schema\/person\/image\/\",\"url\":\"https:\/\/secure.gravatar.com\/avatar\/6126c9afb87b70da5abbb083ddbb21933da15f18f8ca7cb822aba0fb096a48f6?s=96&d=mm&r=g\",\"contentUrl\":\"https:\/\/secure.gravatar.com\/avatar\/6126c9afb87b70da5abbb083ddbb21933da15f18f8ca7cb822aba0fb096a48f6?s=96&d=mm&r=g\",\"caption\":\"Ondrej Ga\u0161par\"},\"url\":\"https:\/\/www.welovecycling.com\/sk\/author\/ondrejgaspar\/\"}]}<\/script>\n<!-- \/ Yoast SEO Premium plugin. -->","yoast_head_json":{"title":"Sp\u00e4\u0165 ku kore\u0148om BMX v Nig\u00e9rii - \u0160koda We Love Cycling Slovensko","robots":{"index":"index","follow":"follow","max-snippet":"max-snippet:-1","max-image-preview":"max-image-preview:large","max-video-preview":"max-video-preview:-1"},"canonical":"https:\/\/www.welovecycling.com\/sk\/2019\/01\/27\/spat-ku-korenom-bmx-v-nigerii\/","og_locale":"sk_SK","og_type":"article","og_title":"Sp\u00e4\u0165 ku kore\u0148om BMX v Nig\u00e9rii","og_description":"Vedeli ste, \u017ee v Lagose, v jednom z najv\u00e4\u010d\u0161\u00edch miest Afriky, holduj\u00fa mlad\u00ed Nig\u00e9rij\u010dania BMX jazdeniu po uliciach? V\u0161etko to [&hellip;]","og_url":"https:\/\/www.welovecycling.com\/sk\/2019\/01\/27\/spat-ku-korenom-bmx-v-nigerii\/","og_site_name":"\u0160koda We Love Cycling Slovensko","article_published_time":"2019-01-27T11:00:54+00:00","og_image":[{"width":1380,"height":600,"url":"https:\/\/d2p6e6u75xmxt8.cloudfront.net\/4\/2019\/01\/titulka-4.webp","type":"image\/webp"}],"author":"Ondrej Ga\u0161par","twitter_card":"summary_large_image","twitter_misc":{"Written by":"We Love Cycling","Est. reading time":"3"},"schema":{"@context":"https:\/\/schema.org","@graph":[{"@type":"WebPage","@id":"https:\/\/www.welovecycling.com\/sk\/2019\/01\/27\/spat-ku-korenom-bmx-v-nigerii\/","url":"https:\/\/www.welovecycling.com\/sk\/2019\/01\/27\/spat-ku-korenom-bmx-v-nigerii\/","name":"Sp\u00e4\u0165 ku kore\u0148om BMX v Nig\u00e9rii - \u0160koda We Love Cycling Slovensko","isPartOf":{"@id":"https:\/\/www.welovecycling.com\/sk\/#website"},"primaryImageOfPage":{"@id":"https:\/\/www.welovecycling.com\/sk\/2019\/01\/27\/spat-ku-korenom-bmx-v-nigerii\/#primaryimage"},"image":{"@id":"https:\/\/www.welovecycling.com\/sk\/2019\/01\/27\/spat-ku-korenom-bmx-v-nigerii\/#primaryimage"},"thumbnailUrl":"https:\/\/d2p6e6u75xmxt8.cloudfront.net\/4\/2019\/01\/titulka-4.webp","datePublished":"2019-01-27T11:00:54+00:00","author":{"@id":"https:\/\/www.welovecycling.com\/sk\/#\/schema\/person\/8ee09ba39b7e25b1870160aa5b3a89bc"},"breadcrumb":{"@id":"https:\/\/www.welovecycling.com\/sk\/2019\/01\/27\/spat-ku-korenom-bmx-v-nigerii\/#breadcrumb"},"inLanguage":"sk-SK","potentialAction":[{"@type":"ReadAction","target":["https:\/\/www.welovecycling.com\/sk\/2019\/01\/27\/spat-ku-korenom-bmx-v-nigerii\/"]}]},{"@type":"ImageObject","inLanguage":"sk-SK","@id":"https:\/\/www.welovecycling.com\/sk\/2019\/01\/27\/spat-ku-korenom-bmx-v-nigerii\/#primaryimage","url":"https:\/\/d2p6e6u75xmxt8.cloudfront.net\/4\/2019\/01\/titulka-4.webp","contentUrl":"https:\/\/d2p6e6u75xmxt8.cloudfront.net\/4\/2019\/01\/titulka-4.webp","width":1380,"height":600},{"@type":"BreadcrumbList","@id":"https:\/\/www.welovecycling.com\/sk\/2019\/01\/27\/spat-ku-korenom-bmx-v-nigerii\/#breadcrumb","itemListElement":[{"@type":"ListItem","position":1,"name":"Home","item":"https:\/\/www.welovecycling.com\/sk\/"},{"@type":"ListItem","position":2,"name":"Sp\u00e4\u0165 ku kore\u0148om BMX v Nig\u00e9rii"}]},{"@type":"WebSite","@id":"https:\/\/www.welovecycling.com\/sk\/#website","url":"https:\/\/www.welovecycling.com\/sk\/","name":"\u0160koda We Love Cycling Slovensko","description":"\u0160koda We Love Cycling Slovensko je v\u00e1\u0161 ka\u017edodenn\u00fd zdroj noviniek a in\u0161pir\u00e1cie z sveta cyklistiky","potentialAction":[{"@type":"SearchAction","target":{"@type":"EntryPoint","urlTemplate":"https:\/\/www.welovecycling.com\/sk\/?s={search_term_string}"},"query-input":{"@type":"PropertyValueSpecification","valueRequired":true,"valueName":"search_term_string"}}],"inLanguage":"sk-SK"},{"@type":"Person","@id":"https:\/\/www.welovecycling.com\/sk\/#\/schema\/person\/8ee09ba39b7e25b1870160aa5b3a89bc","name":"Ondrej Ga\u0161par","image":{"@type":"ImageObject","inLanguage":"sk-SK","@id":"https:\/\/www.welovecycling.com\/sk\/#\/schema\/person\/image\/","url":"https:\/\/secure.gravatar.com\/avatar\/6126c9afb87b70da5abbb083ddbb21933da15f18f8ca7cb822aba0fb096a48f6?s=96&d=mm&r=g","contentUrl":"https:\/\/secure.gravatar.com\/avatar\/6126c9afb87b70da5abbb083ddbb21933da15f18f8ca7cb822aba0fb096a48f6?s=96&d=mm&r=g","caption":"Ondrej Ga\u0161par"},"url":"https:\/\/www.welovecycling.com\/sk\/author\/ondrejgaspar\/"}]}},"_links":{"self":[{"href":"https:\/\/www.welovecycling.com\/sk\/wp-json\/wp\/v2\/posts\/6032","targetHints":{"allow":["GET"]}}],"collection":[{"href":"https:\/\/www.welovecycling.com\/sk\/wp-json\/wp\/v2\/posts"}],"about":[{"href":"https:\/\/www.welovecycling.com\/sk\/wp-json\/wp\/v2\/types\/post"}],"author":[{"embeddable":true,"href":"https:\/\/www.welovecycling.com\/sk\/wp-json\/wp\/v2\/users\/38"}],"replies":[{"embeddable":true,"href":"https:\/\/www.welovecycling.com\/sk\/wp-json\/wp\/v2\/comments?post=6032"}],"version-history":[{"count":2,"href":"https:\/\/www.welovecycling.com\/sk\/wp-json\/wp\/v2\/posts\/6032\/revisions"}],"predecessor-version":[{"id":6040,"href":"https:\/\/www.welovecycling.com\/sk\/wp-json\/wp\/v2\/posts\/6032\/revisions\/6040"}],"wp:featuredmedia":[{"embeddable":true,"href":"https:\/\/www.welovecycling.com\/sk\/wp-json\/wp\/v2\/media\/6039"}],"wp:attachment":[{"href":"https:\/\/www.welovecycling.com\/sk\/wp-json\/wp\/v2\/media?parent=6032"}],"wp:term":[{"taxonomy":"category","embeddable":true,"href":"https:\/\/www.welovecycling.com\/sk\/wp-json\/wp\/v2\/categories?post=6032"},{"taxonomy":"post_tag","embeddable":true,"href":"https:\/\/www.welovecycling.com\/sk\/wp-json\/wp\/v2\/tags?post=6032"},{"taxonomy":"global-categories","embeddable":true,"href":"https:\/\/www.welovecycling.com\/sk\/wp-json\/wp\/v2\/global-categories?post=6032"}],"curies":[{"name":"wp","href":"https:\/\/api.w.org\/{rel}","templated":true}]}}