{"id":5992,"date":"2019-02-08T12:00:50","date_gmt":"2019-02-08T11:00:50","guid":{"rendered":"https:\/\/www.welovecycling.com\/sk\/?p=5992"},"modified":"2023-04-24T12:02:00","modified_gmt":"2023-04-24T10:02:00","slug":"za-teplom-na-malorku","status":"publish","type":"post","link":"https:\/\/www.welovecycling.com\/sk\/2019\/02\/08\/za-teplom-na-malorku\/","title":{"rendered":"Kam za teplom na jar? Predsa na Malorku!"},"content":{"rendered":"<p><strong>Mnoh\u00ed z\u00a0n\u00e1s sa neodva\u017euj\u00fa vyjs\u0165 v\u00a0teplot\u00e1ch s jednocifern\u00fdmi hodnotami na \u0161vih, nehovoriac o\u00a0dlh\u0161\u00edch, vytrvalostne laden\u00fdch tr\u00e9ningoch. Aj ke\u010f sa \u00favod roka nesie v\u00a0znamen\u00ed potreby najazdieva\u0165 kilometre v\u00a0n\u00edzkych intenzit\u00e1ch, nie v\u017edy s\u00fa na to podmienky, najm\u00e4 v\u00a0na\u0161ej oblasti.<\/strong><!--more--><\/p>\n<p>Okrem n\u00edzkych tepl\u00f4t sa stret\u00e1vame aj s\u00a0da\u017ediv\u00fdmi \u010di vetern\u00fdmi d\u0148ami, kedy motiv\u00e1cia odhodla\u0165 sa aspo\u0148 na hodinu jazdy kles\u00e1 k\u00a0nule. K\u00a0tomu sa prid\u00e1 posypov\u00e1 so\u013e \u010di \u0161trk a\u00a0z\u00e1ver je hotov\u00fd: na bicykel, a\u017e ke\u010f bude teplo!<\/p>\n<p><a href=\"https:\/\/d2p6e6u75xmxt8.cloudfront.net\/4\/2019\/01\/01-3.jpg\"><img loading=\"lazy\" decoding=\"async\" class=\"alignnone size-full wp-image-5994\" src=\"https:\/\/d2p6e6u75xmxt8.cloudfront.net\/4\/2019\/01\/01-3.jpg\" alt=\"\" width=\"1200\" height=\"800\" \/><\/a><\/p>\n<p>Nemus\u00ed to v\u0161ak tak by\u0165. Tunaj\u0161ie podmienky neovplyvn\u00edme \u2013 popravde, ani nemus\u00edme. Sta\u010d\u00ed si otvori\u0165 mapu Eur\u00f3py a\u00a0ihne\u010f spozorujeme, \u017ee do tak\u00e9ho Talianska, \u0160panielska \u010di Chorv\u00e1tska to nie je a\u017e tak \u010faleko. Tak <strong>pre\u010do si neurobi\u0165 dovolenku e\u0161te na za\u010diatku jari<\/strong>?<\/p>\n<p>Dnes sa\u00a0pozrieme na <strong>vych\u00fdren\u00fa destin\u00e1ciu cyklistov v\u0161etk\u00fdch v\u00fdkonnostn\u00fdch a\u00a0vekov\u00fdch kateg\u00f3ri\u00ed<\/strong>, Malorku. Ur\u010dite pozn\u00e1te niekoho z\u00a0rodiny \u010di zn\u00e1meho, ktor\u00fd sa na toto miesto vydal odd\u00fdchnu\u0165 si od ka\u017edodenn\u00e9ho zhonu. Av\u0161ak, ich sk\u00fasenos\u0165 m\u00f4\u017ee by\u0165 cenn\u00e1, ak sa s\u00a0vami podelia o\u00a0inform\u00e1cie spojen\u00e9 s\u00a0dopravou, ubytovan\u00edm \u010di infra\u0161trukt\u00farou, ale je mo\u017en\u00e9, \u017ee nebud\u00fa vedie\u0165 odhadn\u00fa\u0165, ak\u00e9 podmienky panuj\u00fa v\u00a0tejto oblasti po\u010das prv\u00fdch mesiacov roka, \u010di je v\u00a0danom meste dostatok ciest s\u00a0vami preferovan\u00fdm profilmi alebo ako je to s\u00a0po\u017ei\u010diavan\u00edm bicyklov.<\/p>\n<h2><strong>Malorka &#8211; skor\u00e9 leto na za\u010diatok jari<\/strong><\/h2>\n<p>Ak ste obozn\u00e1men\u00ed len s\u00a0n\u00e1zvom, ale neviete si presne predstavi\u0165, kde sa Malorka nach\u00e1dza, nez\u00fafajte. Je lokalizovan\u00e1 200 km v\u00fdchodne od Valencie, teda brehov \u0160panielska. Z\u00a0druhej strany s\u00fa na rovnakej zemepisnej \u0161\u00edrke situovan\u00e9 At\u00e9ny. V\u010faka tejto polohe m\u00f4\u017eeme o\u010dak\u00e1va\u0165 pr\u00edvetivej\u0161ie po\u010dasie aj v\u00a0mesiacoch, kedy sa na Slovensku e\u0161te dr\u017e\u00ed sneh.<\/p>\n<p><a href=\"https:\/\/d2p6e6u75xmxt8.cloudfront.net\/4\/2019\/01\/02.png\"><img loading=\"lazy\" decoding=\"async\" class=\"alignnone size-full wp-image-5995\" src=\"https:\/\/d2p6e6u75xmxt8.cloudfront.net\/4\/2019\/01\/02.png\" alt=\"\" width=\"1200\" height=\"800\" \/><\/a><\/p>\n<p>Ako napoved\u00e1 graf, teploty v\u00a0mesiacoch Marec \u2013 Apr\u00edl sa pohybuj\u00fa <strong>v\u00a0rozmedz\u00ed 10 \u2013 17\u00b0C, respekt\u00edve 12 \u2013 19\u00b0C<\/strong>. Okrem pr\u00edjemn\u00fdch tepl\u00f4t je miestne podnebie prajn\u00e9 aj v\u010faka <strong>n\u00edzkemu po\u010dtu da\u017ediv\u00fdch dn\u00ed<\/strong> \u2013 mesa\u010dne v\u00a0po\u010dte 4 &#8211; 7 dn\u00ed. Svoje o\u00a0tom vedia jazdci profi pelot\u00f3nu. Napr. aj slovensk\u00fd r\u00fdchlik, Peter Sagan, bol na decembrovom s\u00fastreden\u00ed na Malorke a\u00a0vyzer\u00e1 to tak, \u017ee mu zima nebola.<\/p>\n<p><a href=\"https:\/\/d2p6e6u75xmxt8.cloudfront.net\/4\/2019\/01\/03-3.jpg\"><img loading=\"lazy\" decoding=\"async\" class=\"alignnone size-full wp-image-5996\" src=\"https:\/\/d2p6e6u75xmxt8.cloudfront.net\/4\/2019\/01\/03-3.jpg\" alt=\"\" width=\"1200\" height=\"800\" \/><\/a><\/p>\n<p>D\u00f4le\u017eit\u00fdm bodom je aj miesto, v\u00a0ktorom sa ubytujete. V\u00a0tomto pr\u00edpade to nie je ni\u010d tragick\u00e9.\u00a0Malorka ako ostrov dosahuje v\u00a0naj\u0161ir\u0161om bode priemer nie\u010do nad 75 km (vzdu\u0161nou \u010diarou), \u010do z\u00a0nej rob\u00ed vhodn\u00e9 miesto na <strong>prepojenie rovinat\u00fdch a\u00a0kopcovit\u00fdch v\u00fdjazdov<\/strong>.<\/p>\n<p>Ob\u013e\u00faben\u00fdm miestom pre ubytovanie s\u00fa v\u00e4\u010d\u0161ie meste\u010dk\u00e1 ako Port de Pollenca, Palma, S\u00f3ller \u010di Alc\u00fadia. Ke\u010f\u017ee ostrov \u017eije preva\u017ene z\u00a0turizmu, <strong>nie je \u0165a\u017ek\u00e9 n\u00e1js\u0165 sol\u00eddne ubytovanie za pr\u00edjemn\u00fa cenu<\/strong>. V\u00a0penzi\u00f3noch a\u00a0hoteloch si nie je na \u0161kodu priplati\u0165 za polpenziu, v\u010faka \u010domu nebudete rie\u0161i\u0165 probl\u00e9my s\u00a0ra\u0148ajkami \u010di ve\u010derou.<\/p>\n<p>V severoz\u00e1padnej \u010dasti prevl\u00e1da kopcovit\u00fd charakter, ktor\u00fd za svoju podobu v\u010fa\u010d\u00ed <strong>pohoriu Serra de Tramuntana<\/strong>. Najvy\u0161\u0161\u00edm vrchom je <strong>Puig Major<\/strong> (1445 m n.m.), na ktor\u00fd nesmiete pri svojej n\u00e1v\u0161teve zabudn\u00fa\u0165, aj kv\u00f4li kvalitn\u00e9mu asfaltu, \u010di 14 km d\u013a\u017eke s\u00a0priemerom 6,2 %.<\/p>\n<lite-youtube videoid=UTWX-X_xiM8 params=\"enablejsapi=1\" style=\"background-image: url('https:\/\/i.ytimg.com\/vi_webp\/UTWX-X_xiM8\/maxresdefault.webp');\"><\/lite-youtube>\n<p>Niektor\u00ed d\u00e1vaj\u00fa prednos\u0165 rovnako <strong>monument\u00e1lnemu st\u00fapaniu Sa Calobra<\/strong>, ktor\u00e9 s\u00a0d\u013a\u017ekou 9,5 km a\u00a07% st\u00fapan\u00edm je s\u00edce krat\u0161ie ne\u017e Puig Major, ale pon\u00faka skvostn\u00e9 v\u00fdh\u013eady na more.<\/p>\n<p>Mno\u017estvo tr\u00e1s m\u00f4\u017eete n\u00e1js\u0165 na zn\u00e1mych str\u00e1nkach Stravy \u010di in\u00fdch mobiln\u00fdch aplik\u00e1ci\u00e1ch, ktor\u00e9 ukladaj\u00fa prejden\u00e9 cesty. Rovnako sa oplat\u00ed pozrie\u0165 na weby, ako je napr\u00edklad <a href=\"https:\/\/www.nacesty.cz\/clanky\/trasy-pro-silnicky-na-mallorce\" target=\"_blank\" rel=\"noopener\">www.nacesty.cz<\/a>, kde je viacero variantov s\u00a0r\u00f4znymi bodmi v\u00fdjazdu. Netreba tie\u017e zab\u00fada\u0165, \u017ee ak pl\u00e1nujete v\u00fdjazd pod\u013ea seba, je lep\u0161ie sa vyhn\u00fa\u0165 v\u00e4\u010d\u0161\u00edm centr\u00e1m. V\u00a0nich, ako aj v\u00a0in\u00fdch \u010dastiach Eur\u00f3py, na v\u00e1s bude \u010d\u00edha\u0165 hustej\u0161ia prem\u00e1vka, mo\u017enos\u0165 zabl\u00fadi\u0165 \u010di spomalenie celkov\u00e9ho rytmu.<\/p>\n<div data-rows=\"1\" id='gallery-1' class='gallery-rows-1 gallery galleryid-5992 gallery-columns-2 gallery-size-full'><figure class='gallery-item'>\n\t\t\t<div class='gallery-icon landscape'>\n\t\t\t\t<a href='https:\/\/d2p6e6u75xmxt8.cloudfront.net\/4\/2019\/01\/04-3.webp'><img loading=\"lazy\" decoding=\"async\" width=\"1200\" height=\"800\" src=\"https:\/\/d2p6e6u75xmxt8.cloudfront.net\/4\/2019\/01\/04-3.webp\" class=\"attachment-full size-full\" alt=\"\" aria-describedby=\"gallery-1-5997\" srcset=\"https:\/\/d2p6e6u75xmxt8.cloudfront.net\/4\/2019\/01\/04-3.webp 1200w, https:\/\/d2p6e6u75xmxt8.cloudfront.net\/4\/2019\/01\/04-3-300x200.webp 300w, https:\/\/d2p6e6u75xmxt8.cloudfront.net\/4\/2019\/01\/04-3-1024x683.webp 1024w, https:\/\/d2p6e6u75xmxt8.cloudfront.net\/4\/2019\/01\/04-3-768x512.webp 768w, https:\/\/d2p6e6u75xmxt8.cloudfront.net\/4\/2019\/01\/04-3-272x182.webp 272w\" sizes=\"auto, (max-width: 1200px) 100vw, 1200px\" \/><\/a>\n\t\t\t<\/div>\n\t\t\t\t<figcaption class='wp-caption-text gallery-caption' id='gallery-1-5997'>\n\t\t\t\tSerpentine road direction sa calobra, majorca\n\t\t\t\t<\/figcaption><\/figure><figure class='gallery-item'>\n\t\t\t<div class='gallery-icon landscape'>\n\t\t\t\t<a href='https:\/\/d2p6e6u75xmxt8.cloudfront.net\/4\/2019\/01\/05-3.webp'><img loading=\"lazy\" decoding=\"async\" width=\"1200\" height=\"800\" src=\"https:\/\/d2p6e6u75xmxt8.cloudfront.net\/4\/2019\/01\/05-3.webp\" class=\"attachment-full size-full\" alt=\"\" srcset=\"https:\/\/d2p6e6u75xmxt8.cloudfront.net\/4\/2019\/01\/05-3.webp 1200w, https:\/\/d2p6e6u75xmxt8.cloudfront.net\/4\/2019\/01\/05-3-300x200.webp 300w, https:\/\/d2p6e6u75xmxt8.cloudfront.net\/4\/2019\/01\/05-3-1024x683.webp 1024w, https:\/\/d2p6e6u75xmxt8.cloudfront.net\/4\/2019\/01\/05-3-768x512.webp 768w, https:\/\/d2p6e6u75xmxt8.cloudfront.net\/4\/2019\/01\/05-3-272x182.webp 272w\" sizes=\"auto, (max-width: 1200px) 100vw, 1200px\" \/><\/a>\n\t\t\t<\/div><\/figure>\n\t\t<\/div>\n        \n<p>Ot\u00e1zne je rovnako to, ak\u00fdm sp\u00f4sobom sa chcete vyda\u0165 na tak\u00fato dovolenku. Existuje <strong>mno\u017estvo cestovn\u00fdch kancel\u00e1ri\u00ed<\/strong>, ktor\u00e9 vybavia v\u0161etko za v\u00e1s a\u00a0nemus\u00edte sa o\u00a0ni\u010d b\u00e1\u0165. Na v\u00fdber m\u00e1te z\u00a0mo\u017enost\u00ed zapo\u017ei\u010da\u0165 si bicykel, technick\u00fa podporu po\u010das v\u00fdjazdu, skupinov\u00e9 jazdy pod\u013ea zvolenej n\u00e1ro\u010dnosti, ved\u00faceho \u201etr\u00e9nera\u201c, ktor\u00fd pozn\u00e1 Malorku a\u00a0teda vie, \u010domu sa vyhn\u00fa\u0165, kedy vyrazi\u0165, &#8230; a\u00a0in\u00e9 pozit\u00edvne aspekty, ktor\u00e9 asi sami nebudete hne\u010f na prv\u00fdkr\u00e1t ovl\u00e1da\u0165.<\/p>\n<div data-rows=\"1\" id='gallery-2' class='gallery-rows-1 gallery galleryid-5992 gallery-columns-2 gallery-size-full'><figure class='gallery-item'>\n\t\t\t<div class='gallery-icon landscape'>\n\t\t\t\t<a href='https:\/\/d2p6e6u75xmxt8.cloudfront.net\/4\/2019\/01\/06-4.webp'><img loading=\"lazy\" decoding=\"async\" width=\"1200\" height=\"800\" src=\"https:\/\/d2p6e6u75xmxt8.cloudfront.net\/4\/2019\/01\/06-4.webp\" class=\"attachment-full size-full\" alt=\"\" srcset=\"https:\/\/d2p6e6u75xmxt8.cloudfront.net\/4\/2019\/01\/06-4.webp 1200w, https:\/\/d2p6e6u75xmxt8.cloudfront.net\/4\/2019\/01\/06-4-300x200.webp 300w, https:\/\/d2p6e6u75xmxt8.cloudfront.net\/4\/2019\/01\/06-4-1024x683.webp 1024w, https:\/\/d2p6e6u75xmxt8.cloudfront.net\/4\/2019\/01\/06-4-768x512.webp 768w, https:\/\/d2p6e6u75xmxt8.cloudfront.net\/4\/2019\/01\/06-4-272x182.webp 272w\" sizes=\"auto, (max-width: 1200px) 100vw, 1200px\" \/><\/a>\n\t\t\t<\/div><\/figure><figure class='gallery-item'>\n\t\t\t<div class='gallery-icon landscape'>\n\t\t\t\t<a href='https:\/\/d2p6e6u75xmxt8.cloudfront.net\/4\/2019\/01\/07-2.webp'><img loading=\"lazy\" decoding=\"async\" width=\"1200\" height=\"800\" src=\"https:\/\/d2p6e6u75xmxt8.cloudfront.net\/4\/2019\/01\/07-2.webp\" class=\"attachment-full size-full\" alt=\"\" srcset=\"https:\/\/d2p6e6u75xmxt8.cloudfront.net\/4\/2019\/01\/07-2.webp 1200w, https:\/\/d2p6e6u75xmxt8.cloudfront.net\/4\/2019\/01\/07-2-300x200.webp 300w, https:\/\/d2p6e6u75xmxt8.cloudfront.net\/4\/2019\/01\/07-2-1024x683.webp 1024w, https:\/\/d2p6e6u75xmxt8.cloudfront.net\/4\/2019\/01\/07-2-768x512.webp 768w, https:\/\/d2p6e6u75xmxt8.cloudfront.net\/4\/2019\/01\/07-2-272x182.webp 272w\" sizes=\"auto, (max-width: 1200px) 100vw, 1200px\" \/><\/a>\n\t\t\t<\/div><\/figure>\n\t\t<\/div>\n        \n<p>Samozrejme, cestovanie nie je v\u00fdhradou len organizovan\u00fdch z\u00e1jazdov \u2013 <strong>mo\u017enos\u0165 vyrazi\u0165 nie je limitovan\u00e1 len s ich pomocou<\/strong>. Ak sa c\u00edtite zbehl\u00ed v\u00a0cestovan\u00ed s\u00a0bicyklom, viete, \u010do popri tom potrebujete, m\u00f4\u017ee v\u00e1s tak\u00e1to akt\u00edvna dovolenka vyjs\u0165 aj lacnej\u0161ie, ale \u00faspe\u0161nos\u0165 nie je nutne zaru\u010den\u00e1.<\/p>\n<p>Spiato\u010dn\u00e9 letenky sa v\u00a0s\u00fa\u010dasnosti v\u00a0marcov\u00fdch term\u00ednoch na 10 dn\u00ed pohybuj\u00fa okolo 51 \u20ac (bez bato\u017einy a\u00a0bicykla). Ceny pobytov v\u00a0r\u00e1mci ponuky cestovn\u00fdch kancel\u00e1ri\u00ed s\u00fa na \u00farovni 600 &#8211; 700 \u20ac s\u00a0letenkami pri pobyte na 8 noc\u00ed s polpenziou.<\/p>\n<div class=\"shortcode-ys-post-pinup\"><article class=\"loop-simple post-2037 post type-post status-publish format-standard has-post-thumbnail hentry category-bezpecnost category-cestna-cyklisitika category-mtb category-odporucame tag-cestovanie-s-bicyklom tag-kartonova-krabica tag-lietanie-s-bicyklom tag-prepravny-box tag-prepravny-obal\" data-postid=\"2037\" role=\"article\" data-post-id=\"2037\" data-word-count=\"296\" data-headline-length=\"51\" data-category=\"Odpor\u00fa\u010dame\" data-author=\"Ji\u0159\u00ed Kalo\u010d\" data-published=\"2018-01-12T16:45:18+01:00\" data-published-day=\"Friday\">\n    <div class=\"entry-thumbnail article-thumbnail\" content=\"https:\/\/d2p6e6u75xmxt8.cloudfront.net\/4\/2017\/08\/profimedia-0142654024jpg-150x150.webp\"><a href=\"https:\/\/www.welovecycling.com\/sk\/2018\/01\/12\/ako-bicykel-cestuje-vzduchom\/\" class=\"image-holder\" target=\"_self\"><img decoding=\"async\" loading=\"lazy\" class=\"\" src=\"https:\/\/d2p6e6u75xmxt8.cloudfront.net\/4\/2017\/08\/profimedia-0142654024jpg-1024x447.webp\" srcset=\"https:\/\/d2p6e6u75xmxt8.cloudfront.net\/4\/2017\/08\/profimedia-0142654024jpg.webp 1800w, https:\/\/d2p6e6u75xmxt8.cloudfront.net\/4\/2017\/08\/profimedia-0142654024jpg-300x131.webp 300w, https:\/\/d2p6e6u75xmxt8.cloudfront.net\/4\/2017\/08\/profimedia-0142654024jpg-1024x447.webp 1024w, https:\/\/d2p6e6u75xmxt8.cloudfront.net\/4\/2017\/08\/profimedia-0142654024jpg-768x335.webp 768w, https:\/\/d2p6e6u75xmxt8.cloudfront.net\/4\/2017\/08\/profimedia-0142654024jpg-1536x670.webp 1536w\" width=\"1024\" height=\"447\" sizes=\"auto, (min-width: 1200px) 458px, (min-width: 768px) 38vw, 100vw\" alt=\"ako-bicykel-cestuje-vzduchom\"\/><\/a><\/div>    <div class=\"entry-meta\">\n        <a class=\"label label-secondary post-category\" href=\"https:\/\/www.welovecycling.com\/sk\/category\/odporucame\/\" title=\"Odpor\u00fa\u010dame\">Odpor\u00fa\u010dame<\/a>\n    <\/div>\n    <div class=\"entry-details\">\n        <a href=\"https:\/\/www.welovecycling.com\/sk\/2018\/01\/12\/ako-bicykel-cestuje-vzduchom\/\" class='entry-title-wrapper'>\n            <h3 class=\"entry-title\"><span>Ako pripravi\u0165 bicykel na cestovanie \u201evzduchom\u201c<\/span><\/h3>\n        <\/a>\n    <\/div>\n    <\/article>\n<\/div>\n<p>Tak ako vo v\u0161etkom, rozhodnutie je u\u017e len na v\u00e1s. Ak sa chcete kvalitne pripravi\u0165 na nov\u00fa sez\u00f3nu a\u00a0nezbl\u00e1zni\u0165 sa na trena\u017e\u00e9ri medzi \u0161tyrmi stenami alebo nechcete mrzn\u00fa\u0165 na\u00a0cest\u00e1ch, doprajte si dovolenku a\u00a0tr\u00e9ning v\u00a0jednom u\u017e na za\u010diatku roka!<\/p>\n","protected":false},"excerpt":{"rendered":"<p>Mnoh\u00ed z\u00a0n\u00e1s sa neodva\u017euj\u00fa vyjs\u0165 v\u00a0teplot\u00e1ch s jednocifern\u00fdmi hodnotami na \u0161vih, nehovoriac o\u00a0dlh\u0161\u00edch, vytrvalostne laden\u00fdch tr\u00e9ningoch. Aj ke\u010f sa \u00favod [&hellip;]<\/p>\n","protected":false},"author":38,"featured_media":6031,"comment_status":"open","ping_status":"open","sticky":false,"template":"","format":"standard","meta":{"footnotes":""},"categories":[4,2],"tags":[619,275,115,487,394,773,417,532,772,251,55,172],"global-categories":[],"class_list":["post-5992","post","type-post","status-publish","format-standard","has-post-thumbnail","hentry","category-cestna-cyklisitika","category-zdravie-trening","tag-bicyklovanie","tag-cesta","tag-cestna-cyklistika","tag-cestny-bicykel","tag-cestovanie-s-bicyklom","tag-hory","tag-jar","tag-jazdenie","tag-malorka","tag-spanielsko","tag-trening","tag-zjazd"],"yoast_head":"<!-- This site is optimized with the Yoast SEO Premium plugin v25.3 (Yoast SEO v25.9) - https:\/\/yoast.com\/wordpress\/plugins\/seo\/ -->\n<title>Kam za teplom na jar? Predsa na Malorku!<\/title>\n<meta name=\"description\" content=\"Aj ke\u010f sa \u00favod roka nesie v\u00a0znamen\u00ed potreby najazdieva\u0165 kilometre v\u00a0n\u00edzkych intenzit\u00e1ch, nie v\u017edy s\u00fa na to podmienky, najm\u00e4 v\u00a0na\u0161ej oblasti.\" \/>\n<meta name=\"robots\" content=\"index, follow, max-snippet:-1, max-image-preview:large, max-video-preview:-1\" \/>\n<link rel=\"canonical\" href=\"https:\/\/www.welovecycling.com\/sk\/2019\/02\/08\/za-teplom-na-malorku\/\" \/>\n<meta property=\"og:locale\" content=\"sk_SK\" \/>\n<meta property=\"og:type\" content=\"article\" \/>\n<meta property=\"og:title\" content=\"Kam za teplom na jar? Predsa na Malorku!\" \/>\n<meta property=\"og:description\" content=\"Aj ke\u010f sa \u00favod roka nesie v\u00a0znamen\u00ed potreby najazdieva\u0165 kilometre v\u00a0n\u00edzkych intenzit\u00e1ch, nie v\u017edy s\u00fa na to podmienky, najm\u00e4 v\u00a0na\u0161ej oblasti.\" \/>\n<meta property=\"og:url\" content=\"https:\/\/www.welovecycling.com\/sk\/2019\/02\/08\/za-teplom-na-malorku\/\" \/>\n<meta property=\"og:site_name\" content=\"\u0160koda We Love Cycling Slovensko\" \/>\n<meta property=\"article:published_time\" content=\"2019-02-08T11:00:50+00:00\" \/>\n<meta property=\"article:modified_time\" content=\"2023-04-24T10:02:00+00:00\" \/>\n<meta property=\"og:image\" content=\"https:\/\/d2p6e6u75xmxt8.cloudfront.net\/4\/2019\/01\/00-4.webp\" \/>\n\t<meta property=\"og:image:width\" content=\"1380\" \/>\n\t<meta property=\"og:image:height\" content=\"600\" \/>\n\t<meta property=\"og:image:type\" content=\"image\/webp\" \/>\n<meta name=\"author\" content=\"Ondrej Ga\u0161par\" \/>\n<meta name=\"twitter:card\" content=\"summary_large_image\" \/>\n<meta name=\"twitter:label1\" content=\"Written by\" \/>\n\t<meta name=\"twitter:data1\" content=\"Ji\u0159\u00ed Kalo\u010d\" \/>\n\t<meta name=\"twitter:label2\" content=\"Est. reading time\" \/>\n\t<meta name=\"twitter:data2\" content=\"5 minutes\" \/>\n<script type=\"application\/ld+json\" class=\"yoast-schema-graph\">{\"@context\":\"https:\/\/schema.org\",\"@graph\":[{\"@type\":\"WebPage\",\"@id\":\"https:\/\/www.welovecycling.com\/sk\/2019\/02\/08\/za-teplom-na-malorku\/\",\"url\":\"https:\/\/www.welovecycling.com\/sk\/2019\/02\/08\/za-teplom-na-malorku\/\",\"name\":\"Kam za teplom na jar? Predsa na Malorku!\",\"isPartOf\":{\"@id\":\"https:\/\/www.welovecycling.com\/sk\/#website\"},\"primaryImageOfPage\":{\"@id\":\"https:\/\/www.welovecycling.com\/sk\/2019\/02\/08\/za-teplom-na-malorku\/#primaryimage\"},\"image\":{\"@id\":\"https:\/\/www.welovecycling.com\/sk\/2019\/02\/08\/za-teplom-na-malorku\/#primaryimage\"},\"thumbnailUrl\":\"https:\/\/d2p6e6u75xmxt8.cloudfront.net\/4\/2019\/01\/00-4.webp\",\"datePublished\":\"2019-02-08T11:00:50+00:00\",\"dateModified\":\"2023-04-24T10:02:00+00:00\",\"author\":{\"@id\":\"https:\/\/www.welovecycling.com\/sk\/#\/schema\/person\/8ee09ba39b7e25b1870160aa5b3a89bc\"},\"description\":\"Aj ke\u010f sa \u00favod roka nesie v\u00a0znamen\u00ed potreby najazdieva\u0165 kilometre v\u00a0n\u00edzkych intenzit\u00e1ch, nie v\u017edy s\u00fa na to podmienky, najm\u00e4 v\u00a0na\u0161ej oblasti.\",\"breadcrumb\":{\"@id\":\"https:\/\/www.welovecycling.com\/sk\/2019\/02\/08\/za-teplom-na-malorku\/#breadcrumb\"},\"inLanguage\":\"sk-SK\",\"potentialAction\":[{\"@type\":\"ReadAction\",\"target\":[\"https:\/\/www.welovecycling.com\/sk\/2019\/02\/08\/za-teplom-na-malorku\/\"]}]},{\"@type\":\"ImageObject\",\"inLanguage\":\"sk-SK\",\"@id\":\"https:\/\/www.welovecycling.com\/sk\/2019\/02\/08\/za-teplom-na-malorku\/#primaryimage\",\"url\":\"https:\/\/d2p6e6u75xmxt8.cloudfront.net\/4\/2019\/01\/00-4.webp\",\"contentUrl\":\"https:\/\/d2p6e6u75xmxt8.cloudfront.net\/4\/2019\/01\/00-4.webp\",\"width\":1380,\"height\":600},{\"@type\":\"BreadcrumbList\",\"@id\":\"https:\/\/www.welovecycling.com\/sk\/2019\/02\/08\/za-teplom-na-malorku\/#breadcrumb\",\"itemListElement\":[{\"@type\":\"ListItem\",\"position\":1,\"name\":\"Home\",\"item\":\"https:\/\/www.welovecycling.com\/sk\/\"},{\"@type\":\"ListItem\",\"position\":2,\"name\":\"Kam za teplom na jar? Predsa na Malorku!\"}]},{\"@type\":\"WebSite\",\"@id\":\"https:\/\/www.welovecycling.com\/sk\/#website\",\"url\":\"https:\/\/www.welovecycling.com\/sk\/\",\"name\":\"\u0160koda We Love Cycling Slovensko\",\"description\":\"\u0160koda We Love Cycling Slovensko je v\u00e1\u0161 ka\u017edodenn\u00fd zdroj noviniek a in\u0161pir\u00e1cie z sveta cyklistiky\",\"potentialAction\":[{\"@type\":\"SearchAction\",\"target\":{\"@type\":\"EntryPoint\",\"urlTemplate\":\"https:\/\/www.welovecycling.com\/sk\/?s={search_term_string}\"},\"query-input\":{\"@type\":\"PropertyValueSpecification\",\"valueRequired\":true,\"valueName\":\"search_term_string\"}}],\"inLanguage\":\"sk-SK\"},{\"@type\":\"Person\",\"@id\":\"https:\/\/www.welovecycling.com\/sk\/#\/schema\/person\/8ee09ba39b7e25b1870160aa5b3a89bc\",\"name\":\"Ondrej Ga\u0161par\",\"image\":{\"@type\":\"ImageObject\",\"inLanguage\":\"sk-SK\",\"@id\":\"https:\/\/www.welovecycling.com\/sk\/#\/schema\/person\/image\/\",\"url\":\"https:\/\/secure.gravatar.com\/avatar\/6126c9afb87b70da5abbb083ddbb21933da15f18f8ca7cb822aba0fb096a48f6?s=96&d=mm&r=g\",\"contentUrl\":\"https:\/\/secure.gravatar.com\/avatar\/6126c9afb87b70da5abbb083ddbb21933da15f18f8ca7cb822aba0fb096a48f6?s=96&d=mm&r=g\",\"caption\":\"Ondrej Ga\u0161par\"},\"url\":\"https:\/\/www.welovecycling.com\/sk\/author\/ondrejgaspar\/\"}]}<\/script>\n<!-- \/ Yoast SEO Premium plugin. -->","yoast_head_json":{"title":"Kam za teplom na jar? Predsa na Malorku!","description":"Aj ke\u010f sa \u00favod roka nesie v\u00a0znamen\u00ed potreby najazdieva\u0165 kilometre v\u00a0n\u00edzkych intenzit\u00e1ch, nie v\u017edy s\u00fa na to podmienky, najm\u00e4 v\u00a0na\u0161ej oblasti.","robots":{"index":"index","follow":"follow","max-snippet":"max-snippet:-1","max-image-preview":"max-image-preview:large","max-video-preview":"max-video-preview:-1"},"canonical":"https:\/\/www.welovecycling.com\/sk\/2019\/02\/08\/za-teplom-na-malorku\/","og_locale":"sk_SK","og_type":"article","og_title":"Kam za teplom na jar? Predsa na Malorku!","og_description":"Aj ke\u010f sa \u00favod roka nesie v\u00a0znamen\u00ed potreby najazdieva\u0165 kilometre v\u00a0n\u00edzkych intenzit\u00e1ch, nie v\u017edy s\u00fa na to podmienky, najm\u00e4 v\u00a0na\u0161ej oblasti.","og_url":"https:\/\/www.welovecycling.com\/sk\/2019\/02\/08\/za-teplom-na-malorku\/","og_site_name":"\u0160koda We Love Cycling Slovensko","article_published_time":"2019-02-08T11:00:50+00:00","article_modified_time":"2023-04-24T10:02:00+00:00","og_image":[{"width":1380,"height":600,"url":"https:\/\/d2p6e6u75xmxt8.cloudfront.net\/4\/2019\/01\/00-4.webp","type":"image\/webp"}],"author":"Ondrej Ga\u0161par","twitter_card":"summary_large_image","twitter_misc":{"Written by":"Ji\u0159\u00ed Kalo\u010d","Est. reading time":"5 minutes"},"schema":{"@context":"https:\/\/schema.org","@graph":[{"@type":"WebPage","@id":"https:\/\/www.welovecycling.com\/sk\/2019\/02\/08\/za-teplom-na-malorku\/","url":"https:\/\/www.welovecycling.com\/sk\/2019\/02\/08\/za-teplom-na-malorku\/","name":"Kam za teplom na jar? Predsa na Malorku!","isPartOf":{"@id":"https:\/\/www.welovecycling.com\/sk\/#website"},"primaryImageOfPage":{"@id":"https:\/\/www.welovecycling.com\/sk\/2019\/02\/08\/za-teplom-na-malorku\/#primaryimage"},"image":{"@id":"https:\/\/www.welovecycling.com\/sk\/2019\/02\/08\/za-teplom-na-malorku\/#primaryimage"},"thumbnailUrl":"https:\/\/d2p6e6u75xmxt8.cloudfront.net\/4\/2019\/01\/00-4.webp","datePublished":"2019-02-08T11:00:50+00:00","dateModified":"2023-04-24T10:02:00+00:00","author":{"@id":"https:\/\/www.welovecycling.com\/sk\/#\/schema\/person\/8ee09ba39b7e25b1870160aa5b3a89bc"},"description":"Aj ke\u010f sa \u00favod roka nesie v\u00a0znamen\u00ed potreby najazdieva\u0165 kilometre v\u00a0n\u00edzkych intenzit\u00e1ch, nie v\u017edy s\u00fa na to podmienky, najm\u00e4 v\u00a0na\u0161ej oblasti.","breadcrumb":{"@id":"https:\/\/www.welovecycling.com\/sk\/2019\/02\/08\/za-teplom-na-malorku\/#breadcrumb"},"inLanguage":"sk-SK","potentialAction":[{"@type":"ReadAction","target":["https:\/\/www.welovecycling.com\/sk\/2019\/02\/08\/za-teplom-na-malorku\/"]}]},{"@type":"ImageObject","inLanguage":"sk-SK","@id":"https:\/\/www.welovecycling.com\/sk\/2019\/02\/08\/za-teplom-na-malorku\/#primaryimage","url":"https:\/\/d2p6e6u75xmxt8.cloudfront.net\/4\/2019\/01\/00-4.webp","contentUrl":"https:\/\/d2p6e6u75xmxt8.cloudfront.net\/4\/2019\/01\/00-4.webp","width":1380,"height":600},{"@type":"BreadcrumbList","@id":"https:\/\/www.welovecycling.com\/sk\/2019\/02\/08\/za-teplom-na-malorku\/#breadcrumb","itemListElement":[{"@type":"ListItem","position":1,"name":"Home","item":"https:\/\/www.welovecycling.com\/sk\/"},{"@type":"ListItem","position":2,"name":"Kam za teplom na jar? Predsa na Malorku!"}]},{"@type":"WebSite","@id":"https:\/\/www.welovecycling.com\/sk\/#website","url":"https:\/\/www.welovecycling.com\/sk\/","name":"\u0160koda We Love Cycling Slovensko","description":"\u0160koda We Love Cycling Slovensko je v\u00e1\u0161 ka\u017edodenn\u00fd zdroj noviniek a in\u0161pir\u00e1cie z sveta cyklistiky","potentialAction":[{"@type":"SearchAction","target":{"@type":"EntryPoint","urlTemplate":"https:\/\/www.welovecycling.com\/sk\/?s={search_term_string}"},"query-input":{"@type":"PropertyValueSpecification","valueRequired":true,"valueName":"search_term_string"}}],"inLanguage":"sk-SK"},{"@type":"Person","@id":"https:\/\/www.welovecycling.com\/sk\/#\/schema\/person\/8ee09ba39b7e25b1870160aa5b3a89bc","name":"Ondrej Ga\u0161par","image":{"@type":"ImageObject","inLanguage":"sk-SK","@id":"https:\/\/www.welovecycling.com\/sk\/#\/schema\/person\/image\/","url":"https:\/\/secure.gravatar.com\/avatar\/6126c9afb87b70da5abbb083ddbb21933da15f18f8ca7cb822aba0fb096a48f6?s=96&d=mm&r=g","contentUrl":"https:\/\/secure.gravatar.com\/avatar\/6126c9afb87b70da5abbb083ddbb21933da15f18f8ca7cb822aba0fb096a48f6?s=96&d=mm&r=g","caption":"Ondrej Ga\u0161par"},"url":"https:\/\/www.welovecycling.com\/sk\/author\/ondrejgaspar\/"}]}},"_links":{"self":[{"href":"https:\/\/www.welovecycling.com\/sk\/wp-json\/wp\/v2\/posts\/5992","targetHints":{"allow":["GET"]}}],"collection":[{"href":"https:\/\/www.welovecycling.com\/sk\/wp-json\/wp\/v2\/posts"}],"about":[{"href":"https:\/\/www.welovecycling.com\/sk\/wp-json\/wp\/v2\/types\/post"}],"author":[{"embeddable":true,"href":"https:\/\/www.welovecycling.com\/sk\/wp-json\/wp\/v2\/users\/38"}],"replies":[{"embeddable":true,"href":"https:\/\/www.welovecycling.com\/sk\/wp-json\/wp\/v2\/comments?post=5992"}],"version-history":[{"count":2,"href":"https:\/\/www.welovecycling.com\/sk\/wp-json\/wp\/v2\/posts\/5992\/revisions"}],"predecessor-version":[{"id":6231,"href":"https:\/\/www.welovecycling.com\/sk\/wp-json\/wp\/v2\/posts\/5992\/revisions\/6231"}],"wp:featuredmedia":[{"embeddable":true,"href":"https:\/\/www.welovecycling.com\/sk\/wp-json\/wp\/v2\/media\/6031"}],"wp:attachment":[{"href":"https:\/\/www.welovecycling.com\/sk\/wp-json\/wp\/v2\/media?parent=5992"}],"wp:term":[{"taxonomy":"category","embeddable":true,"href":"https:\/\/www.welovecycling.com\/sk\/wp-json\/wp\/v2\/categories?post=5992"},{"taxonomy":"post_tag","embeddable":true,"href":"https:\/\/www.welovecycling.com\/sk\/wp-json\/wp\/v2\/tags?post=5992"},{"taxonomy":"global-categories","embeddable":true,"href":"https:\/\/www.welovecycling.com\/sk\/wp-json\/wp\/v2\/global-categories?post=5992"}],"curies":[{"name":"wp","href":"https:\/\/api.w.org\/{rel}","templated":true}]}}