{"id":5980,"date":"2019-01-21T09:30:31","date_gmt":"2019-01-21T08:30:31","guid":{"rendered":"https:\/\/www.welovecycling.com\/sk\/?p=5980"},"modified":"2023-04-20T11:23:11","modified_gmt":"2023-04-20T09:23:11","slug":"dalsia-uspesna-sezona-arriva-bike-v-nitre","status":"publish","type":"post","link":"https:\/\/www.welovecycling.com\/sk\/2019\/01\/21\/dalsia-uspesna-sezona-arriva-bike-v-nitre\/","title":{"rendered":"\u010eal\u0161ia \u00faspe\u0161n\u00e1 sez\u00f3na arriva.bike v Nitre"},"content":{"rendered":"<p><strong>Bike-sharing je na Slovensku e\u0161te st\u00e1le novinka, aj ke\u010f v\u00a0niektor\u00fdch mest\u00e1ch u\u017e funguje druh\u00fa \u010di tretiu sez\u00f3nu. Je to skvel\u00fd sp\u00f4sob, ako sa dosta\u0165 z\u00a0bodu A\u00a0do bodu B a\u00a0nema\u0165 starosti s t\u00fdm, \u010di v\u00e1\u0161 drahocenn\u00fd bike ostane zamknut\u00fd na svojom mieste aj o\u00a0pol hodinku, ke\u010f sa vr\u00e1tite z\u00a0po\u0161ty. Takisto sa m\u00f4\u017ee sta\u0165, \u017ee zme\u0161k\u00e1te autobus a\u00a0zachr\u00e1ni\u0165 v\u00e1s m\u00f4\u017ee najbli\u017e\u0161\u00ed stojan s\u00a0bicyklami, ktor\u00e9 si jednoducho cez sms, \u010di prilo\u017een\u00edm predplatenej karty a\u00a0zadan\u00edm PIN, vypo\u017ei\u010diate.<\/strong><!--more--><\/p>\n<p><a href=\"https:\/\/d2p6e6u75xmxt8.cloudfront.net\/4\/2019\/01\/01-2.jpg\"><img loading=\"lazy\" decoding=\"async\" class=\"alignnone size-full wp-image-5982\" src=\"https:\/\/d2p6e6u75xmxt8.cloudfront.net\/4\/2019\/01\/01-2.jpg\" alt=\"\" width=\"1200\" height=\"800\" \/><\/a><\/p>\n<h2><strong>Nielen pozit\u00edva<\/strong><\/h2>\n<p>Napriek tomu sa v\u0161ak oz\u00fdvaj\u00fa hlasy proti, ktor\u00e9 <strong>upozor\u0148uj\u00fa aj na negat\u00edvne str\u00e1nky<\/strong>. V mest\u00e1ch, ktor\u00e9 maj\u00fa bike-sharing, sa m\u00f4\u017ee objavi\u0165 v\u00e4\u010d\u0161ie mno\u017estvo cyklistov, ktor\u00fdch jazdu m\u00f4\u017eeme ozna\u010di\u0165 jednoducho za neist\u00fa, \u010di u\u017e z d\u00f4vodu po\u017eitia alkoholu alebo preto, \u017ee na bicykli sedeli naposledy, ke\u010f boli deti. \u010eal\u0161ou vecou je, \u017ee pre tak\u00fdchto cyklistov by sa hodila prilba, aby sa zmen\u0161ilo riziko poranenia v pr\u00edpade p\u00e1du. Vo \u0160vaj\u010diarsku probl\u00e9m vyrie\u0161ili tak, \u017ee s\u00fa\u010das\u0165ou je aj prilba, ktor\u00e1 je pribalen\u00e1 v ko\u0161\u00edku bicykla. T\u00fdmto sa dost\u00e1vame k tretiemu probl\u00e9mu, a t\u00fdm je \u00famyseln\u00e9 po\u0161kodzovanie bicyklov vandalmi. Pokia\u013e sa tak\u00e9to veci st\u00e1vaj\u00fa, je nemyslite\u013en\u00e9 vybavi\u0165 bicykle prilbami, ktor\u00e9 by sa str\u00e1cali asi ako prv\u00e9.<\/p>\n<p><a href=\"https:\/\/d2p6e6u75xmxt8.cloudfront.net\/4\/2019\/01\/02-2.jpg\"><img loading=\"lazy\" decoding=\"async\" class=\"alignnone size-full wp-image-5983\" src=\"https:\/\/d2p6e6u75xmxt8.cloudfront.net\/4\/2019\/01\/02-2.jpg\" alt=\"\" width=\"1200\" height=\"800\" \/><\/a><\/p>\n<p>Navzdory tomu v\u0161ak <a href=\"https:\/\/arriva.bike\/\" target=\"_blank\" rel=\"noopener\">arriva.bike<\/a> v\u00a0Nitre <strong>\u00faspe\u0161ne odol\u00e1va vandalom<\/strong> a po\u0161kodzovaniu ich zelen\u00fdch bicyklov. Najm\u00e4 preto, \u017ee ob\u010dania mesta ich prijali za svoje a oce\u0148uj\u00fa pr\u00ednos, ak\u00fd tieto bicykle pre mesto a ich obyvate\u013eov maj\u00fa. Dobrovo\u013ene nahlasuj\u00fa bicykle odlo\u017een\u00e9 mimo stanovi\u0161\u0165a.<\/p>\n<div data-rows=\"1\" id='gallery-1' class='gallery-rows-1 gallery galleryid-5980 gallery-columns-2 gallery-size-full'><figure class='gallery-item'>\n\t\t\t<div class='gallery-icon landscape'>\n\t\t\t\t<a href='https:\/\/d2p6e6u75xmxt8.cloudfront.net\/4\/2019\/01\/03-2.webp'><img loading=\"lazy\" decoding=\"async\" width=\"1200\" height=\"800\" src=\"https:\/\/d2p6e6u75xmxt8.cloudfront.net\/4\/2019\/01\/03-2.webp\" class=\"attachment-full size-full\" alt=\"\" srcset=\"https:\/\/d2p6e6u75xmxt8.cloudfront.net\/4\/2019\/01\/03-2.webp 1200w, https:\/\/d2p6e6u75xmxt8.cloudfront.net\/4\/2019\/01\/03-2-300x200.webp 300w, https:\/\/d2p6e6u75xmxt8.cloudfront.net\/4\/2019\/01\/03-2-1024x683.webp 1024w, https:\/\/d2p6e6u75xmxt8.cloudfront.net\/4\/2019\/01\/03-2-768x512.webp 768w, https:\/\/d2p6e6u75xmxt8.cloudfront.net\/4\/2019\/01\/03-2-272x182.webp 272w\" sizes=\"auto, (max-width: 1200px) 100vw, 1200px\" \/><\/a>\n\t\t\t<\/div><\/figure><figure class='gallery-item'>\n\t\t\t<div class='gallery-icon landscape'>\n\t\t\t\t<a href='https:\/\/d2p6e6u75xmxt8.cloudfront.net\/4\/2019\/01\/04-2.webp'><img loading=\"lazy\" decoding=\"async\" width=\"1200\" height=\"800\" src=\"https:\/\/d2p6e6u75xmxt8.cloudfront.net\/4\/2019\/01\/04-2.webp\" class=\"attachment-full size-full\" alt=\"\" srcset=\"https:\/\/d2p6e6u75xmxt8.cloudfront.net\/4\/2019\/01\/04-2.webp 1200w, https:\/\/d2p6e6u75xmxt8.cloudfront.net\/4\/2019\/01\/04-2-300x200.webp 300w, https:\/\/d2p6e6u75xmxt8.cloudfront.net\/4\/2019\/01\/04-2-1024x683.webp 1024w, https:\/\/d2p6e6u75xmxt8.cloudfront.net\/4\/2019\/01\/04-2-768x512.webp 768w, https:\/\/d2p6e6u75xmxt8.cloudfront.net\/4\/2019\/01\/04-2-272x182.webp 272w\" sizes=\"auto, (max-width: 1200px) 100vw, 1200px\" \/><\/a>\n\t\t\t<\/div><\/figure>\n\t\t<\/div>\n        \n<p>Majite\u013eom je firma ARRIVA, ktor\u00e1 prev\u00e1dzkuje autobusov\u00fa dopravu a v\u010faka tomu je syst\u00e9m vypo\u017ei\u010dania jednoduch\u0161\u00ed. <strong>\u013dudia m\u00f4\u017eu pou\u017ei\u0165 \u010dipov\u00fa kartu a\u00a0dodato\u010dne bicykel odomkn\u00fa\u0165 svojim PIN k\u00f3dom<\/strong>. K\u00a0dispoz\u00edcii je aj <strong>preh\u013eadn\u00e1 mobiln\u00e1 aplik\u00e1cia<\/strong>. Mo\u017eno aj v\u010faka tomuto jednoduch\u00e9mu syst\u00e9mu sa po\u010det po\u017ei\u010dan\u00fdch bicyklov po\u010das druhej sez\u00f3ny takmer strojn\u00e1sobil, ke\u010f boli po\u017ei\u010dan\u00e9 takmer 24\u00a0000-kr\u00e1t.<\/p>\n<lite-youtube videoid=5LM-j7ORR6g params=\"enablejsapi=1\" style=\"background-image: url('https:\/\/i.ytimg.com\/vi_webp\/5LM-j7ORR6g\/maxresdefault.webp');\"><\/lite-youtube>\n<p>Zdie\u013ean\u00e9 bicykle zjednodu\u0161uj\u00fa mobilitu najm\u00e4 v\u00a0centre mesta a\u00a0bike-sharing sa st\u00e1va <strong>doplnkom mestskej verejnej dopravy<\/strong>. To dok\u00e1\u017ee urobi\u0165 mesto atrakt\u00edvnym nielen pre obyvate\u013eov, ale aj pre n\u00e1v\u0161tevn\u00edkov.<\/p>\n<div data-rows=\"1\" id='gallery-2' class='gallery-rows-1 gallery galleryid-5980 gallery-columns-2 gallery-size-full'><figure class='gallery-item'>\n\t\t\t<div class='gallery-icon landscape'>\n\t\t\t\t<a href='https:\/\/d2p6e6u75xmxt8.cloudfront.net\/4\/2019\/01\/05-2.webp'><img loading=\"lazy\" decoding=\"async\" width=\"1200\" height=\"800\" src=\"https:\/\/d2p6e6u75xmxt8.cloudfront.net\/4\/2019\/01\/05-2.webp\" class=\"attachment-full size-full\" alt=\"\" srcset=\"https:\/\/d2p6e6u75xmxt8.cloudfront.net\/4\/2019\/01\/05-2.webp 1200w, https:\/\/d2p6e6u75xmxt8.cloudfront.net\/4\/2019\/01\/05-2-300x200.webp 300w, https:\/\/d2p6e6u75xmxt8.cloudfront.net\/4\/2019\/01\/05-2-1024x683.webp 1024w, https:\/\/d2p6e6u75xmxt8.cloudfront.net\/4\/2019\/01\/05-2-768x512.webp 768w, https:\/\/d2p6e6u75xmxt8.cloudfront.net\/4\/2019\/01\/05-2-272x182.webp 272w\" sizes=\"auto, (max-width: 1200px) 100vw, 1200px\" \/><\/a>\n\t\t\t<\/div><\/figure><figure class='gallery-item'>\n\t\t\t<div class='gallery-icon landscape'>\n\t\t\t\t<a href='https:\/\/d2p6e6u75xmxt8.cloudfront.net\/4\/2019\/01\/06-1.webp'><img loading=\"lazy\" decoding=\"async\" width=\"1200\" height=\"800\" src=\"https:\/\/d2p6e6u75xmxt8.cloudfront.net\/4\/2019\/01\/06-1.webp\" class=\"attachment-full size-full\" alt=\"\" srcset=\"https:\/\/d2p6e6u75xmxt8.cloudfront.net\/4\/2019\/01\/06-1.webp 1200w, https:\/\/d2p6e6u75xmxt8.cloudfront.net\/4\/2019\/01\/06-1-300x200.webp 300w, https:\/\/d2p6e6u75xmxt8.cloudfront.net\/4\/2019\/01\/06-1-1024x683.webp 1024w, https:\/\/d2p6e6u75xmxt8.cloudfront.net\/4\/2019\/01\/06-1-768x512.webp 768w, https:\/\/d2p6e6u75xmxt8.cloudfront.net\/4\/2019\/01\/06-1-272x182.webp 272w\" sizes=\"auto, (max-width: 1200px) 100vw, 1200px\" \/><\/a>\n\t\t\t<\/div><\/figure>\n\t\t<\/div>\n        \n<p>Nem\u00e1me s\u00edce v mest\u00e1ch dostato\u010dne vyvinut\u00e9 cyklotrasy a jazda po chodn\u00edkoch je s rizikom pokuty. Je tu v\u0161ak \u0161anca pr\u00e1ve v\u010faka v\u00e4\u010d\u0161iemu pou\u017e\u00edvaniu zdie\u013ean\u00fdch bicyklov. M\u00f4\u017eeme tak upozorni\u0165 kompetentn\u00fdch na potrebu vybudovania cyklochodn\u00edkov v jednotliv\u00fdch mest\u00e1ch. Ver\u00edme, \u017ee je to len ot\u00e1zkou \u010dasu.<\/p>\n","protected":false},"excerpt":{"rendered":"<p>Bike-sharing je na Slovensku e\u0161te st\u00e1le novinka, aj ke\u010f v\u00a0niektor\u00fdch mest\u00e1ch u\u017e funguje druh\u00fa \u010di tretiu sez\u00f3nu. Je to skvel\u00fd [&hellip;]<\/p>\n","protected":false},"author":38,"featured_media":5988,"comment_status":"open","ping_status":"open","sticky":false,"template":"","format":"standard","meta":{"footnotes":""},"categories":[604],"tags":[771,619,524,115,487,710,525,596,770,523,614],"global-categories":[],"class_list":["post-5980","post","type-post","status-publish","format-standard","has-post-thumbnail","hentry","category-urban-cyklistika","tag-arriva-bike","tag-bicyklovanie","tag-bikesharing","tag-cestna-cyklistika","tag-cestny-bicykel","tag-city","tag-mesto","tag-mestsky-bicykel","tag-nitra","tag-slovensko","tag-urban"],"yoast_head":"<!-- This site is optimized with the Yoast SEO Premium plugin v25.3 (Yoast SEO v25.9) - https:\/\/yoast.com\/wordpress\/plugins\/seo\/ -->\n<title>\u010eal\u0161ia \u00faspe\u0161n\u00e1 sez\u00f3na arriva.bike v Nitre<\/title>\n<meta name=\"description\" content=\"Bike-sharing je na Slovensku e\u0161te st\u00e1le novinka, aj ke\u010f v\u00a0niektor\u00fdch mest\u00e1ch u\u017e funguje druh\u00fa \u010di tretiu sez\u00f3nu.\" \/>\n<meta name=\"robots\" content=\"index, follow, max-snippet:-1, max-image-preview:large, max-video-preview:-1\" \/>\n<link rel=\"canonical\" href=\"https:\/\/www.welovecycling.com\/sk\/2019\/01\/21\/dalsia-uspesna-sezona-arriva-bike-v-nitre\/\" \/>\n<meta property=\"og:locale\" content=\"sk_SK\" \/>\n<meta property=\"og:type\" content=\"article\" \/>\n<meta property=\"og:title\" content=\"\u010eal\u0161ia \u00faspe\u0161n\u00e1 sez\u00f3na arriva.bike v Nitre\" \/>\n<meta property=\"og:description\" content=\"Bike-sharing je na Slovensku e\u0161te st\u00e1le novinka, aj ke\u010f v\u00a0niektor\u00fdch mest\u00e1ch u\u017e funguje druh\u00fa \u010di tretiu sez\u00f3nu.\" \/>\n<meta property=\"og:url\" content=\"https:\/\/www.welovecycling.com\/sk\/2019\/01\/21\/dalsia-uspesna-sezona-arriva-bike-v-nitre\/\" \/>\n<meta property=\"og:site_name\" content=\"\u0160koda We Love Cycling Slovensko\" \/>\n<meta property=\"article:published_time\" content=\"2019-01-21T08:30:31+00:00\" \/>\n<meta property=\"article:modified_time\" content=\"2023-04-20T09:23:11+00:00\" \/>\n<meta property=\"og:image\" content=\"https:\/\/d2p6e6u75xmxt8.cloudfront.net\/4\/2019\/01\/titulka-3.webp\" \/>\n\t<meta property=\"og:image:width\" content=\"1380\" \/>\n\t<meta property=\"og:image:height\" content=\"600\" \/>\n\t<meta property=\"og:image:type\" content=\"image\/webp\" \/>\n<meta name=\"author\" content=\"Ondrej Ga\u0161par\" \/>\n<meta name=\"twitter:card\" content=\"summary_large_image\" \/>\n<meta name=\"twitter:label1\" content=\"Written by\" \/>\n\t<meta name=\"twitter:data1\" content=\"We Love Cycling\" \/>\n\t<meta name=\"twitter:label2\" content=\"Est. reading time\" \/>\n\t<meta name=\"twitter:data2\" content=\"4\" \/>\n<script type=\"application\/ld+json\" class=\"yoast-schema-graph\">{\"@context\":\"https:\/\/schema.org\",\"@graph\":[{\"@type\":\"WebPage\",\"@id\":\"https:\/\/www.welovecycling.com\/sk\/2019\/01\/21\/dalsia-uspesna-sezona-arriva-bike-v-nitre\/\",\"url\":\"https:\/\/www.welovecycling.com\/sk\/2019\/01\/21\/dalsia-uspesna-sezona-arriva-bike-v-nitre\/\",\"name\":\"\u010eal\u0161ia \u00faspe\u0161n\u00e1 sez\u00f3na arriva.bike v Nitre\",\"isPartOf\":{\"@id\":\"https:\/\/www.welovecycling.com\/sk\/#website\"},\"primaryImageOfPage\":{\"@id\":\"https:\/\/www.welovecycling.com\/sk\/2019\/01\/21\/dalsia-uspesna-sezona-arriva-bike-v-nitre\/#primaryimage\"},\"image\":{\"@id\":\"https:\/\/www.welovecycling.com\/sk\/2019\/01\/21\/dalsia-uspesna-sezona-arriva-bike-v-nitre\/#primaryimage\"},\"thumbnailUrl\":\"https:\/\/d2p6e6u75xmxt8.cloudfront.net\/4\/2019\/01\/titulka-3.webp\",\"datePublished\":\"2019-01-21T08:30:31+00:00\",\"dateModified\":\"2023-04-20T09:23:11+00:00\",\"author\":{\"@id\":\"https:\/\/www.welovecycling.com\/sk\/#\/schema\/person\/8ee09ba39b7e25b1870160aa5b3a89bc\"},\"description\":\"Bike-sharing je na Slovensku e\u0161te st\u00e1le novinka, aj ke\u010f v\u00a0niektor\u00fdch mest\u00e1ch u\u017e funguje druh\u00fa \u010di tretiu sez\u00f3nu.\",\"breadcrumb\":{\"@id\":\"https:\/\/www.welovecycling.com\/sk\/2019\/01\/21\/dalsia-uspesna-sezona-arriva-bike-v-nitre\/#breadcrumb\"},\"inLanguage\":\"sk-SK\",\"potentialAction\":[{\"@type\":\"ReadAction\",\"target\":[\"https:\/\/www.welovecycling.com\/sk\/2019\/01\/21\/dalsia-uspesna-sezona-arriva-bike-v-nitre\/\"]}]},{\"@type\":\"ImageObject\",\"inLanguage\":\"sk-SK\",\"@id\":\"https:\/\/www.welovecycling.com\/sk\/2019\/01\/21\/dalsia-uspesna-sezona-arriva-bike-v-nitre\/#primaryimage\",\"url\":\"https:\/\/d2p6e6u75xmxt8.cloudfront.net\/4\/2019\/01\/titulka-3.webp\",\"contentUrl\":\"https:\/\/d2p6e6u75xmxt8.cloudfront.net\/4\/2019\/01\/titulka-3.webp\",\"width\":1380,\"height\":600},{\"@type\":\"BreadcrumbList\",\"@id\":\"https:\/\/www.welovecycling.com\/sk\/2019\/01\/21\/dalsia-uspesna-sezona-arriva-bike-v-nitre\/#breadcrumb\",\"itemListElement\":[{\"@type\":\"ListItem\",\"position\":1,\"name\":\"Home\",\"item\":\"https:\/\/www.welovecycling.com\/sk\/\"},{\"@type\":\"ListItem\",\"position\":2,\"name\":\"\u010eal\u0161ia \u00faspe\u0161n\u00e1 sez\u00f3na arriva.bike v Nitre\"}]},{\"@type\":\"WebSite\",\"@id\":\"https:\/\/www.welovecycling.com\/sk\/#website\",\"url\":\"https:\/\/www.welovecycling.com\/sk\/\",\"name\":\"\u0160koda We Love Cycling Slovensko\",\"description\":\"\u0160koda We Love Cycling Slovensko je v\u00e1\u0161 ka\u017edodenn\u00fd zdroj noviniek a in\u0161pir\u00e1cie z sveta cyklistiky\",\"potentialAction\":[{\"@type\":\"SearchAction\",\"target\":{\"@type\":\"EntryPoint\",\"urlTemplate\":\"https:\/\/www.welovecycling.com\/sk\/?s={search_term_string}\"},\"query-input\":{\"@type\":\"PropertyValueSpecification\",\"valueRequired\":true,\"valueName\":\"search_term_string\"}}],\"inLanguage\":\"sk-SK\"},{\"@type\":\"Person\",\"@id\":\"https:\/\/www.welovecycling.com\/sk\/#\/schema\/person\/8ee09ba39b7e25b1870160aa5b3a89bc\",\"name\":\"Ondrej Ga\u0161par\",\"image\":{\"@type\":\"ImageObject\",\"inLanguage\":\"sk-SK\",\"@id\":\"https:\/\/www.welovecycling.com\/sk\/#\/schema\/person\/image\/\",\"url\":\"https:\/\/secure.gravatar.com\/avatar\/6126c9afb87b70da5abbb083ddbb21933da15f18f8ca7cb822aba0fb096a48f6?s=96&d=mm&r=g\",\"contentUrl\":\"https:\/\/secure.gravatar.com\/avatar\/6126c9afb87b70da5abbb083ddbb21933da15f18f8ca7cb822aba0fb096a48f6?s=96&d=mm&r=g\",\"caption\":\"Ondrej Ga\u0161par\"},\"url\":\"https:\/\/www.welovecycling.com\/sk\/author\/ondrejgaspar\/\"}]}<\/script>\n<!-- \/ Yoast SEO Premium plugin. -->","yoast_head_json":{"title":"\u010eal\u0161ia \u00faspe\u0161n\u00e1 sez\u00f3na arriva.bike v Nitre","description":"Bike-sharing je na Slovensku e\u0161te st\u00e1le novinka, aj ke\u010f v\u00a0niektor\u00fdch mest\u00e1ch u\u017e funguje druh\u00fa \u010di tretiu sez\u00f3nu.","robots":{"index":"index","follow":"follow","max-snippet":"max-snippet:-1","max-image-preview":"max-image-preview:large","max-video-preview":"max-video-preview:-1"},"canonical":"https:\/\/www.welovecycling.com\/sk\/2019\/01\/21\/dalsia-uspesna-sezona-arriva-bike-v-nitre\/","og_locale":"sk_SK","og_type":"article","og_title":"\u010eal\u0161ia \u00faspe\u0161n\u00e1 sez\u00f3na arriva.bike v Nitre","og_description":"Bike-sharing je na Slovensku e\u0161te st\u00e1le novinka, aj ke\u010f v\u00a0niektor\u00fdch mest\u00e1ch u\u017e funguje druh\u00fa \u010di tretiu sez\u00f3nu.","og_url":"https:\/\/www.welovecycling.com\/sk\/2019\/01\/21\/dalsia-uspesna-sezona-arriva-bike-v-nitre\/","og_site_name":"\u0160koda We Love Cycling Slovensko","article_published_time":"2019-01-21T08:30:31+00:00","article_modified_time":"2023-04-20T09:23:11+00:00","og_image":[{"width":1380,"height":600,"url":"https:\/\/d2p6e6u75xmxt8.cloudfront.net\/4\/2019\/01\/titulka-3.webp","type":"image\/webp"}],"author":"Ondrej Ga\u0161par","twitter_card":"summary_large_image","twitter_misc":{"Written by":"We Love Cycling","Est. reading time":"4"},"schema":{"@context":"https:\/\/schema.org","@graph":[{"@type":"WebPage","@id":"https:\/\/www.welovecycling.com\/sk\/2019\/01\/21\/dalsia-uspesna-sezona-arriva-bike-v-nitre\/","url":"https:\/\/www.welovecycling.com\/sk\/2019\/01\/21\/dalsia-uspesna-sezona-arriva-bike-v-nitre\/","name":"\u010eal\u0161ia \u00faspe\u0161n\u00e1 sez\u00f3na arriva.bike v Nitre","isPartOf":{"@id":"https:\/\/www.welovecycling.com\/sk\/#website"},"primaryImageOfPage":{"@id":"https:\/\/www.welovecycling.com\/sk\/2019\/01\/21\/dalsia-uspesna-sezona-arriva-bike-v-nitre\/#primaryimage"},"image":{"@id":"https:\/\/www.welovecycling.com\/sk\/2019\/01\/21\/dalsia-uspesna-sezona-arriva-bike-v-nitre\/#primaryimage"},"thumbnailUrl":"https:\/\/d2p6e6u75xmxt8.cloudfront.net\/4\/2019\/01\/titulka-3.webp","datePublished":"2019-01-21T08:30:31+00:00","dateModified":"2023-04-20T09:23:11+00:00","author":{"@id":"https:\/\/www.welovecycling.com\/sk\/#\/schema\/person\/8ee09ba39b7e25b1870160aa5b3a89bc"},"description":"Bike-sharing je na Slovensku e\u0161te st\u00e1le novinka, aj ke\u010f v\u00a0niektor\u00fdch mest\u00e1ch u\u017e funguje druh\u00fa \u010di tretiu sez\u00f3nu.","breadcrumb":{"@id":"https:\/\/www.welovecycling.com\/sk\/2019\/01\/21\/dalsia-uspesna-sezona-arriva-bike-v-nitre\/#breadcrumb"},"inLanguage":"sk-SK","potentialAction":[{"@type":"ReadAction","target":["https:\/\/www.welovecycling.com\/sk\/2019\/01\/21\/dalsia-uspesna-sezona-arriva-bike-v-nitre\/"]}]},{"@type":"ImageObject","inLanguage":"sk-SK","@id":"https:\/\/www.welovecycling.com\/sk\/2019\/01\/21\/dalsia-uspesna-sezona-arriva-bike-v-nitre\/#primaryimage","url":"https:\/\/d2p6e6u75xmxt8.cloudfront.net\/4\/2019\/01\/titulka-3.webp","contentUrl":"https:\/\/d2p6e6u75xmxt8.cloudfront.net\/4\/2019\/01\/titulka-3.webp","width":1380,"height":600},{"@type":"BreadcrumbList","@id":"https:\/\/www.welovecycling.com\/sk\/2019\/01\/21\/dalsia-uspesna-sezona-arriva-bike-v-nitre\/#breadcrumb","itemListElement":[{"@type":"ListItem","position":1,"name":"Home","item":"https:\/\/www.welovecycling.com\/sk\/"},{"@type":"ListItem","position":2,"name":"\u010eal\u0161ia \u00faspe\u0161n\u00e1 sez\u00f3na arriva.bike v Nitre"}]},{"@type":"WebSite","@id":"https:\/\/www.welovecycling.com\/sk\/#website","url":"https:\/\/www.welovecycling.com\/sk\/","name":"\u0160koda We Love Cycling Slovensko","description":"\u0160koda We Love Cycling Slovensko je v\u00e1\u0161 ka\u017edodenn\u00fd zdroj noviniek a in\u0161pir\u00e1cie z sveta cyklistiky","potentialAction":[{"@type":"SearchAction","target":{"@type":"EntryPoint","urlTemplate":"https:\/\/www.welovecycling.com\/sk\/?s={search_term_string}"},"query-input":{"@type":"PropertyValueSpecification","valueRequired":true,"valueName":"search_term_string"}}],"inLanguage":"sk-SK"},{"@type":"Person","@id":"https:\/\/www.welovecycling.com\/sk\/#\/schema\/person\/8ee09ba39b7e25b1870160aa5b3a89bc","name":"Ondrej Ga\u0161par","image":{"@type":"ImageObject","inLanguage":"sk-SK","@id":"https:\/\/www.welovecycling.com\/sk\/#\/schema\/person\/image\/","url":"https:\/\/secure.gravatar.com\/avatar\/6126c9afb87b70da5abbb083ddbb21933da15f18f8ca7cb822aba0fb096a48f6?s=96&d=mm&r=g","contentUrl":"https:\/\/secure.gravatar.com\/avatar\/6126c9afb87b70da5abbb083ddbb21933da15f18f8ca7cb822aba0fb096a48f6?s=96&d=mm&r=g","caption":"Ondrej Ga\u0161par"},"url":"https:\/\/www.welovecycling.com\/sk\/author\/ondrejgaspar\/"}]}},"_links":{"self":[{"href":"https:\/\/www.welovecycling.com\/sk\/wp-json\/wp\/v2\/posts\/5980","targetHints":{"allow":["GET"]}}],"collection":[{"href":"https:\/\/www.welovecycling.com\/sk\/wp-json\/wp\/v2\/posts"}],"about":[{"href":"https:\/\/www.welovecycling.com\/sk\/wp-json\/wp\/v2\/types\/post"}],"author":[{"embeddable":true,"href":"https:\/\/www.welovecycling.com\/sk\/wp-json\/wp\/v2\/users\/38"}],"replies":[{"embeddable":true,"href":"https:\/\/www.welovecycling.com\/sk\/wp-json\/wp\/v2\/comments?post=5980"}],"version-history":[{"count":2,"href":"https:\/\/www.welovecycling.com\/sk\/wp-json\/wp\/v2\/posts\/5980\/revisions"}],"predecessor-version":[{"id":17201,"href":"https:\/\/www.welovecycling.com\/sk\/wp-json\/wp\/v2\/posts\/5980\/revisions\/17201"}],"wp:featuredmedia":[{"embeddable":true,"href":"https:\/\/www.welovecycling.com\/sk\/wp-json\/wp\/v2\/media\/5988"}],"wp:attachment":[{"href":"https:\/\/www.welovecycling.com\/sk\/wp-json\/wp\/v2\/media?parent=5980"}],"wp:term":[{"taxonomy":"category","embeddable":true,"href":"https:\/\/www.welovecycling.com\/sk\/wp-json\/wp\/v2\/categories?post=5980"},{"taxonomy":"post_tag","embeddable":true,"href":"https:\/\/www.welovecycling.com\/sk\/wp-json\/wp\/v2\/tags?post=5980"},{"taxonomy":"global-categories","embeddable":true,"href":"https:\/\/www.welovecycling.com\/sk\/wp-json\/wp\/v2\/global-categories?post=5980"}],"curies":[{"name":"wp","href":"https:\/\/api.w.org\/{rel}","templated":true}]}}