{"id":5953,"date":"2019-01-13T11:00:05","date_gmt":"2019-01-13T10:00:05","guid":{"rendered":"https:\/\/www.welovecycling.com\/sk\/?p=5953"},"modified":"2019-01-09T13:00:51","modified_gmt":"2019-01-09T12:00:51","slug":"aby-aj-rok-2019-prial-nasej-dvojkolesovej-vasni","status":"publish","type":"post","link":"https:\/\/www.welovecycling.com\/sk\/2019\/01\/13\/aby-aj-rok-2019-prial-nasej-dvojkolesovej-vasni\/","title":{"rendered":"Aby aj rok 2019 prial na\u0161ej dvojkolesovej v\u00e1\u0161ni"},"content":{"rendered":"<p><strong>Za\u010dal sa n\u00e1m nov\u00fd rok a takmer ka\u017ed\u00fd \u010dlovek si d\u00e1va ur\u010dit\u00e9 ciele. M\u00e1lokedy sa ich v\u0161ak podar\u00ed naplni\u0165. Ich zav\u0155\u0161enie n\u00e1m m\u00e1 da\u0165 pocit radosti z dosiahnut\u00e9ho cie\u013ea. Ak\u00e9 z\u00e1v\u00e4zky si m\u00e1me, my bikeri, ur\u010di\u0165 na to, aby sme nakoniec neboli sklaman\u00ed z ne\u00faspechu?<\/strong><!--more--><\/p>\n<p>Z\u00e1kladom je da\u0165 si <strong>novoro\u010dn\u00e9 predsavzatia jednoduch\u00e9, v ktor\u00fdch je konkr\u00e9tne vyjadren\u00fd cie\u013e<\/strong>. Z\u00e1rove\u0148 by tento mal by\u0165 zmerate\u013en\u00fd, aby ste vedeli poveda\u0165, \u010di bol\/nebol splnen\u00fd. V neposlednom rade ho mus\u00edte vedie\u0165 re\u00e1lne dosiahnu\u0165 v r\u00e1mci svojich mo\u017enost\u00ed. Sk\u00faste si <strong>stanovi\u0165 aj sp\u00f4sob odmeny<\/strong>. T\u00e1to odmena v\u00e1s bude motivova\u0165 k v\u00e4\u010d\u0161iemu \u00fasiliu. Nakoniec si nezabudnite vymedzi\u0165 \u010das a v \u0148om z\u00e1v\u00e4zky docieli\u0165. Predsavzatia s t\u00fdmito vlastnos\u0165ami sa v\u00e1m isto bud\u00fa plni\u0165 \u013eah\u0161ie.<\/p>\n<div class=\"shortcode-ys-post-pinup\"><article class=\"loop-simple post-5940 post type-post status-publish format-standard has-post-thumbnail hentry category-zabava category-zdravie-trening tag-bicyklovanie tag-cestna-cyklistika tag-cyklista tag-dodrziavat tag-horska-cyklistika tag-jazdenie tag-mtb tag-novy-rok tag-oddych tag-predsavzatia tag-regeneracia tag-relax tag-trening tag-zabava tag-zdravie tag-zdravy-zivotny-styl\" data-postid=\"5940\" role=\"article\" data-post-id=\"5940\" data-word-count=\"343\" data-headline-length=\"74\" data-category=\"Z\u00e1bava\" data-author=\"Ji\u0159\u00ed Kalo\u010d\" data-published=\"2019-01-11T10:30:17+01:00\" data-published-day=\"Friday\">\n    <div class=\"entry-thumbnail article-thumbnail\" content=\"https:\/\/d2p6e6u75xmxt8.cloudfront.net\/4\/2019\/01\/484874874-150x150.webp\"><a href=\"https:\/\/www.welovecycling.com\/sk\/2019\/01\/11\/4-novorocne-predsavzatia-ktore-vam-pomozu-stat-sa-lepsimi-jazdcami\/\" class=\"image-holder\" target=\"_self\"><img decoding=\"async\" loading=\"lazy\" class=\"\" src=\"https:\/\/d2p6e6u75xmxt8.cloudfront.net\/4\/2019\/01\/484874874-1024x447.webp\" srcset=\"https:\/\/d2p6e6u75xmxt8.cloudfront.net\/4\/2019\/01\/484874874.webp 1375w, https:\/\/d2p6e6u75xmxt8.cloudfront.net\/4\/2019\/01\/484874874-300x131.webp 300w, https:\/\/d2p6e6u75xmxt8.cloudfront.net\/4\/2019\/01\/484874874-1024x447.webp 1024w, https:\/\/d2p6e6u75xmxt8.cloudfront.net\/4\/2019\/01\/484874874-768x335.webp 768w\" width=\"1024\" height=\"447\" sizes=\"auto, (min-width: 1200px) 458px, (min-width: 768px) 38vw, 100vw\" alt=\"4-novorocne-predsavzatia-ktore-vam-pomozu-stat-sa-lepsimi-jazdcami\"\/><\/a><\/div>    <div class=\"entry-meta\">\n        <a class=\"label label-secondary post-category\" href=\"https:\/\/www.welovecycling.com\/sk\/category\/zabava\/\" title=\"Z\u00e1bava\">Z\u00e1bava<\/a>\n    <\/div>\n    <div class=\"entry-details\">\n        <a href=\"https:\/\/www.welovecycling.com\/sk\/2019\/01\/11\/4-novorocne-predsavzatia-ktore-vam-pomozu-stat-sa-lepsimi-jazdcami\/\" class='entry-title-wrapper'>\n            <h3 class=\"entry-title\"><span>4 novoro\u010dn\u00e9 predsavzatia, ktor\u00e9 v\u00e1m pom\u00f4\u017eu sta\u0165 sa lep\u0161\u00edm jazdcom<\/span><\/h3>\n        <\/a>\n    <\/div>\n    <\/article>\n<\/div>\n<p>Tak a teraz sk\u00fasme by\u0165 tro\u0161ku konkr\u00e9tnej\u0161\u00ed. <strong>Najjednoduch\u0161\u00edm cie\u013eom je najazdi\u0165 viac kilometrov ako v s\u00fa\u010dasnom roku<\/strong>. Jazdi\u0165 st\u00e1le viac je snom, asi, ka\u017ed\u00e9ho z n\u00e1s. Jednou z mo\u017enost\u00ed je aj cesta do pr\u00e1ce na biku. Nielen\u017ee t\u00fdm sprav\u00edte nie\u010do pre seba, ale prispejete aj k \u0161etreniu \u017eivotn\u00e9ho prostredia. Z \u010fal\u0161ieho h\u013eadiska od\u013eah\u010d\u00edte dopravn\u00fa situ\u00e1ciu. Bicykel je predsa len men\u0161\u00ed dopravn\u00fd prostriedok ako auto, alebo autobus. A aj po psychickej str\u00e1nke budete pokojnej\u0161\u00ed, preto\u017ee u\u017e po p\u00e1r \u0161liapnutiach cestou domov zabudnete na probl\u00e9my v pr\u00e1ci.<\/p>\n<p>\u010cast\u00fdm predsavzat\u00edm medzi nami b\u00fdva aj <strong>\u00fa\u010das\u0165 na (viacer\u00fdch) s\u00fa\u0165a\u017eiach<\/strong>. Ale kam \u00eds\u0165 porovn\u00e1va\u0165 svoje v\u00fdkony, ke\u010f ste si u\u017e odjazdili dajme tomu cel\u00fa na\u0161u s\u00e9riu \u0160koda BIKE OPEN TOUR? \u010co tak sk\u00fasi\u0165 aj nejak\u00fd zimn\u00fd marat\u00f3n? Ak pozn\u00e1te <a href=\"https:\/\/www.welovecycling.com\/sk\/2018\/08\/02\/reportaz-skoda-stupava-trophy-pekelne-horuci-vikend\/\">\u0160koda STUPAVA TROPHY<\/a>, tra\u0165 pre v\u00e1s potom nebude a\u017e tak\u00e1 nezn\u00e1ma v jej zimnom preveden\u00ed. Pokia\u013e sa chcete &#8222;hecn\u00fat&#8220;, pozna\u010dte si do kalend\u00e1ra <strong>19. janu\u00e1ra<\/strong>.<\/p>\n<p>Propoz\u00edcie s\u00fa zverejnen\u00e9 na <a href=\"http:\/\/www.stupavskymaraton.sk\/zimny-mtb-maraton-2019\/propozicie\/\" target=\"_blank\" rel=\"noopener\">tomto odkaze<\/a>.<\/p>\n<p><a href=\"https:\/\/d2p6e6u75xmxt8.cloudfront.net\/4\/2019\/01\/01-1.jpg\"><img loading=\"lazy\" decoding=\"async\" class=\"alignnone size-full wp-image-5955\" src=\"https:\/\/d2p6e6u75xmxt8.cloudfront.net\/4\/2019\/01\/01-1.jpg\" alt=\"\" width=\"1200\" height=\"800\" \/><\/a><\/p>\n<p>Kto je z v\u00fdchodn\u00e9ho Slovenska a m\u00e1 to do Stupavy pri\u010faleko, ale nechce cel\u00fa zimu iba le\u0148o\u0161i\u0165, m\u00f4\u017ee sa zamera\u0165 na <strong>\u010cergovsk\u00fa stopu. 9. febru\u00e1ra sa v obci Raslavice<\/strong>, v okrese Bardejov, bude kona\u0165 u\u017e 14. ro\u010dn\u00edk tohto zimn\u00e9ho podujatia.<\/p>\n<p>O v\u0161etkom potrebnom sa dozviete na <a href=\"http:\/\/cergovskastopa.sk\/\" target=\"_blank\" rel=\"noopener\">tomto odkaze<\/a>.<\/p>\n<p><a href=\"https:\/\/d2p6e6u75xmxt8.cloudfront.net\/4\/2019\/01\/02-1.jpg\"><img loading=\"lazy\" decoding=\"async\" class=\"alignnone size-full wp-image-5956\" src=\"https:\/\/d2p6e6u75xmxt8.cloudfront.net\/4\/2019\/01\/02-1.jpg\" alt=\"\" width=\"1200\" height=\"800\" \/><\/a><\/p>\n<p>Ak je va\u0161ou t\u00fa\u017ebou objavova\u0165 nie\u010do nov\u00e9, v\u00fdborn\u00fdm pomocn\u00edkom s\u00fa <strong>Vrch\u00e1rske koruny<\/strong>. Na Slovensku u\u017e existuje t\u00e1to cykloturistick\u00e1 v\u00fdzva v okol\u00ed Tren\u010d\u00edna, \u017diliny, na Liptove, Horehron\u00ed a \u0160ari\u0161i. V bud\u00facom roku sa chystaj\u00fa aj na Gemeri a v Mal\u00fdch Karpatoch. V ka\u017edom ro\u010dn\u00edku treba zdola\u0165 v sedle dvadsa\u0165 vrcholov v \u010dase <strong>od za\u010diatku apr\u00edla<\/strong> do konca novembra. Ako d\u00f4kaz zdolania kopca v\u00e1m bude sl\u00fa\u017ei\u0165 vrcholov\u00e1 fotografia uverejnen\u00e1 na ofici\u00e1lnej str\u00e1nke s\u00fa\u0165a\u017ee. Po dov\u0155\u0161en\u00ed v\u0161etk\u00fdch stanov\u00edsk budete odmenen\u00ed, okrem kr\u00e1snych z\u00e1\u017eitkov z nach\u00e1dzania nov\u00fdch miest, aj vecn\u00fdmi cenami.<\/p>\n<p>Viac info n\u00e1jdete na str\u00e1nke <a href=\"http:\/\/www.vk-bike.eu\" target=\"_blank\" rel=\"noopener\">vk-bike.eu<\/a>.<\/p>\n<p><a href=\"https:\/\/d2p6e6u75xmxt8.cloudfront.net\/4\/2019\/01\/03-1.jpg\"><img loading=\"lazy\" decoding=\"async\" class=\"alignnone size-full wp-image-5957\" src=\"https:\/\/d2p6e6u75xmxt8.cloudfront.net\/4\/2019\/01\/03-1.jpg\" alt=\"\" width=\"1200\" height=\"800\" \/><\/a><\/p>\n<p>Pokia\u013e ste u\u017e absolvovali VK vo svojom okol\u00ed a m\u00e1te chu\u0165 na nie\u010do extr\u00e9mnej\u0161ie, je v ponuke <a href=\"https:\/\/www.facebook.com\/vktbike\/photos\/a.%20768542639916723\/1739986569438987\/?type=3&amp;theater\" target=\"_blank\" rel=\"noopener\">Winter Psycho edition<\/a>. Ako n\u00e1zov napoved\u00e1, ide o zdol\u00e1vanie kopcov v zimnom obdob\u00ed a je to ur\u010den\u00e9 pre ozajstn\u00fdch &#8222;bl\u00e1znov&#8220;. Pre zdatnej\u0161\u00edch a vytrvalej\u0161\u00edch je pripraven\u00e1 aj <strong>etapov\u00e1 ultramarat\u00f3nska verzia VK-nonstop<\/strong>. Po\u010das \u0161tyroch dn\u00ed prejdete po vopred ur\u010den\u00fdch okruhoch v\u0161etky vrcholy v konkr\u00e9tnom ro\u010dn\u00edku. Ka\u017ed\u00fdm rokom sa celkov\u00e1 vzdialenos\u0165 &#8222;non-stop-ky&#8220; predl\u017euje. Za\u010dalo to pri 555 km, v nasleduj\u00facej sez\u00f3ne najazdili \u00fa\u010dastn\u00edci 777 km a v tomto roku sa pl\u00e1nuje odhadom 888 km.<\/p>\n<p>Pre viac inform\u00e1ci\u00ed o podujat\u00ed sledujte <a href=\"https:\/\/www.facebook.com\/VKTNONSTOP\/\" target=\"_blank\" rel=\"noopener\">str\u00e1nku VKT<\/a>.<\/p>\n<p><a href=\"https:\/\/d2p6e6u75xmxt8.cloudfront.net\/4\/2019\/01\/05-1.jpg\"><img loading=\"lazy\" decoding=\"async\" class=\"alignnone size-full wp-image-5958\" src=\"https:\/\/d2p6e6u75xmxt8.cloudfront.net\/4\/2019\/01\/05-1.jpg\" alt=\"\" width=\"1200\" height=\"800\" \/><\/a><\/p>\n<p>Tro\u0161ku in\u00fdm tipom dobrodru\u017eno-pozn\u00e1vacej s\u00fa\u0165a\u017ee je <strong>1000 Miles Adventure<\/strong>. Toto s\u00fa u\u017e origin\u00e1l non-stop preteky. V nep\u00e1rnych rokoch sa jazd\u00ed z najv\u00fdchodnej\u0161ieho bodu Slovenska k najz\u00e1padnej\u0161iemu miestu v \u010ceskej republike. V p\u00e1rnych rokoch vedie trasa opa\u010dn\u00fdm smerom. Registr\u00e1cia na rok 2019 bola vypredan\u00e1 za rekordn\u00e9 2 min\u00faty a 21 sek\u00fand! \u017deby poriadna motiv\u00e1cia pre rok 2020? :).<\/p>\n<p>Detaily o podujat\u00ed n\u00e1jdete na <a href=\"http:\/\/www.1000miles.cz\" target=\"_blank\" rel=\"noopener\">str\u00e1nke organiz\u00e1tora<\/a>.<\/p>\n<lite-youtube videoid=5v7uVGhyNJ8 params=\"enablejsapi=1\" style=\"background-image: url('https:\/\/i.ytimg.com\/vi_webp\/5v7uVGhyNJ8\/maxresdefault.webp');\"><\/lite-youtube>\n<p>Pre rodi\u010dov, ktor\u00ed si dali za cie\u013e vies\u0165 svoje deti k tomu najlep\u0161iemu \u0161portu, 31. marca za\u010d\u00edna <strong>Detsk\u00e1 tour Petra Sagana<\/strong>. Je to u\u017e tradi\u010dn\u00fd seri\u00e1l detsk\u00fdch pretekov pod hlavi\u010dkou Akad\u00e9mie na\u0161ej cyklistickej ikony. Ak sa de\u0165om nie\u010do nevydar\u00ed, pros\u00edm v\u00e1s, nekri\u010dte na ne. Ve\u010f to v\u0161etko nie je len o v\u00fdhrach, ale napr\u00edklad im to m\u00f4\u017ee prinies\u0165 nov\u00fdch kamar\u00e1tov, alebo pekn\u00e9 z\u00e1\u017eitky. Pre mamy a otcov predsa nie je ni\u010d kraj\u0161ie, ako vidie\u0165 svoje ratolesti usmiate a \u0161\u0165astn\u00e9. Ak im doprajete \u00fa\u010das\u0165 v celom kalend\u00e1ri, v septembri sa m\u00f4\u017eu osobne stretn\u00fa\u0165 so svojimi ikonami na spolo\u010dn\u00fdch <strong>Majstrovstv\u00e1ch Slovenskej a \u010ceskej republiky v Trnave<\/strong>.<\/p>\n<p>Toto a e\u0161te viac sa dozviete na str\u00e1nke <a href=\"https:\/\/detskatour.sk\/\" target=\"_blank\" rel=\"noopener\">Detsk\u00e1 tour Petra Sagana<\/a>.<\/p>\n<p><a href=\"https:\/\/d2p6e6u75xmxt8.cloudfront.net\/4\/2019\/01\/04-1.jpg\"><img loading=\"lazy\" decoding=\"async\" class=\"alignnone size-full wp-image-5959\" src=\"https:\/\/d2p6e6u75xmxt8.cloudfront.net\/4\/2019\/01\/04-1.jpg\" alt=\"\" width=\"1200\" height=\"800\" \/><\/a><\/p>\n<p>Tak, mil\u00ed bikeri, d\u00fafam, \u017ee sa v\u00e1m podar\u00ed da\u0165 si tie spr\u00e1vne predsavzatia. Ved nechcete vyzera\u0165 neschopne, ke\u010f sa v\u00e1s sp\u00fdtaj\u00fa zn\u00e1mi na v\u00e1\u0161 v\u00fdsledok. Prajeme v\u00e1m v novom roku ve\u013ea \u0161\u0165astne najazden\u00fdch kilometrov (bez defektu a p\u00e1du) a smelo do plnenia svojich osobn\u00fdch z\u00e1v\u00e4zkov.<\/p>\n","protected":false},"excerpt":{"rendered":"<p>Za\u010dal sa n\u00e1m nov\u00fd rok a takmer ka\u017ed\u00fd \u010dlovek si d\u00e1va ur\u010dit\u00e9 ciele. M\u00e1lokedy sa ich v\u0161ak podar\u00ed naplni\u0165. Ich [&hellip;]<\/p>\n","protected":false},"author":38,"featured_media":5962,"comment_status":"open","ping_status":"open","sticky":false,"template":"","format":"standard","meta":{"footnotes":""},"categories":[3],"tags":[765,764,331,180,532,178,412,91,179,523,181,363,766,317],"global-categories":[],"class_list":["post-5953","post","type-post","status-publish","format-standard","has-post-thumbnail","hentry","category-mtb","tag-1000-miles-adventure","tag-detska-tour-petra-sagana","tag-etapove-preteky","tag-horska-cyklistika","tag-jazdenie","tag-maraton","tag-mtb","tag-pozvanka","tag-preteky","tag-slovensko","tag-stupava","tag-stupava-winter-trophy-mtb-run","tag-vrcharska-koruna","tag-zima"],"yoast_head":"<!-- This site is optimized with the Yoast SEO Premium plugin v25.3 (Yoast SEO v25.9) - https:\/\/yoast.com\/wordpress\/plugins\/seo\/ -->\n<title>Aby aj rok 2019 prial na\u0161ej dvojkolesovej v\u00e1\u0161ni - \u0160koda We Love Cycling Slovensko<\/title>\n<meta name=\"robots\" content=\"index, follow, max-snippet:-1, max-image-preview:large, max-video-preview:-1\" \/>\n<link rel=\"canonical\" href=\"https:\/\/www.welovecycling.com\/sk\/2019\/01\/13\/aby-aj-rok-2019-prial-nasej-dvojkolesovej-vasni\/\" \/>\n<meta property=\"og:locale\" content=\"sk_SK\" \/>\n<meta property=\"og:type\" content=\"article\" \/>\n<meta property=\"og:title\" content=\"Aby aj rok 2019 prial na\u0161ej dvojkolesovej v\u00e1\u0161ni\" \/>\n<meta property=\"og:description\" content=\"Za\u010dal sa n\u00e1m nov\u00fd rok a takmer ka\u017ed\u00fd \u010dlovek si d\u00e1va ur\u010dit\u00e9 ciele. M\u00e1lokedy sa ich v\u0161ak podar\u00ed naplni\u0165. Ich [&hellip;]\" \/>\n<meta property=\"og:url\" content=\"https:\/\/www.welovecycling.com\/sk\/2019\/01\/13\/aby-aj-rok-2019-prial-nasej-dvojkolesovej-vasni\/\" \/>\n<meta property=\"og:site_name\" content=\"\u0160koda We Love Cycling Slovensko\" \/>\n<meta property=\"article:published_time\" content=\"2019-01-13T10:00:05+00:00\" \/>\n<meta property=\"og:image\" content=\"https:\/\/d2p6e6u75xmxt8.cloudfront.net\/4\/2019\/01\/winter-1475109_1920.webp\" \/>\n\t<meta property=\"og:image:width\" content=\"1380\" \/>\n\t<meta property=\"og:image:height\" content=\"600\" \/>\n\t<meta property=\"og:image:type\" content=\"image\/webp\" \/>\n<meta name=\"author\" content=\"Ondrej Ga\u0161par\" \/>\n<meta name=\"twitter:card\" content=\"summary_large_image\" \/>\n<meta name=\"twitter:label1\" content=\"Written by\" \/>\n\t<meta name=\"twitter:data1\" content=\"Ji\u0159\u00ed Kalo\u010d\" \/>\n\t<meta name=\"twitter:label2\" content=\"Est. reading time\" \/>\n\t<meta name=\"twitter:data2\" content=\"4\" \/>\n<script type=\"application\/ld+json\" class=\"yoast-schema-graph\">{\"@context\":\"https:\/\/schema.org\",\"@graph\":[{\"@type\":\"WebPage\",\"@id\":\"https:\/\/www.welovecycling.com\/sk\/2019\/01\/13\/aby-aj-rok-2019-prial-nasej-dvojkolesovej-vasni\/\",\"url\":\"https:\/\/www.welovecycling.com\/sk\/2019\/01\/13\/aby-aj-rok-2019-prial-nasej-dvojkolesovej-vasni\/\",\"name\":\"Aby aj rok 2019 prial na\u0161ej dvojkolesovej v\u00e1\u0161ni - \u0160koda We Love Cycling Slovensko\",\"isPartOf\":{\"@id\":\"https:\/\/www.welovecycling.com\/sk\/#website\"},\"primaryImageOfPage\":{\"@id\":\"https:\/\/www.welovecycling.com\/sk\/2019\/01\/13\/aby-aj-rok-2019-prial-nasej-dvojkolesovej-vasni\/#primaryimage\"},\"image\":{\"@id\":\"https:\/\/www.welovecycling.com\/sk\/2019\/01\/13\/aby-aj-rok-2019-prial-nasej-dvojkolesovej-vasni\/#primaryimage\"},\"thumbnailUrl\":\"https:\/\/d2p6e6u75xmxt8.cloudfront.net\/4\/2019\/01\/winter-1475109_1920.webp\",\"datePublished\":\"2019-01-13T10:00:05+00:00\",\"author\":{\"@id\":\"https:\/\/www.welovecycling.com\/sk\/#\/schema\/person\/8ee09ba39b7e25b1870160aa5b3a89bc\"},\"breadcrumb\":{\"@id\":\"https:\/\/www.welovecycling.com\/sk\/2019\/01\/13\/aby-aj-rok-2019-prial-nasej-dvojkolesovej-vasni\/#breadcrumb\"},\"inLanguage\":\"sk-SK\",\"potentialAction\":[{\"@type\":\"ReadAction\",\"target\":[\"https:\/\/www.welovecycling.com\/sk\/2019\/01\/13\/aby-aj-rok-2019-prial-nasej-dvojkolesovej-vasni\/\"]}]},{\"@type\":\"ImageObject\",\"inLanguage\":\"sk-SK\",\"@id\":\"https:\/\/www.welovecycling.com\/sk\/2019\/01\/13\/aby-aj-rok-2019-prial-nasej-dvojkolesovej-vasni\/#primaryimage\",\"url\":\"https:\/\/d2p6e6u75xmxt8.cloudfront.net\/4\/2019\/01\/winter-1475109_1920.webp\",\"contentUrl\":\"https:\/\/d2p6e6u75xmxt8.cloudfront.net\/4\/2019\/01\/winter-1475109_1920.webp\",\"width\":1380,\"height\":600},{\"@type\":\"BreadcrumbList\",\"@id\":\"https:\/\/www.welovecycling.com\/sk\/2019\/01\/13\/aby-aj-rok-2019-prial-nasej-dvojkolesovej-vasni\/#breadcrumb\",\"itemListElement\":[{\"@type\":\"ListItem\",\"position\":1,\"name\":\"Home\",\"item\":\"https:\/\/www.welovecycling.com\/sk\/\"},{\"@type\":\"ListItem\",\"position\":2,\"name\":\"Aby aj rok 2019 prial na\u0161ej dvojkolesovej v\u00e1\u0161ni\"}]},{\"@type\":\"WebSite\",\"@id\":\"https:\/\/www.welovecycling.com\/sk\/#website\",\"url\":\"https:\/\/www.welovecycling.com\/sk\/\",\"name\":\"\u0160koda We Love Cycling Slovensko\",\"description\":\"\u0160koda We Love Cycling Slovensko je v\u00e1\u0161 ka\u017edodenn\u00fd zdroj noviniek a in\u0161pir\u00e1cie z sveta cyklistiky\",\"potentialAction\":[{\"@type\":\"SearchAction\",\"target\":{\"@type\":\"EntryPoint\",\"urlTemplate\":\"https:\/\/www.welovecycling.com\/sk\/?s={search_term_string}\"},\"query-input\":{\"@type\":\"PropertyValueSpecification\",\"valueRequired\":true,\"valueName\":\"search_term_string\"}}],\"inLanguage\":\"sk-SK\"},{\"@type\":\"Person\",\"@id\":\"https:\/\/www.welovecycling.com\/sk\/#\/schema\/person\/8ee09ba39b7e25b1870160aa5b3a89bc\",\"name\":\"Ondrej Ga\u0161par\",\"image\":{\"@type\":\"ImageObject\",\"inLanguage\":\"sk-SK\",\"@id\":\"https:\/\/www.welovecycling.com\/sk\/#\/schema\/person\/image\/\",\"url\":\"https:\/\/secure.gravatar.com\/avatar\/6126c9afb87b70da5abbb083ddbb21933da15f18f8ca7cb822aba0fb096a48f6?s=96&d=mm&r=g\",\"contentUrl\":\"https:\/\/secure.gravatar.com\/avatar\/6126c9afb87b70da5abbb083ddbb21933da15f18f8ca7cb822aba0fb096a48f6?s=96&d=mm&r=g\",\"caption\":\"Ondrej Ga\u0161par\"},\"url\":\"https:\/\/www.welovecycling.com\/sk\/author\/ondrejgaspar\/\"}]}<\/script>\n<!-- \/ Yoast SEO Premium plugin. -->","yoast_head_json":{"title":"Aby aj rok 2019 prial na\u0161ej dvojkolesovej v\u00e1\u0161ni - \u0160koda We Love Cycling Slovensko","robots":{"index":"index","follow":"follow","max-snippet":"max-snippet:-1","max-image-preview":"max-image-preview:large","max-video-preview":"max-video-preview:-1"},"canonical":"https:\/\/www.welovecycling.com\/sk\/2019\/01\/13\/aby-aj-rok-2019-prial-nasej-dvojkolesovej-vasni\/","og_locale":"sk_SK","og_type":"article","og_title":"Aby aj rok 2019 prial na\u0161ej dvojkolesovej v\u00e1\u0161ni","og_description":"Za\u010dal sa n\u00e1m nov\u00fd rok a takmer ka\u017ed\u00fd \u010dlovek si d\u00e1va ur\u010dit\u00e9 ciele. M\u00e1lokedy sa ich v\u0161ak podar\u00ed naplni\u0165. Ich [&hellip;]","og_url":"https:\/\/www.welovecycling.com\/sk\/2019\/01\/13\/aby-aj-rok-2019-prial-nasej-dvojkolesovej-vasni\/","og_site_name":"\u0160koda We Love Cycling Slovensko","article_published_time":"2019-01-13T10:00:05+00:00","og_image":[{"width":1380,"height":600,"url":"https:\/\/d2p6e6u75xmxt8.cloudfront.net\/4\/2019\/01\/winter-1475109_1920.webp","type":"image\/webp"}],"author":"Ondrej Ga\u0161par","twitter_card":"summary_large_image","twitter_misc":{"Written by":"Ji\u0159\u00ed Kalo\u010d","Est. reading time":"4"},"schema":{"@context":"https:\/\/schema.org","@graph":[{"@type":"WebPage","@id":"https:\/\/www.welovecycling.com\/sk\/2019\/01\/13\/aby-aj-rok-2019-prial-nasej-dvojkolesovej-vasni\/","url":"https:\/\/www.welovecycling.com\/sk\/2019\/01\/13\/aby-aj-rok-2019-prial-nasej-dvojkolesovej-vasni\/","name":"Aby aj rok 2019 prial na\u0161ej dvojkolesovej v\u00e1\u0161ni - \u0160koda We Love Cycling Slovensko","isPartOf":{"@id":"https:\/\/www.welovecycling.com\/sk\/#website"},"primaryImageOfPage":{"@id":"https:\/\/www.welovecycling.com\/sk\/2019\/01\/13\/aby-aj-rok-2019-prial-nasej-dvojkolesovej-vasni\/#primaryimage"},"image":{"@id":"https:\/\/www.welovecycling.com\/sk\/2019\/01\/13\/aby-aj-rok-2019-prial-nasej-dvojkolesovej-vasni\/#primaryimage"},"thumbnailUrl":"https:\/\/d2p6e6u75xmxt8.cloudfront.net\/4\/2019\/01\/winter-1475109_1920.webp","datePublished":"2019-01-13T10:00:05+00:00","author":{"@id":"https:\/\/www.welovecycling.com\/sk\/#\/schema\/person\/8ee09ba39b7e25b1870160aa5b3a89bc"},"breadcrumb":{"@id":"https:\/\/www.welovecycling.com\/sk\/2019\/01\/13\/aby-aj-rok-2019-prial-nasej-dvojkolesovej-vasni\/#breadcrumb"},"inLanguage":"sk-SK","potentialAction":[{"@type":"ReadAction","target":["https:\/\/www.welovecycling.com\/sk\/2019\/01\/13\/aby-aj-rok-2019-prial-nasej-dvojkolesovej-vasni\/"]}]},{"@type":"ImageObject","inLanguage":"sk-SK","@id":"https:\/\/www.welovecycling.com\/sk\/2019\/01\/13\/aby-aj-rok-2019-prial-nasej-dvojkolesovej-vasni\/#primaryimage","url":"https:\/\/d2p6e6u75xmxt8.cloudfront.net\/4\/2019\/01\/winter-1475109_1920.webp","contentUrl":"https:\/\/d2p6e6u75xmxt8.cloudfront.net\/4\/2019\/01\/winter-1475109_1920.webp","width":1380,"height":600},{"@type":"BreadcrumbList","@id":"https:\/\/www.welovecycling.com\/sk\/2019\/01\/13\/aby-aj-rok-2019-prial-nasej-dvojkolesovej-vasni\/#breadcrumb","itemListElement":[{"@type":"ListItem","position":1,"name":"Home","item":"https:\/\/www.welovecycling.com\/sk\/"},{"@type":"ListItem","position":2,"name":"Aby aj rok 2019 prial na\u0161ej dvojkolesovej v\u00e1\u0161ni"}]},{"@type":"WebSite","@id":"https:\/\/www.welovecycling.com\/sk\/#website","url":"https:\/\/www.welovecycling.com\/sk\/","name":"\u0160koda We Love Cycling Slovensko","description":"\u0160koda We Love Cycling Slovensko je v\u00e1\u0161 ka\u017edodenn\u00fd zdroj noviniek a in\u0161pir\u00e1cie z sveta cyklistiky","potentialAction":[{"@type":"SearchAction","target":{"@type":"EntryPoint","urlTemplate":"https:\/\/www.welovecycling.com\/sk\/?s={search_term_string}"},"query-input":{"@type":"PropertyValueSpecification","valueRequired":true,"valueName":"search_term_string"}}],"inLanguage":"sk-SK"},{"@type":"Person","@id":"https:\/\/www.welovecycling.com\/sk\/#\/schema\/person\/8ee09ba39b7e25b1870160aa5b3a89bc","name":"Ondrej Ga\u0161par","image":{"@type":"ImageObject","inLanguage":"sk-SK","@id":"https:\/\/www.welovecycling.com\/sk\/#\/schema\/person\/image\/","url":"https:\/\/secure.gravatar.com\/avatar\/6126c9afb87b70da5abbb083ddbb21933da15f18f8ca7cb822aba0fb096a48f6?s=96&d=mm&r=g","contentUrl":"https:\/\/secure.gravatar.com\/avatar\/6126c9afb87b70da5abbb083ddbb21933da15f18f8ca7cb822aba0fb096a48f6?s=96&d=mm&r=g","caption":"Ondrej Ga\u0161par"},"url":"https:\/\/www.welovecycling.com\/sk\/author\/ondrejgaspar\/"}]}},"_links":{"self":[{"href":"https:\/\/www.welovecycling.com\/sk\/wp-json\/wp\/v2\/posts\/5953","targetHints":{"allow":["GET"]}}],"collection":[{"href":"https:\/\/www.welovecycling.com\/sk\/wp-json\/wp\/v2\/posts"}],"about":[{"href":"https:\/\/www.welovecycling.com\/sk\/wp-json\/wp\/v2\/types\/post"}],"author":[{"embeddable":true,"href":"https:\/\/www.welovecycling.com\/sk\/wp-json\/wp\/v2\/users\/38"}],"replies":[{"embeddable":true,"href":"https:\/\/www.welovecycling.com\/sk\/wp-json\/wp\/v2\/comments?post=5953"}],"version-history":[{"count":2,"href":"https:\/\/www.welovecycling.com\/sk\/wp-json\/wp\/v2\/posts\/5953\/revisions"}],"predecessor-version":[{"id":5977,"href":"https:\/\/www.welovecycling.com\/sk\/wp-json\/wp\/v2\/posts\/5953\/revisions\/5977"}],"wp:featuredmedia":[{"embeddable":true,"href":"https:\/\/www.welovecycling.com\/sk\/wp-json\/wp\/v2\/media\/5962"}],"wp:attachment":[{"href":"https:\/\/www.welovecycling.com\/sk\/wp-json\/wp\/v2\/media?parent=5953"}],"wp:term":[{"taxonomy":"category","embeddable":true,"href":"https:\/\/www.welovecycling.com\/sk\/wp-json\/wp\/v2\/categories?post=5953"},{"taxonomy":"post_tag","embeddable":true,"href":"https:\/\/www.welovecycling.com\/sk\/wp-json\/wp\/v2\/tags?post=5953"},{"taxonomy":"global-categories","embeddable":true,"href":"https:\/\/www.welovecycling.com\/sk\/wp-json\/wp\/v2\/global-categories?post=5953"}],"curies":[{"name":"wp","href":"https:\/\/api.w.org\/{rel}","templated":true}]}}