{"id":593,"date":"2017-04-10T19:49:36","date_gmt":"2017-04-10T17:49:36","guid":{"rendered":"https:\/\/www.welovecycling.com\/sk\/?p=593"},"modified":"2017-05-16T20:06:25","modified_gmt":"2017-05-16T18:06:25","slug":"preco-si-dat-po-vyjazde-pivo","status":"publish","type":"post","link":"https:\/\/www.welovecycling.com\/sk\/2017\/04\/10\/preco-si-dat-po-vyjazde-pivo\/","title":{"rendered":"Pre\u010do si da\u0165 po v\u00fdjazde pivo"},"content":{"rendered":"<p><strong>Mo\u017eno si poklepete po \u010dele, ke\u010f v\u00e1m niekto povie, \u017ee da\u0165 si po bicyklovan\u00ed pivo je spr\u00e1vna vo\u013eba. \u00daprimne \u2013 komu by dobre nesadlo \u201cjedno vychladen\u00e9\u201d po dlhej jazde?<\/strong><\/p>\n<p>Ak sa pozrieme do minulosti, zist\u00edme, \u017ee napr\u00edklad v rokoch 1900-1960 jazdci na Tour de France pop\u00edjali alkohol priamo po\u010das samotn\u00fdch pretekov, kde bolo na v\u00fdber z piva, v\u00edna alebo dokonca \u0161ampansk\u00e9ho.<\/p>\n<p><a href=\"https:\/\/www.instagram.com\/p\/BNefQQ9BeCh\/\">https:\/\/www.instagram.com\/p\/BNefQQ9BeCh\/<\/a><\/p>\n<p>Vr\u00e1\u0165me sa ale do pr\u00edtomnosti, kedy sa nie v\u0161etci \u017een\u00fa len za v\u00ed\u0165azstvom. Ve\u013ea z n\u00e1s si napl\u00e1nuje v\u00fdjazd s cie\u013eom priamo v malom pivovare alebo aspo\u0148 do kr\u010dmy, kde sa d\u00e1 pivo vychutna\u0165. Takto si nielen pochut\u00edte, ale aj sprav\u00edte nie\u010do pre svoje zdravie, ke\u010f\u017ee alkohol v malom mno\u017estve nerob\u00ed probl\u00e9m. Ak by ste predsa len tr\u00e9novali na preteky, tak sa nemus\u00edte ob\u00e1va\u0165, \u017ee jedno mal\u00e9 v\u00e1s dehydruje, ke\u010f\u017ee najnov\u0161ie v\u00fdskumy dokazuj\u00fa, \u017ee tento probl\u00e9m nast\u00e1va a\u017e od piva v\u00e4\u010d\u0161ieho objemu ako 660 ml &#8211; \u010do s\u00fa v podstate dve mal\u00e9 piv\u00e1.<\/p>\n<p><a href=\"https:\/\/www.instagram.com\/p\/BNDWr6hF2jv\/\">https:\/\/www.instagram.com\/p\/BNDWr6hF2jv\/<\/a><\/p>\n<p>V skratke \u2013 pivo a bicyklovanie id\u00fa spolu u\u017e dlh\u00fa dobu ruka k ruke. Ur\u010dite to ale s t\u00fdmto \u201cregenera\u010dn\u00fdm n\u00e1pojom\u201d netreba preh\u00e1\u0148a\u0165, aby sme neboli unaven\u00ed e\u0161te aj na druh\u00fd de\u0148. Navy\u0161e netreba zab\u00fada\u0165 ani na to, \u017ee prednos\u0165 maj\u00fa kvalitn\u00e9 piv\u00e1 pred t\u00fdm, ktor\u00e9 s\u00fa pasterizovan\u00e9 a filtrovan\u00e9.<\/p>\n<p>Na zdravie!<\/p>\n<p><a href=\"https:\/\/www.instagram.com\/p\/BMw1LZjh_Br\/\">https:\/\/www.instagram.com\/p\/BMw1LZjh_Br\/<\/a><\/p>\n","protected":false},"excerpt":{"rendered":"<p>Mo\u017eno si poklepete po \u010dele, ke\u010f v\u00e1m niekto povie, \u017ee da\u0165 si po bicyklovan\u00ed pivo je spr\u00e1vna vo\u013eba. \u00daprimne \u2013 [&hellip;]<\/p>\n","protected":false},"author":38,"featured_media":594,"comment_status":"open","ping_status":"open","sticky":false,"template":"","format":"standard","meta":{"footnotes":""},"categories":[2],"tags":[56],"global-categories":[],"class_list":["post-593","post","type-post","status-publish","format-standard","has-post-thumbnail","hentry","category-zdravie-trening","tag-pivo"],"yoast_head":"<!-- This site is optimized with the Yoast SEO Premium plugin v25.3 (Yoast SEO v25.9) - https:\/\/yoast.com\/wordpress\/plugins\/seo\/ -->\n<title>Pre\u010do si da\u0165 po v\u00fdjazde pivo - \u0160koda We Love Cycling Slovensko<\/title>\n<meta name=\"robots\" content=\"index, follow, max-snippet:-1, max-image-preview:large, max-video-preview:-1\" \/>\n<link rel=\"canonical\" href=\"https:\/\/www.welovecycling.com\/sk\/2017\/04\/10\/preco-si-dat-po-vyjazde-pivo\/\" \/>\n<meta property=\"og:locale\" content=\"sk_SK\" \/>\n<meta property=\"og:type\" content=\"article\" \/>\n<meta property=\"og:title\" content=\"Pre\u010do si da\u0165 po v\u00fdjazde pivo\" \/>\n<meta property=\"og:description\" content=\"Mo\u017eno si poklepete po \u010dele, ke\u010f v\u00e1m niekto povie, \u017ee da\u0165 si po bicyklovan\u00ed pivo je spr\u00e1vna vo\u013eba. \u00daprimne \u2013 [&hellip;]\" \/>\n<meta property=\"og:url\" content=\"https:\/\/www.welovecycling.com\/sk\/2017\/04\/10\/preco-si-dat-po-vyjazde-pivo\/\" \/>\n<meta property=\"og:site_name\" content=\"\u0160koda We Love Cycling Slovensko\" \/>\n<meta property=\"article:published_time\" content=\"2017-04-10T17:49:36+00:00\" \/>\n<meta property=\"article:modified_time\" content=\"2017-05-16T18:06:25+00:00\" \/>\n<meta property=\"og:image\" content=\"https:\/\/d2p6e6u75xmxt8.cloudfront.net\/4\/2017\/05\/485414.webp\" \/>\n\t<meta property=\"og:image:width\" content=\"1375\" \/>\n\t<meta property=\"og:image:height\" content=\"600\" \/>\n\t<meta property=\"og:image:type\" content=\"image\/webp\" \/>\n<meta name=\"author\" content=\"Ondrej Ga\u0161par\" \/>\n<meta name=\"twitter:card\" content=\"summary_large_image\" \/>\n<meta name=\"twitter:label1\" content=\"Written by\" \/>\n\t<meta name=\"twitter:data1\" content=\"We Love Cycling\" \/>\n\t<meta name=\"twitter:label2\" content=\"Est. reading time\" \/>\n\t<meta name=\"twitter:data2\" content=\"1 minute\" \/>\n<script type=\"application\/ld+json\" class=\"yoast-schema-graph\">{\"@context\":\"https:\/\/schema.org\",\"@graph\":[{\"@type\":\"WebPage\",\"@id\":\"https:\/\/www.welovecycling.com\/sk\/2017\/04\/10\/preco-si-dat-po-vyjazde-pivo\/\",\"url\":\"https:\/\/www.welovecycling.com\/sk\/2017\/04\/10\/preco-si-dat-po-vyjazde-pivo\/\",\"name\":\"Pre\u010do si da\u0165 po v\u00fdjazde pivo - \u0160koda We Love Cycling Slovensko\",\"isPartOf\":{\"@id\":\"https:\/\/www.welovecycling.com\/sk\/#website\"},\"primaryImageOfPage\":{\"@id\":\"https:\/\/www.welovecycling.com\/sk\/2017\/04\/10\/preco-si-dat-po-vyjazde-pivo\/#primaryimage\"},\"image\":{\"@id\":\"https:\/\/www.welovecycling.com\/sk\/2017\/04\/10\/preco-si-dat-po-vyjazde-pivo\/#primaryimage\"},\"thumbnailUrl\":\"https:\/\/d2p6e6u75xmxt8.cloudfront.net\/4\/2017\/05\/485414.webp\",\"datePublished\":\"2017-04-10T17:49:36+00:00\",\"dateModified\":\"2017-05-16T18:06:25+00:00\",\"author\":{\"@id\":\"https:\/\/www.welovecycling.com\/sk\/#\/schema\/person\/8ee09ba39b7e25b1870160aa5b3a89bc\"},\"breadcrumb\":{\"@id\":\"https:\/\/www.welovecycling.com\/sk\/2017\/04\/10\/preco-si-dat-po-vyjazde-pivo\/#breadcrumb\"},\"inLanguage\":\"sk-SK\",\"potentialAction\":[{\"@type\":\"ReadAction\",\"target\":[\"https:\/\/www.welovecycling.com\/sk\/2017\/04\/10\/preco-si-dat-po-vyjazde-pivo\/\"]}]},{\"@type\":\"ImageObject\",\"inLanguage\":\"sk-SK\",\"@id\":\"https:\/\/www.welovecycling.com\/sk\/2017\/04\/10\/preco-si-dat-po-vyjazde-pivo\/#primaryimage\",\"url\":\"https:\/\/d2p6e6u75xmxt8.cloudfront.net\/4\/2017\/05\/485414.webp\",\"contentUrl\":\"https:\/\/d2p6e6u75xmxt8.cloudfront.net\/4\/2017\/05\/485414.webp\",\"width\":1375,\"height\":600},{\"@type\":\"BreadcrumbList\",\"@id\":\"https:\/\/www.welovecycling.com\/sk\/2017\/04\/10\/preco-si-dat-po-vyjazde-pivo\/#breadcrumb\",\"itemListElement\":[{\"@type\":\"ListItem\",\"position\":1,\"name\":\"Home\",\"item\":\"https:\/\/www.welovecycling.com\/sk\/\"},{\"@type\":\"ListItem\",\"position\":2,\"name\":\"Pre\u010do si da\u0165 po v\u00fdjazde pivo\"}]},{\"@type\":\"WebSite\",\"@id\":\"https:\/\/www.welovecycling.com\/sk\/#website\",\"url\":\"https:\/\/www.welovecycling.com\/sk\/\",\"name\":\"\u0160koda We Love Cycling Slovensko\",\"description\":\"\u0160koda We Love Cycling Slovensko je v\u00e1\u0161 ka\u017edodenn\u00fd zdroj noviniek a in\u0161pir\u00e1cie z sveta cyklistiky\",\"potentialAction\":[{\"@type\":\"SearchAction\",\"target\":{\"@type\":\"EntryPoint\",\"urlTemplate\":\"https:\/\/www.welovecycling.com\/sk\/?s={search_term_string}\"},\"query-input\":{\"@type\":\"PropertyValueSpecification\",\"valueRequired\":true,\"valueName\":\"search_term_string\"}}],\"inLanguage\":\"sk-SK\"},{\"@type\":\"Person\",\"@id\":\"https:\/\/www.welovecycling.com\/sk\/#\/schema\/person\/8ee09ba39b7e25b1870160aa5b3a89bc\",\"name\":\"Ondrej Ga\u0161par\",\"image\":{\"@type\":\"ImageObject\",\"inLanguage\":\"sk-SK\",\"@id\":\"https:\/\/www.welovecycling.com\/sk\/#\/schema\/person\/image\/\",\"url\":\"https:\/\/secure.gravatar.com\/avatar\/6126c9afb87b70da5abbb083ddbb21933da15f18f8ca7cb822aba0fb096a48f6?s=96&d=mm&r=g\",\"contentUrl\":\"https:\/\/secure.gravatar.com\/avatar\/6126c9afb87b70da5abbb083ddbb21933da15f18f8ca7cb822aba0fb096a48f6?s=96&d=mm&r=g\",\"caption\":\"Ondrej Ga\u0161par\"},\"url\":\"https:\/\/www.welovecycling.com\/sk\/author\/ondrejgaspar\/\"}]}<\/script>\n<!-- \/ Yoast SEO Premium plugin. -->","yoast_head_json":{"title":"Pre\u010do si da\u0165 po v\u00fdjazde pivo - \u0160koda We Love Cycling Slovensko","robots":{"index":"index","follow":"follow","max-snippet":"max-snippet:-1","max-image-preview":"max-image-preview:large","max-video-preview":"max-video-preview:-1"},"canonical":"https:\/\/www.welovecycling.com\/sk\/2017\/04\/10\/preco-si-dat-po-vyjazde-pivo\/","og_locale":"sk_SK","og_type":"article","og_title":"Pre\u010do si da\u0165 po v\u00fdjazde pivo","og_description":"Mo\u017eno si poklepete po \u010dele, ke\u010f v\u00e1m niekto povie, \u017ee da\u0165 si po bicyklovan\u00ed pivo je spr\u00e1vna vo\u013eba. \u00daprimne \u2013 [&hellip;]","og_url":"https:\/\/www.welovecycling.com\/sk\/2017\/04\/10\/preco-si-dat-po-vyjazde-pivo\/","og_site_name":"\u0160koda We Love Cycling Slovensko","article_published_time":"2017-04-10T17:49:36+00:00","article_modified_time":"2017-05-16T18:06:25+00:00","og_image":[{"width":1375,"height":600,"url":"https:\/\/d2p6e6u75xmxt8.cloudfront.net\/4\/2017\/05\/485414.webp","type":"image\/webp"}],"author":"Ondrej Ga\u0161par","twitter_card":"summary_large_image","twitter_misc":{"Written by":"We Love Cycling","Est. reading time":"1 minute"},"schema":{"@context":"https:\/\/schema.org","@graph":[{"@type":"WebPage","@id":"https:\/\/www.welovecycling.com\/sk\/2017\/04\/10\/preco-si-dat-po-vyjazde-pivo\/","url":"https:\/\/www.welovecycling.com\/sk\/2017\/04\/10\/preco-si-dat-po-vyjazde-pivo\/","name":"Pre\u010do si da\u0165 po v\u00fdjazde pivo - \u0160koda We Love Cycling Slovensko","isPartOf":{"@id":"https:\/\/www.welovecycling.com\/sk\/#website"},"primaryImageOfPage":{"@id":"https:\/\/www.welovecycling.com\/sk\/2017\/04\/10\/preco-si-dat-po-vyjazde-pivo\/#primaryimage"},"image":{"@id":"https:\/\/www.welovecycling.com\/sk\/2017\/04\/10\/preco-si-dat-po-vyjazde-pivo\/#primaryimage"},"thumbnailUrl":"https:\/\/d2p6e6u75xmxt8.cloudfront.net\/4\/2017\/05\/485414.webp","datePublished":"2017-04-10T17:49:36+00:00","dateModified":"2017-05-16T18:06:25+00:00","author":{"@id":"https:\/\/www.welovecycling.com\/sk\/#\/schema\/person\/8ee09ba39b7e25b1870160aa5b3a89bc"},"breadcrumb":{"@id":"https:\/\/www.welovecycling.com\/sk\/2017\/04\/10\/preco-si-dat-po-vyjazde-pivo\/#breadcrumb"},"inLanguage":"sk-SK","potentialAction":[{"@type":"ReadAction","target":["https:\/\/www.welovecycling.com\/sk\/2017\/04\/10\/preco-si-dat-po-vyjazde-pivo\/"]}]},{"@type":"ImageObject","inLanguage":"sk-SK","@id":"https:\/\/www.welovecycling.com\/sk\/2017\/04\/10\/preco-si-dat-po-vyjazde-pivo\/#primaryimage","url":"https:\/\/d2p6e6u75xmxt8.cloudfront.net\/4\/2017\/05\/485414.webp","contentUrl":"https:\/\/d2p6e6u75xmxt8.cloudfront.net\/4\/2017\/05\/485414.webp","width":1375,"height":600},{"@type":"BreadcrumbList","@id":"https:\/\/www.welovecycling.com\/sk\/2017\/04\/10\/preco-si-dat-po-vyjazde-pivo\/#breadcrumb","itemListElement":[{"@type":"ListItem","position":1,"name":"Home","item":"https:\/\/www.welovecycling.com\/sk\/"},{"@type":"ListItem","position":2,"name":"Pre\u010do si da\u0165 po v\u00fdjazde pivo"}]},{"@type":"WebSite","@id":"https:\/\/www.welovecycling.com\/sk\/#website","url":"https:\/\/www.welovecycling.com\/sk\/","name":"\u0160koda We Love Cycling Slovensko","description":"\u0160koda We Love Cycling Slovensko je v\u00e1\u0161 ka\u017edodenn\u00fd zdroj noviniek a in\u0161pir\u00e1cie z sveta cyklistiky","potentialAction":[{"@type":"SearchAction","target":{"@type":"EntryPoint","urlTemplate":"https:\/\/www.welovecycling.com\/sk\/?s={search_term_string}"},"query-input":{"@type":"PropertyValueSpecification","valueRequired":true,"valueName":"search_term_string"}}],"inLanguage":"sk-SK"},{"@type":"Person","@id":"https:\/\/www.welovecycling.com\/sk\/#\/schema\/person\/8ee09ba39b7e25b1870160aa5b3a89bc","name":"Ondrej Ga\u0161par","image":{"@type":"ImageObject","inLanguage":"sk-SK","@id":"https:\/\/www.welovecycling.com\/sk\/#\/schema\/person\/image\/","url":"https:\/\/secure.gravatar.com\/avatar\/6126c9afb87b70da5abbb083ddbb21933da15f18f8ca7cb822aba0fb096a48f6?s=96&d=mm&r=g","contentUrl":"https:\/\/secure.gravatar.com\/avatar\/6126c9afb87b70da5abbb083ddbb21933da15f18f8ca7cb822aba0fb096a48f6?s=96&d=mm&r=g","caption":"Ondrej Ga\u0161par"},"url":"https:\/\/www.welovecycling.com\/sk\/author\/ondrejgaspar\/"}]}},"_links":{"self":[{"href":"https:\/\/www.welovecycling.com\/sk\/wp-json\/wp\/v2\/posts\/593","targetHints":{"allow":["GET"]}}],"collection":[{"href":"https:\/\/www.welovecycling.com\/sk\/wp-json\/wp\/v2\/posts"}],"about":[{"href":"https:\/\/www.welovecycling.com\/sk\/wp-json\/wp\/v2\/types\/post"}],"author":[{"embeddable":true,"href":"https:\/\/www.welovecycling.com\/sk\/wp-json\/wp\/v2\/users\/38"}],"replies":[{"embeddable":true,"href":"https:\/\/www.welovecycling.com\/sk\/wp-json\/wp\/v2\/comments?post=593"}],"version-history":[{"count":2,"href":"https:\/\/www.welovecycling.com\/sk\/wp-json\/wp\/v2\/posts\/593\/revisions"}],"predecessor-version":[{"id":601,"href":"https:\/\/www.welovecycling.com\/sk\/wp-json\/wp\/v2\/posts\/593\/revisions\/601"}],"wp:featuredmedia":[{"embeddable":true,"href":"https:\/\/www.welovecycling.com\/sk\/wp-json\/wp\/v2\/media\/594"}],"wp:attachment":[{"href":"https:\/\/www.welovecycling.com\/sk\/wp-json\/wp\/v2\/media?parent=593"}],"wp:term":[{"taxonomy":"category","embeddable":true,"href":"https:\/\/www.welovecycling.com\/sk\/wp-json\/wp\/v2\/categories?post=593"},{"taxonomy":"post_tag","embeddable":true,"href":"https:\/\/www.welovecycling.com\/sk\/wp-json\/wp\/v2\/tags?post=593"},{"taxonomy":"global-categories","embeddable":true,"href":"https:\/\/www.welovecycling.com\/sk\/wp-json\/wp\/v2\/global-categories?post=593"}],"curies":[{"name":"wp","href":"https:\/\/api.w.org\/{rel}","templated":true}]}}