{"id":5928,"date":"2019-01-09T10:09:02","date_gmt":"2019-01-09T09:09:02","guid":{"rendered":"https:\/\/www.welovecycling.com\/sk\/?p=5928"},"modified":"2019-01-09T14:40:57","modified_gmt":"2019-01-09T13:40:57","slug":"co-zasadne-sa-udialo-v-roku-2018","status":"publish","type":"post","link":"https:\/\/www.welovecycling.com\/sk\/2019\/01\/09\/co-zasadne-sa-udialo-v-roku-2018\/","title":{"rendered":"\u010co z\u00e1sadn\u00e9 sa udialo v roku 2018?"},"content":{"rendered":"<p><strong>Aj ke\u010f sme sa u\u017e s\u00a0ur\u010ditos\u0165ou preklopili do roku 2019, spomienky na ten minul\u00fd st\u00e1le pretrv\u00e1vaj\u00fa. Niet sa \u010domu divi\u0165. Mnoh\u00e9 udalosti, ktor\u00e9 sa v\u00a0\u0148om odohrali, dok\u00e1zali ovplyvni\u0165 nielen n\u00e1\u0161 obraz o\u00a0doteraj\u0161ej cyklistike, ale aj cyklistiku samotn\u00fa. I\u00a0ke\u010f t\u00fdch, ktor\u00e9 a\u017e tak\u00fd dosah nemali, je preva\u017en\u00e1 v\u00e4\u010d\u0161ina, e\u0161te to z\u00a0nich nerob\u00ed menej hodnotn\u00e9 situ\u00e1cie, ktor\u00e9 si nezasl\u00fa\u017eia na\u0161u pozornos\u0165. Pozrime si 10 momentov roku 2018, ktor\u00e9, i\u00a0ke\u010f s\u00a0t\u00fdm nemus\u00edme v\u0161etci plne s\u00fahlasi\u0165, formovali uplynul\u00fd rok.<\/strong><!--more--><\/p>\n<h2><strong>Alejandro Valverde z\u00edskal zlato na MS<\/strong><\/h2>\n<p><iframe loading=\"lazy\" src=\"https:\/\/www.youtube-nocookie.com\/embed\/toDqX2_KFDc\" width=\"560\" height=\"315\" frameborder=\"0\" allowfullscreen=\"allowfullscreen\"><\/iframe><\/p>\n<p>Na jednej strane m\u00f4\u017ee t\u00e1to spr\u00e1va p\u00f4sobi\u0165 negat\u00edvne, najm\u00e4 ak je adres\u00e1tom Slov\u00e1k. \u017dia\u013e, Pe\u0165o Sagan nepred\u013a\u017eil svoje, u\u017e aj tak enormn\u00e9 konto 3 po sebe nasleduj\u00facich v\u00ed\u0165azstiev d\u00fahov\u00e9ho dresu, ale na druhej strane sme si <strong>nemohli pria\u0165 vhodnej\u0161ieho jazdca<\/strong>, ak\u00fdm je Valverde. Jeho desa\u0165ro\u010dia trvaj\u00faca oddanos\u0165 cyklistike tvorila jadro s\u00fa\u010dasn\u00e9ho stavu. Preto sme radi, \u017ee aj na jeho krku sa m\u00f4\u017ee tkvie\u0165 zlat\u00e1 medaila.<\/p>\n<h2><strong>Peter Sagan vyhral Par\u00ed\u017e \u2013 Roubaix<\/strong><\/h2>\n<p><iframe loading=\"lazy\" src=\"https:\/\/www.youtube-nocookie.com\/embed\/NsSv0bVzXDY\" width=\"560\" height=\"315\" frameborder=\"0\" allowfullscreen=\"allowfullscreen\"><\/iframe><\/p>\n<p>Aby sme napravili hne\u010f \u00favodn\u00e9 video z\u00a0h\u013eadiska n\u00e1rodnej cti, pripome\u0148me si <strong>historick\u00fd moment<\/strong>, kedy sa do kron\u00edk, v\u00a0tomto pr\u00edpade sk\u00f4r na pav\u00e9 v\u00a0Roubaix, podp\u00edsal Peter Sagan. Jeho \u00favodn\u00e1 forma a\u00a0cyklistick\u00fd duch odolal n\u00e1poru tlaku zo strany div\u00e1kov, ako aj ve\u010dne vy\u010dk\u00e1vaj\u00facich spolujazdcov, a (takmer) s\u00f3lovou jazdou si pri\u0161iel na \u0161tadi\u00f3n v\u00a0Roubaix po zasl\u00fa\u017een\u00fa kocku. Gratulujeme!<\/p>\n<h2><strong>Mathieu Van der Poel dominoval cyklokrosu<\/strong><\/h2>\n<p><iframe loading=\"lazy\" src=\"https:\/\/www.youtube-nocookie.com\/embed\/cJfbcVOsTv4\" width=\"560\" height=\"315\" frameborder=\"0\" allowfullscreen=\"allowfullscreen\"><\/iframe><\/p>\n<p>7 zast\u00e1vok svetov\u00e9ho poh\u00e1ra, majstrovstv\u00e1 Eur\u00f3py, 15 pretekov 1. kateg\u00f3rie, n\u00e1rodn\u00e9 majstrovstv\u00e1 Holandska, to v\u0161etko m\u00e1 pre Mathieu jeden spolo\u010dn\u00fd aspekt \u2013 vo v\u0161etk\u00fdch z\u00a0nich obsadil prv\u00e9 miesto. Znie to a\u017e neuverite\u013ene, ale tento, e\u0161te len 24-ro\u010dn\u00fd Holan\u010fan, <strong>ned\u00e1va nikomu \u0161ancu<\/strong>. Ot\u00e1zkou je, ako si v\u00a0bud\u00facej sez\u00f3ne porad\u00ed na horsk\u00fdch bicykloch, v\u00a0ktor\u00fdch tento rok nemal \u0161\u0165astie, najm\u00e4 v\u00a0boji s\u00a0Ninom Schurterom.<\/p>\n<h2><strong>Tour de France nesklamala<\/strong><\/h2>\n<p><iframe loading=\"lazy\" src=\"https:\/\/www.youtube-nocookie.com\/embed\/nkdID_tHchQ\" width=\"560\" height=\"315\" frameborder=\"0\" allowfullscreen=\"allowfullscreen\"><\/iframe><\/p>\n<p>Ani tento rok nech\u00fdbali jedny z\u00a0troch svetov\u00fdch trojt\u00fd\u017ed\u0148ov\u00fdch etapov\u00fdch pretekov, medzi ktor\u00fdmi m\u00e1 u\u017e tradi\u010dne nezastupite\u013en\u00e9 miesto Tour de France. Star\u00e1 d\u00e1ma op\u00e4\u0165 <strong>pod\u013eahla t\u00edmu Sky<\/strong>, ktor\u00fd, v\u010faka Gerraintovi Thomasovi, z\u00edskal \u017elt\u00fd dres. Svoju suver\u00e9nnu formu predviedol nielen v\u00a0horsk\u00fdch etap\u00e1ch, ale aj v\u00a0\u010dasovke. N\u00e1jde sa mno\u017estvo neprajn\u00fdch hlasov, ale pre s\u00fa\u010dasn\u00fd stav ost\u00e1va on v\u00ed\u0165azom 105. ro\u010dn\u00edka Tour.<\/p>\n<h2><strong>Slovensko z\u00edskalo \u017elt\u00fd dres (aspo\u0148 na jeden de\u0148)<\/strong><\/h2>\n<p><iframe loading=\"lazy\" src=\"https:\/\/www.youtube-nocookie.com\/embed\/c5pk-MIMriI\" width=\"560\" height=\"315\" frameborder=\"0\" allowfullscreen=\"allowfullscreen\"><\/iframe><\/p>\n<p>Aj v\u00a0pr\u00edpade Tour de France m\u00e1me pozit\u00edvnu spr\u00e1vu pre slovensk\u00fdch fan\u00fa\u0161ikov cyklistiky. <strong>Peter Sagan<\/strong>, zbieraj\u00faci ka\u017ed\u00fdm rokom st\u00e1le viac a\u00a0viac hodnotn\u00fdch v\u00fdkonov, neostal ni\u010d dl\u017en\u00fd svojej povesti a\u00a0u\u017e v\u00a0druhej etape z\u00edskal \u017elt\u00fd dres, ktor\u00fd si obliekol v\u00a0nasleduj\u00facej t\u00edmovej \u010dasovke. I\u00a0ke\u010f sa v\u00a0nej nepresadil dostato\u010dne, \u010doho n\u00e1sledkom bola jeho strata, aj tak sa zap\u00edsal do an\u00e1lov slovenskej a\u00a0svetovej cyklistiky.<\/p>\n<h2><strong>BMC kon\u010d\u00ed, Sky bude (asi) nasledova\u0165<\/strong><\/h2>\n<p><iframe loading=\"lazy\" src=\"https:\/\/www.youtube-nocookie.com\/embed\/M_GRfwI28Tw\" width=\"560\" height=\"315\" frameborder=\"0\" allowfullscreen=\"allowfullscreen\"><\/iframe><\/p>\n<p>Je nutn\u00e9 ma\u0165 na pam\u00e4ti, \u017ee ni\u010d v\u00a0tomto svete nem\u00e1 ve\u010dn\u00e9 trvanie. Ak do toho prid\u00e1me vplyv financi\u00ed, r\u00fdchlos\u0165 konca sa m\u00f4\u017ee drasticky nav\u00fd\u0161i\u0165. Nechceme ma\u013eova\u0165 \u010derta na stenu ka\u017ed\u00e9mu World Tour t\u00edmu, ale tento rok bol <strong>osudn\u00fd pre BMC Racing<\/strong>, ktor\u00fd si zvolil nepokra\u010dova\u0165. Na\u0161\u0165astie sa na\u0161iel sponzor, konkr\u00e9tne po\u013esk\u00fd gigant na poli v\u00fdroby top\u00e1nok CCC, ktor\u00fd prevzal kormidlo t\u00edmu, ktor\u00fd si udr\u017e\u00ed aspo\u0148 \u010das\u0165 dovtedaj\u0161\u00edch jazdcov. Na rozdiel od neho \u010del\u00ed asi v\u00a0s\u00fa\u010dasnosti najzn\u00e1mej\u0161\u00ed t\u00edm Sky rozpadu, ktor\u00fd v\u0161ak e\u0161te nenastal. Ozn\u00e1men\u00fd koniec je ud\u00e1van\u00fd na koniec sez\u00f3ny 2019.<\/p>\n<h2><strong>Loic Bruni u\u017e po 3-kr\u00e1t majstrom sveta v\u00a0zjazde<\/strong><\/h2>\n<p><iframe loading=\"lazy\" src=\"https:\/\/www.youtube-nocookie.com\/embed\/vhgweutHRBg\" width=\"560\" height=\"315\" frameborder=\"0\" allowfullscreen=\"allowfullscreen\"><\/iframe><\/p>\n<p>Nie ka\u017ed\u00e9mu mus\u00ed u\u010darova\u0165 opojn\u00e9 prostredie discipl\u00edny zjazdu v\u00a0horskej cyklistike, ale ak tomu d\u00e1te \u0161ancu, ur\u010dite nebudete \u013eutova\u0165. R\u00fdchlos\u0165, odhodlanos\u0165, technick\u00e1 n\u00e1ro\u010dnos\u0165 \u010di uvo\u013enen\u00e1 atmosf\u00e9ra sa na jednej strane prel\u00edna s\u00a0cestnou cyklistikou, na strane druhej je od nej naozaj vzdialen\u00e1. Svojho kr\u00e1\u013ea si tento rok volila na trati vo\u00a0\u0161vaj\u010diarskom Lenzerheide, kde op\u00e4tovne dominoval (2015, 2017, 2018) Franc\u00faz Loic Bruni. <strong>\u010cist\u00e1 jazda bola ohodnoten\u00e1 najcennej\u0161\u00edm kovom<\/strong>, ur\u010dite pr\u00e1vom!<\/p>\n<h2><strong>Milan Bar\u00e9nyi je majstrom sveta v\u00a0cyklokrose<\/strong><\/h2>\n<p><iframe loading=\"lazy\" src=\"https:\/\/www.youtube-nocookie.com\/embed\/BBTC3IKKgNw\" width=\"560\" height=\"315\" frameborder=\"0\" allowfullscreen=\"allowfullscreen\"><\/iframe><\/p>\n<p>Op\u00e4tovne spr\u00e1va zo sveta s\u00a0pr\u00edvlastkom superlat\u00edvu. Tak\u00e9to spr\u00e1vy by sme asi radi po\u010d\u00favali pokojne aj ka\u017ed\u00fd de\u0148. Nu\u017e, asi sa n\u00e1m toto prianie nespln\u00ed, ale st\u00e1le m\u00f4\u017eeme d\u00fafa\u0165! Milan Bar\u00e9nyi na ned\u00e1vnych majstrovstv\u00e1ch sveta v\u00a0cyklokrose z\u00edskal zlat\u00fa medailu v\u00a0kateg\u00f3rii Masters, \u010d\u00edm potvrdil svoje <strong>dlhoro\u010dn\u00e9 \u00fasilie sta\u0165 sa najlep\u0161\u00edm<\/strong>. Pripraven\u00fdm \u0161\u0165astie praje, a\u00a0v\u00a0tomto pr\u00edpade to plat\u00ed dvojn\u00e1sobne.<\/p>\n<h2><strong>Koniec kari\u00e9ry pre Chavanela, Cunega \u010di Kol\u00e1\u0159a<\/strong><\/h2>\n<p><iframe loading=\"lazy\" src=\"https:\/\/www.youtube-nocookie.com\/embed\/JmhFk1p63dI\" width=\"560\" height=\"315\" frameborder=\"0\" allowfullscreen=\"allowfullscreen\"><\/iframe><\/p>\n<p>Aj cyklisti s\u00fa len \u013eudia, nie stroje, v\u00a0ktor\u00fdch by posta\u010dilo vymeni\u0165 opotrebovan\u00fa \u010di pokazen\u00fa s\u00fa\u010diastku a\u00a0ich beh by pokra\u010doval neru\u0161ene \u010falej. Aj ich motiv\u00e1cia, fyzick\u00e1 dispoz\u00edcia \u010di in\u00e9 faktory sa s\u00a0prib\u00fadaj\u00facim \u010dasom menia a\u00a0s\u00a0narastaj\u00facim vekom volaj\u00fa po zmene \u010di oddychu. V\u00a0roku 2018 sa svojho p\u00f4sobenia <strong>dobrovo\u013ene vzdali<\/strong> men\u00e1 ako Chavanel (3 etapy na Tour, 19-ro\u010dn\u00e1 profi kari\u00e9ra), Cunego (6 et\u00e1p Giro a\u00a0Vuelta, 17-ro\u010dn\u00e1 profi kari\u00e9ra) \u010di slovensk\u00fd pretek\u00e1r Kol\u00e1\u0159, ktor\u00fd dopomohol Saganovi k\u00a0jeho svetov\u00e9mu titulu.<\/p>\n<h2><strong>To najlep\u0161ie na koniec<\/strong><\/h2>\n<p><iframe loading=\"lazy\" src=\"https:\/\/www.youtube-nocookie.com\/embed\/ZF5wEVv9M6g\" width=\"560\" height=\"315\" frameborder=\"0\" allowfullscreen=\"allowfullscreen\"><\/iframe><\/p>\n<p>Ak\u00fd by to bol zoznam najzauj\u00edmavej\u0161\u00edch momentov, ak by v\u00a0\u0148om ch\u00fdbalo <strong>sum\u00e1rne video toho \u201enaj\u201c<\/strong> za rok 2018? Od jarn\u00fdch klas\u00edk a\u017e po najv\u00e4\u010d\u0161ie udalosti sez\u00f3ny, cez majstrovstv\u00e1 sveta a\u00a0jednor\u00e1zovky. Cyklistka pon\u00faka \u201evy\u017eitie\u201c po cel\u00fd rok, a\u00a0ak aj m\u00e1te pocit, \u017ee v\u00a0telev\u00edzii pr\u00e1ve v\u00a0dan\u00fd de\u0148 ni\u010d nejde, sta\u010d\u00ed vytiahnu\u0165 svojho vlastn\u00e9ho \u201edvojkolesov\u00e9ho par\u0165\u00e1ka\u201c na vzduch a\u00a0premeni\u0165 v\u00fdjazd na boj s\u00a0\u010dasom, \u010di test mor\u00e1lnej a\u00a0fyzickej vytrvalosti. Ak si zvol\u00edte len vychutn\u00e1vanie si pocitu vo\u013enosti a\u00a0radosti z\u00a0jazdy, neurob\u00edte hor\u0161ie rozhodnutie.<\/p>\n<p>Jeden rok sa skon\u010dil, druh\u00fd za\u010dal. Nie je potrebn\u00e9 to \u010falej rozv\u00e1dza\u0165. Sta\u010d\u00ed, ak sa zameriame na to, \u017ee m\u00e1me pred sebou st\u00e1le mno\u017estvo pr\u00edle\u017eitost\u00ed spoji\u0165 svoj ka\u017edodenn\u00fd \u017eivot s\u00a0tak p\u00f4vabn\u00fdm \u0161portom, ak\u00fdm je pr\u00e1ve cyklistika.<\/p>\n","protected":false},"excerpt":{"rendered":"<p>Aj ke\u010f sme sa u\u017e s\u00a0ur\u010ditos\u0165ou preklopili do roku 2019, spomienky na ten minul\u00fd st\u00e1le pretrv\u00e1vaj\u00fa. Niet sa \u010domu divi\u0165. [&hellip;]<\/p>\n","protected":false},"author":38,"featured_media":5934,"comment_status":"open","ping_status":"open","sticky":false,"template":"","format":"standard","meta":{"footnotes":""},"categories":[4,3,63],"tags":[491,115,582,303,149,180,759,704,760,412,46,270,20,172],"global-categories":[],"class_list":["post-5928","post","type-post","status-publish","format-standard","has-post-thumbnail","hentry","category-cestna-cyklisitika","category-mtb","category-grand-tour","tag-alejandro-valverde","tag-cestna-cyklistika","tag-cyklokros","tag-down-hill","tag-geraint-thomas","tag-horska-cyklistika","tag-loic-bruni","tag-mathieu-van-der-poel","tag-milan-barenyi","tag-mtb","tag-peter-sagan","tag-team-sky","tag-tour-de-france","tag-zjazd"],"yoast_head":"<!-- This site is optimized with the Yoast SEO Premium plugin v25.3 (Yoast SEO v25.9) - https:\/\/yoast.com\/wordpress\/plugins\/seo\/ -->\n<title>\u010co z\u00e1sadn\u00e9 sa udialo v roku 2018? - \u0160koda We Love Cycling Slovensko<\/title>\n<meta name=\"robots\" content=\"index, follow, max-snippet:-1, max-image-preview:large, max-video-preview:-1\" \/>\n<link rel=\"canonical\" href=\"https:\/\/www.welovecycling.com\/sk\/2019\/01\/09\/co-zasadne-sa-udialo-v-roku-2018\/\" \/>\n<meta property=\"og:locale\" content=\"sk_SK\" \/>\n<meta property=\"og:type\" content=\"article\" \/>\n<meta property=\"og:title\" content=\"\u010co z\u00e1sadn\u00e9 sa udialo v roku 2018?\" \/>\n<meta property=\"og:description\" content=\"Aj ke\u010f sme sa u\u017e s\u00a0ur\u010ditos\u0165ou preklopili do roku 2019, spomienky na ten minul\u00fd st\u00e1le pretrv\u00e1vaj\u00fa. Niet sa \u010domu divi\u0165. [&hellip;]\" \/>\n<meta property=\"og:url\" content=\"https:\/\/www.welovecycling.com\/sk\/2019\/01\/09\/co-zasadne-sa-udialo-v-roku-2018\/\" \/>\n<meta property=\"og:site_name\" content=\"\u0160koda We Love Cycling Slovensko\" \/>\n<meta property=\"article:published_time\" content=\"2019-01-09T09:09:02+00:00\" \/>\n<meta property=\"article:modified_time\" content=\"2019-01-09T13:40:57+00:00\" \/>\n<meta property=\"og:image\" content=\"https:\/\/d2p6e6u75xmxt8.cloudfront.net\/4\/2019\/01\/00-2.webp\" \/>\n\t<meta property=\"og:image:width\" content=\"1380\" \/>\n\t<meta property=\"og:image:height\" content=\"600\" \/>\n\t<meta property=\"og:image:type\" content=\"image\/webp\" \/>\n<meta name=\"author\" content=\"Ondrej Ga\u0161par\" \/>\n<meta name=\"twitter:card\" content=\"summary_large_image\" \/>\n<meta name=\"twitter:label1\" content=\"Written by\" \/>\n\t<meta name=\"twitter:data1\" content=\"We Love Cycling\" \/>\n\t<meta name=\"twitter:label2\" content=\"Est. reading time\" \/>\n\t<meta name=\"twitter:data2\" content=\"7\" \/>\n<script type=\"application\/ld+json\" class=\"yoast-schema-graph\">{\"@context\":\"https:\/\/schema.org\",\"@graph\":[{\"@type\":\"WebPage\",\"@id\":\"https:\/\/www.welovecycling.com\/sk\/2019\/01\/09\/co-zasadne-sa-udialo-v-roku-2018\/\",\"url\":\"https:\/\/www.welovecycling.com\/sk\/2019\/01\/09\/co-zasadne-sa-udialo-v-roku-2018\/\",\"name\":\"\u010co z\u00e1sadn\u00e9 sa udialo v roku 2018? - \u0160koda We Love Cycling Slovensko\",\"isPartOf\":{\"@id\":\"https:\/\/www.welovecycling.com\/sk\/#website\"},\"primaryImageOfPage\":{\"@id\":\"https:\/\/www.welovecycling.com\/sk\/2019\/01\/09\/co-zasadne-sa-udialo-v-roku-2018\/#primaryimage\"},\"image\":{\"@id\":\"https:\/\/www.welovecycling.com\/sk\/2019\/01\/09\/co-zasadne-sa-udialo-v-roku-2018\/#primaryimage\"},\"thumbnailUrl\":\"https:\/\/d2p6e6u75xmxt8.cloudfront.net\/4\/2019\/01\/00-2.webp\",\"datePublished\":\"2019-01-09T09:09:02+00:00\",\"dateModified\":\"2019-01-09T13:40:57+00:00\",\"author\":{\"@id\":\"https:\/\/www.welovecycling.com\/sk\/#\/schema\/person\/8ee09ba39b7e25b1870160aa5b3a89bc\"},\"breadcrumb\":{\"@id\":\"https:\/\/www.welovecycling.com\/sk\/2019\/01\/09\/co-zasadne-sa-udialo-v-roku-2018\/#breadcrumb\"},\"inLanguage\":\"sk-SK\",\"potentialAction\":[{\"@type\":\"ReadAction\",\"target\":[\"https:\/\/www.welovecycling.com\/sk\/2019\/01\/09\/co-zasadne-sa-udialo-v-roku-2018\/\"]}]},{\"@type\":\"ImageObject\",\"inLanguage\":\"sk-SK\",\"@id\":\"https:\/\/www.welovecycling.com\/sk\/2019\/01\/09\/co-zasadne-sa-udialo-v-roku-2018\/#primaryimage\",\"url\":\"https:\/\/d2p6e6u75xmxt8.cloudfront.net\/4\/2019\/01\/00-2.webp\",\"contentUrl\":\"https:\/\/d2p6e6u75xmxt8.cloudfront.net\/4\/2019\/01\/00-2.webp\",\"width\":1380,\"height\":600},{\"@type\":\"BreadcrumbList\",\"@id\":\"https:\/\/www.welovecycling.com\/sk\/2019\/01\/09\/co-zasadne-sa-udialo-v-roku-2018\/#breadcrumb\",\"itemListElement\":[{\"@type\":\"ListItem\",\"position\":1,\"name\":\"Home\",\"item\":\"https:\/\/www.welovecycling.com\/sk\/\"},{\"@type\":\"ListItem\",\"position\":2,\"name\":\"\u010co z\u00e1sadn\u00e9 sa udialo v roku 2018?\"}]},{\"@type\":\"WebSite\",\"@id\":\"https:\/\/www.welovecycling.com\/sk\/#website\",\"url\":\"https:\/\/www.welovecycling.com\/sk\/\",\"name\":\"\u0160koda We Love Cycling Slovensko\",\"description\":\"\u0160koda We Love Cycling Slovensko je v\u00e1\u0161 ka\u017edodenn\u00fd zdroj noviniek a in\u0161pir\u00e1cie z sveta cyklistiky\",\"potentialAction\":[{\"@type\":\"SearchAction\",\"target\":{\"@type\":\"EntryPoint\",\"urlTemplate\":\"https:\/\/www.welovecycling.com\/sk\/?s={search_term_string}\"},\"query-input\":{\"@type\":\"PropertyValueSpecification\",\"valueRequired\":true,\"valueName\":\"search_term_string\"}}],\"inLanguage\":\"sk-SK\"},{\"@type\":\"Person\",\"@id\":\"https:\/\/www.welovecycling.com\/sk\/#\/schema\/person\/8ee09ba39b7e25b1870160aa5b3a89bc\",\"name\":\"Ondrej Ga\u0161par\",\"image\":{\"@type\":\"ImageObject\",\"inLanguage\":\"sk-SK\",\"@id\":\"https:\/\/www.welovecycling.com\/sk\/#\/schema\/person\/image\/\",\"url\":\"https:\/\/secure.gravatar.com\/avatar\/6126c9afb87b70da5abbb083ddbb21933da15f18f8ca7cb822aba0fb096a48f6?s=96&d=mm&r=g\",\"contentUrl\":\"https:\/\/secure.gravatar.com\/avatar\/6126c9afb87b70da5abbb083ddbb21933da15f18f8ca7cb822aba0fb096a48f6?s=96&d=mm&r=g\",\"caption\":\"Ondrej Ga\u0161par\"},\"url\":\"https:\/\/www.welovecycling.com\/sk\/author\/ondrejgaspar\/\"}]}<\/script>\n<!-- \/ Yoast SEO Premium plugin. -->","yoast_head_json":{"title":"\u010co z\u00e1sadn\u00e9 sa udialo v roku 2018? - \u0160koda We Love Cycling Slovensko","robots":{"index":"index","follow":"follow","max-snippet":"max-snippet:-1","max-image-preview":"max-image-preview:large","max-video-preview":"max-video-preview:-1"},"canonical":"https:\/\/www.welovecycling.com\/sk\/2019\/01\/09\/co-zasadne-sa-udialo-v-roku-2018\/","og_locale":"sk_SK","og_type":"article","og_title":"\u010co z\u00e1sadn\u00e9 sa udialo v roku 2018?","og_description":"Aj ke\u010f sme sa u\u017e s\u00a0ur\u010ditos\u0165ou preklopili do roku 2019, spomienky na ten minul\u00fd st\u00e1le pretrv\u00e1vaj\u00fa. Niet sa \u010domu divi\u0165. [&hellip;]","og_url":"https:\/\/www.welovecycling.com\/sk\/2019\/01\/09\/co-zasadne-sa-udialo-v-roku-2018\/","og_site_name":"\u0160koda We Love Cycling Slovensko","article_published_time":"2019-01-09T09:09:02+00:00","article_modified_time":"2019-01-09T13:40:57+00:00","og_image":[{"width":1380,"height":600,"url":"https:\/\/d2p6e6u75xmxt8.cloudfront.net\/4\/2019\/01\/00-2.webp","type":"image\/webp"}],"author":"Ondrej Ga\u0161par","twitter_card":"summary_large_image","twitter_misc":{"Written by":"We Love Cycling","Est. reading time":"7"},"schema":{"@context":"https:\/\/schema.org","@graph":[{"@type":"WebPage","@id":"https:\/\/www.welovecycling.com\/sk\/2019\/01\/09\/co-zasadne-sa-udialo-v-roku-2018\/","url":"https:\/\/www.welovecycling.com\/sk\/2019\/01\/09\/co-zasadne-sa-udialo-v-roku-2018\/","name":"\u010co z\u00e1sadn\u00e9 sa udialo v roku 2018? - \u0160koda We Love Cycling Slovensko","isPartOf":{"@id":"https:\/\/www.welovecycling.com\/sk\/#website"},"primaryImageOfPage":{"@id":"https:\/\/www.welovecycling.com\/sk\/2019\/01\/09\/co-zasadne-sa-udialo-v-roku-2018\/#primaryimage"},"image":{"@id":"https:\/\/www.welovecycling.com\/sk\/2019\/01\/09\/co-zasadne-sa-udialo-v-roku-2018\/#primaryimage"},"thumbnailUrl":"https:\/\/d2p6e6u75xmxt8.cloudfront.net\/4\/2019\/01\/00-2.webp","datePublished":"2019-01-09T09:09:02+00:00","dateModified":"2019-01-09T13:40:57+00:00","author":{"@id":"https:\/\/www.welovecycling.com\/sk\/#\/schema\/person\/8ee09ba39b7e25b1870160aa5b3a89bc"},"breadcrumb":{"@id":"https:\/\/www.welovecycling.com\/sk\/2019\/01\/09\/co-zasadne-sa-udialo-v-roku-2018\/#breadcrumb"},"inLanguage":"sk-SK","potentialAction":[{"@type":"ReadAction","target":["https:\/\/www.welovecycling.com\/sk\/2019\/01\/09\/co-zasadne-sa-udialo-v-roku-2018\/"]}]},{"@type":"ImageObject","inLanguage":"sk-SK","@id":"https:\/\/www.welovecycling.com\/sk\/2019\/01\/09\/co-zasadne-sa-udialo-v-roku-2018\/#primaryimage","url":"https:\/\/d2p6e6u75xmxt8.cloudfront.net\/4\/2019\/01\/00-2.webp","contentUrl":"https:\/\/d2p6e6u75xmxt8.cloudfront.net\/4\/2019\/01\/00-2.webp","width":1380,"height":600},{"@type":"BreadcrumbList","@id":"https:\/\/www.welovecycling.com\/sk\/2019\/01\/09\/co-zasadne-sa-udialo-v-roku-2018\/#breadcrumb","itemListElement":[{"@type":"ListItem","position":1,"name":"Home","item":"https:\/\/www.welovecycling.com\/sk\/"},{"@type":"ListItem","position":2,"name":"\u010co z\u00e1sadn\u00e9 sa udialo v roku 2018?"}]},{"@type":"WebSite","@id":"https:\/\/www.welovecycling.com\/sk\/#website","url":"https:\/\/www.welovecycling.com\/sk\/","name":"\u0160koda We Love Cycling Slovensko","description":"\u0160koda We Love Cycling Slovensko je v\u00e1\u0161 ka\u017edodenn\u00fd zdroj noviniek a in\u0161pir\u00e1cie z sveta cyklistiky","potentialAction":[{"@type":"SearchAction","target":{"@type":"EntryPoint","urlTemplate":"https:\/\/www.welovecycling.com\/sk\/?s={search_term_string}"},"query-input":{"@type":"PropertyValueSpecification","valueRequired":true,"valueName":"search_term_string"}}],"inLanguage":"sk-SK"},{"@type":"Person","@id":"https:\/\/www.welovecycling.com\/sk\/#\/schema\/person\/8ee09ba39b7e25b1870160aa5b3a89bc","name":"Ondrej Ga\u0161par","image":{"@type":"ImageObject","inLanguage":"sk-SK","@id":"https:\/\/www.welovecycling.com\/sk\/#\/schema\/person\/image\/","url":"https:\/\/secure.gravatar.com\/avatar\/6126c9afb87b70da5abbb083ddbb21933da15f18f8ca7cb822aba0fb096a48f6?s=96&d=mm&r=g","contentUrl":"https:\/\/secure.gravatar.com\/avatar\/6126c9afb87b70da5abbb083ddbb21933da15f18f8ca7cb822aba0fb096a48f6?s=96&d=mm&r=g","caption":"Ondrej Ga\u0161par"},"url":"https:\/\/www.welovecycling.com\/sk\/author\/ondrejgaspar\/"}]}},"_links":{"self":[{"href":"https:\/\/www.welovecycling.com\/sk\/wp-json\/wp\/v2\/posts\/5928","targetHints":{"allow":["GET"]}}],"collection":[{"href":"https:\/\/www.welovecycling.com\/sk\/wp-json\/wp\/v2\/posts"}],"about":[{"href":"https:\/\/www.welovecycling.com\/sk\/wp-json\/wp\/v2\/types\/post"}],"author":[{"embeddable":true,"href":"https:\/\/www.welovecycling.com\/sk\/wp-json\/wp\/v2\/users\/38"}],"replies":[{"embeddable":true,"href":"https:\/\/www.welovecycling.com\/sk\/wp-json\/wp\/v2\/comments?post=5928"}],"version-history":[{"count":2,"href":"https:\/\/www.welovecycling.com\/sk\/wp-json\/wp\/v2\/posts\/5928\/revisions"}],"predecessor-version":[{"id":6023,"href":"https:\/\/www.welovecycling.com\/sk\/wp-json\/wp\/v2\/posts\/5928\/revisions\/6023"}],"wp:featuredmedia":[{"embeddable":true,"href":"https:\/\/www.welovecycling.com\/sk\/wp-json\/wp\/v2\/media\/5934"}],"wp:attachment":[{"href":"https:\/\/www.welovecycling.com\/sk\/wp-json\/wp\/v2\/media?parent=5928"}],"wp:term":[{"taxonomy":"category","embeddable":true,"href":"https:\/\/www.welovecycling.com\/sk\/wp-json\/wp\/v2\/categories?post=5928"},{"taxonomy":"post_tag","embeddable":true,"href":"https:\/\/www.welovecycling.com\/sk\/wp-json\/wp\/v2\/tags?post=5928"},{"taxonomy":"global-categories","embeddable":true,"href":"https:\/\/www.welovecycling.com\/sk\/wp-json\/wp\/v2\/global-categories?post=5928"}],"curies":[{"name":"wp","href":"https:\/\/api.w.org\/{rel}","templated":true}]}}