{"id":5917,"date":"2019-01-15T10:00:49","date_gmt":"2019-01-15T09:00:49","guid":{"rendered":"https:\/\/www.welovecycling.com\/sk\/?p=5917"},"modified":"2019-11-21T09:29:22","modified_gmt":"2019-11-21T08:29:22","slug":"rozhovor-adam-rojcek-majstrovsky-zjazdar","status":"publish","type":"post","link":"https:\/\/www.welovecycling.com\/sk\/2019\/01\/15\/rozhovor-adam-rojcek-majstrovsky-zjazdar\/","title":{"rendered":"Rozhovor: Adam Roj\u010dek &#8211; majstrovsk\u00fd zjazd\u00e1r"},"content":{"rendered":"<p><strong>Dnes si predstav\u00edme viacn\u00e1sobn\u00e9ho majstra Slovenska v zjazde v kateg\u00f3rii mu\u017eov, <a target=\"_blank\"href=\"https:\/\/www.facebook.com\/pg\/adamrojcek98\/photos\/?ref=page_internal\">Adama Roj\u010deka<\/a>. Svoje meno prezentuje nielen na tratiach slovensk\u00fdch podujat\u00ed \u2013 tento rok sa z\u00fa\u010dastnil okrem 5 k\u00f4l iXS Eur\u00f3pskeho poh\u00e1ra v zjazde, aj majstrovstiev sveta. Rod\u00e1k z Liptovsk\u00e9ho Mikul\u00e1\u0161a v s\u00fa\u010dasnosti jazd\u00ed za Kellys Factory Team. V\u010faka jeho mlad\u00e9mu veku a t\u00fa\u017ebe porovn\u00e1va\u0165 svoje schopnosti s in\u00fdmi, m\u00e1 nakro\u010den\u00e9 k \u00faspe\u0161nej kari\u00e9re v sedle bicykla. Ako tento v\u00fdvoj vid\u00ed on s\u00e1m, bude predmetom n\u00e1\u0161ho rozhovoru.<\/strong><!--more--><\/p>\n<lite-youtube videoid=WFgC57G7_zo params=\"enablejsapi=1\" style=\"background-image: url('https:\/\/i.ytimg.com\/vi_webp\/WFgC57G7_zo\/maxresdefault.webp');\"><\/lite-youtube>\n<p><strong>Ahoj Adam, za\u010dnime tematicky &#8211; ak\u00e9 boli Vianoce? Ovl\u00e1dal si sa pri \u0161tedrove\u010dernom stole, alebo si si nekl\u00e1dol po\u010das t\u00fdchto sviatkov z\u00e1brany v tom, ko\u013eko toho zje\u0161?<\/strong><br \/>\n<em>Ahoj, na\u0161\u0165astie v\u010faka m\u00f4jmu metabolizmu sa nemus\u00edm kontrolova\u0165 viac-menej v\u00f4bec, ale popravde som r\u00e1d, \u017ee u\u017e sviatky skon\u010dili, preto\u017ee mi \u0161al\u00e1t a rezne u\u017e celkom liezli krkom :).<\/em><\/p>\n<p><strong>Niekto si d\u00e1va novoro\u010dn\u00e9 predsavzatia, ako si na tom ty?<\/strong><br \/>\n<em>Predsavzatia si ned\u00e1vam nikdy, preto\u017ee je \u010dlovek len zbyto\u010dne sklaman\u00fd, ke\u010f sa to nepodar\u00ed, ale m\u00e1m ist\u00e9 ciele, ktor\u00e9 ak by sa podarilo dosiahnu\u0165, tak by to bolo super.<\/em><\/p>\n<p><a href=\"https:\/\/d2p6e6u75xmxt8.cloudfront.net\/4\/2019\/01\/01.jpg\"><img loading=\"lazy\" decoding=\"async\" src=\"https:\/\/d2p6e6u75xmxt8.cloudfront.net\/4\/2019\/01\/01.jpg\" alt=\"\" width=\"1200\" height=\"800\" class=\"alignnone size-full wp-image-5924\" \/><\/a><\/p>\n<p><strong>Ako chut\u00ed v\u00ed\u0165azstvo na majstrovstv\u00e1ch Slovenska?<\/strong><br \/>\n<em>Je to jeden z najlep\u0161\u00edch pocitov, ak\u00fd som kedy za\u017eil. Ka\u017ed\u00e9 v\u00ed\u0165azstvo je skvel\u00e9, no na majstrovstv\u00e1 sa v\u0161ak ka\u017ed\u00fd pozer\u00e1 inak, je to titul, ktor\u00fd sa d\u00e1 z\u00edska\u0165 iba jednou jazdou a t\u00fdm p\u00e1dom je ten tlak na jazdca v\u00e4\u010d\u0161\u00ed. Tento rok som to mal tro\u0161ku s\u0165a\u017een\u00e9, ke\u010f\u017ee obh\u00e1ji\u0165 je \u0165a\u017e\u0161ie ako raz vyhra\u0165, ale na\u0161\u0165astie sa to podarilo a som z toho ve\u013emi \u0161\u0165astn\u00fd.<\/em><\/p>\n<p><strong>Ot\u00e1zka na telo: Pre\u010do si si zvolil zjazd a nie, napr\u00edklad, cross-country?<\/strong><br \/>\n<em>Za\u010d\u00ednal som s bikrosom, ktor\u00fd som jazdil do 17-tich rokov, popri tom som sa od 12-tich rokov vozil na zjazdovom biku, a to mi tak u\u010darovalo, \u017ee som sa na to upriamil. Ale popravde, bol jeden rok, kedy som nad jazden\u00edm cross-country rozm\u00fd\u0161\u013eal, boli to v\u0161ak len moje my\u0161lienkov\u00e9 pochody a nikdy som sa tak\u00fdch pretekov nez\u00fa\u010dastnil.<\/em><\/p>\n<p><strong>S\u00fa\u010dasn\u00e9 okruhy cross-country u\u017e vy\u017eaduj\u00fa naozaj slu\u0161n\u00fa technick\u00fa zru\u010dnos\u0165, nehovoriac o n\u00edzkych zdvihoch a absencii chr\u00e1ni\u010dov. Nebl\u00ed\u017ei sa to, pod\u013ea teba, k pocitu ako na zjaz\u010f\u00e1ku?<\/strong><br \/>\n<em>Ke\u010f sme na svetovom poh\u00e1ri, kde je z\u00e1rove\u0148 so zjazdom aj cross-country, v\u017edy sa idem na preteky r\u00e1d pozrie\u0165, a ke\u010f sa d\u00e1, prejdem si na endurovom biku aj okruh. Ka\u017edop\u00e1dne si mysl\u00edm, \u017ee dobr\u00e1 technika dok\u00e1\u017ee s\u00fa\u010dasn\u00fdm XC jazdcom ve\u013emi pom\u00f4c\u0165. Niektor\u00e9 sekcie sa ur\u010dite m\u00f4\u017eu rovna\u0165 minim\u00e1lne t\u00fdm na endure.<\/em><\/p>\n<p><a href=\"https:\/\/d2p6e6u75xmxt8.cloudfront.net\/4\/2019\/01\/02.jpg\"><img loading=\"lazy\" decoding=\"async\" src=\"https:\/\/d2p6e6u75xmxt8.cloudfront.net\/4\/2019\/01\/02.jpg\" alt=\"\" width=\"1200\" height=\"800\" class=\"alignnone size-full wp-image-5923\" \/><\/a><\/p>\n<p><strong>Enduro \u0165a nel\u00e1ka?<\/strong><br \/>\n<em>L\u00e1k\u00e1, av\u0161ak zatia\u013e na to nem\u00e1m kondi\u010dku. Pohr\u00e1vam sa v\u0161ak s my\u0161lienkou, \u017ee ak to v zjazde nevyjde, ur\u010dite sk\u00fasim enduro, form\u00e1t pretekov sa mi ve\u013emi p\u00e1\u010di.<\/em><\/p>\n<p><strong>Ako vyp\u013a\u0148a\u0161 vo\u013en\u00fd, in\u00fdmi slovami, ne-cyklistick\u00fd \u010das?<\/strong><br \/>\n<em>R\u00e1d ly\u017eujem, skialpujem, hr\u00e1m dedinsk\u00fd hokej s kamo\u0161mi, z\u00e1jdem si na pivo a tr\u00e1vim \u010das s priate\u013ekou. Mimo sez\u00f3ny pracujem u otca v autoservise a tr\u00e9nujem 6 dn\u00ed v t\u00fd\u017edni.<\/em><\/p>\n<p><strong>Ak hovor\u00edme o oddychu, kedy si dok\u00e1\u017ee\u0161 skuto\u010dne odpo\u010din\u00fa\u0165 \u2013 fyzicky aj psychicky \u2013 od tvojho \u201epovolania\u201c? Potrebuje\u0161 aj to?<\/strong><br \/>\n<em>Je to smie\u0161ne, ale najlep\u0161ie si odd\u00fdchnem na bicykli. Najviac ma bav\u00ed jazdi\u0165 len tak, s\u00e1m pre seba, nerie\u0161i\u0165 nejak\u00e9 \u010dasy, tepy, r\u00fdchlos\u0165. Proste jazdi\u0165, najlep\u0161ie s kamo\u0161mi a u\u017e\u00edva\u0165 si jazdu.<\/em><\/p>\n<p><a href=\"https:\/\/d2p6e6u75xmxt8.cloudfront.net\/4\/2019\/01\/03.jpg\"><img loading=\"lazy\" decoding=\"async\" src=\"https:\/\/d2p6e6u75xmxt8.cloudfront.net\/4\/2019\/01\/03.jpg\" alt=\"\" width=\"1200\" height=\"800\" class=\"alignnone size-full wp-image-5922\" \/><\/a><\/p>\n<p><strong>Presu\u0148me sa do svetov\u00e9ho mer\u00edtka &#8211; ako vid\u00ed\u0161 bud\u00facu sez\u00f3nu na p\u00f4de svetov\u00e9ho poh\u00e1ra v zjazde? Bude to op\u00e4\u0165 siln\u00fd rok pre A. Pierrona alebo m\u00e1\u0161 pocit, \u017ee sa objav\u00ed nejak\u00fd nov\u00fd strelec?<\/strong><br \/>\n<em>\u0164a\u017eko poveda\u0165, mysl\u00edm si, \u017ee sa bud\u00faci rok bud\u00fa na prvom mieste strieda\u0165 viacer\u00ed jazdci. Mysl\u00edm, \u017ee to bude Loic Bruni, Aaron Gwin, A. Pierron, Brook Macdonald,&#8230;<\/em><\/p>\n<p><strong>Dostal si sa u\u017e do kontaktu (nemus\u00ed to by\u0165 v\u00fdslovne fyzick\u00fd) s niek\u00fdm z popredn\u00fdch jazdcov? Ak\u00fd je to pocit, stretn\u00fa\u0165 sa na trati s t\u00fdmi najlep\u0161\u00edmi?<\/strong><br \/>\n<em>Jasn\u00e9, dostal, v re\u00e1le s\u00fa to norm\u00e1lni chalani, s ktor\u00fdmi sa d\u00e1 v pohode porozpr\u00e1va\u0165. Samozrejme s\u00fa aj tak\u00ed, ktor\u00ed sa tv\u00e1ria ako nie\u010do viac, to ja ale nerie\u0161im, s tak\u00fdmi si nem\u00e1m \u010do poveda\u0165.<\/em><\/p>\n<p><a href=\"https:\/\/d2p6e6u75xmxt8.cloudfront.net\/4\/2019\/01\/04.jpg\"><img loading=\"lazy\" decoding=\"async\" src=\"https:\/\/d2p6e6u75xmxt8.cloudfront.net\/4\/2019\/01\/04.jpg\" alt=\"\" width=\"1200\" height=\"800\" class=\"alignnone size-full wp-image-5921\" \/><\/a><\/p>\n<p><strong>\u010co m\u00e1\u0161 na samotnom jazden\u00ed r\u00e1d?<\/strong><br \/>\n<em>\u0164a\u017eko poveda\u0165, asi to, \u017ee sa v\u017edy s\u00fastred\u00edm iba na jazdenie a absol\u00fatne nad ni\u010d\u00edm nerozm\u00fd\u0161\u013eam, vypnem a u\u017e\u00edvam si jazdu. Ke\u010f pri jazden\u00ed rozm\u00fd\u0161\u013eam, tak len nad t\u00fdm, kde ma ten m\u00f4j zlat\u00fd bicykel u\u017e v\u0161ade doviezol a ak\u00fd dobr\u00fd \u017eivot v\u010faka biku \u017eijem.<\/em><\/p>\n<p><strong>Existuje nejak\u00fd komponent na bicykli, na ktorom si potrp\u00ed\u0161, aby bol v \u010do najlep\u0161om stave?<\/strong><br \/>\n<em>Ur\u010dite pru\u017eenie, ke\u010f mi nefunguje, tak ma to dos\u0165 \u0161tve.<\/em><\/p>\n<p><strong>27,5\u201c alebo 29\u201c?<\/strong><br \/>\n<em>Pod\u013ea toho na \u010do &#8211; na pretek\u00e1rskom bicykli m\u00e1m 29, ale na be\u017en\u00e9 vozenie len tak pre srandu, tak rozhodne 27,5.<\/em><\/p>\n<p><strong>Flaty \u010di SPD? Pre\u010do?<\/strong><br \/>\n<em>Budem sa opakova\u0165, na preteky m\u00e1m SPD, na be\u017en\u00e9 vozenie flaty, ke\u010f sa voz\u00edm len tak, chcem z toho ma\u0165 \u010do najlep\u0161\u00ed pocit.<\/em><\/p>\n<p><a href=\"https:\/\/d2p6e6u75xmxt8.cloudfront.net\/4\/2019\/01\/05.jpg\"><img loading=\"lazy\" decoding=\"async\" src=\"https:\/\/d2p6e6u75xmxt8.cloudfront.net\/4\/2019\/01\/05.jpg\" alt=\"\" width=\"1200\" height=\"800\" class=\"alignnone size-full wp-image-5920\" \/><\/a><\/p>\n<p><strong>Ak\u00fd tlak jazd\u00ed\u0161 v pneumatik\u00e1ch?<\/strong><br \/>\n<em>Pod\u013ea trate, na sucho 1,6 vpredu, 1,9-2,1 vzadu. Na blate niekedy aj 1,4 vpredu a vzadu 1,7 bar.<\/em><\/p>\n<p><strong>Ko\u013eko elektrobicyklov m\u00e1\u0161 v gar\u00e1\u017ei?<\/strong><br \/>\n<em>Ani jeden, ale jedno elektro enduro by som priv\u00edtal :).<\/em><\/p>\n<p><a href=\"https:\/\/d2p6e6u75xmxt8.cloudfront.net\/4\/2019\/01\/06.jpg\"><img loading=\"lazy\" decoding=\"async\" src=\"https:\/\/d2p6e6u75xmxt8.cloudfront.net\/4\/2019\/01\/06.jpg\" alt=\"\" width=\"1200\" height=\"800\" class=\"alignnone size-full wp-image-5919\" \/><\/a><\/p>\n<p><strong>Otrepan\u00e1 fr\u00e1za na koniec, ale \u010do by si zmenil na s\u00fa\u010dasnom dian\u00ed a stave cyklistiky (zjazdovej \u010di akejko\u013evek) u n\u00e1s doma, alebo vo svete?<\/strong><br \/>\n<em>Ja som s fungovan\u00edm na\u0161ej reprezent\u00e1cie a podpory spokojn\u00fd. Chcel by som zmeni\u0165 po\u010det jazdcov, smerom nahor, \u010d\u00edm viac n\u00e1s bude, t\u00fdm lep\u0161ie.<\/em><\/p>\n<p>\u010eakujeme ti za tvoj \u010das a prajeme v\u0161etko dobr\u00e9 do nasleduj\u00facich sez\u00f3n, aj mimo nich!<\/p>\n","protected":false},"excerpt":{"rendered":"<p>Dnes si predstav\u00edme viacn\u00e1sobn\u00e9ho majstra Slovenska v zjazde v kateg\u00f3rii mu\u017eov, Adama Roj\u010deka. Svoje meno prezentuje nielen na tratiach slovensk\u00fdch [&hellip;]<\/p>\n","protected":false},"author":38,"featured_media":5925,"comment_status":"open","ping_status":"open","sticky":false,"template":"","format":"standard","meta":{"footnotes":""},"categories":[3],"tags":[756,303,331,757,180,758,583,281,412,66,179,501,192,269,172],"global-categories":[],"class_list":["post-5917","post","type-post","status-publish","format-standard","has-post-thumbnail","hentry","category-mtb","tag-adam-rojcek","tag-down-hill","tag-etapove-preteky","tag-europsky-pohar","tag-horska-cyklistika","tag-kellys-factory-team","tag-majster-slovenska","tag-majstrovstva-sveta","tag-mtb","tag-najlepsi-zjazdar","tag-preteky","tag-rozhovor","tag-rozjazd","tag-vitaz","tag-zjazd"],"yoast_head":"<!-- This site is optimized with the Yoast SEO Premium plugin v25.3 (Yoast SEO v25.9) - https:\/\/yoast.com\/wordpress\/plugins\/seo\/ -->\n<title>Rozhovor: Adam Roj\u010dek - majstrovsk\u00fd zjazd\u00e1r - \u0160koda We Love Cycling Slovensko<\/title>\n<meta name=\"robots\" content=\"index, follow, max-snippet:-1, max-image-preview:large, max-video-preview:-1\" \/>\n<link rel=\"canonical\" href=\"https:\/\/www.welovecycling.com\/sk\/2019\/01\/15\/rozhovor-adam-rojcek-majstrovsky-zjazdar\/\" \/>\n<meta property=\"og:locale\" content=\"sk_SK\" \/>\n<meta property=\"og:type\" content=\"article\" \/>\n<meta property=\"og:title\" content=\"Rozhovor: Adam Roj\u010dek - majstrovsk\u00fd zjazd\u00e1r\" \/>\n<meta property=\"og:description\" content=\"Dnes si predstav\u00edme viacn\u00e1sobn\u00e9ho majstra Slovenska v zjazde v kateg\u00f3rii mu\u017eov, Adama Roj\u010deka. Svoje meno prezentuje nielen na tratiach slovensk\u00fdch [&hellip;]\" \/>\n<meta property=\"og:url\" content=\"https:\/\/www.welovecycling.com\/sk\/2019\/01\/15\/rozhovor-adam-rojcek-majstrovsky-zjazdar\/\" \/>\n<meta property=\"og:site_name\" content=\"\u0160koda We Love Cycling Slovensko\" \/>\n<meta property=\"article:published_time\" content=\"2019-01-15T09:00:49+00:00\" \/>\n<meta property=\"article:modified_time\" content=\"2019-11-21T08:29:22+00:00\" \/>\n<meta property=\"og:image\" content=\"https:\/\/d2p6e6u75xmxt8.cloudfront.net\/4\/2019\/01\/00-1.webp\" \/>\n\t<meta property=\"og:image:width\" content=\"1380\" \/>\n\t<meta property=\"og:image:height\" content=\"600\" \/>\n\t<meta property=\"og:image:type\" content=\"image\/webp\" \/>\n<meta name=\"author\" content=\"Ondrej Ga\u0161par\" \/>\n<meta name=\"twitter:card\" content=\"summary_large_image\" \/>\n<meta name=\"twitter:label1\" content=\"Written by\" \/>\n\t<meta name=\"twitter:data1\" content=\"We Love Cycling\" \/>\n\t<meta name=\"twitter:label2\" content=\"Est. reading time\" \/>\n\t<meta name=\"twitter:data2\" content=\"7\" \/>\n<script type=\"application\/ld+json\" class=\"yoast-schema-graph\">{\"@context\":\"https:\/\/schema.org\",\"@graph\":[{\"@type\":\"WebPage\",\"@id\":\"https:\/\/www.welovecycling.com\/sk\/2019\/01\/15\/rozhovor-adam-rojcek-majstrovsky-zjazdar\/\",\"url\":\"https:\/\/www.welovecycling.com\/sk\/2019\/01\/15\/rozhovor-adam-rojcek-majstrovsky-zjazdar\/\",\"name\":\"Rozhovor: Adam Roj\u010dek - majstrovsk\u00fd zjazd\u00e1r - \u0160koda We Love Cycling Slovensko\",\"isPartOf\":{\"@id\":\"https:\/\/www.welovecycling.com\/sk\/#website\"},\"primaryImageOfPage\":{\"@id\":\"https:\/\/www.welovecycling.com\/sk\/2019\/01\/15\/rozhovor-adam-rojcek-majstrovsky-zjazdar\/#primaryimage\"},\"image\":{\"@id\":\"https:\/\/www.welovecycling.com\/sk\/2019\/01\/15\/rozhovor-adam-rojcek-majstrovsky-zjazdar\/#primaryimage\"},\"thumbnailUrl\":\"https:\/\/d2p6e6u75xmxt8.cloudfront.net\/4\/2019\/01\/00-1.webp\",\"datePublished\":\"2019-01-15T09:00:49+00:00\",\"dateModified\":\"2019-11-21T08:29:22+00:00\",\"author\":{\"@id\":\"https:\/\/www.welovecycling.com\/sk\/#\/schema\/person\/8ee09ba39b7e25b1870160aa5b3a89bc\"},\"breadcrumb\":{\"@id\":\"https:\/\/www.welovecycling.com\/sk\/2019\/01\/15\/rozhovor-adam-rojcek-majstrovsky-zjazdar\/#breadcrumb\"},\"inLanguage\":\"sk-SK\",\"potentialAction\":[{\"@type\":\"ReadAction\",\"target\":[\"https:\/\/www.welovecycling.com\/sk\/2019\/01\/15\/rozhovor-adam-rojcek-majstrovsky-zjazdar\/\"]}]},{\"@type\":\"ImageObject\",\"inLanguage\":\"sk-SK\",\"@id\":\"https:\/\/www.welovecycling.com\/sk\/2019\/01\/15\/rozhovor-adam-rojcek-majstrovsky-zjazdar\/#primaryimage\",\"url\":\"https:\/\/d2p6e6u75xmxt8.cloudfront.net\/4\/2019\/01\/00-1.webp\",\"contentUrl\":\"https:\/\/d2p6e6u75xmxt8.cloudfront.net\/4\/2019\/01\/00-1.webp\",\"width\":1380,\"height\":600},{\"@type\":\"BreadcrumbList\",\"@id\":\"https:\/\/www.welovecycling.com\/sk\/2019\/01\/15\/rozhovor-adam-rojcek-majstrovsky-zjazdar\/#breadcrumb\",\"itemListElement\":[{\"@type\":\"ListItem\",\"position\":1,\"name\":\"Home\",\"item\":\"https:\/\/www.welovecycling.com\/sk\/\"},{\"@type\":\"ListItem\",\"position\":2,\"name\":\"Rozhovor: Adam Roj\u010dek &#8211; majstrovsk\u00fd zjazd\u00e1r\"}]},{\"@type\":\"WebSite\",\"@id\":\"https:\/\/www.welovecycling.com\/sk\/#website\",\"url\":\"https:\/\/www.welovecycling.com\/sk\/\",\"name\":\"\u0160koda We Love Cycling Slovensko\",\"description\":\"\u0160koda We Love Cycling Slovensko je v\u00e1\u0161 ka\u017edodenn\u00fd zdroj noviniek a in\u0161pir\u00e1cie z sveta cyklistiky\",\"potentialAction\":[{\"@type\":\"SearchAction\",\"target\":{\"@type\":\"EntryPoint\",\"urlTemplate\":\"https:\/\/www.welovecycling.com\/sk\/?s={search_term_string}\"},\"query-input\":{\"@type\":\"PropertyValueSpecification\",\"valueRequired\":true,\"valueName\":\"search_term_string\"}}],\"inLanguage\":\"sk-SK\"},{\"@type\":\"Person\",\"@id\":\"https:\/\/www.welovecycling.com\/sk\/#\/schema\/person\/8ee09ba39b7e25b1870160aa5b3a89bc\",\"name\":\"Ondrej Ga\u0161par\",\"image\":{\"@type\":\"ImageObject\",\"inLanguage\":\"sk-SK\",\"@id\":\"https:\/\/www.welovecycling.com\/sk\/#\/schema\/person\/image\/\",\"url\":\"https:\/\/secure.gravatar.com\/avatar\/6126c9afb87b70da5abbb083ddbb21933da15f18f8ca7cb822aba0fb096a48f6?s=96&d=mm&r=g\",\"contentUrl\":\"https:\/\/secure.gravatar.com\/avatar\/6126c9afb87b70da5abbb083ddbb21933da15f18f8ca7cb822aba0fb096a48f6?s=96&d=mm&r=g\",\"caption\":\"Ondrej Ga\u0161par\"},\"url\":\"https:\/\/www.welovecycling.com\/sk\/author\/ondrejgaspar\/\"}]}<\/script>\n<!-- \/ Yoast SEO Premium plugin. -->","yoast_head_json":{"title":"Rozhovor: Adam Roj\u010dek - majstrovsk\u00fd zjazd\u00e1r - \u0160koda We Love Cycling Slovensko","robots":{"index":"index","follow":"follow","max-snippet":"max-snippet:-1","max-image-preview":"max-image-preview:large","max-video-preview":"max-video-preview:-1"},"canonical":"https:\/\/www.welovecycling.com\/sk\/2019\/01\/15\/rozhovor-adam-rojcek-majstrovsky-zjazdar\/","og_locale":"sk_SK","og_type":"article","og_title":"Rozhovor: Adam Roj\u010dek - majstrovsk\u00fd zjazd\u00e1r","og_description":"Dnes si predstav\u00edme viacn\u00e1sobn\u00e9ho majstra Slovenska v zjazde v kateg\u00f3rii mu\u017eov, Adama Roj\u010deka. Svoje meno prezentuje nielen na tratiach slovensk\u00fdch [&hellip;]","og_url":"https:\/\/www.welovecycling.com\/sk\/2019\/01\/15\/rozhovor-adam-rojcek-majstrovsky-zjazdar\/","og_site_name":"\u0160koda We Love Cycling Slovensko","article_published_time":"2019-01-15T09:00:49+00:00","article_modified_time":"2019-11-21T08:29:22+00:00","og_image":[{"width":1380,"height":600,"url":"https:\/\/d2p6e6u75xmxt8.cloudfront.net\/4\/2019\/01\/00-1.webp","type":"image\/webp"}],"author":"Ondrej Ga\u0161par","twitter_card":"summary_large_image","twitter_misc":{"Written by":"We Love Cycling","Est. reading time":"7"},"schema":{"@context":"https:\/\/schema.org","@graph":[{"@type":"WebPage","@id":"https:\/\/www.welovecycling.com\/sk\/2019\/01\/15\/rozhovor-adam-rojcek-majstrovsky-zjazdar\/","url":"https:\/\/www.welovecycling.com\/sk\/2019\/01\/15\/rozhovor-adam-rojcek-majstrovsky-zjazdar\/","name":"Rozhovor: Adam Roj\u010dek - majstrovsk\u00fd zjazd\u00e1r - \u0160koda We Love Cycling Slovensko","isPartOf":{"@id":"https:\/\/www.welovecycling.com\/sk\/#website"},"primaryImageOfPage":{"@id":"https:\/\/www.welovecycling.com\/sk\/2019\/01\/15\/rozhovor-adam-rojcek-majstrovsky-zjazdar\/#primaryimage"},"image":{"@id":"https:\/\/www.welovecycling.com\/sk\/2019\/01\/15\/rozhovor-adam-rojcek-majstrovsky-zjazdar\/#primaryimage"},"thumbnailUrl":"https:\/\/d2p6e6u75xmxt8.cloudfront.net\/4\/2019\/01\/00-1.webp","datePublished":"2019-01-15T09:00:49+00:00","dateModified":"2019-11-21T08:29:22+00:00","author":{"@id":"https:\/\/www.welovecycling.com\/sk\/#\/schema\/person\/8ee09ba39b7e25b1870160aa5b3a89bc"},"breadcrumb":{"@id":"https:\/\/www.welovecycling.com\/sk\/2019\/01\/15\/rozhovor-adam-rojcek-majstrovsky-zjazdar\/#breadcrumb"},"inLanguage":"sk-SK","potentialAction":[{"@type":"ReadAction","target":["https:\/\/www.welovecycling.com\/sk\/2019\/01\/15\/rozhovor-adam-rojcek-majstrovsky-zjazdar\/"]}]},{"@type":"ImageObject","inLanguage":"sk-SK","@id":"https:\/\/www.welovecycling.com\/sk\/2019\/01\/15\/rozhovor-adam-rojcek-majstrovsky-zjazdar\/#primaryimage","url":"https:\/\/d2p6e6u75xmxt8.cloudfront.net\/4\/2019\/01\/00-1.webp","contentUrl":"https:\/\/d2p6e6u75xmxt8.cloudfront.net\/4\/2019\/01\/00-1.webp","width":1380,"height":600},{"@type":"BreadcrumbList","@id":"https:\/\/www.welovecycling.com\/sk\/2019\/01\/15\/rozhovor-adam-rojcek-majstrovsky-zjazdar\/#breadcrumb","itemListElement":[{"@type":"ListItem","position":1,"name":"Home","item":"https:\/\/www.welovecycling.com\/sk\/"},{"@type":"ListItem","position":2,"name":"Rozhovor: Adam Roj\u010dek &#8211; majstrovsk\u00fd zjazd\u00e1r"}]},{"@type":"WebSite","@id":"https:\/\/www.welovecycling.com\/sk\/#website","url":"https:\/\/www.welovecycling.com\/sk\/","name":"\u0160koda We Love Cycling Slovensko","description":"\u0160koda We Love Cycling Slovensko je v\u00e1\u0161 ka\u017edodenn\u00fd zdroj noviniek a in\u0161pir\u00e1cie z sveta cyklistiky","potentialAction":[{"@type":"SearchAction","target":{"@type":"EntryPoint","urlTemplate":"https:\/\/www.welovecycling.com\/sk\/?s={search_term_string}"},"query-input":{"@type":"PropertyValueSpecification","valueRequired":true,"valueName":"search_term_string"}}],"inLanguage":"sk-SK"},{"@type":"Person","@id":"https:\/\/www.welovecycling.com\/sk\/#\/schema\/person\/8ee09ba39b7e25b1870160aa5b3a89bc","name":"Ondrej Ga\u0161par","image":{"@type":"ImageObject","inLanguage":"sk-SK","@id":"https:\/\/www.welovecycling.com\/sk\/#\/schema\/person\/image\/","url":"https:\/\/secure.gravatar.com\/avatar\/6126c9afb87b70da5abbb083ddbb21933da15f18f8ca7cb822aba0fb096a48f6?s=96&d=mm&r=g","contentUrl":"https:\/\/secure.gravatar.com\/avatar\/6126c9afb87b70da5abbb083ddbb21933da15f18f8ca7cb822aba0fb096a48f6?s=96&d=mm&r=g","caption":"Ondrej Ga\u0161par"},"url":"https:\/\/www.welovecycling.com\/sk\/author\/ondrejgaspar\/"}]}},"_links":{"self":[{"href":"https:\/\/www.welovecycling.com\/sk\/wp-json\/wp\/v2\/posts\/5917","targetHints":{"allow":["GET"]}}],"collection":[{"href":"https:\/\/www.welovecycling.com\/sk\/wp-json\/wp\/v2\/posts"}],"about":[{"href":"https:\/\/www.welovecycling.com\/sk\/wp-json\/wp\/v2\/types\/post"}],"author":[{"embeddable":true,"href":"https:\/\/www.welovecycling.com\/sk\/wp-json\/wp\/v2\/users\/38"}],"replies":[{"embeddable":true,"href":"https:\/\/www.welovecycling.com\/sk\/wp-json\/wp\/v2\/comments?post=5917"}],"version-history":[{"count":2,"href":"https:\/\/www.welovecycling.com\/sk\/wp-json\/wp\/v2\/posts\/5917\/revisions"}],"predecessor-version":[{"id":5927,"href":"https:\/\/www.welovecycling.com\/sk\/wp-json\/wp\/v2\/posts\/5917\/revisions\/5927"}],"wp:featuredmedia":[{"embeddable":true,"href":"https:\/\/www.welovecycling.com\/sk\/wp-json\/wp\/v2\/media\/5925"}],"wp:attachment":[{"href":"https:\/\/www.welovecycling.com\/sk\/wp-json\/wp\/v2\/media?parent=5917"}],"wp:term":[{"taxonomy":"category","embeddable":true,"href":"https:\/\/www.welovecycling.com\/sk\/wp-json\/wp\/v2\/categories?post=5917"},{"taxonomy":"post_tag","embeddable":true,"href":"https:\/\/www.welovecycling.com\/sk\/wp-json\/wp\/v2\/tags?post=5917"},{"taxonomy":"global-categories","embeddable":true,"href":"https:\/\/www.welovecycling.com\/sk\/wp-json\/wp\/v2\/global-categories?post=5917"}],"curies":[{"name":"wp","href":"https:\/\/api.w.org\/{rel}","templated":true}]}}