{"id":5898,"date":"2019-02-11T11:30:16","date_gmt":"2019-02-11T10:30:16","guid":{"rendered":"https:\/\/www.welovecycling.com\/sk\/?p=5898"},"modified":"2019-02-13T15:12:03","modified_gmt":"2019-02-13T14:12:03","slug":"rozhovor-alex-rebro-nova-tvar-v-slovenskej-cyklistike","status":"publish","type":"post","link":"https:\/\/www.welovecycling.com\/sk\/2019\/02\/11\/rozhovor-alex-rebro-nova-tvar-v-slovenskej-cyklistike\/","title":{"rendered":"Rozhovor: Alex Rebro &#8211; nov\u00e1 tv\u00e1r v slovenskej cyklistike"},"content":{"rendered":"<p><strong><a target=\"_blank\"href=\"https:\/\/www.facebook.com\/rebroalex02\/\">Alex Rebro<\/a> je mlad\u00fd \u0161es\u0165n\u00e1s\u0165ro\u010dn\u00fd chalan, ktor\u00fd pri\u0161iel do sveta MTB cyklistiky vo ve\u013ekom \u0161t\u00fdle. Mohli by sme to ozna\u010di\u0165 latinsk\u00fdm &#8222;veni, vidi, vici&#8220; &#8211; pri\u0161iel som, videl som a zv\u00ed\u0165azil som. Sedem rokov sa venoval r\u00fdchlostnej kanoistike a u\u017e po\u010das prv\u00e9ho roku v cyklistike zbieral medailov\u00e9 umiestnenia. Po\u010das roku 2018 z\u00edskal 3. miesto MSR v cestnej cyklistike, 3. miesto v celkovom porad\u00ed SP v MTB a dve prv\u00e9 miesta v \u0160koda BIKE OPEN TOUR a \u0160koda Stupava Trophy. V\u0161etko samozrejme v kateg\u00f3rii kadeti. Tak\u00fdto talent nem\u00f4\u017eeme necha\u0165 nepov\u0161imnut\u00fd, a tak sme s n\u00edm spravili rozhovor.<\/strong><!--more--><\/p>\n<div data-rows=\"1\" id='gallery-1' class='gallery-rows-1 gallery galleryid-5898 gallery-columns-3 gallery-size-full'><figure class='gallery-item'>\n\t\t\t<div class='gallery-icon landscape'>\n\t\t\t\t<a href='https:\/\/d2p6e6u75xmxt8.cloudfront.net\/4\/2019\/01\/unnamed-4-1.webp'><img loading=\"lazy\" decoding=\"async\" width=\"1200\" height=\"800\" src=\"https:\/\/d2p6e6u75xmxt8.cloudfront.net\/4\/2019\/01\/unnamed-4-1.webp\" class=\"attachment-full size-full\" alt=\"\" srcset=\"https:\/\/d2p6e6u75xmxt8.cloudfront.net\/4\/2019\/01\/unnamed-4-1.webp 1200w, https:\/\/d2p6e6u75xmxt8.cloudfront.net\/4\/2019\/01\/unnamed-4-1-300x200.webp 300w, https:\/\/d2p6e6u75xmxt8.cloudfront.net\/4\/2019\/01\/unnamed-4-1-1024x683.webp 1024w, https:\/\/d2p6e6u75xmxt8.cloudfront.net\/4\/2019\/01\/unnamed-4-1-768x512.webp 768w, https:\/\/d2p6e6u75xmxt8.cloudfront.net\/4\/2019\/01\/unnamed-4-1-272x182.webp 272w\" sizes=\"auto, (max-width: 1200px) 100vw, 1200px\" \/><\/a>\n\t\t\t<\/div><\/figure><figure class='gallery-item'>\n\t\t\t<div class='gallery-icon landscape'>\n\t\t\t\t<a href='https:\/\/d2p6e6u75xmxt8.cloudfront.net\/4\/2019\/01\/unnamed-6.webp'><img loading=\"lazy\" decoding=\"async\" width=\"1200\" height=\"800\" src=\"https:\/\/d2p6e6u75xmxt8.cloudfront.net\/4\/2019\/01\/unnamed-6.webp\" class=\"attachment-full size-full\" alt=\"\" srcset=\"https:\/\/d2p6e6u75xmxt8.cloudfront.net\/4\/2019\/01\/unnamed-6.webp 1200w, https:\/\/d2p6e6u75xmxt8.cloudfront.net\/4\/2019\/01\/unnamed-6-300x200.webp 300w, https:\/\/d2p6e6u75xmxt8.cloudfront.net\/4\/2019\/01\/unnamed-6-1024x683.webp 1024w, https:\/\/d2p6e6u75xmxt8.cloudfront.net\/4\/2019\/01\/unnamed-6-768x512.webp 768w, https:\/\/d2p6e6u75xmxt8.cloudfront.net\/4\/2019\/01\/unnamed-6-272x182.webp 272w\" sizes=\"auto, (max-width: 1200px) 100vw, 1200px\" \/><\/a>\n\t\t\t<\/div><\/figure><figure class='gallery-item'>\n\t\t\t<div class='gallery-icon landscape'>\n\t\t\t\t<a href='https:\/\/d2p6e6u75xmxt8.cloudfront.net\/4\/2019\/01\/unnamed-7.webp'><img loading=\"lazy\" decoding=\"async\" width=\"1200\" height=\"800\" src=\"https:\/\/d2p6e6u75xmxt8.cloudfront.net\/4\/2019\/01\/unnamed-7.webp\" class=\"attachment-full size-full\" alt=\"\" srcset=\"https:\/\/d2p6e6u75xmxt8.cloudfront.net\/4\/2019\/01\/unnamed-7.webp 1200w, https:\/\/d2p6e6u75xmxt8.cloudfront.net\/4\/2019\/01\/unnamed-7-300x200.webp 300w, https:\/\/d2p6e6u75xmxt8.cloudfront.net\/4\/2019\/01\/unnamed-7-1024x683.webp 1024w, https:\/\/d2p6e6u75xmxt8.cloudfront.net\/4\/2019\/01\/unnamed-7-768x512.webp 768w, https:\/\/d2p6e6u75xmxt8.cloudfront.net\/4\/2019\/01\/unnamed-7-272x182.webp 272w\" sizes=\"auto, (max-width: 1200px) 100vw, 1200px\" \/><\/a>\n\t\t\t<\/div><\/figure>\n\t\t<\/div>\n        \n<p><strong>Mal si neuverite\u013ene \u00faspe\u0161n\u00fd rok 2018, k \u010domu ti dodato\u010dne gratulujeme. Nie je tomu tak d\u00e1vno, ke\u010f si sa naplno venoval r\u00fdchlostnej kanoistike, \u010do \u0165a viedlo k tomu, \u017ee si sa dal na cyklistiku?<\/strong><br \/>\n<em>\u010eakujem za gratul\u00e1ciu. Letn\u00e9 i zimn\u00e9 dovolenky tr\u00e1vime na ly\u017eiach, skialpoch alebo v lete na turistike, tak\u017ee hory ma \u00faplne oslovili. Takisto ma k tomu viedol aj adrenal\u00edn, ktor\u00e9ho som pri kanoistike dos\u0165 nepoci\u0165oval. Prv\u00fdkr\u00e1t som horsk\u00fd bicykel vysk\u00fa\u0161al v talianskej Alta Badia, kde som si ho po\u017ei\u010dal v po\u017ei\u010dovni a potom to pri\u0161lo.<\/em><\/p>\n<p><strong>Kanoistika a cyklistika s\u00fa dos\u0165 odli\u0161n\u00e9 \u0161porty. Ako je teda mo\u017en\u00e9, \u017ee hne\u010f vo svojom prvom roku si v cyklistike dosiahol tak\u00e9 \u00faspechy?<\/strong><br \/>\n<em>Po\u010das mojej kari\u00e9ry r\u00fdchlostn\u00e9ho kanoistu som okrem tr\u00e9ningov na vode v kajaku ve\u013ea beh\u00e1val, cvi\u010dil v posil\u0148ovni a aj pl\u00e1val. Kajak vyzer\u00e1 ako maka\u010dka iba na horn\u00fa \u010das\u0165 tela, no nie je to tak. Pri tomto \u0161porte mus\u00edte ma\u0165 spevnen\u00e9 a dos\u0165 siln\u00e9 cel\u00e9 telo. Na kajaku som pretekal od svojich 6 rokov. Prinieslo mi to ve\u013ea sk\u00fasenosti pri pretekoch a aj fyzick\u00fa a psychick\u00fa silu.<\/em><\/p>\n<p><strong>\u0160portovci venuj\u00faci sa kanoistike s\u00fa zn\u00e1mi svojimi perfektne vypracovan\u00fdmi telami s v\u00fdraznou svalovou hmotou. Pova\u017euje\u0161 to v cyklistike za pr\u00ednos, alebo si v tomto smere musel spravi\u0165 nejak\u00e9 \u00fapravy?<\/strong><br \/>\n<em>Jedin\u00fa \u00fapravu, ktor\u00fa som spravil, bolo, \u017ee pri kanoistike som cvi\u010dil viac vrchn\u00fa \u010das\u0165 tela, no teraz cvi\u010d\u00edm viac nohy.<\/em><\/p>\n<p><a href=\"https:\/\/d2p6e6u75xmxt8.cloudfront.net\/4\/2019\/01\/unnamed-5.jpg\"><img loading=\"lazy\" decoding=\"async\" src=\"https:\/\/d2p6e6u75xmxt8.cloudfront.net\/4\/2019\/01\/unnamed-5.jpg\" alt=\"\" width=\"1200\" height=\"800\" class=\"alignnone size-full wp-image-5906\" \/><\/a><\/p>\n<p><strong>Po\u010das jedn\u00e9ho roka si zlep\u0161il svoj anaer\u00f3bny prah o 18%. Ako si mal na za\u010diatku nastaven\u00e9 tr\u00e9ningy?<\/strong><br \/>\n<em>Zo za\u010diatku ma medzi seba zobral klub nad\u0161encov z Rebel klub \u010cachtice pod veden\u00edm Petra \u0160kytu. Peter sa mi dos\u0165 venoval na spolo\u010dn\u00fdch v\u00fdjazdoch, kde ma u\u010dil techniku \u0161liapania v kopci, ale i v zjazdoch. No tr\u00e9noval som intuit\u00edvne. Ke\u010f som c\u00edtil chu\u0165 da\u0165 si tr\u00e9ning, vtedy som \u0161iel na bicykel. Nesk\u00f4r som sa dostal k PROefekt Teamu, kde sme spolu s mojim s\u00fa\u010dasn\u00fdm tr\u00e9nerom Jurajom Karasom zapracovali na zv\u00fd\u0161en\u00ed v\u00fdkonnosti. D\u00f4sledne dodr\u017eujem jeho tr\u00e9ningov\u00fd pl\u00e1n. Tak isto sme sa za\u010dali zaobera\u0165 aj so zmenou stravovac\u00edch n\u00e1vykov.<\/em><\/p>\n<p><strong>Je samozrejm\u00e9, \u017ee sa aj v \u010fal\u0161om roku pl\u00e1nuje\u0161 rozv\u00edja\u0165, \u010do sa v\u00fdkonnosti t\u00fdka. Na \u010do sa chce\u0161 najviac zamera\u0165?<\/strong><br \/>\n<em>V prvom rade sa budem zameriava\u0165 na horsk\u00e9 marat\u00f3ny. Ke\u010f vyjde \u010das, tak pod\u013ea kalend\u00e1ra pretekov sa z\u00fa\u010dastn\u00edm aj cestn\u00fdch podujat\u00ed alebo duatlonu.<\/em><\/p>\n<p><strong>V celkovom porad\u00ed si vyhral s\u00e9riu \u0160koda BIKE OPEN TOUR, ktor\u00e1 sa sklad\u00e1 zo \u0161iestich pretekov. Ktor\u00fd ti osobne najviac vyhovoval?<\/strong><br \/>\n<em>Najviac mi rozhodne vyhovoval \u0160koda Stupava Trophy, ke\u010f\u017ee nie je a\u017e tak n\u00e1ro\u010dn\u00fd na techniku, ale naopak je dos\u0165 o v\u00fdkonnosti. Nie som a\u017e tak technicky nadan\u00fd jazdec. Som sk\u00f4r na takzvan\u00e9 \u201cdupanie do ped\u00e1lov\u201d.<\/em><\/p>\n<p><a href=\"https:\/\/d2p6e6u75xmxt8.cloudfront.net\/4\/2019\/01\/unnamed-9.jpg\"><img loading=\"lazy\" decoding=\"async\" src=\"https:\/\/d2p6e6u75xmxt8.cloudfront.net\/4\/2019\/01\/unnamed-9.jpg\" alt=\"\" width=\"1200\" height=\"800\" class=\"alignnone size-full wp-image-5908\" \/><\/a><\/p>\n<p><strong>Povedz n\u00e1m nie\u010do o svojich bicykloch &#8211; na \u010dom moment\u00e1lne jazd\u00ed\u0161?<\/strong><br \/>\n<em>Na MTB m\u00e1m moment\u00e1lne hardtail SCOTT Scale. Je to super bike na r\u00fdchle trate, ale aj na technickej\u0161ie zjazdy. Je dos\u0165 \u013eahk\u00fd a vo v\u00fd\u0161\u013eapoch ide doslova ako drak. Na cestn\u00fa cyklistiku pou\u017e\u00edvam Dedacciai Strada model Atleta. Je to r\u00fdchly aerobike, ktor\u00fd dop\u013a\u0148aj\u00fa super koles\u00e1 XeNTiS SQUAD 5.8.<\/em><\/p>\n<p><strong>Defekty s\u00fa, obzvl\u00e1\u0161\u0165 v horskej cyklistike, no\u010dnou morou pretek\u00e1rov. M\u00e1\u0161 nejak\u00fd overen\u00fd trik, ako ich minimalizova\u0165?<\/strong><br \/>\n<em>Pou\u017e\u00edvam bezdu\u0161ov\u00e9 koles\u00e1 a okrem pretekov v Topo\u013e\u010diankach sa mi defekty vyh\u00fdbali. No ke\u010f defekt dostanem, pou\u017e\u00edvam sadu Sahmurai.<\/em><\/p>\n<p><strong>Dominantn\u00e9 s\u00fa tvoje v\u00fdsledky z MTB pretekov, ale s \u00faspechom si absolvoval aj cestn\u00e9 preteky. St\u00e1le h\u013ead\u00e1\u0161 svoju cestu, alebo si si u\u017e definit\u00edvne zamiloval horsk\u00e9 bicykle?<\/strong><br \/>\n<em>E\u0161te st\u00e1le h\u013ead\u00e1m t\u00fa spr\u00e1vnu cestu, ktorou by som sa chcel vyda\u0165. No neodpisujem ani jeden druh cyklistiky.<\/em><\/p>\n<p><a href=\"https:\/\/d2p6e6u75xmxt8.cloudfront.net\/4\/2019\/01\/unnamed-8.jpg\"><img loading=\"lazy\" decoding=\"async\" src=\"https:\/\/d2p6e6u75xmxt8.cloudfront.net\/4\/2019\/01\/unnamed-8.jpg\" alt=\"\" width=\"1200\" height=\"800\" class=\"alignnone size-full wp-image-5907\" \/><\/a><\/p>\n<p><strong>Ak\u00e9 boli, alebo s\u00fa tvoje \u0161portov\u00e9 vzory?<\/strong><br \/>\n<em>Medzi moje najv\u00e4\u010d\u0161ie vzory patr\u00ed rozhodne slovensk\u00fd cyklista Peter Sagan. Dok\u00e1zal to, \u010do zatia\u013e nikto in\u00fd na svete. No i ke\u010f sa mu nedar\u00ed v niektorom z pretekov alebo v jednej z et\u00e1p, dok\u00e1\u017ee v\u017edy nie\u010do vymyslie\u0165, \u010d\u00edm pote\u0161i\u0165 fan\u00fa\u0161ikov, \u010do sa mi na \u0148om ve\u013emi p\u00e1\u010di.<\/em><\/p>\n<p><strong>Ver\u00edme, \u017ee \u0165a aj po\u010das tohto roka uvid\u00edme na mnoh\u00fdch s\u00fa\u0165a\u017eiach. M\u00e1\u0161 nejak\u00fd sen, kde by si si chcel zajazdi\u0165?<\/strong><br \/>\n<em>T\u00fdch snov m\u00e1m viac. Chcel by som zopakova\u0165 alebo aj zlep\u0161i\u0165 v\u00fdsledky z roku 2018 v MTB. V cestnej cyklistike by som sa r\u00e1d prebojoval do slovenskej reprezent\u00e1cie a chcel by som zajazdi\u0165 nejak\u00e9 pekn\u00e9 v\u00fdsledky v Slovenskom poh\u00e1ri.<\/em><\/p>\n<p><strong>Na tvojom Instagrame m\u00e1\u0161 fotky z tirolsk\u00fdch \u00c1lp, kde \u0165a m\u00f4\u017eeme vidie\u0165 na be\u017ek\u00e1ch. Je to s\u00fa\u010das\u0165 tvojej zimnej pr\u00edpravy, alebo len akt\u00edvny koncoro\u010dn\u00fd relax?<\/strong><br \/>\n<em>\u00c1no. Aj tak\u00e9to \u0161porty, ako s\u00fa be\u017eky, skialp alebo ly\u017eovanie, zara\u010fujem do svojej zimnej pr\u00edpravy. No takisto to beriem aj ako relax.<\/em><\/p>\n<p>https:\/\/www.instagram.com\/p\/BsOXwWLhRWa\/<\/p>\n<div data-rows=\"1\" id='gallery-2' class='gallery-rows-1 gallery galleryid-5898 gallery-columns-3 gallery-size-full'><figure class='gallery-item'>\n\t\t\t<div class='gallery-icon landscape'>\n\t\t\t\t<a href='https:\/\/d2p6e6u75xmxt8.cloudfront.net\/4\/2019\/01\/unnamed-1.webp'><img loading=\"lazy\" decoding=\"async\" width=\"1200\" height=\"800\" src=\"https:\/\/d2p6e6u75xmxt8.cloudfront.net\/4\/2019\/01\/unnamed-1.webp\" class=\"attachment-full size-full\" alt=\"\" srcset=\"https:\/\/d2p6e6u75xmxt8.cloudfront.net\/4\/2019\/01\/unnamed-1.webp 1200w, https:\/\/d2p6e6u75xmxt8.cloudfront.net\/4\/2019\/01\/unnamed-1-300x200.webp 300w, https:\/\/d2p6e6u75xmxt8.cloudfront.net\/4\/2019\/01\/unnamed-1-1024x683.webp 1024w, https:\/\/d2p6e6u75xmxt8.cloudfront.net\/4\/2019\/01\/unnamed-1-768x512.webp 768w, https:\/\/d2p6e6u75xmxt8.cloudfront.net\/4\/2019\/01\/unnamed-1-272x182.webp 272w\" sizes=\"auto, (max-width: 1200px) 100vw, 1200px\" \/><\/a>\n\t\t\t<\/div><\/figure><figure class='gallery-item'>\n\t\t\t<div class='gallery-icon landscape'>\n\t\t\t\t<a href='https:\/\/d2p6e6u75xmxt8.cloudfront.net\/4\/2019\/01\/unnamed-2.webp'><img loading=\"lazy\" decoding=\"async\" width=\"1200\" height=\"800\" src=\"https:\/\/d2p6e6u75xmxt8.cloudfront.net\/4\/2019\/01\/unnamed-2.webp\" class=\"attachment-full size-full\" alt=\"\" srcset=\"https:\/\/d2p6e6u75xmxt8.cloudfront.net\/4\/2019\/01\/unnamed-2.webp 1200w, https:\/\/d2p6e6u75xmxt8.cloudfront.net\/4\/2019\/01\/unnamed-2-300x200.webp 300w, https:\/\/d2p6e6u75xmxt8.cloudfront.net\/4\/2019\/01\/unnamed-2-1024x683.webp 1024w, https:\/\/d2p6e6u75xmxt8.cloudfront.net\/4\/2019\/01\/unnamed-2-768x512.webp 768w, https:\/\/d2p6e6u75xmxt8.cloudfront.net\/4\/2019\/01\/unnamed-2-272x182.webp 272w\" sizes=\"auto, (max-width: 1200px) 100vw, 1200px\" \/><\/a>\n\t\t\t<\/div><\/figure><figure class='gallery-item'>\n\t\t\t<div class='gallery-icon landscape'>\n\t\t\t\t<a href='https:\/\/d2p6e6u75xmxt8.cloudfront.net\/4\/2019\/01\/unnamed.webp'><img loading=\"lazy\" decoding=\"async\" width=\"1200\" height=\"800\" src=\"https:\/\/d2p6e6u75xmxt8.cloudfront.net\/4\/2019\/01\/unnamed.webp\" class=\"attachment-full size-full\" alt=\"\" srcset=\"https:\/\/d2p6e6u75xmxt8.cloudfront.net\/4\/2019\/01\/unnamed.webp 1200w, https:\/\/d2p6e6u75xmxt8.cloudfront.net\/4\/2019\/01\/unnamed-300x200.webp 300w, https:\/\/d2p6e6u75xmxt8.cloudfront.net\/4\/2019\/01\/unnamed-1024x683.webp 1024w, https:\/\/d2p6e6u75xmxt8.cloudfront.net\/4\/2019\/01\/unnamed-768x512.webp 768w, https:\/\/d2p6e6u75xmxt8.cloudfront.net\/4\/2019\/01\/unnamed-272x182.webp 272w\" sizes=\"auto, (max-width: 1200px) 100vw, 1200px\" \/><\/a>\n\t\t\t<\/div><\/figure>\n\t\t<\/div>\n        \n<p><strong>Chce\u0161 nie\u010do doda\u0165 na z\u00e1ver?<\/strong><br \/>\n<em>V prvom rade by som chcel po\u010fakova\u0165 svojim rodi\u010dom za podporu z ka\u017edej strany a aj trpezlivos\u0165. Takisto by som chcel po\u010fakova\u0165 aj v\u00e1m za prejaven\u00fa d\u00f4veru.<\/em><\/p>\n<p>\u010eakujeme za rozhovor a \u017eel\u00e1me \u00faspe\u0161n\u00fa sez\u00f3nu 2019 :).<\/p>\n","protected":false},"excerpt":{"rendered":"<p>Alex Rebro je mlad\u00fd \u0161es\u0165n\u00e1s\u0165ro\u010dn\u00fd chalan, ktor\u00fd pri\u0161iel do sveta MTB cyklistiky vo ve\u013ekom \u0161t\u00fdle. Mohli by sme to ozna\u010di\u0165 [&hellip;]<\/p>\n","protected":false},"author":38,"featured_media":5900,"comment_status":"open","ping_status":"open","sticky":false,"template":"","format":"standard","meta":{"footnotes":""},"categories":[4,3,33],"tags":[752,619,115,331,532,754,412,179,501,755,542,35,753,55,269],"global-categories":[],"class_list":["post-5898","post","type-post","status-publish","format-standard","has-post-thumbnail","hentry","category-cestna-cyklisitika","category-mtb","category-sbot","tag-alex-rebro","tag-bicyklovanie","tag-cestna-cyklistika","tag-etapove-preteky","tag-jazdenie","tag-lyzovanie","tag-mtb","tag-preteky","tag-rozhovor","tag-skialp","tag-skoda","tag-sbot","tag-talent","tag-trening","tag-vitaz"],"yoast_head":"<!-- This site is optimized with the Yoast SEO Premium plugin v25.3 (Yoast SEO v25.9) - https:\/\/yoast.com\/wordpress\/plugins\/seo\/ -->\n<title>Rozhovor: Alex Rebro - nov\u00e1 tv\u00e1r v slovenskej cyklistike - \u0160koda We Love Cycling Slovensko<\/title>\n<meta name=\"robots\" content=\"index, follow, max-snippet:-1, max-image-preview:large, max-video-preview:-1\" \/>\n<link rel=\"canonical\" href=\"https:\/\/www.welovecycling.com\/sk\/2019\/02\/11\/rozhovor-alex-rebro-nova-tvar-v-slovenskej-cyklistike\/\" \/>\n<meta property=\"og:locale\" content=\"sk_SK\" \/>\n<meta property=\"og:type\" content=\"article\" \/>\n<meta property=\"og:title\" content=\"Rozhovor: Alex Rebro - nov\u00e1 tv\u00e1r v slovenskej cyklistike\" \/>\n<meta property=\"og:description\" content=\"Alex Rebro je mlad\u00fd \u0161es\u0165n\u00e1s\u0165ro\u010dn\u00fd chalan, ktor\u00fd pri\u0161iel do sveta MTB cyklistiky vo ve\u013ekom \u0161t\u00fdle. Mohli by sme to ozna\u010di\u0165 [&hellip;]\" \/>\n<meta property=\"og:url\" content=\"https:\/\/www.welovecycling.com\/sk\/2019\/02\/11\/rozhovor-alex-rebro-nova-tvar-v-slovenskej-cyklistike\/\" \/>\n<meta property=\"og:site_name\" content=\"\u0160koda We Love Cycling Slovensko\" \/>\n<meta property=\"article:published_time\" content=\"2019-02-11T10:30:16+00:00\" \/>\n<meta property=\"article:modified_time\" content=\"2019-02-13T14:12:03+00:00\" \/>\n<meta property=\"og:image\" content=\"https:\/\/d2p6e6u75xmxt8.cloudfront.net\/4\/2019\/01\/titulka-2.webp\" \/>\n\t<meta property=\"og:image:width\" content=\"1380\" \/>\n\t<meta property=\"og:image:height\" content=\"600\" \/>\n\t<meta property=\"og:image:type\" content=\"image\/webp\" \/>\n<meta name=\"author\" content=\"Ondrej Ga\u0161par\" \/>\n<meta name=\"twitter:card\" content=\"summary_large_image\" \/>\n<meta name=\"twitter:label1\" content=\"Written by\" \/>\n\t<meta name=\"twitter:data1\" content=\"We Love Cycling\" \/>\n\t<meta name=\"twitter:label2\" content=\"Est. reading time\" \/>\n\t<meta name=\"twitter:data2\" content=\"6\" \/>\n<script type=\"application\/ld+json\" class=\"yoast-schema-graph\">{\"@context\":\"https:\/\/schema.org\",\"@graph\":[{\"@type\":\"WebPage\",\"@id\":\"https:\/\/www.welovecycling.com\/sk\/2019\/02\/11\/rozhovor-alex-rebro-nova-tvar-v-slovenskej-cyklistike\/\",\"url\":\"https:\/\/www.welovecycling.com\/sk\/2019\/02\/11\/rozhovor-alex-rebro-nova-tvar-v-slovenskej-cyklistike\/\",\"name\":\"Rozhovor: Alex Rebro - nov\u00e1 tv\u00e1r v slovenskej cyklistike - \u0160koda We Love Cycling Slovensko\",\"isPartOf\":{\"@id\":\"https:\/\/www.welovecycling.com\/sk\/#website\"},\"primaryImageOfPage\":{\"@id\":\"https:\/\/www.welovecycling.com\/sk\/2019\/02\/11\/rozhovor-alex-rebro-nova-tvar-v-slovenskej-cyklistike\/#primaryimage\"},\"image\":{\"@id\":\"https:\/\/www.welovecycling.com\/sk\/2019\/02\/11\/rozhovor-alex-rebro-nova-tvar-v-slovenskej-cyklistike\/#primaryimage\"},\"thumbnailUrl\":\"https:\/\/d2p6e6u75xmxt8.cloudfront.net\/4\/2019\/01\/titulka-2.webp\",\"datePublished\":\"2019-02-11T10:30:16+00:00\",\"dateModified\":\"2019-02-13T14:12:03+00:00\",\"author\":{\"@id\":\"https:\/\/www.welovecycling.com\/sk\/#\/schema\/person\/8ee09ba39b7e25b1870160aa5b3a89bc\"},\"breadcrumb\":{\"@id\":\"https:\/\/www.welovecycling.com\/sk\/2019\/02\/11\/rozhovor-alex-rebro-nova-tvar-v-slovenskej-cyklistike\/#breadcrumb\"},\"inLanguage\":\"sk-SK\",\"potentialAction\":[{\"@type\":\"ReadAction\",\"target\":[\"https:\/\/www.welovecycling.com\/sk\/2019\/02\/11\/rozhovor-alex-rebro-nova-tvar-v-slovenskej-cyklistike\/\"]}]},{\"@type\":\"ImageObject\",\"inLanguage\":\"sk-SK\",\"@id\":\"https:\/\/www.welovecycling.com\/sk\/2019\/02\/11\/rozhovor-alex-rebro-nova-tvar-v-slovenskej-cyklistike\/#primaryimage\",\"url\":\"https:\/\/d2p6e6u75xmxt8.cloudfront.net\/4\/2019\/01\/titulka-2.webp\",\"contentUrl\":\"https:\/\/d2p6e6u75xmxt8.cloudfront.net\/4\/2019\/01\/titulka-2.webp\",\"width\":1380,\"height\":600},{\"@type\":\"BreadcrumbList\",\"@id\":\"https:\/\/www.welovecycling.com\/sk\/2019\/02\/11\/rozhovor-alex-rebro-nova-tvar-v-slovenskej-cyklistike\/#breadcrumb\",\"itemListElement\":[{\"@type\":\"ListItem\",\"position\":1,\"name\":\"Home\",\"item\":\"https:\/\/www.welovecycling.com\/sk\/\"},{\"@type\":\"ListItem\",\"position\":2,\"name\":\"Rozhovor: Alex Rebro &#8211; nov\u00e1 tv\u00e1r v slovenskej cyklistike\"}]},{\"@type\":\"WebSite\",\"@id\":\"https:\/\/www.welovecycling.com\/sk\/#website\",\"url\":\"https:\/\/www.welovecycling.com\/sk\/\",\"name\":\"\u0160koda We Love Cycling Slovensko\",\"description\":\"\u0160koda We Love Cycling Slovensko je v\u00e1\u0161 ka\u017edodenn\u00fd zdroj noviniek a in\u0161pir\u00e1cie z sveta cyklistiky\",\"potentialAction\":[{\"@type\":\"SearchAction\",\"target\":{\"@type\":\"EntryPoint\",\"urlTemplate\":\"https:\/\/www.welovecycling.com\/sk\/?s={search_term_string}\"},\"query-input\":{\"@type\":\"PropertyValueSpecification\",\"valueRequired\":true,\"valueName\":\"search_term_string\"}}],\"inLanguage\":\"sk-SK\"},{\"@type\":\"Person\",\"@id\":\"https:\/\/www.welovecycling.com\/sk\/#\/schema\/person\/8ee09ba39b7e25b1870160aa5b3a89bc\",\"name\":\"Ondrej Ga\u0161par\",\"image\":{\"@type\":\"ImageObject\",\"inLanguage\":\"sk-SK\",\"@id\":\"https:\/\/www.welovecycling.com\/sk\/#\/schema\/person\/image\/\",\"url\":\"https:\/\/secure.gravatar.com\/avatar\/6126c9afb87b70da5abbb083ddbb21933da15f18f8ca7cb822aba0fb096a48f6?s=96&d=mm&r=g\",\"contentUrl\":\"https:\/\/secure.gravatar.com\/avatar\/6126c9afb87b70da5abbb083ddbb21933da15f18f8ca7cb822aba0fb096a48f6?s=96&d=mm&r=g\",\"caption\":\"Ondrej Ga\u0161par\"},\"url\":\"https:\/\/www.welovecycling.com\/sk\/author\/ondrejgaspar\/\"}]}<\/script>\n<!-- \/ Yoast SEO Premium plugin. -->","yoast_head_json":{"title":"Rozhovor: Alex Rebro - nov\u00e1 tv\u00e1r v slovenskej cyklistike - \u0160koda We Love Cycling Slovensko","robots":{"index":"index","follow":"follow","max-snippet":"max-snippet:-1","max-image-preview":"max-image-preview:large","max-video-preview":"max-video-preview:-1"},"canonical":"https:\/\/www.welovecycling.com\/sk\/2019\/02\/11\/rozhovor-alex-rebro-nova-tvar-v-slovenskej-cyklistike\/","og_locale":"sk_SK","og_type":"article","og_title":"Rozhovor: Alex Rebro - nov\u00e1 tv\u00e1r v slovenskej cyklistike","og_description":"Alex Rebro je mlad\u00fd \u0161es\u0165n\u00e1s\u0165ro\u010dn\u00fd chalan, ktor\u00fd pri\u0161iel do sveta MTB cyklistiky vo ve\u013ekom \u0161t\u00fdle. Mohli by sme to ozna\u010di\u0165 [&hellip;]","og_url":"https:\/\/www.welovecycling.com\/sk\/2019\/02\/11\/rozhovor-alex-rebro-nova-tvar-v-slovenskej-cyklistike\/","og_site_name":"\u0160koda We Love Cycling Slovensko","article_published_time":"2019-02-11T10:30:16+00:00","article_modified_time":"2019-02-13T14:12:03+00:00","og_image":[{"width":1380,"height":600,"url":"https:\/\/d2p6e6u75xmxt8.cloudfront.net\/4\/2019\/01\/titulka-2.webp","type":"image\/webp"}],"author":"Ondrej Ga\u0161par","twitter_card":"summary_large_image","twitter_misc":{"Written by":"We Love Cycling","Est. reading time":"6"},"schema":{"@context":"https:\/\/schema.org","@graph":[{"@type":"WebPage","@id":"https:\/\/www.welovecycling.com\/sk\/2019\/02\/11\/rozhovor-alex-rebro-nova-tvar-v-slovenskej-cyklistike\/","url":"https:\/\/www.welovecycling.com\/sk\/2019\/02\/11\/rozhovor-alex-rebro-nova-tvar-v-slovenskej-cyklistike\/","name":"Rozhovor: Alex Rebro - nov\u00e1 tv\u00e1r v slovenskej cyklistike - \u0160koda We Love Cycling Slovensko","isPartOf":{"@id":"https:\/\/www.welovecycling.com\/sk\/#website"},"primaryImageOfPage":{"@id":"https:\/\/www.welovecycling.com\/sk\/2019\/02\/11\/rozhovor-alex-rebro-nova-tvar-v-slovenskej-cyklistike\/#primaryimage"},"image":{"@id":"https:\/\/www.welovecycling.com\/sk\/2019\/02\/11\/rozhovor-alex-rebro-nova-tvar-v-slovenskej-cyklistike\/#primaryimage"},"thumbnailUrl":"https:\/\/d2p6e6u75xmxt8.cloudfront.net\/4\/2019\/01\/titulka-2.webp","datePublished":"2019-02-11T10:30:16+00:00","dateModified":"2019-02-13T14:12:03+00:00","author":{"@id":"https:\/\/www.welovecycling.com\/sk\/#\/schema\/person\/8ee09ba39b7e25b1870160aa5b3a89bc"},"breadcrumb":{"@id":"https:\/\/www.welovecycling.com\/sk\/2019\/02\/11\/rozhovor-alex-rebro-nova-tvar-v-slovenskej-cyklistike\/#breadcrumb"},"inLanguage":"sk-SK","potentialAction":[{"@type":"ReadAction","target":["https:\/\/www.welovecycling.com\/sk\/2019\/02\/11\/rozhovor-alex-rebro-nova-tvar-v-slovenskej-cyklistike\/"]}]},{"@type":"ImageObject","inLanguage":"sk-SK","@id":"https:\/\/www.welovecycling.com\/sk\/2019\/02\/11\/rozhovor-alex-rebro-nova-tvar-v-slovenskej-cyklistike\/#primaryimage","url":"https:\/\/d2p6e6u75xmxt8.cloudfront.net\/4\/2019\/01\/titulka-2.webp","contentUrl":"https:\/\/d2p6e6u75xmxt8.cloudfront.net\/4\/2019\/01\/titulka-2.webp","width":1380,"height":600},{"@type":"BreadcrumbList","@id":"https:\/\/www.welovecycling.com\/sk\/2019\/02\/11\/rozhovor-alex-rebro-nova-tvar-v-slovenskej-cyklistike\/#breadcrumb","itemListElement":[{"@type":"ListItem","position":1,"name":"Home","item":"https:\/\/www.welovecycling.com\/sk\/"},{"@type":"ListItem","position":2,"name":"Rozhovor: Alex Rebro &#8211; nov\u00e1 tv\u00e1r v slovenskej cyklistike"}]},{"@type":"WebSite","@id":"https:\/\/www.welovecycling.com\/sk\/#website","url":"https:\/\/www.welovecycling.com\/sk\/","name":"\u0160koda We Love Cycling Slovensko","description":"\u0160koda We Love Cycling Slovensko je v\u00e1\u0161 ka\u017edodenn\u00fd zdroj noviniek a in\u0161pir\u00e1cie z sveta cyklistiky","potentialAction":[{"@type":"SearchAction","target":{"@type":"EntryPoint","urlTemplate":"https:\/\/www.welovecycling.com\/sk\/?s={search_term_string}"},"query-input":{"@type":"PropertyValueSpecification","valueRequired":true,"valueName":"search_term_string"}}],"inLanguage":"sk-SK"},{"@type":"Person","@id":"https:\/\/www.welovecycling.com\/sk\/#\/schema\/person\/8ee09ba39b7e25b1870160aa5b3a89bc","name":"Ondrej Ga\u0161par","image":{"@type":"ImageObject","inLanguage":"sk-SK","@id":"https:\/\/www.welovecycling.com\/sk\/#\/schema\/person\/image\/","url":"https:\/\/secure.gravatar.com\/avatar\/6126c9afb87b70da5abbb083ddbb21933da15f18f8ca7cb822aba0fb096a48f6?s=96&d=mm&r=g","contentUrl":"https:\/\/secure.gravatar.com\/avatar\/6126c9afb87b70da5abbb083ddbb21933da15f18f8ca7cb822aba0fb096a48f6?s=96&d=mm&r=g","caption":"Ondrej Ga\u0161par"},"url":"https:\/\/www.welovecycling.com\/sk\/author\/ondrejgaspar\/"}]}},"_links":{"self":[{"href":"https:\/\/www.welovecycling.com\/sk\/wp-json\/wp\/v2\/posts\/5898","targetHints":{"allow":["GET"]}}],"collection":[{"href":"https:\/\/www.welovecycling.com\/sk\/wp-json\/wp\/v2\/posts"}],"about":[{"href":"https:\/\/www.welovecycling.com\/sk\/wp-json\/wp\/v2\/types\/post"}],"author":[{"embeddable":true,"href":"https:\/\/www.welovecycling.com\/sk\/wp-json\/wp\/v2\/users\/38"}],"replies":[{"embeddable":true,"href":"https:\/\/www.welovecycling.com\/sk\/wp-json\/wp\/v2\/comments?post=5898"}],"version-history":[{"count":2,"href":"https:\/\/www.welovecycling.com\/sk\/wp-json\/wp\/v2\/posts\/5898\/revisions"}],"predecessor-version":[{"id":6301,"href":"https:\/\/www.welovecycling.com\/sk\/wp-json\/wp\/v2\/posts\/5898\/revisions\/6301"}],"wp:featuredmedia":[{"embeddable":true,"href":"https:\/\/www.welovecycling.com\/sk\/wp-json\/wp\/v2\/media\/5900"}],"wp:attachment":[{"href":"https:\/\/www.welovecycling.com\/sk\/wp-json\/wp\/v2\/media?parent=5898"}],"wp:term":[{"taxonomy":"category","embeddable":true,"href":"https:\/\/www.welovecycling.com\/sk\/wp-json\/wp\/v2\/categories?post=5898"},{"taxonomy":"post_tag","embeddable":true,"href":"https:\/\/www.welovecycling.com\/sk\/wp-json\/wp\/v2\/tags?post=5898"},{"taxonomy":"global-categories","embeddable":true,"href":"https:\/\/www.welovecycling.com\/sk\/wp-json\/wp\/v2\/global-categories?post=5898"}],"curies":[{"name":"wp","href":"https:\/\/api.w.org\/{rel}","templated":true}]}}