{"id":5877,"date":"2019-01-05T10:37:53","date_gmt":"2019-01-05T09:37:53","guid":{"rendered":"https:\/\/www.welovecycling.com\/sk\/?p=5877"},"modified":"2019-01-09T14:39:53","modified_gmt":"2019-01-09T13:39:53","slug":"ake-su-skutocne-vyhody-elektrobicykla","status":"publish","type":"post","link":"https:\/\/www.welovecycling.com\/sk\/2019\/01\/05\/ake-su-skutocne-vyhody-elektrobicykla\/","title":{"rendered":"Ak\u00e9 s\u00fa skuto\u010dn\u00e9 v\u00fdhody elektrobicykla?"},"content":{"rendered":"<p><strong>V mnoh\u00fdch oh\u013eadoch sa zd\u00e1, \u017ee elektrobicykle nere\u0161pektuj\u00fa po\u017eiadavky zdravia a pohybu. Ale predsa to len tak nemus\u00ed by\u0165.<\/strong><!--more--><\/p>\n<h2><strong>Umo\u017e\u0148uj\u00fa s\u00fastavn\u00e9 aer\u00f3bne cvi\u010denie<\/strong><\/h2>\n<p>Nebu\u010fte na seba a\u017e tak pr\u00edsni, najm\u00e4 ak ste na bicykli nov\u00e1\u010dik, alebo h\u013ead\u00e1te svoj \u0161port. Cvi\u010denie a pohybov\u00e1 aktivita m\u00e1 nespo\u010detn\u00e9 mno\u017estvo v\u00fdhod a za t\u00fdmto \u00fa\u010delom aj vl\u00e1da USA odpor\u00fa\u010da, aby <strong>sa \u013eu\u010fom dostalo aspo\u0148 2,5 hod\u00edn aer\u00f3bneho cvi\u010denia t\u00fd\u017edenne<\/strong> v miernej intenzite.<\/p>\n<p>Vieme v\u0161ak aj to, \u017ee ani R\u00edm nebol postaven\u00fd za jeden de\u0148. Tak\u017ee t\u00ed z n\u00e1s, ktor\u00ed potrebuj\u00fa trochu pom\u00f4c\u0165, aby ich ciele ostali re\u00e1lne a udr\u017eate\u013en\u00e9, m\u00f4\u017eu vyu\u017ei\u0165 pomoc elektrobicyklov. Tie pokryj\u00fa \u0161irok\u00fa \u0161k\u00e1lu potrieb \u013eud\u00ed t\u00fdm, \u017ee poskytuj\u00fa pomoc v kopcoch, pri v\u00e4\u010d\u0161\u00edch vzdialenostiach a pri vy\u0161\u0161ej hmotnosti.<\/p>\n<lite-youtube videoid=K-eQ2nzURIQ params=\"enablejsapi=1\" style=\"background-image: url('https:\/\/i.ytimg.com\/vi_webp\/K-eQ2nzURIQ\/maxresdefault.webp');\"><\/lite-youtube>\n<p>Toto plat\u00ed, \u010di sa u\u017e pou\u017e\u00edvaj\u00fa na doch\u00e1dzanie do zamestnania, alebo na samotn\u00e9 cvi\u010denie. Tak \u010di onak, umo\u017enia v\u00e1m \u00eds\u0165 \u010falej a prekona\u0165 v\u00e4\u010d\u0161ie vzdialenosti. V\u00fdsledky ukazuj\u00fa, \u017ee \u013eudia pou\u017e\u00edvaj\u00faci elektrobicykel <strong>cvi\u010dia a h\u00fdbu sa viac<\/strong> aj v\u010faka pomoci zo strany bicykla. N\u00e1sledne <strong>maj\u00fa lep\u0161iu kond\u00edciu a menej telesn\u00e9ho tuku<\/strong>.<\/p>\n<h2><strong>Viac \u013eud\u00ed bicykluje dlh\u0161\u00ed \u010das<\/strong><\/h2>\n<p>Jedna \u0161t\u00fadia v N\u00f3rsku sk\u00famaj\u00faca elektrobicykle uk\u00e1zala, \u017ee <strong>\u013eudia s\u00fa v\u010faka nim na bicykli \u010dastej\u0161ie a dlh\u0161ie<\/strong>. Vymie\u0148aj\u00fa doch\u00e1dzanie autom na kr\u00e1tke vzdialenosti za bicykel a zvy\u0161uje sa pravdepodobnos\u0165, \u017ee vyrazia von na \u010derstv\u00fd vzduch.<\/p>\n<p>V\u00fdsledkom je podpora nielen svojho individu\u00e1lneho zdravia a kond\u00edcie, ale aj <strong>pozit\u00edvny vplyv na \u017eivotn\u00e9 prostredie<\/strong>. Zv\u00e4\u010d\u0161uj\u00faci sa po\u010det cyklistov vo svete sp\u00f4sobuje aj n\u00e1rast a podporu infra\u0161trukt\u00fary pre tento \u0161port. Je to existencia sp\u0155ch v kancel\u00e1rskych budov\u00e1ch, lep\u0161ie cyklistick\u00e9 chodn\u00edky a pod.<\/p>\n<p><a href=\"https:\/\/d2p6e6u75xmxt8.cloudfront.net\/4\/2019\/01\/31313133_1331133113.jpg\"><img loading=\"lazy\" decoding=\"async\" class=\"wp-image-5878 size-full\" src=\"https:\/\/d2p6e6u75xmxt8.cloudfront.net\/4\/2019\/01\/31313133_1331133113.jpg\" alt=\"\" width=\"1375\" height=\"600\" \/><\/a><\/p>\n<p>Skuto\u010dnos\u0165, \u017ee jazda na bicykli m\u00f4\u017ee by\u0165 dlh\u0161ia a aj zvl\u00e1dnute\u013en\u00e1, priniesla v\u00e4\u010d\u0161iu pravdepodobnos\u0165 trvalej zmeny spr\u00e1vania sa \u013eud\u00ed. T\u00ed, ktor\u00ed prejd\u00fa na cyklistiku pomocou elektrobicykla, pravdepodobne bud\u00fa pokra\u010dova\u0165 v tejto zmene a natrvalo prejd\u00fa od ostatn\u00fdch druhov dopravy. Aj tento aspekt bol ve\u013ekou v\u00fdzvou pre kampa\u0148 na zlep\u0161enie \u0161tatist\u00edk v oblasti zdravia.<\/p>\n<h2><strong>Lep\u0161ie du\u0161evn\u00e9 zdravie<\/strong><\/h2>\n<p>Elektrobicykel <strong>zabezpe\u010duje plynul\u00fd prechod od in\u00fdch druhov dopravy<\/strong> a je ide\u00e1lnym n\u00e1strojom najm\u00e4 pre t\u00fdch, ktor\u00ed chc\u00fa zmeni\u0165 svoje n\u00e1vyky a maj\u00fa v pl\u00e1ne sa za\u010da\u0165 viac h\u00fdba\u0165. Ste st\u00e1le na \u010derstvom vzduchu, st\u00e1le tr\u00e9nujete, ale prek\u00e1\u017eky pre vstup do toho \u0161portu s\u00fa ove\u013ea men\u0161ie ako pri klasickom bicykli.<\/p>\n<p>V\u00fdsledkom toho v\u0161etk\u00e9ho je zvy\u0161ovanie d\u00f4very \u013eud\u00ed v cykloturistiku a ako u\u017e bolo povedan\u00e9, je pravdepodobnej\u0161ie, \u017ee bud\u00fa pokra\u010dova\u0165 vo zvy\u0161ovan\u00ed a skvalit\u0148ovan\u00ed svojho pohybu, tr\u00e9ningu, a tak prispievaj\u00fa k svojmu du\u0161evn\u00e9mu zdraviu.<\/p>\n<p><a href=\"https:\/\/d2p6e6u75xmxt8.cloudfront.net\/4\/2019\/01\/profimedia-0347194378-1.jpg\"><img loading=\"lazy\" decoding=\"async\" class=\"wp-image-5879 size-full\" src=\"https:\/\/d2p6e6u75xmxt8.cloudfront.net\/4\/2019\/01\/profimedia-0347194378-1.jpg\" alt=\"\" width=\"1366\" height=\"600\" \/><\/a><\/p>\n<p>Mnoh\u00ed \u013eudia mo\u017eno od detstva nesedeli na bicykli a v\u010faka e-biku nemus\u00ed by\u0165 n\u00e1vrat na dve koles\u00e1 a\u017e tak sk\u013eu\u010duj\u00faci. Elektrobicykel m\u00f4\u017ee <strong>pom\u00f4c\u0165 v\u00e1\u0161mu n\u00e1vratu k cyklistike<\/strong>, ak m\u00e1te za sebou nejak\u00e9 zranenie \u010di zdravotn\u00e9 probl\u00e9my. Touto cestou si m\u00f4\u017eete <strong>pomaly zlep\u0161ova\u0165 svoju kond\u00edciu a ma\u0165 z pohybu op\u00e4\u0165 dobr\u00fd pocit<\/strong>.<\/p>\n<h2><strong>E-bike rob\u00ed cyklistiku pr\u00ed\u0165a\u017elivej\u0161ou<\/strong><\/h2>\n<p>Ka\u017ed\u00fd cyklista vie vychv\u00e1li\u0165 plusy dobr\u00e9ho bicykla, ale \u010do m\u00e1me pre t\u00fdch, ktor\u00ed s\u00fa star\u0161\u00ed alebo maj\u00fa nejak\u00e9 zdravotn\u00e9 probl\u00e9my?<\/p>\n<p>Pre toho, kto sa vr\u00e1til na bicykel po zranen\u00ed alebo nejakom chirurgickom z\u00e1kroku, m\u00f4\u017ee by\u0165 n\u00e1vrat skuto\u010dne fyzicky nam\u00e1hav\u00fd a nedok\u00e1\u017ee alebo \u0165a\u017e\u0161ie h\u013ead\u00e1 straten\u00fa formu. E-biky umo\u017e\u0148uj\u00fa v\u00e4\u010d\u0161iemu po\u010dtu \u013eud\u00ed, aby za\u010dali alebo pokra\u010dovali v bicyklovan\u00ed aj vo vy\u0161\u0161om veku. Aj tento faktor m\u00f4\u017ee <strong>prispie\u0165 k zlep\u0161ovaniu ich zdravotn\u00e9ho stavu<\/strong>. A nielen to. Tento sp\u00f4sob cvi\u010denia m\u00f4\u017ee prispie\u0165 k zotaveniu sa po zdravotn\u00fdch probl\u00e9moch. Elektrobicykle v\u00e1m umo\u017enia jazdi\u0165 a \u010d\u00edm viac \u010dasu str\u00e1vite na bicykli, t\u00fdm viac budete vl\u00e1da\u0165 a va\u0161a kond\u00edcia p\u00f4jde hore.<\/p>\n","protected":false},"excerpt":{"rendered":"<p>V mnoh\u00fdch oh\u013eadoch sa zd\u00e1, \u017ee elektrobicykle nere\u0161pektuj\u00fa po\u017eiadavky zdravia a pohybu. Ale predsa to len tak nemus\u00ed by\u0165.<\/p>\n","protected":false},"author":38,"featured_media":5881,"comment_status":"open","ping_status":"open","sticky":false,"template":"","format":"standard","meta":{"footnotes":""},"categories":[4,774,3],"tags":[619,115,323,261,691,180,532,750,596,55,161,623],"global-categories":[],"class_list":["post-5877","post","type-post","status-publish","format-standard","has-post-thumbnail","hentry","category-cestna-cyklisitika","category-e-bike","category-mtb","tag-bicyklovanie","tag-cestna-cyklistika","tag-cvicenie","tag-ebike","tag-elektrobicykel","tag-horska-cyklistika","tag-jazdenie","tag-kondicia","tag-mestsky-bicykel","tag-trening","tag-zdravie","tag-zdravy-zivotny-styl"],"yoast_head":"<!-- This site is optimized with the Yoast SEO Premium plugin v25.3 (Yoast SEO v25.9) - https:\/\/yoast.com\/wordpress\/plugins\/seo\/ -->\n<title>Ak\u00e9 s\u00fa skuto\u010dn\u00e9 v\u00fdhody elektrobicykla? - \u0160koda We Love Cycling Slovensko<\/title>\n<meta name=\"description\" content=\"In so many ways, an electric bicycle seems counterintuitive to any health requirements but that\u2019s not necessarily the case.\" \/>\n<meta name=\"robots\" content=\"index, follow, max-snippet:-1, max-image-preview:large, max-video-preview:-1\" \/>\n<link rel=\"canonical\" href=\"https:\/\/www.welovecycling.com\/sk\/2019\/01\/05\/ake-su-skutocne-vyhody-elektrobicykla\/\" \/>\n<meta property=\"og:locale\" content=\"sk_SK\" \/>\n<meta property=\"og:type\" content=\"article\" \/>\n<meta property=\"og:title\" content=\"Ak\u00e9 s\u00fa skuto\u010dn\u00e9 v\u00fdhody elektrobicykla?\" \/>\n<meta property=\"og:description\" content=\"In so many ways, an electric bicycle seems counterintuitive to any health requirements but that\u2019s not necessarily the case.\" \/>\n<meta property=\"og:url\" content=\"https:\/\/www.welovecycling.com\/sk\/2019\/01\/05\/ake-su-skutocne-vyhody-elektrobicykla\/\" \/>\n<meta property=\"og:site_name\" content=\"\u0160koda We Love Cycling Slovensko\" \/>\n<meta property=\"article:published_time\" content=\"2019-01-05T09:37:53+00:00\" \/>\n<meta property=\"article:modified_time\" content=\"2019-01-09T13:39:53+00:00\" \/>\n<meta property=\"og:image\" content=\"https:\/\/d2p6e6u75xmxt8.cloudfront.net\/4\/2019\/01\/45487486547_45146848564.webp\" \/>\n\t<meta property=\"og:image:width\" content=\"1366\" \/>\n\t<meta property=\"og:image:height\" content=\"600\" \/>\n\t<meta property=\"og:image:type\" content=\"image\/webp\" \/>\n<meta name=\"author\" content=\"Ondrej Ga\u0161par\" \/>\n<meta name=\"twitter:card\" content=\"summary_large_image\" \/>\n<meta name=\"twitter:label1\" content=\"Written by\" \/>\n\t<meta name=\"twitter:data1\" content=\"Bonnie Friend\" \/>\n\t<meta name=\"twitter:label2\" content=\"Est. reading time\" \/>\n\t<meta name=\"twitter:data2\" content=\"5\" \/>\n<script type=\"application\/ld+json\" class=\"yoast-schema-graph\">{\"@context\":\"https:\/\/schema.org\",\"@graph\":[{\"@type\":\"WebPage\",\"@id\":\"https:\/\/www.welovecycling.com\/sk\/2019\/01\/05\/ake-su-skutocne-vyhody-elektrobicykla\/\",\"url\":\"https:\/\/www.welovecycling.com\/sk\/2019\/01\/05\/ake-su-skutocne-vyhody-elektrobicykla\/\",\"name\":\"Ak\u00e9 s\u00fa skuto\u010dn\u00e9 v\u00fdhody elektrobicykla? - \u0160koda We Love Cycling Slovensko\",\"isPartOf\":{\"@id\":\"https:\/\/www.welovecycling.com\/sk\/#website\"},\"primaryImageOfPage\":{\"@id\":\"https:\/\/www.welovecycling.com\/sk\/2019\/01\/05\/ake-su-skutocne-vyhody-elektrobicykla\/#primaryimage\"},\"image\":{\"@id\":\"https:\/\/www.welovecycling.com\/sk\/2019\/01\/05\/ake-su-skutocne-vyhody-elektrobicykla\/#primaryimage\"},\"thumbnailUrl\":\"https:\/\/d2p6e6u75xmxt8.cloudfront.net\/4\/2019\/01\/45487486547_45146848564.webp\",\"datePublished\":\"2019-01-05T09:37:53+00:00\",\"dateModified\":\"2019-01-09T13:39:53+00:00\",\"author\":{\"@id\":\"https:\/\/www.welovecycling.com\/sk\/#\/schema\/person\/8ee09ba39b7e25b1870160aa5b3a89bc\"},\"description\":\"In so many ways, an electric bicycle seems counterintuitive to any health requirements but that\u2019s not necessarily the case.\",\"breadcrumb\":{\"@id\":\"https:\/\/www.welovecycling.com\/sk\/2019\/01\/05\/ake-su-skutocne-vyhody-elektrobicykla\/#breadcrumb\"},\"inLanguage\":\"sk-SK\",\"potentialAction\":[{\"@type\":\"ReadAction\",\"target\":[\"https:\/\/www.welovecycling.com\/sk\/2019\/01\/05\/ake-su-skutocne-vyhody-elektrobicykla\/\"]}]},{\"@type\":\"ImageObject\",\"inLanguage\":\"sk-SK\",\"@id\":\"https:\/\/www.welovecycling.com\/sk\/2019\/01\/05\/ake-su-skutocne-vyhody-elektrobicykla\/#primaryimage\",\"url\":\"https:\/\/d2p6e6u75xmxt8.cloudfront.net\/4\/2019\/01\/45487486547_45146848564.webp\",\"contentUrl\":\"https:\/\/d2p6e6u75xmxt8.cloudfront.net\/4\/2019\/01\/45487486547_45146848564.webp\",\"width\":1366,\"height\":600},{\"@type\":\"BreadcrumbList\",\"@id\":\"https:\/\/www.welovecycling.com\/sk\/2019\/01\/05\/ake-su-skutocne-vyhody-elektrobicykla\/#breadcrumb\",\"itemListElement\":[{\"@type\":\"ListItem\",\"position\":1,\"name\":\"Home\",\"item\":\"https:\/\/www.welovecycling.com\/sk\/\"},{\"@type\":\"ListItem\",\"position\":2,\"name\":\"Ak\u00e9 s\u00fa skuto\u010dn\u00e9 v\u00fdhody elektrobicykla?\"}]},{\"@type\":\"WebSite\",\"@id\":\"https:\/\/www.welovecycling.com\/sk\/#website\",\"url\":\"https:\/\/www.welovecycling.com\/sk\/\",\"name\":\"\u0160koda We Love Cycling Slovensko\",\"description\":\"\u0160koda We Love Cycling Slovensko je v\u00e1\u0161 ka\u017edodenn\u00fd zdroj noviniek a in\u0161pir\u00e1cie z sveta cyklistiky\",\"potentialAction\":[{\"@type\":\"SearchAction\",\"target\":{\"@type\":\"EntryPoint\",\"urlTemplate\":\"https:\/\/www.welovecycling.com\/sk\/?s={search_term_string}\"},\"query-input\":{\"@type\":\"PropertyValueSpecification\",\"valueRequired\":true,\"valueName\":\"search_term_string\"}}],\"inLanguage\":\"sk-SK\"},{\"@type\":\"Person\",\"@id\":\"https:\/\/www.welovecycling.com\/sk\/#\/schema\/person\/8ee09ba39b7e25b1870160aa5b3a89bc\",\"name\":\"Ondrej Ga\u0161par\",\"image\":{\"@type\":\"ImageObject\",\"inLanguage\":\"sk-SK\",\"@id\":\"https:\/\/www.welovecycling.com\/sk\/#\/schema\/person\/image\/\",\"url\":\"https:\/\/secure.gravatar.com\/avatar\/6126c9afb87b70da5abbb083ddbb21933da15f18f8ca7cb822aba0fb096a48f6?s=96&d=mm&r=g\",\"contentUrl\":\"https:\/\/secure.gravatar.com\/avatar\/6126c9afb87b70da5abbb083ddbb21933da15f18f8ca7cb822aba0fb096a48f6?s=96&d=mm&r=g\",\"caption\":\"Ondrej Ga\u0161par\"},\"url\":\"https:\/\/www.welovecycling.com\/sk\/author\/ondrejgaspar\/\"}]}<\/script>\n<!-- \/ Yoast SEO Premium plugin. -->","yoast_head_json":{"title":"Ak\u00e9 s\u00fa skuto\u010dn\u00e9 v\u00fdhody elektrobicykla? - \u0160koda We Love Cycling Slovensko","description":"In so many ways, an electric bicycle seems counterintuitive to any health requirements but that\u2019s not necessarily the case.","robots":{"index":"index","follow":"follow","max-snippet":"max-snippet:-1","max-image-preview":"max-image-preview:large","max-video-preview":"max-video-preview:-1"},"canonical":"https:\/\/www.welovecycling.com\/sk\/2019\/01\/05\/ake-su-skutocne-vyhody-elektrobicykla\/","og_locale":"sk_SK","og_type":"article","og_title":"Ak\u00e9 s\u00fa skuto\u010dn\u00e9 v\u00fdhody elektrobicykla?","og_description":"In so many ways, an electric bicycle seems counterintuitive to any health requirements but that\u2019s not necessarily the case.","og_url":"https:\/\/www.welovecycling.com\/sk\/2019\/01\/05\/ake-su-skutocne-vyhody-elektrobicykla\/","og_site_name":"\u0160koda We Love Cycling Slovensko","article_published_time":"2019-01-05T09:37:53+00:00","article_modified_time":"2019-01-09T13:39:53+00:00","og_image":[{"width":1366,"height":600,"url":"https:\/\/d2p6e6u75xmxt8.cloudfront.net\/4\/2019\/01\/45487486547_45146848564.webp","type":"image\/webp"}],"author":"Ondrej Ga\u0161par","twitter_card":"summary_large_image","twitter_misc":{"Written by":"Bonnie Friend","Est. reading time":"5"},"schema":{"@context":"https:\/\/schema.org","@graph":[{"@type":"WebPage","@id":"https:\/\/www.welovecycling.com\/sk\/2019\/01\/05\/ake-su-skutocne-vyhody-elektrobicykla\/","url":"https:\/\/www.welovecycling.com\/sk\/2019\/01\/05\/ake-su-skutocne-vyhody-elektrobicykla\/","name":"Ak\u00e9 s\u00fa skuto\u010dn\u00e9 v\u00fdhody elektrobicykla? - \u0160koda We Love Cycling Slovensko","isPartOf":{"@id":"https:\/\/www.welovecycling.com\/sk\/#website"},"primaryImageOfPage":{"@id":"https:\/\/www.welovecycling.com\/sk\/2019\/01\/05\/ake-su-skutocne-vyhody-elektrobicykla\/#primaryimage"},"image":{"@id":"https:\/\/www.welovecycling.com\/sk\/2019\/01\/05\/ake-su-skutocne-vyhody-elektrobicykla\/#primaryimage"},"thumbnailUrl":"https:\/\/d2p6e6u75xmxt8.cloudfront.net\/4\/2019\/01\/45487486547_45146848564.webp","datePublished":"2019-01-05T09:37:53+00:00","dateModified":"2019-01-09T13:39:53+00:00","author":{"@id":"https:\/\/www.welovecycling.com\/sk\/#\/schema\/person\/8ee09ba39b7e25b1870160aa5b3a89bc"},"description":"In so many ways, an electric bicycle seems counterintuitive to any health requirements but that\u2019s not necessarily the case.","breadcrumb":{"@id":"https:\/\/www.welovecycling.com\/sk\/2019\/01\/05\/ake-su-skutocne-vyhody-elektrobicykla\/#breadcrumb"},"inLanguage":"sk-SK","potentialAction":[{"@type":"ReadAction","target":["https:\/\/www.welovecycling.com\/sk\/2019\/01\/05\/ake-su-skutocne-vyhody-elektrobicykla\/"]}]},{"@type":"ImageObject","inLanguage":"sk-SK","@id":"https:\/\/www.welovecycling.com\/sk\/2019\/01\/05\/ake-su-skutocne-vyhody-elektrobicykla\/#primaryimage","url":"https:\/\/d2p6e6u75xmxt8.cloudfront.net\/4\/2019\/01\/45487486547_45146848564.webp","contentUrl":"https:\/\/d2p6e6u75xmxt8.cloudfront.net\/4\/2019\/01\/45487486547_45146848564.webp","width":1366,"height":600},{"@type":"BreadcrumbList","@id":"https:\/\/www.welovecycling.com\/sk\/2019\/01\/05\/ake-su-skutocne-vyhody-elektrobicykla\/#breadcrumb","itemListElement":[{"@type":"ListItem","position":1,"name":"Home","item":"https:\/\/www.welovecycling.com\/sk\/"},{"@type":"ListItem","position":2,"name":"Ak\u00e9 s\u00fa skuto\u010dn\u00e9 v\u00fdhody elektrobicykla?"}]},{"@type":"WebSite","@id":"https:\/\/www.welovecycling.com\/sk\/#website","url":"https:\/\/www.welovecycling.com\/sk\/","name":"\u0160koda We Love Cycling Slovensko","description":"\u0160koda We Love Cycling Slovensko je v\u00e1\u0161 ka\u017edodenn\u00fd zdroj noviniek a in\u0161pir\u00e1cie z sveta cyklistiky","potentialAction":[{"@type":"SearchAction","target":{"@type":"EntryPoint","urlTemplate":"https:\/\/www.welovecycling.com\/sk\/?s={search_term_string}"},"query-input":{"@type":"PropertyValueSpecification","valueRequired":true,"valueName":"search_term_string"}}],"inLanguage":"sk-SK"},{"@type":"Person","@id":"https:\/\/www.welovecycling.com\/sk\/#\/schema\/person\/8ee09ba39b7e25b1870160aa5b3a89bc","name":"Ondrej Ga\u0161par","image":{"@type":"ImageObject","inLanguage":"sk-SK","@id":"https:\/\/www.welovecycling.com\/sk\/#\/schema\/person\/image\/","url":"https:\/\/secure.gravatar.com\/avatar\/6126c9afb87b70da5abbb083ddbb21933da15f18f8ca7cb822aba0fb096a48f6?s=96&d=mm&r=g","contentUrl":"https:\/\/secure.gravatar.com\/avatar\/6126c9afb87b70da5abbb083ddbb21933da15f18f8ca7cb822aba0fb096a48f6?s=96&d=mm&r=g","caption":"Ondrej Ga\u0161par"},"url":"https:\/\/www.welovecycling.com\/sk\/author\/ondrejgaspar\/"}]}},"_links":{"self":[{"href":"https:\/\/www.welovecycling.com\/sk\/wp-json\/wp\/v2\/posts\/5877","targetHints":{"allow":["GET"]}}],"collection":[{"href":"https:\/\/www.welovecycling.com\/sk\/wp-json\/wp\/v2\/posts"}],"about":[{"href":"https:\/\/www.welovecycling.com\/sk\/wp-json\/wp\/v2\/types\/post"}],"author":[{"embeddable":true,"href":"https:\/\/www.welovecycling.com\/sk\/wp-json\/wp\/v2\/users\/38"}],"replies":[{"embeddable":true,"href":"https:\/\/www.welovecycling.com\/sk\/wp-json\/wp\/v2\/comments?post=5877"}],"version-history":[{"count":2,"href":"https:\/\/www.welovecycling.com\/sk\/wp-json\/wp\/v2\/posts\/5877\/revisions"}],"predecessor-version":[{"id":5884,"href":"https:\/\/www.welovecycling.com\/sk\/wp-json\/wp\/v2\/posts\/5877\/revisions\/5884"}],"wp:featuredmedia":[{"embeddable":true,"href":"https:\/\/www.welovecycling.com\/sk\/wp-json\/wp\/v2\/media\/5881"}],"wp:attachment":[{"href":"https:\/\/www.welovecycling.com\/sk\/wp-json\/wp\/v2\/media?parent=5877"}],"wp:term":[{"taxonomy":"category","embeddable":true,"href":"https:\/\/www.welovecycling.com\/sk\/wp-json\/wp\/v2\/categories?post=5877"},{"taxonomy":"post_tag","embeddable":true,"href":"https:\/\/www.welovecycling.com\/sk\/wp-json\/wp\/v2\/tags?post=5877"},{"taxonomy":"global-categories","embeddable":true,"href":"https:\/\/www.welovecycling.com\/sk\/wp-json\/wp\/v2\/global-categories?post=5877"}],"curies":[{"name":"wp","href":"https:\/\/api.w.org\/{rel}","templated":true}]}}