{"id":5854,"date":"2019-02-03T10:30:40","date_gmt":"2019-02-03T09:30:40","guid":{"rendered":"https:\/\/www.welovecycling.com\/sk\/?p=5854"},"modified":"2019-01-29T11:32:07","modified_gmt":"2019-01-29T10:32:07","slug":"zeny-ktore-si-zasluzia-nasu-pozornost","status":"publish","type":"post","link":"https:\/\/www.welovecycling.com\/sk\/2019\/02\/03\/zeny-ktore-si-zasluzia-nasu-pozornost\/","title":{"rendered":"\u017deny, ktor\u00e9 si zasl\u00fa\u017eia na\u0161u pozornos\u0165"},"content":{"rendered":"<p><strong>\u017densk\u00e1 cyklistika je trochu na okraji z\u00e1ujmu \u0161irokej verejnosti, preto ju chceme podpori\u0165 a upozorni\u0165, \u017ee aj \u017eeny s\u00fa naozaj \u00faspe\u0161n\u00e9 v tejto oblasti. Pozreli sme sa na instagramov\u00e9 \u00fa\u010dty nieko\u013ek\u00fdch z nich a tie desiatky tis\u00edc sledovate\u013eov hovoria za v\u0161etko. Nahliadnite s nami mimo v\u0161eobecn\u00e9 n\u00e1zory, ktor\u00e9 s\u00fa reprezentovan\u00e9 v ofici\u00e1lnych m\u00e9di\u00e1ch a dozviete sa, ak\u00e9 s\u00fa ich my\u0161lienky a postoje na cyklistiku a \u017eivot v\u0161eobecne.<\/strong><\/p>\n<div class=\"shortcode-ys-post-pinup\"><article class=\"loop-simple post-5559 post type-post status-publish format-standard has-post-thumbnail hentry category-cestna-cyklisitika category-legendy category-mtb tag-cesta tag-cestna-cyklistika tag-chris-froome tag-danny-macaskill tag-horska-cyklistika tag-jaroslav-kulhavy tag-majster-sveta tag-mtb tag-nino-schurter tag-peter-sagan tag-vincenzo-nibali tag-vitaz tag-xc\" data-postid=\"5559\" role=\"article\" data-post-id=\"5559\" data-word-count=\"511\" data-headline-length=\"67\" data-category=\"Cestn\u00e1 cyklistika\" data-author=\"We Love Cycling\" data-published=\"2018-12-05T10:30:21+01:00\" data-published-day=\"Wednesday\">\n    <div class=\"entry-thumbnail article-thumbnail\" content=\"https:\/\/d2p6e6u75xmxt8.cloudfront.net\/4\/2018\/11\/00-2-150x150.webp\"><a href=\"https:\/\/www.welovecycling.com\/sk\/2018\/12\/05\/10-instagramovych-uctov-profi-cyklistov-okno-do-ich-zivota\/\" class=\"image-holder\" target=\"_self\"><img decoding=\"async\" loading=\"lazy\" class=\"\" src=\"https:\/\/d2p6e6u75xmxt8.cloudfront.net\/4\/2018\/11\/00-2-1024x445.webp\" srcset=\"https:\/\/d2p6e6u75xmxt8.cloudfront.net\/4\/2018\/11\/00-2.webp 1380w, https:\/\/d2p6e6u75xmxt8.cloudfront.net\/4\/2018\/11\/00-2-300x130.webp 300w, https:\/\/d2p6e6u75xmxt8.cloudfront.net\/4\/2018\/11\/00-2-1024x445.webp 1024w, https:\/\/d2p6e6u75xmxt8.cloudfront.net\/4\/2018\/11\/00-2-768x334.webp 768w\" width=\"1024\" height=\"445\" sizes=\"auto, (min-width: 1200px) 460px, (min-width: 768px) 38vw, 100vw\" alt=\"10-instagramovych-uctov-profi-cyklistov-okno-do-ich-zivota\"\/><\/a><\/div>    <div class=\"entry-meta\">\n        <a class=\"label label-secondary post-category\" href=\"https:\/\/www.welovecycling.com\/sk\/category\/cestna-cyklisitika\/\" title=\"Cestn\u00e1 cyklistika\">Cestn\u00e1 cyklistika<\/a>\n    <\/div>\n    <div class=\"entry-details\">\n        <a href=\"https:\/\/www.welovecycling.com\/sk\/2018\/12\/05\/10-instagramovych-uctov-profi-cyklistov-okno-do-ich-zivota\/\" class='entry-title-wrapper'>\n            <h3 class=\"entry-title\"><span>10 Instagramov\u00fdch \u00fa\u010dtov profi cyklistov \u2013 okno do ich \u017eivota?<\/span><\/h3>\n        <\/a>\n    <\/div>\n    <\/article>\n<\/div>\n<h2><strong>1. Anna van der Breggen<\/strong><\/h2>\n<p>https:\/\/www.instagram.com\/p\/BouDdHGi7eM\/<\/p>\n<p>Za\u010dneme s\u00fa\u010dasnou <strong>svetovou jednotkou v cestnej cyklistike<\/strong>, ktorou je holandsk\u00e1 profesion\u00e1lna cyklistka, v s\u00fa\u010dasnosti jazdiaca za t\u00edm Boels-Dolmans. V roku 2018 vyhrala tosk\u00e1nske preteky Strade Bianche Donne, belgick\u00e9 Tour of Flanders a na svojom konte m\u00e1 zlat\u00fa medailu z Rio de Janeiro a samozrejme v\u00ed\u0165azstvo na majstrovstv\u00e1ch sveta v rak\u00faskom Innsbrucku. Na svojom profile zdie\u013ea fotky z tr\u00e9ningov, pretekov, ale napr\u00edklad aj zo safari dovolenky v Ugande.<\/p>\n<h2><strong>2. Jenny Rissveds<\/strong><\/h2>\n<p>https:\/\/www.instagram.com\/p\/BqAb9-6gpHx\/<\/p>\n<p>\u0160v\u00e9dska horsk\u00e1 cyklistka, ktor\u00e1 takisto <strong>za\u017eiarila na olympi\u00e1de v Rio de Janiero<\/strong>. Ale mo\u017eno pr\u00e1ve zlat\u00e1 medaila zmenila jej \u017eivot, preto\u017ee po nezhod\u00e1ch so \u0161v\u00e9dskym cyklistick\u00fdm zv\u00e4zom a rodinnej trag\u00e9dii, sa rozhodla pre zmeny nielen vo svojom \u017eivote, ale aj v kari\u00e9re. Za\u010diatkom roku 2018 ukon\u010dila spolupr\u00e1cu s t\u00edmom Scott, napriek tomu, \u017ee bola tejto zna\u010dke vern\u00e1 od svojich za\u010diatkov. Popri \u0161tylizovan\u00fdch fotk\u00e1ch nev\u00e1ha zverejni\u0165 aj fotky, na ktor\u00fdch je cel\u00e1 od blata, \u010di s tv\u00e1rou od krvi s vtipn\u00fdm popisom &#8211; <em>\u201eKe\u010f na tr\u00e9ningu z\u00e1jdete pr\u00edli\u0161 \u010faleko\u201c<\/em>.<\/p>\n<h2><strong>3. Maja Wloszczowska<\/strong><\/h2>\n<p>https:\/\/www.instagram.com\/p\/BrumEm2nvWW\/<\/p>\n<p>Po\u013esko m\u00e1 svoju pretek\u00e1rku v horskej cyklistike, ktor\u00e1 sa v roku 2010 stala <strong>majsterkou sveta v cross-country<\/strong> a roku 2011 takmer obh\u00e1jila svoju poz\u00edciu, no defekt ju posunul na druh\u00e9 miesto. Aktu\u00e1lne n\u00e1jdete na jej \u00fa\u010dte napr\u00edklad aj fotografie z popul\u00e1rnej talkshow, ktor\u00e1 sa odohr\u00e1va na palube akrobatick\u00e9ho lietadla pri r\u00fdchlosti 400 km\/h. Sk\u00faste pri tejto r\u00fdchlosti odpoveda\u0165 na ot\u00e1zky \u0141ukasza Czepiela, jazdiaceho Red Bull Air Race.<\/p>\n<h2><strong>4. Catharine Pendrel<\/strong><\/h2>\n<p>https:\/\/www.instagram.com\/p\/BsGcPfClZ26\/<\/p>\n<p>V kanadsk\u00fdch lesoch ur\u010dite nie je nedostatok mo\u017enost\u00ed pre horsk\u00fa cyklistiku a tu niekde vyrastala aj Catharine Pendrel a preto niet divu, \u017ee sa v rokoch 2011 a 2014 stala <strong>majsterkou sveta v cross-country<\/strong>. Od roku 2008 sa pok\u00fa\u0161ala z\u00edska\u0165 medailu na olympi\u00e1de, ale podarilo sa jej to a\u017e v roku 2016, kde z\u00edskala bronz. Na svojom profile ve\u013ea zo s\u00fakromn\u00e9ho \u017eivota neukazuje, za to tie fotky z tr\u00e9ningov v kanadsk\u00fdch lesoch stoja za pozretie.<\/p>\n<h2><strong>5. Elisa Longo Borghini<\/strong><\/h2>\n<p>https:\/\/www.instagram.com\/p\/BqwnlXOFnw7\/<\/p>\n<p>Ke\u010f sa niekto narod\u00ed do \u0161portovej rodiny, m\u00e1 to vo svojej kari\u00e9re o nie\u010do \u013eah\u0161ie. Podobn\u00e9 to bolo asi aj v tomto pr\u00edpade, preto\u017ee mama sa venovala be\u017eeck\u00e9mu ly\u017eovaniu a brat cyklistike. V jej \u201cpalmares\u201d n\u00e1jdeme <strong>ve\u013ek\u00e9 mno\u017estvo v\u00ed\u0165azstiev<\/strong> a na instagramovom \u00fa\u010dte pekn\u00e9 fotografie okolia, kde tr\u00e9nuje, fotky z narodeninovej oslavy, ale napr\u00edklad aj z dovolenky v New Yorku.<\/p>\n<h2><strong>6. Katarzyna Kasia Niewiadoma<\/strong><\/h2>\n<p>https:\/\/www.instagram.com\/p\/Bn4bZ-YnFMc\/<\/p>\n<p>Mlad\u00e1 po\u013esk\u00e1 <strong>n\u00e1dej cestnej cyklistiky<\/strong> prekvapuje svojimi v\u00fdsledkami na tak\u00fdch pretekoch, ako s\u00fa Strade Bianche Donne, \u010di Giro Rossa. \u00daspe\u0161ne prepisuje po\u013esk\u00fa \u0161portov\u00fa hist\u00f3riu a moment\u00e1lne jazd\u00ed za t\u00edm Canyon-SRAM. Na jej profile n\u00e1jdete fotky form\u00e1lne aj neform\u00e1lne, napr\u00edklad ako nakupuje orie\u0161kov\u00e9 maslo, \u010di ra\u0148ajkuje so svojim priate\u013eom.<\/p>\n<h2><strong>7. Jolanda Neff<\/strong><\/h2>\n<p>https:\/\/www.instagram.com\/p\/BrnxR9QH9cW\/<\/p>\n<p><strong>Majsterka sveta v cross-country<\/strong> v austr\u00e1lskom Cairns z roku 2017 m\u00e1 jednozna\u010dne nasledovanej\u0161\u00ed instagramov\u00fd \u00fa\u010det. Svoje v tom mo\u017eno zohr\u00e1va aj fakt, \u017ee je ku\u010derav\u00e1 blond\u00ednka a toto pritiahne ve\u013ea fan\u00fa\u0161ikov z cel\u00e9ho sveta. Ale nechceme t\u00fdm zmen\u0161ova\u0165 jej \u0161portov\u00e9 \u00faspechy, ve\u010f si sta\u010d\u00ed pozrie\u0165 fotky, kde vidie\u0165, \u017ee jej nevad\u00ed sa poriadne zablati\u0165, ke\u010f ide o v\u00ed\u0165azstvo.<\/p>\n<h2><strong>8. Marianne Vos<\/strong><\/h2>\n<p>https:\/\/www.instagram.com\/p\/BsGhSbaFDXr\/<\/p>\n<p>Marianne nem\u00e1 probl\u00e9m preteka\u0165 a vyhr\u00e1va\u0165 rovnako v cestnej cyklistike, ako aj na dr\u00e1he \u010di v ter\u00e9ne. <strong>Nieko\u013ekon\u00e1sobn\u00e1 majsterka sveta aj Eur\u00f3py<\/strong> m\u00e1 na konte medaily aj z olympi\u00e1dy. Rovnako ako v jej kari\u00e9re, aj na instagrame n\u00e1jdete fotky zo v\u0161etk\u00fdch \u0161portov\u00fdch oblast\u00ed, ktor\u00fdm sa venuje. Vzh\u013eadom na jej \u00faspechy, vtipne znie popis \u00fa\u010dtu, kde n\u00e1jdete ozna\u010denie \u2013 <strong>fulltime-hobby-cyclist<\/strong>.<\/p>\n<h2><strong>9. Ashleigh Moolman Pasio<\/strong><\/h2>\n<p>https:\/\/www.instagram.com\/p\/BqiI5JJlR0O\/<\/p>\n<p><strong>Kari\u00e9ru za\u010dala ako triatlonistka<\/strong>, ale po s\u00e9rii zranen\u00ed sa zamerala na cyklistiku, kde objavila svoj talent. Dva roky jazdila za t\u00edm Cerv\u00e9lo Bigla Pro Cycling, ale v tomto roku podp\u00edsala zmluvu s t\u00edmom CCC-Liv. Na jej \u00fa\u010dte n\u00e1jdete okrem in\u00e9ho fotky s man\u017eelom Carlom Pasiom, ktor\u00fd sa takisto venuje triatlonu.<\/p>\n<h2><strong>10. Amanda Spratt<\/strong><\/h2>\n<p>https:\/\/www.instagram.com\/p\/BrhLlaGlvLn\/<\/p>\n<p>Priatelia ju u\u017e od \u0161kolsk\u00fdch \u010dias prez\u00fdvaj\u00fa <strong>Spratty a venuje sa cestnej cyklistike<\/strong>. Svoje rodisko, Austr\u00e1liu, reprezentovala na olympijsk\u00fdch hr\u00e1ch v Lond\u00fdne aj v Riu a na majstrovstv\u00e1ch sveta v rak\u00faskom Innsbrucku z\u00edskala strieborn\u00fa medailu. Na Instagrame m\u00f4\u017eete sledova\u0165 jej \u00faspechy nielen v \u0161porte, ale aj v \u0161t\u00fadiu na \u0161kole, kde minul\u00fd rok z\u00edskala titul bakal\u00e1r.<\/p>\n","protected":false},"excerpt":{"rendered":"<p>\u017densk\u00e1 cyklistika je trochu na okraji z\u00e1ujmu \u0161irokej verejnosti, preto ju chceme podpori\u0165 a upozorni\u0165, \u017ee aj \u017eeny s\u00fa naozaj [&hellip;]<\/p>\n","protected":false},"author":38,"featured_media":5865,"comment_status":"open","ping_status":"open","sticky":false,"template":"","format":"standard","meta":{"footnotes":""},"categories":[4,127,3],"tags":[115,745,180,580,749,412,269,641,659,475],"global-categories":[],"class_list":["post-5854","post","type-post","status-publish","format-standard","has-post-thumbnail","hentry","category-cestna-cyklisitika","category-legendy","category-mtb","tag-cestna-cyklistika","tag-drahova-cyklistika","tag-horska-cyklistika","tag-instagram","tag-jolanda-neff","tag-mtb","tag-vitaz","tag-xc","tag-zenska-cyklistika","tag-zeny"],"yoast_head":"<!-- This site is optimized with the Yoast SEO Premium plugin v25.3 (Yoast SEO v25.9) - https:\/\/yoast.com\/wordpress\/plugins\/seo\/ -->\n<title>\u017deny, ktor\u00e9 si zasl\u00fa\u017eia na\u0161u pozornos\u0165 - \u0160koda We Love Cycling Slovensko<\/title>\n<meta name=\"robots\" content=\"index, follow, max-snippet:-1, max-image-preview:large, max-video-preview:-1\" \/>\n<link rel=\"canonical\" href=\"https:\/\/www.welovecycling.com\/sk\/2019\/02\/03\/zeny-ktore-si-zasluzia-nasu-pozornost\/\" \/>\n<meta property=\"og:locale\" content=\"sk_SK\" \/>\n<meta property=\"og:type\" content=\"article\" \/>\n<meta property=\"og:title\" content=\"\u017deny, ktor\u00e9 si zasl\u00fa\u017eia na\u0161u pozornos\u0165\" \/>\n<meta property=\"og:description\" content=\"\u017densk\u00e1 cyklistika je trochu na okraji z\u00e1ujmu \u0161irokej verejnosti, preto ju chceme podpori\u0165 a upozorni\u0165, \u017ee aj \u017eeny s\u00fa naozaj [&hellip;]\" \/>\n<meta property=\"og:url\" content=\"https:\/\/www.welovecycling.com\/sk\/2019\/02\/03\/zeny-ktore-si-zasluzia-nasu-pozornost\/\" \/>\n<meta property=\"og:site_name\" content=\"\u0160koda We Love Cycling Slovensko\" \/>\n<meta property=\"article:published_time\" content=\"2019-02-03T09:30:40+00:00\" \/>\n<meta property=\"og:image\" content=\"https:\/\/d2p6e6u75xmxt8.cloudfront.net\/4\/2019\/01\/titulka.webp\" \/>\n\t<meta property=\"og:image:width\" content=\"1380\" \/>\n\t<meta property=\"og:image:height\" content=\"600\" \/>\n\t<meta property=\"og:image:type\" content=\"image\/webp\" \/>\n<meta name=\"author\" content=\"Ondrej Ga\u0161par\" \/>\n<meta name=\"twitter:card\" content=\"summary_large_image\" \/>\n<meta name=\"twitter:label1\" content=\"Written by\" \/>\n\t<meta name=\"twitter:data1\" content=\"We Love Cycling\" \/>\n\t<meta name=\"twitter:label2\" content=\"Est. reading time\" \/>\n\t<meta name=\"twitter:data2\" content=\"5\" \/>\n<script type=\"application\/ld+json\" class=\"yoast-schema-graph\">{\"@context\":\"https:\/\/schema.org\",\"@graph\":[{\"@type\":\"WebPage\",\"@id\":\"https:\/\/www.welovecycling.com\/sk\/2019\/02\/03\/zeny-ktore-si-zasluzia-nasu-pozornost\/\",\"url\":\"https:\/\/www.welovecycling.com\/sk\/2019\/02\/03\/zeny-ktore-si-zasluzia-nasu-pozornost\/\",\"name\":\"\u017deny, ktor\u00e9 si zasl\u00fa\u017eia na\u0161u pozornos\u0165 - \u0160koda We Love Cycling Slovensko\",\"isPartOf\":{\"@id\":\"https:\/\/www.welovecycling.com\/sk\/#website\"},\"primaryImageOfPage\":{\"@id\":\"https:\/\/www.welovecycling.com\/sk\/2019\/02\/03\/zeny-ktore-si-zasluzia-nasu-pozornost\/#primaryimage\"},\"image\":{\"@id\":\"https:\/\/www.welovecycling.com\/sk\/2019\/02\/03\/zeny-ktore-si-zasluzia-nasu-pozornost\/#primaryimage\"},\"thumbnailUrl\":\"https:\/\/d2p6e6u75xmxt8.cloudfront.net\/4\/2019\/01\/titulka.webp\",\"datePublished\":\"2019-02-03T09:30:40+00:00\",\"author\":{\"@id\":\"https:\/\/www.welovecycling.com\/sk\/#\/schema\/person\/8ee09ba39b7e25b1870160aa5b3a89bc\"},\"breadcrumb\":{\"@id\":\"https:\/\/www.welovecycling.com\/sk\/2019\/02\/03\/zeny-ktore-si-zasluzia-nasu-pozornost\/#breadcrumb\"},\"inLanguage\":\"sk-SK\",\"potentialAction\":[{\"@type\":\"ReadAction\",\"target\":[\"https:\/\/www.welovecycling.com\/sk\/2019\/02\/03\/zeny-ktore-si-zasluzia-nasu-pozornost\/\"]}]},{\"@type\":\"ImageObject\",\"inLanguage\":\"sk-SK\",\"@id\":\"https:\/\/www.welovecycling.com\/sk\/2019\/02\/03\/zeny-ktore-si-zasluzia-nasu-pozornost\/#primaryimage\",\"url\":\"https:\/\/d2p6e6u75xmxt8.cloudfront.net\/4\/2019\/01\/titulka.webp\",\"contentUrl\":\"https:\/\/d2p6e6u75xmxt8.cloudfront.net\/4\/2019\/01\/titulka.webp\",\"width\":1380,\"height\":600},{\"@type\":\"BreadcrumbList\",\"@id\":\"https:\/\/www.welovecycling.com\/sk\/2019\/02\/03\/zeny-ktore-si-zasluzia-nasu-pozornost\/#breadcrumb\",\"itemListElement\":[{\"@type\":\"ListItem\",\"position\":1,\"name\":\"Home\",\"item\":\"https:\/\/www.welovecycling.com\/sk\/\"},{\"@type\":\"ListItem\",\"position\":2,\"name\":\"\u017deny, ktor\u00e9 si zasl\u00fa\u017eia na\u0161u pozornos\u0165\"}]},{\"@type\":\"WebSite\",\"@id\":\"https:\/\/www.welovecycling.com\/sk\/#website\",\"url\":\"https:\/\/www.welovecycling.com\/sk\/\",\"name\":\"\u0160koda We Love Cycling Slovensko\",\"description\":\"\u0160koda We Love Cycling Slovensko je v\u00e1\u0161 ka\u017edodenn\u00fd zdroj noviniek a in\u0161pir\u00e1cie z sveta cyklistiky\",\"potentialAction\":[{\"@type\":\"SearchAction\",\"target\":{\"@type\":\"EntryPoint\",\"urlTemplate\":\"https:\/\/www.welovecycling.com\/sk\/?s={search_term_string}\"},\"query-input\":{\"@type\":\"PropertyValueSpecification\",\"valueRequired\":true,\"valueName\":\"search_term_string\"}}],\"inLanguage\":\"sk-SK\"},{\"@type\":\"Person\",\"@id\":\"https:\/\/www.welovecycling.com\/sk\/#\/schema\/person\/8ee09ba39b7e25b1870160aa5b3a89bc\",\"name\":\"Ondrej Ga\u0161par\",\"image\":{\"@type\":\"ImageObject\",\"inLanguage\":\"sk-SK\",\"@id\":\"https:\/\/www.welovecycling.com\/sk\/#\/schema\/person\/image\/\",\"url\":\"https:\/\/secure.gravatar.com\/avatar\/6126c9afb87b70da5abbb083ddbb21933da15f18f8ca7cb822aba0fb096a48f6?s=96&d=mm&r=g\",\"contentUrl\":\"https:\/\/secure.gravatar.com\/avatar\/6126c9afb87b70da5abbb083ddbb21933da15f18f8ca7cb822aba0fb096a48f6?s=96&d=mm&r=g\",\"caption\":\"Ondrej Ga\u0161par\"},\"url\":\"https:\/\/www.welovecycling.com\/sk\/author\/ondrejgaspar\/\"}]}<\/script>\n<!-- \/ Yoast SEO Premium plugin. -->","yoast_head_json":{"title":"\u017deny, ktor\u00e9 si zasl\u00fa\u017eia na\u0161u pozornos\u0165 - \u0160koda We Love Cycling Slovensko","robots":{"index":"index","follow":"follow","max-snippet":"max-snippet:-1","max-image-preview":"max-image-preview:large","max-video-preview":"max-video-preview:-1"},"canonical":"https:\/\/www.welovecycling.com\/sk\/2019\/02\/03\/zeny-ktore-si-zasluzia-nasu-pozornost\/","og_locale":"sk_SK","og_type":"article","og_title":"\u017deny, ktor\u00e9 si zasl\u00fa\u017eia na\u0161u pozornos\u0165","og_description":"\u017densk\u00e1 cyklistika je trochu na okraji z\u00e1ujmu \u0161irokej verejnosti, preto ju chceme podpori\u0165 a upozorni\u0165, \u017ee aj \u017eeny s\u00fa naozaj [&hellip;]","og_url":"https:\/\/www.welovecycling.com\/sk\/2019\/02\/03\/zeny-ktore-si-zasluzia-nasu-pozornost\/","og_site_name":"\u0160koda We Love Cycling Slovensko","article_published_time":"2019-02-03T09:30:40+00:00","og_image":[{"width":1380,"height":600,"url":"https:\/\/d2p6e6u75xmxt8.cloudfront.net\/4\/2019\/01\/titulka.webp","type":"image\/webp"}],"author":"Ondrej Ga\u0161par","twitter_card":"summary_large_image","twitter_misc":{"Written by":"We Love Cycling","Est. reading time":"5"},"schema":{"@context":"https:\/\/schema.org","@graph":[{"@type":"WebPage","@id":"https:\/\/www.welovecycling.com\/sk\/2019\/02\/03\/zeny-ktore-si-zasluzia-nasu-pozornost\/","url":"https:\/\/www.welovecycling.com\/sk\/2019\/02\/03\/zeny-ktore-si-zasluzia-nasu-pozornost\/","name":"\u017deny, ktor\u00e9 si zasl\u00fa\u017eia na\u0161u pozornos\u0165 - \u0160koda We Love Cycling Slovensko","isPartOf":{"@id":"https:\/\/www.welovecycling.com\/sk\/#website"},"primaryImageOfPage":{"@id":"https:\/\/www.welovecycling.com\/sk\/2019\/02\/03\/zeny-ktore-si-zasluzia-nasu-pozornost\/#primaryimage"},"image":{"@id":"https:\/\/www.welovecycling.com\/sk\/2019\/02\/03\/zeny-ktore-si-zasluzia-nasu-pozornost\/#primaryimage"},"thumbnailUrl":"https:\/\/d2p6e6u75xmxt8.cloudfront.net\/4\/2019\/01\/titulka.webp","datePublished":"2019-02-03T09:30:40+00:00","author":{"@id":"https:\/\/www.welovecycling.com\/sk\/#\/schema\/person\/8ee09ba39b7e25b1870160aa5b3a89bc"},"breadcrumb":{"@id":"https:\/\/www.welovecycling.com\/sk\/2019\/02\/03\/zeny-ktore-si-zasluzia-nasu-pozornost\/#breadcrumb"},"inLanguage":"sk-SK","potentialAction":[{"@type":"ReadAction","target":["https:\/\/www.welovecycling.com\/sk\/2019\/02\/03\/zeny-ktore-si-zasluzia-nasu-pozornost\/"]}]},{"@type":"ImageObject","inLanguage":"sk-SK","@id":"https:\/\/www.welovecycling.com\/sk\/2019\/02\/03\/zeny-ktore-si-zasluzia-nasu-pozornost\/#primaryimage","url":"https:\/\/d2p6e6u75xmxt8.cloudfront.net\/4\/2019\/01\/titulka.webp","contentUrl":"https:\/\/d2p6e6u75xmxt8.cloudfront.net\/4\/2019\/01\/titulka.webp","width":1380,"height":600},{"@type":"BreadcrumbList","@id":"https:\/\/www.welovecycling.com\/sk\/2019\/02\/03\/zeny-ktore-si-zasluzia-nasu-pozornost\/#breadcrumb","itemListElement":[{"@type":"ListItem","position":1,"name":"Home","item":"https:\/\/www.welovecycling.com\/sk\/"},{"@type":"ListItem","position":2,"name":"\u017deny, ktor\u00e9 si zasl\u00fa\u017eia na\u0161u pozornos\u0165"}]},{"@type":"WebSite","@id":"https:\/\/www.welovecycling.com\/sk\/#website","url":"https:\/\/www.welovecycling.com\/sk\/","name":"\u0160koda We Love Cycling Slovensko","description":"\u0160koda We Love Cycling Slovensko je v\u00e1\u0161 ka\u017edodenn\u00fd zdroj noviniek a in\u0161pir\u00e1cie z sveta cyklistiky","potentialAction":[{"@type":"SearchAction","target":{"@type":"EntryPoint","urlTemplate":"https:\/\/www.welovecycling.com\/sk\/?s={search_term_string}"},"query-input":{"@type":"PropertyValueSpecification","valueRequired":true,"valueName":"search_term_string"}}],"inLanguage":"sk-SK"},{"@type":"Person","@id":"https:\/\/www.welovecycling.com\/sk\/#\/schema\/person\/8ee09ba39b7e25b1870160aa5b3a89bc","name":"Ondrej Ga\u0161par","image":{"@type":"ImageObject","inLanguage":"sk-SK","@id":"https:\/\/www.welovecycling.com\/sk\/#\/schema\/person\/image\/","url":"https:\/\/secure.gravatar.com\/avatar\/6126c9afb87b70da5abbb083ddbb21933da15f18f8ca7cb822aba0fb096a48f6?s=96&d=mm&r=g","contentUrl":"https:\/\/secure.gravatar.com\/avatar\/6126c9afb87b70da5abbb083ddbb21933da15f18f8ca7cb822aba0fb096a48f6?s=96&d=mm&r=g","caption":"Ondrej Ga\u0161par"},"url":"https:\/\/www.welovecycling.com\/sk\/author\/ondrejgaspar\/"}]}},"_links":{"self":[{"href":"https:\/\/www.welovecycling.com\/sk\/wp-json\/wp\/v2\/posts\/5854","targetHints":{"allow":["GET"]}}],"collection":[{"href":"https:\/\/www.welovecycling.com\/sk\/wp-json\/wp\/v2\/posts"}],"about":[{"href":"https:\/\/www.welovecycling.com\/sk\/wp-json\/wp\/v2\/types\/post"}],"author":[{"embeddable":true,"href":"https:\/\/www.welovecycling.com\/sk\/wp-json\/wp\/v2\/users\/38"}],"replies":[{"embeddable":true,"href":"https:\/\/www.welovecycling.com\/sk\/wp-json\/wp\/v2\/comments?post=5854"}],"version-history":[{"count":2,"href":"https:\/\/www.welovecycling.com\/sk\/wp-json\/wp\/v2\/posts\/5854\/revisions"}],"predecessor-version":[{"id":5875,"href":"https:\/\/www.welovecycling.com\/sk\/wp-json\/wp\/v2\/posts\/5854\/revisions\/5875"}],"wp:featuredmedia":[{"embeddable":true,"href":"https:\/\/www.welovecycling.com\/sk\/wp-json\/wp\/v2\/media\/5865"}],"wp:attachment":[{"href":"https:\/\/www.welovecycling.com\/sk\/wp-json\/wp\/v2\/media?parent=5854"}],"wp:term":[{"taxonomy":"category","embeddable":true,"href":"https:\/\/www.welovecycling.com\/sk\/wp-json\/wp\/v2\/categories?post=5854"},{"taxonomy":"post_tag","embeddable":true,"href":"https:\/\/www.welovecycling.com\/sk\/wp-json\/wp\/v2\/tags?post=5854"},{"taxonomy":"global-categories","embeddable":true,"href":"https:\/\/www.welovecycling.com\/sk\/wp-json\/wp\/v2\/global-categories?post=5854"}],"curies":[{"name":"wp","href":"https:\/\/api.w.org\/{rel}","templated":true}]}}