{"id":5817,"date":"2018-12-30T10:39:00","date_gmt":"2018-12-30T09:39:00","guid":{"rendered":"https:\/\/www.welovecycling.com\/sk\/?p=5817"},"modified":"2019-01-09T14:32:35","modified_gmt":"2019-01-09T13:32:35","slug":"mesacna-desiatka-vianocny-spravodajca","status":"publish","type":"post","link":"https:\/\/www.welovecycling.com\/sk\/2018\/12\/30\/mesacna-desiatka-vianocny-spravodajca\/","title":{"rendered":"Mesa\u010dn\u00e1 desiatka \u2013 viano\u010dn\u00fd spravodajca"},"content":{"rendered":"<p><strong>Ani tento mesiac, \u017eia\u013e, u\u017e posledn\u00fd v\u00a0tomto roku, nebude ch\u00fdba\u0165 mesa\u010dn\u00e1 desiatka, v\u00a0ktorej si povieme, \u010do sa urodilo v\u00a0cyklistickom svete. Ur\u010dite nebud\u00fa ch\u00fdba\u0165 odhalenia do bud\u00facej sez\u00f3ny, \u010di novinky z\u00a0e\u0161te pretrv\u00e1vaj\u00faceho roka. Zimn\u00e9 obdobie tradi\u010dne nepraje cyklistike do takej miery, ako je tomu v\u00a0lete, ale aj napriek tomu sa nemus\u00edte b\u00e1\u0165, \u017ee by zamrzlo dianie v\u00a0prostred\u00ed n\u00e1\u0161ho dvojkolesov\u00e9ho priate\u013ea.<\/strong><!--more--><\/p>\n<h2><strong>Tra\u0165 Vuelty 2019 odhalen\u00e1<\/strong><\/h2>\n<p>U\u017e nieko\u013eko t\u00fd\u017ed\u0148ov <strong>pozn\u00e1me profil a\u00a0trasu<\/strong> franc\u00fazskej Grand Tour, Tour de France. V\u00a0posledn\u00fdch d\u0148och sa v\u0161ak objavili spr\u00e1vy, ktor\u00e9 priniesli podobn\u00e9 detaily aj v\u00a0pr\u00edpade jej \u0161panielskej sestry, La Vuelty. Povestn\u00e1 obtia\u017enos\u0165, spojen\u00e1 predov\u0161etk\u00fdm s\u00a0mno\u017estvom nast\u00fapan\u00fdch metrov, vysok\u00fdmi teplotami \u010di f\u00e1zou sez\u00f3ny, kedy u\u017e m\u00e1 ka\u017ed\u00fd za sebou desiatky odpretekan\u00fdch dn\u00ed, nezost\u00e1va ni\u010d dl\u017en\u00e1 ani v\u00a0roku 2019. Celkovo 8 et\u00e1p bude kon\u010di\u0165 na vrchole st\u00fapania, jedna etapa s\u00a0d\u013a\u017ekou pod 100 km s\u00a05 klasifikovan\u00fdmi st\u00fapaniami, a\u00a0ch\u00fdba\u0165 nebude ani individu\u00e1lna \u010di t\u00edmov\u00e1 \u010dasovka.<\/p>\n<p><a href=\"https:\/\/d2p6e6u75xmxt8.cloudfront.net\/4\/2018\/12\/01-1.jpg\"><img loading=\"lazy\" decoding=\"async\" class=\"alignnone size-full wp-image-5819\" src=\"https:\/\/d2p6e6u75xmxt8.cloudfront.net\/4\/2018\/12\/01-1.jpg\" alt=\"\" width=\"1200\" height=\"800\" \/><\/a><\/p>\n<h2><strong>Trial 2018 v\u00a0\u010d\u00edslach<\/strong><\/h2>\n<p>Koniec roka je tradi\u010dn\u00fdm obdob\u00edm sumarizovania. Nevyhneme sa tomu ani v\u00a0cyklistike, konkr\u00e9tne v\u00a0menej presl\u00e1venej oblasti, ale st\u00e1le v\u00fdznamnej \u2013 v\u00a0triale. Je to discipl\u00edna, kde sa aj v\u00a0roku 2018 zachoval rozmer kolies s\u00a026\u201c priemerom, av\u0161ak ako nov\u00fd rozmer k\u00a0zau\u017e\u00edvan\u00e9mu 20\u201c. <strong>Kenny Belaey<\/strong>, 35-ro\u010dn\u00fd \u201eveter\u00e1n\u201c, absolvoval tento rok u\u017e svoje <strong>17. majstrovstv\u00e1 sveta<\/strong>. Celkovo 163 jazdcov participovalo na tohtoro\u010dnom svetovom poh\u00e1ri \u2013 74 mu\u017eov na 26\u201c, 70 mu\u017eov na 20\u201c a\u00a019 \u017eien. Najstar\u0161\u00edm \u00fa\u010dastn\u00edkom bola legenda, \u201eLa Bestia\u201c &#8211; Benito Ros, ktor\u00fd osl\u00e1vil u\u017e svoje 37. narodeniny.<\/p>\n<p><a href=\"https:\/\/d2p6e6u75xmxt8.cloudfront.net\/4\/2018\/12\/02-1.jpg\"><img loading=\"lazy\" decoding=\"async\" class=\"alignnone size-full wp-image-5820\" src=\"https:\/\/d2p6e6u75xmxt8.cloudfront.net\/4\/2018\/12\/02-1.jpg\" alt=\"\" width=\"1200\" height=\"800\" \/><\/a><\/p>\n<h2><strong>Nov\u00e9 pravidl\u00e1 pre rok 2020<\/strong><\/h2>\n<p>Zmen\u00e1m sa nevyhne &#8211; av\u0161ak a\u017e od roku 2020 &#8211; ani cestn\u00e1 cyklistika, ktor\u00e1 obdr\u017eala \u00fapravy v\u00a0k\u013e\u00fa\u010dov\u00fdch oblastiach. Kalend\u00e1r pretekov v\u00a0najvy\u0161\u0161ej kateg\u00f3rii UCI World Tour bude pozost\u00e1va\u0165 z\u00a0celkovo <strong>185 dn\u00ed pretekania<\/strong>, po\u010das ktor\u00fdch sa odohraj\u00fa <strong>3 Grand Tour, 38 jednod\u0148ov\u00fdch a\u00a0men\u0161\u00edch etapov\u00fdch pretekov<\/strong>. V\u00a0pelot\u00f3ne bude jazdi\u0165 18 World Tour t\u00edmov, ktor\u00e9 musia sp\u013a\u0148a\u0165 potrebn\u00fd po\u010det jazdcov v\u00a0intervale 27-30. Grand Tour priv\u00edtaj\u00fa 22 t\u00edmov po 8 \u010dlenov, z toho 18 World Tour t\u00edmov, 2 prokontinent\u00e1lne t\u00edmy na z\u00e1klade minulosez\u00f3nych v\u00fdsledkov a\u00a02 t\u00edmy pod\u013ea vlastn\u00e9ho ur\u010denia. Klasiky nav\u0161t\u00edvi 21 a\u017e 25 t\u00edmov po 7 jazdcov, z toho 18 World Tour t\u00edmov a 3 prokontinent\u00e1lne na z\u00e1klade v\u00fdsledkov a\u00a0max. 4 vo\u013en\u00e9 miesta zostan\u00fa pre organiz\u00e1torov. Okrem t\u00fdchto ustanoven\u00ed sa upravuje aj syst\u00e9m rebr\u00ed\u010dkov hodnotenia \u010di jednod\u0148ov\u00fdch pretekov.<\/p>\n<p><a href=\"https:\/\/d2p6e6u75xmxt8.cloudfront.net\/4\/2018\/12\/03-1.jpg\"><img loading=\"lazy\" decoding=\"async\" class=\"alignnone size-full wp-image-5821\" src=\"https:\/\/d2p6e6u75xmxt8.cloudfront.net\/4\/2018\/12\/03-1.jpg\" alt=\"\" width=\"1200\" height=\"800\" \/><\/a><\/p>\n<h2><strong>Cestn\u00e1 cyklistika v\u00a0roku 2018<\/strong><\/h2>\n<p>Ani cestn\u00e1 \u010das\u0165 sa nevyhla koncoro\u010dn\u00e9mu vyhodnoteniu z\u00a0h\u013eadiska \u010d\u00edsel. S\u00fa\u010dasn\u00fd majster sveta, <strong>Alejandro Valverde<\/strong>, bojoval na majstrovstv\u00e1ch u\u017e 12-kr\u00e1t, k\u00fdm sa mu podarilo z\u00edska\u0165 d\u00fahov\u00fd dres. S\u00a0t\u00fdm spojen\u00fd je aj po\u010det dn\u00ed, po\u010das ktor\u00fdch Peter Sagan nosil ten svoj. Je to priam neuverite\u013en\u00e9, ale toto \u010d\u00edslo sa vy\u0161plhalo na hodnotu 1 100 dn\u00ed. Pri majstrovstv\u00e1ch e\u0161te zostaneme. V\u00a0individu\u00e1lnej \u010dasovke zv\u00ed\u0165azil Rohan Dennis, ktor\u00fd zdolal tra\u0165 priemernou r\u00fdchlos\u0165ou 49,6 km\/h. V\u00a037. rokoch podp\u00edsala Marie Dessart svoju prv\u00fa profesion\u00e1lnu zmluvu, nu\u017e, klob\u00fak dole. <strong>Naj\u00faspe\u0161nej\u0161\u00edm t\u00edmom<\/strong> v\u00a0po\u010dte v\u00ed\u0165azstiev sa stal <strong>Quick-Step Floors<\/strong> so ziskom 73 cenn\u00fdch prvenstiev.<\/p>\n<p><a href=\"https:\/\/d2p6e6u75xmxt8.cloudfront.net\/4\/2018\/12\/04-1.jpg\"><img loading=\"lazy\" decoding=\"async\" class=\"alignnone size-full wp-image-5822\" src=\"https:\/\/d2p6e6u75xmxt8.cloudfront.net\/4\/2018\/12\/04-1.jpg\" alt=\"\" width=\"1200\" height=\"800\" \/><\/a><\/p>\n<h2><strong>Svetov\u00fd poh\u00e1r v\u00a0dr\u00e1hovej cyklistike<\/strong><\/h2>\n<p>I\u00a0ke\u010f za oknom n\u00e1m padaj\u00fa vlo\u010dky a\u00a0teploty kol\u00ed\u0161u na \u00farovni bodu mrazu, dr\u00e1hov\u00ed cyklisti nemusia ma\u0165 obavy, ak ide o\u00a0pretekanie. Velodr\u00f3my maj\u00fa t\u00fa v\u00fdhodu, \u017ee ich neobmedzuje stav po\u010dasia, \u010doho d\u00f4kazom bol aj svetov\u00fd poh\u00e1r v\u00a0dr\u00e1hovej cyklistike v\u00a0Lond\u00fdne. Tu v\u00a0\u0161printe mu\u017eov <strong>zv\u00ed\u0165azil H. Lavreysen<\/strong>, u\u00a0\u017eien to bola <strong>S. Morton<\/strong>. T\u00e1 dominovala aj v\u00a0keirine, v\u00a0ktorom si zase po v\u00ed\u0165azstvo pri\u0161iel <strong>M. Buchli<\/strong>. Spom\u00ednan\u00ed dvaja jazdci vyhrali spolo\u010dne v\u00a0t\u00edmovom \u0161printe. Naj\u00faspe\u0161nej\u0161\u00edm n\u00e1rodom boli Holan\u010fania, ktor\u00ed si doniesli celkovo 7 medail\u00ed &#8211; 4 zlat\u00e9 a\u00a03 bronzov\u00e9.<\/p>\n<p><a href=\"https:\/\/d2p6e6u75xmxt8.cloudfront.net\/4\/2018\/12\/05-1.jpg\"><img loading=\"lazy\" decoding=\"async\" class=\"alignnone size-full wp-image-5823\" src=\"https:\/\/d2p6e6u75xmxt8.cloudfront.net\/4\/2018\/12\/05-1.jpg\" alt=\"\" width=\"1200\" height=\"800\" \/><\/a><\/p>\n<h2><strong>Paracyklista Michael Teuber vylep\u0161il hodinov\u00fd rekord<\/strong><\/h2>\n<p>Ne\u0161\u0165astie v\u00a0\u017eivote, ktor\u00e9 priprav\u00ed \u010dloveka o\u00a0\u010das\u0165 tela, nemus\u00ed by\u0165 koncom sveta. D\u00f4kazom toho je paracyklista Michael Teuber z\u00a0Nemecka, ktor\u00e9mu sa podarilo <strong>prekona\u0165 (vlastn\u00fd) rekord<\/strong>, ktor\u00fd bol aj svetov\u00fdm rekordom v\u00a0hodinovej jazde. 50-ro\u010dn\u00fd pretek\u00e1r zdolal 171 k\u00f4l na velodr\u00f3me, \u010do v\u00a0prepo\u010dte na kilometre znamenalo 42,583 km. Ak sa pozrieme na doteraj\u0161\u00ed rekord, ktor\u00fd \u010dinil 39,326 km a\u00a0odol\u00e1val cel\u00fdch 13 rokov, m\u00f4\u017eeme kon\u0161tatova\u0165 skuto\u010dne fam\u00f3zny v\u00fdkon Michaela.<\/p>\n<p><a href=\"https:\/\/d2p6e6u75xmxt8.cloudfront.net\/4\/2018\/12\/06-1.jpg\"><img loading=\"lazy\" decoding=\"async\" class=\"alignnone size-full wp-image-5824\" src=\"https:\/\/d2p6e6u75xmxt8.cloudfront.net\/4\/2018\/12\/06-1.jpg\" alt=\"\" width=\"1200\" height=\"800\" \/><\/a><\/p>\n<h2><strong>Ocenenia Zlat\u00fd ped\u00e1l<\/strong><\/h2>\n<p>Slovensk\u00e9 ocenenie jazdcov, ktor\u00ed sa po\u010das sez\u00f3ny prezentuj\u00fa pod trikol\u00f3rou s\u00a0dvojkr\u00ed\u017eom, nech\u00fdbalo ani tento rok. Zlat\u00fd ped\u00e1l v\u00a0cestnej cyklistike si u\u017e tradi\u010dne <strong>odniesol Peter Sagan<\/strong>. V\u00a0horskej cyklistike (cross-country) to bol <strong>Martin Haring<\/strong>. Najlep\u0161\u00edm cyklokros\u00e1rom bol vyhl\u00e1sen\u00fd <strong>Ondrej Glajza<\/strong>. Oce\u0148ovalo sa aj v\u00a0s\u00e1lovej cyklistike, v\u00a0ktorej zisk ped\u00e1lu patril 4 pretek\u00e1rom (<strong>Szab\u00f3, Domin, Kulich, Michalics<\/strong>). Za discipl\u00ednu cyklotrial poputovalo ocenenie do r\u00fak <strong>Samuela Hlavat\u00e9ho<\/strong>. Paracyklistiku ovl\u00e1dol <strong>Jozef Metelka<\/strong>.<\/p>\n<p><a href=\"https:\/\/d2p6e6u75xmxt8.cloudfront.net\/4\/2018\/12\/07-1.jpg\"><img loading=\"lazy\" decoding=\"async\" class=\"alignnone size-full wp-image-5825\" src=\"https:\/\/d2p6e6u75xmxt8.cloudfront.net\/4\/2018\/12\/07-1.jpg\" alt=\"\" width=\"1200\" height=\"800\" \/><\/a><\/p>\n<h2><strong>Milan Bar\u00e9nyi je majstrom sveta v\u00a0kateg\u00f3rii masters v\u00a0cyklokrose<\/strong><\/h2>\n<p>Skuto\u010dne brav\u00farny v\u00fdkon podal dlhoro\u010dn\u00fd slovensk\u00fd reprezentant, Milan Bar\u00e9nyi, ktor\u00fd dominoval na majstrovstv\u00e1ch sveta v\u00a0cyklokrose, konkr\u00e9tne v\u00a0kateg\u00f3rii masters (45-49 r.). Ako s\u00e1m uviedol, \u0161tartoval zo 4. desiatky jazdcov. Aj napriek potrebe dost\u00e1va\u0165 sa postupne cez jednotliv\u00fdch jazdcov, slovensk\u00fd pretek\u00e1r dok\u00e1zal u\u0161etri\u0165 sily, ktor\u00e9 aj v\u010faka prezieravej technike, kedy volil \u00fa\u010dinnej\u0161\u00ed sp\u00f4sob behu pred jazdou v\u00a0piesku, investoval do posledn\u00fdch k\u00f4l, \u010d\u00edm <strong>zv\u00ed\u0165azil s\u00a0vy\u0161e pol min\u00fatov\u00fdm n\u00e1skokom<\/strong>.<\/p>\n<p><a href=\"https:\/\/d2p6e6u75xmxt8.cloudfront.net\/4\/2018\/12\/08.png\"><img loading=\"lazy\" decoding=\"async\" class=\"alignnone size-full wp-image-5826\" src=\"https:\/\/d2p6e6u75xmxt8.cloudfront.net\/4\/2018\/12\/08.png\" alt=\"\" width=\"1200\" height=\"800\" \/><\/a><\/p>\n<h2><strong>Mathieu Van der Poel nepozn\u00e1 hranice<\/strong><\/h2>\n<p>Po\u010das piatich \u00fa\u010dast\u00ed vo svetovom poh\u00e1ri v\u00a0cyklokrose sa tento holandsk\u00fd univerz\u00e1l uk\u00e1zal v\u00a0tom najlep\u0161om svetle, v\u00a0akom to bolo len mo\u017en\u00e9. <strong>5 \u00fa\u010dasti = 5 v\u00ed\u0165azstiev<\/strong>. Najprv to bolo v\u00a0Berne koncom okt\u00f3bra, dvakr\u00e1t v\u00a0novembri v\u00a0T\u00e1bori a\u00a0Koksijde, a\u00a0teraz, de\u0148 pred Vianocami, v\u00a0Namur, a\u00a0o\u00a0tri dni na to v\u00a0Heusden-Zolder. Aj v\u00a0tomto pr\u00edpade nedal \u0161ancu ani najv\u00e4\u010d\u0161iemu vyz\u00fdvate\u013eovi, Wout Van Aertovi, ktor\u00e9ho zdolal o\u00a016 sek\u00fand. Nieko\u013ekon\u00e1sobn\u00fd majster sveta, Zdenek \u0160tybar, ktor\u00fd skon\u010dil na 21. mieste uviedol, \u017ee\u00a0Mathieu je v\u00a0s\u00fa\u010dasnosti o\u00a0\u00farove\u0148 vy\u0161\u0161ie, ne\u017e zbytok po\u013ea.<\/p>\n<p><a href=\"https:\/\/d2p6e6u75xmxt8.cloudfront.net\/4\/2018\/12\/09-1.jpg\"><img loading=\"lazy\" decoding=\"async\" class=\"alignnone size-full wp-image-5827\" src=\"https:\/\/d2p6e6u75xmxt8.cloudfront.net\/4\/2018\/12\/09-1.jpg\" alt=\"\" width=\"1200\" height=\"800\" \/><\/a><\/p>\n<h2><strong>Peter Sagan sa predstav\u00ed v\u00a0Austr\u00e1lii a Argent\u00edne<\/strong><\/h2>\n<p>Slovensk\u00fd r\u00fdchlik zapo\u010dne nov\u00fa sez\u00f3nu v\u00a0tepl\u00fdch oblastiach Ju\u017enej Ameriky. Konkr\u00e9tne na etapov\u00fdch pretekoch <strong>Vuelta a\u00a0San Juan<\/strong>, ktor\u00e9 bud\u00fa prebieha\u0165 od 27. janu\u00e1ra do 3. febru\u00e1ra. Predt\u00fdm e\u0161te nav\u0161t\u00edvi ob\u013e\u00faben\u00e9 podujatie <strong>Tour Down Under v\u00a0Austr\u00e1lii<\/strong>. Tak\u00fdto za\u010diatok sez\u00f3ny bude nasledova\u0165 \u010diasto\u010dn\u00e9 zvo\u013enenie v\u00a0jeho kalend\u00e1ri, \u010do v\u00a0marci vynahrad\u00ed eur\u00f3psky kontinent\u00e1lny celok s\u00a0viacer\u00fdmi jarn\u00fdmi klasikami. Ak\u00e1 bude t\u00e1to sez\u00f3na pre Petra?<\/p>\n<p><a href=\"https:\/\/d2p6e6u75xmxt8.cloudfront.net\/4\/2018\/12\/10-1.jpg\"><img loading=\"lazy\" decoding=\"async\" class=\"alignnone size-full wp-image-5828\" src=\"https:\/\/d2p6e6u75xmxt8.cloudfront.net\/4\/2018\/12\/10-1.jpg\" alt=\"\" width=\"1200\" height=\"800\" \/><\/a><\/p>\n<p>Aj t\u00e1to desiatka bola d\u00f4kazom, \u017ee v\u00a0cyklistike sa nezah\u00e1\u013ea ani v\u00a0zime. I\u00a0ke\u010f cestn\u00e1 cyklistika v\u00a0r\u00e1mci World Tour m\u00e1 \u010diasto\u010dne vo\u013enej\u0161\u00ed priebeh, u\u017e o\u00a0nieko\u013eko t\u00fd\u017ed\u0148ov vypukne nov\u00e1 kapitola s\u00a0n\u00e1zov 2019. Preto sa te\u0161\u00edme, ak\u00e9 skvosty prinesie jej priebeh a dr\u017e\u00edme palce, aby sa \u010do-to u\u0161lo aj Slovenskej republike.<\/p>\n","protected":false},"excerpt":{"rendered":"<p>Ani tento mesiac, \u017eia\u013e, u\u017e posledn\u00fd v\u00a0tomto roku, nebude ch\u00fdba\u0165 mesa\u010dn\u00e1 desiatka, v\u00a0ktorej si povieme, \u010do sa urodilo v\u00a0cyklistickom svete. [&hellip;]<\/p>\n","protected":false},"author":38,"featured_media":5818,"comment_status":"open","ping_status":"open","sticky":false,"template":"","format":"standard","meta":{"footnotes":""},"categories":[63],"tags":[491,115,582,745,747,640,704,412,600,607,746,46,706,475,317,366],"global-categories":[],"class_list":["post-5817","post","type-post","status-publish","format-standard","has-post-thumbnail","hentry","category-grand-tour","tag-alejandro-valverde","tag-cestna-cyklistika","tag-cyklokros","tag-drahova-cyklistika","tag-jozef-metelka","tag-martin-haring","tag-mathieu-van-der-poel","tag-mtb","tag-muzi","tag-ocenenie","tag-paracyklistika","tag-peter-sagan","tag-trial","tag-zeny","tag-zima","tag-zlaty-pedal"],"yoast_head":"<!-- This site is optimized with the Yoast SEO Premium plugin v25.3 (Yoast SEO v25.9) - https:\/\/yoast.com\/wordpress\/plugins\/seo\/ -->\n<title>Mesa\u010dn\u00e1 desiatka \u2013 viano\u010dn\u00fd spravodajca - \u0160koda We Love Cycling Slovensko<\/title>\n<meta name=\"robots\" content=\"index, follow, max-snippet:-1, max-image-preview:large, max-video-preview:-1\" \/>\n<link rel=\"canonical\" href=\"https:\/\/www.welovecycling.com\/sk\/2018\/12\/30\/mesacna-desiatka-vianocny-spravodajca\/\" \/>\n<meta property=\"og:locale\" content=\"sk_SK\" \/>\n<meta property=\"og:type\" content=\"article\" \/>\n<meta property=\"og:title\" content=\"Mesa\u010dn\u00e1 desiatka \u2013 viano\u010dn\u00fd spravodajca\" \/>\n<meta property=\"og:description\" content=\"Ani tento mesiac, \u017eia\u013e, u\u017e posledn\u00fd v\u00a0tomto roku, nebude ch\u00fdba\u0165 mesa\u010dn\u00e1 desiatka, v\u00a0ktorej si povieme, \u010do sa urodilo v\u00a0cyklistickom svete. [&hellip;]\" \/>\n<meta property=\"og:url\" content=\"https:\/\/www.welovecycling.com\/sk\/2018\/12\/30\/mesacna-desiatka-vianocny-spravodajca\/\" \/>\n<meta property=\"og:site_name\" content=\"\u0160koda We Love Cycling Slovensko\" \/>\n<meta property=\"article:published_time\" content=\"2018-12-30T09:39:00+00:00\" \/>\n<meta property=\"article:modified_time\" content=\"2019-01-09T13:32:35+00:00\" \/>\n<meta property=\"og:image\" content=\"https:\/\/d2p6e6u75xmxt8.cloudfront.net\/4\/2018\/12\/00-1.webp\" \/>\n\t<meta property=\"og:image:width\" content=\"1380\" \/>\n\t<meta property=\"og:image:height\" content=\"600\" \/>\n\t<meta property=\"og:image:type\" content=\"image\/webp\" \/>\n<meta name=\"author\" content=\"Ondrej Ga\u0161par\" \/>\n<meta name=\"twitter:card\" content=\"summary_large_image\" \/>\n<meta name=\"twitter:label1\" content=\"Written by\" \/>\n\t<meta name=\"twitter:data1\" content=\"We Love Cycling\" \/>\n\t<meta name=\"twitter:label2\" content=\"Est. reading time\" \/>\n\t<meta name=\"twitter:data2\" content=\"10\" \/>\n<script type=\"application\/ld+json\" class=\"yoast-schema-graph\">{\"@context\":\"https:\/\/schema.org\",\"@graph\":[{\"@type\":\"WebPage\",\"@id\":\"https:\/\/www.welovecycling.com\/sk\/2018\/12\/30\/mesacna-desiatka-vianocny-spravodajca\/\",\"url\":\"https:\/\/www.welovecycling.com\/sk\/2018\/12\/30\/mesacna-desiatka-vianocny-spravodajca\/\",\"name\":\"Mesa\u010dn\u00e1 desiatka \u2013 viano\u010dn\u00fd spravodajca - \u0160koda We Love Cycling Slovensko\",\"isPartOf\":{\"@id\":\"https:\/\/www.welovecycling.com\/sk\/#website\"},\"primaryImageOfPage\":{\"@id\":\"https:\/\/www.welovecycling.com\/sk\/2018\/12\/30\/mesacna-desiatka-vianocny-spravodajca\/#primaryimage\"},\"image\":{\"@id\":\"https:\/\/www.welovecycling.com\/sk\/2018\/12\/30\/mesacna-desiatka-vianocny-spravodajca\/#primaryimage\"},\"thumbnailUrl\":\"https:\/\/d2p6e6u75xmxt8.cloudfront.net\/4\/2018\/12\/00-1.webp\",\"datePublished\":\"2018-12-30T09:39:00+00:00\",\"dateModified\":\"2019-01-09T13:32:35+00:00\",\"author\":{\"@id\":\"https:\/\/www.welovecycling.com\/sk\/#\/schema\/person\/8ee09ba39b7e25b1870160aa5b3a89bc\"},\"breadcrumb\":{\"@id\":\"https:\/\/www.welovecycling.com\/sk\/2018\/12\/30\/mesacna-desiatka-vianocny-spravodajca\/#breadcrumb\"},\"inLanguage\":\"sk-SK\",\"potentialAction\":[{\"@type\":\"ReadAction\",\"target\":[\"https:\/\/www.welovecycling.com\/sk\/2018\/12\/30\/mesacna-desiatka-vianocny-spravodajca\/\"]}]},{\"@type\":\"ImageObject\",\"inLanguage\":\"sk-SK\",\"@id\":\"https:\/\/www.welovecycling.com\/sk\/2018\/12\/30\/mesacna-desiatka-vianocny-spravodajca\/#primaryimage\",\"url\":\"https:\/\/d2p6e6u75xmxt8.cloudfront.net\/4\/2018\/12\/00-1.webp\",\"contentUrl\":\"https:\/\/d2p6e6u75xmxt8.cloudfront.net\/4\/2018\/12\/00-1.webp\",\"width\":1380,\"height\":600},{\"@type\":\"BreadcrumbList\",\"@id\":\"https:\/\/www.welovecycling.com\/sk\/2018\/12\/30\/mesacna-desiatka-vianocny-spravodajca\/#breadcrumb\",\"itemListElement\":[{\"@type\":\"ListItem\",\"position\":1,\"name\":\"Home\",\"item\":\"https:\/\/www.welovecycling.com\/sk\/\"},{\"@type\":\"ListItem\",\"position\":2,\"name\":\"Mesa\u010dn\u00e1 desiatka \u2013 viano\u010dn\u00fd spravodajca\"}]},{\"@type\":\"WebSite\",\"@id\":\"https:\/\/www.welovecycling.com\/sk\/#website\",\"url\":\"https:\/\/www.welovecycling.com\/sk\/\",\"name\":\"\u0160koda We Love Cycling Slovensko\",\"description\":\"\u0160koda We Love Cycling Slovensko je v\u00e1\u0161 ka\u017edodenn\u00fd zdroj noviniek a in\u0161pir\u00e1cie z sveta cyklistiky\",\"potentialAction\":[{\"@type\":\"SearchAction\",\"target\":{\"@type\":\"EntryPoint\",\"urlTemplate\":\"https:\/\/www.welovecycling.com\/sk\/?s={search_term_string}\"},\"query-input\":{\"@type\":\"PropertyValueSpecification\",\"valueRequired\":true,\"valueName\":\"search_term_string\"}}],\"inLanguage\":\"sk-SK\"},{\"@type\":\"Person\",\"@id\":\"https:\/\/www.welovecycling.com\/sk\/#\/schema\/person\/8ee09ba39b7e25b1870160aa5b3a89bc\",\"name\":\"Ondrej Ga\u0161par\",\"image\":{\"@type\":\"ImageObject\",\"inLanguage\":\"sk-SK\",\"@id\":\"https:\/\/www.welovecycling.com\/sk\/#\/schema\/person\/image\/\",\"url\":\"https:\/\/secure.gravatar.com\/avatar\/6126c9afb87b70da5abbb083ddbb21933da15f18f8ca7cb822aba0fb096a48f6?s=96&d=mm&r=g\",\"contentUrl\":\"https:\/\/secure.gravatar.com\/avatar\/6126c9afb87b70da5abbb083ddbb21933da15f18f8ca7cb822aba0fb096a48f6?s=96&d=mm&r=g\",\"caption\":\"Ondrej Ga\u0161par\"},\"url\":\"https:\/\/www.welovecycling.com\/sk\/author\/ondrejgaspar\/\"}]}<\/script>\n<!-- \/ Yoast SEO Premium plugin. -->","yoast_head_json":{"title":"Mesa\u010dn\u00e1 desiatka \u2013 viano\u010dn\u00fd spravodajca - \u0160koda We Love Cycling Slovensko","robots":{"index":"index","follow":"follow","max-snippet":"max-snippet:-1","max-image-preview":"max-image-preview:large","max-video-preview":"max-video-preview:-1"},"canonical":"https:\/\/www.welovecycling.com\/sk\/2018\/12\/30\/mesacna-desiatka-vianocny-spravodajca\/","og_locale":"sk_SK","og_type":"article","og_title":"Mesa\u010dn\u00e1 desiatka \u2013 viano\u010dn\u00fd spravodajca","og_description":"Ani tento mesiac, \u017eia\u013e, u\u017e posledn\u00fd v\u00a0tomto roku, nebude ch\u00fdba\u0165 mesa\u010dn\u00e1 desiatka, v\u00a0ktorej si povieme, \u010do sa urodilo v\u00a0cyklistickom svete. [&hellip;]","og_url":"https:\/\/www.welovecycling.com\/sk\/2018\/12\/30\/mesacna-desiatka-vianocny-spravodajca\/","og_site_name":"\u0160koda We Love Cycling Slovensko","article_published_time":"2018-12-30T09:39:00+00:00","article_modified_time":"2019-01-09T13:32:35+00:00","og_image":[{"width":1380,"height":600,"url":"https:\/\/d2p6e6u75xmxt8.cloudfront.net\/4\/2018\/12\/00-1.webp","type":"image\/webp"}],"author":"Ondrej Ga\u0161par","twitter_card":"summary_large_image","twitter_misc":{"Written by":"We Love Cycling","Est. reading time":"10"},"schema":{"@context":"https:\/\/schema.org","@graph":[{"@type":"WebPage","@id":"https:\/\/www.welovecycling.com\/sk\/2018\/12\/30\/mesacna-desiatka-vianocny-spravodajca\/","url":"https:\/\/www.welovecycling.com\/sk\/2018\/12\/30\/mesacna-desiatka-vianocny-spravodajca\/","name":"Mesa\u010dn\u00e1 desiatka \u2013 viano\u010dn\u00fd spravodajca - \u0160koda We Love Cycling Slovensko","isPartOf":{"@id":"https:\/\/www.welovecycling.com\/sk\/#website"},"primaryImageOfPage":{"@id":"https:\/\/www.welovecycling.com\/sk\/2018\/12\/30\/mesacna-desiatka-vianocny-spravodajca\/#primaryimage"},"image":{"@id":"https:\/\/www.welovecycling.com\/sk\/2018\/12\/30\/mesacna-desiatka-vianocny-spravodajca\/#primaryimage"},"thumbnailUrl":"https:\/\/d2p6e6u75xmxt8.cloudfront.net\/4\/2018\/12\/00-1.webp","datePublished":"2018-12-30T09:39:00+00:00","dateModified":"2019-01-09T13:32:35+00:00","author":{"@id":"https:\/\/www.welovecycling.com\/sk\/#\/schema\/person\/8ee09ba39b7e25b1870160aa5b3a89bc"},"breadcrumb":{"@id":"https:\/\/www.welovecycling.com\/sk\/2018\/12\/30\/mesacna-desiatka-vianocny-spravodajca\/#breadcrumb"},"inLanguage":"sk-SK","potentialAction":[{"@type":"ReadAction","target":["https:\/\/www.welovecycling.com\/sk\/2018\/12\/30\/mesacna-desiatka-vianocny-spravodajca\/"]}]},{"@type":"ImageObject","inLanguage":"sk-SK","@id":"https:\/\/www.welovecycling.com\/sk\/2018\/12\/30\/mesacna-desiatka-vianocny-spravodajca\/#primaryimage","url":"https:\/\/d2p6e6u75xmxt8.cloudfront.net\/4\/2018\/12\/00-1.webp","contentUrl":"https:\/\/d2p6e6u75xmxt8.cloudfront.net\/4\/2018\/12\/00-1.webp","width":1380,"height":600},{"@type":"BreadcrumbList","@id":"https:\/\/www.welovecycling.com\/sk\/2018\/12\/30\/mesacna-desiatka-vianocny-spravodajca\/#breadcrumb","itemListElement":[{"@type":"ListItem","position":1,"name":"Home","item":"https:\/\/www.welovecycling.com\/sk\/"},{"@type":"ListItem","position":2,"name":"Mesa\u010dn\u00e1 desiatka \u2013 viano\u010dn\u00fd spravodajca"}]},{"@type":"WebSite","@id":"https:\/\/www.welovecycling.com\/sk\/#website","url":"https:\/\/www.welovecycling.com\/sk\/","name":"\u0160koda We Love Cycling Slovensko","description":"\u0160koda We Love Cycling Slovensko je v\u00e1\u0161 ka\u017edodenn\u00fd zdroj noviniek a in\u0161pir\u00e1cie z sveta cyklistiky","potentialAction":[{"@type":"SearchAction","target":{"@type":"EntryPoint","urlTemplate":"https:\/\/www.welovecycling.com\/sk\/?s={search_term_string}"},"query-input":{"@type":"PropertyValueSpecification","valueRequired":true,"valueName":"search_term_string"}}],"inLanguage":"sk-SK"},{"@type":"Person","@id":"https:\/\/www.welovecycling.com\/sk\/#\/schema\/person\/8ee09ba39b7e25b1870160aa5b3a89bc","name":"Ondrej Ga\u0161par","image":{"@type":"ImageObject","inLanguage":"sk-SK","@id":"https:\/\/www.welovecycling.com\/sk\/#\/schema\/person\/image\/","url":"https:\/\/secure.gravatar.com\/avatar\/6126c9afb87b70da5abbb083ddbb21933da15f18f8ca7cb822aba0fb096a48f6?s=96&d=mm&r=g","contentUrl":"https:\/\/secure.gravatar.com\/avatar\/6126c9afb87b70da5abbb083ddbb21933da15f18f8ca7cb822aba0fb096a48f6?s=96&d=mm&r=g","caption":"Ondrej Ga\u0161par"},"url":"https:\/\/www.welovecycling.com\/sk\/author\/ondrejgaspar\/"}]}},"_links":{"self":[{"href":"https:\/\/www.welovecycling.com\/sk\/wp-json\/wp\/v2\/posts\/5817","targetHints":{"allow":["GET"]}}],"collection":[{"href":"https:\/\/www.welovecycling.com\/sk\/wp-json\/wp\/v2\/posts"}],"about":[{"href":"https:\/\/www.welovecycling.com\/sk\/wp-json\/wp\/v2\/types\/post"}],"author":[{"embeddable":true,"href":"https:\/\/www.welovecycling.com\/sk\/wp-json\/wp\/v2\/users\/38"}],"replies":[{"embeddable":true,"href":"https:\/\/www.welovecycling.com\/sk\/wp-json\/wp\/v2\/comments?post=5817"}],"version-history":[{"count":2,"href":"https:\/\/www.welovecycling.com\/sk\/wp-json\/wp\/v2\/posts\/5817\/revisions"}],"predecessor-version":[{"id":5899,"href":"https:\/\/www.welovecycling.com\/sk\/wp-json\/wp\/v2\/posts\/5817\/revisions\/5899"}],"wp:featuredmedia":[{"embeddable":true,"href":"https:\/\/www.welovecycling.com\/sk\/wp-json\/wp\/v2\/media\/5818"}],"wp:attachment":[{"href":"https:\/\/www.welovecycling.com\/sk\/wp-json\/wp\/v2\/media?parent=5817"}],"wp:term":[{"taxonomy":"category","embeddable":true,"href":"https:\/\/www.welovecycling.com\/sk\/wp-json\/wp\/v2\/categories?post=5817"},{"taxonomy":"post_tag","embeddable":true,"href":"https:\/\/www.welovecycling.com\/sk\/wp-json\/wp\/v2\/tags?post=5817"},{"taxonomy":"global-categories","embeddable":true,"href":"https:\/\/www.welovecycling.com\/sk\/wp-json\/wp\/v2\/global-categories?post=5817"}],"curies":[{"name":"wp","href":"https:\/\/api.w.org\/{rel}","templated":true}]}}