{"id":5740,"date":"2018-12-17T10:00:53","date_gmt":"2018-12-17T09:00:53","guid":{"rendered":"https:\/\/www.welovecycling.com\/sk\/?p=5740"},"modified":"2018-12-20T11:07:27","modified_gmt":"2018-12-20T10:07:27","slug":"zimny-cyklonarez-iii-nezvycajne-spojenie-snehu-a-cyklistiky","status":"publish","type":"post","link":"https:\/\/www.welovecycling.com\/sk\/2018\/12\/17\/zimny-cyklonarez-iii-nezvycajne-spojenie-snehu-a-cyklistiky\/","title":{"rendered":"Zimn\u00fd Cyklon\u00e1rez III \u2013 nezvy\u010dajn\u00e9 spojenie snehu a cyklistiky"},"content":{"rendered":"<p><strong>Jarn\u00e1 klasika Strade Bianche si vybudovala za p\u00e1r rokov pevn\u00e9 miesto v cyklistickom kalend\u00e1ri profesion\u00e1lnych \u0161portovcov a podujatie Zimn\u00fd cyklon\u00e1rez si takto buduje meno medzi amat\u00e9rskymi cyklistami na Slovensku. Dokonca v \u010dase, kedy mnoh\u00ed na bicykel ani nepomyslia. V janu\u00e1ri. Za\u010diatkom roka 2019 to bude u\u017e tretie vydanie tejto akcie.<\/strong><!--more--><\/p>\n<p><a href=\"https:\/\/d2p6e6u75xmxt8.cloudfront.net\/4\/2018\/12\/narez_02.jpg\"><img loading=\"lazy\" decoding=\"async\" class=\"alignnone size-full wp-image-5742\" src=\"https:\/\/d2p6e6u75xmxt8.cloudfront.net\/4\/2018\/12\/narez_02.jpg\" alt=\"\" width=\"1200\" height=\"800\" \/><\/a><\/p>\n<p>Hoci je to u\u017e tret\u00ed ro\u010dn\u00edk, m\u00f4\u017eete sa te\u0161i\u0165 v podstate na nov\u00e9 preteky s vlastn\u00fdmi pravidlami. Organiz\u00e1tori sa nechali trochu in\u0161pirova\u0165 moto\u0161portom a piatkov\u00fd prol\u00f3g bude toho d\u00f4kazom. V sobotu je pripraven\u00e1 trasa s parametrami a podmienkami, ktor\u00e9 ste na bicykli absolvovali len p\u00e1rkr\u00e1t v \u017eivote. Sneh, nespevnen\u00e9 cesty, minimum asfaltu, adrenal\u00ednov\u00e9 zjazdy, nevyspytate\u013en\u00e9 po\u010dasie.<\/p>\n<p><a href=\"https:\/\/d2p6e6u75xmxt8.cloudfront.net\/4\/2018\/12\/narez_03.jpg\"><img loading=\"lazy\" decoding=\"async\" class=\"alignnone size-full wp-image-5743\" src=\"https:\/\/d2p6e6u75xmxt8.cloudfront.net\/4\/2018\/12\/narez_03.jpg\" alt=\"\" width=\"1200\" height=\"800\" \/><\/a><\/p>\n<h2><strong>Prol\u00f3g v piatok<\/strong><\/h2>\n<p>Ak si predstavuje prol\u00f3g ako \u00fapln\u00fa nudu, ste na omyle. In\u0161pir\u00e1cia sa na\u0161la v moto\u0161porte, presnej\u0161ie povedan\u00e9, v Red Bull Romaniacs. V piatok mus\u00edte zdola\u0165 8 km \u00fasek, kde na trati bud\u00fa pre v\u00e1s pripraven\u00e9 aj <strong>r\u00f4zne technick\u00e9 prek\u00e1\u017eky<\/strong> a tento program v\u00e1m prinesie nielen tr\u00e1penie, ale aj poriadnu d\u00e1vku z\u00e1bavy. Pre t\u00fdch s\u00fa\u0165a\u017eivej\u0161\u00edch m\u00e1me d\u00f4le\u017eit\u00fa inform\u00e1ciu. <strong>\u0160tartova\u0165 budete po dvojiciach<\/strong> a v\u00fdsledn\u00fd \u010das bude sl\u00fa\u017ei\u0165 na zostavenie poradia, z ktor\u00e9ho sa bude \u0161tartova\u0165 nasleduj\u00face r\u00e1no. Tak\u017ee mus\u00edte \u00eds\u0165 ako o \u017eivot, ak si chcete uchova\u0165 n\u00e1dej na dobr\u00fd v\u00fdsledok v sobotu.<\/p>\n<p><a href=\"https:\/\/d2p6e6u75xmxt8.cloudfront.net\/4\/2018\/12\/narez_04.jpg\"><img loading=\"lazy\" decoding=\"async\" class=\"alignnone size-full wp-image-5744\" src=\"https:\/\/d2p6e6u75xmxt8.cloudfront.net\/4\/2018\/12\/narez_04.jpg\" alt=\"\" width=\"1200\" height=\"800\" \/><\/a><\/p>\n<h2><strong>Sobotn\u00fd n\u00e1rez<\/strong><\/h2>\n<p>V sobotu na v\u00e1s \u010dak\u00e1 variant, ktor\u00fd si zvol\u00edte vopred pri registr\u00e1cii. Na v\u00fdber m\u00e1te t\u00fa \u0165a\u017e\u0161iu v d\u013a\u017eke 40,3 km a prev\u00fd\u0161en\u00edm 1 500 metrov, alebo krat\u0161iu trasu s porciou 31 kilometrov a prev\u00fd\u0161en\u00edm 1 200 metrov. Ako u\u017e z t\u00fdchto \u00fadajov m\u00f4\u017eete vidie\u0165, \u010dakaj\u00fa na v\u00e1s <strong>pekn\u00e9 zjazdy, \u0165a\u017ek\u00e9 v\u00fdstupy<\/strong> a s najv\u00e4\u010d\u0161ou pravdepodobnos\u0165ou aj sneh, ve\u013ea snehu. Ve\u010f, \u010do by to bol za <strong>zimn\u00fd cyklon\u00e1rez bez snehu<\/strong>? Tieto \u010d\u00edsla berte samozrejme s mali\u010dkou rezervou, to \u010do je kr\u00e1sne na t\u00fdchto d\u0148och je, \u017ee netu\u0161\u00edte, ak\u00e9 po\u010dasie na v\u00e1s \u010dak\u00e1. Bude tam pol metra snehu, alebo to bude menej? M\u00e1te sa pripravi\u0165 na teploty hlboko pod bodom mrazu? Nechajte sa prekvapi\u0165.<\/p>\n<p><a href=\"https:\/\/d2p6e6u75xmxt8.cloudfront.net\/4\/2018\/12\/narez_05.jpg\"><img loading=\"lazy\" decoding=\"async\" class=\"alignnone size-full wp-image-5745\" src=\"https:\/\/d2p6e6u75xmxt8.cloudfront.net\/4\/2018\/12\/narez_05.jpg\" alt=\"\" width=\"1200\" height=\"800\" \/><\/a><\/p>\n<h2><strong>Zmeny oproti predch\u00e1dzaj\u00facim ro\u010dn\u00edkom<\/strong><\/h2>\n<p>\u010co je nov\u00e9 na tejto akcii? Asi najv\u00e4\u010d\u0161ou zmenou je, \u017ee <strong>sa podujatie natiahlo na 2 dni<\/strong>. Za\u010d\u00edna sa v piatok ve\u010der prol\u00f3gom a pokra\u010dujete sobotn\u00fdm d\u0148om. Prol\u00f3g sa za\u010d\u00edna ve\u010der, a preto si u\u0161etr\u00edte jeden de\u0148 dovolenky. Z\u00e1zemie sa presunulo na b\u00fdval\u00fa <strong>ozdravov\u0148u \u017delezn\u00f4<\/strong> a v tomto bode sa bude \u0161tartova\u0165 a z\u00e1rove\u0148 na konci aj fini\u0161ova\u0165. Tieto trate sa zv\u00e4\u010d\u0161a robia tak\u00fdm sp\u00f4sobom, aby cie\u013eom nepre\u0161iel nikto \u263a. Ale nebojte sa. Ak cie\u013e je v mieste, kde sa na konci d\u0148a mus\u00edte vr\u00e1ti\u0165, m\u00e1te o motiv\u00e1ciu navy\u0161e. Fini\u0161 z minul\u00fdch ro\u010dn\u00edkov, ktor\u00fd bol v horskej osade Magurka, sa v tomto ro\u010dn\u00edku zmen\u00ed len na miesto, cez ktor\u00e9 sa bude prech\u00e1dza\u0165. Organiz\u00e1tori zvolili tento variant hlavne kv\u00f4li kapacitn\u00fdm d\u00f4vodom. Preto sa po\u010det mo\u017en\u00fdch \u00fa\u010dastn\u00edkov zv\u00fd\u0161il z malej skupiny 75 \u013eud\u00ed na ve\u013emi pekn\u00fd \u201epelot\u00f3n\u201c <strong>s po\u010dtom okolo 250 zmrznut\u00fdch cyklistov<\/strong>. M\u00e1te teda v\u00e4\u010d\u0161iu \u0161ancu sa dosta\u0165 na toto podujatie, ktor\u00e9 z\u00edskava v na\u0161ej komunite ve\u013emi siln\u00e9 meno. Kapacitn\u00fdmi d\u00f4vodmi mysl\u00edme hlavne ubytovanie. V oblasti \u017delezn\u00f4 v\u00e1m pon\u00fakaj\u00fa r\u00f4zne mo\u017enosti ubytovania. Pre t\u00fdch menej n\u00e1ro\u010dn\u00fdch v turistickej ubytovni, cez polpenziu na 2 dni a\u017e po apartm\u00e1ny. T\u00ed \u201efajnovej\u0161\u00ed\u201c si m\u00f4\u017eu n\u00e1js\u0165 individu\u00e1lne ubytovanie na priv\u00e1toch v okol\u00ed.<\/p>\n<div data-rows=\"1\" id='gallery-1' class='gallery-rows-1 gallery galleryid-5740 gallery-columns-2 gallery-size-full'><figure class='gallery-item'>\n\t\t\t<div class='gallery-icon landscape'>\n\t\t\t\t<a href='https:\/\/d2p6e6u75xmxt8.cloudfront.net\/4\/2018\/12\/narez_07-1.webp'><img loading=\"lazy\" decoding=\"async\" width=\"1200\" height=\"800\" src=\"https:\/\/d2p6e6u75xmxt8.cloudfront.net\/4\/2018\/12\/narez_07-1.webp\" class=\"attachment-full size-full\" alt=\"\" srcset=\"https:\/\/d2p6e6u75xmxt8.cloudfront.net\/4\/2018\/12\/narez_07-1.webp 1200w, https:\/\/d2p6e6u75xmxt8.cloudfront.net\/4\/2018\/12\/narez_07-1-300x200.webp 300w, https:\/\/d2p6e6u75xmxt8.cloudfront.net\/4\/2018\/12\/narez_07-1-1024x683.webp 1024w, https:\/\/d2p6e6u75xmxt8.cloudfront.net\/4\/2018\/12\/narez_07-1-768x512.webp 768w, https:\/\/d2p6e6u75xmxt8.cloudfront.net\/4\/2018\/12\/narez_07-1-272x182.webp 272w\" sizes=\"auto, (max-width: 1200px) 100vw, 1200px\" \/><\/a>\n\t\t\t<\/div><\/figure><figure class='gallery-item'>\n\t\t\t<div class='gallery-icon landscape'>\n\t\t\t\t<a href='https:\/\/d2p6e6u75xmxt8.cloudfront.net\/4\/2018\/12\/narez_08-1.webp'><img loading=\"lazy\" decoding=\"async\" width=\"1200\" height=\"800\" src=\"https:\/\/d2p6e6u75xmxt8.cloudfront.net\/4\/2018\/12\/narez_08-1.webp\" class=\"attachment-full size-full\" alt=\"\" srcset=\"https:\/\/d2p6e6u75xmxt8.cloudfront.net\/4\/2018\/12\/narez_08-1.webp 1200w, https:\/\/d2p6e6u75xmxt8.cloudfront.net\/4\/2018\/12\/narez_08-1-300x200.webp 300w, https:\/\/d2p6e6u75xmxt8.cloudfront.net\/4\/2018\/12\/narez_08-1-1024x683.webp 1024w, https:\/\/d2p6e6u75xmxt8.cloudfront.net\/4\/2018\/12\/narez_08-1-768x512.webp 768w, https:\/\/d2p6e6u75xmxt8.cloudfront.net\/4\/2018\/12\/narez_08-1-272x182.webp 272w\" sizes=\"auto, (max-width: 1200px) 100vw, 1200px\" \/><\/a>\n\t\t\t<\/div><\/figure>\n\t\t<\/div>\n        \n<h2><strong>Program mimo sedla<\/strong><\/h2>\n<p>Ke\u010f\u017ee po\u010das t\u00fdchto dn\u00ed je potrebn\u00e9 sa aj trochu zohria\u0165, tak je pre v\u00e1s pripraven\u00fd <strong>sprievodn\u00fd program<\/strong>. V piatok je to <strong>beseda<\/strong> s lek\u00e1rom leteckej z\u00e1chrannej slu\u017eby, v sobotu vyhodnotenie s cenami, obed, <strong>premietanie filmu a z\u00e1vere\u010dn\u00e1 p\u00e1rty<\/strong>, po\u010das ktorej v\u00e1m zahr\u00e1 Hudba z Marsu. Ako m\u00f4\u017eete vidie\u0165, bude dostatok \u010dasu, aby v\u00e1m mohli odmrzn\u00fa\u0165 prsty na noh\u00e1ch a ruk\u00e1ch. 2 dni v\u00e1m pon\u00faknu nielen pr\u00edle\u017eitos\u0165 si siahnu\u0165 na dno svojich s\u00edl, ale aj spozna\u0165 nov\u00fdch \u013eud\u00ed, stretn\u00fa\u0165 star\u00fdch zn\u00e1mych a by\u0165 v rodine cyklistov, ktor\u00e1 je n\u00e1m bl\u00edzka. \u00da\u010dastn\u00edci z minul\u00fdch rokov vyzdvihuj\u00fa hlavne atmosf\u00e9ru, ktor\u00e1 na Zimnom cyklon\u00e1reze panuje. Ak si chcete pripomen\u00fa\u0165 atmosf\u00e9ru svojho ly\u017eiarskeho kurzu zo strednej \u0161koly, prihl\u00e1ste sa. Namiesto ly\u017e\u00ed si v\u0161ak pripravte svoj bike.<\/p>\n<lite-youtube videoid=61h6MSh3Mh4 params=\"enablejsapi=1\" style=\"background-image: url('https:\/\/i.ytimg.com\/vi_webp\/61h6MSh3Mh4\/maxresdefault.webp');\"><\/lite-youtube>\n<h2><strong>Kedy sa teda stretneme?<\/strong><\/h2>\n<p>Ak si d\u00e1te na Nov\u00fd rok predsavzatie nezanedb\u00e1va\u0165 svoj cyklistick\u00fd kon\u00ed\u010dek ani po\u010das zimy, tak sa vid\u00edme <strong>11. \u2013 13. janu\u00e1ra<\/strong>. \u0160tartovn\u00e9 je v hodnote <strong>18 \u20ac<\/strong>, registrova\u0165 sa m\u00f4\u017eete e\u0161te pod viano\u010dn\u00fdm strom\u010dekom, <strong>deadline je 24. decembra<\/strong>, pozor, aby ste ho neprep\u00e1sli. <strong>Registr\u00e1cia na mieste nebude mo\u017en\u00e1<\/strong>. Na str\u00e1nke organiz\u00e1tora n\u00e1jdete preh\u013eadn\u00e9 inform\u00e1cie o v\u0161etkom, \u010do potrebujete vedie\u0165.<\/p>\n<p><a href=\"https:\/\/d2p6e6u75xmxt8.cloudfront.net\/4\/2018\/12\/narez_09.jpg\"><img loading=\"lazy\" decoding=\"async\" class=\"alignnone size-full wp-image-5748\" src=\"https:\/\/d2p6e6u75xmxt8.cloudfront.net\/4\/2018\/12\/narez_09.jpg\" alt=\"\" width=\"1200\" height=\"800\" \/><\/a><\/p>\n<h2><strong>P.S.<\/strong><\/h2>\n<p>Zaujalo v\u00e1s to? V prvom rade <strong>vyplni\u0165 prihl\u00e1\u0161ku<\/strong>, zasla\u0165 registra\u010dn\u00fd poplatok a za\u010dnite sa chysta\u0165. Va\u0161a pr\u00edprava nem\u00f4\u017ee osta\u0165 pri t\u00fdchto prv\u00fdch krokoch. Na Zimn\u00fd cyklon\u00e1rez je potrebn\u00e9 sa poriadne pripravi\u0165. Pre t\u00fdch, ktor\u00ed nemaj\u00fa radi zimu, by som odpor\u00fa\u010dal za\u010da\u0165 sa otu\u017eova\u0165 u\u017e dnes \u263a. Vo svojej pr\u00edprave obmedzte viano\u010dn\u00e9 prejedanie sa a zahr\u0148te tam viac pohybu a otu\u017eovania. Beh \u010di turistika medzi sviatkami v\u00e1m ur\u010dite pom\u00f4\u017eu a potom aj ten \u0161al\u00e1t na viano\u010dnom stole nebude a\u017e tak prek\u00e1\u017ea\u0165.<\/p>\n<p><a href=\"https:\/\/d2p6e6u75xmxt8.cloudfront.net\/4\/2018\/12\/narez_10.jpg\"><img loading=\"lazy\" decoding=\"async\" class=\"alignnone size-full wp-image-5749\" src=\"https:\/\/d2p6e6u75xmxt8.cloudfront.net\/4\/2018\/12\/narez_10.jpg\" alt=\"\" width=\"1200\" height=\"800\" \/><\/a><\/p>\n<p>Je ve\u013emi d\u00f4le\u017eit\u00e9 <strong>nepodceni\u0165 technick\u00fa str\u00e1nku<\/strong>. Mus\u00edte by\u0165 pripraven\u00ed na zimu, n\u00e1mrazu, zjazdy po snehu. <strong>Podhusten\u00e9 pneumatiky<\/strong> v\u00e1m pom\u00f4\u017eu, aby ste sa ne\u0161m\u00fdkali, samozrejme v r\u00e1mci mo\u017enost\u00ed. A \u010do t\u00e1 najd\u00f4le\u017eitej\u0161ia s\u00fa\u010das\u0165 bicykla? Teda vy? Po\u010d\u00edtajte s t\u00fdm, \u017ee v ter\u00e9ne m\u00f4\u017eete str\u00e1vi\u0165 pokojne nieko\u013eko hod\u00edn a ke\u010f v\u00e1m od\u00eddu nohy alebo mor\u00e1lka, popr\u00edpade oboje, neradi by ste zmrzli. <strong>Nepodce\u0148ujte zimu<\/strong> a aj v\u010faka tomu si budete m\u00f4c\u0165 vychutna\u0165 tieto netradi\u010dn\u00e9 cyklistick\u00e9 preteky.<\/p>\n<p><a href=\"https:\/\/d2p6e6u75xmxt8.cloudfront.net\/4\/2018\/12\/narez_11.jpg\"><img loading=\"lazy\" decoding=\"async\" class=\"alignnone size-full wp-image-5750\" src=\"https:\/\/d2p6e6u75xmxt8.cloudfront.net\/4\/2018\/12\/narez_11.jpg\" alt=\"\" width=\"1200\" height=\"800\" \/><\/a><\/p>\n<p>M\u00e1te z\u00e1ujem sa z\u00fa\u010dastni\u0165 tohto zimn\u00e9ho dobrodru\u017estva? Nav\u0161t\u00edvte <a href=\"https:\/\/www.bicyklomposlovensku.sk\/zimny-cyklonarez-opat-pritvrdi\/\" target=\"_blank\" rel=\"noopener\">str\u00e1nku marat\u00f3nu<\/a> a na nej m\u00e1te podrobn\u00e9 inform\u00e1cie o ubytovan\u00ed, registr\u00e1cii a vlastne o v\u0161etkom.<\/p>\n<p><a href=\"https:\/\/d2p6e6u75xmxt8.cloudfront.net\/4\/2018\/12\/narez_12.jpg\"><img loading=\"lazy\" decoding=\"async\" class=\"alignnone size-full wp-image-5751\" src=\"https:\/\/d2p6e6u75xmxt8.cloudfront.net\/4\/2018\/12\/narez_12.jpg\" alt=\"\" width=\"1200\" height=\"800\" \/><\/a><\/p>\n","protected":false},"excerpt":{"rendered":"<p>Jarn\u00e1 klasika Strade Bianche si vybudovala za p\u00e1r rokov pevn\u00e9 miesto v cyklistickom kalend\u00e1ri profesion\u00e1lnych \u0161portovcov a podujatie Zimn\u00fd cyklon\u00e1rez [&hellip;]<\/p>\n","protected":false},"author":38,"featured_media":5741,"comment_status":"open","ping_status":"open","sticky":false,"template":"","format":"standard","meta":{"footnotes":""},"categories":[3,34],"tags":[364,180,532,732,178,412,569,551,179,192,318,350,317,711,172],"global-categories":[],"class_list":["post-5740","post","type-post","status-publish","format-standard","has-post-thumbnail","hentry","category-mtb","category-podujatia","tag-cyklonarez","tag-horska-cyklistika","tag-jazdenie","tag-liptov","tag-maraton","tag-mtb","tag-nizke-tatry","tag-pitny-rezim","tag-preteky","tag-rozjazd","tag-vyjazd","tag-zazimovanie","tag-zima","tag-zimne-tretry","tag-zjazd"],"yoast_head":"<!-- This site is optimized with the Yoast SEO Premium plugin v25.3 (Yoast SEO v25.9) - https:\/\/yoast.com\/wordpress\/plugins\/seo\/ -->\n<title>Zimn\u00fd Cyklon\u00e1rez III \u2013 nezvy\u010dajn\u00e9 spojenie snehu a cyklistiky - \u0160koda We Love Cycling Slovensko<\/title>\n<meta name=\"robots\" content=\"index, follow, max-snippet:-1, max-image-preview:large, max-video-preview:-1\" \/>\n<link rel=\"canonical\" href=\"https:\/\/www.welovecycling.com\/sk\/2018\/12\/17\/zimny-cyklonarez-iii-nezvycajne-spojenie-snehu-a-cyklistiky\/\" \/>\n<meta property=\"og:locale\" content=\"sk_SK\" \/>\n<meta property=\"og:type\" content=\"article\" \/>\n<meta property=\"og:title\" content=\"Zimn\u00fd Cyklon\u00e1rez III \u2013 nezvy\u010dajn\u00e9 spojenie snehu a cyklistiky\" \/>\n<meta property=\"og:description\" content=\"Jarn\u00e1 klasika Strade Bianche si vybudovala za p\u00e1r rokov pevn\u00e9 miesto v cyklistickom kalend\u00e1ri profesion\u00e1lnych \u0161portovcov a podujatie Zimn\u00fd cyklon\u00e1rez [&hellip;]\" \/>\n<meta property=\"og:url\" content=\"https:\/\/www.welovecycling.com\/sk\/2018\/12\/17\/zimny-cyklonarez-iii-nezvycajne-spojenie-snehu-a-cyklistiky\/\" \/>\n<meta property=\"og:site_name\" content=\"\u0160koda We Love Cycling Slovensko\" \/>\n<meta property=\"article:published_time\" content=\"2018-12-17T09:00:53+00:00\" \/>\n<meta property=\"article:modified_time\" content=\"2018-12-20T10:07:27+00:00\" \/>\n<meta property=\"og:image\" content=\"https:\/\/d2p6e6u75xmxt8.cloudfront.net\/4\/2018\/12\/narez_01.webp\" \/>\n\t<meta property=\"og:image:width\" content=\"1380\" \/>\n\t<meta property=\"og:image:height\" content=\"600\" \/>\n\t<meta property=\"og:image:type\" content=\"image\/webp\" \/>\n<meta name=\"author\" content=\"Ondrej Ga\u0161par\" \/>\n<meta name=\"twitter:card\" content=\"summary_large_image\" \/>\n<meta name=\"twitter:label1\" content=\"Written by\" \/>\n\t<meta name=\"twitter:data1\" content=\"We Love Cycling\" \/>\n\t<meta name=\"twitter:label2\" content=\"Est. reading time\" \/>\n\t<meta name=\"twitter:data2\" content=\"7\" \/>\n<script type=\"application\/ld+json\" class=\"yoast-schema-graph\">{\"@context\":\"https:\/\/schema.org\",\"@graph\":[{\"@type\":\"WebPage\",\"@id\":\"https:\/\/www.welovecycling.com\/sk\/2018\/12\/17\/zimny-cyklonarez-iii-nezvycajne-spojenie-snehu-a-cyklistiky\/\",\"url\":\"https:\/\/www.welovecycling.com\/sk\/2018\/12\/17\/zimny-cyklonarez-iii-nezvycajne-spojenie-snehu-a-cyklistiky\/\",\"name\":\"Zimn\u00fd Cyklon\u00e1rez III \u2013 nezvy\u010dajn\u00e9 spojenie snehu a cyklistiky - \u0160koda We Love Cycling Slovensko\",\"isPartOf\":{\"@id\":\"https:\/\/www.welovecycling.com\/sk\/#website\"},\"primaryImageOfPage\":{\"@id\":\"https:\/\/www.welovecycling.com\/sk\/2018\/12\/17\/zimny-cyklonarez-iii-nezvycajne-spojenie-snehu-a-cyklistiky\/#primaryimage\"},\"image\":{\"@id\":\"https:\/\/www.welovecycling.com\/sk\/2018\/12\/17\/zimny-cyklonarez-iii-nezvycajne-spojenie-snehu-a-cyklistiky\/#primaryimage\"},\"thumbnailUrl\":\"https:\/\/d2p6e6u75xmxt8.cloudfront.net\/4\/2018\/12\/narez_01.webp\",\"datePublished\":\"2018-12-17T09:00:53+00:00\",\"dateModified\":\"2018-12-20T10:07:27+00:00\",\"author\":{\"@id\":\"https:\/\/www.welovecycling.com\/sk\/#\/schema\/person\/8ee09ba39b7e25b1870160aa5b3a89bc\"},\"breadcrumb\":{\"@id\":\"https:\/\/www.welovecycling.com\/sk\/2018\/12\/17\/zimny-cyklonarez-iii-nezvycajne-spojenie-snehu-a-cyklistiky\/#breadcrumb\"},\"inLanguage\":\"sk-SK\",\"potentialAction\":[{\"@type\":\"ReadAction\",\"target\":[\"https:\/\/www.welovecycling.com\/sk\/2018\/12\/17\/zimny-cyklonarez-iii-nezvycajne-spojenie-snehu-a-cyklistiky\/\"]}]},{\"@type\":\"ImageObject\",\"inLanguage\":\"sk-SK\",\"@id\":\"https:\/\/www.welovecycling.com\/sk\/2018\/12\/17\/zimny-cyklonarez-iii-nezvycajne-spojenie-snehu-a-cyklistiky\/#primaryimage\",\"url\":\"https:\/\/d2p6e6u75xmxt8.cloudfront.net\/4\/2018\/12\/narez_01.webp\",\"contentUrl\":\"https:\/\/d2p6e6u75xmxt8.cloudfront.net\/4\/2018\/12\/narez_01.webp\",\"width\":1380,\"height\":600},{\"@type\":\"BreadcrumbList\",\"@id\":\"https:\/\/www.welovecycling.com\/sk\/2018\/12\/17\/zimny-cyklonarez-iii-nezvycajne-spojenie-snehu-a-cyklistiky\/#breadcrumb\",\"itemListElement\":[{\"@type\":\"ListItem\",\"position\":1,\"name\":\"Home\",\"item\":\"https:\/\/www.welovecycling.com\/sk\/\"},{\"@type\":\"ListItem\",\"position\":2,\"name\":\"Zimn\u00fd Cyklon\u00e1rez III \u2013 nezvy\u010dajn\u00e9 spojenie snehu a cyklistiky\"}]},{\"@type\":\"WebSite\",\"@id\":\"https:\/\/www.welovecycling.com\/sk\/#website\",\"url\":\"https:\/\/www.welovecycling.com\/sk\/\",\"name\":\"\u0160koda We Love Cycling Slovensko\",\"description\":\"\u0160koda We Love Cycling Slovensko je v\u00e1\u0161 ka\u017edodenn\u00fd zdroj noviniek a in\u0161pir\u00e1cie z sveta cyklistiky\",\"potentialAction\":[{\"@type\":\"SearchAction\",\"target\":{\"@type\":\"EntryPoint\",\"urlTemplate\":\"https:\/\/www.welovecycling.com\/sk\/?s={search_term_string}\"},\"query-input\":{\"@type\":\"PropertyValueSpecification\",\"valueRequired\":true,\"valueName\":\"search_term_string\"}}],\"inLanguage\":\"sk-SK\"},{\"@type\":\"Person\",\"@id\":\"https:\/\/www.welovecycling.com\/sk\/#\/schema\/person\/8ee09ba39b7e25b1870160aa5b3a89bc\",\"name\":\"Ondrej Ga\u0161par\",\"image\":{\"@type\":\"ImageObject\",\"inLanguage\":\"sk-SK\",\"@id\":\"https:\/\/www.welovecycling.com\/sk\/#\/schema\/person\/image\/\",\"url\":\"https:\/\/secure.gravatar.com\/avatar\/6126c9afb87b70da5abbb083ddbb21933da15f18f8ca7cb822aba0fb096a48f6?s=96&d=mm&r=g\",\"contentUrl\":\"https:\/\/secure.gravatar.com\/avatar\/6126c9afb87b70da5abbb083ddbb21933da15f18f8ca7cb822aba0fb096a48f6?s=96&d=mm&r=g\",\"caption\":\"Ondrej Ga\u0161par\"},\"url\":\"https:\/\/www.welovecycling.com\/sk\/author\/ondrejgaspar\/\"}]}<\/script>\n<!-- \/ Yoast SEO Premium plugin. -->","yoast_head_json":{"title":"Zimn\u00fd Cyklon\u00e1rez III \u2013 nezvy\u010dajn\u00e9 spojenie snehu a cyklistiky - \u0160koda We Love Cycling Slovensko","robots":{"index":"index","follow":"follow","max-snippet":"max-snippet:-1","max-image-preview":"max-image-preview:large","max-video-preview":"max-video-preview:-1"},"canonical":"https:\/\/www.welovecycling.com\/sk\/2018\/12\/17\/zimny-cyklonarez-iii-nezvycajne-spojenie-snehu-a-cyklistiky\/","og_locale":"sk_SK","og_type":"article","og_title":"Zimn\u00fd Cyklon\u00e1rez III \u2013 nezvy\u010dajn\u00e9 spojenie snehu a cyklistiky","og_description":"Jarn\u00e1 klasika Strade Bianche si vybudovala za p\u00e1r rokov pevn\u00e9 miesto v cyklistickom kalend\u00e1ri profesion\u00e1lnych \u0161portovcov a podujatie Zimn\u00fd cyklon\u00e1rez [&hellip;]","og_url":"https:\/\/www.welovecycling.com\/sk\/2018\/12\/17\/zimny-cyklonarez-iii-nezvycajne-spojenie-snehu-a-cyklistiky\/","og_site_name":"\u0160koda We Love Cycling Slovensko","article_published_time":"2018-12-17T09:00:53+00:00","article_modified_time":"2018-12-20T10:07:27+00:00","og_image":[{"width":1380,"height":600,"url":"https:\/\/d2p6e6u75xmxt8.cloudfront.net\/4\/2018\/12\/narez_01.webp","type":"image\/webp"}],"author":"Ondrej Ga\u0161par","twitter_card":"summary_large_image","twitter_misc":{"Written by":"We Love Cycling","Est. reading time":"7"},"schema":{"@context":"https:\/\/schema.org","@graph":[{"@type":"WebPage","@id":"https:\/\/www.welovecycling.com\/sk\/2018\/12\/17\/zimny-cyklonarez-iii-nezvycajne-spojenie-snehu-a-cyklistiky\/","url":"https:\/\/www.welovecycling.com\/sk\/2018\/12\/17\/zimny-cyklonarez-iii-nezvycajne-spojenie-snehu-a-cyklistiky\/","name":"Zimn\u00fd Cyklon\u00e1rez III \u2013 nezvy\u010dajn\u00e9 spojenie snehu a cyklistiky - \u0160koda We Love Cycling Slovensko","isPartOf":{"@id":"https:\/\/www.welovecycling.com\/sk\/#website"},"primaryImageOfPage":{"@id":"https:\/\/www.welovecycling.com\/sk\/2018\/12\/17\/zimny-cyklonarez-iii-nezvycajne-spojenie-snehu-a-cyklistiky\/#primaryimage"},"image":{"@id":"https:\/\/www.welovecycling.com\/sk\/2018\/12\/17\/zimny-cyklonarez-iii-nezvycajne-spojenie-snehu-a-cyklistiky\/#primaryimage"},"thumbnailUrl":"https:\/\/d2p6e6u75xmxt8.cloudfront.net\/4\/2018\/12\/narez_01.webp","datePublished":"2018-12-17T09:00:53+00:00","dateModified":"2018-12-20T10:07:27+00:00","author":{"@id":"https:\/\/www.welovecycling.com\/sk\/#\/schema\/person\/8ee09ba39b7e25b1870160aa5b3a89bc"},"breadcrumb":{"@id":"https:\/\/www.welovecycling.com\/sk\/2018\/12\/17\/zimny-cyklonarez-iii-nezvycajne-spojenie-snehu-a-cyklistiky\/#breadcrumb"},"inLanguage":"sk-SK","potentialAction":[{"@type":"ReadAction","target":["https:\/\/www.welovecycling.com\/sk\/2018\/12\/17\/zimny-cyklonarez-iii-nezvycajne-spojenie-snehu-a-cyklistiky\/"]}]},{"@type":"ImageObject","inLanguage":"sk-SK","@id":"https:\/\/www.welovecycling.com\/sk\/2018\/12\/17\/zimny-cyklonarez-iii-nezvycajne-spojenie-snehu-a-cyklistiky\/#primaryimage","url":"https:\/\/d2p6e6u75xmxt8.cloudfront.net\/4\/2018\/12\/narez_01.webp","contentUrl":"https:\/\/d2p6e6u75xmxt8.cloudfront.net\/4\/2018\/12\/narez_01.webp","width":1380,"height":600},{"@type":"BreadcrumbList","@id":"https:\/\/www.welovecycling.com\/sk\/2018\/12\/17\/zimny-cyklonarez-iii-nezvycajne-spojenie-snehu-a-cyklistiky\/#breadcrumb","itemListElement":[{"@type":"ListItem","position":1,"name":"Home","item":"https:\/\/www.welovecycling.com\/sk\/"},{"@type":"ListItem","position":2,"name":"Zimn\u00fd Cyklon\u00e1rez III \u2013 nezvy\u010dajn\u00e9 spojenie snehu a cyklistiky"}]},{"@type":"WebSite","@id":"https:\/\/www.welovecycling.com\/sk\/#website","url":"https:\/\/www.welovecycling.com\/sk\/","name":"\u0160koda We Love Cycling Slovensko","description":"\u0160koda We Love Cycling Slovensko je v\u00e1\u0161 ka\u017edodenn\u00fd zdroj noviniek a in\u0161pir\u00e1cie z sveta cyklistiky","potentialAction":[{"@type":"SearchAction","target":{"@type":"EntryPoint","urlTemplate":"https:\/\/www.welovecycling.com\/sk\/?s={search_term_string}"},"query-input":{"@type":"PropertyValueSpecification","valueRequired":true,"valueName":"search_term_string"}}],"inLanguage":"sk-SK"},{"@type":"Person","@id":"https:\/\/www.welovecycling.com\/sk\/#\/schema\/person\/8ee09ba39b7e25b1870160aa5b3a89bc","name":"Ondrej Ga\u0161par","image":{"@type":"ImageObject","inLanguage":"sk-SK","@id":"https:\/\/www.welovecycling.com\/sk\/#\/schema\/person\/image\/","url":"https:\/\/secure.gravatar.com\/avatar\/6126c9afb87b70da5abbb083ddbb21933da15f18f8ca7cb822aba0fb096a48f6?s=96&d=mm&r=g","contentUrl":"https:\/\/secure.gravatar.com\/avatar\/6126c9afb87b70da5abbb083ddbb21933da15f18f8ca7cb822aba0fb096a48f6?s=96&d=mm&r=g","caption":"Ondrej Ga\u0161par"},"url":"https:\/\/www.welovecycling.com\/sk\/author\/ondrejgaspar\/"}]}},"_links":{"self":[{"href":"https:\/\/www.welovecycling.com\/sk\/wp-json\/wp\/v2\/posts\/5740","targetHints":{"allow":["GET"]}}],"collection":[{"href":"https:\/\/www.welovecycling.com\/sk\/wp-json\/wp\/v2\/posts"}],"about":[{"href":"https:\/\/www.welovecycling.com\/sk\/wp-json\/wp\/v2\/types\/post"}],"author":[{"embeddable":true,"href":"https:\/\/www.welovecycling.com\/sk\/wp-json\/wp\/v2\/users\/38"}],"replies":[{"embeddable":true,"href":"https:\/\/www.welovecycling.com\/sk\/wp-json\/wp\/v2\/comments?post=5740"}],"version-history":[{"count":2,"href":"https:\/\/www.welovecycling.com\/sk\/wp-json\/wp\/v2\/posts\/5740\/revisions"}],"predecessor-version":[{"id":5764,"href":"https:\/\/www.welovecycling.com\/sk\/wp-json\/wp\/v2\/posts\/5740\/revisions\/5764"}],"wp:featuredmedia":[{"embeddable":true,"href":"https:\/\/www.welovecycling.com\/sk\/wp-json\/wp\/v2\/media\/5741"}],"wp:attachment":[{"href":"https:\/\/www.welovecycling.com\/sk\/wp-json\/wp\/v2\/media?parent=5740"}],"wp:term":[{"taxonomy":"category","embeddable":true,"href":"https:\/\/www.welovecycling.com\/sk\/wp-json\/wp\/v2\/categories?post=5740"},{"taxonomy":"post_tag","embeddable":true,"href":"https:\/\/www.welovecycling.com\/sk\/wp-json\/wp\/v2\/tags?post=5740"},{"taxonomy":"global-categories","embeddable":true,"href":"https:\/\/www.welovecycling.com\/sk\/wp-json\/wp\/v2\/global-categories?post=5740"}],"curies":[{"name":"wp","href":"https:\/\/api.w.org\/{rel}","templated":true}]}}