{"id":5726,"date":"2018-12-13T10:12:47","date_gmt":"2018-12-13T09:12:47","guid":{"rendered":"https:\/\/www.welovecycling.com\/sk\/?p=5726"},"modified":"2018-12-20T11:12:40","modified_gmt":"2018-12-20T10:12:40","slug":"tim-sky-v-sezone-2020-bez-sponzora","status":"publish","type":"post","link":"https:\/\/www.welovecycling.com\/sk\/2018\/12\/13\/tim-sky-v-sezone-2020-bez-sponzora\/","title":{"rendered":"T\u00edm SKY v sez\u00f3ne 2020 bez sponzora"},"content":{"rendered":"<p><strong>Britsk\u00fd World Tour t\u00edm v\u010dera r\u00e1no ozn\u00e1mil, \u017ee nasleduj\u00faca sez\u00f3na bude poslednou, v ktorej sa predstav\u00ed pod t\u00fdmto n\u00e1zvom. Sky sponzorovalo t\u00edm od \u00fapln\u00e9ho za\u010diatku v roku 2010. \u0160es\u0165 celkov\u00fdch v\u00ed\u0165azstiev Tour de France, rovnako ako mno\u017estvo \u010fal\u0161\u00edch \u00faspechov, pramenil z tejto kooper\u00e1cie. Av\u0161ak u\u017e teraz sa h\u013ead\u00e1 bud\u00faci zastre\u0161ovate\u013e britsk\u00e9ho velik\u00e1na.<\/strong><!--more--><\/p>\n<p><em>\u201eVst\u00fapili sme do cyklistiky so z\u00e1merom vyu\u017ei\u0165 elitn\u00fd \u00faspech k in\u0161pir\u00e1cii v\u00e4\u010d\u0161ej \u00fa\u010dasti na v\u0161etk\u00fdch \u00farovniach. Po viac ne\u017e dek\u00e1de spolupr\u00e1ce nem\u00f4\u017eem by\u0165 v\u00e4\u010d\u0161mi hrd\u00fd na to, \u010do sme dosiahli s t\u00edmom Sky a na\u0161imi dlhodob\u00fdmi partnermi v British Cycling. Ale koniec roku 2019 je spr\u00e1vnym \u010dasom, aby sme sa posunuli \u010falej a otvorili nov\u00fa kapitolu v pr\u00edbehu Sky,\u201c<\/em> uviedol <strong>Jeremy Darroch<\/strong>, mana\u017e\u00e9r Sky Group.<\/p>\n<div class=\"embed-controller-wrapper\">\n<blockquote class=\"twitter-tweet\" data-width=\"500\" data-dnt=\"true\">\n<p lang=\"en\" dir=\"ltr\">A letter from us to you, our fans, about today\u2019s news. <\/p>\n<p>\ud83d\udcec &gt; <a href=\"https:\/\/t.co\/SrXaRu3870\">https:\/\/t.co\/SrXaRu3870<\/a> <a href=\"https:\/\/t.co\/Htmax8nAv4\">pic.twitter.com\/Htmax8nAv4<\/a><\/p>\n<p>&mdash; INEOS Grenadiers (@INEOSGrenadiers) <a href=\"https:\/\/twitter.com\/INEOSGrenadiers\/status\/1072763636769349634?ref_src=twsrc%5Etfw\">December 12, 2018<\/a><\/p><\/blockquote>\n<p><script async data-src=\"https:\/\/platform.twitter.com\/widgets.js\" charset=\"utf-8\"><\/script><\/div>\n<p>Po tom, \u010do Comcast v priebehu tohto roka k\u00fapil spolo\u010dnos\u0165, pokra\u010dovanie spolupr\u00e1ce Sky v cyklistike bolo ot\u00e1zne. James Murdoch, predseda t\u00edmu Sky, ktor\u00fd odi\u0161iel z firmy kr\u00e1tko po zmene majite\u013ea, bol hlavn\u00fdm d\u00f4vodom, pre\u010do sa Sky zauj\u00edmalo o cyklistiku.<\/p>\n<p><em>\u201eV\u00edzia t\u00edmu Sky za\u010d\u00ednala s amb\u00edciou vybudova\u0165 \u010dist\u00fd, \u00faspe\u0161n\u00fd t\u00edm okolo jadra, pozost\u00e1vaj\u00faceho z britsk\u00fdch jazdcov a pracovn\u00edkov,\u201c<\/em> povedal Sir <strong>Dave Brailsford<\/strong>. <em>\u201e\u00daspech t\u00edmu bol v\u00fdsledkom talentu, oddanosti a tvrdej pr\u00e1ce vynikaj\u00facej skupiny \u013eud\u00ed, ktor\u00ed sa neust\u00e1le sna\u017eili pos\u00fava\u0165 vpred, k docieleniu nov\u00fdch v\u00fd\u0161ok. Ni\u010d z toho by v\u0161ak nebolo mo\u017en\u00e9 bez podpory Sky. Sme hrd\u00ed na \u00falohu, ktor\u00fa sme hrali po\u010das posledn\u00e9ho desa\u0165ro\u010dia v transform\u00e1cii Brit\u00e1nie na cyklistick\u00fd n\u00e1rod.\u201c<\/em><\/p>\n<p>Mysl\u00edte si, \u017ee bude Brailsfordov t\u00edm pokra\u010dova\u0165 v profipelot\u00f3ne? A ak, bud\u00fa schopn\u00ed dominova\u0165 pelot\u00f3nu do takej miery, na ak\u00fa sme si zvykli za posledn\u00e9 roky?<\/p>\n","protected":false},"excerpt":{"rendered":"<p>Britsk\u00fd World Tour t\u00edm v\u010dera r\u00e1no ozn\u00e1mil, \u017ee nasleduj\u00faca sez\u00f3na bude poslednou, v ktorej sa predstav\u00ed pod t\u00fdmto n\u00e1zvom. Sky [&hellip;]<\/p>\n","protected":false},"author":38,"featured_media":5728,"comment_status":"open","ping_status":"open","sticky":false,"template":"","format":"standard","meta":{"footnotes":""},"categories":[4,63],"tags":[726,275,115,727,728,177,270,556,106],"global-categories":[],"class_list":["post-5726","post","type-post","status-publish","format-standard","has-post-thumbnail","hentry","category-cestna-cyklisitika","category-grand-tour","tag-726","tag-cesta","tag-cestna-cyklistika","tag-sponzor","tag-sponzoring","tag-taktika-timu","tag-team-sky","tag-tim","tag-uci-worldtour"],"yoast_head":"<!-- This site is optimized with the Yoast SEO Premium plugin v25.3 (Yoast SEO v25.9) - https:\/\/yoast.com\/wordpress\/plugins\/seo\/ -->\n<title>T\u00edm SKY v sez\u00f3ne 2020 bez sponzora - \u0160koda We Love Cycling Slovensko<\/title>\n<meta name=\"robots\" content=\"index, follow, max-snippet:-1, max-image-preview:large, max-video-preview:-1\" \/>\n<link rel=\"canonical\" href=\"https:\/\/www.welovecycling.com\/sk\/2018\/12\/13\/tim-sky-v-sezone-2020-bez-sponzora\/\" \/>\n<meta property=\"og:locale\" content=\"sk_SK\" \/>\n<meta property=\"og:type\" content=\"article\" \/>\n<meta property=\"og:title\" content=\"T\u00edm SKY v sez\u00f3ne 2020 bez sponzora\" \/>\n<meta property=\"og:description\" content=\"Britsk\u00fd World Tour t\u00edm v\u010dera r\u00e1no ozn\u00e1mil, \u017ee nasleduj\u00faca sez\u00f3na bude poslednou, v ktorej sa predstav\u00ed pod t\u00fdmto n\u00e1zvom. Sky [&hellip;]\" \/>\n<meta property=\"og:url\" content=\"https:\/\/www.welovecycling.com\/sk\/2018\/12\/13\/tim-sky-v-sezone-2020-bez-sponzora\/\" \/>\n<meta property=\"og:site_name\" content=\"\u0160koda We Love Cycling Slovensko\" \/>\n<meta property=\"article:published_time\" content=\"2018-12-13T09:12:47+00:00\" \/>\n<meta property=\"article:modified_time\" content=\"2018-12-20T10:12:40+00:00\" \/>\n<meta property=\"og:image\" content=\"https:\/\/d2p6e6u75xmxt8.cloudfront.net\/4\/2018\/12\/Team-Sky-profimedia-0380085063.webp\" \/>\n\t<meta property=\"og:image:width\" content=\"1366\" \/>\n\t<meta property=\"og:image:height\" content=\"600\" \/>\n\t<meta property=\"og:image:type\" content=\"image\/webp\" \/>\n<meta name=\"author\" content=\"Ondrej Ga\u0161par\" \/>\n<meta name=\"twitter:card\" content=\"summary_large_image\" \/>\n<meta name=\"twitter:label1\" content=\"Written by\" \/>\n\t<meta name=\"twitter:data1\" content=\"Monica Buck\" \/>\n\t<meta name=\"twitter:label2\" content=\"Est. reading time\" \/>\n\t<meta name=\"twitter:data2\" content=\"2\" \/>\n<script type=\"application\/ld+json\" class=\"yoast-schema-graph\">{\"@context\":\"https:\/\/schema.org\",\"@graph\":[{\"@type\":\"WebPage\",\"@id\":\"https:\/\/www.welovecycling.com\/sk\/2018\/12\/13\/tim-sky-v-sezone-2020-bez-sponzora\/\",\"url\":\"https:\/\/www.welovecycling.com\/sk\/2018\/12\/13\/tim-sky-v-sezone-2020-bez-sponzora\/\",\"name\":\"T\u00edm SKY v sez\u00f3ne 2020 bez sponzora - \u0160koda We Love Cycling Slovensko\",\"isPartOf\":{\"@id\":\"https:\/\/www.welovecycling.com\/sk\/#website\"},\"primaryImageOfPage\":{\"@id\":\"https:\/\/www.welovecycling.com\/sk\/2018\/12\/13\/tim-sky-v-sezone-2020-bez-sponzora\/#primaryimage\"},\"image\":{\"@id\":\"https:\/\/www.welovecycling.com\/sk\/2018\/12\/13\/tim-sky-v-sezone-2020-bez-sponzora\/#primaryimage\"},\"thumbnailUrl\":\"https:\/\/d2p6e6u75xmxt8.cloudfront.net\/4\/2018\/12\/Team-Sky-profimedia-0380085063.webp\",\"datePublished\":\"2018-12-13T09:12:47+00:00\",\"dateModified\":\"2018-12-20T10:12:40+00:00\",\"author\":{\"@id\":\"https:\/\/www.welovecycling.com\/sk\/#\/schema\/person\/8ee09ba39b7e25b1870160aa5b3a89bc\"},\"breadcrumb\":{\"@id\":\"https:\/\/www.welovecycling.com\/sk\/2018\/12\/13\/tim-sky-v-sezone-2020-bez-sponzora\/#breadcrumb\"},\"inLanguage\":\"sk-SK\",\"potentialAction\":[{\"@type\":\"ReadAction\",\"target\":[\"https:\/\/www.welovecycling.com\/sk\/2018\/12\/13\/tim-sky-v-sezone-2020-bez-sponzora\/\"]}]},{\"@type\":\"ImageObject\",\"inLanguage\":\"sk-SK\",\"@id\":\"https:\/\/www.welovecycling.com\/sk\/2018\/12\/13\/tim-sky-v-sezone-2020-bez-sponzora\/#primaryimage\",\"url\":\"https:\/\/d2p6e6u75xmxt8.cloudfront.net\/4\/2018\/12\/Team-Sky-profimedia-0380085063.webp\",\"contentUrl\":\"https:\/\/d2p6e6u75xmxt8.cloudfront.net\/4\/2018\/12\/Team-Sky-profimedia-0380085063.webp\",\"width\":1366,\"height\":600},{\"@type\":\"BreadcrumbList\",\"@id\":\"https:\/\/www.welovecycling.com\/sk\/2018\/12\/13\/tim-sky-v-sezone-2020-bez-sponzora\/#breadcrumb\",\"itemListElement\":[{\"@type\":\"ListItem\",\"position\":1,\"name\":\"Home\",\"item\":\"https:\/\/www.welovecycling.com\/sk\/\"},{\"@type\":\"ListItem\",\"position\":2,\"name\":\"T\u00edm SKY v sez\u00f3ne 2020 bez sponzora\"}]},{\"@type\":\"WebSite\",\"@id\":\"https:\/\/www.welovecycling.com\/sk\/#website\",\"url\":\"https:\/\/www.welovecycling.com\/sk\/\",\"name\":\"\u0160koda We Love Cycling Slovensko\",\"description\":\"\u0160koda We Love Cycling Slovensko je v\u00e1\u0161 ka\u017edodenn\u00fd zdroj noviniek a in\u0161pir\u00e1cie z sveta cyklistiky\",\"potentialAction\":[{\"@type\":\"SearchAction\",\"target\":{\"@type\":\"EntryPoint\",\"urlTemplate\":\"https:\/\/www.welovecycling.com\/sk\/?s={search_term_string}\"},\"query-input\":{\"@type\":\"PropertyValueSpecification\",\"valueRequired\":true,\"valueName\":\"search_term_string\"}}],\"inLanguage\":\"sk-SK\"},{\"@type\":\"Person\",\"@id\":\"https:\/\/www.welovecycling.com\/sk\/#\/schema\/person\/8ee09ba39b7e25b1870160aa5b3a89bc\",\"name\":\"Ondrej Ga\u0161par\",\"image\":{\"@type\":\"ImageObject\",\"inLanguage\":\"sk-SK\",\"@id\":\"https:\/\/www.welovecycling.com\/sk\/#\/schema\/person\/image\/\",\"url\":\"https:\/\/secure.gravatar.com\/avatar\/6126c9afb87b70da5abbb083ddbb21933da15f18f8ca7cb822aba0fb096a48f6?s=96&d=mm&r=g\",\"contentUrl\":\"https:\/\/secure.gravatar.com\/avatar\/6126c9afb87b70da5abbb083ddbb21933da15f18f8ca7cb822aba0fb096a48f6?s=96&d=mm&r=g\",\"caption\":\"Ondrej Ga\u0161par\"},\"url\":\"https:\/\/www.welovecycling.com\/sk\/author\/ondrejgaspar\/\"}]}<\/script>\n<!-- \/ Yoast SEO Premium plugin. -->","yoast_head_json":{"title":"T\u00edm SKY v sez\u00f3ne 2020 bez sponzora - \u0160koda We Love Cycling Slovensko","robots":{"index":"index","follow":"follow","max-snippet":"max-snippet:-1","max-image-preview":"max-image-preview:large","max-video-preview":"max-video-preview:-1"},"canonical":"https:\/\/www.welovecycling.com\/sk\/2018\/12\/13\/tim-sky-v-sezone-2020-bez-sponzora\/","og_locale":"sk_SK","og_type":"article","og_title":"T\u00edm SKY v sez\u00f3ne 2020 bez sponzora","og_description":"Britsk\u00fd World Tour t\u00edm v\u010dera r\u00e1no ozn\u00e1mil, \u017ee nasleduj\u00faca sez\u00f3na bude poslednou, v ktorej sa predstav\u00ed pod t\u00fdmto n\u00e1zvom. Sky [&hellip;]","og_url":"https:\/\/www.welovecycling.com\/sk\/2018\/12\/13\/tim-sky-v-sezone-2020-bez-sponzora\/","og_site_name":"\u0160koda We Love Cycling Slovensko","article_published_time":"2018-12-13T09:12:47+00:00","article_modified_time":"2018-12-20T10:12:40+00:00","og_image":[{"width":1366,"height":600,"url":"https:\/\/d2p6e6u75xmxt8.cloudfront.net\/4\/2018\/12\/Team-Sky-profimedia-0380085063.webp","type":"image\/webp"}],"author":"Ondrej Ga\u0161par","twitter_card":"summary_large_image","twitter_misc":{"Written by":"Monica Buck","Est. reading time":"2"},"schema":{"@context":"https:\/\/schema.org","@graph":[{"@type":"WebPage","@id":"https:\/\/www.welovecycling.com\/sk\/2018\/12\/13\/tim-sky-v-sezone-2020-bez-sponzora\/","url":"https:\/\/www.welovecycling.com\/sk\/2018\/12\/13\/tim-sky-v-sezone-2020-bez-sponzora\/","name":"T\u00edm SKY v sez\u00f3ne 2020 bez sponzora - \u0160koda We Love Cycling Slovensko","isPartOf":{"@id":"https:\/\/www.welovecycling.com\/sk\/#website"},"primaryImageOfPage":{"@id":"https:\/\/www.welovecycling.com\/sk\/2018\/12\/13\/tim-sky-v-sezone-2020-bez-sponzora\/#primaryimage"},"image":{"@id":"https:\/\/www.welovecycling.com\/sk\/2018\/12\/13\/tim-sky-v-sezone-2020-bez-sponzora\/#primaryimage"},"thumbnailUrl":"https:\/\/d2p6e6u75xmxt8.cloudfront.net\/4\/2018\/12\/Team-Sky-profimedia-0380085063.webp","datePublished":"2018-12-13T09:12:47+00:00","dateModified":"2018-12-20T10:12:40+00:00","author":{"@id":"https:\/\/www.welovecycling.com\/sk\/#\/schema\/person\/8ee09ba39b7e25b1870160aa5b3a89bc"},"breadcrumb":{"@id":"https:\/\/www.welovecycling.com\/sk\/2018\/12\/13\/tim-sky-v-sezone-2020-bez-sponzora\/#breadcrumb"},"inLanguage":"sk-SK","potentialAction":[{"@type":"ReadAction","target":["https:\/\/www.welovecycling.com\/sk\/2018\/12\/13\/tim-sky-v-sezone-2020-bez-sponzora\/"]}]},{"@type":"ImageObject","inLanguage":"sk-SK","@id":"https:\/\/www.welovecycling.com\/sk\/2018\/12\/13\/tim-sky-v-sezone-2020-bez-sponzora\/#primaryimage","url":"https:\/\/d2p6e6u75xmxt8.cloudfront.net\/4\/2018\/12\/Team-Sky-profimedia-0380085063.webp","contentUrl":"https:\/\/d2p6e6u75xmxt8.cloudfront.net\/4\/2018\/12\/Team-Sky-profimedia-0380085063.webp","width":1366,"height":600},{"@type":"BreadcrumbList","@id":"https:\/\/www.welovecycling.com\/sk\/2018\/12\/13\/tim-sky-v-sezone-2020-bez-sponzora\/#breadcrumb","itemListElement":[{"@type":"ListItem","position":1,"name":"Home","item":"https:\/\/www.welovecycling.com\/sk\/"},{"@type":"ListItem","position":2,"name":"T\u00edm SKY v sez\u00f3ne 2020 bez sponzora"}]},{"@type":"WebSite","@id":"https:\/\/www.welovecycling.com\/sk\/#website","url":"https:\/\/www.welovecycling.com\/sk\/","name":"\u0160koda We Love Cycling Slovensko","description":"\u0160koda We Love Cycling Slovensko je v\u00e1\u0161 ka\u017edodenn\u00fd zdroj noviniek a in\u0161pir\u00e1cie z sveta cyklistiky","potentialAction":[{"@type":"SearchAction","target":{"@type":"EntryPoint","urlTemplate":"https:\/\/www.welovecycling.com\/sk\/?s={search_term_string}"},"query-input":{"@type":"PropertyValueSpecification","valueRequired":true,"valueName":"search_term_string"}}],"inLanguage":"sk-SK"},{"@type":"Person","@id":"https:\/\/www.welovecycling.com\/sk\/#\/schema\/person\/8ee09ba39b7e25b1870160aa5b3a89bc","name":"Ondrej Ga\u0161par","image":{"@type":"ImageObject","inLanguage":"sk-SK","@id":"https:\/\/www.welovecycling.com\/sk\/#\/schema\/person\/image\/","url":"https:\/\/secure.gravatar.com\/avatar\/6126c9afb87b70da5abbb083ddbb21933da15f18f8ca7cb822aba0fb096a48f6?s=96&d=mm&r=g","contentUrl":"https:\/\/secure.gravatar.com\/avatar\/6126c9afb87b70da5abbb083ddbb21933da15f18f8ca7cb822aba0fb096a48f6?s=96&d=mm&r=g","caption":"Ondrej Ga\u0161par"},"url":"https:\/\/www.welovecycling.com\/sk\/author\/ondrejgaspar\/"}]}},"_links":{"self":[{"href":"https:\/\/www.welovecycling.com\/sk\/wp-json\/wp\/v2\/posts\/5726","targetHints":{"allow":["GET"]}}],"collection":[{"href":"https:\/\/www.welovecycling.com\/sk\/wp-json\/wp\/v2\/posts"}],"about":[{"href":"https:\/\/www.welovecycling.com\/sk\/wp-json\/wp\/v2\/types\/post"}],"author":[{"embeddable":true,"href":"https:\/\/www.welovecycling.com\/sk\/wp-json\/wp\/v2\/users\/38"}],"replies":[{"embeddable":true,"href":"https:\/\/www.welovecycling.com\/sk\/wp-json\/wp\/v2\/comments?post=5726"}],"version-history":[{"count":2,"href":"https:\/\/www.welovecycling.com\/sk\/wp-json\/wp\/v2\/posts\/5726\/revisions"}],"predecessor-version":[{"id":5770,"href":"https:\/\/www.welovecycling.com\/sk\/wp-json\/wp\/v2\/posts\/5726\/revisions\/5770"}],"wp:featuredmedia":[{"embeddable":true,"href":"https:\/\/www.welovecycling.com\/sk\/wp-json\/wp\/v2\/media\/5728"}],"wp:attachment":[{"href":"https:\/\/www.welovecycling.com\/sk\/wp-json\/wp\/v2\/media?parent=5726"}],"wp:term":[{"taxonomy":"category","embeddable":true,"href":"https:\/\/www.welovecycling.com\/sk\/wp-json\/wp\/v2\/categories?post=5726"},{"taxonomy":"post_tag","embeddable":true,"href":"https:\/\/www.welovecycling.com\/sk\/wp-json\/wp\/v2\/tags?post=5726"},{"taxonomy":"global-categories","embeddable":true,"href":"https:\/\/www.welovecycling.com\/sk\/wp-json\/wp\/v2\/global-categories?post=5726"}],"curies":[{"name":"wp","href":"https:\/\/api.w.org\/{rel}","templated":true}]}}