{"id":571,"date":"2017-05-09T15:20:27","date_gmt":"2017-05-09T13:20:27","guid":{"rendered":"https:\/\/www.welovecycling.com\/sk\/?p=571"},"modified":"2023-04-26T13:00:58","modified_gmt":"2023-04-26T11:00:58","slug":"video-u-nas-medvede-v-australii-zase-kengury","status":"publish","type":"post","link":"https:\/\/www.welovecycling.com\/sk\/2017\/05\/09\/video-u-nas-medvede-v-australii-zase-kengury\/","title":{"rendered":"VIDEO: U n\u00e1s medvede, v Austr\u00e1lii zase kengury"},"content":{"rendered":"<p><strong>Na otv\u00e1ra\u010dke bike parku Malin\u00f4 Brdo by zrejme nebolo ni\u010d zvl\u00e1\u0161tne, ak by sa svoje zjazdov\u00e9 zru\u010dnosti nerozhodol uk\u00e1za\u0165 aj menej tradi\u010dn\u00fd n\u00e1v\u0161tevn\u00edk. Presne ten, ktor\u00e9ho v lese nechce nikto z n\u00e1s stretn\u00fa\u0165 \u2013 medve\u010f. Unik\u00e1tne stretnutie zachytil <a href=\"https:\/\/www.youtube.com\/channel\/UC2KeMamWkGDZf33d9Pkvz1g\" target=\"_blank\" rel=\"noopener noreferrer\">Du\u0161an Vin\u017e\u00edk<\/a> na svojej kamere a video sa stalo hitom internetu.<\/strong><!--more--><\/p>\n<lite-youtube videoid=V5AN0jRzPMI params=\"enablejsapi=1\" style=\"background-image: url('https:\/\/i.ytimg.com\/vi_webp\/V5AN0jRzPMI\/maxresdefault.webp');\"><\/lite-youtube>\n<p><strong>BONUS: Probl\u00e9my u protino\u017ecov<\/strong><\/p>\n<p>Nie\u010do podobn\u00e9 len s trochu in\u00fdm z\u00e1stupcom zvieracej r\u00ed\u0161e za\u017eil Austr\u00e1lsky cyklista Tony. Aj ke\u010f kengury nepatria medzi agres\u00edvne zvierat\u00e1, niektor\u00e9 z nich nie s\u00fa ve\u013emi priate\u013esk\u00e9. Nehovoriac o tom, \u017ee ak v\u00e1m v r\u00fdchlosti okolo 70 km\/h sko\u010d\u00ed 90 kilov\u00e1 prek\u00e1\u017eka priamo pred koleso, m\u00e1te celkom v\u00e1\u017eny probl\u00e9m&#8230;<\/p>\n<lite-youtube videoid=LgITXML-dmU params=\"enablejsapi=1\" style=\"background-image: url('https:\/\/i.ytimg.com\/vi_webp\/LgITXML-dmU\/maxresdefault.webp');\"><\/lite-youtube>\n","protected":false},"excerpt":{"rendered":"<p>Na otv\u00e1ra\u010dke bike parku Malin\u00f4 Brdo by zrejme nebolo ni\u010d zvl\u00e1\u0161tne, ak by sa svoje zjazdov\u00e9 zru\u010dnosti nerozhodol uk\u00e1za\u0165 aj [&hellip;]<\/p>\n","protected":false},"author":38,"featured_media":574,"comment_status":"open","ping_status":"open","sticky":false,"template":"","format":"video","meta":{"footnotes":""},"categories":[47,3],"tags":[49,48,50],"global-categories":[],"class_list":["post-571","post","type-post","status-publish","format-video","has-post-thumbnail","hentry","category-adrenalin","category-mtb","tag-bike-park-malino-brdo","tag-dusan-vinzik","tag-medved","post_format-post-format-video"],"yoast_head":"<!-- This site is optimized with the Yoast SEO Premium plugin v25.3 (Yoast SEO v25.9) - https:\/\/yoast.com\/wordpress\/plugins\/seo\/ -->\n<title>VIDEO: U n\u00e1s medvede, v Austr\u00e1lii zase kengury<\/title>\n<meta name=\"description\" content=\"Na otv\u00e1ra\u010dke bike parku Malin\u00f4 Brdo by nebolo ni\u010d zvl\u00e1\u0161tne, ak by sa svoje zjazdov\u00e9 zru\u010dnosti nerozhodol uk\u00e1za\u0165 aj menej tradi\u010dn\u00fd n\u00e1v\u0161tevn\u00edk.\" \/>\n<meta name=\"robots\" content=\"index, follow, max-snippet:-1, max-image-preview:large, max-video-preview:-1\" \/>\n<link rel=\"canonical\" href=\"https:\/\/www.welovecycling.com\/sk\/2017\/05\/09\/video-u-nas-medvede-v-australii-zase-kengury\/\" \/>\n<meta property=\"og:locale\" content=\"sk_SK\" \/>\n<meta property=\"og:type\" content=\"article\" \/>\n<meta property=\"og:title\" content=\"VIDEO: U n\u00e1s medvede, v Austr\u00e1lii zase kengury\" \/>\n<meta property=\"og:description\" content=\"Na otv\u00e1ra\u010dke bike parku Malin\u00f4 Brdo by nebolo ni\u010d zvl\u00e1\u0161tne, ak by sa svoje zjazdov\u00e9 zru\u010dnosti nerozhodol uk\u00e1za\u0165 aj menej tradi\u010dn\u00fd n\u00e1v\u0161tevn\u00edk.\" \/>\n<meta property=\"og:url\" content=\"https:\/\/www.welovecycling.com\/sk\/2017\/05\/09\/video-u-nas-medvede-v-australii-zase-kengury\/\" \/>\n<meta property=\"og:site_name\" content=\"\u0160koda We Love Cycling Slovensko\" \/>\n<meta property=\"article:published_time\" content=\"2017-05-09T13:20:27+00:00\" \/>\n<meta property=\"article:modified_time\" content=\"2023-04-26T11:00:58+00:00\" \/>\n<meta property=\"og:image\" content=\"https:\/\/d2p6e6u75xmxt8.cloudfront.net\/4\/2017\/05\/745454458.webp\" \/>\n\t<meta property=\"og:image:width\" content=\"1375\" \/>\n\t<meta property=\"og:image:height\" content=\"600\" \/>\n\t<meta property=\"og:image:type\" content=\"image\/webp\" \/>\n<meta name=\"author\" content=\"Ondrej Ga\u0161par\" \/>\n<meta name=\"twitter:card\" content=\"summary_large_image\" \/>\n<meta name=\"twitter:label1\" content=\"Written by\" \/>\n\t<meta name=\"twitter:data1\" content=\"We Love Cycling\" \/>\n\t<meta name=\"twitter:label2\" content=\"Est. reading time\" \/>\n\t<meta name=\"twitter:data2\" content=\"1 minute\" \/>\n<script type=\"application\/ld+json\" class=\"yoast-schema-graph\">{\"@context\":\"https:\/\/schema.org\",\"@graph\":[{\"@type\":\"WebPage\",\"@id\":\"https:\/\/www.welovecycling.com\/sk\/2017\/05\/09\/video-u-nas-medvede-v-australii-zase-kengury\/\",\"url\":\"https:\/\/www.welovecycling.com\/sk\/2017\/05\/09\/video-u-nas-medvede-v-australii-zase-kengury\/\",\"name\":\"VIDEO: U n\u00e1s medvede, v Austr\u00e1lii zase kengury\",\"isPartOf\":{\"@id\":\"https:\/\/www.welovecycling.com\/sk\/#website\"},\"primaryImageOfPage\":{\"@id\":\"https:\/\/www.welovecycling.com\/sk\/2017\/05\/09\/video-u-nas-medvede-v-australii-zase-kengury\/#primaryimage\"},\"image\":{\"@id\":\"https:\/\/www.welovecycling.com\/sk\/2017\/05\/09\/video-u-nas-medvede-v-australii-zase-kengury\/#primaryimage\"},\"thumbnailUrl\":\"https:\/\/d2p6e6u75xmxt8.cloudfront.net\/4\/2017\/05\/745454458.webp\",\"datePublished\":\"2017-05-09T13:20:27+00:00\",\"dateModified\":\"2023-04-26T11:00:58+00:00\",\"author\":{\"@id\":\"https:\/\/www.welovecycling.com\/sk\/#\/schema\/person\/8ee09ba39b7e25b1870160aa5b3a89bc\"},\"description\":\"Na otv\u00e1ra\u010dke bike parku Malin\u00f4 Brdo by nebolo ni\u010d zvl\u00e1\u0161tne, ak by sa svoje zjazdov\u00e9 zru\u010dnosti nerozhodol uk\u00e1za\u0165 aj menej tradi\u010dn\u00fd n\u00e1v\u0161tevn\u00edk.\",\"breadcrumb\":{\"@id\":\"https:\/\/www.welovecycling.com\/sk\/2017\/05\/09\/video-u-nas-medvede-v-australii-zase-kengury\/#breadcrumb\"},\"inLanguage\":\"sk-SK\",\"potentialAction\":[{\"@type\":\"ReadAction\",\"target\":[\"https:\/\/www.welovecycling.com\/sk\/2017\/05\/09\/video-u-nas-medvede-v-australii-zase-kengury\/\"]}]},{\"@type\":\"ImageObject\",\"inLanguage\":\"sk-SK\",\"@id\":\"https:\/\/www.welovecycling.com\/sk\/2017\/05\/09\/video-u-nas-medvede-v-australii-zase-kengury\/#primaryimage\",\"url\":\"https:\/\/d2p6e6u75xmxt8.cloudfront.net\/4\/2017\/05\/745454458.webp\",\"contentUrl\":\"https:\/\/d2p6e6u75xmxt8.cloudfront.net\/4\/2017\/05\/745454458.webp\",\"width\":1375,\"height\":600},{\"@type\":\"BreadcrumbList\",\"@id\":\"https:\/\/www.welovecycling.com\/sk\/2017\/05\/09\/video-u-nas-medvede-v-australii-zase-kengury\/#breadcrumb\",\"itemListElement\":[{\"@type\":\"ListItem\",\"position\":1,\"name\":\"Home\",\"item\":\"https:\/\/www.welovecycling.com\/sk\/\"},{\"@type\":\"ListItem\",\"position\":2,\"name\":\"VIDEO: U n\u00e1s medvede, v Austr\u00e1lii zase kengury\"}]},{\"@type\":\"WebSite\",\"@id\":\"https:\/\/www.welovecycling.com\/sk\/#website\",\"url\":\"https:\/\/www.welovecycling.com\/sk\/\",\"name\":\"\u0160koda We Love Cycling Slovensko\",\"description\":\"\u0160koda We Love Cycling Slovensko je v\u00e1\u0161 ka\u017edodenn\u00fd zdroj noviniek a in\u0161pir\u00e1cie z sveta cyklistiky\",\"potentialAction\":[{\"@type\":\"SearchAction\",\"target\":{\"@type\":\"EntryPoint\",\"urlTemplate\":\"https:\/\/www.welovecycling.com\/sk\/?s={search_term_string}\"},\"query-input\":{\"@type\":\"PropertyValueSpecification\",\"valueRequired\":true,\"valueName\":\"search_term_string\"}}],\"inLanguage\":\"sk-SK\"},{\"@type\":\"Person\",\"@id\":\"https:\/\/www.welovecycling.com\/sk\/#\/schema\/person\/8ee09ba39b7e25b1870160aa5b3a89bc\",\"name\":\"Ondrej Ga\u0161par\",\"image\":{\"@type\":\"ImageObject\",\"inLanguage\":\"sk-SK\",\"@id\":\"https:\/\/www.welovecycling.com\/sk\/#\/schema\/person\/image\/\",\"url\":\"https:\/\/secure.gravatar.com\/avatar\/6126c9afb87b70da5abbb083ddbb21933da15f18f8ca7cb822aba0fb096a48f6?s=96&d=mm&r=g\",\"contentUrl\":\"https:\/\/secure.gravatar.com\/avatar\/6126c9afb87b70da5abbb083ddbb21933da15f18f8ca7cb822aba0fb096a48f6?s=96&d=mm&r=g\",\"caption\":\"Ondrej Ga\u0161par\"},\"url\":\"https:\/\/www.welovecycling.com\/sk\/author\/ondrejgaspar\/\"}]}<\/script>\n<!-- \/ Yoast SEO Premium plugin. -->","yoast_head_json":{"title":"VIDEO: U n\u00e1s medvede, v Austr\u00e1lii zase kengury","description":"Na otv\u00e1ra\u010dke bike parku Malin\u00f4 Brdo by nebolo ni\u010d zvl\u00e1\u0161tne, ak by sa svoje zjazdov\u00e9 zru\u010dnosti nerozhodol uk\u00e1za\u0165 aj menej tradi\u010dn\u00fd n\u00e1v\u0161tevn\u00edk.","robots":{"index":"index","follow":"follow","max-snippet":"max-snippet:-1","max-image-preview":"max-image-preview:large","max-video-preview":"max-video-preview:-1"},"canonical":"https:\/\/www.welovecycling.com\/sk\/2017\/05\/09\/video-u-nas-medvede-v-australii-zase-kengury\/","og_locale":"sk_SK","og_type":"article","og_title":"VIDEO: U n\u00e1s medvede, v Austr\u00e1lii zase kengury","og_description":"Na otv\u00e1ra\u010dke bike parku Malin\u00f4 Brdo by nebolo ni\u010d zvl\u00e1\u0161tne, ak by sa svoje zjazdov\u00e9 zru\u010dnosti nerozhodol uk\u00e1za\u0165 aj menej tradi\u010dn\u00fd n\u00e1v\u0161tevn\u00edk.","og_url":"https:\/\/www.welovecycling.com\/sk\/2017\/05\/09\/video-u-nas-medvede-v-australii-zase-kengury\/","og_site_name":"\u0160koda We Love Cycling Slovensko","article_published_time":"2017-05-09T13:20:27+00:00","article_modified_time":"2023-04-26T11:00:58+00:00","og_image":[{"width":1375,"height":600,"url":"https:\/\/d2p6e6u75xmxt8.cloudfront.net\/4\/2017\/05\/745454458.webp","type":"image\/webp"}],"author":"Ondrej Ga\u0161par","twitter_card":"summary_large_image","twitter_misc":{"Written by":"We Love Cycling","Est. reading time":"1 minute"},"schema":{"@context":"https:\/\/schema.org","@graph":[{"@type":"WebPage","@id":"https:\/\/www.welovecycling.com\/sk\/2017\/05\/09\/video-u-nas-medvede-v-australii-zase-kengury\/","url":"https:\/\/www.welovecycling.com\/sk\/2017\/05\/09\/video-u-nas-medvede-v-australii-zase-kengury\/","name":"VIDEO: U n\u00e1s medvede, v Austr\u00e1lii zase kengury","isPartOf":{"@id":"https:\/\/www.welovecycling.com\/sk\/#website"},"primaryImageOfPage":{"@id":"https:\/\/www.welovecycling.com\/sk\/2017\/05\/09\/video-u-nas-medvede-v-australii-zase-kengury\/#primaryimage"},"image":{"@id":"https:\/\/www.welovecycling.com\/sk\/2017\/05\/09\/video-u-nas-medvede-v-australii-zase-kengury\/#primaryimage"},"thumbnailUrl":"https:\/\/d2p6e6u75xmxt8.cloudfront.net\/4\/2017\/05\/745454458.webp","datePublished":"2017-05-09T13:20:27+00:00","dateModified":"2023-04-26T11:00:58+00:00","author":{"@id":"https:\/\/www.welovecycling.com\/sk\/#\/schema\/person\/8ee09ba39b7e25b1870160aa5b3a89bc"},"description":"Na otv\u00e1ra\u010dke bike parku Malin\u00f4 Brdo by nebolo ni\u010d zvl\u00e1\u0161tne, ak by sa svoje zjazdov\u00e9 zru\u010dnosti nerozhodol uk\u00e1za\u0165 aj menej tradi\u010dn\u00fd n\u00e1v\u0161tevn\u00edk.","breadcrumb":{"@id":"https:\/\/www.welovecycling.com\/sk\/2017\/05\/09\/video-u-nas-medvede-v-australii-zase-kengury\/#breadcrumb"},"inLanguage":"sk-SK","potentialAction":[{"@type":"ReadAction","target":["https:\/\/www.welovecycling.com\/sk\/2017\/05\/09\/video-u-nas-medvede-v-australii-zase-kengury\/"]}]},{"@type":"ImageObject","inLanguage":"sk-SK","@id":"https:\/\/www.welovecycling.com\/sk\/2017\/05\/09\/video-u-nas-medvede-v-australii-zase-kengury\/#primaryimage","url":"https:\/\/d2p6e6u75xmxt8.cloudfront.net\/4\/2017\/05\/745454458.webp","contentUrl":"https:\/\/d2p6e6u75xmxt8.cloudfront.net\/4\/2017\/05\/745454458.webp","width":1375,"height":600},{"@type":"BreadcrumbList","@id":"https:\/\/www.welovecycling.com\/sk\/2017\/05\/09\/video-u-nas-medvede-v-australii-zase-kengury\/#breadcrumb","itemListElement":[{"@type":"ListItem","position":1,"name":"Home","item":"https:\/\/www.welovecycling.com\/sk\/"},{"@type":"ListItem","position":2,"name":"VIDEO: U n\u00e1s medvede, v Austr\u00e1lii zase kengury"}]},{"@type":"WebSite","@id":"https:\/\/www.welovecycling.com\/sk\/#website","url":"https:\/\/www.welovecycling.com\/sk\/","name":"\u0160koda We Love Cycling Slovensko","description":"\u0160koda We Love Cycling Slovensko je v\u00e1\u0161 ka\u017edodenn\u00fd zdroj noviniek a in\u0161pir\u00e1cie z sveta cyklistiky","potentialAction":[{"@type":"SearchAction","target":{"@type":"EntryPoint","urlTemplate":"https:\/\/www.welovecycling.com\/sk\/?s={search_term_string}"},"query-input":{"@type":"PropertyValueSpecification","valueRequired":true,"valueName":"search_term_string"}}],"inLanguage":"sk-SK"},{"@type":"Person","@id":"https:\/\/www.welovecycling.com\/sk\/#\/schema\/person\/8ee09ba39b7e25b1870160aa5b3a89bc","name":"Ondrej Ga\u0161par","image":{"@type":"ImageObject","inLanguage":"sk-SK","@id":"https:\/\/www.welovecycling.com\/sk\/#\/schema\/person\/image\/","url":"https:\/\/secure.gravatar.com\/avatar\/6126c9afb87b70da5abbb083ddbb21933da15f18f8ca7cb822aba0fb096a48f6?s=96&d=mm&r=g","contentUrl":"https:\/\/secure.gravatar.com\/avatar\/6126c9afb87b70da5abbb083ddbb21933da15f18f8ca7cb822aba0fb096a48f6?s=96&d=mm&r=g","caption":"Ondrej Ga\u0161par"},"url":"https:\/\/www.welovecycling.com\/sk\/author\/ondrejgaspar\/"}]}},"_links":{"self":[{"href":"https:\/\/www.welovecycling.com\/sk\/wp-json\/wp\/v2\/posts\/571","targetHints":{"allow":["GET"]}}],"collection":[{"href":"https:\/\/www.welovecycling.com\/sk\/wp-json\/wp\/v2\/posts"}],"about":[{"href":"https:\/\/www.welovecycling.com\/sk\/wp-json\/wp\/v2\/types\/post"}],"author":[{"embeddable":true,"href":"https:\/\/www.welovecycling.com\/sk\/wp-json\/wp\/v2\/users\/38"}],"replies":[{"embeddable":true,"href":"https:\/\/www.welovecycling.com\/sk\/wp-json\/wp\/v2\/comments?post=571"}],"version-history":[{"count":2,"href":"https:\/\/www.welovecycling.com\/sk\/wp-json\/wp\/v2\/posts\/571\/revisions"}],"predecessor-version":[{"id":17275,"href":"https:\/\/www.welovecycling.com\/sk\/wp-json\/wp\/v2\/posts\/571\/revisions\/17275"}],"wp:featuredmedia":[{"embeddable":true,"href":"https:\/\/www.welovecycling.com\/sk\/wp-json\/wp\/v2\/media\/574"}],"wp:attachment":[{"href":"https:\/\/www.welovecycling.com\/sk\/wp-json\/wp\/v2\/media?parent=571"}],"wp:term":[{"taxonomy":"category","embeddable":true,"href":"https:\/\/www.welovecycling.com\/sk\/wp-json\/wp\/v2\/categories?post=571"},{"taxonomy":"post_tag","embeddable":true,"href":"https:\/\/www.welovecycling.com\/sk\/wp-json\/wp\/v2\/tags?post=571"},{"taxonomy":"global-categories","embeddable":true,"href":"https:\/\/www.welovecycling.com\/sk\/wp-json\/wp\/v2\/global-categories?post=571"}],"curies":[{"name":"wp","href":"https:\/\/api.w.org\/{rel}","templated":true}]}}