{"id":5672,"date":"2018-12-19T10:03:55","date_gmt":"2018-12-19T09:03:55","guid":{"rendered":"https:\/\/www.welovecycling.com\/sk\/?p=5672"},"modified":"2018-12-20T10:43:32","modified_gmt":"2018-12-20T09:43:32","slug":"preco-jazdite","status":"publish","type":"post","link":"https:\/\/www.welovecycling.com\/sk\/2018\/12\/19\/preco-jazdite\/","title":{"rendered":"Pre\u010do jazd\u00edte?"},"content":{"rendered":"<p><strong>U n\u00e1s vo We Love Cycling rozumieme tomu, \u017ee rovnak\u00e1 v\u00e1\u0161e\u0148, ktor\u00e1 n\u00e1s sp\u00e1ja, n\u00e1s z\u00e1rove\u0148 rob\u00ed jedine\u010dn\u00fdmi. Za ka\u017ed\u00fdm cyklistom je pr\u00edbeh. \u010ci u\u017e je to pr\u00edbeh vytrvalosti, hladu, objavovania alebo dobrodru\u017estva, ke\u010f si vysadnete do sedla, mo\u017enosti s\u00fa neobmedzen\u00e9. Ka\u017ed\u00fd m\u00e1 svoj vlastn\u00fd, jedine\u010dn\u00fd, in\u0161piruj\u00faci pr\u00edbeh, in\u00fd od ostatn\u00fdch. Tu je nieko\u013eko z nich, ktor\u00e9 n\u00e1s robia hrd\u00fdmi na to, \u010do rob\u00edme.<\/strong><!--more--><\/p>\n<lite-youtube videoid=RgNPATMtKaU params=\"enablejsapi=1\" style=\"background-image: url('https:\/\/i.ytimg.com\/vi_webp\/RgNPATMtKaU\/maxresdefault.webp');\"><\/lite-youtube>\n<h2><strong>Jazd\u00edm, aby som mala na \u010do spom\u00edna\u0165<\/strong><\/h2>\n<p>Renee si je ist\u00e1, \u017ee <strong>n\u00e1kup bicykla bolo to najlep\u0161ie rozhodnutie<\/strong>, ak\u00e9 kedy urobila. Horsk\u00e1 cyklistika ju priviedla k novej skupine \u013eud\u00ed, ktor\u00ed s\u00fa jej teraz ako rodina. Okrem fyzick\u00fdch, ment\u00e1lnych a soci\u00e1lnych v\u00fdhod vie, \u017ee na tieto z\u00e1\u017eitky bude o p\u00e1r rokov s rados\u0165ou spom\u00edna\u0165.<\/p>\n<p><em>Milujem, \u017ee ma cyklistika zoberie na miesta, ktor\u00e9 v\u00e4\u010d\u0161ina \u013eud\u00ed nevid\u00ed. Zbo\u017e\u0148ujem dobrodru\u017estvo a z\u00e1\u017eitky, ktor\u00e9 vytv\u00e1ra.<\/em><\/p>\n<h2><strong>Jazd\u00edm, aby som zv\u00fd\u0161il povedomie<\/strong><\/h2>\n<p>V roku 2016 Steven zalo\u017eil <strong>Cycling for Autism<\/strong> &#8211; neziskov\u00fa organiz\u00e1ciu, ktor\u00e1 sa zaober\u00e1 zv\u00fd\u0161en\u00edm povedomia o ochoren\u00ed, ktor\u00e9 ovplyvnilo mili\u00f3ny rod\u00edn po celom svete. Cyklistika mu pomohla prekona\u0165 osobn\u00e9 limity spolu s mo\u017enos\u0165ou podpori\u0165 jeho kon\u00ed\u010dkom nie\u010do, \u010domu ver\u00ed.<\/p>\n<p><em>Ka\u017ed\u00fd 150. \u010dlovek trp\u00ed autizmom. To je ve\u013ek\u00e1 skupina a ja jazd\u00edm, aby som zv\u00fd\u0161il povedomie a prijatie tejto choroby.<\/em><\/p>\n<p><a href=\"https:\/\/d2p6e6u75xmxt8.cloudfront.net\/4\/2018\/12\/WhyWeRide.jpg\"><img loading=\"lazy\" decoding=\"async\" class=\"alignnone size-full wp-image-5674\" src=\"https:\/\/d2p6e6u75xmxt8.cloudfront.net\/4\/2018\/12\/WhyWeRide.jpg\" alt=\"\" width=\"1377\" height=\"918\" \/><\/a><\/p>\n<h2><strong>Jazd\u00edm pre l\u00e1sku<\/strong><\/h2>\n<p>Joanie za\u010dala jazdi\u0165, aby zdie\u013eala s priate\u013eom v\u00e1\u0161e\u0148 k cyklistike. Rok na to sa pustili do Spring Classic Milan-San Remo, kde dokon\u010dili 295 km za 9 hod\u00edn. Umiestnila sa <strong>na 2. mieste spomedzi \u017eien<\/strong> a trv\u00e1 na tom, \u017ee tento v\u00fdkon bol o to slad\u0161\u00ed, \u017ee ho zdie\u013eala s niek\u00fdm, koho miluje.<\/p>\n<p><em>\u010ci je to beh alebo cyklistika, najd\u00f4le\u017eitej\u0161ie je milova\u0165 \u0161port a zdie\u013ea\u0165 to s niek\u00fdm.<\/em><\/p>\n<h2><strong>Jazd\u00edm, aby som nezabudol<\/strong><\/h2>\n<p>Pred 8 rokmi Andre-mu diagnostikovali chronick\u00e9 ochorenie, ktor\u00e9 sp\u00f4sobuje slabos\u0165 svalov. Ako jeho telo chablo, bolo pre neho \u0165a\u017ek\u00e9 h\u013eada\u0165 motiv\u00e1ciu jazdi\u0165. To sa zmenilo, ke\u010f v roku 2017, po tom, ako jeho \u017eena zomrela na rakovinu vo veku 39 rokov, si uvedomil, \u017ee si chce <strong>ucti\u0165 spomienku na \u0148u<\/strong> t\u00fdm, \u017ee <strong>vy\u0165a\u017e\u00ed zo svojho \u017eivota \u010do najviac<\/strong>. Vr\u00e1til sa na bicykel a op\u00e4\u0165 prepadol tejto v\u00e1\u0161ni. Tento rok najazdil vy\u0161e 1 800 km cez \u0160v\u00e9dsko, aby si pripomenul, \u017ee tadia\u013e spolu jazdili.<\/p>\n<p><em>Ke\u010f mi zomrela \u017eena, nebolo cesty sp\u00e4\u0165. Bolo mojou povinnos\u0165ou u\u017e\u00edva\u0165 si \u017eivot!<\/em><\/p>\n<p><a href=\"https:\/\/d2p6e6u75xmxt8.cloudfront.net\/4\/2018\/12\/profimedia-0117656548.jpg\"><img loading=\"lazy\" decoding=\"async\" class=\"size-full wp-image-5675\" src=\"https:\/\/d2p6e6u75xmxt8.cloudfront.net\/4\/2018\/12\/profimedia-0117656548.jpg\" alt=\"\" width=\"1800\" height=\"1200\" \/><\/a><\/p>\n<h2><strong>Jazd\u00edm, aby som prekonala strach<\/strong><\/h2>\n<p>Odkedy videla \u017eensk\u00e9 MTB na Olympijsk\u00fdch hr\u00e1ch v roku 2016, Jenny vedela, \u017ee to chce vysk\u00fa\u0161a\u0165. Rok na to jej diagnostikovali rakovinu a podst\u00fapila intenz\u00edvnu lie\u010dbu, po ktorej zostala oslaben\u00e1 na tele i na du\u0161i. Predsavzat\u00e1 <strong>prekona\u0165 tieto limity<\/strong> si spomenula na jej sen o horskej cyklistike a k\u00fapila si bicykel. Ka\u017edou jazdou sa st\u00e1vala silnej\u0161ou a silnej\u0161ou a bud\u00faci rok sa z\u00fa\u010dastn\u00ed prv\u00fdch pretekov.<\/p>\n<p><em>Rakovina roztrhala moje sebavedomie na k\u00fasky. Vyu\u017eila som cyklistiku na vybudovanie odvahy a prekon\u00e1vanie strachu.<\/em><\/p>\n","protected":false},"excerpt":{"rendered":"<p>U n\u00e1s vo We Love Cycling rozumieme tomu, \u017ee rovnak\u00e1 v\u00e1\u0161e\u0148, ktor\u00e1 n\u00e1s sp\u00e1ja, n\u00e1s z\u00e1rove\u0148 rob\u00ed jedine\u010dn\u00fdmi. Za ka\u017ed\u00fdm [&hellip;]<\/p>\n","protected":false},"author":38,"featured_media":5677,"comment_status":"open","ping_status":"open","sticky":false,"template":"","format":"standard","meta":{"footnotes":""},"categories":[118,2],"tags":[553,115,180,532,412,600,179,55,183,161,623,475],"global-categories":[],"class_list":["post-5672","post","type-post","status-publish","format-standard","has-post-thumbnail","hentry","category-zabava","category-zdravie-trening","tag-ako-na-to","tag-cestna-cyklistika","tag-horska-cyklistika","tag-jazdenie","tag-mtb","tag-muzi","tag-preteky","tag-trening","tag-zabava","tag-zdravie","tag-zdravy-zivotny-styl","tag-zeny"],"yoast_head":"<!-- This site is optimized with the Yoast SEO Premium plugin v25.3 (Yoast SEO v25.9) - https:\/\/yoast.com\/wordpress\/plugins\/seo\/ -->\n<title>Pre\u010do jazd\u00edte? - \u0160koda We Love Cycling Slovensko<\/title>\n<meta name=\"robots\" content=\"index, follow, max-snippet:-1, max-image-preview:large, max-video-preview:-1\" \/>\n<link rel=\"canonical\" href=\"https:\/\/www.welovecycling.com\/sk\/2018\/12\/19\/preco-jazdite\/\" \/>\n<meta property=\"og:locale\" content=\"sk_SK\" \/>\n<meta property=\"og:type\" content=\"article\" \/>\n<meta property=\"og:title\" content=\"Pre\u010do jazd\u00edte?\" \/>\n<meta property=\"og:description\" content=\"U n\u00e1s vo We Love Cycling rozumieme tomu, \u017ee rovnak\u00e1 v\u00e1\u0161e\u0148, ktor\u00e1 n\u00e1s sp\u00e1ja, n\u00e1s z\u00e1rove\u0148 rob\u00ed jedine\u010dn\u00fdmi. Za ka\u017ed\u00fdm [&hellip;]\" \/>\n<meta property=\"og:url\" content=\"https:\/\/www.welovecycling.com\/sk\/2018\/12\/19\/preco-jazdite\/\" \/>\n<meta property=\"og:site_name\" content=\"\u0160koda We Love Cycling Slovensko\" \/>\n<meta property=\"article:published_time\" content=\"2018-12-19T09:03:55+00:00\" \/>\n<meta property=\"article:modified_time\" content=\"2018-12-20T09:43:32+00:00\" \/>\n<meta property=\"og:image\" content=\"https:\/\/d2p6e6u75xmxt8.cloudfront.net\/4\/2018\/12\/women-cvr.webp\" \/>\n\t<meta property=\"og:image:width\" content=\"1366\" \/>\n\t<meta property=\"og:image:height\" content=\"600\" \/>\n\t<meta property=\"og:image:type\" content=\"image\/webp\" \/>\n<meta name=\"author\" content=\"Ondrej Ga\u0161par\" \/>\n<meta name=\"twitter:card\" content=\"summary_large_image\" \/>\n<meta name=\"twitter:label1\" content=\"Written by\" \/>\n\t<meta name=\"twitter:data1\" content=\"Megan Flottorp\" \/>\n\t<meta name=\"twitter:label2\" content=\"Est. reading time\" \/>\n\t<meta name=\"twitter:data2\" content=\"4\" \/>\n<script type=\"application\/ld+json\" class=\"yoast-schema-graph\">{\"@context\":\"https:\/\/schema.org\",\"@graph\":[{\"@type\":\"WebPage\",\"@id\":\"https:\/\/www.welovecycling.com\/sk\/2018\/12\/19\/preco-jazdite\/\",\"url\":\"https:\/\/www.welovecycling.com\/sk\/2018\/12\/19\/preco-jazdite\/\",\"name\":\"Pre\u010do jazd\u00edte? - \u0160koda We Love Cycling Slovensko\",\"isPartOf\":{\"@id\":\"https:\/\/www.welovecycling.com\/sk\/#website\"},\"primaryImageOfPage\":{\"@id\":\"https:\/\/www.welovecycling.com\/sk\/2018\/12\/19\/preco-jazdite\/#primaryimage\"},\"image\":{\"@id\":\"https:\/\/www.welovecycling.com\/sk\/2018\/12\/19\/preco-jazdite\/#primaryimage\"},\"thumbnailUrl\":\"https:\/\/d2p6e6u75xmxt8.cloudfront.net\/4\/2018\/12\/women-cvr.webp\",\"datePublished\":\"2018-12-19T09:03:55+00:00\",\"dateModified\":\"2018-12-20T09:43:32+00:00\",\"author\":{\"@id\":\"https:\/\/www.welovecycling.com\/sk\/#\/schema\/person\/8ee09ba39b7e25b1870160aa5b3a89bc\"},\"breadcrumb\":{\"@id\":\"https:\/\/www.welovecycling.com\/sk\/2018\/12\/19\/preco-jazdite\/#breadcrumb\"},\"inLanguage\":\"sk-SK\",\"potentialAction\":[{\"@type\":\"ReadAction\",\"target\":[\"https:\/\/www.welovecycling.com\/sk\/2018\/12\/19\/preco-jazdite\/\"]}]},{\"@type\":\"ImageObject\",\"inLanguage\":\"sk-SK\",\"@id\":\"https:\/\/www.welovecycling.com\/sk\/2018\/12\/19\/preco-jazdite\/#primaryimage\",\"url\":\"https:\/\/d2p6e6u75xmxt8.cloudfront.net\/4\/2018\/12\/women-cvr.webp\",\"contentUrl\":\"https:\/\/d2p6e6u75xmxt8.cloudfront.net\/4\/2018\/12\/women-cvr.webp\",\"width\":1366,\"height\":600},{\"@type\":\"BreadcrumbList\",\"@id\":\"https:\/\/www.welovecycling.com\/sk\/2018\/12\/19\/preco-jazdite\/#breadcrumb\",\"itemListElement\":[{\"@type\":\"ListItem\",\"position\":1,\"name\":\"Home\",\"item\":\"https:\/\/www.welovecycling.com\/sk\/\"},{\"@type\":\"ListItem\",\"position\":2,\"name\":\"Pre\u010do jazd\u00edte?\"}]},{\"@type\":\"WebSite\",\"@id\":\"https:\/\/www.welovecycling.com\/sk\/#website\",\"url\":\"https:\/\/www.welovecycling.com\/sk\/\",\"name\":\"\u0160koda We Love Cycling Slovensko\",\"description\":\"\u0160koda We Love Cycling Slovensko je v\u00e1\u0161 ka\u017edodenn\u00fd zdroj noviniek a in\u0161pir\u00e1cie z sveta cyklistiky\",\"potentialAction\":[{\"@type\":\"SearchAction\",\"target\":{\"@type\":\"EntryPoint\",\"urlTemplate\":\"https:\/\/www.welovecycling.com\/sk\/?s={search_term_string}\"},\"query-input\":{\"@type\":\"PropertyValueSpecification\",\"valueRequired\":true,\"valueName\":\"search_term_string\"}}],\"inLanguage\":\"sk-SK\"},{\"@type\":\"Person\",\"@id\":\"https:\/\/www.welovecycling.com\/sk\/#\/schema\/person\/8ee09ba39b7e25b1870160aa5b3a89bc\",\"name\":\"Ondrej Ga\u0161par\",\"image\":{\"@type\":\"ImageObject\",\"inLanguage\":\"sk-SK\",\"@id\":\"https:\/\/www.welovecycling.com\/sk\/#\/schema\/person\/image\/\",\"url\":\"https:\/\/secure.gravatar.com\/avatar\/6126c9afb87b70da5abbb083ddbb21933da15f18f8ca7cb822aba0fb096a48f6?s=96&d=mm&r=g\",\"contentUrl\":\"https:\/\/secure.gravatar.com\/avatar\/6126c9afb87b70da5abbb083ddbb21933da15f18f8ca7cb822aba0fb096a48f6?s=96&d=mm&r=g\",\"caption\":\"Ondrej Ga\u0161par\"},\"url\":\"https:\/\/www.welovecycling.com\/sk\/author\/ondrejgaspar\/\"}]}<\/script>\n<!-- \/ Yoast SEO Premium plugin. -->","yoast_head_json":{"title":"Pre\u010do jazd\u00edte? - \u0160koda We Love Cycling Slovensko","robots":{"index":"index","follow":"follow","max-snippet":"max-snippet:-1","max-image-preview":"max-image-preview:large","max-video-preview":"max-video-preview:-1"},"canonical":"https:\/\/www.welovecycling.com\/sk\/2018\/12\/19\/preco-jazdite\/","og_locale":"sk_SK","og_type":"article","og_title":"Pre\u010do jazd\u00edte?","og_description":"U n\u00e1s vo We Love Cycling rozumieme tomu, \u017ee rovnak\u00e1 v\u00e1\u0161e\u0148, ktor\u00e1 n\u00e1s sp\u00e1ja, n\u00e1s z\u00e1rove\u0148 rob\u00ed jedine\u010dn\u00fdmi. Za ka\u017ed\u00fdm [&hellip;]","og_url":"https:\/\/www.welovecycling.com\/sk\/2018\/12\/19\/preco-jazdite\/","og_site_name":"\u0160koda We Love Cycling Slovensko","article_published_time":"2018-12-19T09:03:55+00:00","article_modified_time":"2018-12-20T09:43:32+00:00","og_image":[{"width":1366,"height":600,"url":"https:\/\/d2p6e6u75xmxt8.cloudfront.net\/4\/2018\/12\/women-cvr.webp","type":"image\/webp"}],"author":"Ondrej Ga\u0161par","twitter_card":"summary_large_image","twitter_misc":{"Written by":"Megan Flottorp","Est. reading time":"4"},"schema":{"@context":"https:\/\/schema.org","@graph":[{"@type":"WebPage","@id":"https:\/\/www.welovecycling.com\/sk\/2018\/12\/19\/preco-jazdite\/","url":"https:\/\/www.welovecycling.com\/sk\/2018\/12\/19\/preco-jazdite\/","name":"Pre\u010do jazd\u00edte? - \u0160koda We Love Cycling Slovensko","isPartOf":{"@id":"https:\/\/www.welovecycling.com\/sk\/#website"},"primaryImageOfPage":{"@id":"https:\/\/www.welovecycling.com\/sk\/2018\/12\/19\/preco-jazdite\/#primaryimage"},"image":{"@id":"https:\/\/www.welovecycling.com\/sk\/2018\/12\/19\/preco-jazdite\/#primaryimage"},"thumbnailUrl":"https:\/\/d2p6e6u75xmxt8.cloudfront.net\/4\/2018\/12\/women-cvr.webp","datePublished":"2018-12-19T09:03:55+00:00","dateModified":"2018-12-20T09:43:32+00:00","author":{"@id":"https:\/\/www.welovecycling.com\/sk\/#\/schema\/person\/8ee09ba39b7e25b1870160aa5b3a89bc"},"breadcrumb":{"@id":"https:\/\/www.welovecycling.com\/sk\/2018\/12\/19\/preco-jazdite\/#breadcrumb"},"inLanguage":"sk-SK","potentialAction":[{"@type":"ReadAction","target":["https:\/\/www.welovecycling.com\/sk\/2018\/12\/19\/preco-jazdite\/"]}]},{"@type":"ImageObject","inLanguage":"sk-SK","@id":"https:\/\/www.welovecycling.com\/sk\/2018\/12\/19\/preco-jazdite\/#primaryimage","url":"https:\/\/d2p6e6u75xmxt8.cloudfront.net\/4\/2018\/12\/women-cvr.webp","contentUrl":"https:\/\/d2p6e6u75xmxt8.cloudfront.net\/4\/2018\/12\/women-cvr.webp","width":1366,"height":600},{"@type":"BreadcrumbList","@id":"https:\/\/www.welovecycling.com\/sk\/2018\/12\/19\/preco-jazdite\/#breadcrumb","itemListElement":[{"@type":"ListItem","position":1,"name":"Home","item":"https:\/\/www.welovecycling.com\/sk\/"},{"@type":"ListItem","position":2,"name":"Pre\u010do jazd\u00edte?"}]},{"@type":"WebSite","@id":"https:\/\/www.welovecycling.com\/sk\/#website","url":"https:\/\/www.welovecycling.com\/sk\/","name":"\u0160koda We Love Cycling Slovensko","description":"\u0160koda We Love Cycling Slovensko je v\u00e1\u0161 ka\u017edodenn\u00fd zdroj noviniek a in\u0161pir\u00e1cie z sveta cyklistiky","potentialAction":[{"@type":"SearchAction","target":{"@type":"EntryPoint","urlTemplate":"https:\/\/www.welovecycling.com\/sk\/?s={search_term_string}"},"query-input":{"@type":"PropertyValueSpecification","valueRequired":true,"valueName":"search_term_string"}}],"inLanguage":"sk-SK"},{"@type":"Person","@id":"https:\/\/www.welovecycling.com\/sk\/#\/schema\/person\/8ee09ba39b7e25b1870160aa5b3a89bc","name":"Ondrej Ga\u0161par","image":{"@type":"ImageObject","inLanguage":"sk-SK","@id":"https:\/\/www.welovecycling.com\/sk\/#\/schema\/person\/image\/","url":"https:\/\/secure.gravatar.com\/avatar\/6126c9afb87b70da5abbb083ddbb21933da15f18f8ca7cb822aba0fb096a48f6?s=96&d=mm&r=g","contentUrl":"https:\/\/secure.gravatar.com\/avatar\/6126c9afb87b70da5abbb083ddbb21933da15f18f8ca7cb822aba0fb096a48f6?s=96&d=mm&r=g","caption":"Ondrej Ga\u0161par"},"url":"https:\/\/www.welovecycling.com\/sk\/author\/ondrejgaspar\/"}]}},"_links":{"self":[{"href":"https:\/\/www.welovecycling.com\/sk\/wp-json\/wp\/v2\/posts\/5672","targetHints":{"allow":["GET"]}}],"collection":[{"href":"https:\/\/www.welovecycling.com\/sk\/wp-json\/wp\/v2\/posts"}],"about":[{"href":"https:\/\/www.welovecycling.com\/sk\/wp-json\/wp\/v2\/types\/post"}],"author":[{"embeddable":true,"href":"https:\/\/www.welovecycling.com\/sk\/wp-json\/wp\/v2\/users\/38"}],"replies":[{"embeddable":true,"href":"https:\/\/www.welovecycling.com\/sk\/wp-json\/wp\/v2\/comments?post=5672"}],"version-history":[{"count":2,"href":"https:\/\/www.welovecycling.com\/sk\/wp-json\/wp\/v2\/posts\/5672\/revisions"}],"predecessor-version":[{"id":5762,"href":"https:\/\/www.welovecycling.com\/sk\/wp-json\/wp\/v2\/posts\/5672\/revisions\/5762"}],"wp:featuredmedia":[{"embeddable":true,"href":"https:\/\/www.welovecycling.com\/sk\/wp-json\/wp\/v2\/media\/5677"}],"wp:attachment":[{"href":"https:\/\/www.welovecycling.com\/sk\/wp-json\/wp\/v2\/media?parent=5672"}],"wp:term":[{"taxonomy":"category","embeddable":true,"href":"https:\/\/www.welovecycling.com\/sk\/wp-json\/wp\/v2\/categories?post=5672"},{"taxonomy":"post_tag","embeddable":true,"href":"https:\/\/www.welovecycling.com\/sk\/wp-json\/wp\/v2\/tags?post=5672"},{"taxonomy":"global-categories","embeddable":true,"href":"https:\/\/www.welovecycling.com\/sk\/wp-json\/wp\/v2\/global-categories?post=5672"}],"curies":[{"name":"wp","href":"https:\/\/api.w.org\/{rel}","templated":true}]}}