{"id":5665,"date":"2018-12-14T10:37:49","date_gmt":"2018-12-14T09:37:49","guid":{"rendered":"https:\/\/www.welovecycling.com\/sk\/?p=5665"},"modified":"2018-12-20T11:10:08","modified_gmt":"2018-12-20T10:10:08","slug":"zlepsite-si-svoj-spanok-reorganizujte-spalnu","status":"publish","type":"post","link":"https:\/\/www.welovecycling.com\/sk\/2018\/12\/14\/zlepsite-si-svoj-spanok-reorganizujte-spalnu\/","title":{"rendered":"Zlep\u0161ite svoj sp\u00e1nok \u2013 reorganizujte sp\u00e1l\u0148u"},"content":{"rendered":"<p><strong>Existuje mnoho vec\u00ed, ktor\u00e9 ovplyv\u0148uj\u00fa v\u00e1\u0161 sp\u00e1nok. Prostredie, v ktorom sa nach\u00e1dzate, je dozaista v\u00fdznamn\u00fdm aspektom. Ak vo va\u0161ej izbe vytvor\u00edte spr\u00e1vne podmienky pre dobr\u00fd sp\u00e1nok, zv\u00fd\u0161ite t\u00fdm \u0161ance skuto\u010dne ho zak\u00fasi\u0165. Pozrime sa teda na 5 hlavn\u00fdch vylep\u0161en\u00ed, ktor\u00e9 va\u0161a sp\u00e1l\u0148a potrebuje.<\/strong><br \/>\n<!--more--><\/p>\n<h2><strong>Udr\u017eujte spr\u00e1vnu teplotu<\/strong><\/h2>\n<p>Ide\u00e1lna izbov\u00e1 teplota je <strong>okolo 16 \u00b0C<\/strong>. V\u0161etko, \u010do sa pohybuje nad \u00farov\u0148ou 18 \u00b0C, m\u00f4\u017ee negat\u00edvne ovplyvni\u0165 kvalitu v\u00e1\u0161ho sp\u00e1nku. Je lep\u0161ie, ak v izbe zachov\u00e1vate ni\u017e\u0161iu teplotu. S vyu\u017eit\u00edm hrub\u0161ej pokr\u00fdvky sa budete c\u00edti\u0165 podobne ako pri vy\u0161\u0161ej teplote, av\u0161ak t\u00e1to kombin\u00e1cia bude pre v\u00e1\u0161 sp\u00e1nok pozit\u00edvnej\u0161ia.<\/p>\n<h2><strong>Pozor na hluk<\/strong><\/h2>\n<p>V\u00e1\u0161 cirkadi\u00e1nny rytmus (vn\u00fatorn\u00e9 biologick\u00e9 hodiny) <strong>nie je podnecovan\u00fd len prostredn\u00edctvom svetla a tmy, ale taktie\u017e cez hluk<\/strong>. Rann\u00e9 vt\u00e1\u010dat\u00e1 vyspevuj\u00face pod oknami s\u00fa sign\u00e1lom, \u017ee nastal \u010das zn\u00ed\u017ei\u0165 hodnoty melaton\u00ednu v \u013eudskom tele, zv\u00fd\u0161i\u0165 kortizol, a vsta\u0165. Ak b\u00fdvate v ru\u0161nej \u010dasti mesta, ubezpe\u010dte sa, \u017ee sp\u00edte pri zatvoren\u00fdch okn\u00e1ch. Niekomu m\u00f4\u017eu pom\u00f4c\u0165 aj \u0161tuple do u\u0161\u00ed.<\/p>\n<figure id=\"attachment_5666\" aria-describedby=\"caption-attachment-5666\" style=\"width: 1280px\" class=\"wp-caption alignnone\"><a href=\"https:\/\/d2p6e6u75xmxt8.cloudfront.net\/4\/2018\/12\/Bedroom-pexels-photo-271743.jpeg\"><img loading=\"lazy\" decoding=\"async\" class=\"wp-image-5666 size-full\" src=\"https:\/\/d2p6e6u75xmxt8.cloudfront.net\/4\/2018\/12\/Bedroom-pexels-photo-271743.jpeg\" alt=\"\" width=\"1280\" height=\"718\" \/><\/a><figcaption id=\"caption-attachment-5666\" class=\"wp-caption-text\">Tak\u00e1to kompoz\u00edcia sp\u00e1lne ur\u010dite vyzer\u00e1 vynikaj\u00faco, av\u0161ak elimin\u00e1cia v\u0161etk\u00fdch zdrojov svetla je d\u00f4le\u017eit\u00e1.<\/figcaption><\/figure>\n<h2><strong>Eliminujte v\u0161etky zdroje sveteln\u00e9ho \u017eiarenia<\/strong><\/h2>\n<p>Viac o tomto probl\u00e9me ste sa mohli do\u010d\u00edta\u0165 v predch\u00e1dzaj\u00facom \u010dl\u00e1nku <a href=\"https:\/\/www.welovecycling.com\/sk\/2018\/11\/16\/zlepsite-svoj-spanok-zbavte-sa-modreho-svetla\/\">Zlep\u0161ite svoj sp\u00e1nok \u2013 zbavte sa \u201emodr\u00e9ho svetla\u201c<\/a>. Ale, aby sme boli \u00fapln\u00ed, v skratke si zhrnieme to k\u013e\u00fa\u010dov\u00e9. Noste <strong>jant\u00e1rovo sfarben\u00e9 okuliare<\/strong>, ktor\u00e9 dok\u00e1\u017eu blokova\u0165 modr\u00e9 svetlo, alebo zame\u0148te farbu svetla v zariadeniach na hodnoty v rozmedz\u00ed \u017elt\u00e9ho a \u010derven\u00e9ho spektra (alebo za\u010dnite pou\u017e\u00edva\u0165 svie\u010dky). Zadov\u00e1\u017ete si <strong>zatem\u0148uj\u00face rolety<\/strong>. <strong>Zakryte si digit\u00e1lny bud\u00edk<\/strong>, alebo si zaobstarajte analogick\u00fd. To plat\u00ed pre v\u0161etky digit\u00e1lne zariadenia, ktor\u00e9 \u017eiaria alebo vyd\u00e1vaj\u00fa ak\u00fdko\u013evek druh svetla. Vyh\u00fdbanie sa modr\u00e9mu svetlu pred sp\u00e1nkom alebo ide\u00e1lne v\u0161etk\u00fdm mo\u017en\u00fdm osvetleniam po\u010das noci, je prostriedkom k zdrav\u00e9mu sp\u00e1nku.<\/p>\n<h2><strong>Kvalitn\u00fd matrac \u2013 k\u013e\u00fa\u010d k sp\u00e1nku ako z rozpr\u00e1vky<\/strong><\/h2>\n<p>Ak ste niekedy boli stanova\u0165 alebo ste spali v zlej posteli, asi u\u017e viete, \u017ee spanie na matraci nevyhovuj\u00facej kvality dok\u00e1\u017ee zmeni\u0165 pocit zo sp\u00e1nku. V\u00fdskumy tomu d\u00e1vaj\u00fa za pravdu. Anketa z roku 2015 ukazuje, \u017ee matrac, ktor\u00fd je subjekt\u00edvne identifikovan\u00fd ako stredne tvrd\u00fd a disponuje volite\u013en\u00fdm \u201cprif\u00faknut\u00edm\u201d (je nastavite\u013en\u00fd), je optim\u00e1lnym prostriedkom pre dosiahnutie komfortn\u00e9ho a kvalitn\u00e9ho sp\u00e1nku, a s\u00fa\u010dasne vyrovnanie chrbtice. <strong>Zv\u00e1\u017ete n\u00e1kup nov\u00e9ho matraca<\/strong>, najm\u00e4 ak r\u00e1no poci\u0165ujete bolesti, \u010di ste \u201epol\u00e1man\u00fd\u201c.<\/p>\n<figure id=\"attachment_5667\" aria-describedby=\"caption-attachment-5667\" style=\"width: 1280px\" class=\"wp-caption alignnone\"><a href=\"https:\/\/d2p6e6u75xmxt8.cloudfront.net\/4\/2018\/12\/Bedroom-pexels-photo-439227.jpeg\"><img loading=\"lazy\" decoding=\"async\" class=\"size-full wp-image-5667\" src=\"https:\/\/d2p6e6u75xmxt8.cloudfront.net\/4\/2018\/12\/Bedroom-pexels-photo-439227.jpeg\" alt=\"\" width=\"1280\" height=\"720\" \/><\/a><figcaption id=\"caption-attachment-5667\" class=\"wp-caption-text\">Pomenovanie sp\u00e1l\u0148a m\u00e1 svoje opodstatnenie.<\/figcaption><\/figure>\n<h2><strong>Prisp\u00f4sobte svoju izbu v\u00fdhradne sp\u00e1nku a poste\u013en\u00fdm aktivit\u00e1m<\/strong><\/h2>\n<p>Ako vyu\u017e\u00edvate svoju sp\u00e1l\u0148u, je taktie\u017e d\u00f4le\u017eit\u00e9. Ak je zariaden\u00e1 ako pr\u00edru\u010dn\u00e1 kancel\u00e1ria \u010di kino alebo priestor na le\u0148o\u0161enie, zasp\u00e1vanie bude st\u00e1le ne\u013eahk\u00fdm \u00fakonom. Sp\u00e1nok a poste\u013en\u00e9 &#8222;hr\u00e1tky&#8220; s\u00fa najd\u00f4le\u017eitej\u0161\u00edmi aktivitami, pre ktor\u00e9 by mala by\u0165 izba ur\u010den\u00e1. Zaria\u010fte sa pod\u013ea toho, a u\u017e len samotn\u00e9 vch\u00e1dzanie do sp\u00e1lne bude vyvol\u00e1va\u0165 pocit zasp\u00e1vania.<\/p>\n","protected":false},"excerpt":{"rendered":"<p>Existuje mnoho vec\u00ed, ktor\u00e9 ovplyv\u0148uj\u00fa v\u00e1\u0161 sp\u00e1nok. Prostredie, v ktorom sa nach\u00e1dzate, je dozaista v\u00fdznamn\u00fdm aspektom. Ak vo va\u0161ej izbe [&hellip;]<\/p>\n","protected":false},"author":38,"featured_media":5669,"comment_status":"open","ping_status":"open","sticky":false,"template":"","format":"standard","meta":{"footnotes":""},"categories":[2],"tags":[684,682,720,680,679,685,683,718,340,265,719,681,161],"global-categories":[],"class_list":["post-5665","post","type-post","status-publish","format-standard","has-post-thumbnail","hentry","category-zdravie-trening","tag-ako-zaspat","tag-den","tag-hluk","tag-melatonin","tag-mobil","tag-modre-svetlo","tag-noc","tag-postel","tag-spanok","tag-svetlo","tag-teplota","tag-tma","tag-zdravie"],"yoast_head":"<!-- This site is optimized with the Yoast SEO Premium plugin v25.3 (Yoast SEO v25.9) - https:\/\/yoast.com\/wordpress\/plugins\/seo\/ -->\n<title>Zlep\u0161ite svoj sp\u00e1nok \u2013 reorganizujte sp\u00e1l\u0148u - \u0160koda We Love Cycling Slovensko<\/title>\n<meta name=\"description\" content=\"There are many things that affect your ? and your environment is definitely a big one. Let\u2019s look at five main upgrades your ?\ufe0f needs.\" \/>\n<meta name=\"robots\" content=\"index, follow, max-snippet:-1, max-image-preview:large, max-video-preview:-1\" \/>\n<link rel=\"canonical\" href=\"https:\/\/www.welovecycling.com\/sk\/2018\/12\/14\/zlepsite-si-svoj-spanok-reorganizujte-spalnu\/\" \/>\n<meta property=\"og:locale\" content=\"sk_SK\" \/>\n<meta property=\"og:type\" content=\"article\" \/>\n<meta property=\"og:title\" content=\"Zlep\u0161ite svoj sp\u00e1nok \u2013 reorganizujte sp\u00e1l\u0148u\" \/>\n<meta property=\"og:description\" content=\"There are many things that affect your ? and your environment is definitely a big one. Let\u2019s look at five main upgrades your ?\ufe0f needs.\" \/>\n<meta property=\"og:url\" content=\"https:\/\/www.welovecycling.com\/sk\/2018\/12\/14\/zlepsite-si-svoj-spanok-reorganizujte-spalnu\/\" \/>\n<meta property=\"og:site_name\" content=\"\u0160koda We Love Cycling Slovensko\" \/>\n<meta property=\"article:published_time\" content=\"2018-12-14T09:37:49+00:00\" \/>\n<meta property=\"article:modified_time\" content=\"2018-12-20T10:10:08+00:00\" \/>\n<meta property=\"og:image\" content=\"https:\/\/d2p6e6u75xmxt8.cloudfront.net\/4\/2018\/12\/Cyclists-Bedroom-0396437538.webp\" \/>\n\t<meta property=\"og:image:width\" content=\"1366\" \/>\n\t<meta property=\"og:image:height\" content=\"600\" \/>\n\t<meta property=\"og:image:type\" content=\"image\/webp\" \/>\n<meta name=\"author\" content=\"Ondrej Ga\u0161par\" \/>\n<meta name=\"twitter:card\" content=\"summary_large_image\" \/>\n<meta name=\"twitter:label1\" content=\"Written by\" \/>\n\t<meta name=\"twitter:data1\" content=\"Ji\u0159\u00ed Kalo\u010d\" \/>\n\t<meta name=\"twitter:label2\" content=\"Est. reading time\" \/>\n\t<meta name=\"twitter:data2\" content=\"4\" \/>\n<script type=\"application\/ld+json\" class=\"yoast-schema-graph\">{\"@context\":\"https:\/\/schema.org\",\"@graph\":[{\"@type\":\"WebPage\",\"@id\":\"https:\/\/www.welovecycling.com\/sk\/2018\/12\/14\/zlepsite-si-svoj-spanok-reorganizujte-spalnu\/\",\"url\":\"https:\/\/www.welovecycling.com\/sk\/2018\/12\/14\/zlepsite-si-svoj-spanok-reorganizujte-spalnu\/\",\"name\":\"Zlep\u0161ite svoj sp\u00e1nok \u2013 reorganizujte sp\u00e1l\u0148u - \u0160koda We Love Cycling Slovensko\",\"isPartOf\":{\"@id\":\"https:\/\/www.welovecycling.com\/sk\/#website\"},\"primaryImageOfPage\":{\"@id\":\"https:\/\/www.welovecycling.com\/sk\/2018\/12\/14\/zlepsite-si-svoj-spanok-reorganizujte-spalnu\/#primaryimage\"},\"image\":{\"@id\":\"https:\/\/www.welovecycling.com\/sk\/2018\/12\/14\/zlepsite-si-svoj-spanok-reorganizujte-spalnu\/#primaryimage\"},\"thumbnailUrl\":\"https:\/\/d2p6e6u75xmxt8.cloudfront.net\/4\/2018\/12\/Cyclists-Bedroom-0396437538.webp\",\"datePublished\":\"2018-12-14T09:37:49+00:00\",\"dateModified\":\"2018-12-20T10:10:08+00:00\",\"author\":{\"@id\":\"https:\/\/www.welovecycling.com\/sk\/#\/schema\/person\/8ee09ba39b7e25b1870160aa5b3a89bc\"},\"description\":\"There are many things that affect your ? and your environment is definitely a big one. Let\u2019s look at five main upgrades your ?\ufe0f needs.\",\"breadcrumb\":{\"@id\":\"https:\/\/www.welovecycling.com\/sk\/2018\/12\/14\/zlepsite-si-svoj-spanok-reorganizujte-spalnu\/#breadcrumb\"},\"inLanguage\":\"sk-SK\",\"potentialAction\":[{\"@type\":\"ReadAction\",\"target\":[\"https:\/\/www.welovecycling.com\/sk\/2018\/12\/14\/zlepsite-si-svoj-spanok-reorganizujte-spalnu\/\"]}]},{\"@type\":\"ImageObject\",\"inLanguage\":\"sk-SK\",\"@id\":\"https:\/\/www.welovecycling.com\/sk\/2018\/12\/14\/zlepsite-si-svoj-spanok-reorganizujte-spalnu\/#primaryimage\",\"url\":\"https:\/\/d2p6e6u75xmxt8.cloudfront.net\/4\/2018\/12\/Cyclists-Bedroom-0396437538.webp\",\"contentUrl\":\"https:\/\/d2p6e6u75xmxt8.cloudfront.net\/4\/2018\/12\/Cyclists-Bedroom-0396437538.webp\",\"width\":1366,\"height\":600},{\"@type\":\"BreadcrumbList\",\"@id\":\"https:\/\/www.welovecycling.com\/sk\/2018\/12\/14\/zlepsite-si-svoj-spanok-reorganizujte-spalnu\/#breadcrumb\",\"itemListElement\":[{\"@type\":\"ListItem\",\"position\":1,\"name\":\"Home\",\"item\":\"https:\/\/www.welovecycling.com\/sk\/\"},{\"@type\":\"ListItem\",\"position\":2,\"name\":\"Zlep\u0161ite svoj sp\u00e1nok \u2013 reorganizujte sp\u00e1l\u0148u\"}]},{\"@type\":\"WebSite\",\"@id\":\"https:\/\/www.welovecycling.com\/sk\/#website\",\"url\":\"https:\/\/www.welovecycling.com\/sk\/\",\"name\":\"\u0160koda We Love Cycling Slovensko\",\"description\":\"\u0160koda We Love Cycling Slovensko je v\u00e1\u0161 ka\u017edodenn\u00fd zdroj noviniek a in\u0161pir\u00e1cie z sveta cyklistiky\",\"potentialAction\":[{\"@type\":\"SearchAction\",\"target\":{\"@type\":\"EntryPoint\",\"urlTemplate\":\"https:\/\/www.welovecycling.com\/sk\/?s={search_term_string}\"},\"query-input\":{\"@type\":\"PropertyValueSpecification\",\"valueRequired\":true,\"valueName\":\"search_term_string\"}}],\"inLanguage\":\"sk-SK\"},{\"@type\":\"Person\",\"@id\":\"https:\/\/www.welovecycling.com\/sk\/#\/schema\/person\/8ee09ba39b7e25b1870160aa5b3a89bc\",\"name\":\"Ondrej Ga\u0161par\",\"image\":{\"@type\":\"ImageObject\",\"inLanguage\":\"sk-SK\",\"@id\":\"https:\/\/www.welovecycling.com\/sk\/#\/schema\/person\/image\/\",\"url\":\"https:\/\/secure.gravatar.com\/avatar\/6126c9afb87b70da5abbb083ddbb21933da15f18f8ca7cb822aba0fb096a48f6?s=96&d=mm&r=g\",\"contentUrl\":\"https:\/\/secure.gravatar.com\/avatar\/6126c9afb87b70da5abbb083ddbb21933da15f18f8ca7cb822aba0fb096a48f6?s=96&d=mm&r=g\",\"caption\":\"Ondrej Ga\u0161par\"},\"url\":\"https:\/\/www.welovecycling.com\/sk\/author\/ondrejgaspar\/\"}]}<\/script>\n<!-- \/ Yoast SEO Premium plugin. -->","yoast_head_json":{"title":"Zlep\u0161ite svoj sp\u00e1nok \u2013 reorganizujte sp\u00e1l\u0148u - \u0160koda We Love Cycling Slovensko","description":"There are many things that affect your ? and your environment is definitely a big one. Let\u2019s look at five main upgrades your ?\ufe0f needs.","robots":{"index":"index","follow":"follow","max-snippet":"max-snippet:-1","max-image-preview":"max-image-preview:large","max-video-preview":"max-video-preview:-1"},"canonical":"https:\/\/www.welovecycling.com\/sk\/2018\/12\/14\/zlepsite-si-svoj-spanok-reorganizujte-spalnu\/","og_locale":"sk_SK","og_type":"article","og_title":"Zlep\u0161ite svoj sp\u00e1nok \u2013 reorganizujte sp\u00e1l\u0148u","og_description":"There are many things that affect your ? and your environment is definitely a big one. Let\u2019s look at five main upgrades your ?\ufe0f needs.","og_url":"https:\/\/www.welovecycling.com\/sk\/2018\/12\/14\/zlepsite-si-svoj-spanok-reorganizujte-spalnu\/","og_site_name":"\u0160koda We Love Cycling Slovensko","article_published_time":"2018-12-14T09:37:49+00:00","article_modified_time":"2018-12-20T10:10:08+00:00","og_image":[{"width":1366,"height":600,"url":"https:\/\/d2p6e6u75xmxt8.cloudfront.net\/4\/2018\/12\/Cyclists-Bedroom-0396437538.webp","type":"image\/webp"}],"author":"Ondrej Ga\u0161par","twitter_card":"summary_large_image","twitter_misc":{"Written by":"Ji\u0159\u00ed Kalo\u010d","Est. reading time":"4"},"schema":{"@context":"https:\/\/schema.org","@graph":[{"@type":"WebPage","@id":"https:\/\/www.welovecycling.com\/sk\/2018\/12\/14\/zlepsite-si-svoj-spanok-reorganizujte-spalnu\/","url":"https:\/\/www.welovecycling.com\/sk\/2018\/12\/14\/zlepsite-si-svoj-spanok-reorganizujte-spalnu\/","name":"Zlep\u0161ite svoj sp\u00e1nok \u2013 reorganizujte sp\u00e1l\u0148u - \u0160koda We Love Cycling Slovensko","isPartOf":{"@id":"https:\/\/www.welovecycling.com\/sk\/#website"},"primaryImageOfPage":{"@id":"https:\/\/www.welovecycling.com\/sk\/2018\/12\/14\/zlepsite-si-svoj-spanok-reorganizujte-spalnu\/#primaryimage"},"image":{"@id":"https:\/\/www.welovecycling.com\/sk\/2018\/12\/14\/zlepsite-si-svoj-spanok-reorganizujte-spalnu\/#primaryimage"},"thumbnailUrl":"https:\/\/d2p6e6u75xmxt8.cloudfront.net\/4\/2018\/12\/Cyclists-Bedroom-0396437538.webp","datePublished":"2018-12-14T09:37:49+00:00","dateModified":"2018-12-20T10:10:08+00:00","author":{"@id":"https:\/\/www.welovecycling.com\/sk\/#\/schema\/person\/8ee09ba39b7e25b1870160aa5b3a89bc"},"description":"There are many things that affect your ? and your environment is definitely a big one. Let\u2019s look at five main upgrades your ?\ufe0f needs.","breadcrumb":{"@id":"https:\/\/www.welovecycling.com\/sk\/2018\/12\/14\/zlepsite-si-svoj-spanok-reorganizujte-spalnu\/#breadcrumb"},"inLanguage":"sk-SK","potentialAction":[{"@type":"ReadAction","target":["https:\/\/www.welovecycling.com\/sk\/2018\/12\/14\/zlepsite-si-svoj-spanok-reorganizujte-spalnu\/"]}]},{"@type":"ImageObject","inLanguage":"sk-SK","@id":"https:\/\/www.welovecycling.com\/sk\/2018\/12\/14\/zlepsite-si-svoj-spanok-reorganizujte-spalnu\/#primaryimage","url":"https:\/\/d2p6e6u75xmxt8.cloudfront.net\/4\/2018\/12\/Cyclists-Bedroom-0396437538.webp","contentUrl":"https:\/\/d2p6e6u75xmxt8.cloudfront.net\/4\/2018\/12\/Cyclists-Bedroom-0396437538.webp","width":1366,"height":600},{"@type":"BreadcrumbList","@id":"https:\/\/www.welovecycling.com\/sk\/2018\/12\/14\/zlepsite-si-svoj-spanok-reorganizujte-spalnu\/#breadcrumb","itemListElement":[{"@type":"ListItem","position":1,"name":"Home","item":"https:\/\/www.welovecycling.com\/sk\/"},{"@type":"ListItem","position":2,"name":"Zlep\u0161ite svoj sp\u00e1nok \u2013 reorganizujte sp\u00e1l\u0148u"}]},{"@type":"WebSite","@id":"https:\/\/www.welovecycling.com\/sk\/#website","url":"https:\/\/www.welovecycling.com\/sk\/","name":"\u0160koda We Love Cycling Slovensko","description":"\u0160koda We Love Cycling Slovensko je v\u00e1\u0161 ka\u017edodenn\u00fd zdroj noviniek a in\u0161pir\u00e1cie z sveta cyklistiky","potentialAction":[{"@type":"SearchAction","target":{"@type":"EntryPoint","urlTemplate":"https:\/\/www.welovecycling.com\/sk\/?s={search_term_string}"},"query-input":{"@type":"PropertyValueSpecification","valueRequired":true,"valueName":"search_term_string"}}],"inLanguage":"sk-SK"},{"@type":"Person","@id":"https:\/\/www.welovecycling.com\/sk\/#\/schema\/person\/8ee09ba39b7e25b1870160aa5b3a89bc","name":"Ondrej Ga\u0161par","image":{"@type":"ImageObject","inLanguage":"sk-SK","@id":"https:\/\/www.welovecycling.com\/sk\/#\/schema\/person\/image\/","url":"https:\/\/secure.gravatar.com\/avatar\/6126c9afb87b70da5abbb083ddbb21933da15f18f8ca7cb822aba0fb096a48f6?s=96&d=mm&r=g","contentUrl":"https:\/\/secure.gravatar.com\/avatar\/6126c9afb87b70da5abbb083ddbb21933da15f18f8ca7cb822aba0fb096a48f6?s=96&d=mm&r=g","caption":"Ondrej Ga\u0161par"},"url":"https:\/\/www.welovecycling.com\/sk\/author\/ondrejgaspar\/"}]}},"_links":{"self":[{"href":"https:\/\/www.welovecycling.com\/sk\/wp-json\/wp\/v2\/posts\/5665","targetHints":{"allow":["GET"]}}],"collection":[{"href":"https:\/\/www.welovecycling.com\/sk\/wp-json\/wp\/v2\/posts"}],"about":[{"href":"https:\/\/www.welovecycling.com\/sk\/wp-json\/wp\/v2\/types\/post"}],"author":[{"embeddable":true,"href":"https:\/\/www.welovecycling.com\/sk\/wp-json\/wp\/v2\/users\/38"}],"replies":[{"embeddable":true,"href":"https:\/\/www.welovecycling.com\/sk\/wp-json\/wp\/v2\/comments?post=5665"}],"version-history":[{"count":2,"href":"https:\/\/www.welovecycling.com\/sk\/wp-json\/wp\/v2\/posts\/5665\/revisions"}],"predecessor-version":[{"id":5767,"href":"https:\/\/www.welovecycling.com\/sk\/wp-json\/wp\/v2\/posts\/5665\/revisions\/5767"}],"wp:featuredmedia":[{"embeddable":true,"href":"https:\/\/www.welovecycling.com\/sk\/wp-json\/wp\/v2\/media\/5669"}],"wp:attachment":[{"href":"https:\/\/www.welovecycling.com\/sk\/wp-json\/wp\/v2\/media?parent=5665"}],"wp:term":[{"taxonomy":"category","embeddable":true,"href":"https:\/\/www.welovecycling.com\/sk\/wp-json\/wp\/v2\/categories?post=5665"},{"taxonomy":"post_tag","embeddable":true,"href":"https:\/\/www.welovecycling.com\/sk\/wp-json\/wp\/v2\/tags?post=5665"},{"taxonomy":"global-categories","embeddable":true,"href":"https:\/\/www.welovecycling.com\/sk\/wp-json\/wp\/v2\/global-categories?post=5665"}],"curies":[{"name":"wp","href":"https:\/\/api.w.org\/{rel}","templated":true}]}}