{"id":566,"date":"2017-05-08T17:29:40","date_gmt":"2017-05-08T15:29:40","guid":{"rendered":"https:\/\/www.welovecycling.com\/sk\/?p=566"},"modified":"2017-05-19T09:28:16","modified_gmt":"2017-05-19T07:28:16","slug":"fenomen-gumovych-medvedikov","status":"publish","type":"post","link":"https:\/\/www.welovecycling.com\/sk\/2017\/05\/08\/fenomen-gumovych-medvedikov\/","title":{"rendered":"Fenom\u00e9n gumov\u00fdch medved\u00edkov"},"content":{"rendered":"<p>Mo\u017eno ste si v\u0161imli, ako Peter Sagan po preteku Kurne-Brussels-Kurne nabral do dlane hrs\u0165 gumov\u00fdch medved\u00edkov. Razom bola z toho (okrem ve\u013ekej reklamy) aj diskusia o tom, \u010di s\u00fa gumov\u00e9 medved\u00edky vhodn\u00e9 na konzum\u00e1ciu po tr\u00e9ningu.<\/p>\n<lite-youtube videoid=vNNs3-2Vbp4 params=\"enablejsapi=1\" style=\"background-image: url('https:\/\/i.ytimg.com\/vi_webp\/vNNs3-2Vbp4\/maxresdefault.webp');\"><\/lite-youtube>\n<p>V podstate nejde o \u017eiadnu prevratn\u00fa novinku. Ke\u010f sa pozrieme na zlo\u017eenie medved\u00edkov alebo in\u00fdch \u017eel\u00e9 cukr\u00edkov, zist\u00edme, \u017ee obsahuj\u00fa v prvom rade gluk\u00f3zov\u00fd sirup \u2013 teda r\u00fdchlo dostupn\u00fd cukor. A pr\u00e1ve ten tvor\u00ed z\u00e1klad pri dop\u013a\u0148an\u00ed energie po n\u00e1ro\u010dnom v\u00fdkone a rovnako je aj s\u00fa\u010das\u0165ou v\u00e4\u010d\u0161iny \u201e\u0161pecializovan\u00fdch\u201c potr\u00e9ningov\u00fdch n\u00e1pojov. Medved\u00edky s\u00fa jednoducho len inou formou r\u00fdchlej energie, tak pre\u010do nie?<\/p>\n<p>D\u00f4kazom v\u0161eobecnej ob\u013e\u00fabenosti medved\u00edkov s\u00fa aj r\u00f4zne vide\u00e1, ktor\u00e9 sa takmer okam\u017eite za\u010dali \u0161\u00edri\u0165 internetom. Na video post od mladej cysklistky Ruby Isaac na twitteri reagoval aj ofici\u00e1lny \u00fa\u010det <a href=\"https:\/\/www.google.cz\/url?sa=t&amp;rct=j&amp;q=&amp;esrc=s&amp;source=web&amp;cd=1&amp;cad=rja&amp;uact=8&amp;ved=0ahUKEwiIndT93vTTAhXF7BQKHfEnAp8QFggmMAA&amp;url=https%3A%2F%2Ftwitter.com%2Fpetosagan&amp;usg=AFQjCNGZQk2-SegVtnDFNhS_AZ0iiw--lQ&amp;sig2=eIYRXe8wIuPfxgq1AW3aKQ\" target=\"_blank\" rel=\"noopener noreferrer\">@petosagan<\/a>, ktor\u00fd jej vyjadril podporu, \u017ee s t\u00fdmto pr\u00edstupom to mo\u017eno dotiahne aj na majstrovsk\u00fd dres&#8230; \ud83d\ude42<\/p>\n<div class=\"embed-controller-wrapper\">\n<blockquote class=\"twitter-tweet\" data-width=\"500\" data-dnt=\"true\">\n<p lang=\"en\" dir=\"ltr\">I was a bit tired after a long ride this evening&#8230;.Luckily I got a tip from <a href=\"https:\/\/twitter.com\/petosagan?ref_src=twsrc%5Etfw\">@petosagan<\/a>&#8230;&#8230;.<a href=\"https:\/\/twitter.com\/gcntweet?ref_src=twsrc%5Etfw\">@gcntweet<\/a> <a href=\"https:\/\/t.co\/G92rYJ2cnp\">pic.twitter.com\/G92rYJ2cnp<\/a><\/p>\n<p>&mdash; Ruby Isaac (@RubyWIsaac) <a href=\"https:\/\/twitter.com\/RubyWIsaac\/status\/838812074994184192?ref_src=twsrc%5Etfw\">March 6, 2017<\/a><\/p><\/blockquote>\n<p><script async data-src=\"https:\/\/platform.twitter.com\/widgets.js\" charset=\"utf-8\"><\/script><\/div>\n","protected":false},"excerpt":{"rendered":"<p>Mo\u017eno ste si v\u0161imli, ako Peter Sagan po preteku Kurne-Brussels-Kurne nabral do dlane hrs\u0165 gumov\u00fdch medved\u00edkov. Razom bola z toho [&hellip;]<\/p>\n","protected":false},"author":38,"featured_media":568,"comment_status":"open","ping_status":"open","sticky":false,"template":"","format":"video","meta":{"footnotes":""},"categories":[2],"tags":[45,46,44],"global-categories":[],"class_list":["post-566","post","type-post","status-publish","format-video","has-post-thumbnail","hentry","category-zdravie-trening","tag-gumene-medvediky","tag-peter-sagan","tag-vyziva","post_format-post-format-video"],"yoast_head":"<!-- This site is optimized with the Yoast SEO Premium plugin v25.3 (Yoast SEO v25.9) - https:\/\/yoast.com\/wordpress\/plugins\/seo\/ -->\n<title>Fenom\u00e9n gumov\u00fdch medved\u00edkov - \u0160koda We Love Cycling Slovensko<\/title>\n<meta name=\"robots\" content=\"index, follow, max-snippet:-1, max-image-preview:large, max-video-preview:-1\" \/>\n<link rel=\"canonical\" href=\"https:\/\/www.welovecycling.com\/sk\/2017\/05\/08\/fenomen-gumovych-medvedikov\/\" \/>\n<meta property=\"og:locale\" content=\"sk_SK\" \/>\n<meta property=\"og:type\" content=\"article\" \/>\n<meta property=\"og:title\" content=\"Fenom\u00e9n gumov\u00fdch medved\u00edkov\" \/>\n<meta property=\"og:description\" content=\"Mo\u017eno ste si v\u0161imli, ako Peter Sagan po preteku Kurne-Brussels-Kurne nabral do dlane hrs\u0165 gumov\u00fdch medved\u00edkov. Razom bola z toho [&hellip;]\" \/>\n<meta property=\"og:url\" content=\"https:\/\/www.welovecycling.com\/sk\/2017\/05\/08\/fenomen-gumovych-medvedikov\/\" \/>\n<meta property=\"og:site_name\" content=\"\u0160koda We Love Cycling Slovensko\" \/>\n<meta property=\"article:published_time\" content=\"2017-05-08T15:29:40+00:00\" \/>\n<meta property=\"article:modified_time\" content=\"2017-05-19T07:28:16+00:00\" \/>\n<meta property=\"og:image\" content=\"https:\/\/d2p6e6u75xmxt8.cloudfront.net\/4\/2017\/05\/114418.webp\" \/>\n\t<meta property=\"og:image:width\" content=\"1375\" \/>\n\t<meta property=\"og:image:height\" content=\"600\" \/>\n\t<meta property=\"og:image:type\" content=\"image\/webp\" \/>\n<meta name=\"author\" content=\"Ondrej Ga\u0161par\" \/>\n<meta name=\"twitter:card\" content=\"summary_large_image\" \/>\n<meta name=\"twitter:label1\" content=\"Written by\" \/>\n\t<meta name=\"twitter:data1\" content=\"We Love Cycling\" \/>\n\t<meta name=\"twitter:label2\" content=\"Est. reading time\" \/>\n\t<meta name=\"twitter:data2\" content=\"1 minute\" \/>\n<script type=\"application\/ld+json\" class=\"yoast-schema-graph\">{\"@context\":\"https:\/\/schema.org\",\"@graph\":[{\"@type\":\"WebPage\",\"@id\":\"https:\/\/www.welovecycling.com\/sk\/2017\/05\/08\/fenomen-gumovych-medvedikov\/\",\"url\":\"https:\/\/www.welovecycling.com\/sk\/2017\/05\/08\/fenomen-gumovych-medvedikov\/\",\"name\":\"Fenom\u00e9n gumov\u00fdch medved\u00edkov - \u0160koda We Love Cycling Slovensko\",\"isPartOf\":{\"@id\":\"https:\/\/www.welovecycling.com\/sk\/#website\"},\"primaryImageOfPage\":{\"@id\":\"https:\/\/www.welovecycling.com\/sk\/2017\/05\/08\/fenomen-gumovych-medvedikov\/#primaryimage\"},\"image\":{\"@id\":\"https:\/\/www.welovecycling.com\/sk\/2017\/05\/08\/fenomen-gumovych-medvedikov\/#primaryimage\"},\"thumbnailUrl\":\"https:\/\/d2p6e6u75xmxt8.cloudfront.net\/4\/2017\/05\/114418.webp\",\"datePublished\":\"2017-05-08T15:29:40+00:00\",\"dateModified\":\"2017-05-19T07:28:16+00:00\",\"author\":{\"@id\":\"https:\/\/www.welovecycling.com\/sk\/#\/schema\/person\/8ee09ba39b7e25b1870160aa5b3a89bc\"},\"breadcrumb\":{\"@id\":\"https:\/\/www.welovecycling.com\/sk\/2017\/05\/08\/fenomen-gumovych-medvedikov\/#breadcrumb\"},\"inLanguage\":\"sk-SK\",\"potentialAction\":[{\"@type\":\"ReadAction\",\"target\":[\"https:\/\/www.welovecycling.com\/sk\/2017\/05\/08\/fenomen-gumovych-medvedikov\/\"]}]},{\"@type\":\"ImageObject\",\"inLanguage\":\"sk-SK\",\"@id\":\"https:\/\/www.welovecycling.com\/sk\/2017\/05\/08\/fenomen-gumovych-medvedikov\/#primaryimage\",\"url\":\"https:\/\/d2p6e6u75xmxt8.cloudfront.net\/4\/2017\/05\/114418.webp\",\"contentUrl\":\"https:\/\/d2p6e6u75xmxt8.cloudfront.net\/4\/2017\/05\/114418.webp\",\"width\":1375,\"height\":600},{\"@type\":\"BreadcrumbList\",\"@id\":\"https:\/\/www.welovecycling.com\/sk\/2017\/05\/08\/fenomen-gumovych-medvedikov\/#breadcrumb\",\"itemListElement\":[{\"@type\":\"ListItem\",\"position\":1,\"name\":\"Home\",\"item\":\"https:\/\/www.welovecycling.com\/sk\/\"},{\"@type\":\"ListItem\",\"position\":2,\"name\":\"Fenom\u00e9n gumov\u00fdch medved\u00edkov\"}]},{\"@type\":\"WebSite\",\"@id\":\"https:\/\/www.welovecycling.com\/sk\/#website\",\"url\":\"https:\/\/www.welovecycling.com\/sk\/\",\"name\":\"\u0160koda We Love Cycling Slovensko\",\"description\":\"\u0160koda We Love Cycling Slovensko je v\u00e1\u0161 ka\u017edodenn\u00fd zdroj noviniek a in\u0161pir\u00e1cie z sveta cyklistiky\",\"potentialAction\":[{\"@type\":\"SearchAction\",\"target\":{\"@type\":\"EntryPoint\",\"urlTemplate\":\"https:\/\/www.welovecycling.com\/sk\/?s={search_term_string}\"},\"query-input\":{\"@type\":\"PropertyValueSpecification\",\"valueRequired\":true,\"valueName\":\"search_term_string\"}}],\"inLanguage\":\"sk-SK\"},{\"@type\":\"Person\",\"@id\":\"https:\/\/www.welovecycling.com\/sk\/#\/schema\/person\/8ee09ba39b7e25b1870160aa5b3a89bc\",\"name\":\"Ondrej Ga\u0161par\",\"image\":{\"@type\":\"ImageObject\",\"inLanguage\":\"sk-SK\",\"@id\":\"https:\/\/www.welovecycling.com\/sk\/#\/schema\/person\/image\/\",\"url\":\"https:\/\/secure.gravatar.com\/avatar\/6126c9afb87b70da5abbb083ddbb21933da15f18f8ca7cb822aba0fb096a48f6?s=96&d=mm&r=g\",\"contentUrl\":\"https:\/\/secure.gravatar.com\/avatar\/6126c9afb87b70da5abbb083ddbb21933da15f18f8ca7cb822aba0fb096a48f6?s=96&d=mm&r=g\",\"caption\":\"Ondrej Ga\u0161par\"},\"url\":\"https:\/\/www.welovecycling.com\/sk\/author\/ondrejgaspar\/\"}]}<\/script>\n<!-- \/ Yoast SEO Premium plugin. -->","yoast_head_json":{"title":"Fenom\u00e9n gumov\u00fdch medved\u00edkov - \u0160koda We Love Cycling Slovensko","robots":{"index":"index","follow":"follow","max-snippet":"max-snippet:-1","max-image-preview":"max-image-preview:large","max-video-preview":"max-video-preview:-1"},"canonical":"https:\/\/www.welovecycling.com\/sk\/2017\/05\/08\/fenomen-gumovych-medvedikov\/","og_locale":"sk_SK","og_type":"article","og_title":"Fenom\u00e9n gumov\u00fdch medved\u00edkov","og_description":"Mo\u017eno ste si v\u0161imli, ako Peter Sagan po preteku Kurne-Brussels-Kurne nabral do dlane hrs\u0165 gumov\u00fdch medved\u00edkov. Razom bola z toho [&hellip;]","og_url":"https:\/\/www.welovecycling.com\/sk\/2017\/05\/08\/fenomen-gumovych-medvedikov\/","og_site_name":"\u0160koda We Love Cycling Slovensko","article_published_time":"2017-05-08T15:29:40+00:00","article_modified_time":"2017-05-19T07:28:16+00:00","og_image":[{"width":1375,"height":600,"url":"https:\/\/d2p6e6u75xmxt8.cloudfront.net\/4\/2017\/05\/114418.webp","type":"image\/webp"}],"author":"Ondrej Ga\u0161par","twitter_card":"summary_large_image","twitter_misc":{"Written by":"We Love Cycling","Est. reading time":"1 minute"},"schema":{"@context":"https:\/\/schema.org","@graph":[{"@type":"WebPage","@id":"https:\/\/www.welovecycling.com\/sk\/2017\/05\/08\/fenomen-gumovych-medvedikov\/","url":"https:\/\/www.welovecycling.com\/sk\/2017\/05\/08\/fenomen-gumovych-medvedikov\/","name":"Fenom\u00e9n gumov\u00fdch medved\u00edkov - \u0160koda We Love Cycling Slovensko","isPartOf":{"@id":"https:\/\/www.welovecycling.com\/sk\/#website"},"primaryImageOfPage":{"@id":"https:\/\/www.welovecycling.com\/sk\/2017\/05\/08\/fenomen-gumovych-medvedikov\/#primaryimage"},"image":{"@id":"https:\/\/www.welovecycling.com\/sk\/2017\/05\/08\/fenomen-gumovych-medvedikov\/#primaryimage"},"thumbnailUrl":"https:\/\/d2p6e6u75xmxt8.cloudfront.net\/4\/2017\/05\/114418.webp","datePublished":"2017-05-08T15:29:40+00:00","dateModified":"2017-05-19T07:28:16+00:00","author":{"@id":"https:\/\/www.welovecycling.com\/sk\/#\/schema\/person\/8ee09ba39b7e25b1870160aa5b3a89bc"},"breadcrumb":{"@id":"https:\/\/www.welovecycling.com\/sk\/2017\/05\/08\/fenomen-gumovych-medvedikov\/#breadcrumb"},"inLanguage":"sk-SK","potentialAction":[{"@type":"ReadAction","target":["https:\/\/www.welovecycling.com\/sk\/2017\/05\/08\/fenomen-gumovych-medvedikov\/"]}]},{"@type":"ImageObject","inLanguage":"sk-SK","@id":"https:\/\/www.welovecycling.com\/sk\/2017\/05\/08\/fenomen-gumovych-medvedikov\/#primaryimage","url":"https:\/\/d2p6e6u75xmxt8.cloudfront.net\/4\/2017\/05\/114418.webp","contentUrl":"https:\/\/d2p6e6u75xmxt8.cloudfront.net\/4\/2017\/05\/114418.webp","width":1375,"height":600},{"@type":"BreadcrumbList","@id":"https:\/\/www.welovecycling.com\/sk\/2017\/05\/08\/fenomen-gumovych-medvedikov\/#breadcrumb","itemListElement":[{"@type":"ListItem","position":1,"name":"Home","item":"https:\/\/www.welovecycling.com\/sk\/"},{"@type":"ListItem","position":2,"name":"Fenom\u00e9n gumov\u00fdch medved\u00edkov"}]},{"@type":"WebSite","@id":"https:\/\/www.welovecycling.com\/sk\/#website","url":"https:\/\/www.welovecycling.com\/sk\/","name":"\u0160koda We Love Cycling Slovensko","description":"\u0160koda We Love Cycling Slovensko je v\u00e1\u0161 ka\u017edodenn\u00fd zdroj noviniek a in\u0161pir\u00e1cie z sveta cyklistiky","potentialAction":[{"@type":"SearchAction","target":{"@type":"EntryPoint","urlTemplate":"https:\/\/www.welovecycling.com\/sk\/?s={search_term_string}"},"query-input":{"@type":"PropertyValueSpecification","valueRequired":true,"valueName":"search_term_string"}}],"inLanguage":"sk-SK"},{"@type":"Person","@id":"https:\/\/www.welovecycling.com\/sk\/#\/schema\/person\/8ee09ba39b7e25b1870160aa5b3a89bc","name":"Ondrej Ga\u0161par","image":{"@type":"ImageObject","inLanguage":"sk-SK","@id":"https:\/\/www.welovecycling.com\/sk\/#\/schema\/person\/image\/","url":"https:\/\/secure.gravatar.com\/avatar\/6126c9afb87b70da5abbb083ddbb21933da15f18f8ca7cb822aba0fb096a48f6?s=96&d=mm&r=g","contentUrl":"https:\/\/secure.gravatar.com\/avatar\/6126c9afb87b70da5abbb083ddbb21933da15f18f8ca7cb822aba0fb096a48f6?s=96&d=mm&r=g","caption":"Ondrej Ga\u0161par"},"url":"https:\/\/www.welovecycling.com\/sk\/author\/ondrejgaspar\/"}]}},"_links":{"self":[{"href":"https:\/\/www.welovecycling.com\/sk\/wp-json\/wp\/v2\/posts\/566","targetHints":{"allow":["GET"]}}],"collection":[{"href":"https:\/\/www.welovecycling.com\/sk\/wp-json\/wp\/v2\/posts"}],"about":[{"href":"https:\/\/www.welovecycling.com\/sk\/wp-json\/wp\/v2\/types\/post"}],"author":[{"embeddable":true,"href":"https:\/\/www.welovecycling.com\/sk\/wp-json\/wp\/v2\/users\/38"}],"replies":[{"embeddable":true,"href":"https:\/\/www.welovecycling.com\/sk\/wp-json\/wp\/v2\/comments?post=566"}],"version-history":[{"count":1,"href":"https:\/\/www.welovecycling.com\/sk\/wp-json\/wp\/v2\/posts\/566\/revisions"}],"predecessor-version":[{"id":567,"href":"https:\/\/www.welovecycling.com\/sk\/wp-json\/wp\/v2\/posts\/566\/revisions\/567"}],"wp:featuredmedia":[{"embeddable":true,"href":"https:\/\/www.welovecycling.com\/sk\/wp-json\/wp\/v2\/media\/568"}],"wp:attachment":[{"href":"https:\/\/www.welovecycling.com\/sk\/wp-json\/wp\/v2\/media?parent=566"}],"wp:term":[{"taxonomy":"category","embeddable":true,"href":"https:\/\/www.welovecycling.com\/sk\/wp-json\/wp\/v2\/categories?post=566"},{"taxonomy":"post_tag","embeddable":true,"href":"https:\/\/www.welovecycling.com\/sk\/wp-json\/wp\/v2\/tags?post=566"},{"taxonomy":"global-categories","embeddable":true,"href":"https:\/\/www.welovecycling.com\/sk\/wp-json\/wp\/v2\/global-categories?post=566"}],"curies":[{"name":"wp","href":"https:\/\/api.w.org\/{rel}","templated":true}]}}