{"id":5614,"date":"2018-12-21T10:30:31","date_gmt":"2018-12-21T09:30:31","guid":{"rendered":"https:\/\/www.welovecycling.com\/sk\/?p=5614"},"modified":"2019-01-09T14:42:02","modified_gmt":"2019-01-09T13:42:02","slug":"doplnky-pre-zimnu-cyklistiku-od-hlavy-az-po-patu","status":"publish","type":"post","link":"https:\/\/www.welovecycling.com\/sk\/2018\/12\/21\/doplnky-pre-zimnu-cyklistiku-od-hlavy-az-po-patu\/","title":{"rendered":"Doplnky pre zimn\u00fa cyklistiku \u2013 od hlavy a\u017e po p\u00e4tu"},"content":{"rendered":"<p><strong>Zdrav\u00fd rozum hovor\u00ed, \u017ee cyklistika je letn\u00fd \u0161port a aj napriek tomu sa cyklisti delia na dve kateg\u00f3rie. Prv\u00e1 kateg\u00f3ria na zimu odlo\u017e\u00ed bicykel do pivnice alebo gar\u00e1\u017ee a prech\u00e1dza na ly\u017ee, be\u017eky, pr\u00edpadne skialpinizmus. Druh\u00e1 kateg\u00f3ria roz\u0161\u00edri svoj \u0161portov\u00fd \u0161atn\u00edk o tepl\u00e9 veci a z\u00e1rove\u0148 zapoj\u00ed svoju kreativitu v kombinovan\u00ed toho, \u010do u\u017e doma m\u00e1, aby mr\u00e1z ne\u0161t\u00edpal a vietor nepref\u00fakal.<\/strong><!--more--><\/p>\n<p>Zop\u00e1r <strong>praktick\u00fdch doplnkov<\/strong>, ktor\u00e9 umo\u017enia zvl\u00e1dnu\u0165 cyklistiku v zime, v\u00e1m predstav\u00edme aj v tomto \u010dl\u00e1nku. A nemusia to by\u0165 hne\u010f nieko\u013eko hodinov\u00e9 v\u00fdjazdy do h\u00f4r. Mo\u017eno, \u017ee vo va\u0161om pr\u00edpade sa bude jedna\u0165 len o denn\u00e9 doch\u00e1dzanie do pr\u00e1ce.<\/p>\n<h2><strong>Za\u010dnite od hlavy<\/strong><\/h2>\n<p>Ke\u010f\u017ee odborn\u00edci radia, \u017ee <strong>hlavou n\u00e1m odch\u00e1dza ve\u013ek\u00e1 \u010das\u0165 tepla z tela<\/strong>, treba za\u010da\u0165 jej kvalitnou pokr\u00fdvkou. Cyklista v\u0161ak nar\u00e1\u017ea na probl\u00e9m &#8211; \u010do sa zmest\u00ed pod prilbu, ktor\u00e1 je v zime z h\u013eadiska bezpe\u010dnosti naozaj neodmyslite\u013en\u00e1? Na druh\u00fa stranu sa akt\u00edvne h\u00fdbete a ke\u010f to s hrubou \u010diapkou pre\u017eeniete, budete sa k\u00fapa\u0165 vo vlastnom pote a nikto predsa nechce, aby mu u\u0161i primrzli k hlave. V z\u00e1vislosti od po\u010dasia m\u00e1te mo\u017enos\u0165 pou\u017ei\u0165 tenk\u00fa zimn\u00fa \u010diapku, no ak je chladnej\u0161ie, je dobrou mo\u017enos\u0165ou siahnu\u0165 po \u010diapke z ov\u010dej vlny. Do najhor\u0161\u00edch extr\u00e9mov si sk\u00faste pod zimn\u00fa \u010diapku da\u0165 kuklu, alebo dnes ob\u013e\u00faben\u00fa \u201ebuffku\u201c a na to v\u0161etko by sa mala zmesti\u0165 e\u0161te prilba. V r\u00e1mci mo\u017enost\u00ed pou\u017e\u00edvajte nie pr\u00e1ve letn\u00fd model prilby &#8211; s extra ve\u013ek\u00fdm mno\u017estvom vetrac\u00edch otvorov.<\/p>\n<p><a href=\"https:\/\/d2p6e6u75xmxt8.cloudfront.net\/4\/2018\/12\/Untitled-collage-1.jpg\"><img loading=\"lazy\" decoding=\"async\" class=\"alignnone size-full wp-image-5631\" src=\"https:\/\/d2p6e6u75xmxt8.cloudfront.net\/4\/2018\/12\/Untitled-collage-1.jpg\" alt=\"\" width=\"1200\" height=\"800\" \/><\/a><\/p>\n<p>S\u00fa\u010das\u0165ou hlavy je aj <strong>krk a na ten treba tie\u017e myslie\u0165<\/strong>. Ani zimn\u00e1 bunda nemus\u00ed ma\u0165 golier rie\u0161en\u00fd tak, aby dostato\u010dne chr\u00e1nil krk pred zimou. Pou\u017eitie <strong>\u0161atky z hrejiv\u00e9ho materi\u00e1lu<\/strong> je dobr\u00fdm rie\u0161en\u00edm, ale ove\u013ea praktickej\u0161ie s\u00fa u\u017e spom\u00ednan\u00e9 <strong>\u201ebuffky\u201c<\/strong>, ktor\u00e9 sa tie\u017e daj\u00fa k\u00fapi\u0165 z r\u00f4znych materi\u00e1lov a pre svoje v\u00fdhody odpor\u00fa\u010dame ov\u010diu vlnu. M\u00e1 lep\u0161ie izola\u010dn\u00e9 vlastnosti a v\u00fdrazne obmedzuje z\u00e1pach. Pri pran\u00ed v\u0161ak myslite na to, \u017ee nezn\u00e1\u0161a pr\u00edli\u0161 hor\u00facu vodu a ne\u0161etrn\u00e9 zaobch\u00e1dzanie pri \u017em\u00fdkan\u00ed.<\/p>\n<p><a href=\"https:\/\/d2p6e6u75xmxt8.cloudfront.net\/4\/2018\/12\/Untitled-collage-2.jpg\"><img loading=\"lazy\" decoding=\"async\" class=\"alignnone size-full wp-image-5634\" src=\"https:\/\/d2p6e6u75xmxt8.cloudfront.net\/4\/2018\/12\/Untitled-collage-2.jpg\" alt=\"\" width=\"1200\" height=\"800\" \/><\/a><br \/>\n<strong>V\u00fdber z obchodov:<\/strong><\/p>\n<ul>\n<li><a href=\"http:\/\/www.rutex.sk\/product\/29\/capica-pce-cap\/\" target=\"_blank\" rel=\"noopener\">www.rutex.sk<\/a><\/li>\n<li><a href=\"https:\/\/www.zajo.net\/sk\/ciapky\/hals-typo-merino-beanie-deep-lagoon.p5746-22.html\" target=\"_blank\" rel=\"noopener\">www.zajo.net<\/a><\/li>\n<li><a href=\"https:\/\/www.mtbiker.sk\/shop\/oblecenie-a-tretry\/ciapky-a-satky\/endura-baabaa-merino-skullcap-ciapka.html\" target=\"_blank\" rel=\"noopener\">www.mtbiker.sk<\/a><\/li>\n<li><a href=\"https:\/\/www.abrakastore.sk\/obchod\/termo-celenka-folk\/\" target=\"_blank\" rel=\"noopener\">https:\/\/abrakastore.sk<\/a><\/li>\n<li><a href=\"https:\/\/www.progress-sk.sk\/progress-d-tube-winter-multifunkcna-satka-motiv-bubliiny\" target=\"_blank\" rel=\"noopener\">www.progress-sk<\/a><\/li>\n<li><a href=\"http:\/\/www.buff.sk\/satka-merino-vlna\/WOOL-BUFF-LIGHTWEIGHT-SOLID-RUSTY-RUSTY-113010.404.10\" target=\"_blank\" rel=\"noopener\">www.buff.sk<\/a><\/li>\n<\/ul>\n<h2><strong>Ruky nesm\u00fa om\u0155za\u0165<\/strong><\/h2>\n<p>Ak v\u00e1m bude zima na ruky, riskujete, \u017ee pri niektorom \u0161myku, o ktor\u00fd po\u010das zimnej jazdy nie je n\u00fadza, to jednoducho neustoj\u00edte a skon\u010d\u00edte v najbli\u017e\u0161om z\u00e1veji. Omrznut\u00e9 ruky str\u00e1caj\u00fa cit v prstoch a pri brzden\u00ed sa m\u00f4\u017ee sta\u0165, \u017ee jednoducho neodhadnete spr\u00e1vnu silu a spravidla to pre\u017eeniete. A <strong>pr\u00e1ve na snehu plat\u00ed pravidlo postupn\u00e9ho brzdenia rovnako ako na aute<\/strong>. D\u00f4le\u017eitou s\u00fa\u010das\u0165ou <strong>rukav\u00edc je pred\u013a\u017een\u00fd n\u00e1vlek<\/strong>, ktor\u00fd siaha dostato\u010dne \u010faleko pod bundu, aby sa v\u00e1m po\u010das jazdy neodkryla \u010das\u0165 ruky. Chladn\u00fd vzduch vie poriadne znepr\u00edjemni\u0165 jazdu.<\/p>\n<p>Ako aj pri letn\u00fdch rukaviciach, aj tu plat\u00ed, \u017ee by <strong>nemali by\u0165 pr\u00edli\u0161 vo\u013en\u00e9, ani tesn\u00e9<\/strong>. Hlavne nebu\u010fte \u0161etrn\u00ed a v r\u00e1mci \u00faspory financi\u00ed si poviete, \u017ee dobr\u00e9 bud\u00fa aj ly\u017eiarske rukavice. Je to omyl, preto\u017ee tie jednoducho neboli vyv\u00edjan\u00e9 na bicykel. A nezab\u00fadajte, \u017ee aj ke\u010f s\u00fa rukavice vyroben\u00e9 z najnov\u0161\u00edch materi\u00e1lov, doplnen\u00e9 s\u00fa technologick\u00fdmi vychyt\u00e1vkami a odpor\u00fa\u010dan\u00e9 \u0161pecialistami z cel\u00e9ho svete, st\u00e1le platia rady na\u0161ich star\u00fdch m\u00e1m, a to, \u017ee <strong>ob\u010das treba s prstami pocvi\u010di\u0165, pr\u00edpadne na chv\u00ed\u013eu zastavi\u0165 bike a poriadne zakr\u00fa\u017ei\u0165 rukami<\/strong>, aby sa v\u00e1m prekrvili stuhnut\u00e9 prsty.<\/p>\n<p><a href=\"https:\/\/d2p6e6u75xmxt8.cloudfront.net\/4\/2018\/12\/ii.jpg\"><img loading=\"lazy\" decoding=\"async\" class=\"alignnone size-full wp-image-5637\" src=\"https:\/\/d2p6e6u75xmxt8.cloudfront.net\/4\/2018\/12\/ii.jpg\" alt=\"\" width=\"1200\" height=\"800\" \/><\/a><br \/>\n<strong>V\u00fdber z obchodov:<\/strong><\/p>\n<ul>\n<li><a href=\"https:\/\/eshop.eleven-sportswear.sk\/rukavice-na-bezky\/1857-r2-cruiser-rukavice-na-bezky-a-zimnu-cyklistiku-atr28a\" target=\"_blank\" rel=\"noopener\">https:\/\/eshop.eleven-sportswear.sk<\/a><\/li>\n<li><a href=\"https:\/\/www.zajo.net\/sk\/rukavice\/arlberg-gloves-black.p5898-1.html\" target=\"_blank\" rel=\"noopener\">www.zajo.net<\/a><\/li>\n<li><a href=\"https:\/\/www.silvini.sk\/doplnky-rukavice-zimn%C3%A9\/1157-fusaro-ua745.html\" target=\"_blank\" rel=\"noopener\">www.silvini.sk<\/a><\/li>\n<\/ul>\n<h2><strong>Nohy sa h\u00fdbu najviac, ale&#8230;<\/strong><\/h2>\n<p>Po\u010das jazdy sa nohy h\u00fdbu najviac, t\u00fdm p\u00e1dom sa zahrievaj\u00fa vlastnou aktivitou, ale v zime treba r\u00e1ta\u0165 s t\u00fdm, \u017ee niektor\u00e9 \u00faseky budete bicykel tla\u010di\u0165 cez hlbok\u00fd sneh a vtedy dostan\u00fa aj nohy t\u00fa spr\u00e1vnu d\u00e1vku chladu. To u\u017e ani nespom\u00edname, ke\u010f pr\u00eddu technick\u00e9 probl\u00e9my ako defekt, \u010di zamrznut\u00e1 prehadzova\u010dka. <strong>Zimn\u00e9 tretry<\/strong> oproti t\u00fdm letn\u00fdm maj\u00fa t\u00fa v\u00fdhodu, \u017ee v\u00fdrobca r\u00e1ta s hrub\u0161ou pono\u017ekou, ktor\u00fa by ste do t\u00fdch letn\u00fdch len \u0165a\u017eko zmestili. Oproti letn\u00fdm s\u00fa aj <strong>nepremokav\u00e9<\/strong>, \u010do na snehu ur\u010dite ocen\u00edte. A samozrejme, <strong>nezabudnite na n\u00e1vleky<\/strong>, ktor\u00e9 chr\u00e1nia proti vetru a aj proti vlhk\u00e9mu snehu, \u010di blatu na so\u013eou posypanej ceste.<\/p>\n<p>Ke\u010f sme u\u017e pri t\u00fdch <strong>pono\u017ek\u00e1ch<\/strong>, tak vlnou ni\u010d nepokaz\u00edte a m\u00f4\u017eete zvoli\u0165 aj <strong>podkolienky<\/strong>, ktor\u00e9 zahrej\u00fa e\u0161te o nie\u010do viac. Tak\u00fdm extr\u00e9mom, \u010do sa obuvi t\u00fdka, s\u00fa aj klasick\u00e9 turistick\u00e9 top\u00e1nky, ale to v mnoh\u00fdch pr\u00edpadoch vy\u017eaduje aj v\u00fdmenu ped\u00e1lov za klasick\u00e9 platformy. Mnoh\u00ed cyklisti ich v\u0161ak v zime s \u00faspechom pou\u017e\u00edvaj\u00fa a nevedia si ich vynachv\u00e1li\u0165.<\/p>\n<p>Ak u\u017e ni\u010d nepom\u00e1ha, ale va\u0161e nutkanie vyrazi\u0165 na v\u00fdjazd do lesa je silnej\u0161ie, vysk\u00fa\u0161ajte <strong>ohrieva\u010d n\u00f4h<\/strong>. Aktivuje sa pri kontakte so vzduchom. Jednoducho roztrhnete obal a tento z\u00e1zrak za\u010dne hria\u0165. Sta\u010d\u00ed len vlo\u017ei\u0165 na nejak\u00e9 rozumn\u00e9 miesto do top\u00e1nky, nie v\u0161ak priamo na ko\u017eu. Ohrieva\u010d nohy vydr\u017e\u00ed nieko\u013eko hod\u00edn a vy si m\u00f4\u017eete u\u017e\u00edva\u0165 jazdu.<\/p>\n<p><a href=\"https:\/\/d2p6e6u75xmxt8.cloudfront.net\/4\/2018\/12\/tr.jpg\"><img loading=\"lazy\" decoding=\"async\" class=\"alignnone size-full wp-image-5638\" src=\"https:\/\/d2p6e6u75xmxt8.cloudfront.net\/4\/2018\/12\/tr.jpg\" alt=\"\" width=\"1200\" height=\"800\" \/><\/a><br \/>\n<strong>V\u00fdber z obchodov:<\/strong><\/p>\n<ul>\n<li><a href=\"https:\/\/www.mtbiker.sk\/shop\/tretry-a-obuv\/zimne-tretry\/exustar-sm3103-tretry-mtb-cierne-biele-model-2018.html\" target=\"_blank\" rel=\"noopener\">www.mtbiker.sk<\/a><\/li>\n<li><a href=\"https:\/\/eshop.eleven-sportswear.sk\/cyklisticke-navleky\/1742-navleky-na-tretry-aero-bont-fluo-reflex?search_query=tretry&amp;results=3\" target=\"_blank\" rel=\"noopener\">https:\/\/eshop.eleven-sportswear.sk<\/a><\/li>\n<li><a href=\"https:\/\/www.sportrysy.sk\/icebreaker-ski-light-otc-twister-heather-monsoon-alpine\/#accordion\" target=\"_blank\" rel=\"noopener\">www.sportrysy.sk<\/a><\/li>\n<li><a href=\"https:\/\/www.stanuj.sk\/turisticke-doplnky\/heatpaxx-ohrievac-noh-1-par\/\" target=\"_blank\" rel=\"noopener\">www.stanuj.sk<\/a><\/li>\n<\/ul>\n<p>Ak sa predsa len rozhodnete zosta\u0165 doma v teple a zimn\u00e9 radov\u00e1nky s bicyklom o\u017eeliete, neost\u00e1va v\u00e1m ni\u010d in\u00e9, len k\u00fapi\u0165 permanentku do fitka a osedla\u0165 miestne stroje. Ak by v\u00e1m n\u00e1hodou prek\u00e1\u017eal aj zimn\u00fd presun do najbli\u017e\u0161ieho schopn\u00e9ho fitnes centra, \u010do v\u0161ak u jesenn\u00fdmi vetrami o\u0161\u013eahan\u00e9ho cyklistu nepredpoklad\u00e1me, v\u017edy e\u0161te m\u00f4\u017eete zainvestova\u0165 do niektor\u00e9ho z <strong>dom\u00e1cich trena\u017e\u00e9rov<\/strong>. Na tie sa u\u017e pozrieme niekedy nabud\u00face.<\/p>\n","protected":false},"excerpt":{"rendered":"<p>Zdrav\u00fd rozum hovor\u00ed, \u017ee cyklistika je letn\u00fd \u0161port a aj napriek tomu sa cyklisti delia na dve kateg\u00f3rie. Prv\u00e1 kateg\u00f3ria [&hellip;]<\/p>\n","protected":false},"author":38,"featured_media":5641,"comment_status":"open","ping_status":"open","sticky":false,"template":"","format":"standard","meta":{"footnotes":""},"categories":[4,3,52],"tags":[714,115,713,180,532,412,310,285,349,712,348,317,711],"global-categories":[],"class_list":["post-5614","post","type-post","status-publish","format-standard","has-post-thumbnail","hentry","category-cestna-cyklisitika","category-mtb","category-nakupny-poradca","tag-buffka","tag-cestna-cyklistika","tag-ciapka","tag-horska-cyklistika","tag-jazdenie","tag-mtb","tag-navleky","tag-oblecenie","tag-ponozky","tag-rukavice","tag-tretry","tag-zima","tag-zimne-tretry"],"yoast_head":"<!-- This site is optimized with the Yoast SEO Premium plugin v25.3 (Yoast SEO v25.9) - https:\/\/yoast.com\/wordpress\/plugins\/seo\/ -->\n<title>Doplnky pre zimn\u00fa cyklistiku \u2013 od hlavy a\u017e po p\u00e4tu - \u0160koda We Love Cycling Slovensko<\/title>\n<meta name=\"robots\" content=\"index, follow, max-snippet:-1, max-image-preview:large, max-video-preview:-1\" \/>\n<link rel=\"canonical\" href=\"https:\/\/www.welovecycling.com\/sk\/2018\/12\/21\/doplnky-pre-zimnu-cyklistiku-od-hlavy-az-po-patu\/\" \/>\n<meta property=\"og:locale\" content=\"sk_SK\" \/>\n<meta property=\"og:type\" content=\"article\" \/>\n<meta property=\"og:title\" content=\"Doplnky pre zimn\u00fa cyklistiku \u2013 od hlavy a\u017e po p\u00e4tu\" \/>\n<meta property=\"og:description\" content=\"Zdrav\u00fd rozum hovor\u00ed, \u017ee cyklistika je letn\u00fd \u0161port a aj napriek tomu sa cyklisti delia na dve kateg\u00f3rie. Prv\u00e1 kateg\u00f3ria [&hellip;]\" \/>\n<meta property=\"og:url\" content=\"https:\/\/www.welovecycling.com\/sk\/2018\/12\/21\/doplnky-pre-zimnu-cyklistiku-od-hlavy-az-po-patu\/\" \/>\n<meta property=\"og:site_name\" content=\"\u0160koda We Love Cycling Slovensko\" \/>\n<meta property=\"article:published_time\" content=\"2018-12-21T09:30:31+00:00\" \/>\n<meta property=\"article:modified_time\" content=\"2019-01-09T13:42:02+00:00\" \/>\n<meta property=\"og:image\" content=\"https:\/\/d2p6e6u75xmxt8.cloudfront.net\/4\/2018\/12\/winter-3013130_1920.webp\" \/>\n\t<meta property=\"og:image:width\" content=\"1380\" \/>\n\t<meta property=\"og:image:height\" content=\"600\" \/>\n\t<meta property=\"og:image:type\" content=\"image\/webp\" \/>\n<meta name=\"author\" content=\"Ondrej Ga\u0161par\" \/>\n<meta name=\"twitter:card\" content=\"summary_large_image\" \/>\n<meta name=\"twitter:label1\" content=\"Written by\" \/>\n\t<meta name=\"twitter:data1\" content=\"We Love Cycling\" \/>\n\t<meta name=\"twitter:label2\" content=\"Est. reading time\" \/>\n\t<meta name=\"twitter:data2\" content=\"6\" \/>\n<script type=\"application\/ld+json\" class=\"yoast-schema-graph\">{\"@context\":\"https:\/\/schema.org\",\"@graph\":[{\"@type\":\"WebPage\",\"@id\":\"https:\/\/www.welovecycling.com\/sk\/2018\/12\/21\/doplnky-pre-zimnu-cyklistiku-od-hlavy-az-po-patu\/\",\"url\":\"https:\/\/www.welovecycling.com\/sk\/2018\/12\/21\/doplnky-pre-zimnu-cyklistiku-od-hlavy-az-po-patu\/\",\"name\":\"Doplnky pre zimn\u00fa cyklistiku \u2013 od hlavy a\u017e po p\u00e4tu - \u0160koda We Love Cycling Slovensko\",\"isPartOf\":{\"@id\":\"https:\/\/www.welovecycling.com\/sk\/#website\"},\"primaryImageOfPage\":{\"@id\":\"https:\/\/www.welovecycling.com\/sk\/2018\/12\/21\/doplnky-pre-zimnu-cyklistiku-od-hlavy-az-po-patu\/#primaryimage\"},\"image\":{\"@id\":\"https:\/\/www.welovecycling.com\/sk\/2018\/12\/21\/doplnky-pre-zimnu-cyklistiku-od-hlavy-az-po-patu\/#primaryimage\"},\"thumbnailUrl\":\"https:\/\/d2p6e6u75xmxt8.cloudfront.net\/4\/2018\/12\/winter-3013130_1920.webp\",\"datePublished\":\"2018-12-21T09:30:31+00:00\",\"dateModified\":\"2019-01-09T13:42:02+00:00\",\"author\":{\"@id\":\"https:\/\/www.welovecycling.com\/sk\/#\/schema\/person\/8ee09ba39b7e25b1870160aa5b3a89bc\"},\"breadcrumb\":{\"@id\":\"https:\/\/www.welovecycling.com\/sk\/2018\/12\/21\/doplnky-pre-zimnu-cyklistiku-od-hlavy-az-po-patu\/#breadcrumb\"},\"inLanguage\":\"sk-SK\",\"potentialAction\":[{\"@type\":\"ReadAction\",\"target\":[\"https:\/\/www.welovecycling.com\/sk\/2018\/12\/21\/doplnky-pre-zimnu-cyklistiku-od-hlavy-az-po-patu\/\"]}]},{\"@type\":\"ImageObject\",\"inLanguage\":\"sk-SK\",\"@id\":\"https:\/\/www.welovecycling.com\/sk\/2018\/12\/21\/doplnky-pre-zimnu-cyklistiku-od-hlavy-az-po-patu\/#primaryimage\",\"url\":\"https:\/\/d2p6e6u75xmxt8.cloudfront.net\/4\/2018\/12\/winter-3013130_1920.webp\",\"contentUrl\":\"https:\/\/d2p6e6u75xmxt8.cloudfront.net\/4\/2018\/12\/winter-3013130_1920.webp\",\"width\":1380,\"height\":600},{\"@type\":\"BreadcrumbList\",\"@id\":\"https:\/\/www.welovecycling.com\/sk\/2018\/12\/21\/doplnky-pre-zimnu-cyklistiku-od-hlavy-az-po-patu\/#breadcrumb\",\"itemListElement\":[{\"@type\":\"ListItem\",\"position\":1,\"name\":\"Home\",\"item\":\"https:\/\/www.welovecycling.com\/sk\/\"},{\"@type\":\"ListItem\",\"position\":2,\"name\":\"Doplnky pre zimn\u00fa cyklistiku \u2013 od hlavy a\u017e po p\u00e4tu\"}]},{\"@type\":\"WebSite\",\"@id\":\"https:\/\/www.welovecycling.com\/sk\/#website\",\"url\":\"https:\/\/www.welovecycling.com\/sk\/\",\"name\":\"\u0160koda We Love Cycling Slovensko\",\"description\":\"\u0160koda We Love Cycling Slovensko je v\u00e1\u0161 ka\u017edodenn\u00fd zdroj noviniek a in\u0161pir\u00e1cie z sveta cyklistiky\",\"potentialAction\":[{\"@type\":\"SearchAction\",\"target\":{\"@type\":\"EntryPoint\",\"urlTemplate\":\"https:\/\/www.welovecycling.com\/sk\/?s={search_term_string}\"},\"query-input\":{\"@type\":\"PropertyValueSpecification\",\"valueRequired\":true,\"valueName\":\"search_term_string\"}}],\"inLanguage\":\"sk-SK\"},{\"@type\":\"Person\",\"@id\":\"https:\/\/www.welovecycling.com\/sk\/#\/schema\/person\/8ee09ba39b7e25b1870160aa5b3a89bc\",\"name\":\"Ondrej Ga\u0161par\",\"image\":{\"@type\":\"ImageObject\",\"inLanguage\":\"sk-SK\",\"@id\":\"https:\/\/www.welovecycling.com\/sk\/#\/schema\/person\/image\/\",\"url\":\"https:\/\/secure.gravatar.com\/avatar\/6126c9afb87b70da5abbb083ddbb21933da15f18f8ca7cb822aba0fb096a48f6?s=96&d=mm&r=g\",\"contentUrl\":\"https:\/\/secure.gravatar.com\/avatar\/6126c9afb87b70da5abbb083ddbb21933da15f18f8ca7cb822aba0fb096a48f6?s=96&d=mm&r=g\",\"caption\":\"Ondrej Ga\u0161par\"},\"url\":\"https:\/\/www.welovecycling.com\/sk\/author\/ondrejgaspar\/\"}]}<\/script>\n<!-- \/ Yoast SEO Premium plugin. -->","yoast_head_json":{"title":"Doplnky pre zimn\u00fa cyklistiku \u2013 od hlavy a\u017e po p\u00e4tu - \u0160koda We Love Cycling Slovensko","robots":{"index":"index","follow":"follow","max-snippet":"max-snippet:-1","max-image-preview":"max-image-preview:large","max-video-preview":"max-video-preview:-1"},"canonical":"https:\/\/www.welovecycling.com\/sk\/2018\/12\/21\/doplnky-pre-zimnu-cyklistiku-od-hlavy-az-po-patu\/","og_locale":"sk_SK","og_type":"article","og_title":"Doplnky pre zimn\u00fa cyklistiku \u2013 od hlavy a\u017e po p\u00e4tu","og_description":"Zdrav\u00fd rozum hovor\u00ed, \u017ee cyklistika je letn\u00fd \u0161port a aj napriek tomu sa cyklisti delia na dve kateg\u00f3rie. Prv\u00e1 kateg\u00f3ria [&hellip;]","og_url":"https:\/\/www.welovecycling.com\/sk\/2018\/12\/21\/doplnky-pre-zimnu-cyklistiku-od-hlavy-az-po-patu\/","og_site_name":"\u0160koda We Love Cycling Slovensko","article_published_time":"2018-12-21T09:30:31+00:00","article_modified_time":"2019-01-09T13:42:02+00:00","og_image":[{"width":1380,"height":600,"url":"https:\/\/d2p6e6u75xmxt8.cloudfront.net\/4\/2018\/12\/winter-3013130_1920.webp","type":"image\/webp"}],"author":"Ondrej Ga\u0161par","twitter_card":"summary_large_image","twitter_misc":{"Written by":"We Love Cycling","Est. reading time":"6"},"schema":{"@context":"https:\/\/schema.org","@graph":[{"@type":"WebPage","@id":"https:\/\/www.welovecycling.com\/sk\/2018\/12\/21\/doplnky-pre-zimnu-cyklistiku-od-hlavy-az-po-patu\/","url":"https:\/\/www.welovecycling.com\/sk\/2018\/12\/21\/doplnky-pre-zimnu-cyklistiku-od-hlavy-az-po-patu\/","name":"Doplnky pre zimn\u00fa cyklistiku \u2013 od hlavy a\u017e po p\u00e4tu - \u0160koda We Love Cycling Slovensko","isPartOf":{"@id":"https:\/\/www.welovecycling.com\/sk\/#website"},"primaryImageOfPage":{"@id":"https:\/\/www.welovecycling.com\/sk\/2018\/12\/21\/doplnky-pre-zimnu-cyklistiku-od-hlavy-az-po-patu\/#primaryimage"},"image":{"@id":"https:\/\/www.welovecycling.com\/sk\/2018\/12\/21\/doplnky-pre-zimnu-cyklistiku-od-hlavy-az-po-patu\/#primaryimage"},"thumbnailUrl":"https:\/\/d2p6e6u75xmxt8.cloudfront.net\/4\/2018\/12\/winter-3013130_1920.webp","datePublished":"2018-12-21T09:30:31+00:00","dateModified":"2019-01-09T13:42:02+00:00","author":{"@id":"https:\/\/www.welovecycling.com\/sk\/#\/schema\/person\/8ee09ba39b7e25b1870160aa5b3a89bc"},"breadcrumb":{"@id":"https:\/\/www.welovecycling.com\/sk\/2018\/12\/21\/doplnky-pre-zimnu-cyklistiku-od-hlavy-az-po-patu\/#breadcrumb"},"inLanguage":"sk-SK","potentialAction":[{"@type":"ReadAction","target":["https:\/\/www.welovecycling.com\/sk\/2018\/12\/21\/doplnky-pre-zimnu-cyklistiku-od-hlavy-az-po-patu\/"]}]},{"@type":"ImageObject","inLanguage":"sk-SK","@id":"https:\/\/www.welovecycling.com\/sk\/2018\/12\/21\/doplnky-pre-zimnu-cyklistiku-od-hlavy-az-po-patu\/#primaryimage","url":"https:\/\/d2p6e6u75xmxt8.cloudfront.net\/4\/2018\/12\/winter-3013130_1920.webp","contentUrl":"https:\/\/d2p6e6u75xmxt8.cloudfront.net\/4\/2018\/12\/winter-3013130_1920.webp","width":1380,"height":600},{"@type":"BreadcrumbList","@id":"https:\/\/www.welovecycling.com\/sk\/2018\/12\/21\/doplnky-pre-zimnu-cyklistiku-od-hlavy-az-po-patu\/#breadcrumb","itemListElement":[{"@type":"ListItem","position":1,"name":"Home","item":"https:\/\/www.welovecycling.com\/sk\/"},{"@type":"ListItem","position":2,"name":"Doplnky pre zimn\u00fa cyklistiku \u2013 od hlavy a\u017e po p\u00e4tu"}]},{"@type":"WebSite","@id":"https:\/\/www.welovecycling.com\/sk\/#website","url":"https:\/\/www.welovecycling.com\/sk\/","name":"\u0160koda We Love Cycling Slovensko","description":"\u0160koda We Love Cycling Slovensko je v\u00e1\u0161 ka\u017edodenn\u00fd zdroj noviniek a in\u0161pir\u00e1cie z sveta cyklistiky","potentialAction":[{"@type":"SearchAction","target":{"@type":"EntryPoint","urlTemplate":"https:\/\/www.welovecycling.com\/sk\/?s={search_term_string}"},"query-input":{"@type":"PropertyValueSpecification","valueRequired":true,"valueName":"search_term_string"}}],"inLanguage":"sk-SK"},{"@type":"Person","@id":"https:\/\/www.welovecycling.com\/sk\/#\/schema\/person\/8ee09ba39b7e25b1870160aa5b3a89bc","name":"Ondrej Ga\u0161par","image":{"@type":"ImageObject","inLanguage":"sk-SK","@id":"https:\/\/www.welovecycling.com\/sk\/#\/schema\/person\/image\/","url":"https:\/\/secure.gravatar.com\/avatar\/6126c9afb87b70da5abbb083ddbb21933da15f18f8ca7cb822aba0fb096a48f6?s=96&d=mm&r=g","contentUrl":"https:\/\/secure.gravatar.com\/avatar\/6126c9afb87b70da5abbb083ddbb21933da15f18f8ca7cb822aba0fb096a48f6?s=96&d=mm&r=g","caption":"Ondrej Ga\u0161par"},"url":"https:\/\/www.welovecycling.com\/sk\/author\/ondrejgaspar\/"}]}},"_links":{"self":[{"href":"https:\/\/www.welovecycling.com\/sk\/wp-json\/wp\/v2\/posts\/5614","targetHints":{"allow":["GET"]}}],"collection":[{"href":"https:\/\/www.welovecycling.com\/sk\/wp-json\/wp\/v2\/posts"}],"about":[{"href":"https:\/\/www.welovecycling.com\/sk\/wp-json\/wp\/v2\/types\/post"}],"author":[{"embeddable":true,"href":"https:\/\/www.welovecycling.com\/sk\/wp-json\/wp\/v2\/users\/38"}],"replies":[{"embeddable":true,"href":"https:\/\/www.welovecycling.com\/sk\/wp-json\/wp\/v2\/comments?post=5614"}],"version-history":[{"count":2,"href":"https:\/\/www.welovecycling.com\/sk\/wp-json\/wp\/v2\/posts\/5614\/revisions"}],"predecessor-version":[{"id":6024,"href":"https:\/\/www.welovecycling.com\/sk\/wp-json\/wp\/v2\/posts\/5614\/revisions\/6024"}],"wp:featuredmedia":[{"embeddable":true,"href":"https:\/\/www.welovecycling.com\/sk\/wp-json\/wp\/v2\/media\/5641"}],"wp:attachment":[{"href":"https:\/\/www.welovecycling.com\/sk\/wp-json\/wp\/v2\/media?parent=5614"}],"wp:term":[{"taxonomy":"category","embeddable":true,"href":"https:\/\/www.welovecycling.com\/sk\/wp-json\/wp\/v2\/categories?post=5614"},{"taxonomy":"post_tag","embeddable":true,"href":"https:\/\/www.welovecycling.com\/sk\/wp-json\/wp\/v2\/tags?post=5614"},{"taxonomy":"global-categories","embeddable":true,"href":"https:\/\/www.welovecycling.com\/sk\/wp-json\/wp\/v2\/global-categories?post=5614"}],"curies":[{"name":"wp","href":"https:\/\/api.w.org\/{rel}","templated":true}]}}