{"id":5592,"date":"2018-12-03T11:08:07","date_gmt":"2018-12-03T10:08:07","guid":{"rendered":"https:\/\/www.welovecycling.com\/sk\/?p=5592"},"modified":"2018-11-28T14:33:57","modified_gmt":"2018-11-28T13:33:57","slug":"uskladnenie-bicykla-na-zimu","status":"publish","type":"post","link":"https:\/\/www.welovecycling.com\/sk\/2018\/12\/03\/uskladnenie-bicykla-na-zimu\/","title":{"rendered":"Uskladnenie bicykla na zimu"},"content":{"rendered":"<p><strong>Nie v\u0161etci s\u00fa bicyklu vern\u00ed celoro\u010dne, pr\u00edpadne v tomto obdob\u00ed u\u017e mnoh\u00ed vy\u0165ahuj\u00fa svoj \u201czim\u00e1k\u201d. Preto nastal ide\u00e1lny \u010das, poveda\u0165 si nieko\u013eko r\u00e1d, ako uskladni\u0165 \u201cletn\u00fd\u201d bicykel v najbli\u017e\u0161\u00edch mesiacoch.<\/strong><!--more--><\/p>\n<h2><strong>Umyte bicykel<\/strong><\/h2>\n<p>Predt\u00fdm, ne\u017e bude po\u010dasie pr\u00edli\u0161 chladn\u00e9, bicykel poum\u00fdvajte. Vyu\u017eite pr\u00edle\u017eitos\u0165, pok\u00fdm m\u00e1te letn\u00e9 mazanie sk\u00f4r, ne\u017e sa zanesie zimn\u00fdm blatom a \u0161pinou \u2013 najm\u00e4 t\u00ed, \u010do jazdia ces\u0165\u00e1ky.<\/p>\n<lite-youtube videoid=B2sKhSDrugE params=\"enablejsapi=1\" style=\"background-image: url('https:\/\/i.ytimg.com\/vi_webp\/B2sKhSDrugE\/maxresdefault.webp');\"><\/lite-youtube>\n<p>Dajte dolu <strong>re\u0165az z bicykla<\/strong>, aby ste ju mohli <strong>\u0161peci\u00e1lne o\u0161etri\u0165<\/strong>. So zlo\u017eenou re\u0165azou si m\u00f4\u017eete by\u0165 ist\u00ed, \u017ee poriadne vy\u010dist\u00edte cel\u00fd bicykel. Je pekn\u00e9 sa pred zimou rozl\u00fa\u010di\u0165 so svoj\u00edm bicyklom poriadnou o\u010distou. Na jar ur\u010dite ocen\u00edte, \u017ee t\u00e1 pr\u00e1ca za to st\u00e1la.<\/p>\n<h2><strong>Odmas\u0165ovanie re\u0165aze<\/strong><\/h2>\n<p>Svoju pozornos\u0165 teraz upriamime na re\u0165az. <strong>Zbavi\u0165 sa \u0161piny, piesku a ostatn\u00fdch ne\u010dist\u00f4t<\/strong>, ktor\u00e9 s\u00fa na nej usaden\u00e9, je nevyhnutn\u00e9, a to nielen pre re\u0165az, ale aj pre ostatn\u00e9 \u010dasti, ktor\u00e9 s \u0148ou prich\u00e1dzaj\u00fa do kontaktu. Kazeta v\u00e1m po\u010fakuje.<\/p>\n<lite-youtube videoid=8JxtMu2W_u0 params=\"enablejsapi=1\" style=\"background-image: url('https:\/\/i.ytimg.com\/vi_webp\/8JxtMu2W_u0\/maxresdefault.webp');\"><\/lite-youtube>\n<p>Odpor\u00fa\u010dame pou\u017eitie <strong>syst\u00e9mu troch re\u0165az\u00ed<\/strong> &#8211; jedna re\u0165az na bicykli, jedna v procese odmas\u0165ovania a jedna, ktor\u00e1 sa su\u0161\u00ed vo va\u0161ej dielni. Ka\u017ed\u00e1 z re\u0165az\u00ed vydr\u017e\u00ed trikr\u00e1t dlh\u0161ie a budete z\u00e1rove\u0148 zni\u017eova\u0165 opotrebenie kazety.<\/p>\n<h2><strong>Starostlivos\u0165 o du\u0161u a pl\u00e1\u0161\u0165<\/strong><\/h2>\n<p>Ak bicykel nepou\u017e\u00edvate dlh\u0161iu dobu, ide\u00e1lne je <strong>zavesi\u0165 ho za r\u00e1m<\/strong>. Ak nem\u00e1te t\u00fato mo\u017enos\u0165, <strong>starostlivo naf\u00fakajte koles\u00e1 a \u010das od \u010dasu skontrolujte<\/strong>, \u010di nie s\u00fa pr\u00edli\u0161 m\u00e4kk\u00e9.<\/p>\n<p>Ak s\u00fa pr\u00edli\u0161 sf\u00faknut\u00e9, tak hroz\u00ed, \u017ee r\u00e1fiky bud\u00fa tla\u010di\u0165 na du\u0161u a pl\u00e1\u0161\u0165, preto ich poriadne naf\u00faknite. Hoci je nepravdepodobn\u00e9, \u017ee by to sp\u00f4sobilo defekt, dokonca aj \u013eahk\u00fd karb\u00f3nov\u00fd r\u00e1m tla\u010diaci na du\u0161e, m\u00f4\u017ee sp\u00f4sobi\u0165 ich oslabenie. Pre\u010do to riskova\u0165?<\/p>\n<h2><strong>Prikrytie<\/strong><\/h2>\n<p>Teraz, ke\u010f ste str\u00e1vili v\u0161etok ten \u010das pr\u00edpravou bicykla na uskladnenie, budete ho chcie\u0165 d\u00f4kladne prikry\u0165, <strong>aby na\u0148 nesadal prach<\/strong>. \u00dapln\u00e9 zakrytie bicykla je skvel\u00e9, ale uistite sa, \u017ee sa pravidelne dostanete k pneumatik\u00e1m, v pr\u00edpade, \u017ee ich potrebujete kontrolova\u0165 a ob\u010das dof\u00faknu\u0165.<\/p>\n<lite-youtube videoid=-Ff9GciIKRc params=\"enablejsapi=1\" style=\"background-image: url('https:\/\/i.ytimg.com\/vi_webp\/-Ff9GciIKRc\/maxresdefault.webp');\"><\/lite-youtube>\n<p>Berte do \u00favahy aj prostredie, kde budete bicykel skladova\u0165. Ak rob\u00edte ve\u013ea s drevom a prostredie je pra\u0161n\u00e9, budete potrebova\u0165 obal, ktor\u00fd \u00faplne prekryje v\u00e1\u0161 bicykel. Ak ho m\u00e1te uskladnen\u00fd napr\u00edklad doma v gar\u00e1\u017ei, jednoduch\u00e1 prikr\u00fdvka proti prachu bude sta\u010di\u0165.<\/p>\n","protected":false},"excerpt":{"rendered":"<p>Nie v\u0161etci s\u00fa bicyklu vern\u00ed celoro\u010dne, pr\u00edpadne v tomto obdob\u00ed u\u017e mnoh\u00ed vy\u0165ahuj\u00fa svoj \u201czim\u00e1k\u201d. Preto nastal ide\u00e1lny \u010das, poveda\u0165 [&hellip;]<\/p>\n","protected":false},"author":38,"featured_media":5596,"comment_status":"open","ping_status":"open","sticky":false,"template":"","format":"standard","meta":{"footnotes":""},"categories":[352],"tags":[487,709,636,195,412,621,625,631,564,193,290,707,708,317],"global-categories":[],"class_list":["post-5592","post","type-post","status-publish","format-standard","has-post-thumbnail","hentry","category-udrzba","tag-cestny-bicykel","tag-dusa","tag-mazanie","tag-mazanie-retaze","tag-mtb","tag-ochrana","tag-plast","tag-retaz","tag-starostlivost","tag-tlak-v-plastoch","tag-udrzba","tag-umyvanie","tag-uskladnenie","tag-zima"],"yoast_head":"<!-- This site is optimized with the Yoast SEO Premium plugin v25.3 (Yoast SEO v25.9) - https:\/\/yoast.com\/wordpress\/plugins\/seo\/ -->\n<title>Uskladnenie bicykla na zimu - \u0160koda We Love Cycling Slovensko<\/title>\n<meta name=\"description\" content=\"Now that you\u2019ve decided to buy a winter ? you\u2019ve got to think about storing your summer bikes for the next few months. Here\u2019s how to do it.\" \/>\n<meta name=\"robots\" content=\"index, follow, max-snippet:-1, max-image-preview:large, max-video-preview:-1\" \/>\n<link rel=\"canonical\" href=\"https:\/\/www.welovecycling.com\/sk\/2018\/12\/03\/uskladnenie-bicykla-na-zimu\/\" \/>\n<meta property=\"og:locale\" content=\"sk_SK\" \/>\n<meta property=\"og:type\" content=\"article\" \/>\n<meta property=\"og:title\" content=\"Uskladnenie bicykla na zimu\" \/>\n<meta property=\"og:description\" content=\"Now that you\u2019ve decided to buy a winter ? you\u2019ve got to think about storing your summer bikes for the next few months. Here\u2019s how to do it.\" \/>\n<meta property=\"og:url\" content=\"https:\/\/www.welovecycling.com\/sk\/2018\/12\/03\/uskladnenie-bicykla-na-zimu\/\" \/>\n<meta property=\"og:site_name\" content=\"\u0160koda We Love Cycling Slovensko\" \/>\n<meta property=\"article:published_time\" content=\"2018-12-03T10:08:07+00:00\" \/>\n<meta property=\"og:image\" content=\"https:\/\/d2p6e6u75xmxt8.cloudfront.net\/4\/2018\/11\/Frozen-Bicycle-Winter-profimedia-0395647250.webp\" \/>\n\t<meta property=\"og:image:width\" content=\"1366\" \/>\n\t<meta property=\"og:image:height\" content=\"600\" \/>\n\t<meta property=\"og:image:type\" content=\"image\/webp\" \/>\n<meta name=\"author\" content=\"Ondrej Ga\u0161par\" \/>\n<meta name=\"twitter:card\" content=\"summary_large_image\" \/>\n<meta name=\"twitter:label1\" content=\"Written by\" \/>\n\t<meta name=\"twitter:data1\" content=\"Christopher Ashley\" \/>\n\t<meta name=\"twitter:label2\" content=\"Est. reading time\" \/>\n\t<meta name=\"twitter:data2\" content=\"3\" \/>\n<script type=\"application\/ld+json\" class=\"yoast-schema-graph\">{\"@context\":\"https:\/\/schema.org\",\"@graph\":[{\"@type\":\"WebPage\",\"@id\":\"https:\/\/www.welovecycling.com\/sk\/2018\/12\/03\/uskladnenie-bicykla-na-zimu\/\",\"url\":\"https:\/\/www.welovecycling.com\/sk\/2018\/12\/03\/uskladnenie-bicykla-na-zimu\/\",\"name\":\"Uskladnenie bicykla na zimu - \u0160koda We Love Cycling Slovensko\",\"isPartOf\":{\"@id\":\"https:\/\/www.welovecycling.com\/sk\/#website\"},\"primaryImageOfPage\":{\"@id\":\"https:\/\/www.welovecycling.com\/sk\/2018\/12\/03\/uskladnenie-bicykla-na-zimu\/#primaryimage\"},\"image\":{\"@id\":\"https:\/\/www.welovecycling.com\/sk\/2018\/12\/03\/uskladnenie-bicykla-na-zimu\/#primaryimage\"},\"thumbnailUrl\":\"https:\/\/d2p6e6u75xmxt8.cloudfront.net\/4\/2018\/11\/Frozen-Bicycle-Winter-profimedia-0395647250.webp\",\"datePublished\":\"2018-12-03T10:08:07+00:00\",\"author\":{\"@id\":\"https:\/\/www.welovecycling.com\/sk\/#\/schema\/person\/8ee09ba39b7e25b1870160aa5b3a89bc\"},\"description\":\"Now that you\u2019ve decided to buy a winter ? you\u2019ve got to think about storing your summer bikes for the next few months. Here\u2019s how to do it.\",\"breadcrumb\":{\"@id\":\"https:\/\/www.welovecycling.com\/sk\/2018\/12\/03\/uskladnenie-bicykla-na-zimu\/#breadcrumb\"},\"inLanguage\":\"sk-SK\",\"potentialAction\":[{\"@type\":\"ReadAction\",\"target\":[\"https:\/\/www.welovecycling.com\/sk\/2018\/12\/03\/uskladnenie-bicykla-na-zimu\/\"]}]},{\"@type\":\"ImageObject\",\"inLanguage\":\"sk-SK\",\"@id\":\"https:\/\/www.welovecycling.com\/sk\/2018\/12\/03\/uskladnenie-bicykla-na-zimu\/#primaryimage\",\"url\":\"https:\/\/d2p6e6u75xmxt8.cloudfront.net\/4\/2018\/11\/Frozen-Bicycle-Winter-profimedia-0395647250.webp\",\"contentUrl\":\"https:\/\/d2p6e6u75xmxt8.cloudfront.net\/4\/2018\/11\/Frozen-Bicycle-Winter-profimedia-0395647250.webp\",\"width\":1366,\"height\":600},{\"@type\":\"BreadcrumbList\",\"@id\":\"https:\/\/www.welovecycling.com\/sk\/2018\/12\/03\/uskladnenie-bicykla-na-zimu\/#breadcrumb\",\"itemListElement\":[{\"@type\":\"ListItem\",\"position\":1,\"name\":\"Home\",\"item\":\"https:\/\/www.welovecycling.com\/sk\/\"},{\"@type\":\"ListItem\",\"position\":2,\"name\":\"Uskladnenie bicykla na zimu\"}]},{\"@type\":\"WebSite\",\"@id\":\"https:\/\/www.welovecycling.com\/sk\/#website\",\"url\":\"https:\/\/www.welovecycling.com\/sk\/\",\"name\":\"\u0160koda We Love Cycling Slovensko\",\"description\":\"\u0160koda We Love Cycling Slovensko je v\u00e1\u0161 ka\u017edodenn\u00fd zdroj noviniek a in\u0161pir\u00e1cie z sveta cyklistiky\",\"potentialAction\":[{\"@type\":\"SearchAction\",\"target\":{\"@type\":\"EntryPoint\",\"urlTemplate\":\"https:\/\/www.welovecycling.com\/sk\/?s={search_term_string}\"},\"query-input\":{\"@type\":\"PropertyValueSpecification\",\"valueRequired\":true,\"valueName\":\"search_term_string\"}}],\"inLanguage\":\"sk-SK\"},{\"@type\":\"Person\",\"@id\":\"https:\/\/www.welovecycling.com\/sk\/#\/schema\/person\/8ee09ba39b7e25b1870160aa5b3a89bc\",\"name\":\"Ondrej Ga\u0161par\",\"image\":{\"@type\":\"ImageObject\",\"inLanguage\":\"sk-SK\",\"@id\":\"https:\/\/www.welovecycling.com\/sk\/#\/schema\/person\/image\/\",\"url\":\"https:\/\/secure.gravatar.com\/avatar\/6126c9afb87b70da5abbb083ddbb21933da15f18f8ca7cb822aba0fb096a48f6?s=96&d=mm&r=g\",\"contentUrl\":\"https:\/\/secure.gravatar.com\/avatar\/6126c9afb87b70da5abbb083ddbb21933da15f18f8ca7cb822aba0fb096a48f6?s=96&d=mm&r=g\",\"caption\":\"Ondrej Ga\u0161par\"},\"url\":\"https:\/\/www.welovecycling.com\/sk\/author\/ondrejgaspar\/\"}]}<\/script>\n<!-- \/ Yoast SEO Premium plugin. -->","yoast_head_json":{"title":"Uskladnenie bicykla na zimu - \u0160koda We Love Cycling Slovensko","description":"Now that you\u2019ve decided to buy a winter ? you\u2019ve got to think about storing your summer bikes for the next few months. Here\u2019s how to do it.","robots":{"index":"index","follow":"follow","max-snippet":"max-snippet:-1","max-image-preview":"max-image-preview:large","max-video-preview":"max-video-preview:-1"},"canonical":"https:\/\/www.welovecycling.com\/sk\/2018\/12\/03\/uskladnenie-bicykla-na-zimu\/","og_locale":"sk_SK","og_type":"article","og_title":"Uskladnenie bicykla na zimu","og_description":"Now that you\u2019ve decided to buy a winter ? you\u2019ve got to think about storing your summer bikes for the next few months. Here\u2019s how to do it.","og_url":"https:\/\/www.welovecycling.com\/sk\/2018\/12\/03\/uskladnenie-bicykla-na-zimu\/","og_site_name":"\u0160koda We Love Cycling Slovensko","article_published_time":"2018-12-03T10:08:07+00:00","og_image":[{"width":1366,"height":600,"url":"https:\/\/d2p6e6u75xmxt8.cloudfront.net\/4\/2018\/11\/Frozen-Bicycle-Winter-profimedia-0395647250.webp","type":"image\/webp"}],"author":"Ondrej Ga\u0161par","twitter_card":"summary_large_image","twitter_misc":{"Written by":"Christopher Ashley","Est. reading time":"3"},"schema":{"@context":"https:\/\/schema.org","@graph":[{"@type":"WebPage","@id":"https:\/\/www.welovecycling.com\/sk\/2018\/12\/03\/uskladnenie-bicykla-na-zimu\/","url":"https:\/\/www.welovecycling.com\/sk\/2018\/12\/03\/uskladnenie-bicykla-na-zimu\/","name":"Uskladnenie bicykla na zimu - \u0160koda We Love Cycling Slovensko","isPartOf":{"@id":"https:\/\/www.welovecycling.com\/sk\/#website"},"primaryImageOfPage":{"@id":"https:\/\/www.welovecycling.com\/sk\/2018\/12\/03\/uskladnenie-bicykla-na-zimu\/#primaryimage"},"image":{"@id":"https:\/\/www.welovecycling.com\/sk\/2018\/12\/03\/uskladnenie-bicykla-na-zimu\/#primaryimage"},"thumbnailUrl":"https:\/\/d2p6e6u75xmxt8.cloudfront.net\/4\/2018\/11\/Frozen-Bicycle-Winter-profimedia-0395647250.webp","datePublished":"2018-12-03T10:08:07+00:00","author":{"@id":"https:\/\/www.welovecycling.com\/sk\/#\/schema\/person\/8ee09ba39b7e25b1870160aa5b3a89bc"},"description":"Now that you\u2019ve decided to buy a winter ? you\u2019ve got to think about storing your summer bikes for the next few months. Here\u2019s how to do it.","breadcrumb":{"@id":"https:\/\/www.welovecycling.com\/sk\/2018\/12\/03\/uskladnenie-bicykla-na-zimu\/#breadcrumb"},"inLanguage":"sk-SK","potentialAction":[{"@type":"ReadAction","target":["https:\/\/www.welovecycling.com\/sk\/2018\/12\/03\/uskladnenie-bicykla-na-zimu\/"]}]},{"@type":"ImageObject","inLanguage":"sk-SK","@id":"https:\/\/www.welovecycling.com\/sk\/2018\/12\/03\/uskladnenie-bicykla-na-zimu\/#primaryimage","url":"https:\/\/d2p6e6u75xmxt8.cloudfront.net\/4\/2018\/11\/Frozen-Bicycle-Winter-profimedia-0395647250.webp","contentUrl":"https:\/\/d2p6e6u75xmxt8.cloudfront.net\/4\/2018\/11\/Frozen-Bicycle-Winter-profimedia-0395647250.webp","width":1366,"height":600},{"@type":"BreadcrumbList","@id":"https:\/\/www.welovecycling.com\/sk\/2018\/12\/03\/uskladnenie-bicykla-na-zimu\/#breadcrumb","itemListElement":[{"@type":"ListItem","position":1,"name":"Home","item":"https:\/\/www.welovecycling.com\/sk\/"},{"@type":"ListItem","position":2,"name":"Uskladnenie bicykla na zimu"}]},{"@type":"WebSite","@id":"https:\/\/www.welovecycling.com\/sk\/#website","url":"https:\/\/www.welovecycling.com\/sk\/","name":"\u0160koda We Love Cycling Slovensko","description":"\u0160koda We Love Cycling Slovensko je v\u00e1\u0161 ka\u017edodenn\u00fd zdroj noviniek a in\u0161pir\u00e1cie z sveta cyklistiky","potentialAction":[{"@type":"SearchAction","target":{"@type":"EntryPoint","urlTemplate":"https:\/\/www.welovecycling.com\/sk\/?s={search_term_string}"},"query-input":{"@type":"PropertyValueSpecification","valueRequired":true,"valueName":"search_term_string"}}],"inLanguage":"sk-SK"},{"@type":"Person","@id":"https:\/\/www.welovecycling.com\/sk\/#\/schema\/person\/8ee09ba39b7e25b1870160aa5b3a89bc","name":"Ondrej Ga\u0161par","image":{"@type":"ImageObject","inLanguage":"sk-SK","@id":"https:\/\/www.welovecycling.com\/sk\/#\/schema\/person\/image\/","url":"https:\/\/secure.gravatar.com\/avatar\/6126c9afb87b70da5abbb083ddbb21933da15f18f8ca7cb822aba0fb096a48f6?s=96&d=mm&r=g","contentUrl":"https:\/\/secure.gravatar.com\/avatar\/6126c9afb87b70da5abbb083ddbb21933da15f18f8ca7cb822aba0fb096a48f6?s=96&d=mm&r=g","caption":"Ondrej Ga\u0161par"},"url":"https:\/\/www.welovecycling.com\/sk\/author\/ondrejgaspar\/"}]}},"_links":{"self":[{"href":"https:\/\/www.welovecycling.com\/sk\/wp-json\/wp\/v2\/posts\/5592","targetHints":{"allow":["GET"]}}],"collection":[{"href":"https:\/\/www.welovecycling.com\/sk\/wp-json\/wp\/v2\/posts"}],"about":[{"href":"https:\/\/www.welovecycling.com\/sk\/wp-json\/wp\/v2\/types\/post"}],"author":[{"embeddable":true,"href":"https:\/\/www.welovecycling.com\/sk\/wp-json\/wp\/v2\/users\/38"}],"replies":[{"embeddable":true,"href":"https:\/\/www.welovecycling.com\/sk\/wp-json\/wp\/v2\/comments?post=5592"}],"version-history":[{"count":2,"href":"https:\/\/www.welovecycling.com\/sk\/wp-json\/wp\/v2\/posts\/5592\/revisions"}],"predecessor-version":[{"id":5599,"href":"https:\/\/www.welovecycling.com\/sk\/wp-json\/wp\/v2\/posts\/5592\/revisions\/5599"}],"wp:featuredmedia":[{"embeddable":true,"href":"https:\/\/www.welovecycling.com\/sk\/wp-json\/wp\/v2\/media\/5596"}],"wp:attachment":[{"href":"https:\/\/www.welovecycling.com\/sk\/wp-json\/wp\/v2\/media?parent=5592"}],"wp:term":[{"taxonomy":"category","embeddable":true,"href":"https:\/\/www.welovecycling.com\/sk\/wp-json\/wp\/v2\/categories?post=5592"},{"taxonomy":"post_tag","embeddable":true,"href":"https:\/\/www.welovecycling.com\/sk\/wp-json\/wp\/v2\/tags?post=5592"},{"taxonomy":"global-categories","embeddable":true,"href":"https:\/\/www.welovecycling.com\/sk\/wp-json\/wp\/v2\/global-categories?post=5592"}],"curies":[{"name":"wp","href":"https:\/\/api.w.org\/{rel}","templated":true}]}}