{"id":5576,"date":"2018-11-30T11:18:51","date_gmt":"2018-11-30T10:18:51","guid":{"rendered":"https:\/\/www.welovecycling.com\/sk\/?p=5576"},"modified":"2018-12-05T13:12:29","modified_gmt":"2018-12-05T12:12:29","slug":"mesacna-desiatka-co-sa-udialo-v-cyklistickom-svete-pocas-novembra","status":"publish","type":"post","link":"https:\/\/www.welovecycling.com\/sk\/2018\/11\/30\/mesacna-desiatka-co-sa-udialo-v-cyklistickom-svete-pocas-novembra\/","title":{"rendered":"Mesa\u010dn\u00e1 desiatka \u2013 \u010do sa udialo v\u00a0cyklistickom svete po\u010das novembra?"},"content":{"rendered":"<p><strong>Ani tento mesiac nebol sk\u00fapy na udalosti v\u00a0oblasti cyklistiky. Koniec roka s\u00edce u\u017e pomaly klope na dvere, ale ako sami uvid\u00edte, svet cyklistiky sa e\u0161te neulo\u017eil na zimn\u00fd sp\u00e1nok.<\/strong><!--more--><\/p>\n<h2><strong>Svetov\u00fd poh\u00e1r v\u00a0cyklokrose<\/strong><\/h2>\n<p>Chladn\u00e9, sychrav\u00e9, ale aj slne\u010dn\u00e9 a\u00a0vetern\u00e9, to je asi be\u017en\u00e1 sch\u00e9ma zimn\u00e9ho po\u010dasia. Aj ke\u010f sa mnoh\u00ed v\u00a0t\u00fdchto podmienkach neodv\u00e1\u017eia na intenz\u00edvnej\u0161ie v\u00fdjazdy, discipl\u00edna cyklokrosu si to priam u\u017e\u00edva. 2 podujatia Svetov\u00e9ho poh\u00e1ra, jedno v\u00a0ne\u010falekom T\u00e1bore v\u00a0\u010ceskej republike, a\u00a0druh\u00e9 na povestn\u00fdch pieskoch Koksijde v\u00a0Belgicku. 23-ro\u010dn\u00fd holandsk\u00fd fenom\u00e9n, <strong>Mathieu van der Poel<\/strong>, zv\u00ed\u0165azil na oboch. Nedal \u0161ancu ani Wout van Aertovi \u010di Toon Aertsovi a\u00a0in\u00fdm hviezdam. Jeho univerzalita, prejavuj\u00faca sa aj v\u00a0cestnej a\u00a0horskej cyklistike, nem\u00e1 v\u00a0s\u00fa\u010dasnosti obdoby.<\/p>\n<p><a href=\"https:\/\/d2p6e6u75xmxt8.cloudfront.net\/4\/2018\/11\/01-4.jpg\"><img loading=\"lazy\" decoding=\"async\" class=\"alignnone size-full wp-image-5579\" src=\"https:\/\/d2p6e6u75xmxt8.cloudfront.net\/4\/2018\/11\/01-4.jpg\" alt=\"\" width=\"1200\" height=\"800\" \/><\/a><\/p>\n<h2><strong>Majstrovstv\u00e1 sveta v\u00a0halovom \u201ecycle ball-e\u201c<\/strong><\/h2>\n<p>Neobvykl\u00fd \u0161port, cycle ball, mal po\u010das posledn\u00e9ho t\u00fd\u017ed\u0148a sviatok, ke\u010f sa v\u00a0sl\u00e1vnom Li\u00e8ge v\u00a0Belgicku, konali majstrovstv\u00e1 sveta. Favorizovan\u00fd t\u00edm Nemecka, ktor\u00fd v\u00a0tejto discipl\u00edne v\u00a0roku 2017 porazil 4-n\u00e1sobn\u00e9ho v\u00ed\u0165aza Rak\u00fasko, tento rok tomuto konkurentovi pod\u013eahol. Prv\u00fd pol\u010das u\u017e nasved\u010doval <strong>dominanciu Rak\u00faska<\/strong>, ke\u010f do \u0161atn\u00ed jazdci odch\u00e1dzali za stavu 5-1. Kone\u010dn\u00e9 sk\u00f3re bolo u\u017e dramatickej\u0161ie, ke\u010f Nemecko prehralo o\u00a02 g\u00f3ly, 8-6.<\/p>\n<p><a href=\"https:\/\/d2p6e6u75xmxt8.cloudfront.net\/4\/2018\/11\/02-7.jpg\"><img loading=\"lazy\" decoding=\"async\" class=\"size-full wp-image-5580\" src=\"https:\/\/d2p6e6u75xmxt8.cloudfront.net\/4\/2018\/11\/02-7.jpg\" alt=\"\" width=\"1200\" height=\"800\" \/><\/a><\/p>\n<h2><strong>St\u00fapaj\u00faca sledovanos\u0165 cyklistiky<\/strong><\/h2>\n<p>UCI ned\u00e1vno zverejnilo \u00fadaje zo sledovanosti Majstrovstiev sveta v\u00a0horskej cyklistike 2018 z\u00a0Lenzerheide vo \u0160vaj\u010diarsku. Oproti minul\u00e9mu roku bol zaznamenan\u00fd v\u00fdrazn\u00fd n\u00e1rast v\u00a0po\u010dte div\u00e1kov. Z\u00a0p\u00f4vodn\u00fdch 21 mili\u00f3na sleduj\u00facich fan\u00fa\u0161ikov v\u00a0roku 2017, po\u010das Majstrovstiev sveta v\u00a0Cairns (Austr\u00e1lia), sa po\u010det viac ako zdvojn\u00e1sobil, a to na hodnotu <strong>46 mili\u00f3na<\/strong>. S\u00fa\u010dasne nar\u00e1stol po\u010det pozret\u00fdch hod\u00edn vysielania &#8211; zo 4,5 mili\u00f3na, na 6,5 mili\u00f3na. Nu\u017e, niet sa \u010domu \u010dudova\u0165, cyklistika je srdcov\u00fd \u0161port.<\/p>\n<p><a href=\"https:\/\/d2p6e6u75xmxt8.cloudfront.net\/4\/2018\/11\/03-4.jpg\"><img loading=\"lazy\" decoding=\"async\" class=\"alignnone size-full wp-image-5581\" src=\"https:\/\/d2p6e6u75xmxt8.cloudfront.net\/4\/2018\/11\/03-4.jpg\" alt=\"\" width=\"1200\" height=\"800\" \/><\/a><\/p>\n<h2><strong>Najlep\u0161\u00edmi \u201eelimin\u00e1tormi\u201c Franc\u00fazi<\/strong><\/h2>\n<p>Za\u010diatkom novembra sa v\u00a0\u010d\u00ednskom Chengdu konali Majstrovstv\u00e1 sveta v\u00a0discipl\u00edne elimin\u00e1tor, prin\u00e1le\u017eiacej ku\u00a0cross-country odvetviu horskej cyklistiky. Pre neznal\u00fdch, ide o\u00a0kr\u00e1tke, nieko\u013eko min\u00fatov\u00e9 preteky, kde \u0161tartuj\u00fa v\u017edy 4 jazdci spolo\u010dne. Tra\u0165 je preva\u017ene menej komplikovan\u00e1, s\u00a0nieko\u013ek\u00fdmi technick\u00fdmi prek\u00e1\u017ekami a\u00a0kr\u00e1tkym, strm\u00fdm st\u00fapan\u00edm. V\u00ed\u0165azom sa stal <strong>Titouan Perrin Ganier<\/strong>, v\u00a0\u017een\u00e1ch to bola <strong>Coline Clauzure<\/strong>. Zauj\u00edmavos\u0165ou bol fakt, \u017ee prv\u00ed traja v\u00a0mu\u017eskej kateg\u00f3rii, boli Franc\u00fazi.<\/p>\n<p><a href=\"https:\/\/d2p6e6u75xmxt8.cloudfront.net\/4\/2018\/11\/04-5.jpg\"><img loading=\"lazy\" decoding=\"async\" class=\"alignnone size-full wp-image-5582\" src=\"https:\/\/d2p6e6u75xmxt8.cloudfront.net\/4\/2018\/11\/04-5.jpg\" alt=\"\" width=\"1200\" height=\"800\" \/><\/a><\/p>\n<h2><strong>Eur\u00f3pske majstrovstv\u00e1 v\u00a0cyklokrose<\/strong><\/h2>\n<p>Noviniek z\u00a0tohto odvetvia nikdy nie je dos\u0165. Najm\u00e4, ak ide o\u00a0v\u00fdznamn\u00e9 podujatia. Okrem spom\u00ednan\u00e9ho svetov\u00e9ho poh\u00e1ra, sa na za\u010diatku novembra uskuto\u010dnili aj Eur\u00f3pske majstrovstv\u00e1. V\u00a0silnej konkurencii sa v\u00a0\u2019s-Hertogenbosch (Holandsku) op\u00e4tovne vyznamenal jazdec dom\u00e1ceho dru\u017estva &#8211; <strong>Mathieu van der Poel<\/strong>. Ten s\u00a0preh\u013eadom porazil \u0161tvoricu nasleduj\u00facich Belgi\u010danov. Druh\u00fd skon\u010dil Wout van Aert a\u00a0na tre\u0165om mieste sa umiestnil Laurens Sweeck.<\/p>\n<p><a href=\"https:\/\/d2p6e6u75xmxt8.cloudfront.net\/4\/2018\/11\/05-4.jpg\"><img loading=\"lazy\" decoding=\"async\" class=\"alignnone size-full wp-image-5583\" src=\"https:\/\/d2p6e6u75xmxt8.cloudfront.net\/4\/2018\/11\/05-4.jpg\" alt=\"\" width=\"1200\" height=\"800\" \/><\/a><\/p>\n<h2><strong>Shanghai Criterium v\u00ed\u0165azne pre Sagana<\/strong><\/h2>\n<p>Peter Sagan dokazuje, \u017ee ani <strong>pre neho e\u0161te sez\u00f3na neskon\u010dila<\/strong>. Sn\u00e1\u010f posledn\u00fa bodku za t\u00fdmto rokom dal v\u00a0\u010falekom \u010d\u00ednskom \u0160anghaji. Krit\u00e9rium je <strong>s\u00fa\u010das\u0165ou Tour de France<\/strong> \u2013 v\u00ed\u0165azn\u00ed jazdci v\u0161etk\u00fdch klasifik\u00e1cii nes\u00fa na svojom tele dres, ktor\u00fd vyhrali po\u010das s\u00fa\u010dasn\u00e9ho ro\u010dn\u00edka. 60 km dlh\u00e1 tra\u0165 v\u00a0uliciach \u0160anghaja bola obdobou 21. etapy Tour, ke\u010f jazdci kr\u00fa\u017eia na Champs Elysees. \u0160tyri kol\u00e1 pred koncom sa odp\u00fatala skupinka, z\u00a0ktorej nakoniec vy\u0161iel v\u00ed\u0165azne Sagan, pred Thomasom a\u00a0Trentinom.<\/p>\n<lite-youtube videoid=QHws9Wq2HbM params=\"enablejsapi=1\" style=\"background-image: url('https:\/\/i.ytimg.com\/vi_webp\/QHws9Wq2HbM\/maxresdefault.webp');\"><\/lite-youtube>\n<h2><strong>Contadorove vyjadrenie proti wattmetrom<\/strong><\/h2>\n<p>B\u00fdval\u00fd profesion\u00e1l, Alberto Contador, v\u00ed\u0165az Tour de France a\u00a0Vuelty, sa postavil za z\u00e1kaz pou\u017e\u00edvania mera\u010dov v\u00fdkonu po\u010das pretekov. Ako d\u00f4vod uviedol, \u017ee v\u00a0s\u00fa\u010dasnosti nevid\u00edme to\u013eko n\u00e1stupov a\u00a0odhodlania bojova\u0165, ako to bolo v\u00a0minulosti, lebo sa jazdci pr\u00edli\u0161 zameriavaj\u00fa na hodnoty zobrazovan\u00e9 mera\u010dmi. A\u00a0teda nechc\u00fa prekro\u010di\u0165 hranice, za\u00a0ktor\u00fdmi vedia, \u017ee by nemuseli zvl\u00e1dnu\u0165 kontrova\u0165 n\u00e1sledn\u00fdm atakom. Cie\u013eom tak je prenies\u0165 rozhodovanie o\u00a0n\u00e1stupe z\u00a0displejov, do jazdcovej hlavy a\u00a0in\u0161tinktu. <strong>Ofici\u00e1lny z\u00e1kaz v\u0161ak nie je v\u00a0doh\u013eade<\/strong>.<\/p>\n<p><a href=\"https:\/\/d2p6e6u75xmxt8.cloudfront.net\/4\/2018\/11\/06-3.jpg\"><img loading=\"lazy\" decoding=\"async\" class=\"alignnone size-full wp-image-5584\" src=\"https:\/\/d2p6e6u75xmxt8.cloudfront.net\/4\/2018\/11\/06-3.jpg\" alt=\"\" width=\"1200\" height=\"800\" \/><\/a><\/p>\n<h2><strong>\u010ciasto\u010dn\u00e9 inform\u00e1cie o\u00a0trati Vuelta 2019<\/strong><\/h2>\n<p>E\u0161te ne\u00fapln\u00fd obraz nasleduj\u00faceho, 74. ro\u010dn\u00edka Vuelta a\u00a0Espa\u0148a, dotv\u00e1raj\u00fa vyhl\u00e1senia niektor\u00fdch osobnost\u00ed. \u0160panielsky minister Isaac Pola uviedol v\u00a0rozhovore pre \u0161panielske r\u00e1dio, \u017ee v\u00a0oblasti Ast\u00farie sa bud\u00fa vyskytova\u0165 3 etapy bud\u00facoro\u010dnej Vuelty. Tieto etapy bud\u00fa kon\u010di\u0165 v\u00a0dvoch pr\u00edpadoch na vrcholoch st\u00fapan\u00ed &#8211; Alto del Acebo a\u00a0Puerto de La Cubilla, a\u00a0posledn\u00fd v\u00a0centre Ast\u00farie, v\u00a0Oviede. Teda, ani v\u00a0roku 2019 <strong>nehroz\u00ed, aby Vuelte ch\u00fdbali n\u00e1ro\u010dn\u00e9 kopce<\/strong> a, samozrejme, aj s\u00faboje v\u00a0nich.<\/p>\n<p><a href=\"https:\/\/d2p6e6u75xmxt8.cloudfront.net\/4\/2018\/11\/07-2.jpg\"><img loading=\"lazy\" decoding=\"async\" class=\"alignnone size-full wp-image-5585\" src=\"https:\/\/d2p6e6u75xmxt8.cloudfront.net\/4\/2018\/11\/07-2.jpg\" alt=\"\" width=\"1200\" height=\"800\" \/><\/a><\/p>\n<h2><strong>Doping aj v\u00a0Enduro World Series<\/strong><\/h2>\n<p>Menej pr\u00edjemn\u00e1 spr\u00e1va poch\u00e1dza z\u00a0\u00faspe\u0161n\u00e9ho odvetvia horskej cyklistiky, zo svetovej s\u00e9rie v\u00a0endure. V\u00ed\u0165az 3 podujat\u00ed tohtoro\u010dnej s\u00e9rie, <strong>Richie Rude<\/strong>, a\u00a0rovnako tak aj <strong>Jared Graves<\/strong>, v\u00a0s\u00fa\u010dasnosti bojuj\u00faci s\u00a0rakovinou, boli po\u010das 3. kola vo franc\u00fazskom Olargues ozna\u010den\u00ed ako <strong>pou\u017e\u00edvaj\u00faci nepovolen\u00e9 l\u00e1tky<\/strong>. Ruda sa k\u00a0tejto skuto\u010dnosti stavia zamietaj\u00faco. A\u017e nasleduj\u00face proced\u00fary uk\u00e1\u017eu, na koho strane le\u017e\u00ed vina. T\u00fato inform\u00e1ciu zverejnil port\u00e1l pinkbike.com.<\/p>\n<p><a href=\"https:\/\/d2p6e6u75xmxt8.cloudfront.net\/4\/2018\/11\/08.jpg\"><img loading=\"lazy\" decoding=\"async\" class=\"alignnone size-full wp-image-5586\" src=\"https:\/\/d2p6e6u75xmxt8.cloudfront.net\/4\/2018\/11\/08.jpg\" alt=\"\" width=\"1200\" height=\"800\" \/><\/a><\/p>\n<h2><strong>Slovensk\u00fd trialista Hlavat\u00fd piaty na majstrovstv\u00e1ch sveta<\/strong><\/h2>\n<p>Druh\u00fd novembrov\u00fd t\u00fd\u017ede\u0148 sa v\u00a0\u010d\u00ednskom Chendog konali okrem spom\u00ednan\u00fdch Majstrovstiev sveta v\u00a0elimin\u00e1tore, aj Majstrovstv\u00e1 sveta v\u00a0triale. Technicky, ale aj fyzicky n\u00e1ro\u010dn\u00e1 discipl\u00edna, spoznala nov\u00fdch nosite\u013eov d\u00fahov\u00fdch dresov. Slov\u00e1k, <strong>Samuel Hlavat\u00fd<\/strong>, vybojoval v\u00a0silnej konkurencii <strong>5. miesto<\/strong>. <em>\u201eV sobotnom fin\u00e1le m\u00e1 zop\u00e1r zbyto\u010dn\u00fdch ch\u00fdb vyradilo z\u00a0boja o\u00a0lep\u0161ie prie\u010dky. O\u00a0rok sa chcem vr\u00e1ti\u0165 a\u00a0uk\u00e1za\u0165 v\u0161etko, \u010do vo mne je.\u201c<\/em> uviedol Hlavat\u00fd pre SZC. N\u00e1m neost\u00e1va ni\u010d in\u00e9, len d\u00fafa\u0165 a\u00a0fandi\u0165 v\u0161etk\u00fdm slovensk\u00fdm reprezentantom.<\/p>\n<p><a href=\"https:\/\/d2p6e6u75xmxt8.cloudfront.net\/4\/2018\/11\/09.jpg\"><img loading=\"lazy\" decoding=\"async\" class=\"alignnone size-full wp-image-5587\" src=\"https:\/\/d2p6e6u75xmxt8.cloudfront.net\/4\/2018\/11\/09.jpg\" alt=\"\" width=\"1200\" height=\"800\" \/><\/a><\/p>\n<p>Verte, \u017ee ani v\u00a0zime <strong>nie je n\u00fadza o\u00a0hodnotn\u00e9 inform\u00e1cie zo sveta cyklistiky<\/strong>. Pred nami je e\u0161te posledn\u00fd mesiac roku 2018. \u010co n\u00e1m prinesie, samozrejme, okrem sladkost\u00ed a\u00a0dar\u010dekov, uk\u00e1\u017ee len on s\u00e1m.<\/p>\n<p>(zdroje fotiek: UCi.org, fb\/mathieuvanderPoel, fb\/albertocontador, fb\/vueltaaespana, fb\/richierude, fb\/ucitrials)<\/p>\n","protected":false},"excerpt":{"rendered":"<p>Ani tento mesiac nebol sk\u00fapy na udalosti v\u00a0oblasti cyklistiky. Koniec roka s\u00edce u\u017e pomaly klope na dvere, ale ako sami [&hellip;]<\/p>\n","protected":false},"author":38,"featured_media":5578,"comment_status":"open","ping_status":"open","sticky":false,"template":"","format":"standard","meta":{"footnotes":""},"categories":[4,3,34],"tags":[121,115,582,702,705,212,281,704,412,46,717,703,706,219],"global-categories":[],"class_list":["post-5576","post","type-post","status-publish","format-standard","has-post-thumbnail","hentry","category-cestna-cyklisitika","category-mtb","category-podujatia","tag-alberto-contador","tag-cestna-cyklistika","tag-cyklokros","tag-eliminator","tag-enduro-world-series","tag-majstrovstva-europy","tag-majstrovstva-sveta","tag-mathieu-van-der-poel","tag-mtb","tag-peter-sagan","tag-samuel-hlavaty","tag-svetovy-pohar","tag-trial","tag-vuelta-a-espana"],"yoast_head":"<!-- This site is optimized with the Yoast SEO Premium plugin v25.3 (Yoast SEO v25.9) - https:\/\/yoast.com\/wordpress\/plugins\/seo\/ -->\n<title>Mesa\u010dn\u00e1 desiatka \u2013 \u010do sa udialo v\u00a0cyklistickom svete po\u010das novembra? - \u0160koda We Love Cycling Slovensko<\/title>\n<meta name=\"robots\" content=\"index, follow, max-snippet:-1, max-image-preview:large, max-video-preview:-1\" \/>\n<link rel=\"canonical\" href=\"https:\/\/www.welovecycling.com\/sk\/2018\/11\/30\/mesacna-desiatka-co-sa-udialo-v-cyklistickom-svete-pocas-novembra\/\" \/>\n<meta property=\"og:locale\" content=\"sk_SK\" \/>\n<meta property=\"og:type\" content=\"article\" \/>\n<meta property=\"og:title\" content=\"Mesa\u010dn\u00e1 desiatka \u2013 \u010do sa udialo v\u00a0cyklistickom svete po\u010das novembra?\" \/>\n<meta property=\"og:description\" content=\"Ani tento mesiac nebol sk\u00fapy na udalosti v\u00a0oblasti cyklistiky. Koniec roka s\u00edce u\u017e pomaly klope na dvere, ale ako sami [&hellip;]\" \/>\n<meta property=\"og:url\" content=\"https:\/\/www.welovecycling.com\/sk\/2018\/11\/30\/mesacna-desiatka-co-sa-udialo-v-cyklistickom-svete-pocas-novembra\/\" \/>\n<meta property=\"og:site_name\" content=\"\u0160koda We Love Cycling Slovensko\" \/>\n<meta property=\"article:published_time\" content=\"2018-11-30T10:18:51+00:00\" \/>\n<meta property=\"article:modified_time\" content=\"2018-12-05T12:12:29+00:00\" \/>\n<meta property=\"og:image\" content=\"https:\/\/d2p6e6u75xmxt8.cloudfront.net\/4\/2018\/11\/00-3.webp\" \/>\n\t<meta property=\"og:image:width\" content=\"1380\" \/>\n\t<meta property=\"og:image:height\" content=\"600\" \/>\n\t<meta property=\"og:image:type\" content=\"image\/webp\" \/>\n<meta name=\"author\" content=\"Ondrej Ga\u0161par\" \/>\n<meta name=\"twitter:card\" content=\"summary_large_image\" \/>\n<meta name=\"twitter:label1\" content=\"Written by\" \/>\n\t<meta name=\"twitter:data1\" content=\"We Love Cycling\" \/>\n\t<meta name=\"twitter:label2\" content=\"Est. reading time\" \/>\n\t<meta name=\"twitter:data2\" content=\"7\" \/>\n<script type=\"application\/ld+json\" class=\"yoast-schema-graph\">{\"@context\":\"https:\/\/schema.org\",\"@graph\":[{\"@type\":\"WebPage\",\"@id\":\"https:\/\/www.welovecycling.com\/sk\/2018\/11\/30\/mesacna-desiatka-co-sa-udialo-v-cyklistickom-svete-pocas-novembra\/\",\"url\":\"https:\/\/www.welovecycling.com\/sk\/2018\/11\/30\/mesacna-desiatka-co-sa-udialo-v-cyklistickom-svete-pocas-novembra\/\",\"name\":\"Mesa\u010dn\u00e1 desiatka \u2013 \u010do sa udialo v\u00a0cyklistickom svete po\u010das novembra? - \u0160koda We Love Cycling Slovensko\",\"isPartOf\":{\"@id\":\"https:\/\/www.welovecycling.com\/sk\/#website\"},\"primaryImageOfPage\":{\"@id\":\"https:\/\/www.welovecycling.com\/sk\/2018\/11\/30\/mesacna-desiatka-co-sa-udialo-v-cyklistickom-svete-pocas-novembra\/#primaryimage\"},\"image\":{\"@id\":\"https:\/\/www.welovecycling.com\/sk\/2018\/11\/30\/mesacna-desiatka-co-sa-udialo-v-cyklistickom-svete-pocas-novembra\/#primaryimage\"},\"thumbnailUrl\":\"https:\/\/d2p6e6u75xmxt8.cloudfront.net\/4\/2018\/11\/00-3.webp\",\"datePublished\":\"2018-11-30T10:18:51+00:00\",\"dateModified\":\"2018-12-05T12:12:29+00:00\",\"author\":{\"@id\":\"https:\/\/www.welovecycling.com\/sk\/#\/schema\/person\/8ee09ba39b7e25b1870160aa5b3a89bc\"},\"breadcrumb\":{\"@id\":\"https:\/\/www.welovecycling.com\/sk\/2018\/11\/30\/mesacna-desiatka-co-sa-udialo-v-cyklistickom-svete-pocas-novembra\/#breadcrumb\"},\"inLanguage\":\"sk-SK\",\"potentialAction\":[{\"@type\":\"ReadAction\",\"target\":[\"https:\/\/www.welovecycling.com\/sk\/2018\/11\/30\/mesacna-desiatka-co-sa-udialo-v-cyklistickom-svete-pocas-novembra\/\"]}]},{\"@type\":\"ImageObject\",\"inLanguage\":\"sk-SK\",\"@id\":\"https:\/\/www.welovecycling.com\/sk\/2018\/11\/30\/mesacna-desiatka-co-sa-udialo-v-cyklistickom-svete-pocas-novembra\/#primaryimage\",\"url\":\"https:\/\/d2p6e6u75xmxt8.cloudfront.net\/4\/2018\/11\/00-3.webp\",\"contentUrl\":\"https:\/\/d2p6e6u75xmxt8.cloudfront.net\/4\/2018\/11\/00-3.webp\",\"width\":1380,\"height\":600,\"caption\":\"Blanka Vas HUN and Virag Buzsaki HUN hug each other after the Cycling Womens Combined Team Event Road Criterium from the Bosques de Palermo, Green Park.The Youth Olympic Games, Buenos Aires, Argentina, Wednesday 17th October 2018. Photo: Lukas Schulze for OIS\/IOC. Handout image supplied by OIS\/IOC\"},{\"@type\":\"BreadcrumbList\",\"@id\":\"https:\/\/www.welovecycling.com\/sk\/2018\/11\/30\/mesacna-desiatka-co-sa-udialo-v-cyklistickom-svete-pocas-novembra\/#breadcrumb\",\"itemListElement\":[{\"@type\":\"ListItem\",\"position\":1,\"name\":\"Home\",\"item\":\"https:\/\/www.welovecycling.com\/sk\/\"},{\"@type\":\"ListItem\",\"position\":2,\"name\":\"Mesa\u010dn\u00e1 desiatka \u2013 \u010do sa udialo v\u00a0cyklistickom svete po\u010das novembra?\"}]},{\"@type\":\"WebSite\",\"@id\":\"https:\/\/www.welovecycling.com\/sk\/#website\",\"url\":\"https:\/\/www.welovecycling.com\/sk\/\",\"name\":\"\u0160koda We Love Cycling Slovensko\",\"description\":\"\u0160koda We Love Cycling Slovensko je v\u00e1\u0161 ka\u017edodenn\u00fd zdroj noviniek a in\u0161pir\u00e1cie z sveta cyklistiky\",\"potentialAction\":[{\"@type\":\"SearchAction\",\"target\":{\"@type\":\"EntryPoint\",\"urlTemplate\":\"https:\/\/www.welovecycling.com\/sk\/?s={search_term_string}\"},\"query-input\":{\"@type\":\"PropertyValueSpecification\",\"valueRequired\":true,\"valueName\":\"search_term_string\"}}],\"inLanguage\":\"sk-SK\"},{\"@type\":\"Person\",\"@id\":\"https:\/\/www.welovecycling.com\/sk\/#\/schema\/person\/8ee09ba39b7e25b1870160aa5b3a89bc\",\"name\":\"Ondrej Ga\u0161par\",\"image\":{\"@type\":\"ImageObject\",\"inLanguage\":\"sk-SK\",\"@id\":\"https:\/\/www.welovecycling.com\/sk\/#\/schema\/person\/image\/\",\"url\":\"https:\/\/secure.gravatar.com\/avatar\/6126c9afb87b70da5abbb083ddbb21933da15f18f8ca7cb822aba0fb096a48f6?s=96&d=mm&r=g\",\"contentUrl\":\"https:\/\/secure.gravatar.com\/avatar\/6126c9afb87b70da5abbb083ddbb21933da15f18f8ca7cb822aba0fb096a48f6?s=96&d=mm&r=g\",\"caption\":\"Ondrej Ga\u0161par\"},\"url\":\"https:\/\/www.welovecycling.com\/sk\/author\/ondrejgaspar\/\"}]}<\/script>\n<!-- \/ Yoast SEO Premium plugin. -->","yoast_head_json":{"title":"Mesa\u010dn\u00e1 desiatka \u2013 \u010do sa udialo v\u00a0cyklistickom svete po\u010das novembra? - \u0160koda We Love Cycling Slovensko","robots":{"index":"index","follow":"follow","max-snippet":"max-snippet:-1","max-image-preview":"max-image-preview:large","max-video-preview":"max-video-preview:-1"},"canonical":"https:\/\/www.welovecycling.com\/sk\/2018\/11\/30\/mesacna-desiatka-co-sa-udialo-v-cyklistickom-svete-pocas-novembra\/","og_locale":"sk_SK","og_type":"article","og_title":"Mesa\u010dn\u00e1 desiatka \u2013 \u010do sa udialo v\u00a0cyklistickom svete po\u010das novembra?","og_description":"Ani tento mesiac nebol sk\u00fapy na udalosti v\u00a0oblasti cyklistiky. Koniec roka s\u00edce u\u017e pomaly klope na dvere, ale ako sami [&hellip;]","og_url":"https:\/\/www.welovecycling.com\/sk\/2018\/11\/30\/mesacna-desiatka-co-sa-udialo-v-cyklistickom-svete-pocas-novembra\/","og_site_name":"\u0160koda We Love Cycling Slovensko","article_published_time":"2018-11-30T10:18:51+00:00","article_modified_time":"2018-12-05T12:12:29+00:00","og_image":[{"width":1380,"height":600,"url":"https:\/\/d2p6e6u75xmxt8.cloudfront.net\/4\/2018\/11\/00-3.webp","type":"image\/webp"}],"author":"Ondrej Ga\u0161par","twitter_card":"summary_large_image","twitter_misc":{"Written by":"We Love Cycling","Est. reading time":"7"},"schema":{"@context":"https:\/\/schema.org","@graph":[{"@type":"WebPage","@id":"https:\/\/www.welovecycling.com\/sk\/2018\/11\/30\/mesacna-desiatka-co-sa-udialo-v-cyklistickom-svete-pocas-novembra\/","url":"https:\/\/www.welovecycling.com\/sk\/2018\/11\/30\/mesacna-desiatka-co-sa-udialo-v-cyklistickom-svete-pocas-novembra\/","name":"Mesa\u010dn\u00e1 desiatka \u2013 \u010do sa udialo v\u00a0cyklistickom svete po\u010das novembra? - \u0160koda We Love Cycling Slovensko","isPartOf":{"@id":"https:\/\/www.welovecycling.com\/sk\/#website"},"primaryImageOfPage":{"@id":"https:\/\/www.welovecycling.com\/sk\/2018\/11\/30\/mesacna-desiatka-co-sa-udialo-v-cyklistickom-svete-pocas-novembra\/#primaryimage"},"image":{"@id":"https:\/\/www.welovecycling.com\/sk\/2018\/11\/30\/mesacna-desiatka-co-sa-udialo-v-cyklistickom-svete-pocas-novembra\/#primaryimage"},"thumbnailUrl":"https:\/\/d2p6e6u75xmxt8.cloudfront.net\/4\/2018\/11\/00-3.webp","datePublished":"2018-11-30T10:18:51+00:00","dateModified":"2018-12-05T12:12:29+00:00","author":{"@id":"https:\/\/www.welovecycling.com\/sk\/#\/schema\/person\/8ee09ba39b7e25b1870160aa5b3a89bc"},"breadcrumb":{"@id":"https:\/\/www.welovecycling.com\/sk\/2018\/11\/30\/mesacna-desiatka-co-sa-udialo-v-cyklistickom-svete-pocas-novembra\/#breadcrumb"},"inLanguage":"sk-SK","potentialAction":[{"@type":"ReadAction","target":["https:\/\/www.welovecycling.com\/sk\/2018\/11\/30\/mesacna-desiatka-co-sa-udialo-v-cyklistickom-svete-pocas-novembra\/"]}]},{"@type":"ImageObject","inLanguage":"sk-SK","@id":"https:\/\/www.welovecycling.com\/sk\/2018\/11\/30\/mesacna-desiatka-co-sa-udialo-v-cyklistickom-svete-pocas-novembra\/#primaryimage","url":"https:\/\/d2p6e6u75xmxt8.cloudfront.net\/4\/2018\/11\/00-3.webp","contentUrl":"https:\/\/d2p6e6u75xmxt8.cloudfront.net\/4\/2018\/11\/00-3.webp","width":1380,"height":600,"caption":"Blanka Vas HUN and Virag Buzsaki HUN hug each other after the Cycling Womens Combined Team Event Road Criterium from the Bosques de Palermo, Green Park.The Youth Olympic Games, Buenos Aires, Argentina, Wednesday 17th October 2018. Photo: Lukas Schulze for OIS\/IOC. Handout image supplied by OIS\/IOC"},{"@type":"BreadcrumbList","@id":"https:\/\/www.welovecycling.com\/sk\/2018\/11\/30\/mesacna-desiatka-co-sa-udialo-v-cyklistickom-svete-pocas-novembra\/#breadcrumb","itemListElement":[{"@type":"ListItem","position":1,"name":"Home","item":"https:\/\/www.welovecycling.com\/sk\/"},{"@type":"ListItem","position":2,"name":"Mesa\u010dn\u00e1 desiatka \u2013 \u010do sa udialo v\u00a0cyklistickom svete po\u010das novembra?"}]},{"@type":"WebSite","@id":"https:\/\/www.welovecycling.com\/sk\/#website","url":"https:\/\/www.welovecycling.com\/sk\/","name":"\u0160koda We Love Cycling Slovensko","description":"\u0160koda We Love Cycling Slovensko je v\u00e1\u0161 ka\u017edodenn\u00fd zdroj noviniek a in\u0161pir\u00e1cie z sveta cyklistiky","potentialAction":[{"@type":"SearchAction","target":{"@type":"EntryPoint","urlTemplate":"https:\/\/www.welovecycling.com\/sk\/?s={search_term_string}"},"query-input":{"@type":"PropertyValueSpecification","valueRequired":true,"valueName":"search_term_string"}}],"inLanguage":"sk-SK"},{"@type":"Person","@id":"https:\/\/www.welovecycling.com\/sk\/#\/schema\/person\/8ee09ba39b7e25b1870160aa5b3a89bc","name":"Ondrej Ga\u0161par","image":{"@type":"ImageObject","inLanguage":"sk-SK","@id":"https:\/\/www.welovecycling.com\/sk\/#\/schema\/person\/image\/","url":"https:\/\/secure.gravatar.com\/avatar\/6126c9afb87b70da5abbb083ddbb21933da15f18f8ca7cb822aba0fb096a48f6?s=96&d=mm&r=g","contentUrl":"https:\/\/secure.gravatar.com\/avatar\/6126c9afb87b70da5abbb083ddbb21933da15f18f8ca7cb822aba0fb096a48f6?s=96&d=mm&r=g","caption":"Ondrej Ga\u0161par"},"url":"https:\/\/www.welovecycling.com\/sk\/author\/ondrejgaspar\/"}]}},"_links":{"self":[{"href":"https:\/\/www.welovecycling.com\/sk\/wp-json\/wp\/v2\/posts\/5576","targetHints":{"allow":["GET"]}}],"collection":[{"href":"https:\/\/www.welovecycling.com\/sk\/wp-json\/wp\/v2\/posts"}],"about":[{"href":"https:\/\/www.welovecycling.com\/sk\/wp-json\/wp\/v2\/types\/post"}],"author":[{"embeddable":true,"href":"https:\/\/www.welovecycling.com\/sk\/wp-json\/wp\/v2\/users\/38"}],"replies":[{"embeddable":true,"href":"https:\/\/www.welovecycling.com\/sk\/wp-json\/wp\/v2\/comments?post=5576"}],"version-history":[{"count":2,"href":"https:\/\/www.welovecycling.com\/sk\/wp-json\/wp\/v2\/posts\/5576\/revisions"}],"predecessor-version":[{"id":5650,"href":"https:\/\/www.welovecycling.com\/sk\/wp-json\/wp\/v2\/posts\/5576\/revisions\/5650"}],"wp:featuredmedia":[{"embeddable":true,"href":"https:\/\/www.welovecycling.com\/sk\/wp-json\/wp\/v2\/media\/5578"}],"wp:attachment":[{"href":"https:\/\/www.welovecycling.com\/sk\/wp-json\/wp\/v2\/media?parent=5576"}],"wp:term":[{"taxonomy":"category","embeddable":true,"href":"https:\/\/www.welovecycling.com\/sk\/wp-json\/wp\/v2\/categories?post=5576"},{"taxonomy":"post_tag","embeddable":true,"href":"https:\/\/www.welovecycling.com\/sk\/wp-json\/wp\/v2\/tags?post=5576"},{"taxonomy":"global-categories","embeddable":true,"href":"https:\/\/www.welovecycling.com\/sk\/wp-json\/wp\/v2\/global-categories?post=5576"}],"curies":[{"name":"wp","href":"https:\/\/api.w.org\/{rel}","templated":true}]}}