{"id":5559,"date":"2018-12-05T10:30:21","date_gmt":"2018-12-05T09:30:21","guid":{"rendered":"https:\/\/www.welovecycling.com\/sk\/?p=5559"},"modified":"2018-11-29T15:19:44","modified_gmt":"2018-11-29T14:19:44","slug":"10-instagramovych-uctov-profi-cyklistov-okno-do-ich-zivota","status":"publish","type":"post","link":"https:\/\/www.welovecycling.com\/sk\/2018\/12\/05\/10-instagramovych-uctov-profi-cyklistov-okno-do-ich-zivota\/","title":{"rendered":"10 Instagramov\u00fdch \u00fa\u010dtov profi cyklistov \u2013 okno do ich \u017eivota?"},"content":{"rendered":"<p><strong>Soci\u00e1lne siete zasahuj\u00fa do na\u0161ich \u017eivotov, del\u00edme sa o na\u0161e radosti, ale aj starosti, te\u0161\u00edme sa zo svojich \u00faspechov, ale aj z \u00faspechov ostatn\u00fdch. Sledujeme dianie okolo seba a medi\u00e1lny rozmer s\u00fa\u010dasnej doby prer\u00e1stol neodmyslite\u013ene aj do cyklistiky. V\u010faka nemu ost\u00e1vame v kontakte so svojimi ob\u013e\u00faben\u00fdmi \u0161portovcami, ktor\u00ed okrem toho, \u017ee prezentuj\u00fa svojich sponzorov, radi uk\u00e1\u017eu nie\u010do zo svojho osobn\u00e9ho \u017eivota, \u010di jazdenia mimo telev\u00edznych kamier. Pozrime sa na p\u00e1r z nich.<\/strong><!--more--><\/p>\n<h2><strong>Nino Schurter<\/strong><\/h2>\n<p>https:\/\/www.instagram.com\/p\/Bqc0SyPh23f\/<\/p>\n<p>Nespo\u010detn\u00e9 v\u00ed\u0165azstv\u00e1 vo svetovom poh\u00e1ri v cross-country, <strong>7-n\u00e1sobn\u00fd majster sveta a olympijsk\u00fd v\u00ed\u0165az<\/strong>, to je vizitka Nina Schurtera. Jeho \u017eivot je naplnen\u00fd akciou a predov\u0161etk\u00fdm \u0161portom. Tak, ako v letnom obdob\u00ed nech\u00fdbaj\u00fa v jeho profile fotografie z podujat\u00ed horskej cyklistiky, v zime zase vid\u00edme, ako tr\u00e9nuje v telocvi\u010dni, na be\u017ek\u00e1ch, \u010di inom \u0161portovom n\u00e1rad\u00ed. <\/p>\n<h2><strong>Chris Froome<\/strong><\/h2>\n<p>https:\/\/www.instagram.com\/p\/Bp0Fgb4nS-9\/<\/p>\n<p>Chris Froome je jedna z \u00fastredn\u00fdch post\u00e1v svetov\u00e9ho pelot\u00f3nu, <strong>4-n\u00e1sobn\u00fd v\u00ed\u0165az Tour de France<\/strong>, ktor\u00fd aj napriek tomu st\u00e1le ost\u00e1va vern\u00fd svojim fan\u00fa\u0161ikom. Na svojom profile zobrazuje skuto\u010dn\u00e9 momenty zo svojho \u017eivota, napr\u00edklad v ned\u00e1vnej dobe nav\u0161t\u00edvil Kolumbiu, kde si zajazdil s dom\u00e1cimi obyvate\u013emi. Viacer\u00e9 fotografie ukazuj\u00fa aj kr\u00e1sne puto medzi n\u00edm a jeho de\u0165mi.<\/p>\n<h2><strong>Josh Bryceland (Ratboy)<\/strong><\/h2>\n<p>https:\/\/www.instagram.com\/p\/Bqc3XN2nENB\/<\/p>\n<p>Josh je jeden z t\u00fdch jazdcov, ktor\u00fdch pozn\u00e1 v\u00e4\u010d\u0161ina div\u00e1kov horskej cyklistiky, najm\u00e4 kv\u00f4li jeho uvo\u013enenosti a radosti z jazdenia. S\u00e1m dobrovo\u013ene vyst\u00fapil z koloto\u010da svetov\u00e9ho poh\u00e1ra v zjazde, aby mohol robi\u0165 to, \u010do miluje &#8211; <strong>autentick\u00fa cyklistiku<\/strong>. So svojimi par\u0165\u00e1kmi zo zoskupenia 50to01 ukazuje, \u017ee neexistuje nemo\u017en\u00e9 miesto na jazdenie, len bojazliv\u00fd jazdec.<\/p>\n<h2><strong>Peter Sagan<\/strong><\/h2>\n<p>https:\/\/www.instagram.com\/p\/BpWjsa6gQnz\/<\/p>\n<p>Kto by sa lep\u0161ie hodil do tohto zoznamu, ak nie <strong>slovensk\u00fd unik\u00e1t<\/strong> &#8211; Pe\u0165o Sagan. Akt\u00edvne prid\u00e1va fotografie na viacer\u00fdch soci\u00e1lnych sie\u0165ach, aj v\u010faka \u010domu ho pozn\u00e1 \u010d\u00edm \u010falej, t\u00fdm viac \u013eud\u00ed. Okrem vo\u013eno\u010dasov\u00fdch aktiv\u00edt \u010di podujat\u00ed, na ktor\u00fdch sa z\u00fa\u010dast\u0148uje, n\u00e1jdeme na jeho Instagrame aj fotografie z osobn\u00e9ho \u017eivota.<\/p>\n<h2><strong>Sir Chris Hoy<\/strong><\/h2>\n<p>https:\/\/www.instagram.com\/p\/BmMGLtuA4Ac\/<\/p>\n<p>Mohutn\u00e1 stavba tela, predobraz vzpiera\u010da, no nezainteresovan\u00fd div\u00e1k by sa m\u00fdlil. Dr\u00e1hov\u00fd jazdec, Sir Chris Hoy, <strong>11-n\u00e1sobn\u00fd majster sveta a 6-n\u00e1sobn\u00fd olympijsk\u00fd v\u00ed\u0165az<\/strong> dokazuje, \u017ee \u017eivot profesion\u00e1lneho cyklistu nie je len o cyklistike. Na jeho profile n\u00e1jdeme momenty z automobilov\u00fdch pretekov, fotografie s rodinou, \u010di in\u00e9 aktivity, na ktor\u00fdch ukazuje aj svoju druh\u00fa tv\u00e1r.<\/p>\n<h2><strong>Jaroslav Kulhav\u00fd<\/strong><\/h2>\n<p>https:\/\/www.instagram.com\/p\/BqPzhilFpqw\/<\/p>\n<p><strong>\u010c\u00edslo jedna \u010deskej horskej cyklistiky<\/strong> u\u017e po nieko\u013eko rokov nezab\u00fada aktualizova\u0165 svoj profil o mno\u017estvo inform\u00e1cii zo z\u00e1kulisia, kam be\u017en\u00fd fan\u00fa\u0161ik nem\u00e1 \u0161ancu nazrie\u0165. Tr\u00e9ningy, podujatia, osobn\u00fd \u017eivot, dokonca aj \u00fadaje o tr\u00e9ningovom v\u00fdkone. Aj ke\u010f v poslednej dobe ch\u00fdbal na popredn\u00fdch miestach svetov\u00e9ho poh\u00e1ra, je st\u00e1le tu.<\/p>\n<h2><strong>C\u00e9dric Gracia<\/strong><\/h2>\n<p>https:\/\/www.instagram.com\/p\/BqW7-rlF2YF\/<\/p>\n<p>Rampage, svetov\u00fd poh\u00e1r, majstrovstv\u00e1 sveta v zjazde a in\u00e9 odv\u00e1\u017ene discipl\u00edny, to je sum\u00e1r hist\u00f3rie jazdca C\u00e9drica Graciu. I ke\u010f v s\u00fa\u010dasnosti je sk\u00f4r ambas\u00e1dorom ne\u017e pretek\u00e1rom, jeho jazdeck\u00e9 zru\u010dnosti m\u00f4\u017eete na\u010falej sledova\u0165 na Instagrame \u010di YouTube. Do istej miery je mu <strong>vlastn\u00e1 extravagantnos\u0165 a prekypovanie pozit\u00edvnym pr\u00edstupom k \u017eivotu<\/strong>.<\/p>\n<h2><strong>Danny MacAskill<\/strong><\/h2>\n<p>https:\/\/www.instagram.com\/p\/Bp5WJ0EHdGw\/<\/p>\n<p>H\u00e1dam neexistuje nikto, kto by nepoznal notoricky zn\u00e1meho <strong>trialov\u00e9ho jazdca, pretv\u00e1raj\u00faceho si mestsk\u00e9 \u010di pr\u00edrodn\u00e9 prostredie na svoje ihrisko<\/strong>. \u010casto sa objavuje na odli\u0161n\u00fdch typoch bicyklov a ak sa chcete nau\u010di\u0165 nejak\u00fd ten trik, napr\u00edklad ako urobi\u0165 backflip cez z\u00e1hradn\u00fd plot z minim\u00e1lneho odrazu, je tu pre v\u00e1s Danny.<\/p>\n<h2><strong>Brett Tippie<\/strong><\/h2>\n<p>https:\/\/www.instagram.com\/p\/BqY_enJB-vo\/<\/p>\n<p>Vysl\u00fa\u017eil\u00fd jazdec, najm\u00e4 v discipl\u00ednach bl\u00edzkych bezstarostn\u00e9mu u\u017e\u00edvaniu si lesn\u00fdch chodn\u00ed\u010dkov, je st\u00e1le akt\u00edvny vo svojej \u0161portovej, ako aj \u201einforma\u010dnej\u201c \u010dinnosti. Spolupracuje s m\u00e9diami \u010di cyklistick\u00fdmi v\u00fdrobcami a na svojom \u00fa\u010dte neraz dokazuje, \u017ee <strong>nepatr\u00ed do star\u00e9ho \u017eeleza<\/strong>. \u017divot v Kanade m\u00e1 svoje pozit\u00edva, presved\u010dte sa sami.<\/p>\n<h2><strong>Vincenzo Nibali<\/strong><\/h2>\n<p>https:\/\/www.instagram.com\/p\/Bp4EJtIgvA7\/<\/p>\n<p>Nakoniec jedna legenda, ktor\u00e1 m\u00e1 st\u00e1le \u010do poveda\u0165 aj v radoch profi pelot\u00f3nu. I ke\u010f tohtoro\u010dn\u00e1 sez\u00f3na nebola uk\u00e1\u017ekov\u00e1, chu\u0165 preteka\u0165 a dravos\u0165 tohto \u017eraloka z Messini, je st\u00e1le c\u00edti\u0165 aj po\u010das priamych prenosov. To, \u017ee <strong>\u017eivot cyklistu nie je len o cyklistike<\/strong>, dokazuje Vincenzo aj svoj\u00edm Instagramom.<\/p>\n","protected":false},"excerpt":{"rendered":"<p>Soci\u00e1lne siete zasahuj\u00fa do na\u0161ich \u017eivotov, del\u00edme sa o na\u0161e radosti, ale aj starosti, te\u0161\u00edme sa zo svojich \u00faspechov, ale [&hellip;]<\/p>\n","protected":false},"author":38,"featured_media":5572,"comment_status":"open","ping_status":"open","sticky":false,"template":"","format":"standard","meta":{"footnotes":""},"categories":[4,127,3],"tags":[275,115,119,701,180,700,272,412,699,46,197,269,641],"global-categories":[],"class_list":["post-5559","post","type-post","status-publish","format-standard","has-post-thumbnail","hentry","category-cestna-cyklisitika","category-legendy","category-mtb","tag-cesta","tag-cestna-cyklistika","tag-chris-froome","tag-danny-macaskill","tag-horska-cyklistika","tag-jaroslav-kulhavy","tag-majster-sveta","tag-mtb","tag-nino-schurter","tag-peter-sagan","tag-vincenzo-nibali","tag-vitaz","tag-xc"],"yoast_head":"<!-- This site is optimized with the Yoast SEO Premium plugin v25.3 (Yoast SEO v25.9) - https:\/\/yoast.com\/wordpress\/plugins\/seo\/ -->\n<title>10 Instagramov\u00fdch \u00fa\u010dtov profi cyklistov \u2013 okno do ich \u017eivota? - \u0160koda We Love Cycling Slovensko<\/title>\n<meta name=\"robots\" content=\"index, follow, max-snippet:-1, max-image-preview:large, max-video-preview:-1\" \/>\n<link rel=\"canonical\" href=\"https:\/\/www.welovecycling.com\/sk\/2018\/12\/05\/10-instagramovych-uctov-profi-cyklistov-okno-do-ich-zivota\/\" \/>\n<meta property=\"og:locale\" content=\"sk_SK\" \/>\n<meta property=\"og:type\" content=\"article\" \/>\n<meta property=\"og:title\" content=\"10 Instagramov\u00fdch \u00fa\u010dtov profi cyklistov \u2013 okno do ich \u017eivota?\" \/>\n<meta property=\"og:description\" content=\"Soci\u00e1lne siete zasahuj\u00fa do na\u0161ich \u017eivotov, del\u00edme sa o na\u0161e radosti, ale aj starosti, te\u0161\u00edme sa zo svojich \u00faspechov, ale [&hellip;]\" \/>\n<meta property=\"og:url\" content=\"https:\/\/www.welovecycling.com\/sk\/2018\/12\/05\/10-instagramovych-uctov-profi-cyklistov-okno-do-ich-zivota\/\" \/>\n<meta property=\"og:site_name\" content=\"\u0160koda We Love Cycling Slovensko\" \/>\n<meta property=\"article:published_time\" content=\"2018-12-05T09:30:21+00:00\" \/>\n<meta property=\"og:image\" content=\"https:\/\/d2p6e6u75xmxt8.cloudfront.net\/4\/2018\/11\/00-2.webp\" \/>\n\t<meta property=\"og:image:width\" content=\"1380\" \/>\n\t<meta property=\"og:image:height\" content=\"600\" \/>\n\t<meta property=\"og:image:type\" content=\"image\/webp\" \/>\n<meta name=\"author\" content=\"Ondrej Ga\u0161par\" \/>\n<meta name=\"twitter:card\" content=\"summary_large_image\" \/>\n<meta name=\"twitter:label1\" content=\"Written by\" \/>\n\t<meta name=\"twitter:data1\" content=\"We Love Cycling\" \/>\n\t<meta name=\"twitter:label2\" content=\"Est. reading time\" \/>\n\t<meta name=\"twitter:data2\" content=\"5\" \/>\n<script type=\"application\/ld+json\" class=\"yoast-schema-graph\">{\"@context\":\"https:\/\/schema.org\",\"@graph\":[{\"@type\":\"WebPage\",\"@id\":\"https:\/\/www.welovecycling.com\/sk\/2018\/12\/05\/10-instagramovych-uctov-profi-cyklistov-okno-do-ich-zivota\/\",\"url\":\"https:\/\/www.welovecycling.com\/sk\/2018\/12\/05\/10-instagramovych-uctov-profi-cyklistov-okno-do-ich-zivota\/\",\"name\":\"10 Instagramov\u00fdch \u00fa\u010dtov profi cyklistov \u2013 okno do ich \u017eivota? - \u0160koda We Love Cycling Slovensko\",\"isPartOf\":{\"@id\":\"https:\/\/www.welovecycling.com\/sk\/#website\"},\"primaryImageOfPage\":{\"@id\":\"https:\/\/www.welovecycling.com\/sk\/2018\/12\/05\/10-instagramovych-uctov-profi-cyklistov-okno-do-ich-zivota\/#primaryimage\"},\"image\":{\"@id\":\"https:\/\/www.welovecycling.com\/sk\/2018\/12\/05\/10-instagramovych-uctov-profi-cyklistov-okno-do-ich-zivota\/#primaryimage\"},\"thumbnailUrl\":\"https:\/\/d2p6e6u75xmxt8.cloudfront.net\/4\/2018\/11\/00-2.webp\",\"datePublished\":\"2018-12-05T09:30:21+00:00\",\"author\":{\"@id\":\"https:\/\/www.welovecycling.com\/sk\/#\/schema\/person\/8ee09ba39b7e25b1870160aa5b3a89bc\"},\"breadcrumb\":{\"@id\":\"https:\/\/www.welovecycling.com\/sk\/2018\/12\/05\/10-instagramovych-uctov-profi-cyklistov-okno-do-ich-zivota\/#breadcrumb\"},\"inLanguage\":\"sk-SK\",\"potentialAction\":[{\"@type\":\"ReadAction\",\"target\":[\"https:\/\/www.welovecycling.com\/sk\/2018\/12\/05\/10-instagramovych-uctov-profi-cyklistov-okno-do-ich-zivota\/\"]}]},{\"@type\":\"ImageObject\",\"inLanguage\":\"sk-SK\",\"@id\":\"https:\/\/www.welovecycling.com\/sk\/2018\/12\/05\/10-instagramovych-uctov-profi-cyklistov-okno-do-ich-zivota\/#primaryimage\",\"url\":\"https:\/\/d2p6e6u75xmxt8.cloudfront.net\/4\/2018\/11\/00-2.webp\",\"contentUrl\":\"https:\/\/d2p6e6u75xmxt8.cloudfront.net\/4\/2018\/11\/00-2.webp\",\"width\":1380,\"height\":600},{\"@type\":\"BreadcrumbList\",\"@id\":\"https:\/\/www.welovecycling.com\/sk\/2018\/12\/05\/10-instagramovych-uctov-profi-cyklistov-okno-do-ich-zivota\/#breadcrumb\",\"itemListElement\":[{\"@type\":\"ListItem\",\"position\":1,\"name\":\"Home\",\"item\":\"https:\/\/www.welovecycling.com\/sk\/\"},{\"@type\":\"ListItem\",\"position\":2,\"name\":\"10 Instagramov\u00fdch \u00fa\u010dtov profi cyklistov \u2013 okno do ich \u017eivota?\"}]},{\"@type\":\"WebSite\",\"@id\":\"https:\/\/www.welovecycling.com\/sk\/#website\",\"url\":\"https:\/\/www.welovecycling.com\/sk\/\",\"name\":\"\u0160koda We Love Cycling Slovensko\",\"description\":\"\u0160koda We Love Cycling Slovensko je v\u00e1\u0161 ka\u017edodenn\u00fd zdroj noviniek a in\u0161pir\u00e1cie z sveta cyklistiky\",\"potentialAction\":[{\"@type\":\"SearchAction\",\"target\":{\"@type\":\"EntryPoint\",\"urlTemplate\":\"https:\/\/www.welovecycling.com\/sk\/?s={search_term_string}\"},\"query-input\":{\"@type\":\"PropertyValueSpecification\",\"valueRequired\":true,\"valueName\":\"search_term_string\"}}],\"inLanguage\":\"sk-SK\"},{\"@type\":\"Person\",\"@id\":\"https:\/\/www.welovecycling.com\/sk\/#\/schema\/person\/8ee09ba39b7e25b1870160aa5b3a89bc\",\"name\":\"Ondrej Ga\u0161par\",\"image\":{\"@type\":\"ImageObject\",\"inLanguage\":\"sk-SK\",\"@id\":\"https:\/\/www.welovecycling.com\/sk\/#\/schema\/person\/image\/\",\"url\":\"https:\/\/secure.gravatar.com\/avatar\/6126c9afb87b70da5abbb083ddbb21933da15f18f8ca7cb822aba0fb096a48f6?s=96&d=mm&r=g\",\"contentUrl\":\"https:\/\/secure.gravatar.com\/avatar\/6126c9afb87b70da5abbb083ddbb21933da15f18f8ca7cb822aba0fb096a48f6?s=96&d=mm&r=g\",\"caption\":\"Ondrej Ga\u0161par\"},\"url\":\"https:\/\/www.welovecycling.com\/sk\/author\/ondrejgaspar\/\"}]}<\/script>\n<!-- \/ Yoast SEO Premium plugin. -->","yoast_head_json":{"title":"10 Instagramov\u00fdch \u00fa\u010dtov profi cyklistov \u2013 okno do ich \u017eivota? - \u0160koda We Love Cycling Slovensko","robots":{"index":"index","follow":"follow","max-snippet":"max-snippet:-1","max-image-preview":"max-image-preview:large","max-video-preview":"max-video-preview:-1"},"canonical":"https:\/\/www.welovecycling.com\/sk\/2018\/12\/05\/10-instagramovych-uctov-profi-cyklistov-okno-do-ich-zivota\/","og_locale":"sk_SK","og_type":"article","og_title":"10 Instagramov\u00fdch \u00fa\u010dtov profi cyklistov \u2013 okno do ich \u017eivota?","og_description":"Soci\u00e1lne siete zasahuj\u00fa do na\u0161ich \u017eivotov, del\u00edme sa o na\u0161e radosti, ale aj starosti, te\u0161\u00edme sa zo svojich \u00faspechov, ale [&hellip;]","og_url":"https:\/\/www.welovecycling.com\/sk\/2018\/12\/05\/10-instagramovych-uctov-profi-cyklistov-okno-do-ich-zivota\/","og_site_name":"\u0160koda We Love Cycling Slovensko","article_published_time":"2018-12-05T09:30:21+00:00","og_image":[{"width":1380,"height":600,"url":"https:\/\/d2p6e6u75xmxt8.cloudfront.net\/4\/2018\/11\/00-2.webp","type":"image\/webp"}],"author":"Ondrej Ga\u0161par","twitter_card":"summary_large_image","twitter_misc":{"Written by":"We Love Cycling","Est. reading time":"5"},"schema":{"@context":"https:\/\/schema.org","@graph":[{"@type":"WebPage","@id":"https:\/\/www.welovecycling.com\/sk\/2018\/12\/05\/10-instagramovych-uctov-profi-cyklistov-okno-do-ich-zivota\/","url":"https:\/\/www.welovecycling.com\/sk\/2018\/12\/05\/10-instagramovych-uctov-profi-cyklistov-okno-do-ich-zivota\/","name":"10 Instagramov\u00fdch \u00fa\u010dtov profi cyklistov \u2013 okno do ich \u017eivota? - \u0160koda We Love Cycling Slovensko","isPartOf":{"@id":"https:\/\/www.welovecycling.com\/sk\/#website"},"primaryImageOfPage":{"@id":"https:\/\/www.welovecycling.com\/sk\/2018\/12\/05\/10-instagramovych-uctov-profi-cyklistov-okno-do-ich-zivota\/#primaryimage"},"image":{"@id":"https:\/\/www.welovecycling.com\/sk\/2018\/12\/05\/10-instagramovych-uctov-profi-cyklistov-okno-do-ich-zivota\/#primaryimage"},"thumbnailUrl":"https:\/\/d2p6e6u75xmxt8.cloudfront.net\/4\/2018\/11\/00-2.webp","datePublished":"2018-12-05T09:30:21+00:00","author":{"@id":"https:\/\/www.welovecycling.com\/sk\/#\/schema\/person\/8ee09ba39b7e25b1870160aa5b3a89bc"},"breadcrumb":{"@id":"https:\/\/www.welovecycling.com\/sk\/2018\/12\/05\/10-instagramovych-uctov-profi-cyklistov-okno-do-ich-zivota\/#breadcrumb"},"inLanguage":"sk-SK","potentialAction":[{"@type":"ReadAction","target":["https:\/\/www.welovecycling.com\/sk\/2018\/12\/05\/10-instagramovych-uctov-profi-cyklistov-okno-do-ich-zivota\/"]}]},{"@type":"ImageObject","inLanguage":"sk-SK","@id":"https:\/\/www.welovecycling.com\/sk\/2018\/12\/05\/10-instagramovych-uctov-profi-cyklistov-okno-do-ich-zivota\/#primaryimage","url":"https:\/\/d2p6e6u75xmxt8.cloudfront.net\/4\/2018\/11\/00-2.webp","contentUrl":"https:\/\/d2p6e6u75xmxt8.cloudfront.net\/4\/2018\/11\/00-2.webp","width":1380,"height":600},{"@type":"BreadcrumbList","@id":"https:\/\/www.welovecycling.com\/sk\/2018\/12\/05\/10-instagramovych-uctov-profi-cyklistov-okno-do-ich-zivota\/#breadcrumb","itemListElement":[{"@type":"ListItem","position":1,"name":"Home","item":"https:\/\/www.welovecycling.com\/sk\/"},{"@type":"ListItem","position":2,"name":"10 Instagramov\u00fdch \u00fa\u010dtov profi cyklistov \u2013 okno do ich \u017eivota?"}]},{"@type":"WebSite","@id":"https:\/\/www.welovecycling.com\/sk\/#website","url":"https:\/\/www.welovecycling.com\/sk\/","name":"\u0160koda We Love Cycling Slovensko","description":"\u0160koda We Love Cycling Slovensko je v\u00e1\u0161 ka\u017edodenn\u00fd zdroj noviniek a in\u0161pir\u00e1cie z sveta cyklistiky","potentialAction":[{"@type":"SearchAction","target":{"@type":"EntryPoint","urlTemplate":"https:\/\/www.welovecycling.com\/sk\/?s={search_term_string}"},"query-input":{"@type":"PropertyValueSpecification","valueRequired":true,"valueName":"search_term_string"}}],"inLanguage":"sk-SK"},{"@type":"Person","@id":"https:\/\/www.welovecycling.com\/sk\/#\/schema\/person\/8ee09ba39b7e25b1870160aa5b3a89bc","name":"Ondrej Ga\u0161par","image":{"@type":"ImageObject","inLanguage":"sk-SK","@id":"https:\/\/www.welovecycling.com\/sk\/#\/schema\/person\/image\/","url":"https:\/\/secure.gravatar.com\/avatar\/6126c9afb87b70da5abbb083ddbb21933da15f18f8ca7cb822aba0fb096a48f6?s=96&d=mm&r=g","contentUrl":"https:\/\/secure.gravatar.com\/avatar\/6126c9afb87b70da5abbb083ddbb21933da15f18f8ca7cb822aba0fb096a48f6?s=96&d=mm&r=g","caption":"Ondrej Ga\u0161par"},"url":"https:\/\/www.welovecycling.com\/sk\/author\/ondrejgaspar\/"}]}},"_links":{"self":[{"href":"https:\/\/www.welovecycling.com\/sk\/wp-json\/wp\/v2\/posts\/5559","targetHints":{"allow":["GET"]}}],"collection":[{"href":"https:\/\/www.welovecycling.com\/sk\/wp-json\/wp\/v2\/posts"}],"about":[{"href":"https:\/\/www.welovecycling.com\/sk\/wp-json\/wp\/v2\/types\/post"}],"author":[{"embeddable":true,"href":"https:\/\/www.welovecycling.com\/sk\/wp-json\/wp\/v2\/users\/38"}],"replies":[{"embeddable":true,"href":"https:\/\/www.welovecycling.com\/sk\/wp-json\/wp\/v2\/comments?post=5559"}],"version-history":[{"count":2,"href":"https:\/\/www.welovecycling.com\/sk\/wp-json\/wp\/v2\/posts\/5559\/revisions"}],"predecessor-version":[{"id":5601,"href":"https:\/\/www.welovecycling.com\/sk\/wp-json\/wp\/v2\/posts\/5559\/revisions\/5601"}],"wp:featuredmedia":[{"embeddable":true,"href":"https:\/\/www.welovecycling.com\/sk\/wp-json\/wp\/v2\/media\/5572"}],"wp:attachment":[{"href":"https:\/\/www.welovecycling.com\/sk\/wp-json\/wp\/v2\/media?parent=5559"}],"wp:term":[{"taxonomy":"category","embeddable":true,"href":"https:\/\/www.welovecycling.com\/sk\/wp-json\/wp\/v2\/categories?post=5559"},{"taxonomy":"post_tag","embeddable":true,"href":"https:\/\/www.welovecycling.com\/sk\/wp-json\/wp\/v2\/tags?post=5559"},{"taxonomy":"global-categories","embeddable":true,"href":"https:\/\/www.welovecycling.com\/sk\/wp-json\/wp\/v2\/global-categories?post=5559"}],"curies":[{"name":"wp","href":"https:\/\/api.w.org\/{rel}","templated":true}]}}