{"id":5514,"date":"2018-12-07T10:30:27","date_gmt":"2018-12-07T09:30:27","guid":{"rendered":"https:\/\/www.welovecycling.com\/sk\/?p=5514"},"modified":"2018-12-09T10:29:47","modified_gmt":"2018-12-09T09:29:47","slug":"7-darcekov-ktorymi-inspirujete-svoju-partnerku-k-bicyklovaniu","status":"publish","type":"post","link":"https:\/\/www.welovecycling.com\/sk\/2018\/12\/07\/7-darcekov-ktorymi-inspirujete-svoju-partnerku-k-bicyklovaniu\/","title":{"rendered":"7 dar\u010dekov, ktor\u00fdmi in\u0161pirujete svoju partnerku k bicyklovaniu"},"content":{"rendered":"<p><strong>V pr\u00edpade, \u017ee ste akt\u00edvny cyklista a va\u0161a partnerka nezdie\u013ea nad\u0161enie pre bicyklovanie v takom rozsahu ako vy, sk\u00faste ju z\u00edska\u0165 na svoju stranu viano\u010dn\u00fdm dar\u010dekom. V\u0161etci vieme, \u017ee vhodn\u00fd dar\u010dek dok\u00e1\u017ee z\u00e1zraky a ke\u010f\u017ee sa bl\u00ed\u017eia Vianoce, nebude o ne n\u00fadza ani u v\u00e1s. Mo\u017eno zostanete prekvapen\u00ed, ako nov\u00fd dres zl\u00e1ka va\u0161u polovi\u010dku a hne\u010f v prv\u00e9 teplej\u0161ie dni v\u00e1s bude vola\u0165 na v\u00fdlet.<\/strong><!--more--><\/p>\n<div class=\"shortcode-ys-post-pinup\"><article class=\"loop-simple post-5401 post type-post status-publish format-standard has-post-thumbnail hentry category-nakupny-poradca category-odporucame category-zabava tag-batoh tag-cestna-cyklistika tag-darceky tag-horska-cyklistika tag-kellys tag-kniha tag-kompava tag-napoj tag-oblecenie tag-peter-sagan tag-pitny-rezim tag-ponozky tag-tricko tag-vianoce\" data-postid=\"5401\" role=\"article\" data-post-id=\"5401\" data-word-count=\"577\" data-headline-length=\"56\" data-category=\"N\u00e1kupn\u00fd poradca\" data-author=\"We Love Cycling\" data-published=\"2018-11-14T10:30:23+01:00\" data-published-day=\"Wednesday\">\n    <div class=\"entry-thumbnail article-thumbnail\" content=\"https:\/\/d2p6e6u75xmxt8.cloudfront.net\/4\/2018\/11\/titulka-150x150.webp\"><a href=\"https:\/\/www.welovecycling.com\/sk\/2018\/11\/14\/7-cyklistickych-darcekov-pre-prave-slovenske-vianoce\/\" class=\"image-holder\" target=\"_self\"><img decoding=\"async\" loading=\"lazy\" class=\"\" src=\"https:\/\/d2p6e6u75xmxt8.cloudfront.net\/4\/2018\/11\/titulka-1024x445.webp\" srcset=\"https:\/\/d2p6e6u75xmxt8.cloudfront.net\/4\/2018\/11\/titulka.webp 1380w, https:\/\/d2p6e6u75xmxt8.cloudfront.net\/4\/2018\/11\/titulka-300x130.webp 300w, https:\/\/d2p6e6u75xmxt8.cloudfront.net\/4\/2018\/11\/titulka-1024x445.webp 1024w, https:\/\/d2p6e6u75xmxt8.cloudfront.net\/4\/2018\/11\/titulka-768x334.webp 768w\" width=\"1024\" height=\"445\" sizes=\"auto, (min-width: 1200px) 460px, (min-width: 768px) 38vw, 100vw\" alt=\"7-cyklistickych-darcekov-pre-prave-slovenske-vianoce\"\/><\/a><\/div>    <div class=\"entry-meta\">\n        <a class=\"label label-secondary post-category\" href=\"https:\/\/www.welovecycling.com\/sk\/category\/nakupny-poradca\/\" title=\"N\u00e1kupn\u00fd poradca\">N\u00e1kupn\u00fd poradca<\/a>\n    <\/div>\n    <div class=\"entry-details\">\n        <a href=\"https:\/\/www.welovecycling.com\/sk\/2018\/11\/14\/7-cyklistickych-darcekov-pre-prave-slovenske-vianoce\/\" class='entry-title-wrapper'>\n            <h3 class=\"entry-title\"><span>7 cyklistick\u00fdch dar\u010dekov pre prav\u00e9 slovensk\u00e9 Vianoce<\/span><\/h3>\n        <\/a>\n    <\/div>\n    <\/article>\n<\/div>\n<h2><strong>1. Kuch\u00e1rka Grand Tour<\/strong><\/h2>\n<p>L\u00e1ska ide cez \u017eal\u00fadok a vzh\u013eadom na to, \u017ee bl\u00ed\u017eiace sa sviatky s\u00fa aj o dobrom jedle a bohato prestretom stole, je na\u0161im najhor\u00facej\u0161\u00edm tipom <a target=\"_blank\" href=\"https:\/\/www.mtbiker.sk\/shop\/prislusenstvo\/tlac-hry-video\/kucharka-grand-tour.html\">kuch\u00e1rska kniha<\/a>. Programov, rel\u00e1ci\u00ed a str\u00e1nok o varen\u00ed je s\u00edce v poslednej dobe ve\u013ea, ale t\u00e1to kniha je nie\u010do extra. Ak sa zauj\u00edmate o marat\u00f3ny, extr\u00e9mne \u0161porty, \u010di hlavne o cyklistiku, n\u00e1jdete tu zdrav\u00fa a vyv\u00e1\u017een\u00fa stravu. Ak sme v\u00e1s e\u0161te st\u00e1le nepresved\u010dili, tak fakt, \u017ee <strong>autorka knihy bola \u0161\u00e9fkuch\u00e1rkou t\u00edmu Tinkoff-Saxo<\/strong>, hovor\u00ed za v\u0161etko. Odteraz si m\u00f4\u017eete uvari\u0165 presne to, \u010do jedia pretek\u00e1ri na Tour de France.<\/p>\n<p><a href=\"https:\/\/d2p6e6u75xmxt8.cloudfront.net\/4\/2018\/11\/01-3.jpg\"><img loading=\"lazy\" decoding=\"async\" src=\"https:\/\/d2p6e6u75xmxt8.cloudfront.net\/4\/2018\/11\/01-3.jpg\" alt=\"\" width=\"1200\" height=\"800\" class=\"alignnone size-full wp-image-5522\" \/><\/a><\/p>\n<h2><strong>2. Heya \u2013 smaltovan\u00fd hrn\u010dek<\/strong><\/h2>\n<p>Vonku fu\u010d\u00ed vietor a\u017e sa tras\u00fa okn\u00e1, v krbe puk\u00e1 ohe\u0148, sed\u00edte v kresl\u00e1ch so svojou polovi\u010dkou a pl\u00e1nujete, kam vyraz\u00edte v lete na bicykloch. \u010ci to bud\u00fa niektor\u00e9 z pr\u00edmorsk\u00fdch kraj\u00edn, Rak\u00faske Alpy alebo kone\u010dne presk\u00famate N\u00edzke Tatry, na ktor\u00e9 sa chyst\u00e1te u\u017e to\u013eko rokov. \u010co k tejto viano\u010dnej idylke ch\u00fdba? Takmer ni\u010d, len hor\u00face kakao, ale serv\u00edrovan\u00e9 \u0161t\u00fdlovo, v kr\u00e1snom <a  target=\"_blank\" href=\"https:\/\/www.sashe.sk\/HEYA\/detail\/smaltovany-hrncek-64\">smaltovanom hrn\u010deku<\/a>, s ru\u010dne potla\u010denou grafikou od zna\u010dky Heya.<\/p>\n<p><a href=\"https:\/\/d2p6e6u75xmxt8.cloudfront.net\/4\/2018\/11\/02-6.jpg\"><img loading=\"lazy\" decoding=\"async\" src=\"https:\/\/d2p6e6u75xmxt8.cloudfront.net\/4\/2018\/11\/02-6.jpg\" alt=\"\" width=\"1200\" height=\"800\" class=\"alignnone size-full wp-image-5523\" \/><\/a><\/p>\n<h2><strong>3. Abraka \u2013 leg\u00edny bicykle<\/strong><\/h2>\n<p>N\u00e1js\u0165 na trhu leg\u00edny, ktor\u00e9 by sp\u013a\u0148ali aj tie najtajnej\u0161ie priania va\u0161ej polovi\u010dky, nie je v\u00f4bec \u013eahk\u00e9. <strong>Kvalitn\u00e1 l\u00e1tka pre\u0161it\u00e1 ploch\u00fdm \u0161vom<\/strong> je len z\u00e1kladnou po\u017eiadavkou. Aby v\u0161ak zbyto\u010dne nepresvitali, kde netreba a pri \u0161portovan\u00ed, \u010di u\u017e na joge, pilatese alebo ak\u010dnej zumbe, umo\u017e\u0148ovali pln\u00fd rozsah pohybu bez toho, aby niekde \u0165ahali, to u\u017e je takmer len sen. A pr\u00e1ve tieto po\u017eiadavky hravo zvl\u00e1dnu <a  target=\"_blank\"href=\"https:\/\/abrakastore.sk\/obchod\/leginy-bicykle-fialove\/\">leg\u00edny Abraka<\/a> s vkusn\u00fdm cyklo vzorom. Pridanou hodnotou je, \u017ee s\u00fa vyroben\u00e9 z certifikovan\u00e9ho materi\u00e1lu, ktor\u00fd neobsahuje \u017eiadne zdraviu ani \u017eivotn\u00e9mu prostrediu \u0161kodliv\u00e9 l\u00e1tky. Handmade in Slovakia, priamo v k\u00fape\u013enom meste Pie\u0161\u0165any, ktor\u00e9 je mimochodom rajom pre cyklistov.<\/p>\n<p><a href=\"https:\/\/d2p6e6u75xmxt8.cloudfront.net\/4\/2018\/12\/bicykle_fialove_1.jpg\"><img loading=\"lazy\" decoding=\"async\" src=\"https:\/\/d2p6e6u75xmxt8.cloudfront.net\/4\/2018\/12\/bicykle_fialove_1.jpg\" alt=\"\" width=\"1200\" height=\"800\" class=\"alignnone size-full wp-image-5644\" \/><\/a><\/p>\n<h2><strong>4. Isadore \u2013 Asymmetric dres Rio Red<\/strong><\/h2>\n<p>Ak jazd\u00edte vo dvojici na bicykli aj v zime, tak kr\u00e1su tohto dresu bude va\u0161a bikerka schov\u00e1va\u0165 pod kopou tepl\u00fdch vrstiev, a to by bolo na \u0161kodu veci. Ale ve\u010f \u017eiadna zima nebude trva\u0165 ve\u010dne a po\u010das prv\u00fdch tepl\u00fdch dn\u00ed za\u017eiari v plnej kr\u00e1se v <a  target=\"_blank\"href=\"https:\/\/isadore.com\/sk\/asymmetric-dres-rio-red-antique-white\">drese<\/a> od zna\u010dky Isadore. Ten ma <strong>ve\u013ek\u00fd podiel merino vlny<\/strong>, \u010do zaru\u010duje dobr\u00fd komfort. Jemn\u00e9 detaily len zvy\u0161uj\u00fa jeho v\u00fdhody &#8211; na \u013eavej strane skryt\u00fd zips, tri zadn\u00e9 vreck\u00e1 s jedn\u00fdm nepremokav\u00fdm vn\u00fatorn\u00fdm vreckom a p\u00fatka na uchytenie k\u00e1blov v\u00e1\u0161ho iPodu. Niet sa \u010domu divi\u0165, ke\u010f\u017ee na dizajne spolupracovali bratia Velitsovci a dres bol vyroben\u00fd na Slovensku. Tak\u00e1to kombin\u00e1cia je v\u017edy z\u00e1rukou kvality.<\/p>\n<p><a href=\"https:\/\/d2p6e6u75xmxt8.cloudfront.net\/4\/2018\/11\/04-4.jpg\"><img loading=\"lazy\" decoding=\"async\" src=\"https:\/\/d2p6e6u75xmxt8.cloudfront.net\/4\/2018\/11\/04-4.jpg\" alt=\"\" width=\"1200\" height=\"800\" class=\"alignnone size-full wp-image-5525\" \/><\/a><\/p>\n<h2><strong>5. Isadore \u2013 d\u00e1msky 100% merino Baselayer<\/strong><\/h2>\n<p>A ke\u010f\u017ee n\u00e1s kvalita zna\u010dky <a  target=\"_blank\"href=\"https:\/\/isadore.com\/sk\/damsky-100-merino-ls-baselayer-maritime-blue\">Isadore<\/a> jednoducho bav\u00ed, pon\u00fakame e\u0161te jeden tip na dar\u010dek. Ak chceme aj v zime jazdi\u0165 a z\u00e1rove\u0148 ma\u0165 komfort a pohodlie, tak v\u00fdrobca siahol po osved\u010denej kvalite, ktor\u00fa poznali u\u017e na\u0161i star\u00ed rodi\u010dia a tou je ov\u010dia vlna. Nemus\u00edte ma\u0165 v\u0161ak obavy, merino vlna v\u00f4bec ne\u0161kriabe a je ove\u013ea jemnej\u0161ia, ako t\u00e1 z minulosti. V\u00fdhody tohto materi\u00e1lu sn\u00e1\u010f ani netreba pripom\u00edna\u0165, ale prirodzen\u00fd odvod potu a potl\u00e1\u010danie z\u00e1pachu s\u00fa len niektor\u00e9 z nich. Pozor, <strong>pri \u00fadr\u017ebe nepou\u017e\u00edvajte pr\u00e1\u010dku ani su\u0161i\u010dku<\/strong>, oble\u010denie by vybledlo a v pr\u00edli\u0161 hor\u00facej vode by sa roz\u0165ahalo. Merino vlna jednoducho vy\u017eaduje citliv\u00fa a l\u00e1skypln\u00fa starostlivos\u0165.<\/p>\n<p><a href=\"https:\/\/d2p6e6u75xmxt8.cloudfront.net\/4\/2018\/11\/05-3.jpg\"><img loading=\"lazy\" decoding=\"async\" src=\"https:\/\/d2p6e6u75xmxt8.cloudfront.net\/4\/2018\/11\/05-3.jpg\" alt=\"\" width=\"1200\" height=\"800\" class=\"alignnone size-full wp-image-5526\" \/><\/a><\/p>\n<h2><strong>6. Kompava \u2013 GELO-3 Complex<\/strong><\/h2>\n<p>Po\u010das zimn\u00fdch dn\u00ed je ten spr\u00e1vny \u010das venova\u0165 sa v\u00e1\u0161mu telu, ktor\u00e9 dostalo po\u010das aktu\u00e1lnej sez\u00f3ny zabra\u0165. Zara\u010fte do svojho jed\u00e1lni\u010dka kvalitn\u00e9 potraviny a nezabudnite ani na v\u00fd\u017eivov\u00e9 doplnky. Odpor\u00fa\u010dame <a  target=\"_blank\"href=\"https:\/\/www.kompava.sk\/p\/klbova-vyziva-gelo-3-complex\">GELO-3 Complex<\/a> od Kompavy, ktor\u00e1 dod\u00e1 telu <strong>komplexn\u00fa zmes akt\u00edvnych l\u00e1tok, miner\u00e1lov a vitam\u00ednov<\/strong>. Aby ste nezab\u00fadali ani na vitam\u00edn C, ktor\u00fd prispieva k tvorbe kolag\u00e9nu, tak GELO-3 Complex ho obsahuje v dostato\u010dnom mno\u017estve. Pr\u00edprava je jednoduch\u00e1, sta\u010d\u00ed prida\u0165 dve odmerky do studenej vody. N\u00e1poj je sladen\u00fd pr\u00edrodn\u00fdm sladidlom.<\/p>\n<p><a href=\"https:\/\/d2p6e6u75xmxt8.cloudfront.net\/4\/2018\/11\/06-2.jpg\"><img loading=\"lazy\" decoding=\"async\" src=\"https:\/\/d2p6e6u75xmxt8.cloudfront.net\/4\/2018\/11\/06-2.jpg\" alt=\"\" width=\"1200\" height=\"800\" class=\"alignnone size-full wp-image-5527\" \/><\/a><\/p>\n<h2><strong>7. Retro bicykel \u2013 dekor\u00e1cia<\/strong><\/h2>\n<p>Pozn\u00e1te to, pekn\u00e1 dekor\u00e1cia v\u017edy pote\u0161\u00ed aj vtedy, ke\u010f ich u\u017e nie je kam d\u00e1va\u0165. V krajnom pr\u00edpade v\u00e1m partner ur\u010dite ochotne namontuje nejak\u00fa t\u00fa poli\u010dku navy\u0161e, \u017ee? Tak\u017ee tento probl\u00e9m by sme mali vyrie\u0161en\u00fd a po\u010fme sa teraz bli\u017e\u0161ie pozrie\u0165 na tento kr\u00e1sny <a  target=\"_blank\"href=\"https:\/\/www.sashe.sk\/SvetKK\/detail\/bicykel-retro\">retro bicykel<\/a>, vyroben\u00fd klasickou technikou z meden\u00e9ho dr\u00f4tu. V\u00fd\u0161ka je <strong>necel\u00fdch desa\u0165 centimetrov<\/strong> a hod\u00ed sa aj na pracovn\u00fd st\u00f4l, aby v\u00e1m ka\u017ed\u00fd de\u0148 pripom\u00ednal va\u0161u z\u00e1\u013eubu. Technika dr\u00f4tikovania je zn\u00e1ma u\u017e od osemn\u00e1steho storo\u010dia a vy budete ma\u0165 nielen origin\u00e1lny k\u00fasok umenia, ale aj nie\u010do, \u010do poch\u00e1dza priamo zo Slovenska.<\/p>\n<p><a href=\"https:\/\/d2p6e6u75xmxt8.cloudfront.net\/4\/2018\/11\/07-1.jpg\"><img loading=\"lazy\" decoding=\"async\" src=\"https:\/\/d2p6e6u75xmxt8.cloudfront.net\/4\/2018\/11\/07-1.jpg\" alt=\"\" width=\"1200\" height=\"800\" class=\"alignnone size-full wp-image-5528\" \/><\/a><\/p>\n<p>Dr\u017e\u00edme v\u00e1m palce, aby ste na bicykloch a s bicyklami za\u017eili spolo\u010dne ve\u013ea kr\u00e1snych chv\u00ed\u013e, \u010di u\u017e je vonku kr\u00e1sne po\u010dasie alebo pr\u0161\u00ed a sne\u017e\u00ed a vy spom\u00ednate na z\u00e1\u017eitky a pozer\u00e1te fotoalbumy z v\u00fdletov. Sviato\u010dn\u00fd \u010das je o radosti a spolo\u010dn\u00fdch z\u00e1\u017eitkoch v kruhu t\u00fdch najbli\u017e\u0161\u00edch, rodiny a priate\u013eov. A o tie pri cyklistike nikdy nie je n\u00fadza.<\/p>\n","protected":false},"excerpt":{"rendered":"<p>V pr\u00edpade, \u017ee ste akt\u00edvny cyklista a va\u0161a partnerka nezdie\u013ea nad\u0161enie pre bicyklovanie v takom rozsahu ako vy, sk\u00faste ju [&hellip;]<\/p>\n","protected":false},"author":38,"featured_media":5532,"comment_status":"open","ping_status":"open","sticky":false,"template":"","format":"standard","meta":{"footnotes":""},"categories":[52,191,118],"tags":[345,695,666,664,669,215,665,285,551,344,475,317],"global-categories":[],"class_list":["post-5514","post","type-post","status-publish","format-standard","has-post-thumbnail","hentry","category-nakupny-poradca","category-odporucame","category-zabava","tag-darceky","tag-dekoracia","tag-kniha","tag-kompava","tag-nakup","tag-nakupny-poradca","tag-napoj","tag-oblecenie","tag-pitny-rezim","tag-vianoce","tag-zeny","tag-zima"],"yoast_head":"<!-- This site is optimized with the Yoast SEO Premium plugin v25.3 (Yoast SEO v25.9) - https:\/\/yoast.com\/wordpress\/plugins\/seo\/ -->\n<title>7 dar\u010dekov, ktor\u00fdmi in\u0161pirujete svoju partnerku k bicyklovaniu - \u0160koda We Love Cycling Slovensko<\/title>\n<meta name=\"robots\" content=\"index, follow, max-snippet:-1, max-image-preview:large, max-video-preview:-1\" \/>\n<link rel=\"canonical\" href=\"https:\/\/www.welovecycling.com\/sk\/2018\/12\/07\/7-darcekov-ktorymi-inspirujete-svoju-partnerku-k-bicyklovaniu\/\" \/>\n<meta property=\"og:locale\" content=\"sk_SK\" \/>\n<meta property=\"og:type\" content=\"article\" \/>\n<meta property=\"og:title\" content=\"7 dar\u010dekov, ktor\u00fdmi in\u0161pirujete svoju partnerku k bicyklovaniu\" \/>\n<meta property=\"og:description\" content=\"V pr\u00edpade, \u017ee ste akt\u00edvny cyklista a va\u0161a partnerka nezdie\u013ea nad\u0161enie pre bicyklovanie v takom rozsahu ako vy, sk\u00faste ju [&hellip;]\" \/>\n<meta property=\"og:url\" content=\"https:\/\/www.welovecycling.com\/sk\/2018\/12\/07\/7-darcekov-ktorymi-inspirujete-svoju-partnerku-k-bicyklovaniu\/\" \/>\n<meta property=\"og:site_name\" content=\"\u0160koda We Love Cycling Slovensko\" \/>\n<meta property=\"article:published_time\" content=\"2018-12-07T09:30:27+00:00\" \/>\n<meta property=\"article:modified_time\" content=\"2018-12-09T09:29:47+00:00\" \/>\n<meta property=\"og:image\" content=\"https:\/\/d2p6e6u75xmxt8.cloudfront.net\/4\/2018\/11\/freestocks-org-172972-unsplash.webp\" \/>\n\t<meta property=\"og:image:width\" content=\"1380\" \/>\n\t<meta property=\"og:image:height\" content=\"600\" \/>\n\t<meta property=\"og:image:type\" content=\"image\/webp\" \/>\n<meta name=\"author\" content=\"Ondrej Ga\u0161par\" \/>\n<meta name=\"twitter:card\" content=\"summary_large_image\" \/>\n<meta name=\"twitter:label1\" content=\"Written by\" \/>\n\t<meta name=\"twitter:data1\" content=\"We Love Cycling\" \/>\n\t<meta name=\"twitter:label2\" content=\"Est. reading time\" \/>\n\t<meta name=\"twitter:data2\" content=\"6\" \/>\n<script type=\"application\/ld+json\" class=\"yoast-schema-graph\">{\"@context\":\"https:\/\/schema.org\",\"@graph\":[{\"@type\":\"WebPage\",\"@id\":\"https:\/\/www.welovecycling.com\/sk\/2018\/12\/07\/7-darcekov-ktorymi-inspirujete-svoju-partnerku-k-bicyklovaniu\/\",\"url\":\"https:\/\/www.welovecycling.com\/sk\/2018\/12\/07\/7-darcekov-ktorymi-inspirujete-svoju-partnerku-k-bicyklovaniu\/\",\"name\":\"7 dar\u010dekov, ktor\u00fdmi in\u0161pirujete svoju partnerku k bicyklovaniu - \u0160koda We Love Cycling Slovensko\",\"isPartOf\":{\"@id\":\"https:\/\/www.welovecycling.com\/sk\/#website\"},\"primaryImageOfPage\":{\"@id\":\"https:\/\/www.welovecycling.com\/sk\/2018\/12\/07\/7-darcekov-ktorymi-inspirujete-svoju-partnerku-k-bicyklovaniu\/#primaryimage\"},\"image\":{\"@id\":\"https:\/\/www.welovecycling.com\/sk\/2018\/12\/07\/7-darcekov-ktorymi-inspirujete-svoju-partnerku-k-bicyklovaniu\/#primaryimage\"},\"thumbnailUrl\":\"https:\/\/d2p6e6u75xmxt8.cloudfront.net\/4\/2018\/11\/freestocks-org-172972-unsplash.webp\",\"datePublished\":\"2018-12-07T09:30:27+00:00\",\"dateModified\":\"2018-12-09T09:29:47+00:00\",\"author\":{\"@id\":\"https:\/\/www.welovecycling.com\/sk\/#\/schema\/person\/8ee09ba39b7e25b1870160aa5b3a89bc\"},\"breadcrumb\":{\"@id\":\"https:\/\/www.welovecycling.com\/sk\/2018\/12\/07\/7-darcekov-ktorymi-inspirujete-svoju-partnerku-k-bicyklovaniu\/#breadcrumb\"},\"inLanguage\":\"sk-SK\",\"potentialAction\":[{\"@type\":\"ReadAction\",\"target\":[\"https:\/\/www.welovecycling.com\/sk\/2018\/12\/07\/7-darcekov-ktorymi-inspirujete-svoju-partnerku-k-bicyklovaniu\/\"]}]},{\"@type\":\"ImageObject\",\"inLanguage\":\"sk-SK\",\"@id\":\"https:\/\/www.welovecycling.com\/sk\/2018\/12\/07\/7-darcekov-ktorymi-inspirujete-svoju-partnerku-k-bicyklovaniu\/#primaryimage\",\"url\":\"https:\/\/d2p6e6u75xmxt8.cloudfront.net\/4\/2018\/11\/freestocks-org-172972-unsplash.webp\",\"contentUrl\":\"https:\/\/d2p6e6u75xmxt8.cloudfront.net\/4\/2018\/11\/freestocks-org-172972-unsplash.webp\",\"width\":1380,\"height\":600},{\"@type\":\"BreadcrumbList\",\"@id\":\"https:\/\/www.welovecycling.com\/sk\/2018\/12\/07\/7-darcekov-ktorymi-inspirujete-svoju-partnerku-k-bicyklovaniu\/#breadcrumb\",\"itemListElement\":[{\"@type\":\"ListItem\",\"position\":1,\"name\":\"Home\",\"item\":\"https:\/\/www.welovecycling.com\/sk\/\"},{\"@type\":\"ListItem\",\"position\":2,\"name\":\"7 dar\u010dekov, ktor\u00fdmi in\u0161pirujete svoju partnerku k bicyklovaniu\"}]},{\"@type\":\"WebSite\",\"@id\":\"https:\/\/www.welovecycling.com\/sk\/#website\",\"url\":\"https:\/\/www.welovecycling.com\/sk\/\",\"name\":\"\u0160koda We Love Cycling Slovensko\",\"description\":\"\u0160koda We Love Cycling Slovensko je v\u00e1\u0161 ka\u017edodenn\u00fd zdroj noviniek a in\u0161pir\u00e1cie z sveta cyklistiky\",\"potentialAction\":[{\"@type\":\"SearchAction\",\"target\":{\"@type\":\"EntryPoint\",\"urlTemplate\":\"https:\/\/www.welovecycling.com\/sk\/?s={search_term_string}\"},\"query-input\":{\"@type\":\"PropertyValueSpecification\",\"valueRequired\":true,\"valueName\":\"search_term_string\"}}],\"inLanguage\":\"sk-SK\"},{\"@type\":\"Person\",\"@id\":\"https:\/\/www.welovecycling.com\/sk\/#\/schema\/person\/8ee09ba39b7e25b1870160aa5b3a89bc\",\"name\":\"Ondrej Ga\u0161par\",\"image\":{\"@type\":\"ImageObject\",\"inLanguage\":\"sk-SK\",\"@id\":\"https:\/\/www.welovecycling.com\/sk\/#\/schema\/person\/image\/\",\"url\":\"https:\/\/secure.gravatar.com\/avatar\/6126c9afb87b70da5abbb083ddbb21933da15f18f8ca7cb822aba0fb096a48f6?s=96&d=mm&r=g\",\"contentUrl\":\"https:\/\/secure.gravatar.com\/avatar\/6126c9afb87b70da5abbb083ddbb21933da15f18f8ca7cb822aba0fb096a48f6?s=96&d=mm&r=g\",\"caption\":\"Ondrej Ga\u0161par\"},\"url\":\"https:\/\/www.welovecycling.com\/sk\/author\/ondrejgaspar\/\"}]}<\/script>\n<!-- \/ Yoast SEO Premium plugin. -->","yoast_head_json":{"title":"7 dar\u010dekov, ktor\u00fdmi in\u0161pirujete svoju partnerku k bicyklovaniu - \u0160koda We Love Cycling Slovensko","robots":{"index":"index","follow":"follow","max-snippet":"max-snippet:-1","max-image-preview":"max-image-preview:large","max-video-preview":"max-video-preview:-1"},"canonical":"https:\/\/www.welovecycling.com\/sk\/2018\/12\/07\/7-darcekov-ktorymi-inspirujete-svoju-partnerku-k-bicyklovaniu\/","og_locale":"sk_SK","og_type":"article","og_title":"7 dar\u010dekov, ktor\u00fdmi in\u0161pirujete svoju partnerku k bicyklovaniu","og_description":"V pr\u00edpade, \u017ee ste akt\u00edvny cyklista a va\u0161a partnerka nezdie\u013ea nad\u0161enie pre bicyklovanie v takom rozsahu ako vy, sk\u00faste ju [&hellip;]","og_url":"https:\/\/www.welovecycling.com\/sk\/2018\/12\/07\/7-darcekov-ktorymi-inspirujete-svoju-partnerku-k-bicyklovaniu\/","og_site_name":"\u0160koda We Love Cycling Slovensko","article_published_time":"2018-12-07T09:30:27+00:00","article_modified_time":"2018-12-09T09:29:47+00:00","og_image":[{"width":1380,"height":600,"url":"https:\/\/d2p6e6u75xmxt8.cloudfront.net\/4\/2018\/11\/freestocks-org-172972-unsplash.webp","type":"image\/webp"}],"author":"Ondrej Ga\u0161par","twitter_card":"summary_large_image","twitter_misc":{"Written by":"We Love Cycling","Est. reading time":"6"},"schema":{"@context":"https:\/\/schema.org","@graph":[{"@type":"WebPage","@id":"https:\/\/www.welovecycling.com\/sk\/2018\/12\/07\/7-darcekov-ktorymi-inspirujete-svoju-partnerku-k-bicyklovaniu\/","url":"https:\/\/www.welovecycling.com\/sk\/2018\/12\/07\/7-darcekov-ktorymi-inspirujete-svoju-partnerku-k-bicyklovaniu\/","name":"7 dar\u010dekov, ktor\u00fdmi in\u0161pirujete svoju partnerku k bicyklovaniu - \u0160koda We Love Cycling Slovensko","isPartOf":{"@id":"https:\/\/www.welovecycling.com\/sk\/#website"},"primaryImageOfPage":{"@id":"https:\/\/www.welovecycling.com\/sk\/2018\/12\/07\/7-darcekov-ktorymi-inspirujete-svoju-partnerku-k-bicyklovaniu\/#primaryimage"},"image":{"@id":"https:\/\/www.welovecycling.com\/sk\/2018\/12\/07\/7-darcekov-ktorymi-inspirujete-svoju-partnerku-k-bicyklovaniu\/#primaryimage"},"thumbnailUrl":"https:\/\/d2p6e6u75xmxt8.cloudfront.net\/4\/2018\/11\/freestocks-org-172972-unsplash.webp","datePublished":"2018-12-07T09:30:27+00:00","dateModified":"2018-12-09T09:29:47+00:00","author":{"@id":"https:\/\/www.welovecycling.com\/sk\/#\/schema\/person\/8ee09ba39b7e25b1870160aa5b3a89bc"},"breadcrumb":{"@id":"https:\/\/www.welovecycling.com\/sk\/2018\/12\/07\/7-darcekov-ktorymi-inspirujete-svoju-partnerku-k-bicyklovaniu\/#breadcrumb"},"inLanguage":"sk-SK","potentialAction":[{"@type":"ReadAction","target":["https:\/\/www.welovecycling.com\/sk\/2018\/12\/07\/7-darcekov-ktorymi-inspirujete-svoju-partnerku-k-bicyklovaniu\/"]}]},{"@type":"ImageObject","inLanguage":"sk-SK","@id":"https:\/\/www.welovecycling.com\/sk\/2018\/12\/07\/7-darcekov-ktorymi-inspirujete-svoju-partnerku-k-bicyklovaniu\/#primaryimage","url":"https:\/\/d2p6e6u75xmxt8.cloudfront.net\/4\/2018\/11\/freestocks-org-172972-unsplash.webp","contentUrl":"https:\/\/d2p6e6u75xmxt8.cloudfront.net\/4\/2018\/11\/freestocks-org-172972-unsplash.webp","width":1380,"height":600},{"@type":"BreadcrumbList","@id":"https:\/\/www.welovecycling.com\/sk\/2018\/12\/07\/7-darcekov-ktorymi-inspirujete-svoju-partnerku-k-bicyklovaniu\/#breadcrumb","itemListElement":[{"@type":"ListItem","position":1,"name":"Home","item":"https:\/\/www.welovecycling.com\/sk\/"},{"@type":"ListItem","position":2,"name":"7 dar\u010dekov, ktor\u00fdmi in\u0161pirujete svoju partnerku k bicyklovaniu"}]},{"@type":"WebSite","@id":"https:\/\/www.welovecycling.com\/sk\/#website","url":"https:\/\/www.welovecycling.com\/sk\/","name":"\u0160koda We Love Cycling Slovensko","description":"\u0160koda We Love Cycling Slovensko je v\u00e1\u0161 ka\u017edodenn\u00fd zdroj noviniek a in\u0161pir\u00e1cie z sveta cyklistiky","potentialAction":[{"@type":"SearchAction","target":{"@type":"EntryPoint","urlTemplate":"https:\/\/www.welovecycling.com\/sk\/?s={search_term_string}"},"query-input":{"@type":"PropertyValueSpecification","valueRequired":true,"valueName":"search_term_string"}}],"inLanguage":"sk-SK"},{"@type":"Person","@id":"https:\/\/www.welovecycling.com\/sk\/#\/schema\/person\/8ee09ba39b7e25b1870160aa5b3a89bc","name":"Ondrej Ga\u0161par","image":{"@type":"ImageObject","inLanguage":"sk-SK","@id":"https:\/\/www.welovecycling.com\/sk\/#\/schema\/person\/image\/","url":"https:\/\/secure.gravatar.com\/avatar\/6126c9afb87b70da5abbb083ddbb21933da15f18f8ca7cb822aba0fb096a48f6?s=96&d=mm&r=g","contentUrl":"https:\/\/secure.gravatar.com\/avatar\/6126c9afb87b70da5abbb083ddbb21933da15f18f8ca7cb822aba0fb096a48f6?s=96&d=mm&r=g","caption":"Ondrej Ga\u0161par"},"url":"https:\/\/www.welovecycling.com\/sk\/author\/ondrejgaspar\/"}]}},"_links":{"self":[{"href":"https:\/\/www.welovecycling.com\/sk\/wp-json\/wp\/v2\/posts\/5514","targetHints":{"allow":["GET"]}}],"collection":[{"href":"https:\/\/www.welovecycling.com\/sk\/wp-json\/wp\/v2\/posts"}],"about":[{"href":"https:\/\/www.welovecycling.com\/sk\/wp-json\/wp\/v2\/types\/post"}],"author":[{"embeddable":true,"href":"https:\/\/www.welovecycling.com\/sk\/wp-json\/wp\/v2\/users\/38"}],"replies":[{"embeddable":true,"href":"https:\/\/www.welovecycling.com\/sk\/wp-json\/wp\/v2\/comments?post=5514"}],"version-history":[{"count":2,"href":"https:\/\/www.welovecycling.com\/sk\/wp-json\/wp\/v2\/posts\/5514\/revisions"}],"predecessor-version":[{"id":5682,"href":"https:\/\/www.welovecycling.com\/sk\/wp-json\/wp\/v2\/posts\/5514\/revisions\/5682"}],"wp:featuredmedia":[{"embeddable":true,"href":"https:\/\/www.welovecycling.com\/sk\/wp-json\/wp\/v2\/media\/5532"}],"wp:attachment":[{"href":"https:\/\/www.welovecycling.com\/sk\/wp-json\/wp\/v2\/media?parent=5514"}],"wp:term":[{"taxonomy":"category","embeddable":true,"href":"https:\/\/www.welovecycling.com\/sk\/wp-json\/wp\/v2\/categories?post=5514"},{"taxonomy":"post_tag","embeddable":true,"href":"https:\/\/www.welovecycling.com\/sk\/wp-json\/wp\/v2\/tags?post=5514"},{"taxonomy":"global-categories","embeddable":true,"href":"https:\/\/www.welovecycling.com\/sk\/wp-json\/wp\/v2\/global-categories?post=5514"}],"curies":[{"name":"wp","href":"https:\/\/api.w.org\/{rel}","templated":true}]}}