{"id":5491,"date":"2018-11-26T12:30:38","date_gmt":"2018-11-26T11:30:38","guid":{"rendered":"https:\/\/www.welovecycling.com\/sk\/?p=5491"},"modified":"2018-11-26T10:10:54","modified_gmt":"2018-11-26T09:10:54","slug":"e-bike-kellys-tygon-hardtail-roku-2019-s-najvacsou-bateriou","status":"publish","type":"post","link":"https:\/\/www.welovecycling.com\/sk\/2018\/11\/26\/e-bike-kellys-tygon-hardtail-roku-2019-s-najvacsou-bateriou\/","title":{"rendered":"E-bike Kellys Tygon \u2013 hardtail roku 2019 s najv\u00e4\u010d\u0161ou bat\u00e9riou"},"content":{"rendered":"<p><strong>Trend elektrobicyklov sa nezastavite\u013ene roz\u0161iruje a s n\u00edm sa zvy\u0161uj\u00fa aj mo\u017enosti motorov alebo, ako je to v tomto pr\u00edpade, kapacitou bat\u00e9ri\u00ed. Kellys sa neost\u00fdchal a do modelu Tygon s motorom Shimano vlo\u017eil zatia\u013e najv\u00e4\u010d\u0161iu bat\u00e9riu (\u010do do kapacity), ak\u00fa kedy kto na bicykli v tejto kateg\u00f3rii ofici\u00e1lne pou\u017eil.<\/strong><!--more--><\/p>\n<p><a href=\"https:\/\/d2p6e6u75xmxt8.cloudfront.net\/4\/2018\/11\/01-2.jpg\"><img loading=\"lazy\" decoding=\"async\" class=\"alignnone size-full wp-image-5494\" src=\"https:\/\/d2p6e6u75xmxt8.cloudfront.net\/4\/2018\/11\/01-2.jpg\" alt=\"\" width=\"1200\" height=\"800\" \/><\/a><\/p>\n<p>T\u00fdm sa z tohto modelu stal vyslovene hlta\u010d kilometrov a nast\u00fapan\u00fdch v\u00fd\u0161kov\u00fdch metrov. Zamerajme sa teda v prvom rade na t\u00fa najd\u00f4le\u017eitej\u0161iu \u010das\u0165 &#8211; bat\u00e9riu, nazvan\u00fa <strong>Kellys ReCharge Li.ion<\/strong>. Jej kapacita dosahuje <strong>630 Wh so 17,5 Ah<\/strong>. V porovnan\u00ed s ostatn\u00fdmi modelmi &#8211; klasicky zau\u017e\u00edvanou bola 504 Wh so 14 Ah.<\/p>\n<div data-rows=\"1\" id='gallery-1' class='gallery-rows-1 gallery galleryid-5491 gallery-columns-3 gallery-size-full'><figure class='gallery-item'>\n\t\t\t<div class='gallery-icon landscape'>\n\t\t\t\t<a href='https:\/\/d2p6e6u75xmxt8.cloudfront.net\/4\/2018\/11\/02-5.webp'><img loading=\"lazy\" decoding=\"async\" width=\"1200\" height=\"800\" src=\"https:\/\/d2p6e6u75xmxt8.cloudfront.net\/4\/2018\/11\/02-5.webp\" class=\"attachment-full size-full\" alt=\"\" srcset=\"https:\/\/d2p6e6u75xmxt8.cloudfront.net\/4\/2018\/11\/02-5.webp 1200w, https:\/\/d2p6e6u75xmxt8.cloudfront.net\/4\/2018\/11\/02-5-300x200.webp 300w, https:\/\/d2p6e6u75xmxt8.cloudfront.net\/4\/2018\/11\/02-5-1024x683.webp 1024w, https:\/\/d2p6e6u75xmxt8.cloudfront.net\/4\/2018\/11\/02-5-768x512.webp 768w, https:\/\/d2p6e6u75xmxt8.cloudfront.net\/4\/2018\/11\/02-5-272x182.webp 272w\" sizes=\"auto, (max-width: 1200px) 100vw, 1200px\" \/><\/a>\n\t\t\t<\/div><\/figure><figure class='gallery-item'>\n\t\t\t<div class='gallery-icon landscape'>\n\t\t\t\t<a href='https:\/\/d2p6e6u75xmxt8.cloudfront.net\/4\/2018\/11\/17-1.webp'><img loading=\"lazy\" decoding=\"async\" width=\"1200\" height=\"800\" src=\"https:\/\/d2p6e6u75xmxt8.cloudfront.net\/4\/2018\/11\/17-1.webp\" class=\"attachment-full size-full\" alt=\"\" srcset=\"https:\/\/d2p6e6u75xmxt8.cloudfront.net\/4\/2018\/11\/17-1.webp 1200w, https:\/\/d2p6e6u75xmxt8.cloudfront.net\/4\/2018\/11\/17-1-300x200.webp 300w, https:\/\/d2p6e6u75xmxt8.cloudfront.net\/4\/2018\/11\/17-1-1024x683.webp 1024w, https:\/\/d2p6e6u75xmxt8.cloudfront.net\/4\/2018\/11\/17-1-768x512.webp 768w, https:\/\/d2p6e6u75xmxt8.cloudfront.net\/4\/2018\/11\/17-1-272x182.webp 272w\" sizes=\"auto, (max-width: 1200px) 100vw, 1200px\" \/><\/a>\n\t\t\t<\/div><\/figure><figure class='gallery-item'>\n\t\t\t<div class='gallery-icon landscape'>\n\t\t\t\t<a href='https:\/\/d2p6e6u75xmxt8.cloudfront.net\/4\/2018\/11\/25-1.webp'><img loading=\"lazy\" decoding=\"async\" width=\"1200\" height=\"800\" src=\"https:\/\/d2p6e6u75xmxt8.cloudfront.net\/4\/2018\/11\/25-1.webp\" class=\"attachment-full size-full\" alt=\"\" srcset=\"https:\/\/d2p6e6u75xmxt8.cloudfront.net\/4\/2018\/11\/25-1.webp 1200w, https:\/\/d2p6e6u75xmxt8.cloudfront.net\/4\/2018\/11\/25-1-300x200.webp 300w, https:\/\/d2p6e6u75xmxt8.cloudfront.net\/4\/2018\/11\/25-1-1024x683.webp 1024w, https:\/\/d2p6e6u75xmxt8.cloudfront.net\/4\/2018\/11\/25-1-768x512.webp 768w, https:\/\/d2p6e6u75xmxt8.cloudfront.net\/4\/2018\/11\/25-1-272x182.webp 272w\" sizes=\"auto, (max-width: 1200px) 100vw, 1200px\" \/><\/a>\n\t\t\t<\/div><\/figure>\n\t\t<\/div>\n        \n<p>Bat\u00e9ria kooperuje s motorom <strong>Shimano STePS 8000<\/strong>, najsilnej\u0161\u00edm motorom z ponuky Shimano, ktor\u00fd m\u00e1 aj pr\u00edvlastok \u013eahk\u00fd. Hmotnos\u0165 <strong>pod 3 kilogramy<\/strong> a <strong>kr\u00fatiaci moment 70 Nm<\/strong> nezasko\u010d\u00ed \u017eiadna nerovnos\u0165 ter\u00e9nu.<\/p>\n<p><a href=\"https:\/\/d2p6e6u75xmxt8.cloudfront.net\/4\/2018\/11\/03-2.jpg\"><img loading=\"lazy\" decoding=\"async\" class=\"alignnone size-full wp-image-5496\" src=\"https:\/\/d2p6e6u75xmxt8.cloudfront.net\/4\/2018\/11\/03-2.jpg\" alt=\"\" width=\"1200\" height=\"800\" \/><\/a><\/p>\n<p>Z\u00e1kladom je <strong>r\u00e1m bicykla<\/strong>, ktor\u00fd je <strong>\u0161peci\u00e1lne prisp\u00f4soben\u00fd po\u0148a\u0165 motor a bat\u00e9riu<\/strong>, zatia\u013e \u010do parametre tuhosti a odolnosti zost\u00e1vaj\u00fa zachovan\u00e9. Kellys zn\u00ed\u017eil mieru poddajnosti r\u00e1mu v oblasti ulo\u017eenia bat\u00e9rie. D\u00f4vodom bol fakt, \u017ee pri odn\u00edmate\u013enej bat\u00e9rii doch\u00e1dza k vytvoreniu neucelenej \u010dasti r\u00e1mu (spodnej r\u00e1movej trubke), ktor\u00e1 negat\u00edvne p\u00f4sob\u00ed na celkov\u00fa tuhos\u0165. Preto m\u00e1 Tygon bat\u00e9riu <strong>priamo integrovan\u00fa do r\u00e1mu<\/strong>. Jej vybratie je mo\u017en\u00e9 len pre servisn\u00e9 kontroly, a to cez otvor v oblasti stredov\u00e9ho zlo\u017eenia, ur\u010den\u00fd pre mont\u00e1\u017e motoru.<\/p>\n<p><a href=\"https:\/\/d2p6e6u75xmxt8.cloudfront.net\/4\/2018\/11\/04-3.jpg\"><img loading=\"lazy\" decoding=\"async\" class=\"alignnone size-full wp-image-5497\" src=\"https:\/\/d2p6e6u75xmxt8.cloudfront.net\/4\/2018\/11\/04-3.jpg\" alt=\"\" width=\"1200\" height=\"800\" \/><\/a><\/p>\n<p>Model Tygon je dod\u00e1van\u00fd v rozmeroch 27,5\u201c a 29\u201c. Okrem toho, \u017ee tento bicykel disponuje zna\u010dnou silou, nezaost\u00e1va ani v celkovom prisp\u00f4soben\u00ed sa jazde v ter\u00e9ne, a to v\u010faka <strong>\u0161portovej geometrii<\/strong>. T\u00e1 sa rad\u00ed u\u017e do kateg\u00f3rie \u201etrail\u201c, najm\u00e4 hodnotou hlavov\u00e9ho uhla 67,5 stup\u0148a, ako aj d\u013a\u017ekou zadnej stavby 435 mm pre 29\u201c variant. Pre pohltenie nerovnost\u00ed je k dispoz\u00edcii <strong>120 mm zdvihu<\/strong> a flexibilita hlin\u00edkov\u00e9ho r\u00e1mu.<\/p>\n<lite-youtube videoid=dlDkIM5izOc params=\"enablejsapi=1\" style=\"background-image: url('https:\/\/i.ytimg.com\/vi_webp\/dlDkIM5izOc\/maxresdefault.webp');\"><\/lite-youtube>\n<p>Kellys sa nezameral len na mu\u017esk\u00fa kateg\u00f3riu. Spom\u00ednan\u00fd Tygon m\u00e1 aj svoje dva ni\u017e\u0161ie varianty. Najvy\u0161\u0161\u00ed model je pon\u00fakan\u00fd s vidlicou RockShox Revelation RC, v\u00fdbavou Shimano XT a SLX, ale aj teleskopickou sedlovkou KS Lev, \u010di skuto\u010dne horsk\u00fdmi pl\u00e1\u0161\u0165ami Schwalbe Hans Dampf.<\/p>\n<div data-rows=\"1\" id='gallery-2' class='gallery-rows-1 gallery galleryid-5491 gallery-columns-3 gallery-size-full'><figure class='gallery-item'>\n\t\t\t<div class='gallery-icon landscape'>\n\t\t\t\t<a href='https:\/\/d2p6e6u75xmxt8.cloudfront.net\/4\/2018\/11\/05-2.webp'><img loading=\"lazy\" decoding=\"async\" width=\"1200\" height=\"800\" src=\"https:\/\/d2p6e6u75xmxt8.cloudfront.net\/4\/2018\/11\/05-2.webp\" class=\"attachment-full size-full\" alt=\"\" srcset=\"https:\/\/d2p6e6u75xmxt8.cloudfront.net\/4\/2018\/11\/05-2.webp 1200w, https:\/\/d2p6e6u75xmxt8.cloudfront.net\/4\/2018\/11\/05-2-300x200.webp 300w, https:\/\/d2p6e6u75xmxt8.cloudfront.net\/4\/2018\/11\/05-2-1024x683.webp 1024w, https:\/\/d2p6e6u75xmxt8.cloudfront.net\/4\/2018\/11\/05-2-768x512.webp 768w, https:\/\/d2p6e6u75xmxt8.cloudfront.net\/4\/2018\/11\/05-2-272x182.webp 272w\" sizes=\"auto, (max-width: 1200px) 100vw, 1200px\" \/><\/a>\n\t\t\t<\/div><\/figure><figure class='gallery-item'>\n\t\t\t<div class='gallery-icon landscape'>\n\t\t\t\t<a href='https:\/\/d2p6e6u75xmxt8.cloudfront.net\/4\/2018\/11\/11.webp'><img loading=\"lazy\" decoding=\"async\" width=\"1200\" height=\"800\" src=\"https:\/\/d2p6e6u75xmxt8.cloudfront.net\/4\/2018\/11\/11.webp\" class=\"attachment-full size-full\" alt=\"\" srcset=\"https:\/\/d2p6e6u75xmxt8.cloudfront.net\/4\/2018\/11\/11.webp 1200w, https:\/\/d2p6e6u75xmxt8.cloudfront.net\/4\/2018\/11\/11-300x200.webp 300w, https:\/\/d2p6e6u75xmxt8.cloudfront.net\/4\/2018\/11\/11-1024x683.webp 1024w, https:\/\/d2p6e6u75xmxt8.cloudfront.net\/4\/2018\/11\/11-768x512.webp 768w, https:\/\/d2p6e6u75xmxt8.cloudfront.net\/4\/2018\/11\/11-272x182.webp 272w\" sizes=\"auto, (max-width: 1200px) 100vw, 1200px\" \/><\/a>\n\t\t\t<\/div><\/figure><figure class='gallery-item'>\n\t\t\t<div class='gallery-icon landscape'>\n\t\t\t\t<a href='https:\/\/d2p6e6u75xmxt8.cloudfront.net\/4\/2018\/11\/15.webp'><img loading=\"lazy\" decoding=\"async\" width=\"1200\" height=\"800\" src=\"https:\/\/d2p6e6u75xmxt8.cloudfront.net\/4\/2018\/11\/15.webp\" class=\"attachment-full size-full\" alt=\"\" srcset=\"https:\/\/d2p6e6u75xmxt8.cloudfront.net\/4\/2018\/11\/15.webp 1200w, https:\/\/d2p6e6u75xmxt8.cloudfront.net\/4\/2018\/11\/15-300x200.webp 300w, https:\/\/d2p6e6u75xmxt8.cloudfront.net\/4\/2018\/11\/15-1024x683.webp 1024w, https:\/\/d2p6e6u75xmxt8.cloudfront.net\/4\/2018\/11\/15-768x512.webp 768w, https:\/\/d2p6e6u75xmxt8.cloudfront.net\/4\/2018\/11\/15-272x182.webp 272w\" sizes=\"auto, (max-width: 1200px) 100vw, 1200px\" \/><\/a>\n\t\t\t<\/div><\/figure>\n\t\t<\/div>\n        \n<p><strong>Pre \u017eeny je ur\u010den\u00fd model Tayen<\/strong>, dod\u00e1van\u00fd vo ve\u013ekostiach lep\u0161ie padn\u00facich \u017eenskej fyziogn\u00f3mii tela.<\/p>\n<p><a href=\"https:\/\/d2p6e6u75xmxt8.cloudfront.net\/4\/2018\/11\/06-1.jpg\"><img loading=\"lazy\" decoding=\"async\" class=\"alignnone size-full wp-image-5499\" src=\"https:\/\/d2p6e6u75xmxt8.cloudfront.net\/4\/2018\/11\/06-1.jpg\" alt=\"\" width=\"1200\" height=\"800\" \/><\/a><\/p>\n<p>Dostupnos\u0165 bicyklov sa ud\u00e1va na <strong>marec 2019<\/strong>. Do tej doby m\u00e1te mno\u017estvo \u010dasu, aby ste si premysleli, \u010di si zvol\u00edte tak\u00fato raketu, alebo sa chlapsky spo\u013eahnete na svoje vlastn\u00e9 sily.<\/p>\n<p>Viac inform\u00e1cii n\u00e1jdete na str\u00e1nke <a  target=\"_blank\"href=\"http:\/\/www.kellysbike.com\" target=\"_blank\" rel=\"noopener\">kellysbike.com<\/a>.<\/p>\n<div data-rows=\"1\" id='gallery-3' class='gallery-rows-1 gallery galleryid-5491 gallery-columns-2 gallery-size-full'><figure class='gallery-item'>\n\t\t\t<div class='gallery-icon landscape'>\n\t\t\t\t<a href='https:\/\/d2p6e6u75xmxt8.cloudfront.net\/4\/2018\/11\/16.webp'><img loading=\"lazy\" decoding=\"async\" width=\"1200\" height=\"800\" src=\"https:\/\/d2p6e6u75xmxt8.cloudfront.net\/4\/2018\/11\/16.webp\" class=\"attachment-full size-full\" alt=\"\" srcset=\"https:\/\/d2p6e6u75xmxt8.cloudfront.net\/4\/2018\/11\/16.webp 1200w, https:\/\/d2p6e6u75xmxt8.cloudfront.net\/4\/2018\/11\/16-300x200.webp 300w, https:\/\/d2p6e6u75xmxt8.cloudfront.net\/4\/2018\/11\/16-1024x683.webp 1024w, https:\/\/d2p6e6u75xmxt8.cloudfront.net\/4\/2018\/11\/16-768x512.webp 768w, https:\/\/d2p6e6u75xmxt8.cloudfront.net\/4\/2018\/11\/16-272x182.webp 272w\" sizes=\"auto, (max-width: 1200px) 100vw, 1200px\" \/><\/a>\n\t\t\t<\/div><\/figure><figure class='gallery-item'>\n\t\t\t<div class='gallery-icon landscape'>\n\t\t\t\t<a href='https:\/\/d2p6e6u75xmxt8.cloudfront.net\/4\/2018\/11\/28.webp'><img loading=\"lazy\" decoding=\"async\" width=\"1200\" height=\"800\" src=\"https:\/\/d2p6e6u75xmxt8.cloudfront.net\/4\/2018\/11\/28.webp\" class=\"attachment-full size-full\" alt=\"\" srcset=\"https:\/\/d2p6e6u75xmxt8.cloudfront.net\/4\/2018\/11\/28.webp 1200w, https:\/\/d2p6e6u75xmxt8.cloudfront.net\/4\/2018\/11\/28-300x200.webp 300w, https:\/\/d2p6e6u75xmxt8.cloudfront.net\/4\/2018\/11\/28-1024x683.webp 1024w, https:\/\/d2p6e6u75xmxt8.cloudfront.net\/4\/2018\/11\/28-768x512.webp 768w, https:\/\/d2p6e6u75xmxt8.cloudfront.net\/4\/2018\/11\/28-272x182.webp 272w\" sizes=\"auto, (max-width: 1200px) 100vw, 1200px\" \/><\/a>\n\t\t\t<\/div><\/figure>\n\t\t<\/div>\n        \n","protected":false},"excerpt":{"rendered":"<p>Trend elektrobicyklov sa nezastavite\u013ene roz\u0161iruje a s n\u00edm sa zvy\u0161uj\u00fa aj mo\u017enosti motorov alebo, ako je to v tomto pr\u00edpade, [&hellip;]<\/p>\n","protected":false},"author":38,"featured_media":5493,"comment_status":"open","ping_status":"open","sticky":false,"template":"","format":"standard","meta":{"footnotes":""},"categories":[3],"tags":[558,693,261,691,180,241,692,412,600,257,256,694,475],"global-categories":[],"class_list":["post-5491","post","type-post","status-publish","format-standard","has-post-thumbnail","hentry","category-mtb","tag-558","tag-bateria","tag-ebike","tag-elektrobicykel","tag-horska-cyklistika","tag-kellys","tag-motor","tag-mtb","tag-muzi","tag-novinky","tag-sezona","tag-shimano-steps","tag-zeny"],"yoast_head":"<!-- This site is optimized with the Yoast SEO Premium plugin v25.3 (Yoast SEO v25.9) - https:\/\/yoast.com\/wordpress\/plugins\/seo\/ -->\n<title>E-bike Kellys Tygon \u2013 hardtail roku 2019 s najv\u00e4\u010d\u0161ou bat\u00e9riou - \u0160koda We Love Cycling Slovensko<\/title>\n<meta name=\"robots\" content=\"index, follow, max-snippet:-1, max-image-preview:large, max-video-preview:-1\" \/>\n<link rel=\"canonical\" href=\"https:\/\/www.welovecycling.com\/sk\/2018\/11\/26\/e-bike-kellys-tygon-hardtail-roku-2019-s-najvacsou-bateriou\/\" \/>\n<meta property=\"og:locale\" content=\"sk_SK\" \/>\n<meta property=\"og:type\" content=\"article\" \/>\n<meta property=\"og:title\" content=\"E-bike Kellys Tygon \u2013 hardtail roku 2019 s najv\u00e4\u010d\u0161ou bat\u00e9riou\" \/>\n<meta property=\"og:description\" content=\"Trend elektrobicyklov sa nezastavite\u013ene roz\u0161iruje a s n\u00edm sa zvy\u0161uj\u00fa aj mo\u017enosti motorov alebo, ako je to v tomto pr\u00edpade, [&hellip;]\" \/>\n<meta property=\"og:url\" content=\"https:\/\/www.welovecycling.com\/sk\/2018\/11\/26\/e-bike-kellys-tygon-hardtail-roku-2019-s-najvacsou-bateriou\/\" \/>\n<meta property=\"og:site_name\" content=\"\u0160koda We Love Cycling Slovensko\" \/>\n<meta property=\"article:published_time\" content=\"2018-11-26T11:30:38+00:00\" \/>\n<meta property=\"og:image\" content=\"https:\/\/d2p6e6u75xmxt8.cloudfront.net\/4\/2018\/11\/00-1.webp\" \/>\n\t<meta property=\"og:image:width\" content=\"1380\" \/>\n\t<meta property=\"og:image:height\" content=\"600\" \/>\n\t<meta property=\"og:image:type\" content=\"image\/webp\" \/>\n<meta name=\"author\" content=\"Ondrej Ga\u0161par\" \/>\n<meta name=\"twitter:card\" content=\"summary_large_image\" \/>\n<meta name=\"twitter:label1\" content=\"Written by\" \/>\n\t<meta name=\"twitter:data1\" content=\"We Love Cycling\" \/>\n\t<meta name=\"twitter:label2\" content=\"Est. reading time\" \/>\n\t<meta name=\"twitter:data2\" content=\"4\" \/>\n<script type=\"application\/ld+json\" class=\"yoast-schema-graph\">{\"@context\":\"https:\/\/schema.org\",\"@graph\":[{\"@type\":\"WebPage\",\"@id\":\"https:\/\/www.welovecycling.com\/sk\/2018\/11\/26\/e-bike-kellys-tygon-hardtail-roku-2019-s-najvacsou-bateriou\/\",\"url\":\"https:\/\/www.welovecycling.com\/sk\/2018\/11\/26\/e-bike-kellys-tygon-hardtail-roku-2019-s-najvacsou-bateriou\/\",\"name\":\"E-bike Kellys Tygon \u2013 hardtail roku 2019 s najv\u00e4\u010d\u0161ou bat\u00e9riou - \u0160koda We Love Cycling Slovensko\",\"isPartOf\":{\"@id\":\"https:\/\/www.welovecycling.com\/sk\/#website\"},\"primaryImageOfPage\":{\"@id\":\"https:\/\/www.welovecycling.com\/sk\/2018\/11\/26\/e-bike-kellys-tygon-hardtail-roku-2019-s-najvacsou-bateriou\/#primaryimage\"},\"image\":{\"@id\":\"https:\/\/www.welovecycling.com\/sk\/2018\/11\/26\/e-bike-kellys-tygon-hardtail-roku-2019-s-najvacsou-bateriou\/#primaryimage\"},\"thumbnailUrl\":\"https:\/\/d2p6e6u75xmxt8.cloudfront.net\/4\/2018\/11\/00-1.webp\",\"datePublished\":\"2018-11-26T11:30:38+00:00\",\"author\":{\"@id\":\"https:\/\/www.welovecycling.com\/sk\/#\/schema\/person\/8ee09ba39b7e25b1870160aa5b3a89bc\"},\"breadcrumb\":{\"@id\":\"https:\/\/www.welovecycling.com\/sk\/2018\/11\/26\/e-bike-kellys-tygon-hardtail-roku-2019-s-najvacsou-bateriou\/#breadcrumb\"},\"inLanguage\":\"sk-SK\",\"potentialAction\":[{\"@type\":\"ReadAction\",\"target\":[\"https:\/\/www.welovecycling.com\/sk\/2018\/11\/26\/e-bike-kellys-tygon-hardtail-roku-2019-s-najvacsou-bateriou\/\"]}]},{\"@type\":\"ImageObject\",\"inLanguage\":\"sk-SK\",\"@id\":\"https:\/\/www.welovecycling.com\/sk\/2018\/11\/26\/e-bike-kellys-tygon-hardtail-roku-2019-s-najvacsou-bateriou\/#primaryimage\",\"url\":\"https:\/\/d2p6e6u75xmxt8.cloudfront.net\/4\/2018\/11\/00-1.webp\",\"contentUrl\":\"https:\/\/d2p6e6u75xmxt8.cloudfront.net\/4\/2018\/11\/00-1.webp\",\"width\":1380,\"height\":600},{\"@type\":\"BreadcrumbList\",\"@id\":\"https:\/\/www.welovecycling.com\/sk\/2018\/11\/26\/e-bike-kellys-tygon-hardtail-roku-2019-s-najvacsou-bateriou\/#breadcrumb\",\"itemListElement\":[{\"@type\":\"ListItem\",\"position\":1,\"name\":\"Home\",\"item\":\"https:\/\/www.welovecycling.com\/sk\/\"},{\"@type\":\"ListItem\",\"position\":2,\"name\":\"E-bike Kellys Tygon \u2013 hardtail roku 2019 s najv\u00e4\u010d\u0161ou bat\u00e9riou\"}]},{\"@type\":\"WebSite\",\"@id\":\"https:\/\/www.welovecycling.com\/sk\/#website\",\"url\":\"https:\/\/www.welovecycling.com\/sk\/\",\"name\":\"\u0160koda We Love Cycling Slovensko\",\"description\":\"\u0160koda We Love Cycling Slovensko je v\u00e1\u0161 ka\u017edodenn\u00fd zdroj noviniek a in\u0161pir\u00e1cie z sveta cyklistiky\",\"potentialAction\":[{\"@type\":\"SearchAction\",\"target\":{\"@type\":\"EntryPoint\",\"urlTemplate\":\"https:\/\/www.welovecycling.com\/sk\/?s={search_term_string}\"},\"query-input\":{\"@type\":\"PropertyValueSpecification\",\"valueRequired\":true,\"valueName\":\"search_term_string\"}}],\"inLanguage\":\"sk-SK\"},{\"@type\":\"Person\",\"@id\":\"https:\/\/www.welovecycling.com\/sk\/#\/schema\/person\/8ee09ba39b7e25b1870160aa5b3a89bc\",\"name\":\"Ondrej Ga\u0161par\",\"image\":{\"@type\":\"ImageObject\",\"inLanguage\":\"sk-SK\",\"@id\":\"https:\/\/www.welovecycling.com\/sk\/#\/schema\/person\/image\/\",\"url\":\"https:\/\/secure.gravatar.com\/avatar\/6126c9afb87b70da5abbb083ddbb21933da15f18f8ca7cb822aba0fb096a48f6?s=96&d=mm&r=g\",\"contentUrl\":\"https:\/\/secure.gravatar.com\/avatar\/6126c9afb87b70da5abbb083ddbb21933da15f18f8ca7cb822aba0fb096a48f6?s=96&d=mm&r=g\",\"caption\":\"Ondrej Ga\u0161par\"},\"url\":\"https:\/\/www.welovecycling.com\/sk\/author\/ondrejgaspar\/\"}]}<\/script>\n<!-- \/ Yoast SEO Premium plugin. -->","yoast_head_json":{"title":"E-bike Kellys Tygon \u2013 hardtail roku 2019 s najv\u00e4\u010d\u0161ou bat\u00e9riou - \u0160koda We Love Cycling Slovensko","robots":{"index":"index","follow":"follow","max-snippet":"max-snippet:-1","max-image-preview":"max-image-preview:large","max-video-preview":"max-video-preview:-1"},"canonical":"https:\/\/www.welovecycling.com\/sk\/2018\/11\/26\/e-bike-kellys-tygon-hardtail-roku-2019-s-najvacsou-bateriou\/","og_locale":"sk_SK","og_type":"article","og_title":"E-bike Kellys Tygon \u2013 hardtail roku 2019 s najv\u00e4\u010d\u0161ou bat\u00e9riou","og_description":"Trend elektrobicyklov sa nezastavite\u013ene roz\u0161iruje a s n\u00edm sa zvy\u0161uj\u00fa aj mo\u017enosti motorov alebo, ako je to v tomto pr\u00edpade, [&hellip;]","og_url":"https:\/\/www.welovecycling.com\/sk\/2018\/11\/26\/e-bike-kellys-tygon-hardtail-roku-2019-s-najvacsou-bateriou\/","og_site_name":"\u0160koda We Love Cycling Slovensko","article_published_time":"2018-11-26T11:30:38+00:00","og_image":[{"width":1380,"height":600,"url":"https:\/\/d2p6e6u75xmxt8.cloudfront.net\/4\/2018\/11\/00-1.webp","type":"image\/webp"}],"author":"Ondrej Ga\u0161par","twitter_card":"summary_large_image","twitter_misc":{"Written by":"We Love Cycling","Est. reading time":"4"},"schema":{"@context":"https:\/\/schema.org","@graph":[{"@type":"WebPage","@id":"https:\/\/www.welovecycling.com\/sk\/2018\/11\/26\/e-bike-kellys-tygon-hardtail-roku-2019-s-najvacsou-bateriou\/","url":"https:\/\/www.welovecycling.com\/sk\/2018\/11\/26\/e-bike-kellys-tygon-hardtail-roku-2019-s-najvacsou-bateriou\/","name":"E-bike Kellys Tygon \u2013 hardtail roku 2019 s najv\u00e4\u010d\u0161ou bat\u00e9riou - \u0160koda We Love Cycling Slovensko","isPartOf":{"@id":"https:\/\/www.welovecycling.com\/sk\/#website"},"primaryImageOfPage":{"@id":"https:\/\/www.welovecycling.com\/sk\/2018\/11\/26\/e-bike-kellys-tygon-hardtail-roku-2019-s-najvacsou-bateriou\/#primaryimage"},"image":{"@id":"https:\/\/www.welovecycling.com\/sk\/2018\/11\/26\/e-bike-kellys-tygon-hardtail-roku-2019-s-najvacsou-bateriou\/#primaryimage"},"thumbnailUrl":"https:\/\/d2p6e6u75xmxt8.cloudfront.net\/4\/2018\/11\/00-1.webp","datePublished":"2018-11-26T11:30:38+00:00","author":{"@id":"https:\/\/www.welovecycling.com\/sk\/#\/schema\/person\/8ee09ba39b7e25b1870160aa5b3a89bc"},"breadcrumb":{"@id":"https:\/\/www.welovecycling.com\/sk\/2018\/11\/26\/e-bike-kellys-tygon-hardtail-roku-2019-s-najvacsou-bateriou\/#breadcrumb"},"inLanguage":"sk-SK","potentialAction":[{"@type":"ReadAction","target":["https:\/\/www.welovecycling.com\/sk\/2018\/11\/26\/e-bike-kellys-tygon-hardtail-roku-2019-s-najvacsou-bateriou\/"]}]},{"@type":"ImageObject","inLanguage":"sk-SK","@id":"https:\/\/www.welovecycling.com\/sk\/2018\/11\/26\/e-bike-kellys-tygon-hardtail-roku-2019-s-najvacsou-bateriou\/#primaryimage","url":"https:\/\/d2p6e6u75xmxt8.cloudfront.net\/4\/2018\/11\/00-1.webp","contentUrl":"https:\/\/d2p6e6u75xmxt8.cloudfront.net\/4\/2018\/11\/00-1.webp","width":1380,"height":600},{"@type":"BreadcrumbList","@id":"https:\/\/www.welovecycling.com\/sk\/2018\/11\/26\/e-bike-kellys-tygon-hardtail-roku-2019-s-najvacsou-bateriou\/#breadcrumb","itemListElement":[{"@type":"ListItem","position":1,"name":"Home","item":"https:\/\/www.welovecycling.com\/sk\/"},{"@type":"ListItem","position":2,"name":"E-bike Kellys Tygon \u2013 hardtail roku 2019 s najv\u00e4\u010d\u0161ou bat\u00e9riou"}]},{"@type":"WebSite","@id":"https:\/\/www.welovecycling.com\/sk\/#website","url":"https:\/\/www.welovecycling.com\/sk\/","name":"\u0160koda We Love Cycling Slovensko","description":"\u0160koda We Love Cycling Slovensko je v\u00e1\u0161 ka\u017edodenn\u00fd zdroj noviniek a in\u0161pir\u00e1cie z sveta cyklistiky","potentialAction":[{"@type":"SearchAction","target":{"@type":"EntryPoint","urlTemplate":"https:\/\/www.welovecycling.com\/sk\/?s={search_term_string}"},"query-input":{"@type":"PropertyValueSpecification","valueRequired":true,"valueName":"search_term_string"}}],"inLanguage":"sk-SK"},{"@type":"Person","@id":"https:\/\/www.welovecycling.com\/sk\/#\/schema\/person\/8ee09ba39b7e25b1870160aa5b3a89bc","name":"Ondrej Ga\u0161par","image":{"@type":"ImageObject","inLanguage":"sk-SK","@id":"https:\/\/www.welovecycling.com\/sk\/#\/schema\/person\/image\/","url":"https:\/\/secure.gravatar.com\/avatar\/6126c9afb87b70da5abbb083ddbb21933da15f18f8ca7cb822aba0fb096a48f6?s=96&d=mm&r=g","contentUrl":"https:\/\/secure.gravatar.com\/avatar\/6126c9afb87b70da5abbb083ddbb21933da15f18f8ca7cb822aba0fb096a48f6?s=96&d=mm&r=g","caption":"Ondrej Ga\u0161par"},"url":"https:\/\/www.welovecycling.com\/sk\/author\/ondrejgaspar\/"}]}},"_links":{"self":[{"href":"https:\/\/www.welovecycling.com\/sk\/wp-json\/wp\/v2\/posts\/5491","targetHints":{"allow":["GET"]}}],"collection":[{"href":"https:\/\/www.welovecycling.com\/sk\/wp-json\/wp\/v2\/posts"}],"about":[{"href":"https:\/\/www.welovecycling.com\/sk\/wp-json\/wp\/v2\/types\/post"}],"author":[{"embeddable":true,"href":"https:\/\/www.welovecycling.com\/sk\/wp-json\/wp\/v2\/users\/38"}],"replies":[{"embeddable":true,"href":"https:\/\/www.welovecycling.com\/sk\/wp-json\/wp\/v2\/comments?post=5491"}],"version-history":[{"count":2,"href":"https:\/\/www.welovecycling.com\/sk\/wp-json\/wp\/v2\/posts\/5491\/revisions"}],"predecessor-version":[{"id":5554,"href":"https:\/\/www.welovecycling.com\/sk\/wp-json\/wp\/v2\/posts\/5491\/revisions\/5554"}],"wp:featuredmedia":[{"embeddable":true,"href":"https:\/\/www.welovecycling.com\/sk\/wp-json\/wp\/v2\/media\/5493"}],"wp:attachment":[{"href":"https:\/\/www.welovecycling.com\/sk\/wp-json\/wp\/v2\/media?parent=5491"}],"wp:term":[{"taxonomy":"category","embeddable":true,"href":"https:\/\/www.welovecycling.com\/sk\/wp-json\/wp\/v2\/categories?post=5491"},{"taxonomy":"post_tag","embeddable":true,"href":"https:\/\/www.welovecycling.com\/sk\/wp-json\/wp\/v2\/tags?post=5491"},{"taxonomy":"global-categories","embeddable":true,"href":"https:\/\/www.welovecycling.com\/sk\/wp-json\/wp\/v2\/global-categories?post=5491"}],"curies":[{"name":"wp","href":"https:\/\/api.w.org\/{rel}","templated":true}]}}