{"id":5470,"date":"2018-12-23T11:00:35","date_gmt":"2018-12-23T10:00:35","guid":{"rendered":"https:\/\/www.welovecycling.com\/sk\/?p=5470"},"modified":"2019-02-13T14:59:28","modified_gmt":"2019-02-13T13:59:28","slug":"podtatranska-trailovacka","status":"publish","type":"post","link":"https:\/\/www.welovecycling.com\/sk\/2018\/12\/23\/podtatranska-trailovacka\/","title":{"rendered":"Podtatransk\u00e1 trailova\u010dka"},"content":{"rendered":"<p><strong>Ke\u010f sa povie slovo Tatry, zjavia sa n\u00e1m vysok\u00e9 kon\u010diare a kr\u00e1sne pe\u0161ie t\u00fary. A\u017e na p\u00e1r v\u00fdnimiek, je na horsk\u00fd bike v na\u0161ich ve\u013ehor\u00e1ch st\u00e1le m\u00e1lo vhodn\u00fdch a povolen\u00fdch trailov. Pozrime sa ale z tatransk\u00fdch kon\u010diarov smerom na ju\u017en\u00e9, men\u0161ie pohorie Kozie chrbty.<\/strong><!--more--><\/p>\n<p>Tiahne sa od N\u00edzkych Tatier pri obci Kr\u00e1\u013eova Lehota a\u017e po J\u00e1novce v bl\u00edzkosti Slovensk\u00e9ho raja s najvy\u0161\u0161\u00edm vrcholom Koz\u00ed kame\u0148 (1 255 m n.m.). Zauj\u00edmavos\u0165ou tohto pohoria je jeho r\u00f4znorodos\u0165. Na jeho ju\u017en\u00fdch svahoch n\u00e1jdete dubov\u00e9 lesy, na vrcholoch a severnej strane zase smrekov\u00e9 a v okol\u00ed Svitu borovicov\u00e9 lesy. A pr\u00e1ve toto pohorie pon\u00faka v\u00fdborn\u00e9 podmienky na MTB vy\u017eitie. Nahliadneme teda na dvoch koles\u00e1ch do jeho najkraj\u0161\u00edch z\u00e1kut\u00ed.<\/p>\n<p><a href=\"https:\/\/d2p6e6u75xmxt8.cloudfront.net\/4\/2018\/11\/Obr.02.jpg\"><img loading=\"lazy\" decoding=\"async\" src=\"https:\/\/d2p6e6u75xmxt8.cloudfront.net\/4\/2018\/11\/Obr.02.jpg\" alt=\"\" width=\"1200\" height=\"800\" class=\"alignnone size-full wp-image-5472\" \/><\/a><\/p>\n<h2><strong>Koz\u00ed kame\u0148 &#8211; v\u00fdzva za v\u00fdh\u013eadmi<\/strong><\/h2>\n<p>Nach\u00e1dza sa <strong>v lokalite Lopu\u0161n\u00e1 dolina pri meste\u010dku <a href=\"https:\/\/www.welovecycling.com\/sk\/2018\/08\/22\/svit-mesto-obklopene-tatrami\/\">Svit<\/a><\/strong>, ktor\u00e1 je zn\u00e1ma sk\u00f4r zimn\u00fdmi ly\u017eiarskymi svahmi. Pr\u00e1ve tu sa m\u00f4\u017eete povozi\u0165 v duchu svi\u017en\u00e9ho XC po star\u00fdch zna\u010den\u00fdch asfaltk\u00e1ch a \u0161otolin\u00e1ch s miernym prev\u00fd\u0161en\u00edm smerom na Vikartovce alebo sa dr\u017ea\u0165 v\u013eavo a poza pohorie Baba zase na Spi\u0161sk\u00fa Teplicu. Pokia\u013e sa neboj\u00edte sk\u00fasi\u0165 nie\u010do poriadne a technickej\u0161ie, tak m\u00f4\u017eete vyst\u00fapa\u0165 na najvy\u0161\u0161\u00ed vrch Koz\u00ed kame\u0148, odkia\u013e je par\u00e1dny v\u00fdh\u013ead na na\u0161e ve\u013ehory. Trasa za\u010d\u00edna vo Svite, kde sa po zelenej zna\u010dke dostanete do Lopu\u0161nej doliny k r\u00e1zcestiu so \u017eltou zna\u010dkou.<\/p>\n<p>Tu s\u00fa dve mo\u017enosti &#8211; \u017eltou pokra\u010dova\u0165 miernej\u0161\u00edm st\u00fapan\u00edm, ale dlh\u0161ie dookola rovno a potom ostro do\u013eava na zelen\u00fa, alebo do\u013eava a dr\u017ea\u0165 sa zelenej. T\u00e1 sa po chv\u00edli zmen\u00ed na st\u00fapav\u00fa po\u013en\u00fa cestu. Obe cesty n\u00e1s dostan\u00fa do jedn\u00e9ho bodu &#8211; sedlo Tabli\u010dky. Odtia\u013e je to modrou zna\u010dkou s\u00edce na vrchol Kozieho kame\u0148a len k\u00fasok, ale prudk\u00fd ter\u00e9n v\u00e1s don\u00fati trochu potla\u010di\u0165, pr\u00edpadne vynies\u0165. Zo Svitu je to druhou trasou <strong>zhruba 12,5 km<\/strong>. Na vrchole je ohnisko so seden\u00edm, kde sa d\u00e1 v pr\u00edpade chute opiec\u0165.<\/p>\n<div data-rows=\"1\" id='gallery-1' class='gallery-rows-1 gallery galleryid-5470 gallery-columns-3 gallery-size-full'><figure class='gallery-item'>\n\t\t\t<div class='gallery-icon landscape'>\n\t\t\t\t<a href='https:\/\/d2p6e6u75xmxt8.cloudfront.net\/4\/2018\/11\/Obr.03.webp'><img loading=\"lazy\" decoding=\"async\" width=\"1200\" height=\"800\" src=\"https:\/\/d2p6e6u75xmxt8.cloudfront.net\/4\/2018\/11\/Obr.03.webp\" class=\"attachment-full size-full\" alt=\"\" srcset=\"https:\/\/d2p6e6u75xmxt8.cloudfront.net\/4\/2018\/11\/Obr.03.webp 1200w, https:\/\/d2p6e6u75xmxt8.cloudfront.net\/4\/2018\/11\/Obr.03-300x200.webp 300w, https:\/\/d2p6e6u75xmxt8.cloudfront.net\/4\/2018\/11\/Obr.03-1024x683.webp 1024w, https:\/\/d2p6e6u75xmxt8.cloudfront.net\/4\/2018\/11\/Obr.03-768x512.webp 768w, https:\/\/d2p6e6u75xmxt8.cloudfront.net\/4\/2018\/11\/Obr.03-272x182.webp 272w\" sizes=\"auto, (max-width: 1200px) 100vw, 1200px\" \/><\/a>\n\t\t\t<\/div><\/figure><figure class='gallery-item'>\n\t\t\t<div class='gallery-icon landscape'>\n\t\t\t\t<a href='https:\/\/d2p6e6u75xmxt8.cloudfront.net\/4\/2018\/11\/Obr.04.webp'><img loading=\"lazy\" decoding=\"async\" width=\"1200\" height=\"800\" src=\"https:\/\/d2p6e6u75xmxt8.cloudfront.net\/4\/2018\/11\/Obr.04.webp\" class=\"attachment-full size-full\" alt=\"\" srcset=\"https:\/\/d2p6e6u75xmxt8.cloudfront.net\/4\/2018\/11\/Obr.04.webp 1200w, https:\/\/d2p6e6u75xmxt8.cloudfront.net\/4\/2018\/11\/Obr.04-300x200.webp 300w, https:\/\/d2p6e6u75xmxt8.cloudfront.net\/4\/2018\/11\/Obr.04-1024x683.webp 1024w, https:\/\/d2p6e6u75xmxt8.cloudfront.net\/4\/2018\/11\/Obr.04-768x512.webp 768w, https:\/\/d2p6e6u75xmxt8.cloudfront.net\/4\/2018\/11\/Obr.04-272x182.webp 272w\" sizes=\"auto, (max-width: 1200px) 100vw, 1200px\" \/><\/a>\n\t\t\t<\/div><\/figure><figure class='gallery-item'>\n\t\t\t<div class='gallery-icon landscape'>\n\t\t\t\t<a href='https:\/\/d2p6e6u75xmxt8.cloudfront.net\/4\/2018\/11\/Obr.05.webp'><img loading=\"lazy\" decoding=\"async\" width=\"1200\" height=\"800\" src=\"https:\/\/d2p6e6u75xmxt8.cloudfront.net\/4\/2018\/11\/Obr.05.webp\" class=\"attachment-full size-full\" alt=\"\" srcset=\"https:\/\/d2p6e6u75xmxt8.cloudfront.net\/4\/2018\/11\/Obr.05.webp 1200w, https:\/\/d2p6e6u75xmxt8.cloudfront.net\/4\/2018\/11\/Obr.05-300x200.webp 300w, https:\/\/d2p6e6u75xmxt8.cloudfront.net\/4\/2018\/11\/Obr.05-1024x683.webp 1024w, https:\/\/d2p6e6u75xmxt8.cloudfront.net\/4\/2018\/11\/Obr.05-768x512.webp 768w, https:\/\/d2p6e6u75xmxt8.cloudfront.net\/4\/2018\/11\/Obr.05-272x182.webp 272w\" sizes=\"auto, (max-width: 1200px) 100vw, 1200px\" \/><\/a>\n\t\t\t<\/div><\/figure>\n\t\t<\/div>\n        \n<p>Dole sa pokra\u010duje modrou zna\u010dkou technick\u00fdm a prud\u0161\u00edm zjazd\u00edkom do sedla a \u010falej pekn\u00fdm chodn\u00ed\u010dkom cez \u010darovn\u00fd les\u00edk, chv\u00ed\u013eu po hrebeni a po\u013e\u0148a\u010dkou zozjazdova\u0165 do doliny pri chate V\u00e1penica. Tam sa napoj\u00edte na lesn\u00fa asfaltku, ktor\u00e1 vedie vpravo do Spi\u0161skej Teplice alebo do\u013eava sp\u00e4\u0165 do Lopu\u0161nej doliny.<\/p>\n<div data-rows=\"1\" id='gallery-2' class='gallery-rows-1 gallery galleryid-5470 gallery-columns-2 gallery-size-full'><figure class='gallery-item'>\n\t\t\t<div class='gallery-icon landscape'>\n\t\t\t\t<a href='https:\/\/d2p6e6u75xmxt8.cloudfront.net\/4\/2018\/11\/Obr.06.webp'><img loading=\"lazy\" decoding=\"async\" width=\"1200\" height=\"800\" src=\"https:\/\/d2p6e6u75xmxt8.cloudfront.net\/4\/2018\/11\/Obr.06.webp\" class=\"attachment-full size-full\" alt=\"\" srcset=\"https:\/\/d2p6e6u75xmxt8.cloudfront.net\/4\/2018\/11\/Obr.06.webp 1200w, https:\/\/d2p6e6u75xmxt8.cloudfront.net\/4\/2018\/11\/Obr.06-300x200.webp 300w, https:\/\/d2p6e6u75xmxt8.cloudfront.net\/4\/2018\/11\/Obr.06-1024x683.webp 1024w, https:\/\/d2p6e6u75xmxt8.cloudfront.net\/4\/2018\/11\/Obr.06-768x512.webp 768w, https:\/\/d2p6e6u75xmxt8.cloudfront.net\/4\/2018\/11\/Obr.06-272x182.webp 272w\" sizes=\"auto, (max-width: 1200px) 100vw, 1200px\" \/><\/a>\n\t\t\t<\/div><\/figure><figure class='gallery-item'>\n\t\t\t<div class='gallery-icon landscape'>\n\t\t\t\t<a href='https:\/\/d2p6e6u75xmxt8.cloudfront.net\/4\/2018\/11\/Obr.07.webp'><img loading=\"lazy\" decoding=\"async\" width=\"1200\" height=\"800\" src=\"https:\/\/d2p6e6u75xmxt8.cloudfront.net\/4\/2018\/11\/Obr.07.webp\" class=\"attachment-full size-full\" alt=\"\" srcset=\"https:\/\/d2p6e6u75xmxt8.cloudfront.net\/4\/2018\/11\/Obr.07.webp 1200w, https:\/\/d2p6e6u75xmxt8.cloudfront.net\/4\/2018\/11\/Obr.07-300x200.webp 300w, https:\/\/d2p6e6u75xmxt8.cloudfront.net\/4\/2018\/11\/Obr.07-1024x683.webp 1024w, https:\/\/d2p6e6u75xmxt8.cloudfront.net\/4\/2018\/11\/Obr.07-768x512.webp 768w, https:\/\/d2p6e6u75xmxt8.cloudfront.net\/4\/2018\/11\/Obr.07-272x182.webp 272w\" sizes=\"auto, (max-width: 1200px) 100vw, 1200px\" \/><\/a>\n\t\t\t<\/div><\/figure>\n\t\t<\/div>\n        \n<h2><strong>Vyjazdite sa dos\u00fdta na singloch na Babe<\/strong><\/h2>\n<p>Druh\u00e1 \u010das\u0165 je Baba, kde sa d\u00e1 napoji\u0165 po ukon\u010den\u00ed trasy z Kozieho kame\u0148a. Kv\u00f4li bl\u00edzkosti pri Svite, n\u00e1jdete v okol\u00ed Baby sple\u0165 pekn\u00fdch singletrackov preva\u017ene na podklade borovicov\u00fdch ihli\u010diek, na ktor\u00fdch sa d\u00e1 jazdi\u0165 prakticky celoro\u010dne. Po hrebeni v\u00e1s z Lopu\u0161nej doliny prevedie n\u00e1u\u010dn\u00fd chodn\u00edk cez vrch Smoln\u00edk (995 m n.m.) a Mal\u00fd Smoln\u00edk (954 m n.m.), s ukon\u010den\u00edm priamo vo Svite. Cel\u00fd okruh, <strong>zo Svitu cez Lopu\u0161n\u00fa dolinu<\/strong> a nasp\u00e4\u0165, m\u00e1 <strong>okolo 8,5 km<\/strong>.<\/p>\n<p><a href=\"https:\/\/d2p6e6u75xmxt8.cloudfront.net\/4\/2018\/11\/Obr.08.jpg\"><img loading=\"lazy\" decoding=\"async\" src=\"https:\/\/d2p6e6u75xmxt8.cloudfront.net\/4\/2018\/11\/Obr.08.jpg\" alt=\"\" width=\"1200\" height=\"800\" class=\"alignnone size-full wp-image-5478\" \/><\/a><\/p>\n<h2><strong>Bikov\u00e9 perly za Popradom &#8211; Kvetnica a Z\u00e1m\u010disko<\/strong><\/h2>\n<p>\u010eal\u0161ou lokalitou s lep\u0161ou dostupnos\u0165ou z Popradu je okolie b\u00fdvalej k\u00fape\u013enej usadlosti Kvetnica. Z Popradu sa tu dostanete cyklistick\u00fdm chodn\u00edkom od s\u00eddliska Juh III. a\u017e k objektu strelnice pod lesom. Tu s\u00fa dve mo\u017enosti, ako \u010falej. Bu\u010f <strong>krat\u0161ia trasa<\/strong> &#8211; hne\u010f popri strelnici st\u00fapa\u0165 po\u013enou cestou na vrch Kr\u00ed\u017eov\u00e1, pod ktor\u00fdm sa napoj\u00edme na zelen\u00fa zna\u010dku. Pri tejto alternat\u00edve v\u0161ak po\u010d\u00edtajte s tla\u010den\u00edm na konci. Druh\u00e1 mo\u017enos\u0165 je <strong>dlh\u0161ia<\/strong>, ale ak m\u00e1te priemern\u00fa kondi\u010dku, tak sa d\u00e1 vyjs\u0165 v sedle bicykla a pon\u00fakne aj pekn\u00e9 v\u00fdh\u013eady na teplej\u0161iu ju\u017en\u00fa stranu pohoria. Pri strelnici sa d\u00e1te doprava a obch\u00e1dzate kopec okolo zvern\u00edka po kamennej \u0161otoline ju\u017en\u00fdm st\u00fapan\u00edm chv\u00ed\u013eu po zelenej zna\u010dke. Na r\u00e1zcest\u00ed po\u013en\u00fdch ciest nepokra\u010dujete rovno, ale do\u013eava v\u00fd\u017eivn\u00fdm st\u00fapan\u00edm smer vrch Kr\u00ed\u017eov\u00e1.<\/p>\n<p>Pod vrchom sa obe alternat\u00edvy stret\u00e1vaj\u00fa a cesta pokra\u010duje chv\u00ed\u013eu dole a zase chv\u00ed\u013eku st\u00fapa na r\u00e1zcestie n\u00e1u\u010dn\u00e9ho chodn\u00edka. Ak v\u0161ak nechcete po\u013e\u0148a\u010dkou z\u00eds\u0165 do obce Kvetnica, pokra\u010dujte rovno. Po chv\u00edli uvid\u00edte po pravej strane nen\u00e1padn\u00fa odbo\u010dku na \u017elt\u00fa turistick\u00fa zna\u010dku. Pokia\u013e m\u00e1te chu\u0165 a \u010das, m\u00f4\u017eete pokra\u010dova\u0165 rovno po ceste asi 10 min\u00fat do kop\u010deka, kde n\u00e1jdete nov\u00fa kaplnku a pr\u00edjemn\u00e9 posedenie s v\u00fdh\u013eadmi. Potom sa treba vr\u00e1ti\u0165 na spom\u00ednan\u00fa odbo\u010dku na \u017elt\u00fa zna\u010dku &#8211; par\u00e1dny singletrack zarezan\u00fd do ju\u017enej strany popod hrebe\u0148 pohoria.<\/p>\n<p><a href=\"https:\/\/d2p6e6u75xmxt8.cloudfront.net\/4\/2018\/11\/Obr.09.jpg\"><img loading=\"lazy\" decoding=\"async\" src=\"https:\/\/d2p6e6u75xmxt8.cloudfront.net\/4\/2018\/11\/Obr.09.jpg\" alt=\"\" width=\"1200\" height=\"800\" class=\"alignnone size-full wp-image-5479\" \/><\/a><\/p>\n<p>Treba si tu d\u00e1va\u0165 pozor, trail je chv\u00ed\u013eami r\u00fdchly a zvykne by\u0165 hlavne v lete pra\u0161n\u00fd a \u0161myk\u013eav\u00fd. Dovedie v\u00e1s na v\u00fdh\u013eadov\u00e9 miesto na ju\u017en\u00fa kotlinu v pozad\u00ed s pohoriami N\u00edzkych tatier a Slovensk\u00e9ho raja. Odtia\u013e do\u013eava a z\u00eddete ku hor\u00e1rni za Kvetnicou.<\/p>\n<div data-rows=\"1\" id='gallery-3' class='gallery-rows-1 gallery galleryid-5470 gallery-columns-2 gallery-size-full'><figure class='gallery-item'>\n\t\t\t<div class='gallery-icon landscape'>\n\t\t\t\t<a href='https:\/\/d2p6e6u75xmxt8.cloudfront.net\/4\/2018\/11\/Obr.10.webp'><img loading=\"lazy\" decoding=\"async\" width=\"1200\" height=\"800\" src=\"https:\/\/d2p6e6u75xmxt8.cloudfront.net\/4\/2018\/11\/Obr.10.webp\" class=\"attachment-full size-full\" alt=\"\" srcset=\"https:\/\/d2p6e6u75xmxt8.cloudfront.net\/4\/2018\/11\/Obr.10.webp 1200w, https:\/\/d2p6e6u75xmxt8.cloudfront.net\/4\/2018\/11\/Obr.10-300x200.webp 300w, https:\/\/d2p6e6u75xmxt8.cloudfront.net\/4\/2018\/11\/Obr.10-1024x683.webp 1024w, https:\/\/d2p6e6u75xmxt8.cloudfront.net\/4\/2018\/11\/Obr.10-768x512.webp 768w, https:\/\/d2p6e6u75xmxt8.cloudfront.net\/4\/2018\/11\/Obr.10-272x182.webp 272w\" sizes=\"auto, (max-width: 1200px) 100vw, 1200px\" \/><\/a>\n\t\t\t<\/div><\/figure><figure class='gallery-item'>\n\t\t\t<div class='gallery-icon landscape'>\n\t\t\t\t<a href='https:\/\/d2p6e6u75xmxt8.cloudfront.net\/4\/2018\/11\/Obr.11.webp'><img loading=\"lazy\" decoding=\"async\" width=\"1200\" height=\"800\" src=\"https:\/\/d2p6e6u75xmxt8.cloudfront.net\/4\/2018\/11\/Obr.11.webp\" class=\"attachment-full size-full\" alt=\"\" srcset=\"https:\/\/d2p6e6u75xmxt8.cloudfront.net\/4\/2018\/11\/Obr.11.webp 1200w, https:\/\/d2p6e6u75xmxt8.cloudfront.net\/4\/2018\/11\/Obr.11-300x200.webp 300w, https:\/\/d2p6e6u75xmxt8.cloudfront.net\/4\/2018\/11\/Obr.11-1024x683.webp 1024w, https:\/\/d2p6e6u75xmxt8.cloudfront.net\/4\/2018\/11\/Obr.11-768x512.webp 768w, https:\/\/d2p6e6u75xmxt8.cloudfront.net\/4\/2018\/11\/Obr.11-272x182.webp 272w\" sizes=\"auto, (max-width: 1200px) 100vw, 1200px\" \/><\/a>\n\t\t\t<\/div><\/figure>\n\t\t<\/div>\n        \n<p>A ke\u010f ste u\u017e v obci Kvetnica, bola by \u0161koda nezjazdi\u0165 susedn\u00fd vrch Z\u00e1m\u010disko, na ktorom s\u00fa pozostatky Popradsk\u00e9ho hradu. Z jeho ju\u017enej strany sa nach\u00e1dza kame\u0148olom, ktor\u00fd je oploten\u00fd, a tak pre pr\u00edstup treba \u00eds\u0165 cez obec Kvetnica. Pri panel\u00e1ku na Kvetnici st\u00fapame po zelenej n\u00e1u\u010dnej zna\u010dke najprv asfaltovou, potom \u0161otolinovou cestou. Po zhruba polhodinke st\u00fapania na v\u00e1s na vrchole \u010dak\u00e1 posedenie s ohniskom a informa\u010dnou tabu\u013eou o pozostatkoch hradu. Z tohto miesta je rovnako pekn\u00fd v\u00fdh\u013ead na Vysok\u00e9 Tatry, hrebe\u0148 Koz\u00edch chrbtov, ale aj na ju\u017en\u00fa kotlinu a\u017e na Kr\u00e1\u013eovu ho\u013eu. \u010ealej odpor\u00fa\u010dam pokra\u010dova\u0165 po zelenej zna\u010dke okolo plota na zjazd pekn\u00fdm cik-cak chodn\u00edkom cez les\u00edk, kde si nacvi\u010d\u00edte techniku oto\u010diek. A zase sme v Kvetnici.<\/p>\n<p>Tu je viac mo\u017enost\u00ed na n\u00e1vrat &#8211; zelenou zna\u010dkou cez sedlo ku Oba\u013eovni a potom cyklochodn\u00edkom na s\u00eddlisko Juh v Poprade alebo m\u00f4\u017eete zvoli\u0165 \u017elt\u00fa ponad prav\u00fa stranu cesty pekn\u00fdm singletrackom k Novej Osade. Odtia\u013e doprava a zase cyklochodn\u00edkom smer s\u00eddlisko Juh. <strong>Kvetnica so Z\u00e1m\u010diskom z a do Popradu v\u00e1s vyjde na pribli\u017ene 22 km<\/strong>.<\/p>\n<p><a href=\"https:\/\/d2p6e6u75xmxt8.cloudfront.net\/4\/2018\/11\/Obr.12.jpg\"><img loading=\"lazy\" decoding=\"async\" src=\"https:\/\/d2p6e6u75xmxt8.cloudfront.net\/4\/2018\/11\/Obr.12.jpg\" alt=\"\" width=\"1200\" height=\"800\" class=\"alignnone size-full wp-image-5482\" \/><\/a><\/p>\n<p><strong>V\u0161etky tri t\u00fary je mo\u017en\u00e9 zvl\u00e1dnu\u0165 za jeden de\u0148<\/strong>, ale v tom pr\u00edpade doporu\u010dujem vyrazi\u0165 cez dlh\u00e9 letn\u00e9 dni :-). Auto m\u00f4\u017eete necha\u0165 vo Svite, napr\u00edklad na parkovisku pri cintor\u00edne a u\u0161etr\u00edte kilometre a silu na st\u00fapanie na Koz\u00ed kame\u0148. Druh\u00e1 mo\u017enos\u0165 je v Poprade, napr\u00edklad pri Kauflande na s\u00eddlisku Juh a po cyklochodn\u00edku do Svitu &#8211; Lopu\u0161nej doliny, kde dobre rozk\u00fatite nohy asfaltov\u00fdm cyklochodn\u00edkom. Tak pr\u00edjemn\u00e9 povozenie sa a dajte n\u00e1m vedie\u0165, ako sa v\u00e1m p\u00e1\u010dilo :).<\/p>\n<p>(zdroj fotiek: martinkolba.com)<\/p>\n","protected":false},"excerpt":{"rendered":"<p>Ke\u010f sa povie slovo Tatry, zjavia sa n\u00e1m vysok\u00e9 kon\u010diare a kr\u00e1sne pe\u0161ie t\u00fary. A\u017e na p\u00e1r v\u00fdnimiek, je na [&hellip;]<\/p>\n","protected":false},"author":38,"featured_media":5483,"comment_status":"open","ping_status":"open","sticky":false,"template":"","format":"standard","meta":{"footnotes":""},"categories":[3],"tags":[619,587,448,180,532,571,412,690,465,192,239,213,237,318,172],"global-categories":[],"class_list":["post-5470","post","type-post","status-publish","format-standard","has-post-thumbnail","hentry","category-mtb","tag-bicyklovanie","tag-cyklochodnik","tag-cyklotrasy","tag-horska-cyklistika","tag-jazdenie","tag-kralova-hola","tag-mtb","tag-peter-sulgan","tag-poprad","tag-rozjazd","tag-singletrail","tag-svit","tag-trail","tag-vyjazd","tag-zjazd"],"yoast_head":"<!-- This site is optimized with the Yoast SEO Premium plugin v25.3 (Yoast SEO v25.9) - https:\/\/yoast.com\/wordpress\/plugins\/seo\/ -->\n<title>Podtatransk\u00e1 trailova\u010dka - \u0160koda We Love Cycling Slovensko<\/title>\n<meta name=\"robots\" content=\"index, follow, max-snippet:-1, max-image-preview:large, max-video-preview:-1\" \/>\n<link rel=\"canonical\" href=\"https:\/\/www.welovecycling.com\/sk\/2018\/12\/23\/podtatranska-trailovacka\/\" \/>\n<meta property=\"og:locale\" content=\"sk_SK\" \/>\n<meta property=\"og:type\" content=\"article\" \/>\n<meta property=\"og:title\" content=\"Podtatransk\u00e1 trailova\u010dka\" \/>\n<meta property=\"og:description\" content=\"Ke\u010f sa povie slovo Tatry, zjavia sa n\u00e1m vysok\u00e9 kon\u010diare a kr\u00e1sne pe\u0161ie t\u00fary. A\u017e na p\u00e1r v\u00fdnimiek, je na [&hellip;]\" \/>\n<meta property=\"og:url\" content=\"https:\/\/www.welovecycling.com\/sk\/2018\/12\/23\/podtatranska-trailovacka\/\" \/>\n<meta property=\"og:site_name\" content=\"\u0160koda We Love Cycling Slovensko\" \/>\n<meta property=\"article:published_time\" content=\"2018-12-23T10:00:35+00:00\" \/>\n<meta property=\"article:modified_time\" content=\"2019-02-13T13:59:28+00:00\" \/>\n<meta property=\"og:image\" content=\"https:\/\/d2p6e6u75xmxt8.cloudfront.net\/4\/2018\/11\/Obr.01.webp\" \/>\n\t<meta property=\"og:image:width\" content=\"1380\" \/>\n\t<meta property=\"og:image:height\" content=\"600\" \/>\n\t<meta property=\"og:image:type\" content=\"image\/webp\" \/>\n<meta name=\"author\" content=\"Ondrej Ga\u0161par\" \/>\n<meta name=\"twitter:card\" content=\"summary_large_image\" \/>\n<meta name=\"twitter:label1\" content=\"Written by\" \/>\n\t<meta name=\"twitter:data1\" content=\"Peter \u0160ulgan\" \/>\n\t<meta name=\"twitter:label2\" content=\"Est. reading time\" \/>\n\t<meta name=\"twitter:data2\" content=\"7\" \/>\n<script type=\"application\/ld+json\" class=\"yoast-schema-graph\">{\"@context\":\"https:\/\/schema.org\",\"@graph\":[{\"@type\":\"WebPage\",\"@id\":\"https:\/\/www.welovecycling.com\/sk\/2018\/12\/23\/podtatranska-trailovacka\/\",\"url\":\"https:\/\/www.welovecycling.com\/sk\/2018\/12\/23\/podtatranska-trailovacka\/\",\"name\":\"Podtatransk\u00e1 trailova\u010dka - \u0160koda We Love Cycling Slovensko\",\"isPartOf\":{\"@id\":\"https:\/\/www.welovecycling.com\/sk\/#website\"},\"primaryImageOfPage\":{\"@id\":\"https:\/\/www.welovecycling.com\/sk\/2018\/12\/23\/podtatranska-trailovacka\/#primaryimage\"},\"image\":{\"@id\":\"https:\/\/www.welovecycling.com\/sk\/2018\/12\/23\/podtatranska-trailovacka\/#primaryimage\"},\"thumbnailUrl\":\"https:\/\/d2p6e6u75xmxt8.cloudfront.net\/4\/2018\/11\/Obr.01.webp\",\"datePublished\":\"2018-12-23T10:00:35+00:00\",\"dateModified\":\"2019-02-13T13:59:28+00:00\",\"author\":{\"@id\":\"https:\/\/www.welovecycling.com\/sk\/#\/schema\/person\/8ee09ba39b7e25b1870160aa5b3a89bc\"},\"breadcrumb\":{\"@id\":\"https:\/\/www.welovecycling.com\/sk\/2018\/12\/23\/podtatranska-trailovacka\/#breadcrumb\"},\"inLanguage\":\"sk-SK\",\"potentialAction\":[{\"@type\":\"ReadAction\",\"target\":[\"https:\/\/www.welovecycling.com\/sk\/2018\/12\/23\/podtatranska-trailovacka\/\"]}]},{\"@type\":\"ImageObject\",\"inLanguage\":\"sk-SK\",\"@id\":\"https:\/\/www.welovecycling.com\/sk\/2018\/12\/23\/podtatranska-trailovacka\/#primaryimage\",\"url\":\"https:\/\/d2p6e6u75xmxt8.cloudfront.net\/4\/2018\/11\/Obr.01.webp\",\"contentUrl\":\"https:\/\/d2p6e6u75xmxt8.cloudfront.net\/4\/2018\/11\/Obr.01.webp\",\"width\":1380,\"height\":600},{\"@type\":\"BreadcrumbList\",\"@id\":\"https:\/\/www.welovecycling.com\/sk\/2018\/12\/23\/podtatranska-trailovacka\/#breadcrumb\",\"itemListElement\":[{\"@type\":\"ListItem\",\"position\":1,\"name\":\"Home\",\"item\":\"https:\/\/www.welovecycling.com\/sk\/\"},{\"@type\":\"ListItem\",\"position\":2,\"name\":\"Podtatransk\u00e1 trailova\u010dka\"}]},{\"@type\":\"WebSite\",\"@id\":\"https:\/\/www.welovecycling.com\/sk\/#website\",\"url\":\"https:\/\/www.welovecycling.com\/sk\/\",\"name\":\"\u0160koda We Love Cycling Slovensko\",\"description\":\"\u0160koda We Love Cycling Slovensko je v\u00e1\u0161 ka\u017edodenn\u00fd zdroj noviniek a in\u0161pir\u00e1cie z sveta cyklistiky\",\"potentialAction\":[{\"@type\":\"SearchAction\",\"target\":{\"@type\":\"EntryPoint\",\"urlTemplate\":\"https:\/\/www.welovecycling.com\/sk\/?s={search_term_string}\"},\"query-input\":{\"@type\":\"PropertyValueSpecification\",\"valueRequired\":true,\"valueName\":\"search_term_string\"}}],\"inLanguage\":\"sk-SK\"},{\"@type\":\"Person\",\"@id\":\"https:\/\/www.welovecycling.com\/sk\/#\/schema\/person\/8ee09ba39b7e25b1870160aa5b3a89bc\",\"name\":\"Ondrej Ga\u0161par\",\"image\":{\"@type\":\"ImageObject\",\"inLanguage\":\"sk-SK\",\"@id\":\"https:\/\/www.welovecycling.com\/sk\/#\/schema\/person\/image\/\",\"url\":\"https:\/\/secure.gravatar.com\/avatar\/6126c9afb87b70da5abbb083ddbb21933da15f18f8ca7cb822aba0fb096a48f6?s=96&d=mm&r=g\",\"contentUrl\":\"https:\/\/secure.gravatar.com\/avatar\/6126c9afb87b70da5abbb083ddbb21933da15f18f8ca7cb822aba0fb096a48f6?s=96&d=mm&r=g\",\"caption\":\"Ondrej Ga\u0161par\"},\"url\":\"https:\/\/www.welovecycling.com\/sk\/author\/ondrejgaspar\/\"}]}<\/script>\n<!-- \/ Yoast SEO Premium plugin. -->","yoast_head_json":{"title":"Podtatransk\u00e1 trailova\u010dka - \u0160koda We Love Cycling Slovensko","robots":{"index":"index","follow":"follow","max-snippet":"max-snippet:-1","max-image-preview":"max-image-preview:large","max-video-preview":"max-video-preview:-1"},"canonical":"https:\/\/www.welovecycling.com\/sk\/2018\/12\/23\/podtatranska-trailovacka\/","og_locale":"sk_SK","og_type":"article","og_title":"Podtatransk\u00e1 trailova\u010dka","og_description":"Ke\u010f sa povie slovo Tatry, zjavia sa n\u00e1m vysok\u00e9 kon\u010diare a kr\u00e1sne pe\u0161ie t\u00fary. A\u017e na p\u00e1r v\u00fdnimiek, je na [&hellip;]","og_url":"https:\/\/www.welovecycling.com\/sk\/2018\/12\/23\/podtatranska-trailovacka\/","og_site_name":"\u0160koda We Love Cycling Slovensko","article_published_time":"2018-12-23T10:00:35+00:00","article_modified_time":"2019-02-13T13:59:28+00:00","og_image":[{"width":1380,"height":600,"url":"https:\/\/d2p6e6u75xmxt8.cloudfront.net\/4\/2018\/11\/Obr.01.webp","type":"image\/webp"}],"author":"Ondrej Ga\u0161par","twitter_card":"summary_large_image","twitter_misc":{"Written by":"Peter \u0160ulgan","Est. reading time":"7"},"schema":{"@context":"https:\/\/schema.org","@graph":[{"@type":"WebPage","@id":"https:\/\/www.welovecycling.com\/sk\/2018\/12\/23\/podtatranska-trailovacka\/","url":"https:\/\/www.welovecycling.com\/sk\/2018\/12\/23\/podtatranska-trailovacka\/","name":"Podtatransk\u00e1 trailova\u010dka - \u0160koda We Love Cycling Slovensko","isPartOf":{"@id":"https:\/\/www.welovecycling.com\/sk\/#website"},"primaryImageOfPage":{"@id":"https:\/\/www.welovecycling.com\/sk\/2018\/12\/23\/podtatranska-trailovacka\/#primaryimage"},"image":{"@id":"https:\/\/www.welovecycling.com\/sk\/2018\/12\/23\/podtatranska-trailovacka\/#primaryimage"},"thumbnailUrl":"https:\/\/d2p6e6u75xmxt8.cloudfront.net\/4\/2018\/11\/Obr.01.webp","datePublished":"2018-12-23T10:00:35+00:00","dateModified":"2019-02-13T13:59:28+00:00","author":{"@id":"https:\/\/www.welovecycling.com\/sk\/#\/schema\/person\/8ee09ba39b7e25b1870160aa5b3a89bc"},"breadcrumb":{"@id":"https:\/\/www.welovecycling.com\/sk\/2018\/12\/23\/podtatranska-trailovacka\/#breadcrumb"},"inLanguage":"sk-SK","potentialAction":[{"@type":"ReadAction","target":["https:\/\/www.welovecycling.com\/sk\/2018\/12\/23\/podtatranska-trailovacka\/"]}]},{"@type":"ImageObject","inLanguage":"sk-SK","@id":"https:\/\/www.welovecycling.com\/sk\/2018\/12\/23\/podtatranska-trailovacka\/#primaryimage","url":"https:\/\/d2p6e6u75xmxt8.cloudfront.net\/4\/2018\/11\/Obr.01.webp","contentUrl":"https:\/\/d2p6e6u75xmxt8.cloudfront.net\/4\/2018\/11\/Obr.01.webp","width":1380,"height":600},{"@type":"BreadcrumbList","@id":"https:\/\/www.welovecycling.com\/sk\/2018\/12\/23\/podtatranska-trailovacka\/#breadcrumb","itemListElement":[{"@type":"ListItem","position":1,"name":"Home","item":"https:\/\/www.welovecycling.com\/sk\/"},{"@type":"ListItem","position":2,"name":"Podtatransk\u00e1 trailova\u010dka"}]},{"@type":"WebSite","@id":"https:\/\/www.welovecycling.com\/sk\/#website","url":"https:\/\/www.welovecycling.com\/sk\/","name":"\u0160koda We Love Cycling Slovensko","description":"\u0160koda We Love Cycling Slovensko je v\u00e1\u0161 ka\u017edodenn\u00fd zdroj noviniek a in\u0161pir\u00e1cie z sveta cyklistiky","potentialAction":[{"@type":"SearchAction","target":{"@type":"EntryPoint","urlTemplate":"https:\/\/www.welovecycling.com\/sk\/?s={search_term_string}"},"query-input":{"@type":"PropertyValueSpecification","valueRequired":true,"valueName":"search_term_string"}}],"inLanguage":"sk-SK"},{"@type":"Person","@id":"https:\/\/www.welovecycling.com\/sk\/#\/schema\/person\/8ee09ba39b7e25b1870160aa5b3a89bc","name":"Ondrej Ga\u0161par","image":{"@type":"ImageObject","inLanguage":"sk-SK","@id":"https:\/\/www.welovecycling.com\/sk\/#\/schema\/person\/image\/","url":"https:\/\/secure.gravatar.com\/avatar\/6126c9afb87b70da5abbb083ddbb21933da15f18f8ca7cb822aba0fb096a48f6?s=96&d=mm&r=g","contentUrl":"https:\/\/secure.gravatar.com\/avatar\/6126c9afb87b70da5abbb083ddbb21933da15f18f8ca7cb822aba0fb096a48f6?s=96&d=mm&r=g","caption":"Ondrej Ga\u0161par"},"url":"https:\/\/www.welovecycling.com\/sk\/author\/ondrejgaspar\/"}]}},"_links":{"self":[{"href":"https:\/\/www.welovecycling.com\/sk\/wp-json\/wp\/v2\/posts\/5470","targetHints":{"allow":["GET"]}}],"collection":[{"href":"https:\/\/www.welovecycling.com\/sk\/wp-json\/wp\/v2\/posts"}],"about":[{"href":"https:\/\/www.welovecycling.com\/sk\/wp-json\/wp\/v2\/types\/post"}],"author":[{"embeddable":true,"href":"https:\/\/www.welovecycling.com\/sk\/wp-json\/wp\/v2\/users\/38"}],"replies":[{"embeddable":true,"href":"https:\/\/www.welovecycling.com\/sk\/wp-json\/wp\/v2\/comments?post=5470"}],"version-history":[{"count":2,"href":"https:\/\/www.welovecycling.com\/sk\/wp-json\/wp\/v2\/posts\/5470\/revisions"}],"predecessor-version":[{"id":5486,"href":"https:\/\/www.welovecycling.com\/sk\/wp-json\/wp\/v2\/posts\/5470\/revisions\/5486"}],"wp:featuredmedia":[{"embeddable":true,"href":"https:\/\/www.welovecycling.com\/sk\/wp-json\/wp\/v2\/media\/5483"}],"wp:attachment":[{"href":"https:\/\/www.welovecycling.com\/sk\/wp-json\/wp\/v2\/media?parent=5470"}],"wp:term":[{"taxonomy":"category","embeddable":true,"href":"https:\/\/www.welovecycling.com\/sk\/wp-json\/wp\/v2\/categories?post=5470"},{"taxonomy":"post_tag","embeddable":true,"href":"https:\/\/www.welovecycling.com\/sk\/wp-json\/wp\/v2\/tags?post=5470"},{"taxonomy":"global-categories","embeddable":true,"href":"https:\/\/www.welovecycling.com\/sk\/wp-json\/wp\/v2\/global-categories?post=5470"}],"curies":[{"name":"wp","href":"https:\/\/api.w.org\/{rel}","templated":true}]}}