{"id":5457,"date":"2018-11-22T10:03:46","date_gmt":"2018-11-22T09:03:46","guid":{"rendered":"https:\/\/www.welovecycling.com\/sk\/?p=5457"},"modified":"2018-11-22T10:04:01","modified_gmt":"2018-11-22T09:04:01","slug":"vianocny-poradca-bicykel-ako-darcek-pre-vase-dieta","status":"publish","type":"post","link":"https:\/\/www.welovecycling.com\/sk\/2018\/11\/22\/vianocny-poradca-bicykel-ako-darcek-pre-vase-dieta\/","title":{"rendered":"Viano\u010dn\u00fd poradca &#8211; bicykel ako dar\u010dek pre va\u0161e die\u0165a"},"content":{"rendered":"<p><strong>Spom\u00ednate si e\u0161te na ten pocit, ke\u010f ste dostali svoj prv\u00fd bicykel? Pam\u00e4t\u00e1te si e\u0161te na to vzru\u0161enie a nedo\u010dkavos\u0165, kedy s n\u00edm kone\u010dne budete m\u00f4c\u0165 vyrazi\u0165 von? Prich\u00e1dza op\u00e4\u0165 viano\u010dn\u00fd \u010das a s n\u00edm aj to, kedy sa za\u010dn\u00fa p\u00edsa\u0165 nov\u00e9 pr\u00edbehy de\u0165\u00fareniec a ich dvojkolesov\u00fdch t\u00e1to\u0161ov, ktor\u00e9 im prinesie \u201cJe\u017ei\u0161ko\u201d.<\/strong><!--more--><\/p>\n<p>Bicykel je jeden z dar\u010dekov, na ktor\u00e9 die\u0165a ur\u010dite nezabudne a ako bonus v \u0148om bude ma\u0165 aj <strong>skvel\u00fd prostriedok na \u0161portovanie a tr\u00e1venie vo\u013en\u00e9ho \u010dasu vonku<\/strong>. V\u00fdber vhodn\u00e9ho bicykla pre die\u0165a nie je \u017eiadna veda, ale ka\u017edop\u00e1dne si treba da\u0165 pozor na p\u00e1r z\u00e1kladn\u00fdch faktorov. V prvom rade treba ve\u013emi starostlivo zv\u00e1\u017ei\u0165 <strong>vhodn\u00fa ve\u013ekos\u0165<\/strong>. Za \u017eiadnych okolnost\u00ed netreba pristupova\u0165 ku k\u00fape s t\u00fdm, \u017ee rad\u0161ej k\u00fapim o nie\u010do v\u00e4\u010d\u0161\u00ed bicykel a po\u010d\u00edta\u0165 s t\u00fdm, \u017ee die\u0165a do neho dorastie. Na prive\u013ekom bicykli sa m\u00f4\u017ee die\u0165a c\u00edti\u0165 \u0165a\u017ekop\u00e1dne a m\u00f4\u017ee ma\u0165 probl\u00e9my pri nasadan\u00ed alebo vysadan\u00ed. V opa\u010dnom pr\u00edpade sa die\u0165a m\u00f4\u017ee c\u00edti\u0165 stiesnene, nohy bude ma\u0165 pri \u0161liapan\u00ed prive\u013emi pokr\u010den\u00e9, a t\u00fdm p\u00e1dom bude aj prenos sily neefekt\u00edvny a pre die\u0165a bude jazda zbyto\u010dne n\u00e1ro\u010dn\u00e1. Dobrou pom\u00f4ckou m\u00f4\u017eu by\u0165 nasledovn\u00e9 dve tabu\u013eky, ktor\u00e9 uv\u00e1dzaj\u00fa odpor\u00fa\u010dan\u00fa ve\u013ekos\u0165 bicykla (ve\u013ekos\u0165 kolies v palcoch) pod\u013ea v\u00fd\u0161ky postavy die\u0165a\u0165a alebo pod\u013ea vzdialenosti rozkroku od zeme.<\/p>\n<table style=\"border-spacing: 17px !important; border-collapse: inherit !important;\">\n<tbody>\n<tr>\n<th>Ve\u013ekos\u0165 kolies<\/th>\n<th>Vek die\u0165a\u0165a<\/th>\n<th>V\u00fd\u0161ka die\u0165a\u0165a<\/th>\n<\/tr>\n<tr>\n<td>10&#8243;<\/td>\n<td>2<\/td>\n<td>70-90 cm<\/td>\n<\/tr>\n<tr>\n<td>12&#8243;<\/td>\n<td>2-4<\/td>\n<td>85-100 cm<\/td>\n<\/tr>\n<tr>\n<td>14&#8243;<\/td>\n<td>3-5<\/td>\n<td>95-110 cm<\/td>\n<\/tr>\n<tr>\n<td>16&#8243;<\/td>\n<td>4-6<\/td>\n<td>105-125 cm<\/td>\n<\/tr>\n<tr>\n<td>20&#8243;<\/td>\n<td>5-8<\/td>\n<td>120-135 cm<\/td>\n<\/tr>\n<tr>\n<td>24&#8243;<\/td>\n<td>8-11<\/td>\n<td>135-145 cm<\/td>\n<\/tr>\n<tr>\n<td>26&#8243;<\/td>\n<td>11+<\/td>\n<td>145+ cm<\/td>\n<\/tr>\n<\/tbody>\n<\/table>\n<table style=\"border-spacing: 17px !important; border-collapse: inherit !important;\">\n<tbody>\n<tr>\n<th>Ve\u013ekos\u0165 kolies<\/th>\n<th>Vek die\u0165a\u0165a<\/th>\n<th>Vzdialenos\u0165 rozkroku od zeme<\/th>\n<\/tr>\n<tr>\n<td>12&#8243;<\/td>\n<td>2-4<\/td>\n<td>35-42 cm<\/td>\n<\/tr>\n<tr>\n<td>14&#8243;<\/td>\n<td>3-5<\/td>\n<td>40-50 cm<\/td>\n<\/tr>\n<tr>\n<td>16&#8243;<\/td>\n<td>4-6<\/td>\n<td>45-55 cm<\/td>\n<\/tr>\n<tr>\n<td>20&#8243;<\/td>\n<td>5-8<\/td>\n<td>55-63 cm<\/td>\n<\/tr>\n<tr>\n<td>24&#8243;<\/td>\n<td>8-11<\/td>\n<td>60-72 cm<\/td>\n<\/tr>\n<tr>\n<td>26&#8243;<\/td>\n<td>11+<\/td>\n<td>70+ cm<\/td>\n<\/tr>\n<\/tbody>\n<\/table>\n<p>Tabu\u013eky samozrejme nie s\u00fa \u00faplne v\u0161etko. Treba bra\u0165 do \u00favahy, \u017ee <strong>deti maj\u00fa rozdielne proporcie<\/strong>. Pri bicykli vhodnej ve\u013ekosti by malo die\u0165a do\u010diahnu\u0165 nohami na zem bez toho, aby sa muselo nakl\u00e1\u0148a\u0165. Die\u0165a by taktie\u017e malo <strong>sedie\u0165 takmer vzpriamene a ruky na riad\u00edtkach by malo ma\u0165 len mierne pokr\u010den\u00e9<\/strong>. Ide\u00e1lne je, ak si m\u00f4\u017ee bicykel pri k\u00fape vysk\u00fa\u0161a\u0165. Ak to m\u00e1 by\u0165 ako prekvapenie, budete musie\u0165 trocha zariskova\u0165 a veri\u0165, \u017ee va\u0161e die\u0165a bude \u201ctabu\u013ekov\u00e9\u201d.<\/p>\n<p><a href=\"https:\/\/d2p6e6u75xmxt8.cloudfront.net\/4\/2018\/11\/01-1.jpg\"><img loading=\"lazy\" decoding=\"async\" class=\"alignnone size-full wp-image-5458\" src=\"https:\/\/d2p6e6u75xmxt8.cloudfront.net\/4\/2018\/11\/01-1.jpg\" alt=\"\" width=\"1200\" height=\"800\" \/><\/a><\/p>\n<h2><strong>Ve\u013ekos\u0165 kolies 12 palcov<\/strong><\/h2>\n<p>V tejto kateg\u00f3rii sa sk\u00f4r ako o klasick\u00fdch bicykloch bav\u00edme o detsk\u00fdch odr\u00e1\u017eadl\u00e1ch alebo inak o balan\u010dn\u00fdch bicykloch. S\u00fa <strong>ide\u00e1lnym vstupom do sveta cyklistiky<\/strong>. Die\u0165a sa nau\u010d\u00ed udr\u017eiava\u0165 rovnov\u00e1hu, v\u010faka \u010domu je ve\u013ek\u00e1 \u0161anca, \u017ee pri prv\u00fdch pokusoch na klasickom bicykli u\u017e nebude potrebova\u0165 pomocn\u00e9 kolieska.<\/p>\n<h2><strong>Ve\u013ekos\u0165 kolies 14 palcov<\/strong><\/h2>\n<p>Tieto bicykle bud\u00fa pre va\u0161e die\u0165a zrejme <strong>prv\u00fdm \u201cskuto\u010dn\u00fdm\u201d krokom do sveta bicyklov<\/strong>, ke\u010f\u017ee na bicykli u\u017e bud\u00fa ped\u00e1le, brzdy a jeden prevod.<\/p>\n<p><a href=\"https:\/\/d2p6e6u75xmxt8.cloudfront.net\/4\/2018\/11\/02-2.jpg\"><img loading=\"lazy\" decoding=\"async\" class=\"alignnone size-full wp-image-5459\" src=\"https:\/\/d2p6e6u75xmxt8.cloudfront.net\/4\/2018\/11\/02-2.jpg\" alt=\"\" width=\"1200\" height=\"800\" \/><\/a><\/p>\n<h2><strong>Ve\u013ekos\u0165 kolies 16 palcov<\/strong><\/h2>\n<p>T\u00e1to kateg\u00f3ria je, \u010do sa t\u00fdka kon\u0161trukcie a v\u00fdbavy, zv\u00e4\u010d\u0161a rovnak\u00e1 ako predch\u00e1dzaj\u00faca, len vo v\u00e4\u010d\u0161om preveden\u00ed. Bicykle maj\u00fa <strong>jeden prevod a brzd\u00ed sa naj\u010dastej\u0161ie \u201ctorp\u00e9dom\u201d<\/strong>, \u010di\u017ee sta\u010d\u00ed \u0161liapnu\u0165 dozadu a bicykel za\u010dne brzdi\u0165. Mal\u00e9 detsk\u00e9 ruky zv\u00e4\u010d\u0161a nemaj\u00fa e\u0161te dostatok sily, aby vedeli efekt\u00edvne zabrzdi\u0165 ru\u010dnou brzdou.<\/p>\n<h2><strong>Ve\u013ekos\u0165 kolies 20 palcov<\/strong><\/h2>\n<p>20-kov\u00e9 biky s\u00fa <strong>ide\u00e1lnou vo\u013ebou pre za\u010d\u00ednaj\u00facich \u0161kol\u00e1kov<\/strong>. Kon\u0161truk\u010dne s\u00fa to viac-menej zmen\u0161en\u00e9 horsk\u00e9 bicykle. Je tu u\u017e radenie s nieko\u013ek\u00fdmi prevodmi, brzdy s\u00fa u\u017e na riad\u00edtkach a celkov\u00e1 kon\u0161trukcia je odolnej\u0161ia, \u010di\u017ee na\u0161i mal\u00ed cyklisti m\u00f4\u017eu pokojne ok\u00fasi\u0165 aj jazdu v \u013eah\u0161om ter\u00e9ne. Ur\u010dite sa <strong>vyhnite r\u00f4znym imit\u00e1ci\u00e1m celoodpru\u017een\u00fdch bicyklov<\/strong>. Odpru\u017eenie nebude plni\u0165 absol\u00fatne \u017eiadnu funkciu a len prid\u00e1va na hmotnosti.<\/p>\n<p><a href=\"https:\/\/d2p6e6u75xmxt8.cloudfront.net\/4\/2018\/11\/03-1.jpg\"><img loading=\"lazy\" decoding=\"async\" class=\"alignnone size-full wp-image-5460\" src=\"https:\/\/d2p6e6u75xmxt8.cloudfront.net\/4\/2018\/11\/03-1.jpg\" alt=\"\" width=\"1200\" height=\"800\" \/><\/a><\/p>\n<h2><strong>Ve\u013ekos\u0165 kolies 24 palcov<\/strong><\/h2>\n<p>Tieto biky s\u00fa u\u017e viac-menej na nerozoznanie od dospel\u00e1ckych modelov. Vo vy\u0161\u0161\u00edch kateg\u00f3ri\u00e1ch tu u\u017e n\u00e1jdete <strong>kvalitn\u00e9 radenie, brzdy alebo aj odpru\u017eenie<\/strong>. Na t\u00fdchto strojoch va\u0161e ratolesti pri dobrom veden\u00ed a tr\u00e9ningu zvl\u00e1dnu s vami aj celkom pekn\u00e9 v\u00fdjazdy.<\/p>\n<p>\u010eal\u0161\u00edm v\u00fdznamn\u00fdm faktorom, ktor\u00fd ovplyvn\u00ed v\u00e1\u0161 v\u00fdber, bude ur\u010dite <strong>cena<\/strong>. A ke\u010f\u017ee detsk\u00e9 bicykle sa menia ve\u013emi \u010dasto, neb\u00e1l by som sa pozrie\u0165 aj na baz\u00e1r, preto\u017ee tamoj\u0161ia ponuka bude ur\u010dite bohat\u00e1. V\u00e4\u010d\u0161inou plat\u00ed, \u017ee drah\u0161ie modely bud\u00fa o nie\u010do \u013eah\u0161ie a mo\u017eno v lep\u0161ej v\u00fdbave. A pr\u00e1ve hmotnos\u0165 je d\u00f4le\u017eit\u00fd faktor pri mal\u00fdch detsk\u00fdch bicykloch. S \u013eah\u0161\u00edm bicyklom sa bude die\u0165a\u0165u jednoduch\u0161ie man\u00e9vrova\u0165. Ur\u010dite ste si u\u017e niekedy po\u0165a\u017ekali detsk\u00fd bicykel a prekvapilo v\u00e1s, \u017ee je takmer rovnako \u0165a\u017ek\u00fd ako v\u00e1\u0161 pretek\u00e1rsky \u0161peci\u00e1l. Je to dan\u00e9 t\u00fdm, \u017ee v\u00e4\u010d\u0161ina komponentov je vyr\u00e1ban\u00fdch z poctivej ocele, hlavne kv\u00f4li tlaku na n\u00edzku cenu. Viac sa oplat\u00ed investova\u0165, ak va\u0161u ratoles\u0165 cyklistika chyt\u00ed a za\u010dne chodi\u0165 aj na nejak\u00e9 preteky, napr\u00edklad na ob\u013e\u00faben\u00fa Detsk\u00fa tour Petra Sagana. Vtedy u\u017e treba viac rie\u0161i\u0165 kvalitu komponentov a celkov\u00fa hmotnos\u0165. Ak bude bicykel sl\u00fa\u017ei\u0165 len ako dopravn\u00fd prostriedok, tak dobr\u00fa slu\u017ebu odvedie aj lacnej\u0161\u00ed model.<\/p>\n<p><a href=\"https:\/\/d2p6e6u75xmxt8.cloudfront.net\/4\/2018\/11\/04-2.jpg\"><img loading=\"lazy\" decoding=\"async\" class=\"alignnone size-full wp-image-5461\" src=\"https:\/\/d2p6e6u75xmxt8.cloudfront.net\/4\/2018\/11\/04-2.jpg\" alt=\"\" width=\"1200\" height=\"800\" \/><\/a><\/p>\n<p>Zaru\u010d\u00edm v\u00e1m jednu vec. Va\u0161e deti ur\u010dite nebude v\u00f4bec zauj\u00edma\u0165, \u010di je r\u00e1m z ocele alebo hlin\u00edka, alebo \u010di ja tam tak\u00fd alebo onak\u00fd komponent. A u\u017e v\u00f4bec ich nebude tr\u00e1pi\u0165 \u010di st\u00e1l bicykel 100 alebo 1\u00a0000\u00a0\u20ac. <strong>Deti bud\u00fa v prvom rade rie\u0161i\u0165, \u010di sa im bicykel p\u00e1\u010di<\/strong>. Bud\u00fa sa zauj\u00edma\u0165 o jeho farbu a \u010di je na \u0148om nakreslen\u00e1 ich ob\u013e\u00faben\u00e1 rozpr\u00e1vkov\u00e1 postavi\u010dka. V\u00fdsledn\u00e9mu \u201cvyladeniu\u201d ich bicykla m\u00f4\u017eu pom\u00f4c\u0165 n\u00e1lepky, ktor\u00e9 deti ur\u010dite ocenia.<\/p>\n<p><a href=\"https:\/\/d2p6e6u75xmxt8.cloudfront.net\/4\/2018\/11\/05.jpg\"><img loading=\"lazy\" decoding=\"async\" class=\"alignnone size-full wp-image-5462\" src=\"https:\/\/d2p6e6u75xmxt8.cloudfront.net\/4\/2018\/11\/05.jpg\" alt=\"\" width=\"1200\" height=\"800\" \/><\/a><\/p>\n<p>A ako sa hovor\u00ed: <em>\u201c\u010co sa za mladi nau\u010d\u00ed\u0161\u2026\u201d<\/em> &#8211; teda ak p\u00f4jdete s va\u0161imi ratoles\u0165ami cestou cyklistiky a \u0161portu ako tak\u00e9ho u\u017e od \u00fatleho veku, ur\u010dite sa to v\u00e1m aj im raz v dobrom vr\u00e1ti. Prv\u00fd detsk\u00fd bicykel m\u00f4\u017ee by\u0165 t\u00fdm \u00favodn\u00fdm krokom na tejto ceste.<\/p>\n","protected":false},"excerpt":{"rendered":"<p>Spom\u00ednate si e\u0161te na ten pocit, ke\u010f ste dostali svoj prv\u00fd bicykel? Pam\u00e4t\u00e1te si e\u0161te na to vzru\u0161enie a nedo\u010dkavos\u0165, [&hellip;]<\/p>\n","protected":false},"author":38,"featured_media":5487,"comment_status":"open","ping_status":"open","sticky":false,"template":"","format":"standard","meta":{"footnotes":""},"categories":[51,52],"tags":[553,689,345,53,54,180,412,669,215,688,344],"global-categories":[],"class_list":["post-5457","post","type-post","status-publish","format-standard","has-post-thumbnail","hentry","category-deti-na-bicykloch","category-nakupny-poradca","tag-ako-na-to","tag-balancne-kolieska","tag-darceky","tag-deti","tag-detske-bicykle","tag-horska-cyklistika","tag-mtb","tag-nakup","tag-nakupny-poradca","tag-odrazadlo","tag-vianoce"],"yoast_head":"<!-- This site is optimized with the Yoast SEO Premium plugin v25.3 (Yoast SEO v25.9) - https:\/\/yoast.com\/wordpress\/plugins\/seo\/ -->\n<title>Viano\u010dn\u00fd poradca - bicykel ako dar\u010dek pre va\u0161e die\u0165a - \u0160koda We Love Cycling Slovensko<\/title>\n<meta name=\"robots\" content=\"index, follow, max-snippet:-1, max-image-preview:large, max-video-preview:-1\" \/>\n<link rel=\"canonical\" href=\"https:\/\/www.welovecycling.com\/sk\/2018\/11\/22\/vianocny-poradca-bicykel-ako-darcek-pre-vase-dieta\/\" \/>\n<meta property=\"og:locale\" content=\"sk_SK\" \/>\n<meta property=\"og:type\" content=\"article\" \/>\n<meta property=\"og:title\" content=\"Viano\u010dn\u00fd poradca - bicykel ako dar\u010dek pre va\u0161e die\u0165a\" \/>\n<meta property=\"og:description\" content=\"Spom\u00ednate si e\u0161te na ten pocit, ke\u010f ste dostali svoj prv\u00fd bicykel? Pam\u00e4t\u00e1te si e\u0161te na to vzru\u0161enie a nedo\u010dkavos\u0165, [&hellip;]\" \/>\n<meta property=\"og:url\" content=\"https:\/\/www.welovecycling.com\/sk\/2018\/11\/22\/vianocny-poradca-bicykel-ako-darcek-pre-vase-dieta\/\" \/>\n<meta property=\"og:site_name\" content=\"\u0160koda We Love Cycling Slovensko\" \/>\n<meta property=\"article:published_time\" content=\"2018-11-22T09:03:46+00:00\" \/>\n<meta property=\"article:modified_time\" content=\"2018-11-22T09:04:01+00:00\" \/>\n<meta property=\"og:image\" content=\"https:\/\/d2p6e6u75xmxt8.cloudfront.net\/4\/2018\/11\/vianoce_detsky-bicykel.webp\" \/>\n\t<meta property=\"og:image:width\" content=\"1380\" \/>\n\t<meta property=\"og:image:height\" content=\"600\" \/>\n\t<meta property=\"og:image:type\" content=\"image\/webp\" \/>\n<meta name=\"author\" content=\"Ondrej Ga\u0161par\" \/>\n<meta name=\"twitter:card\" content=\"summary_large_image\" \/>\n<meta name=\"twitter:label1\" content=\"Written by\" \/>\n\t<meta name=\"twitter:data1\" content=\"We Love Cycling\" \/>\n\t<meta name=\"twitter:label2\" content=\"Est. reading time\" \/>\n\t<meta name=\"twitter:data2\" content=\"8\" \/>\n<script type=\"application\/ld+json\" class=\"yoast-schema-graph\">{\"@context\":\"https:\/\/schema.org\",\"@graph\":[{\"@type\":\"WebPage\",\"@id\":\"https:\/\/www.welovecycling.com\/sk\/2018\/11\/22\/vianocny-poradca-bicykel-ako-darcek-pre-vase-dieta\/\",\"url\":\"https:\/\/www.welovecycling.com\/sk\/2018\/11\/22\/vianocny-poradca-bicykel-ako-darcek-pre-vase-dieta\/\",\"name\":\"Viano\u010dn\u00fd poradca - bicykel ako dar\u010dek pre va\u0161e die\u0165a - \u0160koda We Love Cycling Slovensko\",\"isPartOf\":{\"@id\":\"https:\/\/www.welovecycling.com\/sk\/#website\"},\"primaryImageOfPage\":{\"@id\":\"https:\/\/www.welovecycling.com\/sk\/2018\/11\/22\/vianocny-poradca-bicykel-ako-darcek-pre-vase-dieta\/#primaryimage\"},\"image\":{\"@id\":\"https:\/\/www.welovecycling.com\/sk\/2018\/11\/22\/vianocny-poradca-bicykel-ako-darcek-pre-vase-dieta\/#primaryimage\"},\"thumbnailUrl\":\"https:\/\/d2p6e6u75xmxt8.cloudfront.net\/4\/2018\/11\/vianoce_detsky-bicykel.webp\",\"datePublished\":\"2018-11-22T09:03:46+00:00\",\"dateModified\":\"2018-11-22T09:04:01+00:00\",\"author\":{\"@id\":\"https:\/\/www.welovecycling.com\/sk\/#\/schema\/person\/8ee09ba39b7e25b1870160aa5b3a89bc\"},\"breadcrumb\":{\"@id\":\"https:\/\/www.welovecycling.com\/sk\/2018\/11\/22\/vianocny-poradca-bicykel-ako-darcek-pre-vase-dieta\/#breadcrumb\"},\"inLanguage\":\"sk-SK\",\"potentialAction\":[{\"@type\":\"ReadAction\",\"target\":[\"https:\/\/www.welovecycling.com\/sk\/2018\/11\/22\/vianocny-poradca-bicykel-ako-darcek-pre-vase-dieta\/\"]}]},{\"@type\":\"ImageObject\",\"inLanguage\":\"sk-SK\",\"@id\":\"https:\/\/www.welovecycling.com\/sk\/2018\/11\/22\/vianocny-poradca-bicykel-ako-darcek-pre-vase-dieta\/#primaryimage\",\"url\":\"https:\/\/d2p6e6u75xmxt8.cloudfront.net\/4\/2018\/11\/vianoce_detsky-bicykel.webp\",\"contentUrl\":\"https:\/\/d2p6e6u75xmxt8.cloudfront.net\/4\/2018\/11\/vianoce_detsky-bicykel.webp\",\"width\":1380,\"height\":600},{\"@type\":\"BreadcrumbList\",\"@id\":\"https:\/\/www.welovecycling.com\/sk\/2018\/11\/22\/vianocny-poradca-bicykel-ako-darcek-pre-vase-dieta\/#breadcrumb\",\"itemListElement\":[{\"@type\":\"ListItem\",\"position\":1,\"name\":\"Home\",\"item\":\"https:\/\/www.welovecycling.com\/sk\/\"},{\"@type\":\"ListItem\",\"position\":2,\"name\":\"Viano\u010dn\u00fd poradca &#8211; bicykel ako dar\u010dek pre va\u0161e die\u0165a\"}]},{\"@type\":\"WebSite\",\"@id\":\"https:\/\/www.welovecycling.com\/sk\/#website\",\"url\":\"https:\/\/www.welovecycling.com\/sk\/\",\"name\":\"\u0160koda We Love Cycling Slovensko\",\"description\":\"\u0160koda We Love Cycling Slovensko je v\u00e1\u0161 ka\u017edodenn\u00fd zdroj noviniek a in\u0161pir\u00e1cie z sveta cyklistiky\",\"potentialAction\":[{\"@type\":\"SearchAction\",\"target\":{\"@type\":\"EntryPoint\",\"urlTemplate\":\"https:\/\/www.welovecycling.com\/sk\/?s={search_term_string}\"},\"query-input\":{\"@type\":\"PropertyValueSpecification\",\"valueRequired\":true,\"valueName\":\"search_term_string\"}}],\"inLanguage\":\"sk-SK\"},{\"@type\":\"Person\",\"@id\":\"https:\/\/www.welovecycling.com\/sk\/#\/schema\/person\/8ee09ba39b7e25b1870160aa5b3a89bc\",\"name\":\"Ondrej Ga\u0161par\",\"image\":{\"@type\":\"ImageObject\",\"inLanguage\":\"sk-SK\",\"@id\":\"https:\/\/www.welovecycling.com\/sk\/#\/schema\/person\/image\/\",\"url\":\"https:\/\/secure.gravatar.com\/avatar\/6126c9afb87b70da5abbb083ddbb21933da15f18f8ca7cb822aba0fb096a48f6?s=96&d=mm&r=g\",\"contentUrl\":\"https:\/\/secure.gravatar.com\/avatar\/6126c9afb87b70da5abbb083ddbb21933da15f18f8ca7cb822aba0fb096a48f6?s=96&d=mm&r=g\",\"caption\":\"Ondrej Ga\u0161par\"},\"url\":\"https:\/\/www.welovecycling.com\/sk\/author\/ondrejgaspar\/\"}]}<\/script>\n<!-- \/ Yoast SEO Premium plugin. -->","yoast_head_json":{"title":"Viano\u010dn\u00fd poradca - bicykel ako dar\u010dek pre va\u0161e die\u0165a - \u0160koda We Love Cycling Slovensko","robots":{"index":"index","follow":"follow","max-snippet":"max-snippet:-1","max-image-preview":"max-image-preview:large","max-video-preview":"max-video-preview:-1"},"canonical":"https:\/\/www.welovecycling.com\/sk\/2018\/11\/22\/vianocny-poradca-bicykel-ako-darcek-pre-vase-dieta\/","og_locale":"sk_SK","og_type":"article","og_title":"Viano\u010dn\u00fd poradca - bicykel ako dar\u010dek pre va\u0161e die\u0165a","og_description":"Spom\u00ednate si e\u0161te na ten pocit, ke\u010f ste dostali svoj prv\u00fd bicykel? Pam\u00e4t\u00e1te si e\u0161te na to vzru\u0161enie a nedo\u010dkavos\u0165, [&hellip;]","og_url":"https:\/\/www.welovecycling.com\/sk\/2018\/11\/22\/vianocny-poradca-bicykel-ako-darcek-pre-vase-dieta\/","og_site_name":"\u0160koda We Love Cycling Slovensko","article_published_time":"2018-11-22T09:03:46+00:00","article_modified_time":"2018-11-22T09:04:01+00:00","og_image":[{"width":1380,"height":600,"url":"https:\/\/d2p6e6u75xmxt8.cloudfront.net\/4\/2018\/11\/vianoce_detsky-bicykel.webp","type":"image\/webp"}],"author":"Ondrej Ga\u0161par","twitter_card":"summary_large_image","twitter_misc":{"Written by":"We Love Cycling","Est. reading time":"8"},"schema":{"@context":"https:\/\/schema.org","@graph":[{"@type":"WebPage","@id":"https:\/\/www.welovecycling.com\/sk\/2018\/11\/22\/vianocny-poradca-bicykel-ako-darcek-pre-vase-dieta\/","url":"https:\/\/www.welovecycling.com\/sk\/2018\/11\/22\/vianocny-poradca-bicykel-ako-darcek-pre-vase-dieta\/","name":"Viano\u010dn\u00fd poradca - bicykel ako dar\u010dek pre va\u0161e die\u0165a - \u0160koda We Love Cycling Slovensko","isPartOf":{"@id":"https:\/\/www.welovecycling.com\/sk\/#website"},"primaryImageOfPage":{"@id":"https:\/\/www.welovecycling.com\/sk\/2018\/11\/22\/vianocny-poradca-bicykel-ako-darcek-pre-vase-dieta\/#primaryimage"},"image":{"@id":"https:\/\/www.welovecycling.com\/sk\/2018\/11\/22\/vianocny-poradca-bicykel-ako-darcek-pre-vase-dieta\/#primaryimage"},"thumbnailUrl":"https:\/\/d2p6e6u75xmxt8.cloudfront.net\/4\/2018\/11\/vianoce_detsky-bicykel.webp","datePublished":"2018-11-22T09:03:46+00:00","dateModified":"2018-11-22T09:04:01+00:00","author":{"@id":"https:\/\/www.welovecycling.com\/sk\/#\/schema\/person\/8ee09ba39b7e25b1870160aa5b3a89bc"},"breadcrumb":{"@id":"https:\/\/www.welovecycling.com\/sk\/2018\/11\/22\/vianocny-poradca-bicykel-ako-darcek-pre-vase-dieta\/#breadcrumb"},"inLanguage":"sk-SK","potentialAction":[{"@type":"ReadAction","target":["https:\/\/www.welovecycling.com\/sk\/2018\/11\/22\/vianocny-poradca-bicykel-ako-darcek-pre-vase-dieta\/"]}]},{"@type":"ImageObject","inLanguage":"sk-SK","@id":"https:\/\/www.welovecycling.com\/sk\/2018\/11\/22\/vianocny-poradca-bicykel-ako-darcek-pre-vase-dieta\/#primaryimage","url":"https:\/\/d2p6e6u75xmxt8.cloudfront.net\/4\/2018\/11\/vianoce_detsky-bicykel.webp","contentUrl":"https:\/\/d2p6e6u75xmxt8.cloudfront.net\/4\/2018\/11\/vianoce_detsky-bicykel.webp","width":1380,"height":600},{"@type":"BreadcrumbList","@id":"https:\/\/www.welovecycling.com\/sk\/2018\/11\/22\/vianocny-poradca-bicykel-ako-darcek-pre-vase-dieta\/#breadcrumb","itemListElement":[{"@type":"ListItem","position":1,"name":"Home","item":"https:\/\/www.welovecycling.com\/sk\/"},{"@type":"ListItem","position":2,"name":"Viano\u010dn\u00fd poradca &#8211; bicykel ako dar\u010dek pre va\u0161e die\u0165a"}]},{"@type":"WebSite","@id":"https:\/\/www.welovecycling.com\/sk\/#website","url":"https:\/\/www.welovecycling.com\/sk\/","name":"\u0160koda We Love Cycling Slovensko","description":"\u0160koda We Love Cycling Slovensko je v\u00e1\u0161 ka\u017edodenn\u00fd zdroj noviniek a in\u0161pir\u00e1cie z sveta cyklistiky","potentialAction":[{"@type":"SearchAction","target":{"@type":"EntryPoint","urlTemplate":"https:\/\/www.welovecycling.com\/sk\/?s={search_term_string}"},"query-input":{"@type":"PropertyValueSpecification","valueRequired":true,"valueName":"search_term_string"}}],"inLanguage":"sk-SK"},{"@type":"Person","@id":"https:\/\/www.welovecycling.com\/sk\/#\/schema\/person\/8ee09ba39b7e25b1870160aa5b3a89bc","name":"Ondrej Ga\u0161par","image":{"@type":"ImageObject","inLanguage":"sk-SK","@id":"https:\/\/www.welovecycling.com\/sk\/#\/schema\/person\/image\/","url":"https:\/\/secure.gravatar.com\/avatar\/6126c9afb87b70da5abbb083ddbb21933da15f18f8ca7cb822aba0fb096a48f6?s=96&d=mm&r=g","contentUrl":"https:\/\/secure.gravatar.com\/avatar\/6126c9afb87b70da5abbb083ddbb21933da15f18f8ca7cb822aba0fb096a48f6?s=96&d=mm&r=g","caption":"Ondrej Ga\u0161par"},"url":"https:\/\/www.welovecycling.com\/sk\/author\/ondrejgaspar\/"}]}},"_links":{"self":[{"href":"https:\/\/www.welovecycling.com\/sk\/wp-json\/wp\/v2\/posts\/5457","targetHints":{"allow":["GET"]}}],"collection":[{"href":"https:\/\/www.welovecycling.com\/sk\/wp-json\/wp\/v2\/posts"}],"about":[{"href":"https:\/\/www.welovecycling.com\/sk\/wp-json\/wp\/v2\/types\/post"}],"author":[{"embeddable":true,"href":"https:\/\/www.welovecycling.com\/sk\/wp-json\/wp\/v2\/users\/38"}],"replies":[{"embeddable":true,"href":"https:\/\/www.welovecycling.com\/sk\/wp-json\/wp\/v2\/comments?post=5457"}],"version-history":[{"count":2,"href":"https:\/\/www.welovecycling.com\/sk\/wp-json\/wp\/v2\/posts\/5457\/revisions"}],"predecessor-version":[{"id":5488,"href":"https:\/\/www.welovecycling.com\/sk\/wp-json\/wp\/v2\/posts\/5457\/revisions\/5488"}],"wp:featuredmedia":[{"embeddable":true,"href":"https:\/\/www.welovecycling.com\/sk\/wp-json\/wp\/v2\/media\/5487"}],"wp:attachment":[{"href":"https:\/\/www.welovecycling.com\/sk\/wp-json\/wp\/v2\/media?parent=5457"}],"wp:term":[{"taxonomy":"category","embeddable":true,"href":"https:\/\/www.welovecycling.com\/sk\/wp-json\/wp\/v2\/categories?post=5457"},{"taxonomy":"post_tag","embeddable":true,"href":"https:\/\/www.welovecycling.com\/sk\/wp-json\/wp\/v2\/tags?post=5457"},{"taxonomy":"global-categories","embeddable":true,"href":"https:\/\/www.welovecycling.com\/sk\/wp-json\/wp\/v2\/global-categories?post=5457"}],"curies":[{"name":"wp","href":"https:\/\/api.w.org\/{rel}","templated":true}]}}