{"id":5449,"date":"2018-11-16T10:15:35","date_gmt":"2018-11-16T09:15:35","guid":{"rendered":"https:\/\/www.welovecycling.com\/sk\/?p=5449"},"modified":"2023-06-07T12:42:28","modified_gmt":"2023-06-07T10:42:28","slug":"zlepsite-svoj-spanok-zbavte-sa-modreho-svetla","status":"publish","type":"post","link":"https:\/\/www.welovecycling.com\/sk\/2018\/11\/16\/zlepsite-svoj-spanok-zbavte-sa-modreho-svetla\/","title":{"rendered":"Zlep\u0161ite svoj sp\u00e1nok \u2013 zbavte sa \u201emodr\u00e9ho svetla\u201c"},"content":{"rendered":"<p><strong>Na\u0161e sp\u00e1nkov\u00e9 n\u00e1vyky s\u00fa usmer\u0148ovan\u00e9 cyklom striedania d\u0148a a noci, teda svetla a tmy. Nane\u0161\u0165astie, ovplyv\u0148uje ho aj neprirodzen\u00e9 svetlo, ktor\u00e9 je produktom \u010dloveka. Zavedenie umel\u00e9ho osvetlenia, mobilov a telev\u00edznych obrazoviek, je jedn\u00fdm z najv\u00e4\u010d\u0161\u00edch aspektov dne\u0161nej doby, podie\u013eaj\u00facich sa na zvy\u0161ovan\u00ed po\u010dtu por\u00fach a probl\u00e9mov spojen\u00fdch so sp\u00e1nkom. Pozrime sa, pre\u010do a ako je mo\u017en\u00e9 tento vplyv obmedzi\u0165.<\/strong><br \/>\n<!--more--><\/p>\n<p>Vo v\u00e4\u010d\u0161ej \u010dasti na\u0161ej existencie ako \u013eudsk\u00e9ho druhu, modr\u00e9 svetlo zast\u00e1valo \u00falohu \u010dasu, ozna\u010dovan\u00e9ho za rann\u00fd, respekt\u00edve \u010das, kedy sa zob\u00fadzame. Pre \u013eudsk\u00e9 telo nie je a\u017e tak\u00fdm ve\u013ek\u00fdm probl\u00e9mom, odkia\u013e poch\u00e1dza toto svetlo, teda \u010di s\u00fa to slne\u010dn\u00e9 l\u00fa\u010de, sledovanie telev\u00edzie alebo surfovanie na internete. Toto modr\u00e9 svetlo <strong>spoma\u013euje produkciu melaton\u00ednu &#8211; horm\u00f3nu sp\u00e1nku<\/strong>. Ni\u017e\u0161ia produkcia melaton\u00ednu ve\u010der a v noci zni\u017euje kvalitu, ako aj kvantitu sp\u00e1nku. \u0160t\u00fadie <strong>sp\u00e1jaj\u00fa n\u00edzku hladinu melaton\u00ednu s obezitou, rakovinou a depresiou<\/strong>. Slab\u00fd sp\u00e1nok sa taktie\u017e sp\u00e1ja s rizikom infarktu a diabetom 2. typu. Tak\u017ee, aj ke\u010f pou\u017e\u00edvanie mobilu v posteli pred sp\u00e1nkom nep\u00f4sob\u00ed ako ve\u013ek\u00fd probl\u00e9m, v skuto\u010dnosti n\u00edm naozaj je.<\/p>\n<h2><strong>Po\u017e\u00edvajte modr\u00e9 svetlo po\u010das d\u0148a<\/strong><\/h2>\n<p>Modr\u00e9 svetlo nie je len nepriate\u013eom. \u0160t\u00fadie uk\u00e1zali, \u017ee na pracovisku <strong>zvy\u0161uje bdelos\u0165, v\u00fdkonnos\u0165 a dokonca aj kvalitu no\u010dn\u00e9ho sp\u00e1nku<\/strong>. Av\u0161ak to je pravda <strong>len po\u010das d\u0148a<\/strong>, ke\u010f vystavenie sa modr\u00e9mu svetlu je prirodzen\u00e9. Ak sa de\u0148 preklop\u00ed do noci, opak sa st\u00e1va pravdou. Pozrime sa teda na niektor\u00e9 taktiky, ako obmedzi\u0165 vystavenie sa modr\u00e9mu svetlu.<\/p>\n<p><a href=\"https:\/\/d2p6e6u75xmxt8.cloudfront.net\/4\/2018\/11\/pexels-photo-160107.jpeg\"><img loading=\"lazy\" decoding=\"async\" class=\"alignnone size-full wp-image-5450\" src=\"https:\/\/d2p6e6u75xmxt8.cloudfront.net\/4\/2018\/11\/pexels-photo-160107.jpeg\" alt=\"\" width=\"1280\" height=\"853\" \/><\/a><\/p>\n<h2><strong>2 hodiny pred sp\u00e1nkom nijak\u00fd monitor<\/strong><\/h2>\n<p>V ide\u00e1lnom pr\u00edpade by ste nemali pou\u017ei\u0165 ak\u00e9ko\u013evek elektronick\u00e9 zariadenie aspo\u0148 2 hodiny pred za\u013eahnut\u00edm. T\u00fdmto sp\u00f4sobom m\u00e1 va\u0161e telo dostatok \u010dasu prisp\u00f4sobi\u0165 sa tmav\u00e9mu prostrediu a za\u010da\u0165 produkova\u0165 melaton\u00edn. To znamen\u00e1 &#8211; <strong>\u017eiadna telev\u00edzia, po\u010d\u00edta\u010d, notebook, tablet alebo mobiln\u00fd telef\u00f3n<\/strong>.<\/p>\n<h2><strong>Pou\u017e\u00edvajte aplik\u00e1cie limituj\u00face modr\u00e9 svetlo<\/strong><\/h2>\n<p>Ak v\u00e1m tento sp\u00f4sob pr\u00edde ako \u0165a\u017eko splnite\u013en\u00fd alebo ak potrebujete pou\u017e\u00edva\u0165 zariadenia pre pr\u00e1cu aj po zotmen\u00ed, potom je dobr\u00fdm v\u00fdchodiskom in\u0161tal\u00e1cia aplik\u00e1cie obmedzuj\u00facej modr\u00e9 svetlo. Vysk\u00fa\u0161ajte <strong>F.lux<\/strong>, ktor\u00fd je vo\u013en\u00fdm programom, zmen\u0161uj\u00facim objem modr\u00e9ho svetla na z\u00e1klade dennej doby \u2013 ke\u010f sa za\u010dne stmieva\u0165, aplik\u00e1cia zvy\u0161uje filtrovanie modr\u00e9ho svetla. V\u00e4\u010d\u0161ina mobiln\u00fdch zariaden\u00ed u\u017e m\u00e1 t\u00fato aplik\u00e1ciu zabudovan\u00fa od v\u00fdroby. Preva\u017ene je nazvan\u00e1 <strong>\u201efilter modr\u00e9ho svetla\u201c<\/strong> a v\u0161etko \u010do potrebujete urobi\u0165, je zapn\u00fa\u0165 ju.<\/p>\n<p><a href=\"https:\/\/d2p6e6u75xmxt8.cloudfront.net\/4\/2018\/11\/Amber-Light-pexels-photo-1556704.jpeg\"><img loading=\"lazy\" decoding=\"async\" class=\"alignnone size-full wp-image-5451\" src=\"https:\/\/d2p6e6u75xmxt8.cloudfront.net\/4\/2018\/11\/Amber-Light-pexels-photo-1556704.jpeg\" alt=\"\" width=\"1280\" height=\"850\" \/><\/a><\/p>\n<h2><strong>Nasa\u010fte si okuliare s jant\u00e1rov\u00fdm zafarben\u00edm skiel<\/strong><\/h2>\n<p>\u010eal\u0161ou v\u00fdbornou mo\u017enos\u0165ou je pou\u017e\u00edvanie skiel s jant\u00e1rovou farbou (pribli\u017ene <strong>oran\u017eovou-hnedou<\/strong>). \u0160t\u00fadie ukazuj\u00fa, \u017ee ke\u010f \u013eudia pou\u017e\u00edvaj\u00fa tak\u00e9to okuliare, ich tel\u00e1 produkuj\u00fa rovnak\u00e9 mno\u017estvo melaton\u00ednu, akoby boli v tme, a to dokonca aj pri pou\u017e\u00edvan\u00ed elektronick\u00fdch zariaden\u00ed, \u010di v osvetlenej miestnosti. Toto odpor\u00fa\u010danie smeruje aj na \u013eud\u00ed pracuj\u00facich v no\u010dnej zmene.<\/p>\n<h2><strong>Udr\u017eujte si tmav\u00fa izbu<\/strong><\/h2>\n<p>Je rovnako d\u00f4le\u017eit\u00e9 <strong>zn\u00ed\u017ei\u0165 osvetlenie vo va\u0161ej izbe, \u010di sp\u00e1lni na minimum<\/strong>. N\u00e1sledne va\u0161e telo produkuje melaton\u00edn neust\u00e1le po\u010das celej noci. Prim\u00e1rne zatemnite okn\u00e1 \u017eal\u00faziami alebo z\u00e1vesmi. Sekund\u00e1rne si zakryte digit\u00e1lny bud\u00edk alebo ho vyme\u0148te za analogick\u00fd. A v neposlednom rade, <strong>vypnite v\u0161etky digit\u00e1lne zariadenia, ktor\u00e9 svietia alebo akoko\u013evek inak \u017eiaria<\/strong>.<\/p>\n<h2><strong>Pou\u017e\u00edvajte spaciu masku po\u010das cestovania<\/strong><\/h2>\n<p>Ak cestujete, sp\u00edte v hoteli alebo u priate\u013ea v dome, je vhodn\u00e9 vzia\u0165 si so sebou spaciu masku. Va\u0161e o\u010di s\u00fa hlavn\u00fdm receptorom svetla, teda v podmienkach ni\u017e\u0161\u00edch, ne\u017e je optimum, dok\u00e1\u017ee maska sp\u00f4sobi\u0165 zna\u010dn\u00fd rozdiel.<\/p>\n","protected":false},"excerpt":{"rendered":"<p>Na\u0161e sp\u00e1nkov\u00e9 n\u00e1vyky s\u00fa usmer\u0148ovan\u00e9 cyklom striedania d\u0148a a noci, teda svetla a tmy. Nane\u0161\u0165astie, ovplyv\u0148uje ho aj neprirodzen\u00e9 svetlo, [&hellip;]<\/p>\n","protected":false},"author":38,"featured_media":5453,"comment_status":"open","ping_status":"open","sticky":false,"template":"","format":"standard","meta":{"footnotes":""},"categories":[2],"tags":[684,682,680,679,685,683,568,340,265,687,681,686,161,623],"global-categories":[],"class_list":["post-5449","post","type-post","status-publish","format-standard","has-post-thumbnail","hentry","category-zdravie-trening","tag-ako-zaspat","tag-den","tag-melatonin","tag-mobil","tag-modre-svetlo","tag-noc","tag-slnko","tag-spanok","tag-svetlo","tag-televizia","tag-tma","tag-tv","tag-zdravie","tag-zdravy-zivotny-styl"],"yoast_head":"<!-- This site is optimized with the Yoast SEO Premium plugin v25.3 (Yoast SEO v25.9) - https:\/\/yoast.com\/wordpress\/plugins\/seo\/ -->\n<title>Zlep\u0161ite svoj sp\u00e1nok \u2013 zbavte sa \u201emodr\u00e9ho svetla\u201c<\/title>\n<meta name=\"description\" content=\"Na\u0161e sp\u00e1nkov\u00e9 n\u00e1vyky s\u00fa usmer\u0148ovan\u00e9 cyklom striedania d\u0148a a noci, teda svetla a tmy. Nane\u0161\u0165astie, ovplyv\u0148uje ho aj neprirodzen\u00e9 svetlo.\" \/>\n<meta name=\"robots\" content=\"index, follow, max-snippet:-1, max-image-preview:large, max-video-preview:-1\" \/>\n<link rel=\"canonical\" href=\"https:\/\/www.welovecycling.com\/sk\/2018\/11\/16\/zlepsite-svoj-spanok-zbavte-sa-modreho-svetla\/\" \/>\n<meta property=\"og:locale\" content=\"sk_SK\" \/>\n<meta property=\"og:type\" content=\"article\" \/>\n<meta property=\"og:title\" content=\"Zlep\u0161ite svoj sp\u00e1nok \u2013 zbavte sa \u201emodr\u00e9ho svetla\u201c\" \/>\n<meta property=\"og:description\" content=\"Na\u0161e sp\u00e1nkov\u00e9 n\u00e1vyky s\u00fa usmer\u0148ovan\u00e9 cyklom striedania d\u0148a a noci, teda svetla a tmy. Nane\u0161\u0165astie, ovplyv\u0148uje ho aj neprirodzen\u00e9 svetlo.\" \/>\n<meta property=\"og:url\" content=\"https:\/\/www.welovecycling.com\/sk\/2018\/11\/16\/zlepsite-svoj-spanok-zbavte-sa-modreho-svetla\/\" \/>\n<meta property=\"og:site_name\" content=\"\u0160koda We Love Cycling Slovensko\" \/>\n<meta property=\"article:published_time\" content=\"2018-11-16T09:15:35+00:00\" \/>\n<meta property=\"article:modified_time\" content=\"2023-06-07T10:42:28+00:00\" \/>\n<meta property=\"og:image\" content=\"https:\/\/d2p6e6u75xmxt8.cloudfront.net\/4\/2018\/11\/Sleep-pexels-photo-271897.webp\" \/>\n\t<meta property=\"og:image:width\" content=\"1366\" \/>\n\t<meta property=\"og:image:height\" content=\"600\" \/>\n\t<meta property=\"og:image:type\" content=\"image\/webp\" \/>\n<meta name=\"author\" content=\"Ondrej Ga\u0161par\" \/>\n<meta name=\"twitter:card\" content=\"summary_large_image\" \/>\n<meta name=\"twitter:label1\" content=\"Written by\" \/>\n\t<meta name=\"twitter:data1\" content=\"Ji\u0159\u00ed Kalo\u010d\" \/>\n\t<meta name=\"twitter:label2\" content=\"Est. reading time\" \/>\n\t<meta name=\"twitter:data2\" content=\"5\" \/>\n<script type=\"application\/ld+json\" class=\"yoast-schema-graph\">{\"@context\":\"https:\/\/schema.org\",\"@graph\":[{\"@type\":\"WebPage\",\"@id\":\"https:\/\/www.welovecycling.com\/sk\/2018\/11\/16\/zlepsite-svoj-spanok-zbavte-sa-modreho-svetla\/\",\"url\":\"https:\/\/www.welovecycling.com\/sk\/2018\/11\/16\/zlepsite-svoj-spanok-zbavte-sa-modreho-svetla\/\",\"name\":\"Zlep\u0161ite svoj sp\u00e1nok \u2013 zbavte sa \u201emodr\u00e9ho svetla\u201c\",\"isPartOf\":{\"@id\":\"https:\/\/www.welovecycling.com\/sk\/#website\"},\"primaryImageOfPage\":{\"@id\":\"https:\/\/www.welovecycling.com\/sk\/2018\/11\/16\/zlepsite-svoj-spanok-zbavte-sa-modreho-svetla\/#primaryimage\"},\"image\":{\"@id\":\"https:\/\/www.welovecycling.com\/sk\/2018\/11\/16\/zlepsite-svoj-spanok-zbavte-sa-modreho-svetla\/#primaryimage\"},\"thumbnailUrl\":\"https:\/\/d2p6e6u75xmxt8.cloudfront.net\/4\/2018\/11\/Sleep-pexels-photo-271897.webp\",\"datePublished\":\"2018-11-16T09:15:35+00:00\",\"dateModified\":\"2023-06-07T10:42:28+00:00\",\"author\":{\"@id\":\"https:\/\/www.welovecycling.com\/sk\/#\/schema\/person\/8ee09ba39b7e25b1870160aa5b3a89bc\"},\"description\":\"Na\u0161e sp\u00e1nkov\u00e9 n\u00e1vyky s\u00fa usmer\u0148ovan\u00e9 cyklom striedania d\u0148a a noci, teda svetla a tmy. Nane\u0161\u0165astie, ovplyv\u0148uje ho aj neprirodzen\u00e9 svetlo.\",\"breadcrumb\":{\"@id\":\"https:\/\/www.welovecycling.com\/sk\/2018\/11\/16\/zlepsite-svoj-spanok-zbavte-sa-modreho-svetla\/#breadcrumb\"},\"inLanguage\":\"sk-SK\",\"potentialAction\":[{\"@type\":\"ReadAction\",\"target\":[\"https:\/\/www.welovecycling.com\/sk\/2018\/11\/16\/zlepsite-svoj-spanok-zbavte-sa-modreho-svetla\/\"]}]},{\"@type\":\"ImageObject\",\"inLanguage\":\"sk-SK\",\"@id\":\"https:\/\/www.welovecycling.com\/sk\/2018\/11\/16\/zlepsite-svoj-spanok-zbavte-sa-modreho-svetla\/#primaryimage\",\"url\":\"https:\/\/d2p6e6u75xmxt8.cloudfront.net\/4\/2018\/11\/Sleep-pexels-photo-271897.webp\",\"contentUrl\":\"https:\/\/d2p6e6u75xmxt8.cloudfront.net\/4\/2018\/11\/Sleep-pexels-photo-271897.webp\",\"width\":1366,\"height\":600},{\"@type\":\"BreadcrumbList\",\"@id\":\"https:\/\/www.welovecycling.com\/sk\/2018\/11\/16\/zlepsite-svoj-spanok-zbavte-sa-modreho-svetla\/#breadcrumb\",\"itemListElement\":[{\"@type\":\"ListItem\",\"position\":1,\"name\":\"Home\",\"item\":\"https:\/\/www.welovecycling.com\/sk\/\"},{\"@type\":\"ListItem\",\"position\":2,\"name\":\"Zlep\u0161ite svoj sp\u00e1nok \u2013 zbavte sa \u201emodr\u00e9ho svetla\u201c\"}]},{\"@type\":\"WebSite\",\"@id\":\"https:\/\/www.welovecycling.com\/sk\/#website\",\"url\":\"https:\/\/www.welovecycling.com\/sk\/\",\"name\":\"\u0160koda We Love Cycling Slovensko\",\"description\":\"\u0160koda We Love Cycling Slovensko je v\u00e1\u0161 ka\u017edodenn\u00fd zdroj noviniek a in\u0161pir\u00e1cie z sveta cyklistiky\",\"potentialAction\":[{\"@type\":\"SearchAction\",\"target\":{\"@type\":\"EntryPoint\",\"urlTemplate\":\"https:\/\/www.welovecycling.com\/sk\/?s={search_term_string}\"},\"query-input\":{\"@type\":\"PropertyValueSpecification\",\"valueRequired\":true,\"valueName\":\"search_term_string\"}}],\"inLanguage\":\"sk-SK\"},{\"@type\":\"Person\",\"@id\":\"https:\/\/www.welovecycling.com\/sk\/#\/schema\/person\/8ee09ba39b7e25b1870160aa5b3a89bc\",\"name\":\"Ondrej Ga\u0161par\",\"image\":{\"@type\":\"ImageObject\",\"inLanguage\":\"sk-SK\",\"@id\":\"https:\/\/www.welovecycling.com\/sk\/#\/schema\/person\/image\/\",\"url\":\"https:\/\/secure.gravatar.com\/avatar\/6126c9afb87b70da5abbb083ddbb21933da15f18f8ca7cb822aba0fb096a48f6?s=96&d=mm&r=g\",\"contentUrl\":\"https:\/\/secure.gravatar.com\/avatar\/6126c9afb87b70da5abbb083ddbb21933da15f18f8ca7cb822aba0fb096a48f6?s=96&d=mm&r=g\",\"caption\":\"Ondrej Ga\u0161par\"},\"url\":\"https:\/\/www.welovecycling.com\/sk\/author\/ondrejgaspar\/\"}]}<\/script>\n<!-- \/ Yoast SEO Premium plugin. -->","yoast_head_json":{"title":"Zlep\u0161ite svoj sp\u00e1nok \u2013 zbavte sa \u201emodr\u00e9ho svetla\u201c","description":"Na\u0161e sp\u00e1nkov\u00e9 n\u00e1vyky s\u00fa usmer\u0148ovan\u00e9 cyklom striedania d\u0148a a noci, teda svetla a tmy. Nane\u0161\u0165astie, ovplyv\u0148uje ho aj neprirodzen\u00e9 svetlo.","robots":{"index":"index","follow":"follow","max-snippet":"max-snippet:-1","max-image-preview":"max-image-preview:large","max-video-preview":"max-video-preview:-1"},"canonical":"https:\/\/www.welovecycling.com\/sk\/2018\/11\/16\/zlepsite-svoj-spanok-zbavte-sa-modreho-svetla\/","og_locale":"sk_SK","og_type":"article","og_title":"Zlep\u0161ite svoj sp\u00e1nok \u2013 zbavte sa \u201emodr\u00e9ho svetla\u201c","og_description":"Na\u0161e sp\u00e1nkov\u00e9 n\u00e1vyky s\u00fa usmer\u0148ovan\u00e9 cyklom striedania d\u0148a a noci, teda svetla a tmy. Nane\u0161\u0165astie, ovplyv\u0148uje ho aj neprirodzen\u00e9 svetlo.","og_url":"https:\/\/www.welovecycling.com\/sk\/2018\/11\/16\/zlepsite-svoj-spanok-zbavte-sa-modreho-svetla\/","og_site_name":"\u0160koda We Love Cycling Slovensko","article_published_time":"2018-11-16T09:15:35+00:00","article_modified_time":"2023-06-07T10:42:28+00:00","og_image":[{"width":1366,"height":600,"url":"https:\/\/d2p6e6u75xmxt8.cloudfront.net\/4\/2018\/11\/Sleep-pexels-photo-271897.webp","type":"image\/webp"}],"author":"Ondrej Ga\u0161par","twitter_card":"summary_large_image","twitter_misc":{"Written by":"Ji\u0159\u00ed Kalo\u010d","Est. reading time":"5"},"schema":{"@context":"https:\/\/schema.org","@graph":[{"@type":"WebPage","@id":"https:\/\/www.welovecycling.com\/sk\/2018\/11\/16\/zlepsite-svoj-spanok-zbavte-sa-modreho-svetla\/","url":"https:\/\/www.welovecycling.com\/sk\/2018\/11\/16\/zlepsite-svoj-spanok-zbavte-sa-modreho-svetla\/","name":"Zlep\u0161ite svoj sp\u00e1nok \u2013 zbavte sa \u201emodr\u00e9ho svetla\u201c","isPartOf":{"@id":"https:\/\/www.welovecycling.com\/sk\/#website"},"primaryImageOfPage":{"@id":"https:\/\/www.welovecycling.com\/sk\/2018\/11\/16\/zlepsite-svoj-spanok-zbavte-sa-modreho-svetla\/#primaryimage"},"image":{"@id":"https:\/\/www.welovecycling.com\/sk\/2018\/11\/16\/zlepsite-svoj-spanok-zbavte-sa-modreho-svetla\/#primaryimage"},"thumbnailUrl":"https:\/\/d2p6e6u75xmxt8.cloudfront.net\/4\/2018\/11\/Sleep-pexels-photo-271897.webp","datePublished":"2018-11-16T09:15:35+00:00","dateModified":"2023-06-07T10:42:28+00:00","author":{"@id":"https:\/\/www.welovecycling.com\/sk\/#\/schema\/person\/8ee09ba39b7e25b1870160aa5b3a89bc"},"description":"Na\u0161e sp\u00e1nkov\u00e9 n\u00e1vyky s\u00fa usmer\u0148ovan\u00e9 cyklom striedania d\u0148a a noci, teda svetla a tmy. Nane\u0161\u0165astie, ovplyv\u0148uje ho aj neprirodzen\u00e9 svetlo.","breadcrumb":{"@id":"https:\/\/www.welovecycling.com\/sk\/2018\/11\/16\/zlepsite-svoj-spanok-zbavte-sa-modreho-svetla\/#breadcrumb"},"inLanguage":"sk-SK","potentialAction":[{"@type":"ReadAction","target":["https:\/\/www.welovecycling.com\/sk\/2018\/11\/16\/zlepsite-svoj-spanok-zbavte-sa-modreho-svetla\/"]}]},{"@type":"ImageObject","inLanguage":"sk-SK","@id":"https:\/\/www.welovecycling.com\/sk\/2018\/11\/16\/zlepsite-svoj-spanok-zbavte-sa-modreho-svetla\/#primaryimage","url":"https:\/\/d2p6e6u75xmxt8.cloudfront.net\/4\/2018\/11\/Sleep-pexels-photo-271897.webp","contentUrl":"https:\/\/d2p6e6u75xmxt8.cloudfront.net\/4\/2018\/11\/Sleep-pexels-photo-271897.webp","width":1366,"height":600},{"@type":"BreadcrumbList","@id":"https:\/\/www.welovecycling.com\/sk\/2018\/11\/16\/zlepsite-svoj-spanok-zbavte-sa-modreho-svetla\/#breadcrumb","itemListElement":[{"@type":"ListItem","position":1,"name":"Home","item":"https:\/\/www.welovecycling.com\/sk\/"},{"@type":"ListItem","position":2,"name":"Zlep\u0161ite svoj sp\u00e1nok \u2013 zbavte sa \u201emodr\u00e9ho svetla\u201c"}]},{"@type":"WebSite","@id":"https:\/\/www.welovecycling.com\/sk\/#website","url":"https:\/\/www.welovecycling.com\/sk\/","name":"\u0160koda We Love Cycling Slovensko","description":"\u0160koda We Love Cycling Slovensko je v\u00e1\u0161 ka\u017edodenn\u00fd zdroj noviniek a in\u0161pir\u00e1cie z sveta cyklistiky","potentialAction":[{"@type":"SearchAction","target":{"@type":"EntryPoint","urlTemplate":"https:\/\/www.welovecycling.com\/sk\/?s={search_term_string}"},"query-input":{"@type":"PropertyValueSpecification","valueRequired":true,"valueName":"search_term_string"}}],"inLanguage":"sk-SK"},{"@type":"Person","@id":"https:\/\/www.welovecycling.com\/sk\/#\/schema\/person\/8ee09ba39b7e25b1870160aa5b3a89bc","name":"Ondrej Ga\u0161par","image":{"@type":"ImageObject","inLanguage":"sk-SK","@id":"https:\/\/www.welovecycling.com\/sk\/#\/schema\/person\/image\/","url":"https:\/\/secure.gravatar.com\/avatar\/6126c9afb87b70da5abbb083ddbb21933da15f18f8ca7cb822aba0fb096a48f6?s=96&d=mm&r=g","contentUrl":"https:\/\/secure.gravatar.com\/avatar\/6126c9afb87b70da5abbb083ddbb21933da15f18f8ca7cb822aba0fb096a48f6?s=96&d=mm&r=g","caption":"Ondrej Ga\u0161par"},"url":"https:\/\/www.welovecycling.com\/sk\/author\/ondrejgaspar\/"}]}},"_links":{"self":[{"href":"https:\/\/www.welovecycling.com\/sk\/wp-json\/wp\/v2\/posts\/5449","targetHints":{"allow":["GET"]}}],"collection":[{"href":"https:\/\/www.welovecycling.com\/sk\/wp-json\/wp\/v2\/posts"}],"about":[{"href":"https:\/\/www.welovecycling.com\/sk\/wp-json\/wp\/v2\/types\/post"}],"author":[{"embeddable":true,"href":"https:\/\/www.welovecycling.com\/sk\/wp-json\/wp\/v2\/users\/38"}],"replies":[{"embeddable":true,"href":"https:\/\/www.welovecycling.com\/sk\/wp-json\/wp\/v2\/comments?post=5449"}],"version-history":[{"count":2,"href":"https:\/\/www.welovecycling.com\/sk\/wp-json\/wp\/v2\/posts\/5449\/revisions"}],"predecessor-version":[{"id":5456,"href":"https:\/\/www.welovecycling.com\/sk\/wp-json\/wp\/v2\/posts\/5449\/revisions\/5456"}],"wp:featuredmedia":[{"embeddable":true,"href":"https:\/\/www.welovecycling.com\/sk\/wp-json\/wp\/v2\/media\/5453"}],"wp:attachment":[{"href":"https:\/\/www.welovecycling.com\/sk\/wp-json\/wp\/v2\/media?parent=5449"}],"wp:term":[{"taxonomy":"category","embeddable":true,"href":"https:\/\/www.welovecycling.com\/sk\/wp-json\/wp\/v2\/categories?post=5449"},{"taxonomy":"post_tag","embeddable":true,"href":"https:\/\/www.welovecycling.com\/sk\/wp-json\/wp\/v2\/tags?post=5449"},{"taxonomy":"global-categories","embeddable":true,"href":"https:\/\/www.welovecycling.com\/sk\/wp-json\/wp\/v2\/global-categories?post=5449"}],"curies":[{"name":"wp","href":"https:\/\/api.w.org\/{rel}","templated":true}]}}