{"id":5417,"date":"2018-11-19T11:58:05","date_gmt":"2018-11-19T10:58:05","guid":{"rendered":"https:\/\/www.welovecycling.com\/sk\/?p=5417"},"modified":"2019-11-21T09:28:06","modified_gmt":"2019-11-21T08:28:06","slug":"rozhovor-nahliadnutie-do-profi-pelotonu-s-hlavnym-mechanikom-timu-bora-hansgrohe","status":"publish","type":"post","link":"https:\/\/www.welovecycling.com\/sk\/2018\/11\/19\/rozhovor-nahliadnutie-do-profi-pelotonu-s-hlavnym-mechanikom-timu-bora-hansgrohe\/","title":{"rendered":"Rozhovor: Nahliadnutie do profi pelot\u00f3nu s hlavn\u00fdm mechanikom t\u00edmu BORA-hansgrohe"},"content":{"rendered":"<p><strong>Sez\u00f3na 2018 je \u00faspe\u0161ne za nami, a tak samotn\u00ed cyklisti, ako aj ich podporn\u00fd t\u00edm, si m\u00f4\u017eu dopria\u0165 vyt\u00fa\u017een\u00fd odpo\u010dinok. Preto sme vyu\u017eili pr\u00edle\u017eitos\u0165 a spojili sme sa s Gerdom Kodanikom, hlavn\u00fdm mechanikom BORA-hansgrohe. V\u010faka jeho \u00fastretovosti n\u00e1m dovolil nahliadnu\u0165 do \u017eivota profi cyklistov, ktor\u00fd sa odohr\u00e1va vtedy, ke\u010f sa vypn\u00fa kamery a fotoapar\u00e1ty.<\/strong><br \/>\n<!--more--><\/p>\n<p><strong>Mohol by si n\u00e1m poveda\u0165 nie\u010do o tvojich za\u010diatkoch na poste cyklistick\u00e9ho mechanika? Ako sa to cel\u00e9 za\u010dalo?<\/strong><br \/>\n<em>Jazdil som e\u0161te v juniorsk\u00fdch kateg\u00f3ri\u00e1ch. Potom som sa rozhodol nast\u00fapi\u0165 do arm\u00e1dy. Po nej som sa chcel zamestna\u0165 niekde v bl\u00edzkosti bicyklov, tak som sa stal t\u00edmov\u00fdm mechanikom.<\/em><\/p>\n<p><strong>BORA-hansgrohe asi nie je tvoj prv\u00fd t\u00edm, je to tak?<\/strong><br \/>\n<em>Za\u010d\u00ednal som v t\u00edme Kalev Chocolate, ktor\u00fd pretekal na kontinent\u00e1lnej \u00farovni. V roku 2012 som nast\u00fapil do Pro-kontinent\u00e1lneho t\u00edmu Champion-Systems a od roku 2013 po dne\u0161ok, som pracoval s t\u00edmami Ralpha Denka: NetApp-Endura, BORA-Argon18 a v tejto dobe v BORA-hansgrohe na World-Tour \u00farovni.<\/em><\/p>\n<figure id=\"attachment_5418\" aria-describedby=\"caption-attachment-5418\" style=\"width: 1396px\" class=\"wp-caption alignnone\"><a href=\"https:\/\/d2p6e6u75xmxt8.cloudfront.net\/4\/2018\/11\/Gerd-Kodanik-BORA-Hansgrohes-head-mechanic-2-1.jpg\"><img loading=\"lazy\" decoding=\"async\" class=\"size-full wp-image-5418\" src=\"https:\/\/d2p6e6u75xmxt8.cloudfront.net\/4\/2018\/11\/Gerd-Kodanik-BORA-Hansgrohes-head-mechanic-2-1.jpg\" alt=\"\" width=\"1396\" height=\"918\" \/><\/a><figcaption id=\"caption-attachment-5418\" class=\"wp-caption-text\">Na pretekoch<\/figcaption><\/figure>\n<p><strong>A teraz k jadru veci. Noc pred pretekmi \u2013 ak\u00e9 s\u00fa povinnosti t\u00edmov\u00e9ho mechanika a pl\u00e1ny? Ktor\u00e9 s\u00fa k\u013e\u00fa\u010dov\u00e9 \u010dasti?<\/strong><br \/>\n<em>Za\u010d\u00edname \u010disten\u00edm bicyklov. Po\u010das toho taktie\u017e kontrolujeme v\u0161etky komponenty, po\u010d\u00ednaj\u00fac brzdov\u00fdmi platni\u010dkami, a\u017e po pl\u00e1\u0161te, re\u0165az, at\u010f&#8230; Vymen\u00edme v\u0161etko potrebn\u00e9 a nakoniec pre istotu skontrolujeme e\u0161te raz stav bat\u00e9rie pre radenie. Niekedy tak\u00fdto proces trv\u00e1 a\u017e do polnoci. To z\u00e1le\u017e\u00ed na tom, ako \u010faleko sme od predch\u00e1dzaj\u00faceho cie\u013eov\u00e9ho miesta ubytovan\u00ed. Ale ak nastane po\u010das pretekov nejak\u00fd v\u00e1\u017eny probl\u00e9m a potrebujeme posklada\u0165 nov\u00fd bicykel, vtedy pracujeme e\u0161te o nie\u010do dlh\u0161ie.<\/em><\/p>\n<p><strong>Ako vyzer\u00e1 r\u00e1no pred pretekmi z poh\u013eadu t\u00edmu a, samozrejme, teba?<\/strong><br \/>\n<em>St\u00e1le je mno\u017estvo vec\u00ed, ktor\u00e9 je potrebn\u00e9 urobi\u0165, av\u0161ak v\u00e4\u010d\u0161inu z nich sa sna\u017e\u00edme urobi\u0165 e\u0161te po\u010das predch\u00e1dzaj\u00faceho ve\u010dera. R\u00e1no vybal\u00edme, respekt\u00edve vylo\u017e\u00edme bicykle z kami\u00f3na a dof\u00fakame pl\u00e1\u0161te na hodnotu, ktor\u00e1 je po\u017eadovan\u00e1 vzh\u013eadom na podmienky panuj\u00face v konkr\u00e9tny de\u0148. Nakoniec namontujeme bicykle na strechy t\u00edmov\u00fdch \u00e1ut. Na \u0161tarte mus\u00edme op\u00e4tovne skontrolova\u0165, \u010di je v\u0161etko pripraven\u00e9 pod\u013ea pl\u00e1nu. Najm\u00e4 mera\u010de v\u00fdkonu a pod&#8230;<\/em><\/p>\n<p><strong>\u010co bolo pod\u013ea teba najv\u00e4\u010d\u0161ou v\u00fdzvou, s ktorou si sa musel popasova\u0165 po\u010das pretekov?<\/strong><br \/>\n<em>Nepovedal by som, \u017ee moja pr\u00e1ca je pr\u00e1ve \u201eve\u013ekou v\u00fdzvou\u201c, ale v\u017edy potrebujem detailne sledova\u0165 priebeh pretekov, z d\u00f4vodu, ak by sa prihodili defekty, p\u00e1dy a podobn\u00e9 nepr\u00edjemn\u00e9 z\u00e1le\u017eitosti. Pr\u00e1ve vtedy je skuto\u010dne d\u00f4le\u017eit\u00e9 by\u0165 r\u00fdchly. To je pod\u013ea m\u0148a tou najv\u00e4\u010d\u0161ou v\u00fdzvou.<\/em><\/p>\n<figure id=\"attachment_5419\" aria-describedby=\"caption-attachment-5419\" style=\"width: 1250px\" class=\"wp-caption alignnone\"><a href=\"https:\/\/d2p6e6u75xmxt8.cloudfront.net\/4\/2018\/11\/profimedia-0378189092.jpg\"><img loading=\"lazy\" decoding=\"async\" class=\"size-full wp-image-5419\" src=\"https:\/\/d2p6e6u75xmxt8.cloudfront.net\/4\/2018\/11\/profimedia-0378189092.jpg\" alt=\"\" width=\"1250\" height=\"833\" \/><\/a><figcaption id=\"caption-attachment-5419\" class=\"wp-caption-text\">Peter Sagan, BORA \u2013 hansgrohe, po\u010das 10. etapy Tour de France, smeruj\u00facej z Annecy do le Grand Bornand, 17. j\u00fala 2018<\/figcaption><\/figure>\n<p><strongAk\u00e9 s\u00fa 3 najv\u00e4\u010d\u0161ie no\u010dn\u00e9 mory v \u017eivote mechanike po\u010das pretekov?<\/strong><br \/>\n<em>Ur\u010dite je to nie\u010do ako v\u00fdmena troch r\u00e1mov po ve\u013ekom p\u00e1de a e\u0161te k tomu v da\u017edivom po\u010das\u00ed. Ale \u00faprimne, povedal by som, \u017ee v\u00fdstavba nov\u00e9ho bicykla po\u010das noci je naozaj n\u00e1ro\u010dn\u00e1. Niekedy, ke\u010f pretek\u00e1ri dostan\u00fa nov\u00e9 bicykle alebo si vymenia model za in\u00fd, spr\u00e1vne nastavenie posedu a celkovo bicykla, je n\u00e1ro\u010dnou \u00falohou pr\u00e1ve pre n\u00e1s, mechanikov.<\/em><\/p>\n<p><strong>Defekty s\u00fa pre amat\u00e9rov ve\u010dnou ot\u00e1zkou. Pre\u010do ich je tak ve\u013ea? Amat\u00e9ri sa s nimi stret\u00e1vaj\u00fa rovnako \u010dasto ako prof\u00edci, s t\u00fdm rozdielom, \u017ee si ich musia vyrie\u0161i\u0165 sami. M\u00e1\u0161 nejak\u00e9 vlastn\u00e9 vysvetlenie, pre\u010do je tomu tak?<\/strong><br \/>\n<em>Aby som bol \u00faprimn\u00fd, po\u010das posledn\u00fdch pretekov sme nezaznamenali a\u017e to\u013eko defektov. Pl\u00e1\u0161te a galusky sa naozaj zlep\u0161ili po technickej str\u00e1nke, a taktie\u017e pou\u017e\u00edvame viacer\u00e9 r\u00f4zne pl\u00e1\u0161te pre odli\u0161n\u00e9 podmienky, ak\u00fdmi s\u00fa \u010dasovka \u010di pav\u00e9. Ak aj v telev\u00edzii zazrie\u0161 nejak\u00fd defekt, pov\u00e4\u010d\u0161ine to nie s\u00fa jazdci n\u00e1\u0161ho t\u00edmu.<\/em><\/p>\n<p><strong>Ktor\u00e1 je pre teba a tvoj t\u00edm naj\u0165a\u017e\u0161ia Grand Tour? A ktor\u00e1 je najkraj\u0161ia?<\/strong><br \/>\n<em>Tour de France je naj\u0165a\u017e\u0161ia z d\u00f4vodu tlaku, ktor\u00fd po\u010das pretekov poci\u0165ujeme. Je to preto, lebo tieto preteky s\u00fa najd\u00f4le\u017eitej\u0161\u00edm podujat\u00edm sez\u00f3ny, najm\u00e4 pre sponzorov. Ako ste si mohli v\u0161imn\u00fa\u0165, s\u00fastre\u010fuje sa tu ve\u013ek\u00e1 medi\u00e1lna pozornos\u0165, \u010do prid\u00e1va k stresu mechanikov a cel\u00e9ho t\u00edmu. Vuelta je najkraj\u0161ia. Uvo\u013enen\u00e1 atmosf\u00e9ra, po\u010das ktorej si m\u00f4\u017ee\u0161 v\u00e4\u010d\u0161mi vychutna\u0165 pr\u00e1cu, ako aj samotn\u00e9 preteky.<\/em><\/p>\n<figure id=\"attachment_5420\" aria-describedby=\"caption-attachment-5420\" style=\"width: 1396px\" class=\"wp-caption alignnone\"><a href=\"https:\/\/d2p6e6u75xmxt8.cloudfront.net\/4\/2018\/11\/Gerd-Kodanik-BORA-Hansgrohes-head-mechanic-1.jpg\"><img loading=\"lazy\" decoding=\"async\" class=\"size-full wp-image-5420\" src=\"https:\/\/d2p6e6u75xmxt8.cloudfront.net\/4\/2018\/11\/Gerd-Kodanik-BORA-Hansgrohes-head-mechanic-1.jpg\" alt=\"\" width=\"1396\" height=\"918\" \/><\/a><figcaption id=\"caption-attachment-5420\" class=\"wp-caption-text\">Gerd Kodanik po\u010das pr\u00e1ce. \u00a9 BORA &#8211; hansgrohe \/ VeloImages<\/figcaption><\/figure>\n<p><strong>Ak\u00fd je tvoj ob\u013e\u00faben\u00fd monument (jedna z 5 najd\u00f4le\u017eitej\u0161\u00edch jarn\u00fdch klas\u00edk)?<\/strong><br \/>\n<em>Mil\u00e1no-San Remo. Preto\u017ee dojazd je v\u017edy v\u00fdnimo\u010dn\u00fd. Nikdy si nem\u00f4\u017ee\u0161 by\u0165 ist\u00fd, \u010di sa bude fini\u0161ova\u0165 v \u0161printe, alebo si niekto nast\u00fapi.<\/em><\/p>\n<p><strong>Naj\u0165a\u017e\u0161ia z nich z h\u013eadiska organiz\u00e1cie t\u00edmu?<\/strong><br \/>\n<em>Pravda\u017ee Par\u00ed\u017e-Roubaix. U\u017e len po\u010das samotn\u00fdch \u00favodn\u00fdch pr\u00edprav. Od Specialized-u dost\u00e1vame \u0161peci\u00e1lne bicykle, odli\u0161n\u00e9 pl\u00e1\u0161te a celkovo ve\u013ea vec\u00ed. Najprv sk\u00fa\u0161ame s jazdcami r\u00f4zne konfigur\u00e1cie bicyklov, niekedy aj pol roka pred pretekmi. Ke\u010f sa skon\u010dia pr\u00edpravy, na podujat\u00ed ako Roubaix je v\u017edy \u010do robi\u0165. Mno\u017estvo defektov, p\u00e1dov, niekedy sa men\u00ed aj cel\u00fd bicykel&#8230; Tieto preteky s\u00fa n\u00e1ro\u010dn\u00e9 aj pre samotn\u00e9 aut\u00e1. Je to skuto\u010dne nam\u00e1hav\u00fd de\u0148 pre ka\u017ed\u00e9ho z\u00fa\u010dastnen\u00e9ho.<\/em><\/p>\n<p><strong>Ako odborn\u00edk vo svojom remesle, \u010do si mysl\u00ed\u0161, \u017ee bude najbli\u017e\u0161ou novinkou v oblasti cyklistiky? Tak pre prof\u00edkov, ako aj amat\u00e9rov?<\/strong><br \/>\n<em>Netu\u0161\u00edm, \u010do sa v bud\u00facnosti objav\u00ed, ale v s\u00fa\u010dasnosti s\u00fa ve\u013ekou zmenou v tomto \u0161porte kot\u00fa\u010dov\u00e9 brzdy. Zmena nastala u\u017e po\u010das tohto roka. V roku 2019 bude ka\u017ed\u00fd jazdec n\u00e1\u0161ho t\u00edmu disponova\u0165 kot\u00fa\u010dov\u00fdmi brzdami.<\/em><\/p>\n<p><strong>Tvoje 3 tipy, ako sa pr\u00edkladne stara\u0165 o svoj bicykel v dom\u00e1com prostred\u00ed?<\/strong><em><\/p>\n<ul>\n<li>Um\u00fdvajte svoj bicykel pravidelne.<\/li>\n<li>Pravidelne si kontrolujte stav brzdov\u00fdch platni\u010diek.<\/li>\n<li>Taktie\u017e nezab\u00fadajte na kontrolu pl\u00e1\u0161\u0165ov.<\/li>\n<\/ul>\n<p><\/em><\/p>\n","protected":false},"excerpt":{"rendered":"<p>Sez\u00f3na 2018 je \u00faspe\u0161ne za nami, a tak samotn\u00ed cyklisti, ako aj ich podporn\u00fd t\u00edm, si m\u00f4\u017eu dopria\u0165 vyt\u00fa\u017een\u00fd odpo\u010dinok. [&hellip;]<\/p>\n","protected":false},"author":38,"featured_media":5422,"comment_status":"open","ping_status":"open","sticky":false,"template":"","format":"standard","meta":{"footnotes":""},"categories":[4,117,217],"tags":[160,115,487,331,126,621,179,190,501,563,668,564,667,556],"global-categories":[],"class_list":["post-5417","post","type-post","status-publish","format-standard","has-post-thumbnail","hentry","category-cestna-cyklisitika","category-tour-de-france","category-vuelta-a-espana","tag-bora-hansgrohe","tag-cestna-cyklistika","tag-cestny-bicykel","tag-etapove-preteky","tag-neutralne-servisne-vozidla","tag-ochrana","tag-preteky","tag-priprava","tag-rozhovor","tag-servis","tag-servisak","tag-starostlivost","tag-technik","tag-tim"],"yoast_head":"<!-- This site is optimized with the Yoast SEO Premium plugin v25.3 (Yoast SEO v25.9) - https:\/\/yoast.com\/wordpress\/plugins\/seo\/ -->\n<title>Rozhovor: Nahliadnutie do profi pelot\u00f3nu s hlavn\u00fdm mechanikom t\u00edmu BORA-hansgrohe - \u0160koda We Love Cycling Slovensko<\/title>\n<meta name=\"robots\" content=\"index, follow, max-snippet:-1, max-image-preview:large, max-video-preview:-1\" \/>\n<link rel=\"canonical\" href=\"https:\/\/www.welovecycling.com\/sk\/2018\/11\/19\/rozhovor-nahliadnutie-do-profi-pelotonu-s-hlavnym-mechanikom-timu-bora-hansgrohe\/\" \/>\n<meta property=\"og:locale\" content=\"sk_SK\" \/>\n<meta property=\"og:type\" content=\"article\" \/>\n<meta property=\"og:title\" content=\"Rozhovor: Nahliadnutie do profi pelot\u00f3nu s hlavn\u00fdm mechanikom t\u00edmu BORA-hansgrohe\" \/>\n<meta property=\"og:description\" content=\"Sez\u00f3na 2018 je \u00faspe\u0161ne za nami, a tak samotn\u00ed cyklisti, ako aj ich podporn\u00fd t\u00edm, si m\u00f4\u017eu dopria\u0165 vyt\u00fa\u017een\u00fd odpo\u010dinok. [&hellip;]\" \/>\n<meta property=\"og:url\" content=\"https:\/\/www.welovecycling.com\/sk\/2018\/11\/19\/rozhovor-nahliadnutie-do-profi-pelotonu-s-hlavnym-mechanikom-timu-bora-hansgrohe\/\" \/>\n<meta property=\"og:site_name\" content=\"\u0160koda We Love Cycling Slovensko\" \/>\n<meta property=\"article:published_time\" content=\"2018-11-19T10:58:05+00:00\" \/>\n<meta property=\"article:modified_time\" content=\"2019-11-21T08:28:06+00:00\" \/>\n<meta property=\"og:image\" content=\"https:\/\/d2p6e6u75xmxt8.cloudfront.net\/4\/2018\/11\/Gerd-Kodanik-BORA-Hansgrohes-head-mechanic.webp\" \/>\n\t<meta property=\"og:image:width\" content=\"1366\" \/>\n\t<meta property=\"og:image:height\" content=\"600\" \/>\n\t<meta property=\"og:image:type\" content=\"image\/webp\" \/>\n<meta name=\"author\" content=\"Ondrej Ga\u0161par\" \/>\n<meta name=\"twitter:card\" content=\"summary_large_image\" \/>\n<meta name=\"twitter:label1\" content=\"Written by\" \/>\n\t<meta name=\"twitter:data1\" content=\"Jonathan Bouchard (Polska \u00e0 v\u00e9lo)\" \/>\n\t<meta name=\"twitter:label2\" content=\"Est. reading time\" \/>\n\t<meta name=\"twitter:data2\" content=\"7\" \/>\n<script type=\"application\/ld+json\" class=\"yoast-schema-graph\">{\"@context\":\"https:\/\/schema.org\",\"@graph\":[{\"@type\":\"WebPage\",\"@id\":\"https:\/\/www.welovecycling.com\/sk\/2018\/11\/19\/rozhovor-nahliadnutie-do-profi-pelotonu-s-hlavnym-mechanikom-timu-bora-hansgrohe\/\",\"url\":\"https:\/\/www.welovecycling.com\/sk\/2018\/11\/19\/rozhovor-nahliadnutie-do-profi-pelotonu-s-hlavnym-mechanikom-timu-bora-hansgrohe\/\",\"name\":\"Rozhovor: Nahliadnutie do profi pelot\u00f3nu s hlavn\u00fdm mechanikom t\u00edmu BORA-hansgrohe - \u0160koda We Love Cycling Slovensko\",\"isPartOf\":{\"@id\":\"https:\/\/www.welovecycling.com\/sk\/#website\"},\"primaryImageOfPage\":{\"@id\":\"https:\/\/www.welovecycling.com\/sk\/2018\/11\/19\/rozhovor-nahliadnutie-do-profi-pelotonu-s-hlavnym-mechanikom-timu-bora-hansgrohe\/#primaryimage\"},\"image\":{\"@id\":\"https:\/\/www.welovecycling.com\/sk\/2018\/11\/19\/rozhovor-nahliadnutie-do-profi-pelotonu-s-hlavnym-mechanikom-timu-bora-hansgrohe\/#primaryimage\"},\"thumbnailUrl\":\"https:\/\/d2p6e6u75xmxt8.cloudfront.net\/4\/2018\/11\/Gerd-Kodanik-BORA-Hansgrohes-head-mechanic.webp\",\"datePublished\":\"2018-11-19T10:58:05+00:00\",\"dateModified\":\"2019-11-21T08:28:06+00:00\",\"author\":{\"@id\":\"https:\/\/www.welovecycling.com\/sk\/#\/schema\/person\/8ee09ba39b7e25b1870160aa5b3a89bc\"},\"breadcrumb\":{\"@id\":\"https:\/\/www.welovecycling.com\/sk\/2018\/11\/19\/rozhovor-nahliadnutie-do-profi-pelotonu-s-hlavnym-mechanikom-timu-bora-hansgrohe\/#breadcrumb\"},\"inLanguage\":\"sk-SK\",\"potentialAction\":[{\"@type\":\"ReadAction\",\"target\":[\"https:\/\/www.welovecycling.com\/sk\/2018\/11\/19\/rozhovor-nahliadnutie-do-profi-pelotonu-s-hlavnym-mechanikom-timu-bora-hansgrohe\/\"]}]},{\"@type\":\"ImageObject\",\"inLanguage\":\"sk-SK\",\"@id\":\"https:\/\/www.welovecycling.com\/sk\/2018\/11\/19\/rozhovor-nahliadnutie-do-profi-pelotonu-s-hlavnym-mechanikom-timu-bora-hansgrohe\/#primaryimage\",\"url\":\"https:\/\/d2p6e6u75xmxt8.cloudfront.net\/4\/2018\/11\/Gerd-Kodanik-BORA-Hansgrohes-head-mechanic.webp\",\"contentUrl\":\"https:\/\/d2p6e6u75xmxt8.cloudfront.net\/4\/2018\/11\/Gerd-Kodanik-BORA-Hansgrohes-head-mechanic.webp\",\"width\":1366,\"height\":600},{\"@type\":\"BreadcrumbList\",\"@id\":\"https:\/\/www.welovecycling.com\/sk\/2018\/11\/19\/rozhovor-nahliadnutie-do-profi-pelotonu-s-hlavnym-mechanikom-timu-bora-hansgrohe\/#breadcrumb\",\"itemListElement\":[{\"@type\":\"ListItem\",\"position\":1,\"name\":\"Home\",\"item\":\"https:\/\/www.welovecycling.com\/sk\/\"},{\"@type\":\"ListItem\",\"position\":2,\"name\":\"Rozhovor: Nahliadnutie do profi pelot\u00f3nu s hlavn\u00fdm mechanikom t\u00edmu BORA-hansgrohe\"}]},{\"@type\":\"WebSite\",\"@id\":\"https:\/\/www.welovecycling.com\/sk\/#website\",\"url\":\"https:\/\/www.welovecycling.com\/sk\/\",\"name\":\"\u0160koda We Love Cycling Slovensko\",\"description\":\"\u0160koda We Love Cycling Slovensko je v\u00e1\u0161 ka\u017edodenn\u00fd zdroj noviniek a in\u0161pir\u00e1cie z sveta cyklistiky\",\"potentialAction\":[{\"@type\":\"SearchAction\",\"target\":{\"@type\":\"EntryPoint\",\"urlTemplate\":\"https:\/\/www.welovecycling.com\/sk\/?s={search_term_string}\"},\"query-input\":{\"@type\":\"PropertyValueSpecification\",\"valueRequired\":true,\"valueName\":\"search_term_string\"}}],\"inLanguage\":\"sk-SK\"},{\"@type\":\"Person\",\"@id\":\"https:\/\/www.welovecycling.com\/sk\/#\/schema\/person\/8ee09ba39b7e25b1870160aa5b3a89bc\",\"name\":\"Ondrej Ga\u0161par\",\"image\":{\"@type\":\"ImageObject\",\"inLanguage\":\"sk-SK\",\"@id\":\"https:\/\/www.welovecycling.com\/sk\/#\/schema\/person\/image\/\",\"url\":\"https:\/\/secure.gravatar.com\/avatar\/6126c9afb87b70da5abbb083ddbb21933da15f18f8ca7cb822aba0fb096a48f6?s=96&d=mm&r=g\",\"contentUrl\":\"https:\/\/secure.gravatar.com\/avatar\/6126c9afb87b70da5abbb083ddbb21933da15f18f8ca7cb822aba0fb096a48f6?s=96&d=mm&r=g\",\"caption\":\"Ondrej Ga\u0161par\"},\"url\":\"https:\/\/www.welovecycling.com\/sk\/author\/ondrejgaspar\/\"}]}<\/script>\n<!-- \/ Yoast SEO Premium plugin. -->","yoast_head_json":{"title":"Rozhovor: Nahliadnutie do profi pelot\u00f3nu s hlavn\u00fdm mechanikom t\u00edmu BORA-hansgrohe - \u0160koda We Love Cycling Slovensko","robots":{"index":"index","follow":"follow","max-snippet":"max-snippet:-1","max-image-preview":"max-image-preview:large","max-video-preview":"max-video-preview:-1"},"canonical":"https:\/\/www.welovecycling.com\/sk\/2018\/11\/19\/rozhovor-nahliadnutie-do-profi-pelotonu-s-hlavnym-mechanikom-timu-bora-hansgrohe\/","og_locale":"sk_SK","og_type":"article","og_title":"Rozhovor: Nahliadnutie do profi pelot\u00f3nu s hlavn\u00fdm mechanikom t\u00edmu BORA-hansgrohe","og_description":"Sez\u00f3na 2018 je \u00faspe\u0161ne za nami, a tak samotn\u00ed cyklisti, ako aj ich podporn\u00fd t\u00edm, si m\u00f4\u017eu dopria\u0165 vyt\u00fa\u017een\u00fd odpo\u010dinok. [&hellip;]","og_url":"https:\/\/www.welovecycling.com\/sk\/2018\/11\/19\/rozhovor-nahliadnutie-do-profi-pelotonu-s-hlavnym-mechanikom-timu-bora-hansgrohe\/","og_site_name":"\u0160koda We Love Cycling Slovensko","article_published_time":"2018-11-19T10:58:05+00:00","article_modified_time":"2019-11-21T08:28:06+00:00","og_image":[{"width":1366,"height":600,"url":"https:\/\/d2p6e6u75xmxt8.cloudfront.net\/4\/2018\/11\/Gerd-Kodanik-BORA-Hansgrohes-head-mechanic.webp","type":"image\/webp"}],"author":"Ondrej Ga\u0161par","twitter_card":"summary_large_image","twitter_misc":{"Written by":"Jonathan Bouchard (Polska \u00e0 v\u00e9lo)","Est. reading time":"7"},"schema":{"@context":"https:\/\/schema.org","@graph":[{"@type":"WebPage","@id":"https:\/\/www.welovecycling.com\/sk\/2018\/11\/19\/rozhovor-nahliadnutie-do-profi-pelotonu-s-hlavnym-mechanikom-timu-bora-hansgrohe\/","url":"https:\/\/www.welovecycling.com\/sk\/2018\/11\/19\/rozhovor-nahliadnutie-do-profi-pelotonu-s-hlavnym-mechanikom-timu-bora-hansgrohe\/","name":"Rozhovor: Nahliadnutie do profi pelot\u00f3nu s hlavn\u00fdm mechanikom t\u00edmu BORA-hansgrohe - \u0160koda We Love Cycling Slovensko","isPartOf":{"@id":"https:\/\/www.welovecycling.com\/sk\/#website"},"primaryImageOfPage":{"@id":"https:\/\/www.welovecycling.com\/sk\/2018\/11\/19\/rozhovor-nahliadnutie-do-profi-pelotonu-s-hlavnym-mechanikom-timu-bora-hansgrohe\/#primaryimage"},"image":{"@id":"https:\/\/www.welovecycling.com\/sk\/2018\/11\/19\/rozhovor-nahliadnutie-do-profi-pelotonu-s-hlavnym-mechanikom-timu-bora-hansgrohe\/#primaryimage"},"thumbnailUrl":"https:\/\/d2p6e6u75xmxt8.cloudfront.net\/4\/2018\/11\/Gerd-Kodanik-BORA-Hansgrohes-head-mechanic.webp","datePublished":"2018-11-19T10:58:05+00:00","dateModified":"2019-11-21T08:28:06+00:00","author":{"@id":"https:\/\/www.welovecycling.com\/sk\/#\/schema\/person\/8ee09ba39b7e25b1870160aa5b3a89bc"},"breadcrumb":{"@id":"https:\/\/www.welovecycling.com\/sk\/2018\/11\/19\/rozhovor-nahliadnutie-do-profi-pelotonu-s-hlavnym-mechanikom-timu-bora-hansgrohe\/#breadcrumb"},"inLanguage":"sk-SK","potentialAction":[{"@type":"ReadAction","target":["https:\/\/www.welovecycling.com\/sk\/2018\/11\/19\/rozhovor-nahliadnutie-do-profi-pelotonu-s-hlavnym-mechanikom-timu-bora-hansgrohe\/"]}]},{"@type":"ImageObject","inLanguage":"sk-SK","@id":"https:\/\/www.welovecycling.com\/sk\/2018\/11\/19\/rozhovor-nahliadnutie-do-profi-pelotonu-s-hlavnym-mechanikom-timu-bora-hansgrohe\/#primaryimage","url":"https:\/\/d2p6e6u75xmxt8.cloudfront.net\/4\/2018\/11\/Gerd-Kodanik-BORA-Hansgrohes-head-mechanic.webp","contentUrl":"https:\/\/d2p6e6u75xmxt8.cloudfront.net\/4\/2018\/11\/Gerd-Kodanik-BORA-Hansgrohes-head-mechanic.webp","width":1366,"height":600},{"@type":"BreadcrumbList","@id":"https:\/\/www.welovecycling.com\/sk\/2018\/11\/19\/rozhovor-nahliadnutie-do-profi-pelotonu-s-hlavnym-mechanikom-timu-bora-hansgrohe\/#breadcrumb","itemListElement":[{"@type":"ListItem","position":1,"name":"Home","item":"https:\/\/www.welovecycling.com\/sk\/"},{"@type":"ListItem","position":2,"name":"Rozhovor: Nahliadnutie do profi pelot\u00f3nu s hlavn\u00fdm mechanikom t\u00edmu BORA-hansgrohe"}]},{"@type":"WebSite","@id":"https:\/\/www.welovecycling.com\/sk\/#website","url":"https:\/\/www.welovecycling.com\/sk\/","name":"\u0160koda We Love Cycling Slovensko","description":"\u0160koda We Love Cycling Slovensko je v\u00e1\u0161 ka\u017edodenn\u00fd zdroj noviniek a in\u0161pir\u00e1cie z sveta cyklistiky","potentialAction":[{"@type":"SearchAction","target":{"@type":"EntryPoint","urlTemplate":"https:\/\/www.welovecycling.com\/sk\/?s={search_term_string}"},"query-input":{"@type":"PropertyValueSpecification","valueRequired":true,"valueName":"search_term_string"}}],"inLanguage":"sk-SK"},{"@type":"Person","@id":"https:\/\/www.welovecycling.com\/sk\/#\/schema\/person\/8ee09ba39b7e25b1870160aa5b3a89bc","name":"Ondrej Ga\u0161par","image":{"@type":"ImageObject","inLanguage":"sk-SK","@id":"https:\/\/www.welovecycling.com\/sk\/#\/schema\/person\/image\/","url":"https:\/\/secure.gravatar.com\/avatar\/6126c9afb87b70da5abbb083ddbb21933da15f18f8ca7cb822aba0fb096a48f6?s=96&d=mm&r=g","contentUrl":"https:\/\/secure.gravatar.com\/avatar\/6126c9afb87b70da5abbb083ddbb21933da15f18f8ca7cb822aba0fb096a48f6?s=96&d=mm&r=g","caption":"Ondrej Ga\u0161par"},"url":"https:\/\/www.welovecycling.com\/sk\/author\/ondrejgaspar\/"}]}},"_links":{"self":[{"href":"https:\/\/www.welovecycling.com\/sk\/wp-json\/wp\/v2\/posts\/5417","targetHints":{"allow":["GET"]}}],"collection":[{"href":"https:\/\/www.welovecycling.com\/sk\/wp-json\/wp\/v2\/posts"}],"about":[{"href":"https:\/\/www.welovecycling.com\/sk\/wp-json\/wp\/v2\/types\/post"}],"author":[{"embeddable":true,"href":"https:\/\/www.welovecycling.com\/sk\/wp-json\/wp\/v2\/users\/38"}],"replies":[{"embeddable":true,"href":"https:\/\/www.welovecycling.com\/sk\/wp-json\/wp\/v2\/comments?post=5417"}],"version-history":[{"count":2,"href":"https:\/\/www.welovecycling.com\/sk\/wp-json\/wp\/v2\/posts\/5417\/revisions"}],"predecessor-version":[{"id":5426,"href":"https:\/\/www.welovecycling.com\/sk\/wp-json\/wp\/v2\/posts\/5417\/revisions\/5426"}],"wp:featuredmedia":[{"embeddable":true,"href":"https:\/\/www.welovecycling.com\/sk\/wp-json\/wp\/v2\/media\/5422"}],"wp:attachment":[{"href":"https:\/\/www.welovecycling.com\/sk\/wp-json\/wp\/v2\/media?parent=5417"}],"wp:term":[{"taxonomy":"category","embeddable":true,"href":"https:\/\/www.welovecycling.com\/sk\/wp-json\/wp\/v2\/categories?post=5417"},{"taxonomy":"post_tag","embeddable":true,"href":"https:\/\/www.welovecycling.com\/sk\/wp-json\/wp\/v2\/tags?post=5417"},{"taxonomy":"global-categories","embeddable":true,"href":"https:\/\/www.welovecycling.com\/sk\/wp-json\/wp\/v2\/global-categories?post=5417"}],"curies":[{"name":"wp","href":"https:\/\/api.w.org\/{rel}","templated":true}]}}