{"id":5401,"date":"2018-11-14T10:30:23","date_gmt":"2018-11-14T09:30:23","guid":{"rendered":"https:\/\/www.welovecycling.com\/sk\/?p=5401"},"modified":"2018-11-21T15:45:25","modified_gmt":"2018-11-21T14:45:25","slug":"7-cyklistickych-darcekov-pre-prave-slovenske-vianoce","status":"publish","type":"post","link":"https:\/\/www.welovecycling.com\/sk\/2018\/11\/14\/7-cyklistickych-darcekov-pre-prave-slovenske-vianoce\/","title":{"rendered":"7 cyklistick\u00fdch dar\u010dekov pre prav\u00e9 slovensk\u00e9 Vianoce"},"content":{"rendered":"<p><strong>M\u00e1te u\u017e nak\u00fapen\u00e9 viano\u010dn\u00e9 dar\u010deky pre v\u0161etk\u00fdch \u010dlenov rodiny? Ak si mysl\u00edte, \u017ee e\u0161te m\u00e1te \u010das, tak to rad\u0161ej neodkladajte na posledn\u00fa chv\u00ed\u013eu a\u00a0viete pre\u010do? U\u0161etr\u00edte si ve\u013ea starost\u00ed, vyhnete sa stresu a\u00a0nebudete st\u00e1\u0165 v\u00a0dlh\u00fdch radoch. A nebudete musie\u0165 \u010daka\u0165 de\u0148 pred Vianocami na vystresovan\u00e9ho kuri\u00e9ra a rie\u0161i\u0165, \u010di stihne doru\u010di\u0165 posledn\u00fd dar\u010dek.<\/strong><!--more--><\/p>\n<p>Ke\u010f\u017ee predpoklad\u00e1me, \u017ee m\u00e1te doma zap\u00e1len\u00e9ho cyklistu, rozhodli sme sa prinies\u0165 nieko\u013eko <strong>tipov na dar\u010dek pre neho<\/strong>. Nemus\u00edte str\u00e1vi\u0165 hodiny h\u013eadan\u00edm toho najorigin\u00e1lnej\u0161ieho n\u00e1padu a\u00a0pokojne vyu\u017eite nie\u010do z\u00a0ponuky, ktor\u00fa sme pre v\u00e1s vybrali, aby sme v\u00e1m u\u013eah\u010dili \u017eivot. Ve\u010f predsa nechcete sedie\u0165 pol d\u0148a pred po\u010d\u00edta\u010dom a\u00a0rad\u0161ej vyu\u017eijete posledn\u00e9 pekn\u00e9 dni na spolo\u010dn\u00fd v\u00fdjazd do jesennej pr\u00edrody.<\/p>\n<h2><strong>1. Peter Sagan \u2013 M\u00f4j svet<\/strong><\/h2>\n<p><strong>Sagan, to je pojem, legenda a\u00a0na\u0161a n\u00e1rodn\u00e1 hrdos\u0165.<\/strong> Peter nielen \u017ee dok\u00e1zal trikr\u00e1t zv\u00ed\u0165azi\u0165 na svetovom \u0161ampion\u00e1te a tento rok po \u0161iestykr\u00e1t obh\u00e1ji\u0165 zelen\u00fd dres na Tour de France, ale prin\u00e1\u0161a do cyklistiky \u010derstv\u00fd vietor a\u00a0neboj\u00ed sa robi\u0165 veci, ktor\u00e9 nikto pred n\u00edm nerobil &#8211; skr\u00e1tka \u0161okova\u0165. Ve\u010f sa pozrite na ob\u00e1lku jeho novej knihy. Tam, kde si ostatn\u00ed \u0161portovci daj\u00fa \u0161tylizovan\u00fd portr\u00e9t, on v\u00e1s pobav\u00ed bl\u00e1zniv\u00fdm v\u00fdrazom tv\u00e1re. Tento rok sa pod nejedn\u00fdm strom\u010dekom objav\u00ed t\u00e1to kniha a\u00a0nielen na Slovensku, tak\u017ee by nemala ch\u00fdba\u0165 ani vo va\u0161ej kni\u017enici. V slovenskej verzii vych\u00e1dza u\u017e 5. decembra, tak si ju nezabudnite objedna\u0165, aby sa nevypredala.<\/p>\n<p><a  target=\"_blank\"href=\"https:\/\/www.mtbiker.sk\/shop\/prislusenstvo\/tlac-hry-video\/kniha-peter-sagan--moj-svet.html\" target=\"_blank\" rel=\"noopener\">MTBIKER<\/a>\u00a0 |\u00a0 <a  target=\"_blank\"href=\"https:\/\/www.martinus.sk\/?uItem=308189\" target=\"_blank\" rel=\"noopener\">Martinus<\/a>\u00a0 |\u00a0 <a  target=\"_blank\"href=\"https:\/\/www.gorila.sk\/detail\/308189\/Moj-svet-Peter-Sagan\" target=\"_blank\" rel=\"noopener\">Gorila<\/a><\/p>\n<p><a href=\"https:\/\/d2p6e6u75xmxt8.cloudfront.net\/4\/2018\/11\/01.jpg\"><img loading=\"lazy\" decoding=\"async\" class=\"alignnone size-full wp-image-5402\" src=\"https:\/\/d2p6e6u75xmxt8.cloudfront.net\/4\/2018\/11\/01.jpg\" alt=\"\" width=\"1200\" height=\"800\" \/><\/a><\/p>\n<h2><strong>2. Bike minimal<\/strong><\/h2>\n<p>Ur\u010dite m\u00e1te vo svojom \u0161atn\u00edku tri\u010dk\u00e1 s\u00a0mot\u00edvom bicykla alebo va\u0161ej ob\u013e\u00fabenej cyklo zna\u010dky, ale s\u00fa tak\u00e9 spolo\u010densk\u00e9 udalosti v \u017eivote, ke\u010f potrebujete v\u00a0r\u00e1mci le\u017e\u00e9rnej elegancie <strong>tri\u010dko<\/strong>, za ktor\u00e9 by ste sa nemuseli vo vybranej spolo\u010dnosti hanbi\u0165 a z\u00e1rove\u0148 m\u00f4c\u0165 prizna\u0165 v\u00e1\u0161e\u0148 pre bicyklovanie. V\u00fdrobca s\u00a0vtipn\u00fdm n\u00e1zvom <a  target=\"_blank\"href=\"https:\/\/www.sashe.sk\/KUKAJTU\/detail\/bike-minimal\" target=\"_blank\" rel=\"noopener\">KUKAJTU<\/a> m\u00e1 vo svojej ponuke nielen \u017eivicov\u00e9 \u0161perky, ale aj tri\u010dk\u00e1 s\u00a0nev\u0161ednou grafikou. Decentn\u00e9 cyklistick\u00e9 tri\u010dko s\u00a0jemn\u00fdm mot\u00edvom bicykla m\u00f4\u017ee by\u0165 vhodn\u00fdm doplnen\u00edm \u0161atn\u00edka ka\u017ed\u00e9ho bikera.<\/p>\n<p><a href=\"https:\/\/d2p6e6u75xmxt8.cloudfront.net\/4\/2018\/11\/02-1.jpg\"><img loading=\"lazy\" decoding=\"async\" class=\"alignnone size-full wp-image-5403\" src=\"https:\/\/d2p6e6u75xmxt8.cloudfront.net\/4\/2018\/11\/02-1.jpg\" alt=\"\" width=\"1200\" height=\"800\" \/><\/a><\/p>\n<h2><strong>3. Kompava HypoFit<\/strong><\/h2>\n<p>Ambas\u00e1dorom tohto produktu je slovensk\u00fd kanoista Peter Csonka, tak\u017ee v\u00a0obrovskej ponuke <strong>hypotonick\u00fdch n\u00e1pojov<\/strong> ur\u010dite ne\u0161liapnete ved\u013ea. Ve\u010f u\u017e aj zna\u010dka <a  target=\"_blank\"href=\"https:\/\/www.mtbiker.sk\/shop\/vyziva-a-napoje\/pitny-rezim\/kompava-hypofit-500-g-17-20-litrov.html\" target=\"_blank\" rel=\"noopener\">Kompava<\/a> je z\u00e1rukou kvality a\u00a0je dostato\u010dne zn\u00e1ma a\u00a0popul\u00e1rna medzi \u0161portovcami. Zdroj energie v\u00a0podobe gluk\u00f3zy obsahuje pridan\u00e9 vitam\u00edny a\u00a0extrakt zo zelen\u00e9ho \u010daju. Vybra\u0165 si m\u00f4\u017eete z ve\u013ek\u00e9ho mno\u017estva pr\u00edchut\u00ed, odpor\u00fa\u010dame \u010diernu r\u00edbez\u013eu, ale ka\u017ed\u00fd m\u00e1 svoju ob\u013e\u00faben\u00fa, tak\u017ee v\u00a0tomto smere sa rad\u00ed \u0165a\u017eko. Pridanou hodnotou je, \u017ee je vhodn\u00fd aj pre deti od 8 rokov, \u010di\u017ee na jar m\u00f4\u017eete veselo vyrazi\u0165 cel\u00e1 rodina na celodenn\u00fd v\u00fdlet na bicykloch.<\/p>\n<p><a href=\"https:\/\/d2p6e6u75xmxt8.cloudfront.net\/4\/2018\/11\/hypofit.JPG.jpg\"><img loading=\"lazy\" decoding=\"async\" src=\"https:\/\/d2p6e6u75xmxt8.cloudfront.net\/4\/2018\/11\/hypofit.JPG.jpg\" alt=\"\" width=\"1200\" height=\"800\" class=\"alignnone size-full wp-image-5444\" \/><\/a><\/p>\n<h2><strong>4. Fusakle<\/strong><\/h2>\n<p>No \u00e1no, poviete si, \u017ee <strong>pono\u017eky<\/strong> s\u00fa t\u00e1 najv\u00e4\u010d\u0161ia klasika pod strom\u010dekom. Ka\u017ed\u00fd z\u00a0n\u00e1s ich u\u017e niekedy dostal a\u00a0niekto ich dost\u00e1va pravidelne aj napriek protestom. <a  target=\"_blank\"href=\"https:\/\/www.fusakle.sk\/ponozky-cyklista-retro-zeleny.html\" target=\"_blank\" rel=\"noopener\">Fusakle<\/a> je v\u0161ak ob\u013e\u00faben\u00e1 slovensk\u00e1 zna\u010dka, ktorej slogan znie &#8211; <em>\u201eBu\u010f in\u00fd, no st\u00e1le s\u00e1m sebou\u201c<\/em>. Kvalitne vyroben\u00e9 na Slovensku, poctivo dizajnovan\u00e9, veselo vymyslen\u00e9 a\u00a0st\u00e1le na\u0161e. Obsahuj\u00fa a\u017e 92% bavlny a\u00a0len 6% polyamidu a\u00a02% elastanu, a to len preto, aby dr\u017eali tvar a\u00a0formu aj po nieko\u013ek\u00fdch noseniach. A\u00a0nezabudnite, \u017ee m\u00f4\u017eu by\u0165 aj sexi, tak ich jednoducho mus\u00edte pribali\u0165 v\u00e1\u0161mu partnerovi k\u00a0Vianociam.<\/p>\n<p><a href=\"https:\/\/d2p6e6u75xmxt8.cloudfront.net\/4\/2018\/11\/04-1.jpg\"><img loading=\"lazy\" decoding=\"async\" class=\"alignnone size-full wp-image-5404\" src=\"https:\/\/d2p6e6u75xmxt8.cloudfront.net\/4\/2018\/11\/04-1.jpg\" alt=\"\" width=\"1200\" height=\"800\" \/><\/a><\/p>\n<h2><strong>5. Kellys Lane 10<\/strong><\/h2>\n<p>Pam\u00e4t\u00e1te sa, ako kedysi za \u201esoc\u00edku\u201c be\u017eala rel\u00e1cia s\u00a0n\u00e1zvom \u201eS\u00a0batohom cez hory\u201c? No a\u00a0presne na tento \u00fa\u010del m\u00f4\u017eete vyu\u017ei\u0165 aj <strong>batoh<\/strong> od zna\u010dky <a  target=\"_blank\"href=\"https:\/\/www.mtbiker.sk\/shop\/oblecenie-a-tretry\/batohy-a-prislusenstvo\/batohy\/batoh-kellys-lane-10.html\" target=\"_blank\" rel=\"noopener\">Kellys<\/a>, ktor\u00fd bez probl\u00e9mov vyu\u017eijete aj na celodenn\u00fd v\u00fdjazd. M\u00e1 kopu vychyt\u00e1vok ako\u00a0\u00fachyty na prilbu, svetlo \u010di chr\u00e1ni\u010de a\u00a0navy\u0161e m\u00e1 vo vn\u00fatri aj prep\u00e1\u017eku na vodn\u00fd vak a\u00a0pl\u00e1\u0161tenku do da\u017e\u010fa. Milou drobnos\u0165ou je vystu\u017een\u00e1 priehradka na okuliare, ktor\u00e1 by mala by\u0165 \u0161tandardnou v\u00fdbavou ka\u017ed\u00e9ho vaku. To, \u017ee ho vyr\u00e1ba slovensk\u00fd v\u00fdrobca, je len \u010fal\u0161\u00ed bonus k\u00a0tomu, \u017ee ho skr\u00e1tka mus\u00edte ma\u0165.<\/p>\n<p><a href=\"https:\/\/d2p6e6u75xmxt8.cloudfront.net\/4\/2018\/11\/LANE_10_lime.jpg\"><img loading=\"lazy\" decoding=\"async\" class=\"alignnone size-full wp-image-5408\" src=\"https:\/\/d2p6e6u75xmxt8.cloudfront.net\/4\/2018\/11\/LANE_10_lime.jpg\" alt=\"\" width=\"1200\" height=\"800\" \/><\/a><\/p>\n<h2><strong>6. DAKELOS \u2013 Cyklo box<\/strong><\/h2>\n<p>D\u00e1vanie dar\u010dekov by nemalo by\u0165 povinnos\u0165ou, ale mali by sme v\u00a0tom znovu objavi\u0165 samotn\u00fa rados\u0165 z\u00a0darovania. Ak je navy\u0161e dar\u010dek aj origin\u00e1lne zabalen\u00fd, bude rados\u0165 o\u00a0to v\u00e4\u010d\u0161ia.\u00a0Pr\u00e1ve preto zna\u010dka <a  target=\"_blank\"href=\"https:\/\/dakelos.sk\/produkt\/cyklo-box\/\" target=\"_blank\" rel=\"noopener\">DAKELOS<\/a> prin\u00e1\u0161a svoje unik\u00e1tne dreven\u00e9 bedne s\u00a0p\u00e1\u010didlom. \u00c1no, dobre \u010d\u00edtate \u2013 <strong>dreven\u00e1 bed\u0148a s\u00a0p\u00e1\u010didlom!<\/strong> No skr\u00e1tka dar\u010dek, ako stvoren\u00fd pre spr\u00e1vneho chlapa &#8211; \u017eiadne n\u00e1vody, \u017eiadny baliaci papier, \u017eiadne stu\u017eky. Ke\u010f s\u00fa e\u0161te vo vn\u00fatri zabalen\u00e9 zauj\u00edmav\u00e9 komponenty pre v\u00e1\u0161ho cyklo maniaka, o\u00a0z\u00e1bavu nebude n\u00fadza.<\/p>\n<p><a href=\"https:\/\/d2p6e6u75xmxt8.cloudfront.net\/4\/2018\/11\/06.jpg\"><img loading=\"lazy\" decoding=\"async\" class=\"alignnone size-full wp-image-5405\" src=\"https:\/\/d2p6e6u75xmxt8.cloudfront.net\/4\/2018\/11\/06.jpg\" alt=\"\" width=\"1200\" height=\"800\" \/><\/a><\/p>\n<h2><strong>7. Bavlnen\u00e9 oblie\u010dky &#8211; Bicykel<\/strong><\/h2>\n<p>Ste tak\u00fd v\u00e1\u0161niv\u00fd fan\u00fa\u0161ik, \u017ee bicyklujete aj v\u00a0sp\u00e1nku? Pr\u00e1ve pre v\u00e1s sme na\u0161li <a target=\"_blank\"href=\"https:\/\/www.emozzione.sk\/obliecky-blossom-bike-70x90--140x200-cm-emozzione\/\">bavlnen\u00e9 oblie\u010dky<\/a> s\u00a0mot\u00edvom bicykla, ktor\u00fd je nakreslen\u00fd akvarelov\u00fdmi \u0165ahmi \u0161tetca. Mal\u00e9 umeleck\u00e9 dielo. Kvalitn\u00e1 husto tkan\u00e1 bavlna, zap\u00ednanie na zips a\u00a0pri v\u00fdrobe sa <strong>dbalo na ekol\u00f3giu<\/strong>. Va\u0161e noci bud\u00fa teraz pokojn\u00e9 dvojn\u00e1sobne, a\u00a0to v\u010faka tomu, \u017ee svoj milovan\u00fd bicykel budete ma\u0165 aj na oblie\u010dke, ale aj z\u00a0dobr\u00e9ho pocitu, \u017ee mysl\u00edte na na\u0161u plan\u00e9tu a\u00a0db\u00e1te na \u017eivotn\u00e9 prostredie, preto\u017ee bavlna je predsa len obnovite\u013en\u00fd materi\u00e1l.<\/p>\n<p><a href=\"https:\/\/d2p6e6u75xmxt8.cloudfront.net\/4\/2018\/11\/07.jpg\"><img loading=\"lazy\" decoding=\"async\" class=\"alignnone size-full wp-image-5406\" src=\"https:\/\/d2p6e6u75xmxt8.cloudfront.net\/4\/2018\/11\/07.jpg\" alt=\"\" width=\"1200\" height=\"800\" \/><\/a><\/p>\n<p>Ur\u010dite ste si v\u0161imli, \u017ee v na\u0161om zozname sme uprednostnili <strong>firmy a\u00a0v\u00fdrobcov, ktor\u00ed s\u00fa zo Slovenska<\/strong>. Sme nad\u0161en\u00ed, \u017ee to\u013eko \u0161ikovn\u00fdch \u013eud\u00ed m\u00e1me v\u00a0na\u0161ej kr\u00e1snej krajine. Ver\u00edme, \u017ee budete ma\u0165 dobr\u00fd pocit po cel\u00fd rok, ke\u010f budete pou\u017e\u00edva\u0165 veci, ktor\u00e9 ste dostali alebo darovali pod strom\u010dek, lebo ste podporili dobr\u00e9 n\u00e1pady a\u00a0kreativitu \u013eud\u00ed zo Slovenska.<\/p>\n","protected":false},"excerpt":{"rendered":"<p>M\u00e1te u\u017e nak\u00fapen\u00e9 viano\u010dn\u00e9 dar\u010deky pre v\u0161etk\u00fdch \u010dlenov rodiny? Ak si mysl\u00edte, \u017ee e\u0161te m\u00e1te \u010das, tak to rad\u0161ej neodkladajte [&hellip;]<\/p>\n","protected":false},"author":38,"featured_media":5413,"comment_status":"open","ping_status":"open","sticky":false,"template":"","format":"standard","meta":{"footnotes":""},"categories":[52,191,118],"tags":[662,115,345,180,241,666,664,665,285,46,551,349,663,344],"global-categories":[],"class_list":["post-5401","post","type-post","status-publish","format-standard","has-post-thumbnail","hentry","category-nakupny-poradca","category-odporucame","category-zabava","tag-batoh","tag-cestna-cyklistika","tag-darceky","tag-horska-cyklistika","tag-kellys","tag-kniha","tag-kompava","tag-napoj","tag-oblecenie","tag-peter-sagan","tag-pitny-rezim","tag-ponozky","tag-tricko","tag-vianoce"],"yoast_head":"<!-- This site is optimized with the Yoast SEO Premium plugin v25.3 (Yoast SEO v25.9) - https:\/\/yoast.com\/wordpress\/plugins\/seo\/ -->\n<title>7 cyklistick\u00fdch dar\u010dekov pre prav\u00e9 slovensk\u00e9 Vianoce - \u0160koda We Love Cycling Slovensko<\/title>\n<meta name=\"robots\" content=\"index, follow, max-snippet:-1, max-image-preview:large, max-video-preview:-1\" \/>\n<link rel=\"canonical\" href=\"https:\/\/www.welovecycling.com\/sk\/2018\/11\/14\/7-cyklistickych-darcekov-pre-prave-slovenske-vianoce\/\" \/>\n<meta property=\"og:locale\" content=\"sk_SK\" \/>\n<meta property=\"og:type\" content=\"article\" \/>\n<meta property=\"og:title\" content=\"7 cyklistick\u00fdch dar\u010dekov pre prav\u00e9 slovensk\u00e9 Vianoce\" \/>\n<meta property=\"og:description\" content=\"M\u00e1te u\u017e nak\u00fapen\u00e9 viano\u010dn\u00e9 dar\u010deky pre v\u0161etk\u00fdch \u010dlenov rodiny? Ak si mysl\u00edte, \u017ee e\u0161te m\u00e1te \u010das, tak to rad\u0161ej neodkladajte [&hellip;]\" \/>\n<meta property=\"og:url\" content=\"https:\/\/www.welovecycling.com\/sk\/2018\/11\/14\/7-cyklistickych-darcekov-pre-prave-slovenske-vianoce\/\" \/>\n<meta property=\"og:site_name\" content=\"\u0160koda We Love Cycling Slovensko\" \/>\n<meta property=\"article:published_time\" content=\"2018-11-14T09:30:23+00:00\" \/>\n<meta property=\"article:modified_time\" content=\"2018-11-21T14:45:25+00:00\" \/>\n<meta property=\"og:image\" content=\"https:\/\/d2p6e6u75xmxt8.cloudfront.net\/4\/2018\/11\/titulka.webp\" \/>\n\t<meta property=\"og:image:width\" content=\"1380\" \/>\n\t<meta property=\"og:image:height\" content=\"600\" \/>\n\t<meta property=\"og:image:type\" content=\"image\/webp\" \/>\n<meta name=\"author\" content=\"Ondrej Ga\u0161par\" \/>\n<meta name=\"twitter:card\" content=\"summary_large_image\" \/>\n<meta name=\"twitter:label1\" content=\"Written by\" \/>\n\t<meta name=\"twitter:data1\" content=\"We Love Cycling\" \/>\n\t<meta name=\"twitter:label2\" content=\"Est. reading time\" \/>\n\t<meta name=\"twitter:data2\" content=\"6\" \/>\n<script type=\"application\/ld+json\" class=\"yoast-schema-graph\">{\"@context\":\"https:\/\/schema.org\",\"@graph\":[{\"@type\":\"WebPage\",\"@id\":\"https:\/\/www.welovecycling.com\/sk\/2018\/11\/14\/7-cyklistickych-darcekov-pre-prave-slovenske-vianoce\/\",\"url\":\"https:\/\/www.welovecycling.com\/sk\/2018\/11\/14\/7-cyklistickych-darcekov-pre-prave-slovenske-vianoce\/\",\"name\":\"7 cyklistick\u00fdch dar\u010dekov pre prav\u00e9 slovensk\u00e9 Vianoce - \u0160koda We Love Cycling Slovensko\",\"isPartOf\":{\"@id\":\"https:\/\/www.welovecycling.com\/sk\/#website\"},\"primaryImageOfPage\":{\"@id\":\"https:\/\/www.welovecycling.com\/sk\/2018\/11\/14\/7-cyklistickych-darcekov-pre-prave-slovenske-vianoce\/#primaryimage\"},\"image\":{\"@id\":\"https:\/\/www.welovecycling.com\/sk\/2018\/11\/14\/7-cyklistickych-darcekov-pre-prave-slovenske-vianoce\/#primaryimage\"},\"thumbnailUrl\":\"https:\/\/d2p6e6u75xmxt8.cloudfront.net\/4\/2018\/11\/titulka.webp\",\"datePublished\":\"2018-11-14T09:30:23+00:00\",\"dateModified\":\"2018-11-21T14:45:25+00:00\",\"author\":{\"@id\":\"https:\/\/www.welovecycling.com\/sk\/#\/schema\/person\/8ee09ba39b7e25b1870160aa5b3a89bc\"},\"breadcrumb\":{\"@id\":\"https:\/\/www.welovecycling.com\/sk\/2018\/11\/14\/7-cyklistickych-darcekov-pre-prave-slovenske-vianoce\/#breadcrumb\"},\"inLanguage\":\"sk-SK\",\"potentialAction\":[{\"@type\":\"ReadAction\",\"target\":[\"https:\/\/www.welovecycling.com\/sk\/2018\/11\/14\/7-cyklistickych-darcekov-pre-prave-slovenske-vianoce\/\"]}]},{\"@type\":\"ImageObject\",\"inLanguage\":\"sk-SK\",\"@id\":\"https:\/\/www.welovecycling.com\/sk\/2018\/11\/14\/7-cyklistickych-darcekov-pre-prave-slovenske-vianoce\/#primaryimage\",\"url\":\"https:\/\/d2p6e6u75xmxt8.cloudfront.net\/4\/2018\/11\/titulka.webp\",\"contentUrl\":\"https:\/\/d2p6e6u75xmxt8.cloudfront.net\/4\/2018\/11\/titulka.webp\",\"width\":1380,\"height\":600},{\"@type\":\"BreadcrumbList\",\"@id\":\"https:\/\/www.welovecycling.com\/sk\/2018\/11\/14\/7-cyklistickych-darcekov-pre-prave-slovenske-vianoce\/#breadcrumb\",\"itemListElement\":[{\"@type\":\"ListItem\",\"position\":1,\"name\":\"Home\",\"item\":\"https:\/\/www.welovecycling.com\/sk\/\"},{\"@type\":\"ListItem\",\"position\":2,\"name\":\"7 cyklistick\u00fdch dar\u010dekov pre prav\u00e9 slovensk\u00e9 Vianoce\"}]},{\"@type\":\"WebSite\",\"@id\":\"https:\/\/www.welovecycling.com\/sk\/#website\",\"url\":\"https:\/\/www.welovecycling.com\/sk\/\",\"name\":\"\u0160koda We Love Cycling Slovensko\",\"description\":\"\u0160koda We Love Cycling Slovensko je v\u00e1\u0161 ka\u017edodenn\u00fd zdroj noviniek a in\u0161pir\u00e1cie z sveta cyklistiky\",\"potentialAction\":[{\"@type\":\"SearchAction\",\"target\":{\"@type\":\"EntryPoint\",\"urlTemplate\":\"https:\/\/www.welovecycling.com\/sk\/?s={search_term_string}\"},\"query-input\":{\"@type\":\"PropertyValueSpecification\",\"valueRequired\":true,\"valueName\":\"search_term_string\"}}],\"inLanguage\":\"sk-SK\"},{\"@type\":\"Person\",\"@id\":\"https:\/\/www.welovecycling.com\/sk\/#\/schema\/person\/8ee09ba39b7e25b1870160aa5b3a89bc\",\"name\":\"Ondrej Ga\u0161par\",\"image\":{\"@type\":\"ImageObject\",\"inLanguage\":\"sk-SK\",\"@id\":\"https:\/\/www.welovecycling.com\/sk\/#\/schema\/person\/image\/\",\"url\":\"https:\/\/secure.gravatar.com\/avatar\/6126c9afb87b70da5abbb083ddbb21933da15f18f8ca7cb822aba0fb096a48f6?s=96&d=mm&r=g\",\"contentUrl\":\"https:\/\/secure.gravatar.com\/avatar\/6126c9afb87b70da5abbb083ddbb21933da15f18f8ca7cb822aba0fb096a48f6?s=96&d=mm&r=g\",\"caption\":\"Ondrej Ga\u0161par\"},\"url\":\"https:\/\/www.welovecycling.com\/sk\/author\/ondrejgaspar\/\"}]}<\/script>\n<!-- \/ Yoast SEO Premium plugin. -->","yoast_head_json":{"title":"7 cyklistick\u00fdch dar\u010dekov pre prav\u00e9 slovensk\u00e9 Vianoce - \u0160koda We Love Cycling Slovensko","robots":{"index":"index","follow":"follow","max-snippet":"max-snippet:-1","max-image-preview":"max-image-preview:large","max-video-preview":"max-video-preview:-1"},"canonical":"https:\/\/www.welovecycling.com\/sk\/2018\/11\/14\/7-cyklistickych-darcekov-pre-prave-slovenske-vianoce\/","og_locale":"sk_SK","og_type":"article","og_title":"7 cyklistick\u00fdch dar\u010dekov pre prav\u00e9 slovensk\u00e9 Vianoce","og_description":"M\u00e1te u\u017e nak\u00fapen\u00e9 viano\u010dn\u00e9 dar\u010deky pre v\u0161etk\u00fdch \u010dlenov rodiny? Ak si mysl\u00edte, \u017ee e\u0161te m\u00e1te \u010das, tak to rad\u0161ej neodkladajte [&hellip;]","og_url":"https:\/\/www.welovecycling.com\/sk\/2018\/11\/14\/7-cyklistickych-darcekov-pre-prave-slovenske-vianoce\/","og_site_name":"\u0160koda We Love Cycling Slovensko","article_published_time":"2018-11-14T09:30:23+00:00","article_modified_time":"2018-11-21T14:45:25+00:00","og_image":[{"width":1380,"height":600,"url":"https:\/\/d2p6e6u75xmxt8.cloudfront.net\/4\/2018\/11\/titulka.webp","type":"image\/webp"}],"author":"Ondrej Ga\u0161par","twitter_card":"summary_large_image","twitter_misc":{"Written by":"We Love Cycling","Est. reading time":"6"},"schema":{"@context":"https:\/\/schema.org","@graph":[{"@type":"WebPage","@id":"https:\/\/www.welovecycling.com\/sk\/2018\/11\/14\/7-cyklistickych-darcekov-pre-prave-slovenske-vianoce\/","url":"https:\/\/www.welovecycling.com\/sk\/2018\/11\/14\/7-cyklistickych-darcekov-pre-prave-slovenske-vianoce\/","name":"7 cyklistick\u00fdch dar\u010dekov pre prav\u00e9 slovensk\u00e9 Vianoce - \u0160koda We Love Cycling Slovensko","isPartOf":{"@id":"https:\/\/www.welovecycling.com\/sk\/#website"},"primaryImageOfPage":{"@id":"https:\/\/www.welovecycling.com\/sk\/2018\/11\/14\/7-cyklistickych-darcekov-pre-prave-slovenske-vianoce\/#primaryimage"},"image":{"@id":"https:\/\/www.welovecycling.com\/sk\/2018\/11\/14\/7-cyklistickych-darcekov-pre-prave-slovenske-vianoce\/#primaryimage"},"thumbnailUrl":"https:\/\/d2p6e6u75xmxt8.cloudfront.net\/4\/2018\/11\/titulka.webp","datePublished":"2018-11-14T09:30:23+00:00","dateModified":"2018-11-21T14:45:25+00:00","author":{"@id":"https:\/\/www.welovecycling.com\/sk\/#\/schema\/person\/8ee09ba39b7e25b1870160aa5b3a89bc"},"breadcrumb":{"@id":"https:\/\/www.welovecycling.com\/sk\/2018\/11\/14\/7-cyklistickych-darcekov-pre-prave-slovenske-vianoce\/#breadcrumb"},"inLanguage":"sk-SK","potentialAction":[{"@type":"ReadAction","target":["https:\/\/www.welovecycling.com\/sk\/2018\/11\/14\/7-cyklistickych-darcekov-pre-prave-slovenske-vianoce\/"]}]},{"@type":"ImageObject","inLanguage":"sk-SK","@id":"https:\/\/www.welovecycling.com\/sk\/2018\/11\/14\/7-cyklistickych-darcekov-pre-prave-slovenske-vianoce\/#primaryimage","url":"https:\/\/d2p6e6u75xmxt8.cloudfront.net\/4\/2018\/11\/titulka.webp","contentUrl":"https:\/\/d2p6e6u75xmxt8.cloudfront.net\/4\/2018\/11\/titulka.webp","width":1380,"height":600},{"@type":"BreadcrumbList","@id":"https:\/\/www.welovecycling.com\/sk\/2018\/11\/14\/7-cyklistickych-darcekov-pre-prave-slovenske-vianoce\/#breadcrumb","itemListElement":[{"@type":"ListItem","position":1,"name":"Home","item":"https:\/\/www.welovecycling.com\/sk\/"},{"@type":"ListItem","position":2,"name":"7 cyklistick\u00fdch dar\u010dekov pre prav\u00e9 slovensk\u00e9 Vianoce"}]},{"@type":"WebSite","@id":"https:\/\/www.welovecycling.com\/sk\/#website","url":"https:\/\/www.welovecycling.com\/sk\/","name":"\u0160koda We Love Cycling Slovensko","description":"\u0160koda We Love Cycling Slovensko je v\u00e1\u0161 ka\u017edodenn\u00fd zdroj noviniek a in\u0161pir\u00e1cie z sveta cyklistiky","potentialAction":[{"@type":"SearchAction","target":{"@type":"EntryPoint","urlTemplate":"https:\/\/www.welovecycling.com\/sk\/?s={search_term_string}"},"query-input":{"@type":"PropertyValueSpecification","valueRequired":true,"valueName":"search_term_string"}}],"inLanguage":"sk-SK"},{"@type":"Person","@id":"https:\/\/www.welovecycling.com\/sk\/#\/schema\/person\/8ee09ba39b7e25b1870160aa5b3a89bc","name":"Ondrej Ga\u0161par","image":{"@type":"ImageObject","inLanguage":"sk-SK","@id":"https:\/\/www.welovecycling.com\/sk\/#\/schema\/person\/image\/","url":"https:\/\/secure.gravatar.com\/avatar\/6126c9afb87b70da5abbb083ddbb21933da15f18f8ca7cb822aba0fb096a48f6?s=96&d=mm&r=g","contentUrl":"https:\/\/secure.gravatar.com\/avatar\/6126c9afb87b70da5abbb083ddbb21933da15f18f8ca7cb822aba0fb096a48f6?s=96&d=mm&r=g","caption":"Ondrej Ga\u0161par"},"url":"https:\/\/www.welovecycling.com\/sk\/author\/ondrejgaspar\/"}]}},"_links":{"self":[{"href":"https:\/\/www.welovecycling.com\/sk\/wp-json\/wp\/v2\/posts\/5401","targetHints":{"allow":["GET"]}}],"collection":[{"href":"https:\/\/www.welovecycling.com\/sk\/wp-json\/wp\/v2\/posts"}],"about":[{"href":"https:\/\/www.welovecycling.com\/sk\/wp-json\/wp\/v2\/types\/post"}],"author":[{"embeddable":true,"href":"https:\/\/www.welovecycling.com\/sk\/wp-json\/wp\/v2\/users\/38"}],"replies":[{"embeddable":true,"href":"https:\/\/www.welovecycling.com\/sk\/wp-json\/wp\/v2\/comments?post=5401"}],"version-history":[{"count":2,"href":"https:\/\/www.welovecycling.com\/sk\/wp-json\/wp\/v2\/posts\/5401\/revisions"}],"predecessor-version":[{"id":5558,"href":"https:\/\/www.welovecycling.com\/sk\/wp-json\/wp\/v2\/posts\/5401\/revisions\/5558"}],"wp:featuredmedia":[{"embeddable":true,"href":"https:\/\/www.welovecycling.com\/sk\/wp-json\/wp\/v2\/media\/5413"}],"wp:attachment":[{"href":"https:\/\/www.welovecycling.com\/sk\/wp-json\/wp\/v2\/media?parent=5401"}],"wp:term":[{"taxonomy":"category","embeddable":true,"href":"https:\/\/www.welovecycling.com\/sk\/wp-json\/wp\/v2\/categories?post=5401"},{"taxonomy":"post_tag","embeddable":true,"href":"https:\/\/www.welovecycling.com\/sk\/wp-json\/wp\/v2\/tags?post=5401"},{"taxonomy":"global-categories","embeddable":true,"href":"https:\/\/www.welovecycling.com\/sk\/wp-json\/wp\/v2\/global-categories?post=5401"}],"curies":[{"name":"wp","href":"https:\/\/api.w.org\/{rel}","templated":true}]}}