{"id":5380,"date":"2018-11-12T11:00:50","date_gmt":"2018-11-12T10:00:50","guid":{"rendered":"https:\/\/www.welovecycling.com\/sk\/?p=5380"},"modified":"2019-02-13T15:12:34","modified_gmt":"2019-02-13T14:12:34","slug":"rozhovor-zuzana-paluchova-vitazka-skoda-bike-open-tour","status":"publish","type":"post","link":"https:\/\/www.welovecycling.com\/sk\/2018\/11\/12\/rozhovor-zuzana-paluchova-vitazka-skoda-bike-open-tour\/","title":{"rendered":"Rozhovor: Zuzana Pal\u00fachov\u00e1 \u2013 v\u00ed\u0165azka \u0160koda BIKE OPEN TOUR"},"content":{"rendered":"<p><strong>Tento rok m\u00e1me za sebou \u00faspe\u0161n\u00fd piaty ro\u010dn\u00edk s\u00e9rie pretekov horsk\u00fdch bicyklov pod zna\u010dkou \u0160koda. \u0160koda BIKE OPEN TOUR sa sklad\u00e1 zo \u0161iestich pretekov na r\u00f4zne n\u00e1ro\u010dn\u00fdch tratiach, ktor\u00e9 sa konaj\u00fa od apr\u00edla do septembra. V\u00ed\u0165azkou medzi \u017eenami bola Zuzana Pal\u00fachov\u00e1, ktor\u00e1 sa tento rok umiest\u0148uje na prv\u00fdch prie\u010dkach v\u00e4\u010d\u0161iny pretekov.<\/strong><!--more--><\/p>\n<p>Jej meno sa objavuje u\u017e nieko\u013eko rokov vo v\u00fdsledkov\u00fdch listin\u00e1ch v\u00e4\u010d\u0161iny pretekov a je zauj\u00edmav\u00e9 sledova\u0165, ako sa z roka na rok zlep\u0161uje. Po\u010das nieko\u013ek\u00fdch sez\u00f3n sa vypracovala medzi cyklistky, ktor\u00e9 dok\u00e1\u017eu zamie\u0161a\u0165 poradie. \u00daspechy a medailov\u00e9 umiestnenia v\u0161ak ur\u010dite nem\u00e1 zadarmo, a tak sme jej polo\u017eili nieko\u013eko ot\u00e1zok.<\/p>\n<div data-rows=\"1\" id='gallery-1' class='gallery-rows-1 gallery galleryid-5380 gallery-columns-2 gallery-size-full'><figure class='gallery-item'>\n\t\t\t<div class='gallery-icon landscape'>\n\t\t\t\t<a href='https:\/\/d2p6e6u75xmxt8.cloudfront.net\/4\/2018\/11\/IMG_0417.JPG.webp'><img loading=\"lazy\" decoding=\"async\" width=\"1200\" height=\"800\" src=\"https:\/\/d2p6e6u75xmxt8.cloudfront.net\/4\/2018\/11\/IMG_0417.JPG.webp\" class=\"attachment-full size-full\" alt=\"\" srcset=\"https:\/\/d2p6e6u75xmxt8.cloudfront.net\/4\/2018\/11\/IMG_0417.JPG.webp 1200w, https:\/\/d2p6e6u75xmxt8.cloudfront.net\/4\/2018\/11\/IMG_0417.JPG-300x200.webp 300w, https:\/\/d2p6e6u75xmxt8.cloudfront.net\/4\/2018\/11\/IMG_0417.JPG-1024x683.webp 1024w, https:\/\/d2p6e6u75xmxt8.cloudfront.net\/4\/2018\/11\/IMG_0417.JPG-768x512.webp 768w, https:\/\/d2p6e6u75xmxt8.cloudfront.net\/4\/2018\/11\/IMG_0417.JPG-272x182.webp 272w\" sizes=\"auto, (max-width: 1200px) 100vw, 1200px\" \/><\/a>\n\t\t\t<\/div><\/figure><figure class='gallery-item'>\n\t\t\t<div class='gallery-icon landscape'>\n\t\t\t\t<a href='https:\/\/d2p6e6u75xmxt8.cloudfront.net\/4\/2018\/11\/IMG_0571.JPG.webp'><img loading=\"lazy\" decoding=\"async\" width=\"1200\" height=\"800\" src=\"https:\/\/d2p6e6u75xmxt8.cloudfront.net\/4\/2018\/11\/IMG_0571.JPG.webp\" class=\"attachment-full size-full\" alt=\"\" srcset=\"https:\/\/d2p6e6u75xmxt8.cloudfront.net\/4\/2018\/11\/IMG_0571.JPG.webp 1200w, https:\/\/d2p6e6u75xmxt8.cloudfront.net\/4\/2018\/11\/IMG_0571.JPG-300x200.webp 300w, https:\/\/d2p6e6u75xmxt8.cloudfront.net\/4\/2018\/11\/IMG_0571.JPG-1024x683.webp 1024w, https:\/\/d2p6e6u75xmxt8.cloudfront.net\/4\/2018\/11\/IMG_0571.JPG-768x512.webp 768w, https:\/\/d2p6e6u75xmxt8.cloudfront.net\/4\/2018\/11\/IMG_0571.JPG-272x182.webp 272w\" sizes=\"auto, (max-width: 1200px) 100vw, 1200px\" \/><\/a>\n\t\t\t<\/div><\/figure>\n\t\t<\/div>\n        \n<p><strong>Povedz n\u00e1m o svojich za\u010diatkoch, ako si sa v\u00f4bec dostala k cyklistike?<\/strong><br \/>\n<em>Tak na za\u010diatok ahojte! :-). Prv\u00fd kontakt s bicyklom som mala u\u017e ako die\u0165a, ke\u010f sme sa s kamo\u0161kami preh\u00e1\u0148ali na JOKO bicykloch po Donovaloch. Dokonca ako 6 alebo 7-ro\u010dn\u00e1 som sa z\u00fa\u010dastnila svojich prv\u00fdch MTB detsk\u00fdch pretekoch, ktor\u00e9 sa konali na Donovaloch. Potom nasledovala \u201epubert\u00e1lna \u0161portov\u00e1 pauza\u201c, kedy som sa \u0161portu ako tak\u00e9mu venovala len ve\u013emi sporadicky. Konkr\u00e9tne k MTB marat\u00f3nom ma priviedol v 2013 m\u00f4j ocino, s ktor\u00fdm ma v\u00edda\u0165 na pretekoch dodnes. Nezabudnute\u013en\u00fd je m\u00f4j prv\u00fd MTB marat\u00f3n, kde som 30 km tra\u0165 i\u0161la viac ako 3 hodiny na \u0165a\u017ekom bicykli s gumi\u010dkov\u00fdmi brzdami, v be\u017eeck\u00fdch tenisk\u00e1ch, po \u010dlenky v blate a s k\u0155\u010dmi v noh\u00e1ch. Na druh\u00fd marat\u00f3n som mala u\u017e aspo\u0148 cyklistick\u00e9 gate. Tak, tak\u00e9 boli moje MTB za\u010diatky a odvtedy a\u017e dodnes ma to dr\u017e\u00ed. Ale tie gumi\u010dkov\u00e9 brzdy a tenisky som u\u017e vymenila :-).<\/em><\/p>\n<p><strong>Ka\u017ed\u00fa sez\u00f3nu zlep\u0161uje\u0161 svoje \u010dasy a v\u00fdsledky. M\u00e1\u0161 nejak\u00fd tajn\u00fd recept na \u00faspech? Ako vyzer\u00e1 tvoj tr\u00e9ningov\u00fd pl\u00e1n?<\/strong><br \/>\n<em>Nem\u00e1m \u017eiadny tr\u00e9ningov\u00fd pl\u00e1n. Nem\u00f4\u017eem ani poveda\u0165, \u017ee tr\u00e9nujem. Jednoducho jazd\u00edm pod\u013ea pocitu, chuti a po\u010dasia v dan\u00fd de\u0148. Niekedy r\u00fdchlej\u0161ie, niekedy pomal\u0161ie, dlh\u0161ie, krat\u0161ie v\u00fdjazdy. Hlavne tak, aby mi to robilo rados\u0165. A tajn\u00fd recept na \u00faspech? Ke\u010f nie\u010do skuto\u010dne chcete, tak to dosiahnete, len si treba za t\u00fdm \u00eds\u0165. Pam\u00e4t\u00e1m sa, ako som obdivovala baby, ktor\u00e9 po pretekoch st\u00e1li na bedni a predstavovala si, ak\u00e9 by to bolo st\u00e1\u0165 tam tie\u017e. Teraz som tam st\u00e1la s nimi a je to skvel\u00e9.<\/em><\/p>\n<p><strong>M\u00e1\u0161 za sebou s\u00e9riu v\u00ed\u0165azstiev, nielen na \u0160BOT. Ako hodnot\u00ed\u0161 svoj \u00faspe\u0161n\u00fd rok?<\/strong><br \/>\n<em>Rok 2018 hodnot\u00edm ako ve\u013emi \u00faspe\u0161n\u00fd. Ne\u010dakala som tak\u00e9 v\u00fdsledky. Som v\u010fa\u010dn\u00e1 za ka\u017ed\u00e9 jedny preteky, ktor\u00e9 som pre\u0161la v zdrav\u00ed do cie\u013ea, lebo pravdupovediac, niektor\u00e9 boli riadna \u201edivo\u010dina\u201c.<\/em><\/p>\n<div data-rows=\"1\" id='gallery-2' class='gallery-rows-1 gallery galleryid-5380 gallery-columns-2 gallery-size-full'><figure class='gallery-item'>\n\t\t\t<div class='gallery-icon landscape'>\n\t\t\t\t<a href='https:\/\/d2p6e6u75xmxt8.cloudfront.net\/4\/2018\/11\/DSCF1161.webp'><img loading=\"lazy\" decoding=\"async\" width=\"1200\" height=\"800\" src=\"https:\/\/d2p6e6u75xmxt8.cloudfront.net\/4\/2018\/11\/DSCF1161.webp\" class=\"attachment-full size-full\" alt=\"\" srcset=\"https:\/\/d2p6e6u75xmxt8.cloudfront.net\/4\/2018\/11\/DSCF1161.webp 1200w, https:\/\/d2p6e6u75xmxt8.cloudfront.net\/4\/2018\/11\/DSCF1161-300x200.webp 300w, https:\/\/d2p6e6u75xmxt8.cloudfront.net\/4\/2018\/11\/DSCF1161-1024x683.webp 1024w, https:\/\/d2p6e6u75xmxt8.cloudfront.net\/4\/2018\/11\/DSCF1161-768x512.webp 768w, https:\/\/d2p6e6u75xmxt8.cloudfront.net\/4\/2018\/11\/DSCF1161-272x182.webp 272w\" sizes=\"auto, (max-width: 1200px) 100vw, 1200px\" \/><\/a>\n\t\t\t<\/div><\/figure><figure class='gallery-item'>\n\t\t\t<div class='gallery-icon landscape'>\n\t\t\t\t<a href='https:\/\/d2p6e6u75xmxt8.cloudfront.net\/4\/2018\/11\/LHFL2443.webp'><img loading=\"lazy\" decoding=\"async\" width=\"1200\" height=\"800\" src=\"https:\/\/d2p6e6u75xmxt8.cloudfront.net\/4\/2018\/11\/LHFL2443.webp\" class=\"attachment-full size-full\" alt=\"\" srcset=\"https:\/\/d2p6e6u75xmxt8.cloudfront.net\/4\/2018\/11\/LHFL2443.webp 1200w, https:\/\/d2p6e6u75xmxt8.cloudfront.net\/4\/2018\/11\/LHFL2443-300x200.webp 300w, https:\/\/d2p6e6u75xmxt8.cloudfront.net\/4\/2018\/11\/LHFL2443-1024x683.webp 1024w, https:\/\/d2p6e6u75xmxt8.cloudfront.net\/4\/2018\/11\/LHFL2443-768x512.webp 768w, https:\/\/d2p6e6u75xmxt8.cloudfront.net\/4\/2018\/11\/LHFL2443-272x182.webp 272w\" sizes=\"auto, (max-width: 1200px) 100vw, 1200px\" \/><\/a>\n\t\t\t<\/div><\/figure>\n\t\t<\/div>\n        \n<p><strong>Preteky sa konali od apr\u00edla do septembra. Ktor\u00e9 po\u010dasie ti najviac vyhovovalo?<\/strong><br \/>\n<em>Ke\u010f\u017ee som z h\u00f4r a zimn\u00fd typ, ur\u010dite mi vyhovuje chladnej\u0161ie po\u010dasie. Kde sa in\u00ed obliekaj\u00fa, ja si idem st\u00e1le v kr\u00e1tkom.<\/em><\/p>\n<p><strong>Ktor\u00e1 tra\u0165 bola pre teba naj\u0165a\u017e\u0161ia a ak\u00e9 preteky ovplyvnili najviac tvoje poradie?<\/strong><br \/>\n<em>Zo \u0160BOT s\u00e9rie bol pre m\u0148a naj\u0165a\u017e\u0161\u00ed <a href=\"https:\/\/www.welovecycling.com\/sk\/2018\/08\/14\/reportaz-skoda-horal-mtb-maraton-ked-pocasie-uraduje\/\">Horal MTB marat\u00f3n<\/a>. I\u0161la som KREJZI tra\u0165, po\u010dasie v ten de\u0148 za\u00faradovalo v plnej sile a aj napriek tomu, \u017ee organiz\u00e1tor skr\u00e1til tra\u0165 o cca 10 km, som mala v cieli dos\u0165. Mysl\u00edm, \u017ee pr\u00e1ve spom\u00ednan\u00fd Horal zabodoval najviac do s\u00e9rie.<br \/>\n\u010co sa t\u00fdka pretekov mimo \u0160BOT s\u00e9rie, naj\u0165a\u017e\u0161ie boli jednozna\u010dne Salzkammergut Trophy \u2013 211 km, kedy to u\u017e bolo nielen o v\u00fdkonnosti, ale hlavne aj o hlave a pevnej v\u00f4li.<\/em><\/p>\n<p><strong>Ka\u017edoro\u010dne narast\u00e1 mno\u017estvo div\u00e1kov, je to pre teba podpora alebo sa s\u00fastred\u00ed\u0161 na jazdu a svoje okolie ve\u013emi nevn\u00edma\u0161?<\/strong><br \/>\n<em>Jednozna\u010dne podpora. Vn\u00edmam a v\u0161\u00edmam si okolie. V\u010faka MTB marat\u00f3nom som spoznala mno\u017estvo skvel\u00fdch \u013eud\u00ed s rovnakou krvnou skupinou, \u010di u\u017e to s\u00fa pretek\u00e1ri alebo div\u00e1ci. Ve\u013emi sa pote\u0161\u00edm, ke\u010f niekto stoj\u00ed pri trati a zrazu ma oslov\u00ed alebo povzbud\u00ed, vtedy ma to nakopne e\u0161te viac.<\/em><\/p>\n<p><strong>Ako dop\u013a\u0148a\u0161 energiu po\u010das marat\u00f3nu?<\/strong><br \/>\n<em>Nos\u00edm si svoje odsk\u00fa\u0161an\u00e9 veci \u2013 g\u00e9ly, ty\u010dinky a magn\u00e9zium. Ob\u010derstvova\u010dky ve\u013emi nerie\u0161im, dop\u013a\u0148am tam len vodu a do ruky beriem maxim\u00e1lne ban\u00e1n.<\/em><\/p>\n<p><a href=\"https:\/\/d2p6e6u75xmxt8.cloudfront.net\/4\/2018\/11\/salz-ciel.jpg\"><img loading=\"lazy\" decoding=\"async\" class=\"alignnone size-full wp-image-5386\" src=\"https:\/\/d2p6e6u75xmxt8.cloudfront.net\/4\/2018\/11\/salz-ciel.jpg\" alt=\"\" width=\"1200\" height=\"800\" \/><\/a><\/p>\n<p><strong>M\u00e1\u0161 nejako \u0161peci\u00e1lne upraven\u00fd bicykel, nejak\u00fa nad\u0161tandardn\u00fa v\u00fdbavu?<\/strong><br \/>\n<em>Jazd\u00edm Specialized S-Works Epic a mysl\u00edm, \u017ee na \u0148om nie je \u017eiadna \u0161peci\u00e1lna v\u00fdbava, ako to uv\u00e1dza v\u00fdrobca. Jedin\u00e1 vec, ktor\u00fa som menila, boli r\u00e1fiky, na ktor\u00fdch m\u00e1m Tufo galusky a sem-tam, pod\u013ea profilu trate, prehod\u00edm prevodn\u00edk.<\/em><\/p>\n<p><strong>\u010co defekty a technick\u00e9 probl\u00e9my, ako si bola na ne pripraven\u00e1?<\/strong><br \/>\n<em>Nenos\u00edm so sebou ni\u010d, u m\u0148a je to bu\u010f &#8211; alebo. Prizn\u00e1m sa, \u017ee sa spolieham na \u0161\u0165astie a v\u00fdbavu od kamar\u00e1tov :-). Stalo sa mi zatia\u013e len raz, \u017ee som tla\u010dila bike cca 10 km domov.<\/em><\/p>\n<p><strong>Pl\u00e1nuje\u0161 sa z\u00fa\u010dastni\u0165 \u0160BOT aj bud\u00faci rok?<\/strong><br \/>\n<em>O \u00fa\u010dasti na bud\u00facoro\u010dnej \u0160BOT som zatia\u013e neuva\u017eovala. Pl\u00e1ny, ktor\u00e9 s\u00fa na dlh\u0161ie obdobie ako mesiac, mi nikdy ne\u0161li.<\/em><\/p>\n<p><strong>Venuje\u0161 sa len horskej cyklistike, alebo si zajazd\u00ed\u0161 aj na ces\u0165\u00e1ku?<\/strong><br \/>\n<em>Jazd\u00edm len hor\u00e1k, ces\u0165\u00e1k zatia\u013e nem\u00e1m. Ale u\u017e m\u00e1m v hlave my\u0161lienku, \u017ee si ho zaobstar\u00e1m.<\/em><\/p>\n<p><strong>Jazd\u00ed\u0161 za klub \u0160K Slovan Donovaly. Donovaly s\u00fa ako stvoren\u00e9 pre horsk\u00fa cyklistiku, ktor\u00e9 okruhy s\u00fa tvoje ob\u013e\u00faben\u00e9?<\/strong><br \/>\n<em>Moja ve\u013ek\u00e1 srdcovka je kopec Kr\u00ed\u017ena z ka\u017edej strany. Je v\u00fd\u017eivn\u00e1, miestami aj na techniku a tie v\u00fdh\u013eady s\u00fa neop\u00edsate\u013en\u00e9. Odpor\u00fa\u010dam!<\/em><\/p>\n<div data-rows=\"1\" id='gallery-3' class='gallery-rows-1 gallery galleryid-5380 gallery-columns-2 gallery-size-full'><figure class='gallery-item'>\n\t\t\t<div class='gallery-icon landscape'>\n\t\t\t\t<a href='https:\/\/d2p6e6u75xmxt8.cloudfront.net\/4\/2018\/11\/dohnany.webp'><img loading=\"lazy\" decoding=\"async\" width=\"1200\" height=\"800\" src=\"https:\/\/d2p6e6u75xmxt8.cloudfront.net\/4\/2018\/11\/dohnany.webp\" class=\"attachment-full size-full\" alt=\"\" srcset=\"https:\/\/d2p6e6u75xmxt8.cloudfront.net\/4\/2018\/11\/dohnany.webp 1200w, https:\/\/d2p6e6u75xmxt8.cloudfront.net\/4\/2018\/11\/dohnany-300x200.webp 300w, https:\/\/d2p6e6u75xmxt8.cloudfront.net\/4\/2018\/11\/dohnany-1024x683.webp 1024w, https:\/\/d2p6e6u75xmxt8.cloudfront.net\/4\/2018\/11\/dohnany-768x512.webp 768w, https:\/\/d2p6e6u75xmxt8.cloudfront.net\/4\/2018\/11\/dohnany-272x182.webp 272w\" sizes=\"auto, (max-width: 1200px) 100vw, 1200px\" \/><\/a>\n\t\t\t<\/div><\/figure><figure class='gallery-item'>\n\t\t\t<div class='gallery-icon landscape'>\n\t\t\t\t<a href='https:\/\/d2p6e6u75xmxt8.cloudfront.net\/4\/2018\/11\/horal.webp'><img loading=\"lazy\" decoding=\"async\" width=\"1200\" height=\"800\" src=\"https:\/\/d2p6e6u75xmxt8.cloudfront.net\/4\/2018\/11\/horal.webp\" class=\"attachment-full size-full\" alt=\"\" srcset=\"https:\/\/d2p6e6u75xmxt8.cloudfront.net\/4\/2018\/11\/horal.webp 1200w, https:\/\/d2p6e6u75xmxt8.cloudfront.net\/4\/2018\/11\/horal-300x200.webp 300w, https:\/\/d2p6e6u75xmxt8.cloudfront.net\/4\/2018\/11\/horal-1024x683.webp 1024w, https:\/\/d2p6e6u75xmxt8.cloudfront.net\/4\/2018\/11\/horal-768x512.webp 768w, https:\/\/d2p6e6u75xmxt8.cloudfront.net\/4\/2018\/11\/horal-272x182.webp 272w\" sizes=\"auto, (max-width: 1200px) 100vw, 1200px\" \/><\/a>\n\t\t\t<\/div><\/figure>\n\t\t<\/div>\n        \n<p><strong>Prich\u00e1dza chladnej\u0161ie obdobie roka, ktor\u00e9 ve\u013emi nepraje cyklistike. Ako tr\u00e9nuje\u0161 v t\u00fdchto d\u0148och a po\u010das zimy?<\/strong><br \/>\n<em>Ako som u\u017e vy\u0161\u0161ie spom\u00ednala, zima mi v\u00f4bec nevad\u00ed. Jazd\u00edm st\u00e1le, len sa treba lep\u0161ie obliec\u0165. S pr\u00edchodom snehu pomaly odklad\u00e1m bike bokom a venujem sa mojej zimnej srdcovke \u2013 skialpinizmu.<\/em><\/p>\n<p><strong>Ur\u010dite m\u00e1\u0161 obdobia po\u010das roka, ke\u010f si potrebuje\u0161 od bicykla odd\u00fdchnu\u0165, ale napriek tomu m\u00e1\u0161 potrebu sa h\u00fdba\u0165. Ak\u00e9mu \u0161portu d\u00e1\u0161 v tak\u00fdch chv\u00ed\u013each prednos\u0165?<\/strong><br \/>\n<em>Ja som ten typ, ktor\u00fd sa d\u00e1 nahovori\u0165 na \u010doko\u013evek, tak\u017ee, ke\u010f je partia, som za v\u0161etky druhy \u0161portu. Ke\u010f som sama, rada si idem len tak zabeha\u0165.<\/em><\/p>\n<p><strong>Ke\u010f potrebuje\u0161 \u00faplne vypn\u00fa\u0165 od v\u0161etk\u00e9ho, ako relaxuje\u0161? Po\u010d\u00fava\u0161 hudbu, \u010d\u00edta\u0161 knihy, pozrie\u0161 dobr\u00fd film?<\/strong><br \/>\n<em>Presne tak \u2013 po\u010d\u00favam hudbu, \u010d\u00edtam knihy, alebo si pozriem dobr\u00fd film. Rada sa chod\u00edm ven\u010di\u0165, aj s moj\u00edm \u0161tvornoh\u00fdm par\u0165\u00e1kom.<\/em><\/p>\n<p><strong>Preteky boli pod z\u00e1\u0161titou automobilovej zna\u010dky \u0160koda. Je jasn\u00e9, \u017ee miluje\u0161 jazdu na dvoch koles\u00e1ch, ale ned\u00e1 mi sa op\u00fdta\u0165, ak\u00fd je tvoj vz\u0165ah k \u0161tvorkolesov\u00fdm dopravn\u00fdm prostriedkom?<\/strong><br \/>\n<em>V mojom pr\u00edpade plat\u00ed, \u017ee pokia\u013e sa d\u00e1 \u00eds\u0165 bikom alebo pe\u0161o, tak auto ost\u00e1va v gar\u00e1\u017ei. Ale samozrejme, \u017ee aut\u00e1 vedia ve\u013emi u\u013eah\u010di\u0165 \u017eivot, tak\u017ee m\u00e1m k nim sk\u00f4r pozit\u00edvny vz\u0165ah.<\/em><\/p>\n<div data-rows=\"1\" id='gallery-4' class='gallery-rows-1 gallery galleryid-5380 gallery-columns-2 gallery-size-full'><figure class='gallery-item'>\n\t\t\t<div class='gallery-icon landscape'>\n\t\t\t\t<a href='https:\/\/d2p6e6u75xmxt8.cloudfront.net\/4\/2018\/11\/IMG_0694.JPG.webp'><img loading=\"lazy\" decoding=\"async\" width=\"1200\" height=\"800\" src=\"https:\/\/d2p6e6u75xmxt8.cloudfront.net\/4\/2018\/11\/IMG_0694.JPG.webp\" class=\"attachment-full size-full\" alt=\"\" srcset=\"https:\/\/d2p6e6u75xmxt8.cloudfront.net\/4\/2018\/11\/IMG_0694.JPG.webp 1200w, https:\/\/d2p6e6u75xmxt8.cloudfront.net\/4\/2018\/11\/IMG_0694.JPG-300x200.webp 300w, https:\/\/d2p6e6u75xmxt8.cloudfront.net\/4\/2018\/11\/IMG_0694.JPG-1024x683.webp 1024w, https:\/\/d2p6e6u75xmxt8.cloudfront.net\/4\/2018\/11\/IMG_0694.JPG-768x512.webp 768w, https:\/\/d2p6e6u75xmxt8.cloudfront.net\/4\/2018\/11\/IMG_0694.JPG-272x182.webp 272w\" sizes=\"auto, (max-width: 1200px) 100vw, 1200px\" \/><\/a>\n\t\t\t<\/div><\/figure><figure class='gallery-item'>\n\t\t\t<div class='gallery-icon landscape'>\n\t\t\t\t<a href='https:\/\/d2p6e6u75xmxt8.cloudfront.net\/4\/2018\/11\/topolcianky.webp'><img loading=\"lazy\" decoding=\"async\" width=\"1200\" height=\"800\" src=\"https:\/\/d2p6e6u75xmxt8.cloudfront.net\/4\/2018\/11\/topolcianky.webp\" class=\"attachment-full size-full\" alt=\"\" srcset=\"https:\/\/d2p6e6u75xmxt8.cloudfront.net\/4\/2018\/11\/topolcianky.webp 1200w, https:\/\/d2p6e6u75xmxt8.cloudfront.net\/4\/2018\/11\/topolcianky-300x200.webp 300w, https:\/\/d2p6e6u75xmxt8.cloudfront.net\/4\/2018\/11\/topolcianky-1024x683.webp 1024w, https:\/\/d2p6e6u75xmxt8.cloudfront.net\/4\/2018\/11\/topolcianky-768x512.webp 768w, https:\/\/d2p6e6u75xmxt8.cloudfront.net\/4\/2018\/11\/topolcianky-272x182.webp 272w\" sizes=\"auto, (max-width: 1200px) 100vw, 1200px\" \/><\/a>\n\t\t\t<\/div><\/figure>\n\t\t<\/div>\n        \n<p><strong>P\u00e1r slov na z\u00e1ver&#8230;<\/strong><br \/>\n<em>Na z\u00e1ver by som sa chcela po\u010fakova\u0165 mojim rodi\u010dom za motiv\u00e1ciu a podporu, bez nich by to v\u0161etko okolo MTB cyklistiky bolo ove\u013ea \u0165a\u017e\u0161ie. V\u010faka za podporu tie\u017e patr\u00ed m\u00f4jmu klubu \u0160K Slovan Donovaly, Donovalsk\u00e9mu pivovaru, v\u017edy ochotn\u00e9mu servis\u00e1kovi Jankovi Ch. a v\u0161etk\u00fdm okolo, ktor\u00ed so mnou jazdia v\u00fdjazdy alebo jednoducho len dr\u017eia palce. \u010eakujem!<\/em><\/p>\n<p><em><strong>Zuzke \u010fakujeme za rozhovor a \u017eel\u00e1me ve\u013ea \u00faspechov.<\/strong><\/em><\/p>\n","protected":false},"excerpt":{"rendered":"<p>Tento rok m\u00e1me za sebou \u00faspe\u0161n\u00fd piaty ro\u010dn\u00edk s\u00e9rie pretekov horsk\u00fdch bicyklov pod zna\u010dkou \u0160koda. \u0160koda BIKE OPEN TOUR sa [&hellip;]<\/p>\n","protected":false},"author":38,"featured_media":5381,"comment_status":"open","ping_status":"open","sticky":false,"template":"","format":"standard","meta":{"footnotes":""},"categories":[3,33],"tags":[661,180,412,501,542,35,269,659,475,660],"global-categories":[],"class_list":["post-5380","post","type-post","status-publish","format-standard","has-post-thumbnail","hentry","category-mtb","category-sbot","tag-donovaly","tag-horska-cyklistika","tag-mtb","tag-rozhovor","tag-skoda","tag-sbot","tag-vitaz","tag-zenska-cyklistika","tag-zeny","tag-zuzana-paluchova"],"yoast_head":"<!-- This site is optimized with the Yoast SEO Premium plugin v25.3 (Yoast SEO v25.9) - https:\/\/yoast.com\/wordpress\/plugins\/seo\/ -->\n<title>Rozhovor: Zuzana Pal\u00fachov\u00e1 \u2013 v\u00ed\u0165azka \u0160koda BIKE OPEN TOUR - \u0160koda We Love Cycling Slovensko<\/title>\n<meta name=\"robots\" content=\"index, follow, max-snippet:-1, max-image-preview:large, max-video-preview:-1\" \/>\n<link rel=\"canonical\" href=\"https:\/\/www.welovecycling.com\/sk\/2018\/11\/12\/rozhovor-zuzana-paluchova-vitazka-skoda-bike-open-tour\/\" \/>\n<meta property=\"og:locale\" content=\"sk_SK\" \/>\n<meta property=\"og:type\" content=\"article\" \/>\n<meta property=\"og:title\" content=\"Rozhovor: Zuzana Pal\u00fachov\u00e1 \u2013 v\u00ed\u0165azka \u0160koda BIKE OPEN TOUR\" \/>\n<meta property=\"og:description\" content=\"Tento rok m\u00e1me za sebou \u00faspe\u0161n\u00fd piaty ro\u010dn\u00edk s\u00e9rie pretekov horsk\u00fdch bicyklov pod zna\u010dkou \u0160koda. \u0160koda BIKE OPEN TOUR sa [&hellip;]\" \/>\n<meta property=\"og:url\" content=\"https:\/\/www.welovecycling.com\/sk\/2018\/11\/12\/rozhovor-zuzana-paluchova-vitazka-skoda-bike-open-tour\/\" \/>\n<meta property=\"og:site_name\" content=\"\u0160koda We Love Cycling Slovensko\" \/>\n<meta property=\"article:published_time\" content=\"2018-11-12T10:00:50+00:00\" \/>\n<meta property=\"article:modified_time\" content=\"2019-02-13T14:12:34+00:00\" \/>\n<meta property=\"og:image\" content=\"https:\/\/d2p6e6u75xmxt8.cloudfront.net\/4\/2018\/11\/hrabusice.webp\" \/>\n\t<meta property=\"og:image:width\" content=\"1380\" \/>\n\t<meta property=\"og:image:height\" content=\"600\" \/>\n\t<meta property=\"og:image:type\" content=\"image\/webp\" \/>\n<meta name=\"author\" content=\"Ondrej Ga\u0161par\" \/>\n<meta name=\"twitter:card\" content=\"summary_large_image\" \/>\n<meta name=\"twitter:label1\" content=\"Written by\" \/>\n\t<meta name=\"twitter:data1\" content=\"We Love Cycling\" \/>\n\t<meta name=\"twitter:label2\" content=\"Est. reading time\" \/>\n\t<meta name=\"twitter:data2\" content=\"7\" \/>\n<script type=\"application\/ld+json\" class=\"yoast-schema-graph\">{\"@context\":\"https:\/\/schema.org\",\"@graph\":[{\"@type\":\"WebPage\",\"@id\":\"https:\/\/www.welovecycling.com\/sk\/2018\/11\/12\/rozhovor-zuzana-paluchova-vitazka-skoda-bike-open-tour\/\",\"url\":\"https:\/\/www.welovecycling.com\/sk\/2018\/11\/12\/rozhovor-zuzana-paluchova-vitazka-skoda-bike-open-tour\/\",\"name\":\"Rozhovor: Zuzana Pal\u00fachov\u00e1 \u2013 v\u00ed\u0165azka \u0160koda BIKE OPEN TOUR - \u0160koda We Love Cycling Slovensko\",\"isPartOf\":{\"@id\":\"https:\/\/www.welovecycling.com\/sk\/#website\"},\"primaryImageOfPage\":{\"@id\":\"https:\/\/www.welovecycling.com\/sk\/2018\/11\/12\/rozhovor-zuzana-paluchova-vitazka-skoda-bike-open-tour\/#primaryimage\"},\"image\":{\"@id\":\"https:\/\/www.welovecycling.com\/sk\/2018\/11\/12\/rozhovor-zuzana-paluchova-vitazka-skoda-bike-open-tour\/#primaryimage\"},\"thumbnailUrl\":\"https:\/\/d2p6e6u75xmxt8.cloudfront.net\/4\/2018\/11\/hrabusice.webp\",\"datePublished\":\"2018-11-12T10:00:50+00:00\",\"dateModified\":\"2019-02-13T14:12:34+00:00\",\"author\":{\"@id\":\"https:\/\/www.welovecycling.com\/sk\/#\/schema\/person\/8ee09ba39b7e25b1870160aa5b3a89bc\"},\"breadcrumb\":{\"@id\":\"https:\/\/www.welovecycling.com\/sk\/2018\/11\/12\/rozhovor-zuzana-paluchova-vitazka-skoda-bike-open-tour\/#breadcrumb\"},\"inLanguage\":\"sk-SK\",\"potentialAction\":[{\"@type\":\"ReadAction\",\"target\":[\"https:\/\/www.welovecycling.com\/sk\/2018\/11\/12\/rozhovor-zuzana-paluchova-vitazka-skoda-bike-open-tour\/\"]}]},{\"@type\":\"ImageObject\",\"inLanguage\":\"sk-SK\",\"@id\":\"https:\/\/www.welovecycling.com\/sk\/2018\/11\/12\/rozhovor-zuzana-paluchova-vitazka-skoda-bike-open-tour\/#primaryimage\",\"url\":\"https:\/\/d2p6e6u75xmxt8.cloudfront.net\/4\/2018\/11\/hrabusice.webp\",\"contentUrl\":\"https:\/\/d2p6e6u75xmxt8.cloudfront.net\/4\/2018\/11\/hrabusice.webp\",\"width\":1380,\"height\":600},{\"@type\":\"BreadcrumbList\",\"@id\":\"https:\/\/www.welovecycling.com\/sk\/2018\/11\/12\/rozhovor-zuzana-paluchova-vitazka-skoda-bike-open-tour\/#breadcrumb\",\"itemListElement\":[{\"@type\":\"ListItem\",\"position\":1,\"name\":\"Home\",\"item\":\"https:\/\/www.welovecycling.com\/sk\/\"},{\"@type\":\"ListItem\",\"position\":2,\"name\":\"Rozhovor: Zuzana Pal\u00fachov\u00e1 \u2013 v\u00ed\u0165azka \u0160koda BIKE OPEN TOUR\"}]},{\"@type\":\"WebSite\",\"@id\":\"https:\/\/www.welovecycling.com\/sk\/#website\",\"url\":\"https:\/\/www.welovecycling.com\/sk\/\",\"name\":\"\u0160koda We Love Cycling Slovensko\",\"description\":\"\u0160koda We Love Cycling Slovensko je v\u00e1\u0161 ka\u017edodenn\u00fd zdroj noviniek a in\u0161pir\u00e1cie z sveta cyklistiky\",\"potentialAction\":[{\"@type\":\"SearchAction\",\"target\":{\"@type\":\"EntryPoint\",\"urlTemplate\":\"https:\/\/www.welovecycling.com\/sk\/?s={search_term_string}\"},\"query-input\":{\"@type\":\"PropertyValueSpecification\",\"valueRequired\":true,\"valueName\":\"search_term_string\"}}],\"inLanguage\":\"sk-SK\"},{\"@type\":\"Person\",\"@id\":\"https:\/\/www.welovecycling.com\/sk\/#\/schema\/person\/8ee09ba39b7e25b1870160aa5b3a89bc\",\"name\":\"Ondrej Ga\u0161par\",\"image\":{\"@type\":\"ImageObject\",\"inLanguage\":\"sk-SK\",\"@id\":\"https:\/\/www.welovecycling.com\/sk\/#\/schema\/person\/image\/\",\"url\":\"https:\/\/secure.gravatar.com\/avatar\/6126c9afb87b70da5abbb083ddbb21933da15f18f8ca7cb822aba0fb096a48f6?s=96&d=mm&r=g\",\"contentUrl\":\"https:\/\/secure.gravatar.com\/avatar\/6126c9afb87b70da5abbb083ddbb21933da15f18f8ca7cb822aba0fb096a48f6?s=96&d=mm&r=g\",\"caption\":\"Ondrej Ga\u0161par\"},\"url\":\"https:\/\/www.welovecycling.com\/sk\/author\/ondrejgaspar\/\"}]}<\/script>\n<!-- \/ Yoast SEO Premium plugin. -->","yoast_head_json":{"title":"Rozhovor: Zuzana Pal\u00fachov\u00e1 \u2013 v\u00ed\u0165azka \u0160koda BIKE OPEN TOUR - \u0160koda We Love Cycling Slovensko","robots":{"index":"index","follow":"follow","max-snippet":"max-snippet:-1","max-image-preview":"max-image-preview:large","max-video-preview":"max-video-preview:-1"},"canonical":"https:\/\/www.welovecycling.com\/sk\/2018\/11\/12\/rozhovor-zuzana-paluchova-vitazka-skoda-bike-open-tour\/","og_locale":"sk_SK","og_type":"article","og_title":"Rozhovor: Zuzana Pal\u00fachov\u00e1 \u2013 v\u00ed\u0165azka \u0160koda BIKE OPEN TOUR","og_description":"Tento rok m\u00e1me za sebou \u00faspe\u0161n\u00fd piaty ro\u010dn\u00edk s\u00e9rie pretekov horsk\u00fdch bicyklov pod zna\u010dkou \u0160koda. \u0160koda BIKE OPEN TOUR sa [&hellip;]","og_url":"https:\/\/www.welovecycling.com\/sk\/2018\/11\/12\/rozhovor-zuzana-paluchova-vitazka-skoda-bike-open-tour\/","og_site_name":"\u0160koda We Love Cycling Slovensko","article_published_time":"2018-11-12T10:00:50+00:00","article_modified_time":"2019-02-13T14:12:34+00:00","og_image":[{"width":1380,"height":600,"url":"https:\/\/d2p6e6u75xmxt8.cloudfront.net\/4\/2018\/11\/hrabusice.webp","type":"image\/webp"}],"author":"Ondrej Ga\u0161par","twitter_card":"summary_large_image","twitter_misc":{"Written by":"We Love Cycling","Est. reading time":"7"},"schema":{"@context":"https:\/\/schema.org","@graph":[{"@type":"WebPage","@id":"https:\/\/www.welovecycling.com\/sk\/2018\/11\/12\/rozhovor-zuzana-paluchova-vitazka-skoda-bike-open-tour\/","url":"https:\/\/www.welovecycling.com\/sk\/2018\/11\/12\/rozhovor-zuzana-paluchova-vitazka-skoda-bike-open-tour\/","name":"Rozhovor: Zuzana Pal\u00fachov\u00e1 \u2013 v\u00ed\u0165azka \u0160koda BIKE OPEN TOUR - \u0160koda We Love Cycling Slovensko","isPartOf":{"@id":"https:\/\/www.welovecycling.com\/sk\/#website"},"primaryImageOfPage":{"@id":"https:\/\/www.welovecycling.com\/sk\/2018\/11\/12\/rozhovor-zuzana-paluchova-vitazka-skoda-bike-open-tour\/#primaryimage"},"image":{"@id":"https:\/\/www.welovecycling.com\/sk\/2018\/11\/12\/rozhovor-zuzana-paluchova-vitazka-skoda-bike-open-tour\/#primaryimage"},"thumbnailUrl":"https:\/\/d2p6e6u75xmxt8.cloudfront.net\/4\/2018\/11\/hrabusice.webp","datePublished":"2018-11-12T10:00:50+00:00","dateModified":"2019-02-13T14:12:34+00:00","author":{"@id":"https:\/\/www.welovecycling.com\/sk\/#\/schema\/person\/8ee09ba39b7e25b1870160aa5b3a89bc"},"breadcrumb":{"@id":"https:\/\/www.welovecycling.com\/sk\/2018\/11\/12\/rozhovor-zuzana-paluchova-vitazka-skoda-bike-open-tour\/#breadcrumb"},"inLanguage":"sk-SK","potentialAction":[{"@type":"ReadAction","target":["https:\/\/www.welovecycling.com\/sk\/2018\/11\/12\/rozhovor-zuzana-paluchova-vitazka-skoda-bike-open-tour\/"]}]},{"@type":"ImageObject","inLanguage":"sk-SK","@id":"https:\/\/www.welovecycling.com\/sk\/2018\/11\/12\/rozhovor-zuzana-paluchova-vitazka-skoda-bike-open-tour\/#primaryimage","url":"https:\/\/d2p6e6u75xmxt8.cloudfront.net\/4\/2018\/11\/hrabusice.webp","contentUrl":"https:\/\/d2p6e6u75xmxt8.cloudfront.net\/4\/2018\/11\/hrabusice.webp","width":1380,"height":600},{"@type":"BreadcrumbList","@id":"https:\/\/www.welovecycling.com\/sk\/2018\/11\/12\/rozhovor-zuzana-paluchova-vitazka-skoda-bike-open-tour\/#breadcrumb","itemListElement":[{"@type":"ListItem","position":1,"name":"Home","item":"https:\/\/www.welovecycling.com\/sk\/"},{"@type":"ListItem","position":2,"name":"Rozhovor: Zuzana Pal\u00fachov\u00e1 \u2013 v\u00ed\u0165azka \u0160koda BIKE OPEN TOUR"}]},{"@type":"WebSite","@id":"https:\/\/www.welovecycling.com\/sk\/#website","url":"https:\/\/www.welovecycling.com\/sk\/","name":"\u0160koda We Love Cycling Slovensko","description":"\u0160koda We Love Cycling Slovensko je v\u00e1\u0161 ka\u017edodenn\u00fd zdroj noviniek a in\u0161pir\u00e1cie z sveta cyklistiky","potentialAction":[{"@type":"SearchAction","target":{"@type":"EntryPoint","urlTemplate":"https:\/\/www.welovecycling.com\/sk\/?s={search_term_string}"},"query-input":{"@type":"PropertyValueSpecification","valueRequired":true,"valueName":"search_term_string"}}],"inLanguage":"sk-SK"},{"@type":"Person","@id":"https:\/\/www.welovecycling.com\/sk\/#\/schema\/person\/8ee09ba39b7e25b1870160aa5b3a89bc","name":"Ondrej Ga\u0161par","image":{"@type":"ImageObject","inLanguage":"sk-SK","@id":"https:\/\/www.welovecycling.com\/sk\/#\/schema\/person\/image\/","url":"https:\/\/secure.gravatar.com\/avatar\/6126c9afb87b70da5abbb083ddbb21933da15f18f8ca7cb822aba0fb096a48f6?s=96&d=mm&r=g","contentUrl":"https:\/\/secure.gravatar.com\/avatar\/6126c9afb87b70da5abbb083ddbb21933da15f18f8ca7cb822aba0fb096a48f6?s=96&d=mm&r=g","caption":"Ondrej Ga\u0161par"},"url":"https:\/\/www.welovecycling.com\/sk\/author\/ondrejgaspar\/"}]}},"_links":{"self":[{"href":"https:\/\/www.welovecycling.com\/sk\/wp-json\/wp\/v2\/posts\/5380","targetHints":{"allow":["GET"]}}],"collection":[{"href":"https:\/\/www.welovecycling.com\/sk\/wp-json\/wp\/v2\/posts"}],"about":[{"href":"https:\/\/www.welovecycling.com\/sk\/wp-json\/wp\/v2\/types\/post"}],"author":[{"embeddable":true,"href":"https:\/\/www.welovecycling.com\/sk\/wp-json\/wp\/v2\/users\/38"}],"replies":[{"embeddable":true,"href":"https:\/\/www.welovecycling.com\/sk\/wp-json\/wp\/v2\/comments?post=5380"}],"version-history":[{"count":2,"href":"https:\/\/www.welovecycling.com\/sk\/wp-json\/wp\/v2\/posts\/5380\/revisions"}],"predecessor-version":[{"id":5448,"href":"https:\/\/www.welovecycling.com\/sk\/wp-json\/wp\/v2\/posts\/5380\/revisions\/5448"}],"wp:featuredmedia":[{"embeddable":true,"href":"https:\/\/www.welovecycling.com\/sk\/wp-json\/wp\/v2\/media\/5381"}],"wp:attachment":[{"href":"https:\/\/www.welovecycling.com\/sk\/wp-json\/wp\/v2\/media?parent=5380"}],"wp:term":[{"taxonomy":"category","embeddable":true,"href":"https:\/\/www.welovecycling.com\/sk\/wp-json\/wp\/v2\/categories?post=5380"},{"taxonomy":"post_tag","embeddable":true,"href":"https:\/\/www.welovecycling.com\/sk\/wp-json\/wp\/v2\/tags?post=5380"},{"taxonomy":"global-categories","embeddable":true,"href":"https:\/\/www.welovecycling.com\/sk\/wp-json\/wp\/v2\/global-categories?post=5380"}],"curies":[{"name":"wp","href":"https:\/\/api.w.org\/{rel}","templated":true}]}}